{"id":26668,"date":"2025-06-23T12:16:00","date_gmt":"2025-06-23T15:16:00","guid":{"rendered":"https:\/\/www.diariodepe.com.br\/xinhua\/?p=26668"},"modified":"2025-06-23T15:17:36","modified_gmt":"2025-06-23T18:17:36","slug":"chefe-da-idf-elogia-inovacao-em-laticinios-da-china-e-pede-maior-colaboracao-entre-china-e-europa","status":"publish","type":"post","link":"https:\/\/diariodepe.com.br\/xinhua\/2025\/06\/23\/chefe-da-idf-elogia-inovacao-em-laticinios-da-china-e-pede-maior-colaboracao-entre-china-e-europa\/","title":{"rendered":"Chefe da IDF elogia inova\u00e7\u00e3o em latic\u00ednios da China e pede maior colabora\u00e7\u00e3o entre China e Europa"},"content":{"rendered":"\n<p>Amsterd\u00e3 &#8211; Laurence Rycken, diretora-geral da Federa\u00e7\u00e3o Internacional de Latic\u00ednios (IDF, na sigla em ingl\u00eas), elogiou o progresso da China em inova\u00e7\u00e3o em latic\u00ednios e pesquisa cient\u00edfica, destacando a complementaridade e o forte potencial para uma colabora\u00e7\u00e3o maior entre as ind\u00fastrias de latic\u00ednios chinesa e europeia.<\/p>\n\n\n\n<p>Em entrevista \u00e0 Xinhua no 18\u00ba Congresso Global de Latic\u00ednios, encerrado na quinta-feira, Rycken destacou a crescente demanda da China por latic\u00ednios e seus pontos fortes em automa\u00e7\u00e3o e manufatura inteligente, \u00e1reas que complementam o conhecimento tradicional da Europa na produ\u00e7\u00e3o de latic\u00ednios.<\/p>\n\n\n\n<p>Ela tamb\u00e9m enfatizou o potencial para uma colabora\u00e7\u00e3o mais forte entre a China e os mercados tradicionais de latic\u00ednios na Europa.<\/p>\n\n\n\n<p>Ressaltando a import\u00e2ncia dos latic\u00ednios em todas as fases da vida, principalmente em sociedades em envelhecimento, onde a nutri\u00e7\u00e3o tem papel central na sa\u00fade a longo prazo, ela afirmou que a China, com sua grande popula\u00e7\u00e3o cada vez mais preocupada com a sa\u00fade, representa um mercado em grande crescimento.<\/p>\n\n\n\n<figure class=\"wp-block-image\"><img decoding=\"async\" src=\"https:\/\/portuguese.news.cn\/20250623\/196dc1885e8b4dae9334833f33528995\/20250623196dc1885e8b4dae9334833f33528995_202506238a3973341be84eae81a3c2680d4b43b4.jpeg\" alt=\"\"\/><\/figure>\n\n\n\n<p>Foto tirada em 18 de junho de 2025 mostra diferentes categorias do Pr\u00eamio Mundial de Inova\u00e7\u00e3o em Latic\u00ednios, conquistado pelo Yili Group da China no 18\u00ba Congresso Global de Latic\u00ednios em Amsterd\u00e3, Holanda. (Xinhua\/Zhao Dingzhe)<\/p>\n\n\n\n<p>&#8220;Acredito que essa seja a maior oportunidade que se avizinha para os mercados globais de latic\u00ednios, onde esses diferentes mercados re\u00fanem seus pr\u00f3prios conhecimentos&#8221;, disse ela.<\/p>\n\n\n\n<p>Rycken explicou que cada mercado traz pontos fortes \u00fanicos. Enquanto a Europa tem tradi\u00e7\u00f5es l\u00e1cteas muito enraizadas, como produtos fermentados e queijos, a China tem feito r\u00e1pidos avan\u00e7os em inova\u00e7\u00e3o e tecnologia.<\/p>\n\n\n\n<p>Fundada em 1903, a IDF \u00e9 uma organiza\u00e7\u00e3o internacional l\u00edder no setor de latic\u00ednios, representando 40 pa\u00edses-membros, cuja produ\u00e7\u00e3o coletiva de leite representa dois ter\u00e7os do total global. A IDF tem papel fundamental na defini\u00e7\u00e3o de padr\u00f5es internacionais para o setor de latic\u00ednios e na promo\u00e7\u00e3o da colabora\u00e7\u00e3o cient\u00edfica.<\/p>\n\n\n\n<p>Rycken enfatizou o compromisso da IDF em unificar os padr\u00f5es globais e promover a seguran\u00e7a alimentar e a sustentabilidade ambiental em toda a cadeia de suprimentos de latic\u00ednios.<\/p>\n\n\n\n<p>&#8220;Nossa federa\u00e7\u00e3o se dedica \u00e0 ci\u00eancia e ao desenvolvimento de padr\u00f5es&#8221;, disse ela.<\/p>\n\n\n\n<p>Refletindo sobre sua primeira visita \u00e0 China, em maio, para a Exposi\u00e7\u00e3o de Tecnologia de Latic\u00ednios da China 2025 em Nanquim, capital da prov\u00edncia de Jiangsu, no leste da China, Rycken mostrou admira\u00e7\u00e3o pelo ecossistema de inova\u00e7\u00e3o do pa\u00eds.<\/p>\n\n\n\n<p>Ela est\u00e1 &#8220;fascinada&#8221; em ver como as empresas chinesas estavam alavancando a tecnologia para melhorar a acessibilidade aos produtos e diversificar os cen\u00e1rios de consumo de latic\u00ednios, de bebidas engarrafadas a ch\u00e1s com leite.<\/p>\n\n\n\n<figure class=\"wp-block-image\"><img decoding=\"async\" src=\"https:\/\/portuguese.news.cn\/20250623\/196dc1885e8b4dae9334833f33528995\/20250623196dc1885e8b4dae9334833f33528995_20250623c7948eb544b54a09b56c050a9233f521.jpeg\" alt=\"\"\/><\/figure>\n\n\n\n<p>Foto de arquivo sem data mostra Vale da Sa\u00fade Inteligente Moderno da Yili, no Tumd Left Banner, em Hohhot, Regi\u00e3o Aut\u00f4noma da Mong\u00f3lia Interior, no norte da China. (Xinhua)<\/p>\n\n\n\n<p>No Congresso Global de Latic\u00ednios, empresas chinesas, incluindo o Grupo Yili, venceram diferentes categorias do Pr\u00eamio Mundial de Inova\u00e7\u00e3o em Latic\u00ednios. A Yili, em particular, recebeu pr\u00eamios pelo sexto ano consecutivo e tem mais pr\u00eamios do que outras empresas chinesas.<\/p>\n\n\n\n<p>A Yili \u00e9 &#8220;um exemplo de como elementos podem ser implementados&#8221;, integrando fatores ambientais, sociais e econ\u00f4micos em uma estrat\u00e9gia abrangente de sustentabilidade, disse Rycken. Seu &#8220;roteiro para a sustentabilidade&#8221; reflete essa abordagem hol\u00edstica.<\/p>\n\n\n\n<p>Em abril, a IDF organizou uma visita de campo ao Vale da Sa\u00fade da Yili e ao Centro Nacional de Inova\u00e7\u00e3o em Tecnologia de Latic\u00ednios em Hohhot, capital da Regi\u00e3o Aut\u00f4noma da Mong\u00f3lia Interior da China.<\/p>\n\n\n\n<p>Rycken disse que os representantes dos membros ficaram impressionados com o amplo uso de rob\u00f3tica e IA em todos os processos de produ\u00e7\u00e3o de latic\u00ednios da Yili.<\/p>\n\n\n\n<p>Visando o futuro, Rycken v\u00ea um amplo potencial para a expans\u00e3o da coopera\u00e7\u00e3o entre a IDF e a China, principalmente em tr\u00eas \u00e1reas principais: desenvolvimento de latic\u00ednios verdes e sustent\u00e1veis, nutri\u00e7\u00e3o e sa\u00fade, e desenvolvimento de talentos.<\/p>\n\n\n\n<figure class=\"wp-block-image\"><img decoding=\"async\" src=\"https:\/\/portuguese.news.cn\/20250623\/196dc1885e8b4dae9334833f33528995\/20250623196dc1885e8b4dae9334833f33528995_202506233024ee9d61e54995ba22a5547183a9a0.jpeg\" alt=\"\"\/><\/figure>\n\n\n\n<p>Funcion\u00e1rios trabalham no Centro de Inova\u00e7\u00e3o Europeu do Grupo Yili da China, na Universidade de Wageningen, em Wageningen, Holanda, no dia 19 de junho de 2025. (Xinhua\/Zhao Dingzhe)<\/p>\n\n\n\n<p>\u00c9 essencial que trabalhemos juntos para atrair e treinar a pr\u00f3xima gera\u00e7\u00e3o de profissionais da ci\u00eancia do leite neste &#8220;setor vibrante, muito atraente e com muito potencial&#8221;, disse ela.<\/p>\n","protected":false},"excerpt":{"rendered":"<p>Amsterd\u00e3 &#8211; Laurence Rycken, diretora-geral da Federa\u00e7\u00e3o Internacional de Latic\u00ednios (IDF, na sigla em ingl\u00eas), elogiou o progresso da China em inova\u00e7\u00e3o em latic\u00ednios e pesquisa cient\u00edfica, destacando a complementaridade e o forte potencial para uma colabora\u00e7\u00e3o maior entre as&#8230;<\/p>\n","protected":false},"author":3,"featured_media":26669,"comment_status":"open","ping_status":"open","sticky":false,"template":"","format":"standard","meta":{"footnotes":""},"categories":[4],"tags":[],"class_list":["post-26668","post","type-post","status-publish","format-standard","has-post-thumbnail","hentry","category-internacional"],"yoast_head":"<!-- This site is optimized with the Yoast SEO plugin v27.4 - https:\/\/yoast.com\/product\/yoast-seo-wordpress\/ -->\n<title>Chefe da IDF elogia inova\u00e7\u00e3o em latic\u00ednios da China e pede maior colabora\u00e7\u00e3o entre China e Europa - Xinhua - Diario de Pernambuco<\/title>\n<meta name=\"robots\" content=\"index, follow, max-snippet:-1, max-image-preview:large, max-video-preview:-1\" \/>\n<link rel=\"canonical\" href=\"https:\/\/diariodepe.com.br\/xinhua\/2025\/06\/23\/chefe-da-idf-elogia-inovacao-em-laticinios-da-china-e-pede-maior-colaboracao-entre-china-e-europa\/\" \/>\n<meta property=\"og:locale\" content=\"pt_BR\" \/>\n<meta property=\"og:type\" content=\"article\" \/>\n<meta property=\"og:title\" content=\"Chefe da IDF elogia inova\u00e7\u00e3o em latic\u00ednios da China e pede maior colabora\u00e7\u00e3o entre China e Europa - Xinhua - Diario de Pernambuco\" \/>\n<meta property=\"og:description\" content=\"Amsterd\u00e3 &#8211; Laurence Rycken, diretora-geral da Federa\u00e7\u00e3o Internacional de Latic\u00ednios (IDF, na sigla em ingl\u00eas), elogiou o progresso da China em inova\u00e7\u00e3o em latic\u00ednios e pesquisa cient\u00edfica, destacando a complementaridade e o forte potencial para uma colabora\u00e7\u00e3o maior entre as...\" \/>\n<meta property=\"og:url\" content=\"https:\/\/diariodepe.com.br\/xinhua\/2025\/06\/23\/chefe-da-idf-elogia-inovacao-em-laticinios-da-china-e-pede-maior-colaboracao-entre-china-e-europa\/\" \/>\n<meta property=\"og:site_name\" content=\"Xinhua - Diario de Pernambuco\" \/>\n<meta property=\"article:published_time\" content=\"2025-06-23T15:16:00+00:00\" \/>\n<meta property=\"article:modified_time\" content=\"2025-06-23T18:17:36+00:00\" \/>\n<meta property=\"og:image\" content=\"https:\/\/diariodepe.com.br\/xinhua\/wp-content\/uploads\/sites\/3\/2025\/06\/20250623196dc1885e8b4dae9334833f33528995_20250623516b3b79ba3f4bb9a117ce6d14c53319.jpeg\" \/>\n\t<meta property=\"og:image:width\" content=\"900\" \/>\n\t<meta property=\"og:image:height\" content=\"600\" \/>\n\t<meta property=\"og:image:type\" content=\"image\/jpeg\" \/>\n<meta name=\"author\" content=\"Marcelo Oliveira de A. Maranhao\" \/>\n<meta name=\"twitter:card\" content=\"summary_large_image\" \/>\n<meta name=\"twitter:label1\" content=\"Escrito por\" \/>\n\t<meta name=\"twitter:data1\" content=\"Marcelo Oliveira de A. Maranhao\" \/>\n\t<meta name=\"twitter:label2\" content=\"Est. tempo de leitura\" \/>\n\t<meta name=\"twitter:data2\" content=\"5 minutos\" \/>\n<script type=\"application\/ld+json\" class=\"yoast-schema-graph\">{\"@context\":\"https:\\\/\\\/schema.org\",\"@graph\":[{\"@type\":\"Article\",\"@id\":\"https:\\\/\\\/diariodepe.com.br\\\/xinhua\\\/2025\\\/06\\\/23\\\/chefe-da-idf-elogia-inovacao-em-laticinios-da-china-e-pede-maior-colaboracao-entre-china-e-europa\\\/#article\",\"isPartOf\":{\"@id\":\"https:\\\/\\\/diariodepe.com.br\\\/xinhua\\\/2025\\\/06\\\/23\\\/chefe-da-idf-elogia-inovacao-em-laticinios-da-china-e-pede-maior-colaboracao-entre-china-e-europa\\\/\"},\"author\":{\"name\":\"Marcelo Oliveira de A. Maranhao\",\"@id\":\"https:\\\/\\\/diariodepe.com.br\\\/xinhua\\\/#\\\/schema\\\/person\\\/0943d6fd02bdc7b49c8f495e8787a2cb\"},\"headline\":\"Chefe da IDF elogia inova\u00e7\u00e3o em latic\u00ednios da China e pede maior colabora\u00e7\u00e3o entre China e Europa\",\"datePublished\":\"2025-06-23T15:16:00+00:00\",\"dateModified\":\"2025-06-23T18:17:36+00:00\",\"mainEntityOfPage\":{\"@id\":\"https:\\\/\\\/diariodepe.com.br\\\/xinhua\\\/2025\\\/06\\\/23\\\/chefe-da-idf-elogia-inovacao-em-laticinios-da-china-e-pede-maior-colaboracao-entre-china-e-europa\\\/\"},\"wordCount\":778,\"commentCount\":0,\"publisher\":{\"@id\":\"https:\\\/\\\/diariodepe.com.br\\\/xinhua\\\/#organization\"},\"image\":{\"@id\":\"https:\\\/\\\/diariodepe.com.br\\\/xinhua\\\/2025\\\/06\\\/23\\\/chefe-da-idf-elogia-inovacao-em-laticinios-da-china-e-pede-maior-colaboracao-entre-china-e-europa\\\/#primaryimage\"},\"thumbnailUrl\":\"https:\\\/\\\/diariodepe.com.br\\\/xinhua\\\/wp-content\\\/uploads\\\/sites\\\/3\\\/2025\\\/06\\\/20250623196dc1885e8b4dae9334833f33528995_20250623516b3b79ba3f4bb9a117ce6d14c53319.jpeg\",\"articleSection\":[\"Internacional\"],\"inLanguage\":\"pt-BR\",\"potentialAction\":[{\"@type\":\"CommentAction\",\"name\":\"Comment\",\"target\":[\"https:\\\/\\\/diariodepe.com.br\\\/xinhua\\\/2025\\\/06\\\/23\\\/chefe-da-idf-elogia-inovacao-em-laticinios-da-china-e-pede-maior-colaboracao-entre-china-e-europa\\\/#respond\"]}]},{\"@type\":\"WebPage\",\"@id\":\"https:\\\/\\\/diariodepe.com.br\\\/xinhua\\\/2025\\\/06\\\/23\\\/chefe-da-idf-elogia-inovacao-em-laticinios-da-china-e-pede-maior-colaboracao-entre-china-e-europa\\\/\",\"url\":\"https:\\\/\\\/diariodepe.com.br\\\/xinhua\\\/2025\\\/06\\\/23\\\/chefe-da-idf-elogia-inovacao-em-laticinios-da-china-e-pede-maior-colaboracao-entre-china-e-europa\\\/\",\"name\":\"Chefe da IDF elogia inova\u00e7\u00e3o em latic\u00ednios da China e pede maior colabora\u00e7\u00e3o entre China e Europa - Xinhua - Diario de Pernambuco\",\"isPartOf\":{\"@id\":\"https:\\\/\\\/diariodepe.com.br\\\/xinhua\\\/#website\"},\"primaryImageOfPage\":{\"@id\":\"https:\\\/\\\/diariodepe.com.br\\\/xinhua\\\/2025\\\/06\\\/23\\\/chefe-da-idf-elogia-inovacao-em-laticinios-da-china-e-pede-maior-colaboracao-entre-china-e-europa\\\/#primaryimage\"},\"image\":{\"@id\":\"https:\\\/\\\/diariodepe.com.br\\\/xinhua\\\/2025\\\/06\\\/23\\\/chefe-da-idf-elogia-inovacao-em-laticinios-da-china-e-pede-maior-colaboracao-entre-china-e-europa\\\/#primaryimage\"},\"thumbnailUrl\":\"https:\\\/\\\/diariodepe.com.br\\\/xinhua\\\/wp-content\\\/uploads\\\/sites\\\/3\\\/2025\\\/06\\\/20250623196dc1885e8b4dae9334833f33528995_20250623516b3b79ba3f4bb9a117ce6d14c53319.jpeg\",\"datePublished\":\"2025-06-23T15:16:00+00:00\",\"dateModified\":\"2025-06-23T18:17:36+00:00\",\"breadcrumb\":{\"@id\":\"https:\\\/\\\/diariodepe.com.br\\\/xinhua\\\/2025\\\/06\\\/23\\\/chefe-da-idf-elogia-inovacao-em-laticinios-da-china-e-pede-maior-colaboracao-entre-china-e-europa\\\/#breadcrumb\"},\"inLanguage\":\"pt-BR\",\"potentialAction\":[{\"@type\":\"ReadAction\",\"target\":[\"https:\\\/\\\/diariodepe.com.br\\\/xinhua\\\/2025\\\/06\\\/23\\\/chefe-da-idf-elogia-inovacao-em-laticinios-da-china-e-pede-maior-colaboracao-entre-china-e-europa\\\/\"]}]},{\"@type\":\"ImageObject\",\"inLanguage\":\"pt-BR\",\"@id\":\"https:\\\/\\\/diariodepe.com.br\\\/xinhua\\\/2025\\\/06\\\/23\\\/chefe-da-idf-elogia-inovacao-em-laticinios-da-china-e-pede-maior-colaboracao-entre-china-e-europa\\\/#primaryimage\",\"url\":\"https:\\\/\\\/diariodepe.com.br\\\/xinhua\\\/wp-content\\\/uploads\\\/sites\\\/3\\\/2025\\\/06\\\/20250623196dc1885e8b4dae9334833f33528995_20250623516b3b79ba3f4bb9a117ce6d14c53319.jpeg\",\"contentUrl\":\"https:\\\/\\\/diariodepe.com.br\\\/xinhua\\\/wp-content\\\/uploads\\\/sites\\\/3\\\/2025\\\/06\\\/20250623196dc1885e8b4dae9334833f33528995_20250623516b3b79ba3f4bb9a117ce6d14c53319.jpeg\",\"width\":900,\"height\":600,\"caption\":\"(250621) -- AMSTERDAM, June 21, 2025 (Xinhua) -- This photo taken on June 18, 2025 shows a scene during the 18th Global Dairy Congress in Amsterdam, the Netherlands. Laurence Rycken, director general of the International Dairy Federation (IDF), has praised China's progress in dairy innovation and scientific research, highlighting the complementarity and strong potential for deeper collaboration between the Chinese and European diary industries. TO GO WITH \\\"Interview: IDF chief hails China's dairy innovation, calls for deeper China-Europe collaboration\\\" (Xinhua\\\/Zhao Dingzhe)\"},{\"@type\":\"BreadcrumbList\",\"@id\":\"https:\\\/\\\/diariodepe.com.br\\\/xinhua\\\/2025\\\/06\\\/23\\\/chefe-da-idf-elogia-inovacao-em-laticinios-da-china-e-pede-maior-colaboracao-entre-china-e-europa\\\/#breadcrumb\",\"itemListElement\":[{\"@type\":\"ListItem\",\"position\":1,\"name\":\"In\u00edcio\",\"item\":\"https:\\\/\\\/diariodepe.com.br\\\/xinhua\\\/\"},{\"@type\":\"ListItem\",\"position\":2,\"name\":\"Chefe da IDF elogia inova\u00e7\u00e3o em latic\u00ednios da China e pede maior colabora\u00e7\u00e3o entre China e Europa\"}]},{\"@type\":\"WebSite\",\"@id\":\"https:\\\/\\\/diariodepe.com.br\\\/xinhua\\\/#website\",\"url\":\"https:\\\/\\\/diariodepe.com.br\\\/xinhua\\\/\",\"name\":\"Xinhua - Diario de Pernambuco\",\"description\":\"A maior ag\u00eancia de not\u00edcias da China e um dos principais canais para conhecer o pa\u00eds\",\"publisher\":{\"@id\":\"https:\\\/\\\/diariodepe.com.br\\\/xinhua\\\/#organization\"},\"potentialAction\":[{\"@type\":\"SearchAction\",\"target\":{\"@type\":\"EntryPoint\",\"urlTemplate\":\"https:\\\/\\\/diariodepe.com.br\\\/xinhua\\\/?s={search_term_string}\"},\"query-input\":{\"@type\":\"PropertyValueSpecification\",\"valueRequired\":true,\"valueName\":\"search_term_string\"}}],\"inLanguage\":\"pt-BR\"},{\"@type\":\"Organization\",\"@id\":\"https:\\\/\\\/diariodepe.com.br\\\/xinhua\\\/#organization\",\"name\":\"Xinhua - Diario de Pernambuco\",\"url\":\"https:\\\/\\\/diariodepe.com.br\\\/xinhua\\\/\",\"logo\":{\"@type\":\"ImageObject\",\"inLanguage\":\"pt-BR\",\"@id\":\"https:\\\/\\\/diariodepe.com.br\\\/xinhua\\\/#\\\/schema\\\/logo\\\/image\\\/\",\"url\":\"https:\\\/\\\/diariodepe.com.br\\\/xinhua\\\/wp-content\\\/uploads\\\/sites\\\/3\\\/2020\\\/10\\\/cropped-logo-transparente-2.png\",\"contentUrl\":\"https:\\\/\\\/diariodepe.com.br\\\/xinhua\\\/wp-content\\\/uploads\\\/sites\\\/3\\\/2020\\\/10\\\/cropped-logo-transparente-2.png\",\"width\":512,\"height\":164,\"caption\":\"Xinhua - Diario de Pernambuco\"},\"image\":{\"@id\":\"https:\\\/\\\/diariodepe.com.br\\\/xinhua\\\/#\\\/schema\\\/logo\\\/image\\\/\"}},{\"@type\":\"Person\",\"@id\":\"https:\\\/\\\/diariodepe.com.br\\\/xinhua\\\/#\\\/schema\\\/person\\\/0943d6fd02bdc7b49c8f495e8787a2cb\",\"name\":\"Marcelo Oliveira de A. Maranhao\",\"image\":{\"@type\":\"ImageObject\",\"inLanguage\":\"pt-BR\",\"@id\":\"https:\\\/\\\/secure.gravatar.com\\\/avatar\\\/f562caee940d39879c20e90eea3e4b21860c7d4c96684c23141c554824f0059c?s=96&d=mm&r=g\",\"url\":\"https:\\\/\\\/secure.gravatar.com\\\/avatar\\\/f562caee940d39879c20e90eea3e4b21860c7d4c96684c23141c554824f0059c?s=96&d=mm&r=g\",\"contentUrl\":\"https:\\\/\\\/secure.gravatar.com\\\/avatar\\\/f562caee940d39879c20e90eea3e4b21860c7d4c96684c23141c554824f0059c?s=96&d=mm&r=g\",\"caption\":\"Marcelo Oliveira de A. Maranhao\"},\"url\":\"https:\\\/\\\/diariodepe.com.br\\\/xinhua\\\/author\\\/marcelo-maranhao\\\/\"}]}<\/script>\n<!-- \/ Yoast SEO plugin. -->","yoast_head_json":{"title":"Chefe da IDF elogia inova\u00e7\u00e3o em latic\u00ednios da China e pede maior colabora\u00e7\u00e3o entre China e Europa - Xinhua - Diario de Pernambuco","robots":{"index":"index","follow":"follow","max-snippet":"max-snippet:-1","max-image-preview":"max-image-preview:large","max-video-preview":"max-video-preview:-1"},"canonical":"https:\/\/diariodepe.com.br\/xinhua\/2025\/06\/23\/chefe-da-idf-elogia-inovacao-em-laticinios-da-china-e-pede-maior-colaboracao-entre-china-e-europa\/","og_locale":"pt_BR","og_type":"article","og_title":"Chefe da IDF elogia inova\u00e7\u00e3o em latic\u00ednios da China e pede maior colabora\u00e7\u00e3o entre China e Europa - Xinhua - Diario de Pernambuco","og_description":"Amsterd\u00e3 &#8211; Laurence Rycken, diretora-geral da Federa\u00e7\u00e3o Internacional de Latic\u00ednios (IDF, na sigla em ingl\u00eas), elogiou o progresso da China em inova\u00e7\u00e3o em latic\u00ednios e pesquisa cient\u00edfica, destacando a complementaridade e o forte potencial para uma colabora\u00e7\u00e3o maior entre as...","og_url":"https:\/\/diariodepe.com.br\/xinhua\/2025\/06\/23\/chefe-da-idf-elogia-inovacao-em-laticinios-da-china-e-pede-maior-colaboracao-entre-china-e-europa\/","og_site_name":"Xinhua - Diario de Pernambuco","article_published_time":"2025-06-23T15:16:00+00:00","article_modified_time":"2025-06-23T18:17:36+00:00","og_image":[{"width":900,"height":600,"url":"https:\/\/diariodepe.com.br\/xinhua\/wp-content\/uploads\/sites\/3\/2025\/06\/20250623196dc1885e8b4dae9334833f33528995_20250623516b3b79ba3f4bb9a117ce6d14c53319.jpeg","type":"image\/jpeg"}],"author":"Marcelo Oliveira de A. Maranhao","twitter_card":"summary_large_image","twitter_misc":{"Escrito por":"Marcelo Oliveira de A. Maranhao","Est. tempo de leitura":"5 minutos"},"schema":{"@context":"https:\/\/schema.org","@graph":[{"@type":"Article","@id":"https:\/\/diariodepe.com.br\/xinhua\/2025\/06\/23\/chefe-da-idf-elogia-inovacao-em-laticinios-da-china-e-pede-maior-colaboracao-entre-china-e-europa\/#article","isPartOf":{"@id":"https:\/\/diariodepe.com.br\/xinhua\/2025\/06\/23\/chefe-da-idf-elogia-inovacao-em-laticinios-da-china-e-pede-maior-colaboracao-entre-china-e-europa\/"},"author":{"name":"Marcelo Oliveira de A. Maranhao","@id":"https:\/\/diariodepe.com.br\/xinhua\/#\/schema\/person\/0943d6fd02bdc7b49c8f495e8787a2cb"},"headline":"Chefe da IDF elogia inova\u00e7\u00e3o em latic\u00ednios da China e pede maior colabora\u00e7\u00e3o entre China e Europa","datePublished":"2025-06-23T15:16:00+00:00","dateModified":"2025-06-23T18:17:36+00:00","mainEntityOfPage":{"@id":"https:\/\/diariodepe.com.br\/xinhua\/2025\/06\/23\/chefe-da-idf-elogia-inovacao-em-laticinios-da-china-e-pede-maior-colaboracao-entre-china-e-europa\/"},"wordCount":778,"commentCount":0,"publisher":{"@id":"https:\/\/diariodepe.com.br\/xinhua\/#organization"},"image":{"@id":"https:\/\/diariodepe.com.br\/xinhua\/2025\/06\/23\/chefe-da-idf-elogia-inovacao-em-laticinios-da-china-e-pede-maior-colaboracao-entre-china-e-europa\/#primaryimage"},"thumbnailUrl":"https:\/\/diariodepe.com.br\/xinhua\/wp-content\/uploads\/sites\/3\/2025\/06\/20250623196dc1885e8b4dae9334833f33528995_20250623516b3b79ba3f4bb9a117ce6d14c53319.jpeg","articleSection":["Internacional"],"inLanguage":"pt-BR","potentialAction":[{"@type":"CommentAction","name":"Comment","target":["https:\/\/diariodepe.com.br\/xinhua\/2025\/06\/23\/chefe-da-idf-elogia-inovacao-em-laticinios-da-china-e-pede-maior-colaboracao-entre-china-e-europa\/#respond"]}]},{"@type":"WebPage","@id":"https:\/\/diariodepe.com.br\/xinhua\/2025\/06\/23\/chefe-da-idf-elogia-inovacao-em-laticinios-da-china-e-pede-maior-colaboracao-entre-china-e-europa\/","url":"https:\/\/diariodepe.com.br\/xinhua\/2025\/06\/23\/chefe-da-idf-elogia-inovacao-em-laticinios-da-china-e-pede-maior-colaboracao-entre-china-e-europa\/","name":"Chefe da IDF elogia inova\u00e7\u00e3o em latic\u00ednios da China e pede maior colabora\u00e7\u00e3o entre China e Europa - Xinhua - Diario de Pernambuco","isPartOf":{"@id":"https:\/\/diariodepe.com.br\/xinhua\/#website"},"primaryImageOfPage":{"@id":"https:\/\/diariodepe.com.br\/xinhua\/2025\/06\/23\/chefe-da-idf-elogia-inovacao-em-laticinios-da-china-e-pede-maior-colaboracao-entre-china-e-europa\/#primaryimage"},"image":{"@id":"https:\/\/diariodepe.com.br\/xinhua\/2025\/06\/23\/chefe-da-idf-elogia-inovacao-em-laticinios-da-china-e-pede-maior-colaboracao-entre-china-e-europa\/#primaryimage"},"thumbnailUrl":"https:\/\/diariodepe.com.br\/xinhua\/wp-content\/uploads\/sites\/3\/2025\/06\/20250623196dc1885e8b4dae9334833f33528995_20250623516b3b79ba3f4bb9a117ce6d14c53319.jpeg","datePublished":"2025-06-23T15:16:00+00:00","dateModified":"2025-06-23T18:17:36+00:00","breadcrumb":{"@id":"https:\/\/diariodepe.com.br\/xinhua\/2025\/06\/23\/chefe-da-idf-elogia-inovacao-em-laticinios-da-china-e-pede-maior-colaboracao-entre-china-e-europa\/#breadcrumb"},"inLanguage":"pt-BR","potentialAction":[{"@type":"ReadAction","target":["https:\/\/diariodepe.com.br\/xinhua\/2025\/06\/23\/chefe-da-idf-elogia-inovacao-em-laticinios-da-china-e-pede-maior-colaboracao-entre-china-e-europa\/"]}]},{"@type":"ImageObject","inLanguage":"pt-BR","@id":"https:\/\/diariodepe.com.br\/xinhua\/2025\/06\/23\/chefe-da-idf-elogia-inovacao-em-laticinios-da-china-e-pede-maior-colaboracao-entre-china-e-europa\/#primaryimage","url":"https:\/\/diariodepe.com.br\/xinhua\/wp-content\/uploads\/sites\/3\/2025\/06\/20250623196dc1885e8b4dae9334833f33528995_20250623516b3b79ba3f4bb9a117ce6d14c53319.jpeg","contentUrl":"https:\/\/diariodepe.com.br\/xinhua\/wp-content\/uploads\/sites\/3\/2025\/06\/20250623196dc1885e8b4dae9334833f33528995_20250623516b3b79ba3f4bb9a117ce6d14c53319.jpeg","width":900,"height":600,"caption":"(250621) -- AMSTERDAM, June 21, 2025 (Xinhua) -- This photo taken on June 18, 2025 shows a scene during the 18th Global Dairy Congress in Amsterdam, the Netherlands. Laurence Rycken, director general of the International Dairy Federation (IDF), has praised China's progress in dairy innovation and scientific research, highlighting the complementarity and strong potential for deeper collaboration between the Chinese and European diary industries. TO GO WITH \"Interview: IDF chief hails China's dairy innovation, calls for deeper China-Europe collaboration\" (Xinhua\/Zhao Dingzhe)"},{"@type":"BreadcrumbList","@id":"https:\/\/diariodepe.com.br\/xinhua\/2025\/06\/23\/chefe-da-idf-elogia-inovacao-em-laticinios-da-china-e-pede-maior-colaboracao-entre-china-e-europa\/#breadcrumb","itemListElement":[{"@type":"ListItem","position":1,"name":"In\u00edcio","item":"https:\/\/diariodepe.com.br\/xinhua\/"},{"@type":"ListItem","position":2,"name":"Chefe da IDF elogia inova\u00e7\u00e3o em latic\u00ednios da China e pede maior colabora\u00e7\u00e3o entre China e Europa"}]},{"@type":"WebSite","@id":"https:\/\/diariodepe.com.br\/xinhua\/#website","url":"https:\/\/diariodepe.com.br\/xinhua\/","name":"Xinhua - Diario de Pernambuco","description":"A maior ag\u00eancia de not\u00edcias da China e um dos principais canais para conhecer o pa\u00eds","publisher":{"@id":"https:\/\/diariodepe.com.br\/xinhua\/#organization"},"potentialAction":[{"@type":"SearchAction","target":{"@type":"EntryPoint","urlTemplate":"https:\/\/diariodepe.com.br\/xinhua\/?s={search_term_string}"},"query-input":{"@type":"PropertyValueSpecification","valueRequired":true,"valueName":"search_term_string"}}],"inLanguage":"pt-BR"},{"@type":"Organization","@id":"https:\/\/diariodepe.com.br\/xinhua\/#organization","name":"Xinhua - Diario de Pernambuco","url":"https:\/\/diariodepe.com.br\/xinhua\/","logo":{"@type":"ImageObject","inLanguage":"pt-BR","@id":"https:\/\/diariodepe.com.br\/xinhua\/#\/schema\/logo\/image\/","url":"https:\/\/diariodepe.com.br\/xinhua\/wp-content\/uploads\/sites\/3\/2020\/10\/cropped-logo-transparente-2.png","contentUrl":"https:\/\/diariodepe.com.br\/xinhua\/wp-content\/uploads\/sites\/3\/2020\/10\/cropped-logo-transparente-2.png","width":512,"height":164,"caption":"Xinhua - Diario de Pernambuco"},"image":{"@id":"https:\/\/diariodepe.com.br\/xinhua\/#\/schema\/logo\/image\/"}},{"@type":"Person","@id":"https:\/\/diariodepe.com.br\/xinhua\/#\/schema\/person\/0943d6fd02bdc7b49c8f495e8787a2cb","name":"Marcelo Oliveira de A. Maranhao","image":{"@type":"ImageObject","inLanguage":"pt-BR","@id":"https:\/\/secure.gravatar.com\/avatar\/f562caee940d39879c20e90eea3e4b21860c7d4c96684c23141c554824f0059c?s=96&d=mm&r=g","url":"https:\/\/secure.gravatar.com\/avatar\/f562caee940d39879c20e90eea3e4b21860c7d4c96684c23141c554824f0059c?s=96&d=mm&r=g","contentUrl":"https:\/\/secure.gravatar.com\/avatar\/f562caee940d39879c20e90eea3e4b21860c7d4c96684c23141c554824f0059c?s=96&d=mm&r=g","caption":"Marcelo Oliveira de A. Maranhao"},"url":"https:\/\/diariodepe.com.br\/xinhua\/author\/marcelo-maranhao\/"}]}},"cc_featured_image_caption":{"caption_text":"","source_text":"","source_url":""},"amp_enabled":true,"_links":{"self":[{"href":"https:\/\/diariodepe.com.br\/xinhua\/wp-json\/wp\/v2\/posts\/26668","targetHints":{"allow":["GET"]}}],"collection":[{"href":"https:\/\/diariodepe.com.br\/xinhua\/wp-json\/wp\/v2\/posts"}],"about":[{"href":"https:\/\/diariodepe.com.br\/xinhua\/wp-json\/wp\/v2\/types\/post"}],"author":[{"embeddable":true,"href":"https:\/\/diariodepe.com.br\/xinhua\/wp-json\/wp\/v2\/users\/3"}],"replies":[{"embeddable":true,"href":"https:\/\/diariodepe.com.br\/xinhua\/wp-json\/wp\/v2\/comments?post=26668"}],"version-history":[{"count":1,"href":"https:\/\/diariodepe.com.br\/xinhua\/wp-json\/wp\/v2\/posts\/26668\/revisions"}],"predecessor-version":[{"id":26670,"href":"https:\/\/diariodepe.com.br\/xinhua\/wp-json\/wp\/v2\/posts\/26668\/revisions\/26670"}],"wp:featuredmedia":[{"embeddable":true,"href":"https:\/\/diariodepe.com.br\/xinhua\/wp-json\/wp\/v2\/media\/26669"}],"wp:attachment":[{"href":"https:\/\/diariodepe.com.br\/xinhua\/wp-json\/wp\/v2\/media?parent=26668"}],"wp:term":[{"taxonomy":"category","embeddable":true,"href":"https:\/\/diariodepe.com.br\/xinhua\/wp-json\/wp\/v2\/categories?post=26668"},{"taxonomy":"post_tag","embeddable":true,"href":"https:\/\/diariodepe.com.br\/xinhua\/wp-json\/wp\/v2\/tags?post=26668"}],"curies":[{"name":"wp","href":"https:\/\/api.w.org\/{rel}","templated":true}]}}