{"id":26666,"date":"2025-06-23T13:15:00","date_gmt":"2025-06-23T16:15:00","guid":{"rendered":"https:\/\/www.diariodepe.com.br\/xinhua\/?p=26666"},"modified":"2025-06-23T15:16:23","modified_gmt":"2025-06-23T18:16:23","slug":"realizado-em-beijing-7o-forum-de-think-tanks-china-alc","status":"publish","type":"post","link":"https:\/\/diariodepe.com.br\/xinhua\/2025\/06\/23\/realizado-em-beijing-7o-forum-de-think-tanks-china-alc\/","title":{"rendered":"Realizado em Beijing 7\u00ba F\u00f3rum de Think Tanks China-ALC"},"content":{"rendered":"\n<p>Beijing &#8211; Foi realizado em Beijing no dia 20 de junho o s\u00e9timo F\u00f3rum de Think Tanks China-Am\u00e9rica Latina e Caribe (ALC). Com o tema &#8220;Trabalhando juntos para construir a comunidade China-ALC com um futuro compartilhado&#8221;, o f\u00f3rum foi organizado pelo Instituto de Estudos Internacionais da China.<\/p>\n\n\n\n<p>Na cerim\u00f4nia de abertura, o vice-reitor de Pesquisa e P\u00f3s-Gradua\u00e7\u00e3o do Instituto Superior de Rela\u00e7\u00f5es Internacionais de Cuba, Leonel Caraballo, disse que o mecanismo do F\u00f3rum China-CELAC (Comunidade de Estados Latino-Americanos e Caribenhos) \u00e9 de grande import\u00e2ncia para o avan\u00e7o da coopera\u00e7\u00e3o entre as duas partes, expressando a esperan\u00e7a de que os acad\u00eamicos participantes possam resumir seriamente as experi\u00eancias bem-sucedidas do f\u00f3rum nos \u00faltimos dez anos e explorar caminhos para implementar os resultados da 4\u00aa Reuni\u00e3o Ministerial do F\u00f3rum China-CELAC.<\/p>\n\n\n\n<p>Segundo Martin Charles, embaixador da Comunidade da Dominica na China e representante da miss\u00e3o dos pa\u00edses latino-americanos e caribenhos na China, a 4\u00aa Reuni\u00e3o Ministerial do F\u00f3rum China-CELAC foi bastante frut\u00edfera e estabeleceu uma base para elevar de forma abrangente a coopera\u00e7\u00e3o sino-latino-americana.<\/p>\n\n\n\n<p>O F\u00f3rum de Think Tank China-ALC vem se desenvolvendo e amadurecendo desde a sua cria\u00e7\u00e3o h\u00e1 mais de uma d\u00e9cada e se tornou uma importante plataforma de interc\u00e2mbio entre os acad\u00eamicos da China e dos pa\u00edses da Am\u00e9rica Latina e do Caribe, de acordo com Martin Charles, acrescentado esperar que os think tanks de ambas as partes fa\u00e7am maiores contribui\u00e7\u00f5es para a coopera\u00e7\u00e3o entre a China e os pa\u00edses da ALC.<\/p>\n\n\n\n<p>A presidente do Instituto de Estudos Internacionais da China, Chen Bo, disse que o f\u00f3rum visa oferecer apoio intelectual para a implementa\u00e7\u00e3o dos resultados da 4\u00aa Reuni\u00e3o Ministerial do F\u00f3rum China-CELAC e contribuir ativamente para a constru\u00e7\u00e3o da comunidade China-ALC com um futuro compartilhado.<\/p>\n\n\n\n<p>Durante o f\u00f3rum, os participantes discutiram e chegaram a um amplo consenso em rela\u00e7\u00e3o a temas como uma maior coopera\u00e7\u00e3o do BRICS, os cinco programas de solidariedade, desenvolvimento, civiliza\u00e7\u00f5es, paz e conectividade entre povos para construir a comunidade China-ALC com um futuro compartilhado, e as perspectivas das rela\u00e7\u00f5es China-ALC.<\/p>\n\n\n\n<p>Estiveram presentes mais de 120 convidados incluindo embaixadores na China da Comunidade da Dominica, Guiana, Barbados, M\u00e9xico, Honduras, Jamaica, Bol\u00edvia, Panam\u00e1, Nicar\u00e1gua e Chile, junto com acad\u00eamicos, funcion\u00e1rios governamentais e representantes da m\u00eddia da China e dos pa\u00edses latino-americanos e caribenhos.<\/p>\n\n\n\n<p>Este ano marca o 10\u00ba anivers\u00e1rio do lan\u00e7amento oficial do F\u00f3rum China-CELAC, e a 4\u00aa Reuni\u00e3o Ministerial do F\u00f3rum China-CELAC foi realizada em Beijing em 13 de maio.&nbsp;<\/p>\n","protected":false},"excerpt":{"rendered":"<p>Beijing &#8211; Foi realizado em Beijing no dia 20 de junho o s\u00e9timo F\u00f3rum de Think Tanks China-Am\u00e9rica Latina e Caribe (ALC). Com o tema &#8220;Trabalhando juntos para construir a comunidade China-ALC com um futuro compartilhado&#8221;, o f\u00f3rum foi organizado&#8230;<\/p>\n","protected":false},"author":3,"featured_media":0,"comment_status":"open","ping_status":"open","sticky":false,"template":"","format":"standard","meta":{"footnotes":""},"categories":[4],"tags":[],"class_list":["post-26666","post","type-post","status-publish","format-standard","hentry","category-internacional"],"yoast_head":"<!-- This site is optimized with the Yoast SEO plugin v27.4 - https:\/\/yoast.com\/product\/yoast-seo-wordpress\/ -->\n<title>Realizado em Beijing 7\u00ba F\u00f3rum de Think Tanks China-ALC - Xinhua - Diario de Pernambuco<\/title>\n<meta name=\"robots\" content=\"index, follow, max-snippet:-1, max-image-preview:large, max-video-preview:-1\" \/>\n<link rel=\"canonical\" href=\"https:\/\/diariodepe.com.br\/xinhua\/2025\/06\/23\/realizado-em-beijing-7o-forum-de-think-tanks-china-alc\/\" \/>\n<meta property=\"og:locale\" content=\"pt_BR\" \/>\n<meta property=\"og:type\" content=\"article\" \/>\n<meta property=\"og:title\" content=\"Realizado em Beijing 7\u00ba F\u00f3rum de Think Tanks China-ALC - Xinhua - Diario de Pernambuco\" \/>\n<meta property=\"og:description\" content=\"Beijing &#8211; Foi realizado em Beijing no dia 20 de junho o s\u00e9timo F\u00f3rum de Think Tanks China-Am\u00e9rica Latina e Caribe (ALC). Com o tema &#8220;Trabalhando juntos para construir a comunidade China-ALC com um futuro compartilhado&#8221;, o f\u00f3rum foi organizado...\" \/>\n<meta property=\"og:url\" content=\"https:\/\/diariodepe.com.br\/xinhua\/2025\/06\/23\/realizado-em-beijing-7o-forum-de-think-tanks-china-alc\/\" \/>\n<meta property=\"og:site_name\" content=\"Xinhua - Diario de Pernambuco\" \/>\n<meta property=\"article:published_time\" content=\"2025-06-23T16:15:00+00:00\" \/>\n<meta property=\"article:modified_time\" content=\"2025-06-23T18:16:23+00:00\" \/>\n<meta name=\"author\" content=\"Marcelo Oliveira de A. Maranhao\" \/>\n<meta name=\"twitter:card\" content=\"summary_large_image\" \/>\n<meta name=\"twitter:label1\" content=\"Escrito por\" \/>\n\t<meta name=\"twitter:data1\" content=\"Marcelo Oliveira de A. Maranhao\" \/>\n\t<meta name=\"twitter:label2\" content=\"Est. tempo de leitura\" \/>\n\t<meta name=\"twitter:data2\" content=\"3 minutos\" \/>\n<script type=\"application\/ld+json\" class=\"yoast-schema-graph\">{\"@context\":\"https:\\\/\\\/schema.org\",\"@graph\":[{\"@type\":\"Article\",\"@id\":\"https:\\\/\\\/diariodepe.com.br\\\/xinhua\\\/2025\\\/06\\\/23\\\/realizado-em-beijing-7o-forum-de-think-tanks-china-alc\\\/#article\",\"isPartOf\":{\"@id\":\"https:\\\/\\\/diariodepe.com.br\\\/xinhua\\\/2025\\\/06\\\/23\\\/realizado-em-beijing-7o-forum-de-think-tanks-china-alc\\\/\"},\"author\":{\"name\":\"Marcelo Oliveira de A. Maranhao\",\"@id\":\"https:\\\/\\\/diariodepe.com.br\\\/xinhua\\\/#\\\/schema\\\/person\\\/0943d6fd02bdc7b49c8f495e8787a2cb\"},\"headline\":\"Realizado em Beijing 7\u00ba F\u00f3rum de Think Tanks China-ALC\",\"datePublished\":\"2025-06-23T16:15:00+00:00\",\"dateModified\":\"2025-06-23T18:16:23+00:00\",\"mainEntityOfPage\":{\"@id\":\"https:\\\/\\\/diariodepe.com.br\\\/xinhua\\\/2025\\\/06\\\/23\\\/realizado-em-beijing-7o-forum-de-think-tanks-china-alc\\\/\"},\"wordCount\":461,\"commentCount\":0,\"publisher\":{\"@id\":\"https:\\\/\\\/diariodepe.com.br\\\/xinhua\\\/#organization\"},\"articleSection\":[\"Internacional\"],\"inLanguage\":\"pt-BR\",\"potentialAction\":[{\"@type\":\"CommentAction\",\"name\":\"Comment\",\"target\":[\"https:\\\/\\\/diariodepe.com.br\\\/xinhua\\\/2025\\\/06\\\/23\\\/realizado-em-beijing-7o-forum-de-think-tanks-china-alc\\\/#respond\"]}]},{\"@type\":\"WebPage\",\"@id\":\"https:\\\/\\\/diariodepe.com.br\\\/xinhua\\\/2025\\\/06\\\/23\\\/realizado-em-beijing-7o-forum-de-think-tanks-china-alc\\\/\",\"url\":\"https:\\\/\\\/diariodepe.com.br\\\/xinhua\\\/2025\\\/06\\\/23\\\/realizado-em-beijing-7o-forum-de-think-tanks-china-alc\\\/\",\"name\":\"Realizado em Beijing 7\u00ba F\u00f3rum de Think Tanks China-ALC - Xinhua - Diario de Pernambuco\",\"isPartOf\":{\"@id\":\"https:\\\/\\\/diariodepe.com.br\\\/xinhua\\\/#website\"},\"datePublished\":\"2025-06-23T16:15:00+00:00\",\"dateModified\":\"2025-06-23T18:16:23+00:00\",\"breadcrumb\":{\"@id\":\"https:\\\/\\\/diariodepe.com.br\\\/xinhua\\\/2025\\\/06\\\/23\\\/realizado-em-beijing-7o-forum-de-think-tanks-china-alc\\\/#breadcrumb\"},\"inLanguage\":\"pt-BR\",\"potentialAction\":[{\"@type\":\"ReadAction\",\"target\":[\"https:\\\/\\\/diariodepe.com.br\\\/xinhua\\\/2025\\\/06\\\/23\\\/realizado-em-beijing-7o-forum-de-think-tanks-china-alc\\\/\"]}]},{\"@type\":\"BreadcrumbList\",\"@id\":\"https:\\\/\\\/diariodepe.com.br\\\/xinhua\\\/2025\\\/06\\\/23\\\/realizado-em-beijing-7o-forum-de-think-tanks-china-alc\\\/#breadcrumb\",\"itemListElement\":[{\"@type\":\"ListItem\",\"position\":1,\"name\":\"In\u00edcio\",\"item\":\"https:\\\/\\\/diariodepe.com.br\\\/xinhua\\\/\"},{\"@type\":\"ListItem\",\"position\":2,\"name\":\"Realizado em Beijing 7\u00ba F\u00f3rum de Think Tanks China-ALC\"}]},{\"@type\":\"WebSite\",\"@id\":\"https:\\\/\\\/diariodepe.com.br\\\/xinhua\\\/#website\",\"url\":\"https:\\\/\\\/diariodepe.com.br\\\/xinhua\\\/\",\"name\":\"Xinhua - Diario de Pernambuco\",\"description\":\"A maior ag\u00eancia de not\u00edcias da China e um dos principais canais para conhecer o pa\u00eds\",\"publisher\":{\"@id\":\"https:\\\/\\\/diariodepe.com.br\\\/xinhua\\\/#organization\"},\"potentialAction\":[{\"@type\":\"SearchAction\",\"target\":{\"@type\":\"EntryPoint\",\"urlTemplate\":\"https:\\\/\\\/diariodepe.com.br\\\/xinhua\\\/?s={search_term_string}\"},\"query-input\":{\"@type\":\"PropertyValueSpecification\",\"valueRequired\":true,\"valueName\":\"search_term_string\"}}],\"inLanguage\":\"pt-BR\"},{\"@type\":\"Organization\",\"@id\":\"https:\\\/\\\/diariodepe.com.br\\\/xinhua\\\/#organization\",\"name\":\"Xinhua - Diario de Pernambuco\",\"url\":\"https:\\\/\\\/diariodepe.com.br\\\/xinhua\\\/\",\"logo\":{\"@type\":\"ImageObject\",\"inLanguage\":\"pt-BR\",\"@id\":\"https:\\\/\\\/diariodepe.com.br\\\/xinhua\\\/#\\\/schema\\\/logo\\\/image\\\/\",\"url\":\"https:\\\/\\\/diariodepe.com.br\\\/xinhua\\\/wp-content\\\/uploads\\\/sites\\\/3\\\/2020\\\/10\\\/cropped-logo-transparente-2.png\",\"contentUrl\":\"https:\\\/\\\/diariodepe.com.br\\\/xinhua\\\/wp-content\\\/uploads\\\/sites\\\/3\\\/2020\\\/10\\\/cropped-logo-transparente-2.png\",\"width\":512,\"height\":164,\"caption\":\"Xinhua - Diario de Pernambuco\"},\"image\":{\"@id\":\"https:\\\/\\\/diariodepe.com.br\\\/xinhua\\\/#\\\/schema\\\/logo\\\/image\\\/\"}},{\"@type\":\"Person\",\"@id\":\"https:\\\/\\\/diariodepe.com.br\\\/xinhua\\\/#\\\/schema\\\/person\\\/0943d6fd02bdc7b49c8f495e8787a2cb\",\"name\":\"Marcelo Oliveira de A. Maranhao\",\"image\":{\"@type\":\"ImageObject\",\"inLanguage\":\"pt-BR\",\"@id\":\"https:\\\/\\\/secure.gravatar.com\\\/avatar\\\/f562caee940d39879c20e90eea3e4b21860c7d4c96684c23141c554824f0059c?s=96&d=mm&r=g\",\"url\":\"https:\\\/\\\/secure.gravatar.com\\\/avatar\\\/f562caee940d39879c20e90eea3e4b21860c7d4c96684c23141c554824f0059c?s=96&d=mm&r=g\",\"contentUrl\":\"https:\\\/\\\/secure.gravatar.com\\\/avatar\\\/f562caee940d39879c20e90eea3e4b21860c7d4c96684c23141c554824f0059c?s=96&d=mm&r=g\",\"caption\":\"Marcelo Oliveira de A. Maranhao\"},\"url\":\"https:\\\/\\\/diariodepe.com.br\\\/xinhua\\\/author\\\/marcelo-maranhao\\\/\"}]}<\/script>\n<!-- \/ Yoast SEO plugin. -->","yoast_head_json":{"title":"Realizado em Beijing 7\u00ba F\u00f3rum de Think Tanks China-ALC - Xinhua - Diario de Pernambuco","robots":{"index":"index","follow":"follow","max-snippet":"max-snippet:-1","max-image-preview":"max-image-preview:large","max-video-preview":"max-video-preview:-1"},"canonical":"https:\/\/diariodepe.com.br\/xinhua\/2025\/06\/23\/realizado-em-beijing-7o-forum-de-think-tanks-china-alc\/","og_locale":"pt_BR","og_type":"article","og_title":"Realizado em Beijing 7\u00ba F\u00f3rum de Think Tanks China-ALC - Xinhua - Diario de Pernambuco","og_description":"Beijing &#8211; Foi realizado em Beijing no dia 20 de junho o s\u00e9timo F\u00f3rum de Think Tanks China-Am\u00e9rica Latina e Caribe (ALC). Com o tema &#8220;Trabalhando juntos para construir a comunidade China-ALC com um futuro compartilhado&#8221;, o f\u00f3rum foi organizado...","og_url":"https:\/\/diariodepe.com.br\/xinhua\/2025\/06\/23\/realizado-em-beijing-7o-forum-de-think-tanks-china-alc\/","og_site_name":"Xinhua - Diario de Pernambuco","article_published_time":"2025-06-23T16:15:00+00:00","article_modified_time":"2025-06-23T18:16:23+00:00","author":"Marcelo Oliveira de A. Maranhao","twitter_card":"summary_large_image","twitter_misc":{"Escrito por":"Marcelo Oliveira de A. Maranhao","Est. tempo de leitura":"3 minutos"},"schema":{"@context":"https:\/\/schema.org","@graph":[{"@type":"Article","@id":"https:\/\/diariodepe.com.br\/xinhua\/2025\/06\/23\/realizado-em-beijing-7o-forum-de-think-tanks-china-alc\/#article","isPartOf":{"@id":"https:\/\/diariodepe.com.br\/xinhua\/2025\/06\/23\/realizado-em-beijing-7o-forum-de-think-tanks-china-alc\/"},"author":{"name":"Marcelo Oliveira de A. Maranhao","@id":"https:\/\/diariodepe.com.br\/xinhua\/#\/schema\/person\/0943d6fd02bdc7b49c8f495e8787a2cb"},"headline":"Realizado em Beijing 7\u00ba F\u00f3rum de Think Tanks China-ALC","datePublished":"2025-06-23T16:15:00+00:00","dateModified":"2025-06-23T18:16:23+00:00","mainEntityOfPage":{"@id":"https:\/\/diariodepe.com.br\/xinhua\/2025\/06\/23\/realizado-em-beijing-7o-forum-de-think-tanks-china-alc\/"},"wordCount":461,"commentCount":0,"publisher":{"@id":"https:\/\/diariodepe.com.br\/xinhua\/#organization"},"articleSection":["Internacional"],"inLanguage":"pt-BR","potentialAction":[{"@type":"CommentAction","name":"Comment","target":["https:\/\/diariodepe.com.br\/xinhua\/2025\/06\/23\/realizado-em-beijing-7o-forum-de-think-tanks-china-alc\/#respond"]}]},{"@type":"WebPage","@id":"https:\/\/diariodepe.com.br\/xinhua\/2025\/06\/23\/realizado-em-beijing-7o-forum-de-think-tanks-china-alc\/","url":"https:\/\/diariodepe.com.br\/xinhua\/2025\/06\/23\/realizado-em-beijing-7o-forum-de-think-tanks-china-alc\/","name":"Realizado em Beijing 7\u00ba F\u00f3rum de Think Tanks China-ALC - Xinhua - Diario de Pernambuco","isPartOf":{"@id":"https:\/\/diariodepe.com.br\/xinhua\/#website"},"datePublished":"2025-06-23T16:15:00+00:00","dateModified":"2025-06-23T18:16:23+00:00","breadcrumb":{"@id":"https:\/\/diariodepe.com.br\/xinhua\/2025\/06\/23\/realizado-em-beijing-7o-forum-de-think-tanks-china-alc\/#breadcrumb"},"inLanguage":"pt-BR","potentialAction":[{"@type":"ReadAction","target":["https:\/\/diariodepe.com.br\/xinhua\/2025\/06\/23\/realizado-em-beijing-7o-forum-de-think-tanks-china-alc\/"]}]},{"@type":"BreadcrumbList","@id":"https:\/\/diariodepe.com.br\/xinhua\/2025\/06\/23\/realizado-em-beijing-7o-forum-de-think-tanks-china-alc\/#breadcrumb","itemListElement":[{"@type":"ListItem","position":1,"name":"In\u00edcio","item":"https:\/\/diariodepe.com.br\/xinhua\/"},{"@type":"ListItem","position":2,"name":"Realizado em Beijing 7\u00ba F\u00f3rum de Think Tanks China-ALC"}]},{"@type":"WebSite","@id":"https:\/\/diariodepe.com.br\/xinhua\/#website","url":"https:\/\/diariodepe.com.br\/xinhua\/","name":"Xinhua - Diario de Pernambuco","description":"A maior ag\u00eancia de not\u00edcias da China e um dos principais canais para conhecer o pa\u00eds","publisher":{"@id":"https:\/\/diariodepe.com.br\/xinhua\/#organization"},"potentialAction":[{"@type":"SearchAction","target":{"@type":"EntryPoint","urlTemplate":"https:\/\/diariodepe.com.br\/xinhua\/?s={search_term_string}"},"query-input":{"@type":"PropertyValueSpecification","valueRequired":true,"valueName":"search_term_string"}}],"inLanguage":"pt-BR"},{"@type":"Organization","@id":"https:\/\/diariodepe.com.br\/xinhua\/#organization","name":"Xinhua - Diario de Pernambuco","url":"https:\/\/diariodepe.com.br\/xinhua\/","logo":{"@type":"ImageObject","inLanguage":"pt-BR","@id":"https:\/\/diariodepe.com.br\/xinhua\/#\/schema\/logo\/image\/","url":"https:\/\/diariodepe.com.br\/xinhua\/wp-content\/uploads\/sites\/3\/2020\/10\/cropped-logo-transparente-2.png","contentUrl":"https:\/\/diariodepe.com.br\/xinhua\/wp-content\/uploads\/sites\/3\/2020\/10\/cropped-logo-transparente-2.png","width":512,"height":164,"caption":"Xinhua - Diario de Pernambuco"},"image":{"@id":"https:\/\/diariodepe.com.br\/xinhua\/#\/schema\/logo\/image\/"}},{"@type":"Person","@id":"https:\/\/diariodepe.com.br\/xinhua\/#\/schema\/person\/0943d6fd02bdc7b49c8f495e8787a2cb","name":"Marcelo Oliveira de A. Maranhao","image":{"@type":"ImageObject","inLanguage":"pt-BR","@id":"https:\/\/secure.gravatar.com\/avatar\/f562caee940d39879c20e90eea3e4b21860c7d4c96684c23141c554824f0059c?s=96&d=mm&r=g","url":"https:\/\/secure.gravatar.com\/avatar\/f562caee940d39879c20e90eea3e4b21860c7d4c96684c23141c554824f0059c?s=96&d=mm&r=g","contentUrl":"https:\/\/secure.gravatar.com\/avatar\/f562caee940d39879c20e90eea3e4b21860c7d4c96684c23141c554824f0059c?s=96&d=mm&r=g","caption":"Marcelo Oliveira de A. Maranhao"},"url":"https:\/\/diariodepe.com.br\/xinhua\/author\/marcelo-maranhao\/"}]}},"cc_featured_image_caption":{"caption_text":"","source_text":"","source_url":""},"amp_enabled":true,"_links":{"self":[{"href":"https:\/\/diariodepe.com.br\/xinhua\/wp-json\/wp\/v2\/posts\/26666","targetHints":{"allow":["GET"]}}],"collection":[{"href":"https:\/\/diariodepe.com.br\/xinhua\/wp-json\/wp\/v2\/posts"}],"about":[{"href":"https:\/\/diariodepe.com.br\/xinhua\/wp-json\/wp\/v2\/types\/post"}],"author":[{"embeddable":true,"href":"https:\/\/diariodepe.com.br\/xinhua\/wp-json\/wp\/v2\/users\/3"}],"replies":[{"embeddable":true,"href":"https:\/\/diariodepe.com.br\/xinhua\/wp-json\/wp\/v2\/comments?post=26666"}],"version-history":[{"count":1,"href":"https:\/\/diariodepe.com.br\/xinhua\/wp-json\/wp\/v2\/posts\/26666\/revisions"}],"predecessor-version":[{"id":26667,"href":"https:\/\/diariodepe.com.br\/xinhua\/wp-json\/wp\/v2\/posts\/26666\/revisions\/26667"}],"wp:attachment":[{"href":"https:\/\/diariodepe.com.br\/xinhua\/wp-json\/wp\/v2\/media?parent=26666"}],"wp:term":[{"taxonomy":"category","embeddable":true,"href":"https:\/\/diariodepe.com.br\/xinhua\/wp-json\/wp\/v2\/categories?post=26666"},{"taxonomy":"post_tag","embeddable":true,"href":"https:\/\/diariodepe.com.br\/xinhua\/wp-json\/wp\/v2\/tags?post=26666"}],"curies":[{"name":"wp","href":"https:\/\/api.w.org\/{rel}","templated":true}]}}