{"id":26546,"date":"2025-06-17T11:07:00","date_gmt":"2025-06-17T14:07:00","guid":{"rendered":"https:\/\/www.diariodepe.com.br\/xinhua\/?p=26546"},"modified":"2025-06-17T07:00:14","modified_gmt":"2025-06-17T10:00:14","slug":"especialistas-em-agricultura-discutem-aumentar-a-resiliencia-dos-sistemas-agroalimentares-globais","status":"publish","type":"post","link":"https:\/\/diariodepe.com.br\/xinhua\/2025\/06\/17\/especialistas-em-agricultura-discutem-aumentar-a-resiliencia-dos-sistemas-agroalimentares-globais\/","title":{"rendered":"Especialistas em agricultura discutem aumentar a resili\u00eancia dos sistemas agroalimentares globais"},"content":{"rendered":"\n<p>Beijing &#8211; Especialistas em agricultura reuniram-se na Universidade Agr\u00edcola da China (CAU, sigla em ingl\u00eas) no domingo para discutir estrat\u00e9gias para melhorar a seguran\u00e7a alimentar global e promover sistemas agroalimentares sustent\u00e1veis.<\/p>\n\n\n\n<p>&nbsp; &nbsp;Mais de 100 participantes participaram de discuss\u00f5es sob o tema &#8220;Construir Resili\u00eancia nos Sistemas Agroalimentares Globais&#8221;, como parte da prepara\u00e7\u00e3o para a Confer\u00eancia Mundial de Inova\u00e7\u00e3o Agroalimentar (WAFI) de 2025, programada para Beijing de 12 a 15 de outubro.<\/p>\n\n\n\n<p>&nbsp; &nbsp;Fan Shenggen, reitor da Academia de Economia e Pol\u00edtica Alimentar Global da universidade, disse que o sistema alimentar global est\u00e1 enfrentando uma crescente press\u00e3o devido \u00e0s mudan\u00e7as clim\u00e1ticas, conflitos geopol\u00edticos e tens\u00f5es comerciais. Ele observou que esses desafios est\u00e3o remodelando o panorama da seguran\u00e7a alimentar do mundo.<\/p>\n\n\n\n<p>&nbsp; &nbsp;Sun Qixin, presidente da CAU, ressaltou a urg\u00eancia da transi\u00e7\u00e3o para sistemas agroalimentares mais sustent\u00e1veis em meio \u00e0s crescentes incertezas clim\u00e1ticas. Ele tamb\u00e9m compartilhou atualiza\u00e7\u00f5es sobre os preparativos para a pr\u00f3xima confer\u00eancia WAFI, enfatizando que o evento continuar\u00e1 a servir como uma plataforma para a colabora\u00e7\u00e3o internacional e o interc\u00e2mbio de conhecimentos.<\/p>\n\n\n\n<p>&nbsp; &nbsp;Johan Swinnen, diretor-geral do Instituto Internacional de Pesquisa em Pol\u00edticas Alimentares (IFPRI), destacou os principais marcos dos 50 anos de trabalho do IFPRI na pesquisa de pol\u00edticas alimentares globais. Ele disse que o sistema alimentar global est\u00e1 passando por mudan\u00e7as estruturais que exigem uma reavalia\u00e7\u00e3o da estrutura de investimentos e do desenho das pol\u00edticas.<\/p>\n\n\n\n<p>&nbsp; &nbsp;Swinnen elogiou a WAFI por seu papel na promo\u00e7\u00e3o do di\u00e1logo internacional sobre agricultura e reafirmou o compromisso do IFPRI em trabalhar com institui\u00e7\u00f5es como a CAU em \u00e1reas como pol\u00edtica agr\u00edcola, nutri\u00e7\u00e3o e resili\u00eancia clim\u00e1tica.<\/p>\n\n\n\n<p>&nbsp; &nbsp;Apesar da complexa din\u00e2mica global, Swinnen observou que os interesses comuns em seguran\u00e7a alimentar e desenvolvimento agr\u00edcola continuam s\u00f3lidos, particularmente na coopera\u00e7\u00e3o Sul-Sul, incluindo o compartilhamento de tecnologia e coordena\u00e7\u00e3o de pol\u00edticas regionais. Ele pediu o fortalecimento da colabora\u00e7\u00e3o multilateral.<\/p>\n\n\n\n<p>&nbsp; &nbsp;Falando sobre a coopera\u00e7\u00e3o agr\u00edcola China-\u00c1frica, Sun disse que a parceria continua sendo uma prioridade, com forte foco na educa\u00e7\u00e3o agr\u00edcola e na transfer\u00eancia de tecnologia. Ele pediu que mais estudantes africanos sejam incentivados a estudar na China, onde podem adquirir conhecimento acad\u00eamico e experi\u00eancia pr\u00e1tica por meio do trabalho em fazendas de demonstra\u00e7\u00e3o e da exposi\u00e7\u00e3o a estruturas pol\u00edticas. Ele acrescentou que a China continuar\u00e1 a apoiar a transfer\u00eancia de tecnologia e iniciativas de capacita\u00e7\u00e3o para impulsionar a produtividade e a governan\u00e7a agr\u00edcola em toda a \u00c1frica.<\/p>\n\n\n\n<p>&nbsp; &nbsp;A WAFI 2025 incluir\u00e1 uma cerim\u00f4nia de abertura, sess\u00f5es plen\u00e1rias, f\u00f3runs tem\u00e1ticos, eventos paralelos, demonstra\u00e7\u00f5es de inova\u00e7\u00e3o e uma exposi\u00e7\u00e3o. Os organizadores afirmam que o evento tem como objetivo promover a colabora\u00e7\u00e3o intersetorial entre governos, ind\u00fastrias, institui\u00e7\u00f5es acad\u00eamicas e de pesquisa para apoiar um futuro alimentar global mais resiliente, saud\u00e1vel e sustent\u00e1vel.<\/p>\n","protected":false},"excerpt":{"rendered":"<p>Beijing &#8211; Especialistas em agricultura reuniram-se na Universidade Agr\u00edcola da China (CAU, sigla em ingl\u00eas) no domingo para discutir estrat\u00e9gias para melhorar a seguran\u00e7a alimentar global e promover sistemas agroalimentares sustent\u00e1veis. &nbsp; &nbsp;Mais de 100 participantes participaram de discuss\u00f5es sob&#8230;<\/p>\n","protected":false},"author":3,"featured_media":26547,"comment_status":"open","ping_status":"open","sticky":false,"template":"","format":"standard","meta":{"footnotes":""},"categories":[5],"tags":[],"class_list":["post-26546","post","type-post","status-publish","format-standard","has-post-thumbnail","hentry","category-economia"],"yoast_head":"<!-- This site is optimized with the Yoast SEO plugin v27.4 - https:\/\/yoast.com\/product\/yoast-seo-wordpress\/ -->\n<title>Especialistas em agricultura discutem aumentar a resili\u00eancia dos sistemas agroalimentares globais - Xinhua - Diario de Pernambuco<\/title>\n<meta name=\"robots\" content=\"index, follow, max-snippet:-1, max-image-preview:large, max-video-preview:-1\" \/>\n<link rel=\"canonical\" href=\"https:\/\/diariodepe.com.br\/xinhua\/2025\/06\/17\/especialistas-em-agricultura-discutem-aumentar-a-resiliencia-dos-sistemas-agroalimentares-globais\/\" \/>\n<meta property=\"og:locale\" content=\"pt_BR\" \/>\n<meta property=\"og:type\" content=\"article\" \/>\n<meta property=\"og:title\" content=\"Especialistas em agricultura discutem aumentar a resili\u00eancia dos sistemas agroalimentares globais - Xinhua - Diario de Pernambuco\" \/>\n<meta property=\"og:description\" content=\"Beijing &#8211; Especialistas em agricultura reuniram-se na Universidade Agr\u00edcola da China (CAU, sigla em ingl\u00eas) no domingo para discutir estrat\u00e9gias para melhorar a seguran\u00e7a alimentar global e promover sistemas agroalimentares sustent\u00e1veis. &nbsp; &nbsp;Mais de 100 participantes participaram de discuss\u00f5es sob...\" \/>\n<meta property=\"og:url\" content=\"https:\/\/diariodepe.com.br\/xinhua\/2025\/06\/17\/especialistas-em-agricultura-discutem-aumentar-a-resiliencia-dos-sistemas-agroalimentares-globais\/\" \/>\n<meta property=\"og:site_name\" content=\"Xinhua - Diario de Pernambuco\" \/>\n<meta property=\"article:published_time\" content=\"2025-06-17T14:07:00+00:00\" \/>\n<meta property=\"og:image\" content=\"https:\/\/diariodepe.com.br\/xinhua\/wp-content\/uploads\/sites\/3\/2025\/06\/2025061794c8cc556edb416d9654e00e4999a50a_XxjwspP007009_20250617_CBMFN0A001.jpg\" \/>\n\t<meta property=\"og:image:width\" content=\"900\" \/>\n\t<meta property=\"og:image:height\" content=\"637\" \/>\n\t<meta property=\"og:image:type\" content=\"image\/jpeg\" \/>\n<meta name=\"author\" content=\"Marcelo Oliveira de A. Maranhao\" \/>\n<meta name=\"twitter:card\" content=\"summary_large_image\" \/>\n<meta name=\"twitter:label1\" content=\"Escrito por\" \/>\n\t<meta name=\"twitter:data1\" content=\"Marcelo Oliveira de A. Maranhao\" \/>\n\t<meta name=\"twitter:label2\" content=\"Est. tempo de leitura\" \/>\n\t<meta name=\"twitter:data2\" content=\"3 minutos\" \/>\n<script type=\"application\/ld+json\" class=\"yoast-schema-graph\">{\"@context\":\"https:\\\/\\\/schema.org\",\"@graph\":[{\"@type\":\"Article\",\"@id\":\"https:\\\/\\\/diariodepe.com.br\\\/xinhua\\\/2025\\\/06\\\/17\\\/especialistas-em-agricultura-discutem-aumentar-a-resiliencia-dos-sistemas-agroalimentares-globais\\\/#article\",\"isPartOf\":{\"@id\":\"https:\\\/\\\/diariodepe.com.br\\\/xinhua\\\/2025\\\/06\\\/17\\\/especialistas-em-agricultura-discutem-aumentar-a-resiliencia-dos-sistemas-agroalimentares-globais\\\/\"},\"author\":{\"name\":\"Marcelo Oliveira de A. Maranhao\",\"@id\":\"https:\\\/\\\/diariodepe.com.br\\\/xinhua\\\/#\\\/schema\\\/person\\\/0943d6fd02bdc7b49c8f495e8787a2cb\"},\"headline\":\"Especialistas em agricultura discutem aumentar a resili\u00eancia dos sistemas agroalimentares globais\",\"datePublished\":\"2025-06-17T14:07:00+00:00\",\"mainEntityOfPage\":{\"@id\":\"https:\\\/\\\/diariodepe.com.br\\\/xinhua\\\/2025\\\/06\\\/17\\\/especialistas-em-agricultura-discutem-aumentar-a-resiliencia-dos-sistemas-agroalimentares-globais\\\/\"},\"wordCount\":540,\"commentCount\":0,\"publisher\":{\"@id\":\"https:\\\/\\\/diariodepe.com.br\\\/xinhua\\\/#organization\"},\"image\":{\"@id\":\"https:\\\/\\\/diariodepe.com.br\\\/xinhua\\\/2025\\\/06\\\/17\\\/especialistas-em-agricultura-discutem-aumentar-a-resiliencia-dos-sistemas-agroalimentares-globais\\\/#primaryimage\"},\"thumbnailUrl\":\"https:\\\/\\\/diariodepe.com.br\\\/xinhua\\\/wp-content\\\/uploads\\\/sites\\\/3\\\/2025\\\/06\\\/2025061794c8cc556edb416d9654e00e4999a50a_XxjwspP007009_20250617_CBMFN0A001.jpg\",\"articleSection\":[\"Economia\"],\"inLanguage\":\"pt-BR\",\"potentialAction\":[{\"@type\":\"CommentAction\",\"name\":\"Comment\",\"target\":[\"https:\\\/\\\/diariodepe.com.br\\\/xinhua\\\/2025\\\/06\\\/17\\\/especialistas-em-agricultura-discutem-aumentar-a-resiliencia-dos-sistemas-agroalimentares-globais\\\/#respond\"]}]},{\"@type\":\"WebPage\",\"@id\":\"https:\\\/\\\/diariodepe.com.br\\\/xinhua\\\/2025\\\/06\\\/17\\\/especialistas-em-agricultura-discutem-aumentar-a-resiliencia-dos-sistemas-agroalimentares-globais\\\/\",\"url\":\"https:\\\/\\\/diariodepe.com.br\\\/xinhua\\\/2025\\\/06\\\/17\\\/especialistas-em-agricultura-discutem-aumentar-a-resiliencia-dos-sistemas-agroalimentares-globais\\\/\",\"name\":\"Especialistas em agricultura discutem aumentar a resili\u00eancia dos sistemas agroalimentares globais - Xinhua - Diario de Pernambuco\",\"isPartOf\":{\"@id\":\"https:\\\/\\\/diariodepe.com.br\\\/xinhua\\\/#website\"},\"primaryImageOfPage\":{\"@id\":\"https:\\\/\\\/diariodepe.com.br\\\/xinhua\\\/2025\\\/06\\\/17\\\/especialistas-em-agricultura-discutem-aumentar-a-resiliencia-dos-sistemas-agroalimentares-globais\\\/#primaryimage\"},\"image\":{\"@id\":\"https:\\\/\\\/diariodepe.com.br\\\/xinhua\\\/2025\\\/06\\\/17\\\/especialistas-em-agricultura-discutem-aumentar-a-resiliencia-dos-sistemas-agroalimentares-globais\\\/#primaryimage\"},\"thumbnailUrl\":\"https:\\\/\\\/diariodepe.com.br\\\/xinhua\\\/wp-content\\\/uploads\\\/sites\\\/3\\\/2025\\\/06\\\/2025061794c8cc556edb416d9654e00e4999a50a_XxjwspP007009_20250617_CBMFN0A001.jpg\",\"datePublished\":\"2025-06-17T14:07:00+00:00\",\"breadcrumb\":{\"@id\":\"https:\\\/\\\/diariodepe.com.br\\\/xinhua\\\/2025\\\/06\\\/17\\\/especialistas-em-agricultura-discutem-aumentar-a-resiliencia-dos-sistemas-agroalimentares-globais\\\/#breadcrumb\"},\"inLanguage\":\"pt-BR\",\"potentialAction\":[{\"@type\":\"ReadAction\",\"target\":[\"https:\\\/\\\/diariodepe.com.br\\\/xinhua\\\/2025\\\/06\\\/17\\\/especialistas-em-agricultura-discutem-aumentar-a-resiliencia-dos-sistemas-agroalimentares-globais\\\/\"]}]},{\"@type\":\"ImageObject\",\"inLanguage\":\"pt-BR\",\"@id\":\"https:\\\/\\\/diariodepe.com.br\\\/xinhua\\\/2025\\\/06\\\/17\\\/especialistas-em-agricultura-discutem-aumentar-a-resiliencia-dos-sistemas-agroalimentares-globais\\\/#primaryimage\",\"url\":\"https:\\\/\\\/diariodepe.com.br\\\/xinhua\\\/wp-content\\\/uploads\\\/sites\\\/3\\\/2025\\\/06\\\/2025061794c8cc556edb416d9654e00e4999a50a_XxjwspP007009_20250617_CBMFN0A001.jpg\",\"contentUrl\":\"https:\\\/\\\/diariodepe.com.br\\\/xinhua\\\/wp-content\\\/uploads\\\/sites\\\/3\\\/2025\\\/06\\\/2025061794c8cc556edb416d9654e00e4999a50a_XxjwspP007009_20250617_CBMFN0A001.jpg\",\"width\":900,\"height\":637,\"caption\":\"(250527) -- BEIJING, May 27, 2025 (Xinhua) -- An aerial drone photo shows a harvester reaping wheat in the fields of Difang Township of Pingyi County in Linyi City, east China's Shandong Province, May 26, 2025. (Photo by Wu Jiquan\\\/Xinhua)\"},{\"@type\":\"BreadcrumbList\",\"@id\":\"https:\\\/\\\/diariodepe.com.br\\\/xinhua\\\/2025\\\/06\\\/17\\\/especialistas-em-agricultura-discutem-aumentar-a-resiliencia-dos-sistemas-agroalimentares-globais\\\/#breadcrumb\",\"itemListElement\":[{\"@type\":\"ListItem\",\"position\":1,\"name\":\"In\u00edcio\",\"item\":\"https:\\\/\\\/diariodepe.com.br\\\/xinhua\\\/\"},{\"@type\":\"ListItem\",\"position\":2,\"name\":\"Especialistas em agricultura discutem aumentar a resili\u00eancia dos sistemas agroalimentares globais\"}]},{\"@type\":\"WebSite\",\"@id\":\"https:\\\/\\\/diariodepe.com.br\\\/xinhua\\\/#website\",\"url\":\"https:\\\/\\\/diariodepe.com.br\\\/xinhua\\\/\",\"name\":\"Xinhua - Diario de Pernambuco\",\"description\":\"A maior ag\u00eancia de not\u00edcias da China e um dos principais canais para conhecer o pa\u00eds\",\"publisher\":{\"@id\":\"https:\\\/\\\/diariodepe.com.br\\\/xinhua\\\/#organization\"},\"potentialAction\":[{\"@type\":\"SearchAction\",\"target\":{\"@type\":\"EntryPoint\",\"urlTemplate\":\"https:\\\/\\\/diariodepe.com.br\\\/xinhua\\\/?s={search_term_string}\"},\"query-input\":{\"@type\":\"PropertyValueSpecification\",\"valueRequired\":true,\"valueName\":\"search_term_string\"}}],\"inLanguage\":\"pt-BR\"},{\"@type\":\"Organization\",\"@id\":\"https:\\\/\\\/diariodepe.com.br\\\/xinhua\\\/#organization\",\"name\":\"Xinhua - Diario de Pernambuco\",\"url\":\"https:\\\/\\\/diariodepe.com.br\\\/xinhua\\\/\",\"logo\":{\"@type\":\"ImageObject\",\"inLanguage\":\"pt-BR\",\"@id\":\"https:\\\/\\\/diariodepe.com.br\\\/xinhua\\\/#\\\/schema\\\/logo\\\/image\\\/\",\"url\":\"https:\\\/\\\/diariodepe.com.br\\\/xinhua\\\/wp-content\\\/uploads\\\/sites\\\/3\\\/2020\\\/10\\\/cropped-logo-transparente-2.png\",\"contentUrl\":\"https:\\\/\\\/diariodepe.com.br\\\/xinhua\\\/wp-content\\\/uploads\\\/sites\\\/3\\\/2020\\\/10\\\/cropped-logo-transparente-2.png\",\"width\":512,\"height\":164,\"caption\":\"Xinhua - Diario de Pernambuco\"},\"image\":{\"@id\":\"https:\\\/\\\/diariodepe.com.br\\\/xinhua\\\/#\\\/schema\\\/logo\\\/image\\\/\"}},{\"@type\":\"Person\",\"@id\":\"https:\\\/\\\/diariodepe.com.br\\\/xinhua\\\/#\\\/schema\\\/person\\\/0943d6fd02bdc7b49c8f495e8787a2cb\",\"name\":\"Marcelo Oliveira de A. Maranhao\",\"image\":{\"@type\":\"ImageObject\",\"inLanguage\":\"pt-BR\",\"@id\":\"https:\\\/\\\/secure.gravatar.com\\\/avatar\\\/f562caee940d39879c20e90eea3e4b21860c7d4c96684c23141c554824f0059c?s=96&d=mm&r=g\",\"url\":\"https:\\\/\\\/secure.gravatar.com\\\/avatar\\\/f562caee940d39879c20e90eea3e4b21860c7d4c96684c23141c554824f0059c?s=96&d=mm&r=g\",\"contentUrl\":\"https:\\\/\\\/secure.gravatar.com\\\/avatar\\\/f562caee940d39879c20e90eea3e4b21860c7d4c96684c23141c554824f0059c?s=96&d=mm&r=g\",\"caption\":\"Marcelo Oliveira de A. Maranhao\"},\"url\":\"https:\\\/\\\/diariodepe.com.br\\\/xinhua\\\/author\\\/marcelo-maranhao\\\/\"}]}<\/script>\n<!-- \/ Yoast SEO plugin. -->","yoast_head_json":{"title":"Especialistas em agricultura discutem aumentar a resili\u00eancia dos sistemas agroalimentares globais - Xinhua - Diario de Pernambuco","robots":{"index":"index","follow":"follow","max-snippet":"max-snippet:-1","max-image-preview":"max-image-preview:large","max-video-preview":"max-video-preview:-1"},"canonical":"https:\/\/diariodepe.com.br\/xinhua\/2025\/06\/17\/especialistas-em-agricultura-discutem-aumentar-a-resiliencia-dos-sistemas-agroalimentares-globais\/","og_locale":"pt_BR","og_type":"article","og_title":"Especialistas em agricultura discutem aumentar a resili\u00eancia dos sistemas agroalimentares globais - Xinhua - Diario de Pernambuco","og_description":"Beijing &#8211; Especialistas em agricultura reuniram-se na Universidade Agr\u00edcola da China (CAU, sigla em ingl\u00eas) no domingo para discutir estrat\u00e9gias para melhorar a seguran\u00e7a alimentar global e promover sistemas agroalimentares sustent\u00e1veis. &nbsp; &nbsp;Mais de 100 participantes participaram de discuss\u00f5es sob...","og_url":"https:\/\/diariodepe.com.br\/xinhua\/2025\/06\/17\/especialistas-em-agricultura-discutem-aumentar-a-resiliencia-dos-sistemas-agroalimentares-globais\/","og_site_name":"Xinhua - Diario de Pernambuco","article_published_time":"2025-06-17T14:07:00+00:00","og_image":[{"width":900,"height":637,"url":"https:\/\/diariodepe.com.br\/xinhua\/wp-content\/uploads\/sites\/3\/2025\/06\/2025061794c8cc556edb416d9654e00e4999a50a_XxjwspP007009_20250617_CBMFN0A001.jpg","type":"image\/jpeg"}],"author":"Marcelo Oliveira de A. Maranhao","twitter_card":"summary_large_image","twitter_misc":{"Escrito por":"Marcelo Oliveira de A. Maranhao","Est. tempo de leitura":"3 minutos"},"schema":{"@context":"https:\/\/schema.org","@graph":[{"@type":"Article","@id":"https:\/\/diariodepe.com.br\/xinhua\/2025\/06\/17\/especialistas-em-agricultura-discutem-aumentar-a-resiliencia-dos-sistemas-agroalimentares-globais\/#article","isPartOf":{"@id":"https:\/\/diariodepe.com.br\/xinhua\/2025\/06\/17\/especialistas-em-agricultura-discutem-aumentar-a-resiliencia-dos-sistemas-agroalimentares-globais\/"},"author":{"name":"Marcelo Oliveira de A. Maranhao","@id":"https:\/\/diariodepe.com.br\/xinhua\/#\/schema\/person\/0943d6fd02bdc7b49c8f495e8787a2cb"},"headline":"Especialistas em agricultura discutem aumentar a resili\u00eancia dos sistemas agroalimentares globais","datePublished":"2025-06-17T14:07:00+00:00","mainEntityOfPage":{"@id":"https:\/\/diariodepe.com.br\/xinhua\/2025\/06\/17\/especialistas-em-agricultura-discutem-aumentar-a-resiliencia-dos-sistemas-agroalimentares-globais\/"},"wordCount":540,"commentCount":0,"publisher":{"@id":"https:\/\/diariodepe.com.br\/xinhua\/#organization"},"image":{"@id":"https:\/\/diariodepe.com.br\/xinhua\/2025\/06\/17\/especialistas-em-agricultura-discutem-aumentar-a-resiliencia-dos-sistemas-agroalimentares-globais\/#primaryimage"},"thumbnailUrl":"https:\/\/diariodepe.com.br\/xinhua\/wp-content\/uploads\/sites\/3\/2025\/06\/2025061794c8cc556edb416d9654e00e4999a50a_XxjwspP007009_20250617_CBMFN0A001.jpg","articleSection":["Economia"],"inLanguage":"pt-BR","potentialAction":[{"@type":"CommentAction","name":"Comment","target":["https:\/\/diariodepe.com.br\/xinhua\/2025\/06\/17\/especialistas-em-agricultura-discutem-aumentar-a-resiliencia-dos-sistemas-agroalimentares-globais\/#respond"]}]},{"@type":"WebPage","@id":"https:\/\/diariodepe.com.br\/xinhua\/2025\/06\/17\/especialistas-em-agricultura-discutem-aumentar-a-resiliencia-dos-sistemas-agroalimentares-globais\/","url":"https:\/\/diariodepe.com.br\/xinhua\/2025\/06\/17\/especialistas-em-agricultura-discutem-aumentar-a-resiliencia-dos-sistemas-agroalimentares-globais\/","name":"Especialistas em agricultura discutem aumentar a resili\u00eancia dos sistemas agroalimentares globais - Xinhua - Diario de Pernambuco","isPartOf":{"@id":"https:\/\/diariodepe.com.br\/xinhua\/#website"},"primaryImageOfPage":{"@id":"https:\/\/diariodepe.com.br\/xinhua\/2025\/06\/17\/especialistas-em-agricultura-discutem-aumentar-a-resiliencia-dos-sistemas-agroalimentares-globais\/#primaryimage"},"image":{"@id":"https:\/\/diariodepe.com.br\/xinhua\/2025\/06\/17\/especialistas-em-agricultura-discutem-aumentar-a-resiliencia-dos-sistemas-agroalimentares-globais\/#primaryimage"},"thumbnailUrl":"https:\/\/diariodepe.com.br\/xinhua\/wp-content\/uploads\/sites\/3\/2025\/06\/2025061794c8cc556edb416d9654e00e4999a50a_XxjwspP007009_20250617_CBMFN0A001.jpg","datePublished":"2025-06-17T14:07:00+00:00","breadcrumb":{"@id":"https:\/\/diariodepe.com.br\/xinhua\/2025\/06\/17\/especialistas-em-agricultura-discutem-aumentar-a-resiliencia-dos-sistemas-agroalimentares-globais\/#breadcrumb"},"inLanguage":"pt-BR","potentialAction":[{"@type":"ReadAction","target":["https:\/\/diariodepe.com.br\/xinhua\/2025\/06\/17\/especialistas-em-agricultura-discutem-aumentar-a-resiliencia-dos-sistemas-agroalimentares-globais\/"]}]},{"@type":"ImageObject","inLanguage":"pt-BR","@id":"https:\/\/diariodepe.com.br\/xinhua\/2025\/06\/17\/especialistas-em-agricultura-discutem-aumentar-a-resiliencia-dos-sistemas-agroalimentares-globais\/#primaryimage","url":"https:\/\/diariodepe.com.br\/xinhua\/wp-content\/uploads\/sites\/3\/2025\/06\/2025061794c8cc556edb416d9654e00e4999a50a_XxjwspP007009_20250617_CBMFN0A001.jpg","contentUrl":"https:\/\/diariodepe.com.br\/xinhua\/wp-content\/uploads\/sites\/3\/2025\/06\/2025061794c8cc556edb416d9654e00e4999a50a_XxjwspP007009_20250617_CBMFN0A001.jpg","width":900,"height":637,"caption":"(250527) -- BEIJING, May 27, 2025 (Xinhua) -- An aerial drone photo shows a harvester reaping wheat in the fields of Difang Township of Pingyi County in Linyi City, east China's Shandong Province, May 26, 2025. (Photo by Wu Jiquan\/Xinhua)"},{"@type":"BreadcrumbList","@id":"https:\/\/diariodepe.com.br\/xinhua\/2025\/06\/17\/especialistas-em-agricultura-discutem-aumentar-a-resiliencia-dos-sistemas-agroalimentares-globais\/#breadcrumb","itemListElement":[{"@type":"ListItem","position":1,"name":"In\u00edcio","item":"https:\/\/diariodepe.com.br\/xinhua\/"},{"@type":"ListItem","position":2,"name":"Especialistas em agricultura discutem aumentar a resili\u00eancia dos sistemas agroalimentares globais"}]},{"@type":"WebSite","@id":"https:\/\/diariodepe.com.br\/xinhua\/#website","url":"https:\/\/diariodepe.com.br\/xinhua\/","name":"Xinhua - Diario de Pernambuco","description":"A maior ag\u00eancia de not\u00edcias da China e um dos principais canais para conhecer o pa\u00eds","publisher":{"@id":"https:\/\/diariodepe.com.br\/xinhua\/#organization"},"potentialAction":[{"@type":"SearchAction","target":{"@type":"EntryPoint","urlTemplate":"https:\/\/diariodepe.com.br\/xinhua\/?s={search_term_string}"},"query-input":{"@type":"PropertyValueSpecification","valueRequired":true,"valueName":"search_term_string"}}],"inLanguage":"pt-BR"},{"@type":"Organization","@id":"https:\/\/diariodepe.com.br\/xinhua\/#organization","name":"Xinhua - Diario de Pernambuco","url":"https:\/\/diariodepe.com.br\/xinhua\/","logo":{"@type":"ImageObject","inLanguage":"pt-BR","@id":"https:\/\/diariodepe.com.br\/xinhua\/#\/schema\/logo\/image\/","url":"https:\/\/diariodepe.com.br\/xinhua\/wp-content\/uploads\/sites\/3\/2020\/10\/cropped-logo-transparente-2.png","contentUrl":"https:\/\/diariodepe.com.br\/xinhua\/wp-content\/uploads\/sites\/3\/2020\/10\/cropped-logo-transparente-2.png","width":512,"height":164,"caption":"Xinhua - Diario de Pernambuco"},"image":{"@id":"https:\/\/diariodepe.com.br\/xinhua\/#\/schema\/logo\/image\/"}},{"@type":"Person","@id":"https:\/\/diariodepe.com.br\/xinhua\/#\/schema\/person\/0943d6fd02bdc7b49c8f495e8787a2cb","name":"Marcelo Oliveira de A. Maranhao","image":{"@type":"ImageObject","inLanguage":"pt-BR","@id":"https:\/\/secure.gravatar.com\/avatar\/f562caee940d39879c20e90eea3e4b21860c7d4c96684c23141c554824f0059c?s=96&d=mm&r=g","url":"https:\/\/secure.gravatar.com\/avatar\/f562caee940d39879c20e90eea3e4b21860c7d4c96684c23141c554824f0059c?s=96&d=mm&r=g","contentUrl":"https:\/\/secure.gravatar.com\/avatar\/f562caee940d39879c20e90eea3e4b21860c7d4c96684c23141c554824f0059c?s=96&d=mm&r=g","caption":"Marcelo Oliveira de A. Maranhao"},"url":"https:\/\/diariodepe.com.br\/xinhua\/author\/marcelo-maranhao\/"}]}},"cc_featured_image_caption":{"caption_text":"","source_text":"","source_url":""},"amp_enabled":true,"_links":{"self":[{"href":"https:\/\/diariodepe.com.br\/xinhua\/wp-json\/wp\/v2\/posts\/26546","targetHints":{"allow":["GET"]}}],"collection":[{"href":"https:\/\/diariodepe.com.br\/xinhua\/wp-json\/wp\/v2\/posts"}],"about":[{"href":"https:\/\/diariodepe.com.br\/xinhua\/wp-json\/wp\/v2\/types\/post"}],"author":[{"embeddable":true,"href":"https:\/\/diariodepe.com.br\/xinhua\/wp-json\/wp\/v2\/users\/3"}],"replies":[{"embeddable":true,"href":"https:\/\/diariodepe.com.br\/xinhua\/wp-json\/wp\/v2\/comments?post=26546"}],"version-history":[{"count":1,"href":"https:\/\/diariodepe.com.br\/xinhua\/wp-json\/wp\/v2\/posts\/26546\/revisions"}],"predecessor-version":[{"id":26548,"href":"https:\/\/diariodepe.com.br\/xinhua\/wp-json\/wp\/v2\/posts\/26546\/revisions\/26548"}],"wp:featuredmedia":[{"embeddable":true,"href":"https:\/\/diariodepe.com.br\/xinhua\/wp-json\/wp\/v2\/media\/26547"}],"wp:attachment":[{"href":"https:\/\/diariodepe.com.br\/xinhua\/wp-json\/wp\/v2\/media?parent=26546"}],"wp:term":[{"taxonomy":"category","embeddable":true,"href":"https:\/\/diariodepe.com.br\/xinhua\/wp-json\/wp\/v2\/categories?post=26546"},{"taxonomy":"post_tag","embeddable":true,"href":"https:\/\/diariodepe.com.br\/xinhua\/wp-json\/wp\/v2\/tags?post=26546"}],"curies":[{"name":"wp","href":"https:\/\/api.w.org\/{rel}","templated":true}]}}