{"id":26543,"date":"2025-06-17T09:55:00","date_gmt":"2025-06-17T12:55:00","guid":{"rendered":"https:\/\/www.diariodepe.com.br\/xinhua\/?p=26543"},"modified":"2025-06-17T06:56:45","modified_gmt":"2025-06-17T09:56:45","slug":"desfile-militar-em-meio-aos-protestos-sem-reis-reflete-distorcao-da-democracia-americana","status":"publish","type":"post","link":"https:\/\/diariodepe.com.br\/xinhua\/2025\/06\/17\/desfile-militar-em-meio-aos-protestos-sem-reis-reflete-distorcao-da-democracia-americana\/","title":{"rendered":"Desfile militar em meio aos protestos &#8220;Sem Reis&#8221; reflete distor\u00e7\u00e3o da democracia americana"},"content":{"rendered":"\n<p>Por Xia Lin<\/p>\n\n\n\n<p>Nova York &#8211; O presidente dos EUA, Donald Trump, organizou no s\u00e1bado um desfile militar em Washington, D.C., para marcar o 250\u00ba anivers\u00e1rio do Ex\u00e9rcito dos EUA, com eventos de um dia inteiro e a participa\u00e7\u00e3o de mais de 6.000 soldados, mais de 120 ve\u00edculos e um sobrevoo, a um custo estimado em cerca de 45 milh\u00f5es de d\u00f3lares americanos.<\/p>\n\n\n\n<p>O desfile coincidiu com o 79\u00ba anivers\u00e1rio do presidente e sua tomada do controle da Guarda Nacional da Calif\u00f3rnia e o envio de fuzileiros navais dos EUA para reprimir protestos contra opera\u00e7\u00f5es de imigra\u00e7\u00e3o em Los Angeles.<\/p>\n\n\n\n<p>Tamb\u00e9m aconteceu no mesmo dia em que cerca de 2.000 protestos &#8220;Sem Reis&#8221; foram realizados em todo o pa\u00eds.<\/p>\n\n\n\n<p><strong>&#8220;CELEBRA\u00c7\u00c3O DE UM HOMEM&#8221;<\/strong><\/p>\n\n\n\n<p>Trump \u00e9 &#8220;a for\u00e7a motriz por tr\u00e1s do desfile pela Constitution Avenue, em Washington, que passa atr\u00e1s da Casa Branca, que inclui uma exibi\u00e7\u00e3o vigorosa de 6.600 soldados, tanques Abrams, ve\u00edculos de combate Bradley e um helic\u00f3ptero Black Hawk&#8221;, informou a ag\u00eancia de not\u00edcias nova-iorquina Bloomberg News sobre o evento, acrescentando que o custo inclui poss\u00edveis danos \u00e0s principais ruas do Distrito de Columbia causados \u200b\u200bpor esteiras pesadas de tanques.<\/p>\n\n\n\n<p>Os Estados Unidos celebraram seu poderio militar pela \u00faltima vez em 1991, ap\u00f3s a Guerra do Golfo. Trump tem se mostrado ansioso para sediar um desfile militar desde que participou do desfile do Dia da Bastilha em Paris, durante seu primeiro mandato, em 2017. Autoridades da cidade de Washington alertaram que ve\u00edculos militares pesados \u200b\u200bpoderiam danificar as ruas da cidade, e o pre\u00e7o se tornou um problema pol\u00edtico.<\/p>\n\n\n\n<p>&#8220;O desfile com o tema do anivers\u00e1rio do presidente levou oito anos para ser planejado&#8221;, disse o jornal americano USA Today. Ele vinha cogitando a ideia desde antes de sua primeira posse. Trump disse ao jornal americano Washington Post em 2017 que queria exibir as For\u00e7as Armadas dos EUA em desfiles em Washington, D.C. e Nova York. &#8220;Queremos nos mostrar um pouco&#8221;, disse Trump em um discurso em Fort Bragg, Carolina do Norte, na ter\u00e7a-feira.<\/p>\n\n\n\n<p>&#8220;O Ex\u00e9rcito merece ser celebrado. Mas isso se parece muito com a celebra\u00e7\u00e3o de um homem e n\u00e3o da Constitui\u00e7\u00e3o e dos princ\u00edpios nela consagrados&#8221;, disse Janessa Goldbeck, fuzileira naval aposentada que agora \u00e9 consultora s\u00eanior da Vote Vets, uma organiza\u00e7\u00e3o progressista de veteranos.<\/p>\n\n\n\n<p>Eliot A. Cohen, historiador militar do Centro de Estudos Estrat\u00e9gicos e Internacionais, foi mais direto ao revelar a coincid\u00eancia entre o protesto nacional e o espet\u00e1culo militar promovido e organizado pelo presidente, observando que &#8220;um desfile militar composto por pessoas homenageia o servi\u00e7o, mas um desfile com metal pesado \u00e9 uma express\u00e3o de poder&#8221;.<\/p>\n\n\n\n<p>Greg Jaffe, correspondente do Pent\u00e1gono dos EUA que passou mais de uma d\u00e9cada cobrindo as For\u00e7as Armadas, escreveu que o desfile &#8220;com seu foco em tanques, helic\u00f3pteros e ve\u00edculos blindados de transporte de pessoal, dificilmente far\u00e1 muito para fortalecer a conex\u00e3o entre o Ex\u00e9rcito e o pa\u00eds ao qual serve&#8221;.<\/p>\n\n\n\n<p><strong>POLITIZA\u00c7\u00c3O MILITAR<\/strong><\/p>\n\n\n\n<p>Na \u00faltima vez em que tanques desfilaram pelas ruas de Washington, o Ex\u00e9rcito dos EUA estava no auge de sua confian\u00e7a e poder, havia esmagado o ex\u00e9rcito de Saddam Hussein no Iraque em um ataque terrestre que durou apenas 100 horas. Tr\u00eas d\u00e9cadas depois, os tanques do Ex\u00e9rcito voltaram \u00e0s ruas da capital, enquanto a For\u00e7a enfrenta sua pior crise de identidade desde a derrota no Vietn\u00e3.<\/p>\n\n\n\n<p>&#8220;Os protestos, sob o r\u00f3tulo \u2018Sem Reis\u2019, refletem a preocupa\u00e7\u00e3o de que Trump esteja usando as For\u00e7as Armadas para melhorar sua pr\u00f3pria imagem e promover seus objetivos pol\u00edticos&#8221;, observou o jornal americano The Wall Street Journal (WSJ).<\/p>\n\n\n\n<p>&#8220;H\u00e1 preocupa\u00e7\u00f5es sobre a politiza\u00e7\u00e3o da for\u00e7a por um presidente que descreve os manifestantes como \u2018animais\u2019 e frequentemente parece estar procurando desculpa para mobilizar tropas terrestres em resposta a manifesta\u00e7\u00f5es ou dist\u00farbios civis&#8221;, escreveu o rep\u00f3rter militar Jaffe.<\/p>\n\n\n\n<p>Al\u00e9m disso, o discurso anterior do presidente destacou o perigo de que o Ex\u00e9rcito, que conta com amplo apoio do povo americano h\u00e1 um quarto de s\u00e9culo, possa ser percebido como uma for\u00e7a partid\u00e1ria ou pol\u00edtica, disse o jornalista militar. &#8220;Tanto o Sr. Trump quanto o secret\u00e1rio de Defesa, Pete Hegseth, falam frequentemente sobre a amea\u00e7a interna que a Am\u00e9rica representa&#8221;, disse ele.<\/p>\n\n\n\n<p>No in\u00edcio de junho, em Fort Bragg, Carolina do Norte, Trump, com soldados da 82\u00aa Divis\u00e3o Aerotransportada ao seu lado, denunciou seus rivais pol\u00edticos, o ex-presidente Joe Biden e o governador da Calif\u00f3rnia, Gavin Newsom. Ele tamb\u00e9m criticou pessoas que protestavam contra batidas policiais de imigra\u00e7\u00e3o e quem atacava propriedades p\u00fablicas em Los Angeles como subumanos, alertando que poderiam ser alvos de tropas americanas.<\/p>\n\n\n\n<p>De acordo com a m\u00eddia americana, entre as maiores preocupa\u00e7\u00f5es dos altos l\u00edderes do Ex\u00e9rcito est\u00e1 a possibilidade de Trump invocar a Lei da Insurrei\u00e7\u00e3o de 1807, que daria \u00e0s tropas americanas poderes de aplica\u00e7\u00e3o da lei em cidades americanas e potencialmente as colocaria em conflito com seus concidad\u00e3os. Algumas autoridades temem que ele possa estar preparando o terreno para essa medida com suas refer\u00eancias a uma &#8220;invas\u00e3o&#8221; de migrantes.<\/p>\n\n\n\n<figure class=\"wp-block-image\"><img decoding=\"async\" src=\"https:\/\/portuguese.news.cn\/20250617\/b83f98153d9e4055a1a649b6496abae9\/20250617b83f98153d9e4055a1a649b6496abae9_2025061732fdf9fec0124d1e84ea5da946a11ffa.jpeg\" alt=\"\"\/><\/figure>\n\n\n\n<p>Desfile militar \u00e9 realizado em Washington, D.C., Estados Unidos, no dia 14 de junho de 2025. O presidente dos EUA, Donald Trump, organizou no s\u00e1bado um desfile militar em Washington, D.C. para marcar o 250\u00ba anivers\u00e1rio do Ex\u00e9rcito, com a participa\u00e7\u00e3o de mais de 6.000 soldados, 120 ve\u00edculos e um sobrevoo. (Xinhua\/Hu Yousong)<\/p>\n\n\n\n<p><strong>TROPAS ATRASADAS<\/strong><\/p>\n\n\n\n<p>&#8220;O Ex\u00e9rcito est\u00e1 se esfor\u00e7ando para acompanhar a natureza mut\u00e1vel da guerra, \u00e0 medida que equipamentos militares caros e antiquados se tornam cada vez mais vulner\u00e1veis \u200b\u200ba ataques de drones baratos e prontos para uso&#8221;, informou o WSJ sobre o desfile. &#8220;H\u00e1 muitas d\u00favidas se o equipamento antigo do Ex\u00e9rcito sobreviver\u00e1 em futuros campos de batalha cheios de drones de precis\u00e3o baratos&#8221;.<\/p>\n\n\n\n<p>O fato de o equipamento refletir os m\u00e9todos de guerra de gera\u00e7\u00f5es anteriores destaca essa realidade desconfort\u00e1vel para os militares. O \u00faltimo grande desfile desse tipo foi uma celebra\u00e7\u00e3o da vit\u00f3ria dos Estados Unidos e seus aliados na Guerra do Golfo, em 1991. &#8220;Os EUA n\u00e3o venceram uma grande guerra desde ent\u00e3o&#8221;, afirmou a reportagem do WSJ.<\/p>\n\n\n\n<p>O resultado \u00e9 que os militares n\u00e3o aprenderam com seus erros nesses conflitos, disse Jonathan Schroden, especialista em guerra irregular do CNA, um instituto de pesquisa de defesa apartid\u00e1rio. &#8220;N\u00e3o aprendemos em tempo real e tamb\u00e9m n\u00e3o estamos aprendendo atrav\u00e9s de uma lente hist\u00f3rica&#8221;, disse Schroden. &#8220;Isso \u00e9 preocupante&#8221;.<\/p>\n\n\n\n<p>Independentemente do que tenha acontecido, o desfile mostrou que os militares est\u00e3o se atualizando. Drones, sat\u00e9lites e \u00f3culos de vis\u00e3o noturna estavam expostos perto do trajeto do desfile, equipamentos menores e mais baratos do que os utilizados pelos militares em guerras anteriores. H\u00e1 informa\u00e7\u00f5es de que o Ex\u00e9rcito habilitar\u00e1 o comando e o controle baseados em intelig\u00eancia artificial (IA) em certos quart\u00e9is-generais dentro de dois anos e estender\u00e1 a manufatura avan\u00e7ada para unidades operacionais ainda mais cedo.<\/p>\n\n\n\n<p>Enquanto isso, tamb\u00e9m h\u00e1 problemas de pessoal. Em dois dos \u00faltimos tr\u00eas anos, o Ex\u00e9rcito n\u00e3o atingiu suas metas de recrutamento, e pesquisas mostram que a confian\u00e7a do p\u00fablico nas For\u00e7as Armadas diminuiu.<\/p>\n\n\n\n<p>De acordo com dados abertos, o Ex\u00e9rcito dos EUA atingiu apenas 75% de suas metas de recrutamento em 2022 e 2023. Cinquenta por cento dos jovens adultos sabem pouco ou nada sobre o servi\u00e7o militar, e um n\u00famero surpreendentemente alto de 71% n\u00e3o s\u00e3o eleg\u00edveis para o alistamento devido \u00e0 obesidade, uso de drogas ou outros motivos. Cerca de 46% dos soldados s\u00e3o negros, latinos ou de outras minorias, e mais de 15% s\u00e3o mulheres, informou o Ex\u00e9rcito em 2022.<\/p>\n","protected":false},"excerpt":{"rendered":"<p>Por Xia Lin Nova York &#8211; O presidente dos EUA, Donald Trump, organizou no s\u00e1bado um desfile militar em Washington, D.C., para marcar o 250\u00ba anivers\u00e1rio do Ex\u00e9rcito dos EUA, com eventos de um dia inteiro e a participa\u00e7\u00e3o de&#8230;<\/p>\n","protected":false},"author":3,"featured_media":26544,"comment_status":"open","ping_status":"open","sticky":false,"template":"","format":"standard","meta":{"footnotes":""},"categories":[4],"tags":[],"class_list":["post-26543","post","type-post","status-publish","format-standard","has-post-thumbnail","hentry","category-internacional"],"yoast_head":"<!-- This site is optimized with the Yoast SEO plugin v27.4 - https:\/\/yoast.com\/product\/yoast-seo-wordpress\/ -->\n<title>Desfile militar em meio aos protestos &quot;Sem Reis&quot; reflete distor\u00e7\u00e3o da democracia americana - Xinhua - Diario de Pernambuco<\/title>\n<meta name=\"robots\" content=\"index, follow, max-snippet:-1, max-image-preview:large, max-video-preview:-1\" \/>\n<link rel=\"canonical\" href=\"https:\/\/diariodepe.com.br\/xinhua\/2025\/06\/17\/desfile-militar-em-meio-aos-protestos-sem-reis-reflete-distorcao-da-democracia-americana\/\" \/>\n<meta property=\"og:locale\" content=\"pt_BR\" \/>\n<meta property=\"og:type\" content=\"article\" \/>\n<meta property=\"og:title\" content=\"Desfile militar em meio aos protestos &quot;Sem Reis&quot; reflete distor\u00e7\u00e3o da democracia americana - Xinhua - Diario de Pernambuco\" \/>\n<meta property=\"og:description\" content=\"Por Xia Lin Nova York &#8211; O presidente dos EUA, Donald Trump, organizou no s\u00e1bado um desfile militar em Washington, D.C., para marcar o 250\u00ba anivers\u00e1rio do Ex\u00e9rcito dos EUA, com eventos de um dia inteiro e a participa\u00e7\u00e3o de...\" \/>\n<meta property=\"og:url\" content=\"https:\/\/diariodepe.com.br\/xinhua\/2025\/06\/17\/desfile-militar-em-meio-aos-protestos-sem-reis-reflete-distorcao-da-democracia-americana\/\" \/>\n<meta property=\"og:site_name\" content=\"Xinhua - Diario de Pernambuco\" \/>\n<meta property=\"article:published_time\" content=\"2025-06-17T12:55:00+00:00\" \/>\n<meta property=\"og:image\" content=\"https:\/\/diariodepe.com.br\/xinhua\/wp-content\/uploads\/sites\/3\/2025\/06\/20250617b83f98153d9e4055a1a649b6496abae9_202506177bb6b41d060245799f95067f6fdbfbca.jpeg\" \/>\n\t<meta property=\"og:image:width\" content=\"900\" \/>\n\t<meta property=\"og:image:height\" content=\"600\" \/>\n\t<meta property=\"og:image:type\" content=\"image\/jpeg\" \/>\n<meta name=\"author\" content=\"Marcelo Oliveira de A. Maranhao\" \/>\n<meta name=\"twitter:card\" content=\"summary_large_image\" \/>\n<meta name=\"twitter:label1\" content=\"Escrito por\" \/>\n\t<meta name=\"twitter:data1\" content=\"Marcelo Oliveira de A. Maranhao\" \/>\n\t<meta name=\"twitter:label2\" content=\"Est. tempo de leitura\" \/>\n\t<meta name=\"twitter:data2\" content=\"8 minutos\" \/>\n<script type=\"application\/ld+json\" class=\"yoast-schema-graph\">{\"@context\":\"https:\\\/\\\/schema.org\",\"@graph\":[{\"@type\":\"Article\",\"@id\":\"https:\\\/\\\/diariodepe.com.br\\\/xinhua\\\/2025\\\/06\\\/17\\\/desfile-militar-em-meio-aos-protestos-sem-reis-reflete-distorcao-da-democracia-americana\\\/#article\",\"isPartOf\":{\"@id\":\"https:\\\/\\\/diariodepe.com.br\\\/xinhua\\\/2025\\\/06\\\/17\\\/desfile-militar-em-meio-aos-protestos-sem-reis-reflete-distorcao-da-democracia-americana\\\/\"},\"author\":{\"name\":\"Marcelo Oliveira de A. Maranhao\",\"@id\":\"https:\\\/\\\/diariodepe.com.br\\\/xinhua\\\/#\\\/schema\\\/person\\\/0943d6fd02bdc7b49c8f495e8787a2cb\"},\"headline\":\"Desfile militar em meio aos protestos &#8220;Sem Reis&#8221; reflete distor\u00e7\u00e3o da democracia americana\",\"datePublished\":\"2025-06-17T12:55:00+00:00\",\"mainEntityOfPage\":{\"@id\":\"https:\\\/\\\/diariodepe.com.br\\\/xinhua\\\/2025\\\/06\\\/17\\\/desfile-militar-em-meio-aos-protestos-sem-reis-reflete-distorcao-da-democracia-americana\\\/\"},\"wordCount\":1367,\"commentCount\":0,\"publisher\":{\"@id\":\"https:\\\/\\\/diariodepe.com.br\\\/xinhua\\\/#organization\"},\"image\":{\"@id\":\"https:\\\/\\\/diariodepe.com.br\\\/xinhua\\\/2025\\\/06\\\/17\\\/desfile-militar-em-meio-aos-protestos-sem-reis-reflete-distorcao-da-democracia-americana\\\/#primaryimage\"},\"thumbnailUrl\":\"https:\\\/\\\/diariodepe.com.br\\\/xinhua\\\/wp-content\\\/uploads\\\/sites\\\/3\\\/2025\\\/06\\\/20250617b83f98153d9e4055a1a649b6496abae9_202506177bb6b41d060245799f95067f6fdbfbca.jpeg\",\"articleSection\":[\"Internacional\"],\"inLanguage\":\"pt-BR\",\"potentialAction\":[{\"@type\":\"CommentAction\",\"name\":\"Comment\",\"target\":[\"https:\\\/\\\/diariodepe.com.br\\\/xinhua\\\/2025\\\/06\\\/17\\\/desfile-militar-em-meio-aos-protestos-sem-reis-reflete-distorcao-da-democracia-americana\\\/#respond\"]}]},{\"@type\":\"WebPage\",\"@id\":\"https:\\\/\\\/diariodepe.com.br\\\/xinhua\\\/2025\\\/06\\\/17\\\/desfile-militar-em-meio-aos-protestos-sem-reis-reflete-distorcao-da-democracia-americana\\\/\",\"url\":\"https:\\\/\\\/diariodepe.com.br\\\/xinhua\\\/2025\\\/06\\\/17\\\/desfile-militar-em-meio-aos-protestos-sem-reis-reflete-distorcao-da-democracia-americana\\\/\",\"name\":\"Desfile militar em meio aos protestos \\\"Sem Reis\\\" reflete distor\u00e7\u00e3o da democracia americana - Xinhua - Diario de Pernambuco\",\"isPartOf\":{\"@id\":\"https:\\\/\\\/diariodepe.com.br\\\/xinhua\\\/#website\"},\"primaryImageOfPage\":{\"@id\":\"https:\\\/\\\/diariodepe.com.br\\\/xinhua\\\/2025\\\/06\\\/17\\\/desfile-militar-em-meio-aos-protestos-sem-reis-reflete-distorcao-da-democracia-americana\\\/#primaryimage\"},\"image\":{\"@id\":\"https:\\\/\\\/diariodepe.com.br\\\/xinhua\\\/2025\\\/06\\\/17\\\/desfile-militar-em-meio-aos-protestos-sem-reis-reflete-distorcao-da-democracia-americana\\\/#primaryimage\"},\"thumbnailUrl\":\"https:\\\/\\\/diariodepe.com.br\\\/xinhua\\\/wp-content\\\/uploads\\\/sites\\\/3\\\/2025\\\/06\\\/20250617b83f98153d9e4055a1a649b6496abae9_202506177bb6b41d060245799f95067f6fdbfbca.jpeg\",\"datePublished\":\"2025-06-17T12:55:00+00:00\",\"breadcrumb\":{\"@id\":\"https:\\\/\\\/diariodepe.com.br\\\/xinhua\\\/2025\\\/06\\\/17\\\/desfile-militar-em-meio-aos-protestos-sem-reis-reflete-distorcao-da-democracia-americana\\\/#breadcrumb\"},\"inLanguage\":\"pt-BR\",\"potentialAction\":[{\"@type\":\"ReadAction\",\"target\":[\"https:\\\/\\\/diariodepe.com.br\\\/xinhua\\\/2025\\\/06\\\/17\\\/desfile-militar-em-meio-aos-protestos-sem-reis-reflete-distorcao-da-democracia-americana\\\/\"]}]},{\"@type\":\"ImageObject\",\"inLanguage\":\"pt-BR\",\"@id\":\"https:\\\/\\\/diariodepe.com.br\\\/xinhua\\\/2025\\\/06\\\/17\\\/desfile-militar-em-meio-aos-protestos-sem-reis-reflete-distorcao-da-democracia-americana\\\/#primaryimage\",\"url\":\"https:\\\/\\\/diariodepe.com.br\\\/xinhua\\\/wp-content\\\/uploads\\\/sites\\\/3\\\/2025\\\/06\\\/20250617b83f98153d9e4055a1a649b6496abae9_202506177bb6b41d060245799f95067f6fdbfbca.jpeg\",\"contentUrl\":\"https:\\\/\\\/diariodepe.com.br\\\/xinhua\\\/wp-content\\\/uploads\\\/sites\\\/3\\\/2025\\\/06\\\/20250617b83f98153d9e4055a1a649b6496abae9_202506177bb6b41d060245799f95067f6fdbfbca.jpeg\",\"width\":900,\"height\":600,\"caption\":\"(250615) -- BOSTON, June 15, 2025 (Xinhua) -- People participate in a \\\"No Kings\\\" protest in Boston, Massachusetts, the United States on June 14, 2025. U.S. President Donald Trump on Saturday hosted a military parade in Washington, D.C. to mark the Army's 250th anniversary with the participation of over 6,000 soldiers, 120 vehicles and a flyover. The parade, at the reported cost of around 45 million U.S. dollars, took place amid nationwide \\\"No Kings\\\" protests organized to \\\"(reject) authoritarianism, billionaire-first politics and the militarization of our democracy\\\" by the Trump administration. (Photo by Ziyu Julian Zhu\\\/Xinhua)\"},{\"@type\":\"BreadcrumbList\",\"@id\":\"https:\\\/\\\/diariodepe.com.br\\\/xinhua\\\/2025\\\/06\\\/17\\\/desfile-militar-em-meio-aos-protestos-sem-reis-reflete-distorcao-da-democracia-americana\\\/#breadcrumb\",\"itemListElement\":[{\"@type\":\"ListItem\",\"position\":1,\"name\":\"In\u00edcio\",\"item\":\"https:\\\/\\\/diariodepe.com.br\\\/xinhua\\\/\"},{\"@type\":\"ListItem\",\"position\":2,\"name\":\"Desfile militar em meio aos protestos &#8220;Sem Reis&#8221; reflete distor\u00e7\u00e3o da democracia americana\"}]},{\"@type\":\"WebSite\",\"@id\":\"https:\\\/\\\/diariodepe.com.br\\\/xinhua\\\/#website\",\"url\":\"https:\\\/\\\/diariodepe.com.br\\\/xinhua\\\/\",\"name\":\"Xinhua - Diario de Pernambuco\",\"description\":\"A maior ag\u00eancia de not\u00edcias da China e um dos principais canais para conhecer o pa\u00eds\",\"publisher\":{\"@id\":\"https:\\\/\\\/diariodepe.com.br\\\/xinhua\\\/#organization\"},\"potentialAction\":[{\"@type\":\"SearchAction\",\"target\":{\"@type\":\"EntryPoint\",\"urlTemplate\":\"https:\\\/\\\/diariodepe.com.br\\\/xinhua\\\/?s={search_term_string}\"},\"query-input\":{\"@type\":\"PropertyValueSpecification\",\"valueRequired\":true,\"valueName\":\"search_term_string\"}}],\"inLanguage\":\"pt-BR\"},{\"@type\":\"Organization\",\"@id\":\"https:\\\/\\\/diariodepe.com.br\\\/xinhua\\\/#organization\",\"name\":\"Xinhua - Diario de Pernambuco\",\"url\":\"https:\\\/\\\/diariodepe.com.br\\\/xinhua\\\/\",\"logo\":{\"@type\":\"ImageObject\",\"inLanguage\":\"pt-BR\",\"@id\":\"https:\\\/\\\/diariodepe.com.br\\\/xinhua\\\/#\\\/schema\\\/logo\\\/image\\\/\",\"url\":\"https:\\\/\\\/diariodepe.com.br\\\/xinhua\\\/wp-content\\\/uploads\\\/sites\\\/3\\\/2020\\\/10\\\/cropped-logo-transparente-2.png\",\"contentUrl\":\"https:\\\/\\\/diariodepe.com.br\\\/xinhua\\\/wp-content\\\/uploads\\\/sites\\\/3\\\/2020\\\/10\\\/cropped-logo-transparente-2.png\",\"width\":512,\"height\":164,\"caption\":\"Xinhua - Diario de Pernambuco\"},\"image\":{\"@id\":\"https:\\\/\\\/diariodepe.com.br\\\/xinhua\\\/#\\\/schema\\\/logo\\\/image\\\/\"}},{\"@type\":\"Person\",\"@id\":\"https:\\\/\\\/diariodepe.com.br\\\/xinhua\\\/#\\\/schema\\\/person\\\/0943d6fd02bdc7b49c8f495e8787a2cb\",\"name\":\"Marcelo Oliveira de A. Maranhao\",\"image\":{\"@type\":\"ImageObject\",\"inLanguage\":\"pt-BR\",\"@id\":\"https:\\\/\\\/secure.gravatar.com\\\/avatar\\\/f562caee940d39879c20e90eea3e4b21860c7d4c96684c23141c554824f0059c?s=96&d=mm&r=g\",\"url\":\"https:\\\/\\\/secure.gravatar.com\\\/avatar\\\/f562caee940d39879c20e90eea3e4b21860c7d4c96684c23141c554824f0059c?s=96&d=mm&r=g\",\"contentUrl\":\"https:\\\/\\\/secure.gravatar.com\\\/avatar\\\/f562caee940d39879c20e90eea3e4b21860c7d4c96684c23141c554824f0059c?s=96&d=mm&r=g\",\"caption\":\"Marcelo Oliveira de A. Maranhao\"},\"url\":\"https:\\\/\\\/diariodepe.com.br\\\/xinhua\\\/author\\\/marcelo-maranhao\\\/\"}]}<\/script>\n<!-- \/ Yoast SEO plugin. -->","yoast_head_json":{"title":"Desfile militar em meio aos protestos \"Sem Reis\" reflete distor\u00e7\u00e3o da democracia americana - Xinhua - Diario de Pernambuco","robots":{"index":"index","follow":"follow","max-snippet":"max-snippet:-1","max-image-preview":"max-image-preview:large","max-video-preview":"max-video-preview:-1"},"canonical":"https:\/\/diariodepe.com.br\/xinhua\/2025\/06\/17\/desfile-militar-em-meio-aos-protestos-sem-reis-reflete-distorcao-da-democracia-americana\/","og_locale":"pt_BR","og_type":"article","og_title":"Desfile militar em meio aos protestos \"Sem Reis\" reflete distor\u00e7\u00e3o da democracia americana - Xinhua - Diario de Pernambuco","og_description":"Por Xia Lin Nova York &#8211; O presidente dos EUA, Donald Trump, organizou no s\u00e1bado um desfile militar em Washington, D.C., para marcar o 250\u00ba anivers\u00e1rio do Ex\u00e9rcito dos EUA, com eventos de um dia inteiro e a participa\u00e7\u00e3o de...","og_url":"https:\/\/diariodepe.com.br\/xinhua\/2025\/06\/17\/desfile-militar-em-meio-aos-protestos-sem-reis-reflete-distorcao-da-democracia-americana\/","og_site_name":"Xinhua - Diario de Pernambuco","article_published_time":"2025-06-17T12:55:00+00:00","og_image":[{"width":900,"height":600,"url":"https:\/\/diariodepe.com.br\/xinhua\/wp-content\/uploads\/sites\/3\/2025\/06\/20250617b83f98153d9e4055a1a649b6496abae9_202506177bb6b41d060245799f95067f6fdbfbca.jpeg","type":"image\/jpeg"}],"author":"Marcelo Oliveira de A. Maranhao","twitter_card":"summary_large_image","twitter_misc":{"Escrito por":"Marcelo Oliveira de A. Maranhao","Est. tempo de leitura":"8 minutos"},"schema":{"@context":"https:\/\/schema.org","@graph":[{"@type":"Article","@id":"https:\/\/diariodepe.com.br\/xinhua\/2025\/06\/17\/desfile-militar-em-meio-aos-protestos-sem-reis-reflete-distorcao-da-democracia-americana\/#article","isPartOf":{"@id":"https:\/\/diariodepe.com.br\/xinhua\/2025\/06\/17\/desfile-militar-em-meio-aos-protestos-sem-reis-reflete-distorcao-da-democracia-americana\/"},"author":{"name":"Marcelo Oliveira de A. Maranhao","@id":"https:\/\/diariodepe.com.br\/xinhua\/#\/schema\/person\/0943d6fd02bdc7b49c8f495e8787a2cb"},"headline":"Desfile militar em meio aos protestos &#8220;Sem Reis&#8221; reflete distor\u00e7\u00e3o da democracia americana","datePublished":"2025-06-17T12:55:00+00:00","mainEntityOfPage":{"@id":"https:\/\/diariodepe.com.br\/xinhua\/2025\/06\/17\/desfile-militar-em-meio-aos-protestos-sem-reis-reflete-distorcao-da-democracia-americana\/"},"wordCount":1367,"commentCount":0,"publisher":{"@id":"https:\/\/diariodepe.com.br\/xinhua\/#organization"},"image":{"@id":"https:\/\/diariodepe.com.br\/xinhua\/2025\/06\/17\/desfile-militar-em-meio-aos-protestos-sem-reis-reflete-distorcao-da-democracia-americana\/#primaryimage"},"thumbnailUrl":"https:\/\/diariodepe.com.br\/xinhua\/wp-content\/uploads\/sites\/3\/2025\/06\/20250617b83f98153d9e4055a1a649b6496abae9_202506177bb6b41d060245799f95067f6fdbfbca.jpeg","articleSection":["Internacional"],"inLanguage":"pt-BR","potentialAction":[{"@type":"CommentAction","name":"Comment","target":["https:\/\/diariodepe.com.br\/xinhua\/2025\/06\/17\/desfile-militar-em-meio-aos-protestos-sem-reis-reflete-distorcao-da-democracia-americana\/#respond"]}]},{"@type":"WebPage","@id":"https:\/\/diariodepe.com.br\/xinhua\/2025\/06\/17\/desfile-militar-em-meio-aos-protestos-sem-reis-reflete-distorcao-da-democracia-americana\/","url":"https:\/\/diariodepe.com.br\/xinhua\/2025\/06\/17\/desfile-militar-em-meio-aos-protestos-sem-reis-reflete-distorcao-da-democracia-americana\/","name":"Desfile militar em meio aos protestos \"Sem Reis\" reflete distor\u00e7\u00e3o da democracia americana - Xinhua - Diario de Pernambuco","isPartOf":{"@id":"https:\/\/diariodepe.com.br\/xinhua\/#website"},"primaryImageOfPage":{"@id":"https:\/\/diariodepe.com.br\/xinhua\/2025\/06\/17\/desfile-militar-em-meio-aos-protestos-sem-reis-reflete-distorcao-da-democracia-americana\/#primaryimage"},"image":{"@id":"https:\/\/diariodepe.com.br\/xinhua\/2025\/06\/17\/desfile-militar-em-meio-aos-protestos-sem-reis-reflete-distorcao-da-democracia-americana\/#primaryimage"},"thumbnailUrl":"https:\/\/diariodepe.com.br\/xinhua\/wp-content\/uploads\/sites\/3\/2025\/06\/20250617b83f98153d9e4055a1a649b6496abae9_202506177bb6b41d060245799f95067f6fdbfbca.jpeg","datePublished":"2025-06-17T12:55:00+00:00","breadcrumb":{"@id":"https:\/\/diariodepe.com.br\/xinhua\/2025\/06\/17\/desfile-militar-em-meio-aos-protestos-sem-reis-reflete-distorcao-da-democracia-americana\/#breadcrumb"},"inLanguage":"pt-BR","potentialAction":[{"@type":"ReadAction","target":["https:\/\/diariodepe.com.br\/xinhua\/2025\/06\/17\/desfile-militar-em-meio-aos-protestos-sem-reis-reflete-distorcao-da-democracia-americana\/"]}]},{"@type":"ImageObject","inLanguage":"pt-BR","@id":"https:\/\/diariodepe.com.br\/xinhua\/2025\/06\/17\/desfile-militar-em-meio-aos-protestos-sem-reis-reflete-distorcao-da-democracia-americana\/#primaryimage","url":"https:\/\/diariodepe.com.br\/xinhua\/wp-content\/uploads\/sites\/3\/2025\/06\/20250617b83f98153d9e4055a1a649b6496abae9_202506177bb6b41d060245799f95067f6fdbfbca.jpeg","contentUrl":"https:\/\/diariodepe.com.br\/xinhua\/wp-content\/uploads\/sites\/3\/2025\/06\/20250617b83f98153d9e4055a1a649b6496abae9_202506177bb6b41d060245799f95067f6fdbfbca.jpeg","width":900,"height":600,"caption":"(250615) -- BOSTON, June 15, 2025 (Xinhua) -- People participate in a \"No Kings\" protest in Boston, Massachusetts, the United States on June 14, 2025. U.S. President Donald Trump on Saturday hosted a military parade in Washington, D.C. to mark the Army's 250th anniversary with the participation of over 6,000 soldiers, 120 vehicles and a flyover. The parade, at the reported cost of around 45 million U.S. dollars, took place amid nationwide \"No Kings\" protests organized to \"(reject) authoritarianism, billionaire-first politics and the militarization of our democracy\" by the Trump administration. (Photo by Ziyu Julian Zhu\/Xinhua)"},{"@type":"BreadcrumbList","@id":"https:\/\/diariodepe.com.br\/xinhua\/2025\/06\/17\/desfile-militar-em-meio-aos-protestos-sem-reis-reflete-distorcao-da-democracia-americana\/#breadcrumb","itemListElement":[{"@type":"ListItem","position":1,"name":"In\u00edcio","item":"https:\/\/diariodepe.com.br\/xinhua\/"},{"@type":"ListItem","position":2,"name":"Desfile militar em meio aos protestos &#8220;Sem Reis&#8221; reflete distor\u00e7\u00e3o da democracia americana"}]},{"@type":"WebSite","@id":"https:\/\/diariodepe.com.br\/xinhua\/#website","url":"https:\/\/diariodepe.com.br\/xinhua\/","name":"Xinhua - Diario de Pernambuco","description":"A maior ag\u00eancia de not\u00edcias da China e um dos principais canais para conhecer o pa\u00eds","publisher":{"@id":"https:\/\/diariodepe.com.br\/xinhua\/#organization"},"potentialAction":[{"@type":"SearchAction","target":{"@type":"EntryPoint","urlTemplate":"https:\/\/diariodepe.com.br\/xinhua\/?s={search_term_string}"},"query-input":{"@type":"PropertyValueSpecification","valueRequired":true,"valueName":"search_term_string"}}],"inLanguage":"pt-BR"},{"@type":"Organization","@id":"https:\/\/diariodepe.com.br\/xinhua\/#organization","name":"Xinhua - Diario de Pernambuco","url":"https:\/\/diariodepe.com.br\/xinhua\/","logo":{"@type":"ImageObject","inLanguage":"pt-BR","@id":"https:\/\/diariodepe.com.br\/xinhua\/#\/schema\/logo\/image\/","url":"https:\/\/diariodepe.com.br\/xinhua\/wp-content\/uploads\/sites\/3\/2020\/10\/cropped-logo-transparente-2.png","contentUrl":"https:\/\/diariodepe.com.br\/xinhua\/wp-content\/uploads\/sites\/3\/2020\/10\/cropped-logo-transparente-2.png","width":512,"height":164,"caption":"Xinhua - Diario de Pernambuco"},"image":{"@id":"https:\/\/diariodepe.com.br\/xinhua\/#\/schema\/logo\/image\/"}},{"@type":"Person","@id":"https:\/\/diariodepe.com.br\/xinhua\/#\/schema\/person\/0943d6fd02bdc7b49c8f495e8787a2cb","name":"Marcelo Oliveira de A. Maranhao","image":{"@type":"ImageObject","inLanguage":"pt-BR","@id":"https:\/\/secure.gravatar.com\/avatar\/f562caee940d39879c20e90eea3e4b21860c7d4c96684c23141c554824f0059c?s=96&d=mm&r=g","url":"https:\/\/secure.gravatar.com\/avatar\/f562caee940d39879c20e90eea3e4b21860c7d4c96684c23141c554824f0059c?s=96&d=mm&r=g","contentUrl":"https:\/\/secure.gravatar.com\/avatar\/f562caee940d39879c20e90eea3e4b21860c7d4c96684c23141c554824f0059c?s=96&d=mm&r=g","caption":"Marcelo Oliveira de A. Maranhao"},"url":"https:\/\/diariodepe.com.br\/xinhua\/author\/marcelo-maranhao\/"}]}},"cc_featured_image_caption":{"caption_text":"","source_text":"","source_url":""},"amp_enabled":true,"_links":{"self":[{"href":"https:\/\/diariodepe.com.br\/xinhua\/wp-json\/wp\/v2\/posts\/26543","targetHints":{"allow":["GET"]}}],"collection":[{"href":"https:\/\/diariodepe.com.br\/xinhua\/wp-json\/wp\/v2\/posts"}],"about":[{"href":"https:\/\/diariodepe.com.br\/xinhua\/wp-json\/wp\/v2\/types\/post"}],"author":[{"embeddable":true,"href":"https:\/\/diariodepe.com.br\/xinhua\/wp-json\/wp\/v2\/users\/3"}],"replies":[{"embeddable":true,"href":"https:\/\/diariodepe.com.br\/xinhua\/wp-json\/wp\/v2\/comments?post=26543"}],"version-history":[{"count":1,"href":"https:\/\/diariodepe.com.br\/xinhua\/wp-json\/wp\/v2\/posts\/26543\/revisions"}],"predecessor-version":[{"id":26545,"href":"https:\/\/diariodepe.com.br\/xinhua\/wp-json\/wp\/v2\/posts\/26543\/revisions\/26545"}],"wp:featuredmedia":[{"embeddable":true,"href":"https:\/\/diariodepe.com.br\/xinhua\/wp-json\/wp\/v2\/media\/26544"}],"wp:attachment":[{"href":"https:\/\/diariodepe.com.br\/xinhua\/wp-json\/wp\/v2\/media?parent=26543"}],"wp:term":[{"taxonomy":"category","embeddable":true,"href":"https:\/\/diariodepe.com.br\/xinhua\/wp-json\/wp\/v2\/categories?post=26543"},{"taxonomy":"post_tag","embeddable":true,"href":"https:\/\/diariodepe.com.br\/xinhua\/wp-json\/wp\/v2\/tags?post=26543"}],"curies":[{"name":"wp","href":"https:\/\/api.w.org\/{rel}","templated":true}]}}