{"id":26467,"date":"2025-06-11T18:00:00","date_gmt":"2025-06-11T21:00:00","guid":{"rendered":"https:\/\/www.diariodepe.com.br\/xinhua\/?p=26467"},"modified":"2025-06-11T13:01:56","modified_gmt":"2025-06-11T16:01:56","slug":"xi-e-sassou-nguesso-enviam-cartas-de-congratulacao-a-reuniao-ministerial-de-coordenadores-do-focac","status":"publish","type":"post","link":"https:\/\/diariodepe.com.br\/xinhua\/2025\/06\/11\/xi-e-sassou-nguesso-enviam-cartas-de-congratulacao-a-reuniao-ministerial-de-coordenadores-do-focac\/","title":{"rendered":"Xi e Sassou Nguesso enviam cartas de congratula\u00e7\u00e3o \u00e0 reuni\u00e3o ministerial de coordenadores do FOCAC"},"content":{"rendered":"\n<p>Beijing &#8211; O presidente chin\u00eas, Xi Jinping, e o presidente da Rep\u00fablica do Congo, Denis Sassou Nguesso, enviaram, separadamente, na quarta-feira, cartas de felicita\u00e7\u00f5es \u00e0 Reuni\u00e3o Ministerial de Coordenadores sobre a Implementa\u00e7\u00e3o das A\u00e7\u00f5es de Acompanhamento do F\u00f3rum de Coopera\u00e7\u00e3o China-\u00c1frica (FOCAC) em Changsha, capital da Prov\u00edncia de Hunan, no centro da China.<\/p>\n\n\n\n<p>Na sua carta, Xi disse que o FOCAC tem promovido efetivamente o desenvolvimento vigoroso da coopera\u00e7\u00e3o China-\u00c1frica desde a sua cria\u00e7\u00e3o h\u00e1 25 anos, tornando-se um excelente exemplo de solidariedade e coopera\u00e7\u00e3o do Sul Global.<\/p>\n\n\n\n<p>Xi disse que, em setembro passado, ele e os l\u00edderes africanos concordaram, de forma un\u00e2nime, durante a C\u00fapula de Beijing do FOCAC, em promover a proposta de seis pontos sobre o esfor\u00e7o conjunto para avan\u00e7ar na moderniza\u00e7\u00e3o e implementar conjuntamente as 10 a\u00e7\u00f5es de parceria para a moderniza\u00e7\u00e3o, levando as rela\u00e7\u00f5es China-\u00c1frica a uma nova etapa de constru\u00e7\u00e3o conjunta de uma comunidade com um futuro compartilhado para a nova era sob todas as condi\u00e7\u00f5es.<\/p>\n\n\n\n<p>Ele indicou que, com os esfor\u00e7os de ambos os lados, foram alcan\u00e7ados v\u00e1rios resultados iniciais encorajadores na implementa\u00e7\u00e3o dos resultados da C\u00fapula de Beijing.<\/p>\n\n\n\n<p>A China e a \u00c1frica tamb\u00e9m chegaram a um consenso sobre o lan\u00e7amento do ano 2026 como o ano das trocas interpessoais entre a China e a \u00c1frica, o que dever\u00e1 injetar nova vitalidade na coopera\u00e7\u00e3o amig\u00e1vel entre a China e a \u00c1frica, acrescentou Xi.<\/p>\n\n\n\n<p>Observando que a atual situa\u00e7\u00e3o internacional \u00e9 marcada por mudan\u00e7as e turbul\u00eancias, Xi afirmou que a China est\u00e1 comprometida em oferecer novas oportunidades para o mundo com as novas conquistas da moderniza\u00e7\u00e3o chinesa e dar um novo impulso aos parceiros do Sul Global, incluindo a \u00c1frica, por meio de seu enorme mercado.<\/p>\n\n\n\n<p>A China est\u00e1 pronta para negociar e assinar o acordo de Parceria Econ\u00f4mica China-\u00c1frica para o Desenvolvimento Compartilhado, a fim de implementar o tratamento de tarifa zero para 100% das linhas tarif\u00e1rias de 53 pa\u00edses africanos que mant\u00eam rela\u00e7\u00f5es diplom\u00e1ticas com a China, disse Xi, acrescentando que a China proporcionar\u00e1 mais facilidades para os pa\u00edses menos desenvolvidos da \u00c1frica exportarem para a China.<\/p>\n\n\n\n<p>Ele tamb\u00e9m disse que a China est\u00e1 pronta para trabalhar com a \u00c1frica para aprofundar a implementa\u00e7\u00e3o das 10 a\u00e7\u00f5es de parceria para a moderniza\u00e7\u00e3o, fortalecer a coopera\u00e7\u00e3o em \u00e1reas-chave como ind\u00fastria verde, com\u00e9rcio eletr\u00f4nico e pagamentos eletr\u00f4nicos, ci\u00eancia e tecnologia e intelig\u00eancia artificial, e aumentar a coopera\u00e7\u00e3o em seguran\u00e7a, finan\u00e7as e estado de direito, a fim de promover o desenvolvimento de alta qualidade da coopera\u00e7\u00e3o China-\u00c1frica.<\/p>\n\n\n\n<p>Xi destacou que a abertura e a coopera\u00e7\u00e3o s\u00e3o o caminho certo, e que os benef\u00edcios m\u00fatuos e os resultados vantajosos para todas as partes atendem \u00e0s aspira\u00e7\u00f5es do povo.<\/p>\n\n\n\n<p>Ele disse que a China e a \u00c1frica, trabalhando juntas para promover a moderniza\u00e7\u00e3o, ir\u00e3o fortalecer a solidariedade e a coopera\u00e7\u00e3o no Sul Global e abrir perspectivas mais brilhantes para a causa da paz e do desenvolvimento mundial.<\/p>\n\n\n\n<p>Espera-se que a China e a \u00c1frica continuem a avan\u00e7ar de forma constante na implementa\u00e7\u00e3o dos resultados da C\u00fapula de Beijing, planejem cuidadosamente o desenvolvimento futuro do FOCAC, unam-se para construir uma comunidade China-\u00c1frica com um futuro compartilhado para a nova era sob todas as condi\u00e7\u00f5es e contribuam para a constru\u00e7\u00e3o de uma comunidade com um futuro compartilhado para a humanidade, indicou Xi.<\/p>\n\n\n\n<p>Sassou Nguesso afirmou na sua carta que a coopera\u00e7\u00e3o estrat\u00e9gica e pr\u00e1tica entre a \u00c1frica e a China alcan\u00e7ou resultados frut\u00edferos desde a C\u00fapula de Beijing.<\/p>\n\n\n\n<p>Observando que a reuni\u00e3o ministerial coincide com o 25\u00ba anivers\u00e1rio da cria\u00e7\u00e3o do FOCAC, Sassou Nguesso afirmou que n\u00e3o poupar\u00e1 esfor\u00e7os e trabalhar\u00e1 com o presidente Xi para promover um maior progresso na constru\u00e7\u00e3o de uma comunidade com um futuro compartilhado entre a \u00c1frica e a China, e melhorar o bem-estar dos povos de ambos os lados.<\/p>\n\n\n\n<p>Como copresidente africano do FOCAC, a Rep\u00fablica do Congo est\u00e1 disposta a trabalhar com a China e outros pa\u00edses do Sul Global para fortalecer a coopera\u00e7\u00e3o na Iniciativa Cintur\u00e3o e Rota, construir conjuntamente um mundo multipolar livre do unilateralismo e do protecionismo e inaugurar uma nova era de globaliza\u00e7\u00e3o inclusiva e mutuamente ben\u00e9fica, acrescentou Sassou Nguesso.<\/p>\n","protected":false},"excerpt":{"rendered":"<p>Beijing &#8211; O presidente chin\u00eas, Xi Jinping, e o presidente da Rep\u00fablica do Congo, Denis Sassou Nguesso, enviaram, separadamente, na quarta-feira, cartas de felicita\u00e7\u00f5es \u00e0 Reuni\u00e3o Ministerial de Coordenadores sobre a Implementa\u00e7\u00e3o das A\u00e7\u00f5es de Acompanhamento do F\u00f3rum de Coopera\u00e7\u00e3o&#8230;<\/p>\n","protected":false},"author":3,"featured_media":0,"comment_status":"open","ping_status":"open","sticky":false,"template":"","format":"standard","meta":{"footnotes":""},"categories":[4],"tags":[],"class_list":["post-26467","post","type-post","status-publish","format-standard","hentry","category-internacional"],"yoast_head":"<!-- This site is optimized with the Yoast SEO plugin v27.4 - https:\/\/yoast.com\/product\/yoast-seo-wordpress\/ -->\n<title>Xi e Sassou Nguesso enviam cartas de congratula\u00e7\u00e3o \u00e0 reuni\u00e3o ministerial de coordenadores do FOCAC - Xinhua - Diario de Pernambuco<\/title>\n<meta name=\"robots\" content=\"index, follow, max-snippet:-1, max-image-preview:large, max-video-preview:-1\" \/>\n<link rel=\"canonical\" href=\"https:\/\/diariodepe.com.br\/xinhua\/2025\/06\/11\/xi-e-sassou-nguesso-enviam-cartas-de-congratulacao-a-reuniao-ministerial-de-coordenadores-do-focac\/\" \/>\n<meta property=\"og:locale\" content=\"pt_BR\" \/>\n<meta property=\"og:type\" content=\"article\" \/>\n<meta property=\"og:title\" content=\"Xi e Sassou Nguesso enviam cartas de congratula\u00e7\u00e3o \u00e0 reuni\u00e3o ministerial de coordenadores do FOCAC - Xinhua - Diario de Pernambuco\" \/>\n<meta property=\"og:description\" content=\"Beijing &#8211; O presidente chin\u00eas, Xi Jinping, e o presidente da Rep\u00fablica do Congo, Denis Sassou Nguesso, enviaram, separadamente, na quarta-feira, cartas de felicita\u00e7\u00f5es \u00e0 Reuni\u00e3o Ministerial de Coordenadores sobre a Implementa\u00e7\u00e3o das A\u00e7\u00f5es de Acompanhamento do F\u00f3rum de Coopera\u00e7\u00e3o...\" \/>\n<meta property=\"og:url\" content=\"https:\/\/diariodepe.com.br\/xinhua\/2025\/06\/11\/xi-e-sassou-nguesso-enviam-cartas-de-congratulacao-a-reuniao-ministerial-de-coordenadores-do-focac\/\" \/>\n<meta property=\"og:site_name\" content=\"Xinhua - Diario de Pernambuco\" \/>\n<meta property=\"article:published_time\" content=\"2025-06-11T21:00:00+00:00\" \/>\n<meta name=\"author\" content=\"Marcelo Oliveira de A. Maranhao\" \/>\n<meta name=\"twitter:card\" content=\"summary_large_image\" \/>\n<meta name=\"twitter:label1\" content=\"Escrito por\" \/>\n\t<meta name=\"twitter:data1\" content=\"Marcelo Oliveira de A. Maranhao\" \/>\n\t<meta name=\"twitter:label2\" content=\"Est. tempo de leitura\" \/>\n\t<meta name=\"twitter:data2\" content=\"4 minutos\" \/>\n<script type=\"application\/ld+json\" class=\"yoast-schema-graph\">{\"@context\":\"https:\\\/\\\/schema.org\",\"@graph\":[{\"@type\":\"Article\",\"@id\":\"https:\\\/\\\/diariodepe.com.br\\\/xinhua\\\/2025\\\/06\\\/11\\\/xi-e-sassou-nguesso-enviam-cartas-de-congratulacao-a-reuniao-ministerial-de-coordenadores-do-focac\\\/#article\",\"isPartOf\":{\"@id\":\"https:\\\/\\\/diariodepe.com.br\\\/xinhua\\\/2025\\\/06\\\/11\\\/xi-e-sassou-nguesso-enviam-cartas-de-congratulacao-a-reuniao-ministerial-de-coordenadores-do-focac\\\/\"},\"author\":{\"name\":\"Marcelo Oliveira de A. Maranhao\",\"@id\":\"https:\\\/\\\/diariodepe.com.br\\\/xinhua\\\/#\\\/schema\\\/person\\\/0943d6fd02bdc7b49c8f495e8787a2cb\"},\"headline\":\"Xi e Sassou Nguesso enviam cartas de congratula\u00e7\u00e3o \u00e0 reuni\u00e3o ministerial de coordenadores do FOCAC\",\"datePublished\":\"2025-06-11T21:00:00+00:00\",\"mainEntityOfPage\":{\"@id\":\"https:\\\/\\\/diariodepe.com.br\\\/xinhua\\\/2025\\\/06\\\/11\\\/xi-e-sassou-nguesso-enviam-cartas-de-congratulacao-a-reuniao-ministerial-de-coordenadores-do-focac\\\/\"},\"wordCount\":785,\"commentCount\":0,\"publisher\":{\"@id\":\"https:\\\/\\\/diariodepe.com.br\\\/xinhua\\\/#organization\"},\"articleSection\":[\"Internacional\"],\"inLanguage\":\"pt-BR\",\"potentialAction\":[{\"@type\":\"CommentAction\",\"name\":\"Comment\",\"target\":[\"https:\\\/\\\/diariodepe.com.br\\\/xinhua\\\/2025\\\/06\\\/11\\\/xi-e-sassou-nguesso-enviam-cartas-de-congratulacao-a-reuniao-ministerial-de-coordenadores-do-focac\\\/#respond\"]}]},{\"@type\":\"WebPage\",\"@id\":\"https:\\\/\\\/diariodepe.com.br\\\/xinhua\\\/2025\\\/06\\\/11\\\/xi-e-sassou-nguesso-enviam-cartas-de-congratulacao-a-reuniao-ministerial-de-coordenadores-do-focac\\\/\",\"url\":\"https:\\\/\\\/diariodepe.com.br\\\/xinhua\\\/2025\\\/06\\\/11\\\/xi-e-sassou-nguesso-enviam-cartas-de-congratulacao-a-reuniao-ministerial-de-coordenadores-do-focac\\\/\",\"name\":\"Xi e Sassou Nguesso enviam cartas de congratula\u00e7\u00e3o \u00e0 reuni\u00e3o ministerial de coordenadores do FOCAC - Xinhua - Diario de Pernambuco\",\"isPartOf\":{\"@id\":\"https:\\\/\\\/diariodepe.com.br\\\/xinhua\\\/#website\"},\"datePublished\":\"2025-06-11T21:00:00+00:00\",\"breadcrumb\":{\"@id\":\"https:\\\/\\\/diariodepe.com.br\\\/xinhua\\\/2025\\\/06\\\/11\\\/xi-e-sassou-nguesso-enviam-cartas-de-congratulacao-a-reuniao-ministerial-de-coordenadores-do-focac\\\/#breadcrumb\"},\"inLanguage\":\"pt-BR\",\"potentialAction\":[{\"@type\":\"ReadAction\",\"target\":[\"https:\\\/\\\/diariodepe.com.br\\\/xinhua\\\/2025\\\/06\\\/11\\\/xi-e-sassou-nguesso-enviam-cartas-de-congratulacao-a-reuniao-ministerial-de-coordenadores-do-focac\\\/\"]}]},{\"@type\":\"BreadcrumbList\",\"@id\":\"https:\\\/\\\/diariodepe.com.br\\\/xinhua\\\/2025\\\/06\\\/11\\\/xi-e-sassou-nguesso-enviam-cartas-de-congratulacao-a-reuniao-ministerial-de-coordenadores-do-focac\\\/#breadcrumb\",\"itemListElement\":[{\"@type\":\"ListItem\",\"position\":1,\"name\":\"In\u00edcio\",\"item\":\"https:\\\/\\\/diariodepe.com.br\\\/xinhua\\\/\"},{\"@type\":\"ListItem\",\"position\":2,\"name\":\"Xi e Sassou Nguesso enviam cartas de congratula\u00e7\u00e3o \u00e0 reuni\u00e3o ministerial de coordenadores do FOCAC\"}]},{\"@type\":\"WebSite\",\"@id\":\"https:\\\/\\\/diariodepe.com.br\\\/xinhua\\\/#website\",\"url\":\"https:\\\/\\\/diariodepe.com.br\\\/xinhua\\\/\",\"name\":\"Xinhua - Diario de Pernambuco\",\"description\":\"A maior ag\u00eancia de not\u00edcias da China e um dos principais canais para conhecer o pa\u00eds\",\"publisher\":{\"@id\":\"https:\\\/\\\/diariodepe.com.br\\\/xinhua\\\/#organization\"},\"potentialAction\":[{\"@type\":\"SearchAction\",\"target\":{\"@type\":\"EntryPoint\",\"urlTemplate\":\"https:\\\/\\\/diariodepe.com.br\\\/xinhua\\\/?s={search_term_string}\"},\"query-input\":{\"@type\":\"PropertyValueSpecification\",\"valueRequired\":true,\"valueName\":\"search_term_string\"}}],\"inLanguage\":\"pt-BR\"},{\"@type\":\"Organization\",\"@id\":\"https:\\\/\\\/diariodepe.com.br\\\/xinhua\\\/#organization\",\"name\":\"Xinhua - Diario de Pernambuco\",\"url\":\"https:\\\/\\\/diariodepe.com.br\\\/xinhua\\\/\",\"logo\":{\"@type\":\"ImageObject\",\"inLanguage\":\"pt-BR\",\"@id\":\"https:\\\/\\\/diariodepe.com.br\\\/xinhua\\\/#\\\/schema\\\/logo\\\/image\\\/\",\"url\":\"https:\\\/\\\/diariodepe.com.br\\\/xinhua\\\/wp-content\\\/uploads\\\/sites\\\/3\\\/2020\\\/10\\\/cropped-logo-transparente-2.png\",\"contentUrl\":\"https:\\\/\\\/diariodepe.com.br\\\/xinhua\\\/wp-content\\\/uploads\\\/sites\\\/3\\\/2020\\\/10\\\/cropped-logo-transparente-2.png\",\"width\":512,\"height\":164,\"caption\":\"Xinhua - Diario de Pernambuco\"},\"image\":{\"@id\":\"https:\\\/\\\/diariodepe.com.br\\\/xinhua\\\/#\\\/schema\\\/logo\\\/image\\\/\"}},{\"@type\":\"Person\",\"@id\":\"https:\\\/\\\/diariodepe.com.br\\\/xinhua\\\/#\\\/schema\\\/person\\\/0943d6fd02bdc7b49c8f495e8787a2cb\",\"name\":\"Marcelo Oliveira de A. Maranhao\",\"image\":{\"@type\":\"ImageObject\",\"inLanguage\":\"pt-BR\",\"@id\":\"https:\\\/\\\/secure.gravatar.com\\\/avatar\\\/f562caee940d39879c20e90eea3e4b21860c7d4c96684c23141c554824f0059c?s=96&d=mm&r=g\",\"url\":\"https:\\\/\\\/secure.gravatar.com\\\/avatar\\\/f562caee940d39879c20e90eea3e4b21860c7d4c96684c23141c554824f0059c?s=96&d=mm&r=g\",\"contentUrl\":\"https:\\\/\\\/secure.gravatar.com\\\/avatar\\\/f562caee940d39879c20e90eea3e4b21860c7d4c96684c23141c554824f0059c?s=96&d=mm&r=g\",\"caption\":\"Marcelo Oliveira de A. Maranhao\"},\"url\":\"https:\\\/\\\/diariodepe.com.br\\\/xinhua\\\/author\\\/marcelo-maranhao\\\/\"}]}<\/script>\n<!-- \/ Yoast SEO plugin. -->","yoast_head_json":{"title":"Xi e Sassou Nguesso enviam cartas de congratula\u00e7\u00e3o \u00e0 reuni\u00e3o ministerial de coordenadores do FOCAC - Xinhua - Diario de Pernambuco","robots":{"index":"index","follow":"follow","max-snippet":"max-snippet:-1","max-image-preview":"max-image-preview:large","max-video-preview":"max-video-preview:-1"},"canonical":"https:\/\/diariodepe.com.br\/xinhua\/2025\/06\/11\/xi-e-sassou-nguesso-enviam-cartas-de-congratulacao-a-reuniao-ministerial-de-coordenadores-do-focac\/","og_locale":"pt_BR","og_type":"article","og_title":"Xi e Sassou Nguesso enviam cartas de congratula\u00e7\u00e3o \u00e0 reuni\u00e3o ministerial de coordenadores do FOCAC - Xinhua - Diario de Pernambuco","og_description":"Beijing &#8211; O presidente chin\u00eas, Xi Jinping, e o presidente da Rep\u00fablica do Congo, Denis Sassou Nguesso, enviaram, separadamente, na quarta-feira, cartas de felicita\u00e7\u00f5es \u00e0 Reuni\u00e3o Ministerial de Coordenadores sobre a Implementa\u00e7\u00e3o das A\u00e7\u00f5es de Acompanhamento do F\u00f3rum de Coopera\u00e7\u00e3o...","og_url":"https:\/\/diariodepe.com.br\/xinhua\/2025\/06\/11\/xi-e-sassou-nguesso-enviam-cartas-de-congratulacao-a-reuniao-ministerial-de-coordenadores-do-focac\/","og_site_name":"Xinhua - Diario de Pernambuco","article_published_time":"2025-06-11T21:00:00+00:00","author":"Marcelo Oliveira de A. Maranhao","twitter_card":"summary_large_image","twitter_misc":{"Escrito por":"Marcelo Oliveira de A. Maranhao","Est. tempo de leitura":"4 minutos"},"schema":{"@context":"https:\/\/schema.org","@graph":[{"@type":"Article","@id":"https:\/\/diariodepe.com.br\/xinhua\/2025\/06\/11\/xi-e-sassou-nguesso-enviam-cartas-de-congratulacao-a-reuniao-ministerial-de-coordenadores-do-focac\/#article","isPartOf":{"@id":"https:\/\/diariodepe.com.br\/xinhua\/2025\/06\/11\/xi-e-sassou-nguesso-enviam-cartas-de-congratulacao-a-reuniao-ministerial-de-coordenadores-do-focac\/"},"author":{"name":"Marcelo Oliveira de A. Maranhao","@id":"https:\/\/diariodepe.com.br\/xinhua\/#\/schema\/person\/0943d6fd02bdc7b49c8f495e8787a2cb"},"headline":"Xi e Sassou Nguesso enviam cartas de congratula\u00e7\u00e3o \u00e0 reuni\u00e3o ministerial de coordenadores do FOCAC","datePublished":"2025-06-11T21:00:00+00:00","mainEntityOfPage":{"@id":"https:\/\/diariodepe.com.br\/xinhua\/2025\/06\/11\/xi-e-sassou-nguesso-enviam-cartas-de-congratulacao-a-reuniao-ministerial-de-coordenadores-do-focac\/"},"wordCount":785,"commentCount":0,"publisher":{"@id":"https:\/\/diariodepe.com.br\/xinhua\/#organization"},"articleSection":["Internacional"],"inLanguage":"pt-BR","potentialAction":[{"@type":"CommentAction","name":"Comment","target":["https:\/\/diariodepe.com.br\/xinhua\/2025\/06\/11\/xi-e-sassou-nguesso-enviam-cartas-de-congratulacao-a-reuniao-ministerial-de-coordenadores-do-focac\/#respond"]}]},{"@type":"WebPage","@id":"https:\/\/diariodepe.com.br\/xinhua\/2025\/06\/11\/xi-e-sassou-nguesso-enviam-cartas-de-congratulacao-a-reuniao-ministerial-de-coordenadores-do-focac\/","url":"https:\/\/diariodepe.com.br\/xinhua\/2025\/06\/11\/xi-e-sassou-nguesso-enviam-cartas-de-congratulacao-a-reuniao-ministerial-de-coordenadores-do-focac\/","name":"Xi e Sassou Nguesso enviam cartas de congratula\u00e7\u00e3o \u00e0 reuni\u00e3o ministerial de coordenadores do FOCAC - Xinhua - Diario de Pernambuco","isPartOf":{"@id":"https:\/\/diariodepe.com.br\/xinhua\/#website"},"datePublished":"2025-06-11T21:00:00+00:00","breadcrumb":{"@id":"https:\/\/diariodepe.com.br\/xinhua\/2025\/06\/11\/xi-e-sassou-nguesso-enviam-cartas-de-congratulacao-a-reuniao-ministerial-de-coordenadores-do-focac\/#breadcrumb"},"inLanguage":"pt-BR","potentialAction":[{"@type":"ReadAction","target":["https:\/\/diariodepe.com.br\/xinhua\/2025\/06\/11\/xi-e-sassou-nguesso-enviam-cartas-de-congratulacao-a-reuniao-ministerial-de-coordenadores-do-focac\/"]}]},{"@type":"BreadcrumbList","@id":"https:\/\/diariodepe.com.br\/xinhua\/2025\/06\/11\/xi-e-sassou-nguesso-enviam-cartas-de-congratulacao-a-reuniao-ministerial-de-coordenadores-do-focac\/#breadcrumb","itemListElement":[{"@type":"ListItem","position":1,"name":"In\u00edcio","item":"https:\/\/diariodepe.com.br\/xinhua\/"},{"@type":"ListItem","position":2,"name":"Xi e Sassou Nguesso enviam cartas de congratula\u00e7\u00e3o \u00e0 reuni\u00e3o ministerial de coordenadores do FOCAC"}]},{"@type":"WebSite","@id":"https:\/\/diariodepe.com.br\/xinhua\/#website","url":"https:\/\/diariodepe.com.br\/xinhua\/","name":"Xinhua - Diario de Pernambuco","description":"A maior ag\u00eancia de not\u00edcias da China e um dos principais canais para conhecer o pa\u00eds","publisher":{"@id":"https:\/\/diariodepe.com.br\/xinhua\/#organization"},"potentialAction":[{"@type":"SearchAction","target":{"@type":"EntryPoint","urlTemplate":"https:\/\/diariodepe.com.br\/xinhua\/?s={search_term_string}"},"query-input":{"@type":"PropertyValueSpecification","valueRequired":true,"valueName":"search_term_string"}}],"inLanguage":"pt-BR"},{"@type":"Organization","@id":"https:\/\/diariodepe.com.br\/xinhua\/#organization","name":"Xinhua - Diario de Pernambuco","url":"https:\/\/diariodepe.com.br\/xinhua\/","logo":{"@type":"ImageObject","inLanguage":"pt-BR","@id":"https:\/\/diariodepe.com.br\/xinhua\/#\/schema\/logo\/image\/","url":"https:\/\/diariodepe.com.br\/xinhua\/wp-content\/uploads\/sites\/3\/2020\/10\/cropped-logo-transparente-2.png","contentUrl":"https:\/\/diariodepe.com.br\/xinhua\/wp-content\/uploads\/sites\/3\/2020\/10\/cropped-logo-transparente-2.png","width":512,"height":164,"caption":"Xinhua - Diario de Pernambuco"},"image":{"@id":"https:\/\/diariodepe.com.br\/xinhua\/#\/schema\/logo\/image\/"}},{"@type":"Person","@id":"https:\/\/diariodepe.com.br\/xinhua\/#\/schema\/person\/0943d6fd02bdc7b49c8f495e8787a2cb","name":"Marcelo Oliveira de A. Maranhao","image":{"@type":"ImageObject","inLanguage":"pt-BR","@id":"https:\/\/secure.gravatar.com\/avatar\/f562caee940d39879c20e90eea3e4b21860c7d4c96684c23141c554824f0059c?s=96&d=mm&r=g","url":"https:\/\/secure.gravatar.com\/avatar\/f562caee940d39879c20e90eea3e4b21860c7d4c96684c23141c554824f0059c?s=96&d=mm&r=g","contentUrl":"https:\/\/secure.gravatar.com\/avatar\/f562caee940d39879c20e90eea3e4b21860c7d4c96684c23141c554824f0059c?s=96&d=mm&r=g","caption":"Marcelo Oliveira de A. Maranhao"},"url":"https:\/\/diariodepe.com.br\/xinhua\/author\/marcelo-maranhao\/"}]}},"cc_featured_image_caption":{"caption_text":"","source_text":"","source_url":""},"amp_enabled":true,"_links":{"self":[{"href":"https:\/\/diariodepe.com.br\/xinhua\/wp-json\/wp\/v2\/posts\/26467","targetHints":{"allow":["GET"]}}],"collection":[{"href":"https:\/\/diariodepe.com.br\/xinhua\/wp-json\/wp\/v2\/posts"}],"about":[{"href":"https:\/\/diariodepe.com.br\/xinhua\/wp-json\/wp\/v2\/types\/post"}],"author":[{"embeddable":true,"href":"https:\/\/diariodepe.com.br\/xinhua\/wp-json\/wp\/v2\/users\/3"}],"replies":[{"embeddable":true,"href":"https:\/\/diariodepe.com.br\/xinhua\/wp-json\/wp\/v2\/comments?post=26467"}],"version-history":[{"count":1,"href":"https:\/\/diariodepe.com.br\/xinhua\/wp-json\/wp\/v2\/posts\/26467\/revisions"}],"predecessor-version":[{"id":26468,"href":"https:\/\/diariodepe.com.br\/xinhua\/wp-json\/wp\/v2\/posts\/26467\/revisions\/26468"}],"wp:attachment":[{"href":"https:\/\/diariodepe.com.br\/xinhua\/wp-json\/wp\/v2\/media?parent=26467"}],"wp:term":[{"taxonomy":"category","embeddable":true,"href":"https:\/\/diariodepe.com.br\/xinhua\/wp-json\/wp\/v2\/categories?post=26467"},{"taxonomy":"post_tag","embeddable":true,"href":"https:\/\/diariodepe.com.br\/xinhua\/wp-json\/wp\/v2\/tags?post=26467"}],"curies":[{"name":"wp","href":"https:\/\/api.w.org\/{rel}","templated":true}]}}