{"id":26451,"date":"2025-06-11T13:21:00","date_gmt":"2025-06-11T16:21:00","guid":{"rendered":"https:\/\/www.diariodepe.com.br\/xinhua\/?p=26451"},"modified":"2025-06-11T12:44:45","modified_gmt":"2025-06-11T15:44:45","slug":"vice-premie-chines-reune-se-com-convidados-estrangeiros-participantes-da-conferencia-do-cinturao-e-rota","status":"publish","type":"post","link":"https:\/\/diariodepe.com.br\/xinhua\/2025\/06\/11\/vice-premie-chines-reune-se-com-convidados-estrangeiros-participantes-da-conferencia-do-cinturao-e-rota\/","title":{"rendered":"Vice-premi\u00ea chin\u00eas re\u00fane-se com convidados estrangeiros participantes da confer\u00eancia do Cintur\u00e3o e Rota"},"content":{"rendered":"\n<p>Chengdu &#8211; O vice-primeiro-ministro chin\u00eas, Ding Xuexiang, realizou nesta ter\u00e7a-feira reuni\u00f5es separadas com v\u00e1rios convidados estrangeiros que est\u00e3o na China para participar da segunda Confer\u00eancia do Cintur\u00e3o e Rota sobre Interc\u00e2mbio de Ci\u00eancia e Tecnologia em Chengdu, Prov\u00edncia de Sichuan.<\/p>\n\n\n\n<p>Ao se reunir com a vice-presidente da Assembleia Nacional da S\u00e9rvia, Marina Ragus, Ding, que tamb\u00e9m \u00e9 membro do Comit\u00ea Permanente do Bir\u00f4 Pol\u00edtico do Comit\u00ea Central do Partido Comunista da China, disse que a China est\u00e1 disposta a trabalhar com a S\u00e9rvia para implementar o importante consenso alcan\u00e7ado entre os dois chefes de Estado, apoiar as principais preocupa\u00e7\u00f5es e interesses essenciais de cada uma, aprofundar a coopera\u00e7\u00e3o de alta qualidade do Cintur\u00e3o e Rota, transformar a coopera\u00e7\u00e3o em inova\u00e7\u00e3o cient\u00edfica e tecnol\u00f3gica em um novo ponto de crescimento para as rela\u00e7\u00f5es bilaterais e promover novas conquistas na constru\u00e7\u00e3o de uma comunidade China-S\u00e9rvia com um futuro compartilhado na nova era.<\/p>\n\n\n\n<p>Ragus disse que a S\u00e9rvia valoriza muito sua amizade com a China, adere firmemente ao princ\u00edpio de Uma S\u00f3 China e est\u00e1 disposta a fortalecer a coopera\u00e7\u00e3o pr\u00e1tica com a China em \u00e1reas como investimento, economia e com\u00e9rcio, assim como ci\u00eancia e tecnologia, com o objetivo de construir uma comunidade com um futuro compartilhado entre os dois pa\u00edses.<\/p>\n\n\n\n<p>Ao se reunir com o vice-primeiro-ministro do Uzbequist\u00e3o, Ramatov Achilbay Jumaniyazovich, Ding disse que a China est\u00e1 pronta para trabalhar com o Uzbequist\u00e3o para consolidar sua confian\u00e7a pol\u00edtica m\u00fatua e amizade de longa data, aprofundar seu alinhamento de estrat\u00e9gias de desenvolvimento e promover uma coopera\u00e7\u00e3o profunda e substantiva em \u00e1reas como conectividade, economia e com\u00e9rcio e inova\u00e7\u00e3o cient\u00edfica e tecnol\u00f3gica no \u00e2mbito da coopera\u00e7\u00e3o de alta qualidade do Cintur\u00e3o e Rota.<\/p>\n\n\n\n<p>Ramatov disse que o Uzbequist\u00e3o est\u00e1 disposto a aprofundar a coopera\u00e7\u00e3o pr\u00e1tica com a China sob a orienta\u00e7\u00e3o do consenso estrat\u00e9gico alcan\u00e7ado entre os dois chefes de Estado e a promover o desenvolvimento cont\u00ednuo da parceria estrat\u00e9gica abrangente entre os dois pa\u00edses.<\/p>\n\n\n\n<p>Ao se reunir com o vice-presidente de Ci\u00eancia, Tecnologia e Economia Baseada no Conhecimento do Ir\u00e3, Hossein Afshin, Ding disse que, guiada pelo importante consenso alcan\u00e7ado pelos dois chefes de Estado, a China est\u00e1 disposta a fazer esfor\u00e7os conjuntos com o Ir\u00e3 para implementar bem o plano de coopera\u00e7\u00e3o abrangente China-Ir\u00e3, promover a coopera\u00e7\u00e3o de alta qualidade do Cintur\u00e3o e Rota e explorar ainda mais o potencial de coopera\u00e7\u00e3o no campo da ci\u00eancia e tecnologia para trazer benef\u00edcios mais tang\u00edveis para os povos dos dois pa\u00edses.<\/p>\n\n\n\n<p>Afshin disse que o Ir\u00e3 atribui grande import\u00e2ncia ao desenvolvimento das rela\u00e7\u00f5es bilaterais com a China e est\u00e1 disposto a fortalecer seus la\u00e7os entre pessoas com o pa\u00eds, promover a implementa\u00e7\u00e3o do plano de coopera\u00e7\u00e3o abrangente e fazer novos progressos na coopera\u00e7\u00e3o cient\u00edfica e tecnol\u00f3gica.&nbsp;<\/p>\n","protected":false},"excerpt":{"rendered":"<p>Chengdu &#8211; O vice-primeiro-ministro chin\u00eas, Ding Xuexiang, realizou nesta ter\u00e7a-feira reuni\u00f5es separadas com v\u00e1rios convidados estrangeiros que est\u00e3o na China para participar da segunda Confer\u00eancia do Cintur\u00e3o e Rota sobre Interc\u00e2mbio de Ci\u00eancia e Tecnologia em Chengdu, Prov\u00edncia de Sichuan&#8230;.<\/p>\n","protected":false},"author":3,"featured_media":26452,"comment_status":"open","ping_status":"open","sticky":false,"template":"","format":"standard","meta":{"footnotes":""},"categories":[4],"tags":[],"class_list":["post-26451","post","type-post","status-publish","format-standard","has-post-thumbnail","hentry","category-internacional"],"yoast_head":"<!-- This site is optimized with the Yoast SEO plugin v27.4 - https:\/\/yoast.com\/product\/yoast-seo-wordpress\/ -->\n<title>Vice-premi\u00ea chin\u00eas re\u00fane-se com convidados estrangeiros participantes da confer\u00eancia do Cintur\u00e3o e Rota - Xinhua - Diario de Pernambuco<\/title>\n<meta name=\"robots\" content=\"index, follow, max-snippet:-1, max-image-preview:large, max-video-preview:-1\" \/>\n<link rel=\"canonical\" href=\"https:\/\/diariodepe.com.br\/xinhua\/2025\/06\/11\/vice-premie-chines-reune-se-com-convidados-estrangeiros-participantes-da-conferencia-do-cinturao-e-rota\/\" \/>\n<meta property=\"og:locale\" content=\"pt_BR\" \/>\n<meta property=\"og:type\" content=\"article\" \/>\n<meta property=\"og:title\" content=\"Vice-premi\u00ea chin\u00eas re\u00fane-se com convidados estrangeiros participantes da confer\u00eancia do Cintur\u00e3o e Rota - Xinhua - Diario de Pernambuco\" \/>\n<meta property=\"og:description\" content=\"Chengdu &#8211; O vice-primeiro-ministro chin\u00eas, Ding Xuexiang, realizou nesta ter\u00e7a-feira reuni\u00f5es separadas com v\u00e1rios convidados estrangeiros que est\u00e3o na China para participar da segunda Confer\u00eancia do Cintur\u00e3o e Rota sobre Interc\u00e2mbio de Ci\u00eancia e Tecnologia em Chengdu, Prov\u00edncia de Sichuan....\" \/>\n<meta property=\"og:url\" content=\"https:\/\/diariodepe.com.br\/xinhua\/2025\/06\/11\/vice-premie-chines-reune-se-com-convidados-estrangeiros-participantes-da-conferencia-do-cinturao-e-rota\/\" \/>\n<meta property=\"og:site_name\" content=\"Xinhua - Diario de Pernambuco\" \/>\n<meta property=\"article:published_time\" content=\"2025-06-11T16:21:00+00:00\" \/>\n<meta property=\"og:image\" content=\"https:\/\/diariodepe.com.br\/xinhua\/wp-content\/uploads\/sites\/3\/2025\/06\/Vr4OCT8KdJNlVAea.jpeg\" \/>\n\t<meta property=\"og:image:width\" content=\"1024\" \/>\n\t<meta property=\"og:image:height\" content=\"829\" \/>\n\t<meta property=\"og:image:type\" content=\"image\/jpeg\" \/>\n<meta name=\"author\" content=\"Marcelo Oliveira de A. Maranhao\" \/>\n<meta name=\"twitter:card\" content=\"summary_large_image\" \/>\n<meta name=\"twitter:label1\" content=\"Escrito por\" \/>\n\t<meta name=\"twitter:data1\" content=\"Marcelo Oliveira de A. Maranhao\" \/>\n\t<meta name=\"twitter:label2\" content=\"Est. tempo de leitura\" \/>\n\t<meta name=\"twitter:data2\" content=\"3 minutos\" \/>\n<script type=\"application\/ld+json\" class=\"yoast-schema-graph\">{\"@context\":\"https:\\\/\\\/schema.org\",\"@graph\":[{\"@type\":\"Article\",\"@id\":\"https:\\\/\\\/diariodepe.com.br\\\/xinhua\\\/2025\\\/06\\\/11\\\/vice-premie-chines-reune-se-com-convidados-estrangeiros-participantes-da-conferencia-do-cinturao-e-rota\\\/#article\",\"isPartOf\":{\"@id\":\"https:\\\/\\\/diariodepe.com.br\\\/xinhua\\\/2025\\\/06\\\/11\\\/vice-premie-chines-reune-se-com-convidados-estrangeiros-participantes-da-conferencia-do-cinturao-e-rota\\\/\"},\"author\":{\"name\":\"Marcelo Oliveira de A. Maranhao\",\"@id\":\"https:\\\/\\\/diariodepe.com.br\\\/xinhua\\\/#\\\/schema\\\/person\\\/0943d6fd02bdc7b49c8f495e8787a2cb\"},\"headline\":\"Vice-premi\u00ea chin\u00eas re\u00fane-se com convidados estrangeiros participantes da confer\u00eancia do Cintur\u00e3o e Rota\",\"datePublished\":\"2025-06-11T16:21:00+00:00\",\"mainEntityOfPage\":{\"@id\":\"https:\\\/\\\/diariodepe.com.br\\\/xinhua\\\/2025\\\/06\\\/11\\\/vice-premie-chines-reune-se-com-convidados-estrangeiros-participantes-da-conferencia-do-cinturao-e-rota\\\/\"},\"wordCount\":543,\"commentCount\":0,\"publisher\":{\"@id\":\"https:\\\/\\\/diariodepe.com.br\\\/xinhua\\\/#organization\"},\"image\":{\"@id\":\"https:\\\/\\\/diariodepe.com.br\\\/xinhua\\\/2025\\\/06\\\/11\\\/vice-premie-chines-reune-se-com-convidados-estrangeiros-participantes-da-conferencia-do-cinturao-e-rota\\\/#primaryimage\"},\"thumbnailUrl\":\"https:\\\/\\\/diariodepe.com.br\\\/xinhua\\\/wp-content\\\/uploads\\\/sites\\\/3\\\/2025\\\/06\\\/Vr4OCT8KdJNlVAea.jpeg\",\"articleSection\":[\"Internacional\"],\"inLanguage\":\"pt-BR\",\"potentialAction\":[{\"@type\":\"CommentAction\",\"name\":\"Comment\",\"target\":[\"https:\\\/\\\/diariodepe.com.br\\\/xinhua\\\/2025\\\/06\\\/11\\\/vice-premie-chines-reune-se-com-convidados-estrangeiros-participantes-da-conferencia-do-cinturao-e-rota\\\/#respond\"]}]},{\"@type\":\"WebPage\",\"@id\":\"https:\\\/\\\/diariodepe.com.br\\\/xinhua\\\/2025\\\/06\\\/11\\\/vice-premie-chines-reune-se-com-convidados-estrangeiros-participantes-da-conferencia-do-cinturao-e-rota\\\/\",\"url\":\"https:\\\/\\\/diariodepe.com.br\\\/xinhua\\\/2025\\\/06\\\/11\\\/vice-premie-chines-reune-se-com-convidados-estrangeiros-participantes-da-conferencia-do-cinturao-e-rota\\\/\",\"name\":\"Vice-premi\u00ea chin\u00eas re\u00fane-se com convidados estrangeiros participantes da confer\u00eancia do Cintur\u00e3o e Rota - Xinhua - Diario de Pernambuco\",\"isPartOf\":{\"@id\":\"https:\\\/\\\/diariodepe.com.br\\\/xinhua\\\/#website\"},\"primaryImageOfPage\":{\"@id\":\"https:\\\/\\\/diariodepe.com.br\\\/xinhua\\\/2025\\\/06\\\/11\\\/vice-premie-chines-reune-se-com-convidados-estrangeiros-participantes-da-conferencia-do-cinturao-e-rota\\\/#primaryimage\"},\"image\":{\"@id\":\"https:\\\/\\\/diariodepe.com.br\\\/xinhua\\\/2025\\\/06\\\/11\\\/vice-premie-chines-reune-se-com-convidados-estrangeiros-participantes-da-conferencia-do-cinturao-e-rota\\\/#primaryimage\"},\"thumbnailUrl\":\"https:\\\/\\\/diariodepe.com.br\\\/xinhua\\\/wp-content\\\/uploads\\\/sites\\\/3\\\/2025\\\/06\\\/Vr4OCT8KdJNlVAea.jpeg\",\"datePublished\":\"2025-06-11T16:21:00+00:00\",\"breadcrumb\":{\"@id\":\"https:\\\/\\\/diariodepe.com.br\\\/xinhua\\\/2025\\\/06\\\/11\\\/vice-premie-chines-reune-se-com-convidados-estrangeiros-participantes-da-conferencia-do-cinturao-e-rota\\\/#breadcrumb\"},\"inLanguage\":\"pt-BR\",\"potentialAction\":[{\"@type\":\"ReadAction\",\"target\":[\"https:\\\/\\\/diariodepe.com.br\\\/xinhua\\\/2025\\\/06\\\/11\\\/vice-premie-chines-reune-se-com-convidados-estrangeiros-participantes-da-conferencia-do-cinturao-e-rota\\\/\"]}]},{\"@type\":\"ImageObject\",\"inLanguage\":\"pt-BR\",\"@id\":\"https:\\\/\\\/diariodepe.com.br\\\/xinhua\\\/2025\\\/06\\\/11\\\/vice-premie-chines-reune-se-com-convidados-estrangeiros-participantes-da-conferencia-do-cinturao-e-rota\\\/#primaryimage\",\"url\":\"https:\\\/\\\/diariodepe.com.br\\\/xinhua\\\/wp-content\\\/uploads\\\/sites\\\/3\\\/2025\\\/06\\\/Vr4OCT8KdJNlVAea.jpeg\",\"contentUrl\":\"https:\\\/\\\/diariodepe.com.br\\\/xinhua\\\/wp-content\\\/uploads\\\/sites\\\/3\\\/2025\\\/06\\\/Vr4OCT8KdJNlVAea.jpeg\",\"width\":1024,\"height\":829},{\"@type\":\"BreadcrumbList\",\"@id\":\"https:\\\/\\\/diariodepe.com.br\\\/xinhua\\\/2025\\\/06\\\/11\\\/vice-premie-chines-reune-se-com-convidados-estrangeiros-participantes-da-conferencia-do-cinturao-e-rota\\\/#breadcrumb\",\"itemListElement\":[{\"@type\":\"ListItem\",\"position\":1,\"name\":\"In\u00edcio\",\"item\":\"https:\\\/\\\/diariodepe.com.br\\\/xinhua\\\/\"},{\"@type\":\"ListItem\",\"position\":2,\"name\":\"Vice-premi\u00ea chin\u00eas re\u00fane-se com convidados estrangeiros participantes da confer\u00eancia do Cintur\u00e3o e Rota\"}]},{\"@type\":\"WebSite\",\"@id\":\"https:\\\/\\\/diariodepe.com.br\\\/xinhua\\\/#website\",\"url\":\"https:\\\/\\\/diariodepe.com.br\\\/xinhua\\\/\",\"name\":\"Xinhua - Diario de Pernambuco\",\"description\":\"A maior ag\u00eancia de not\u00edcias da China e um dos principais canais para conhecer o pa\u00eds\",\"publisher\":{\"@id\":\"https:\\\/\\\/diariodepe.com.br\\\/xinhua\\\/#organization\"},\"potentialAction\":[{\"@type\":\"SearchAction\",\"target\":{\"@type\":\"EntryPoint\",\"urlTemplate\":\"https:\\\/\\\/diariodepe.com.br\\\/xinhua\\\/?s={search_term_string}\"},\"query-input\":{\"@type\":\"PropertyValueSpecification\",\"valueRequired\":true,\"valueName\":\"search_term_string\"}}],\"inLanguage\":\"pt-BR\"},{\"@type\":\"Organization\",\"@id\":\"https:\\\/\\\/diariodepe.com.br\\\/xinhua\\\/#organization\",\"name\":\"Xinhua - Diario de Pernambuco\",\"url\":\"https:\\\/\\\/diariodepe.com.br\\\/xinhua\\\/\",\"logo\":{\"@type\":\"ImageObject\",\"inLanguage\":\"pt-BR\",\"@id\":\"https:\\\/\\\/diariodepe.com.br\\\/xinhua\\\/#\\\/schema\\\/logo\\\/image\\\/\",\"url\":\"https:\\\/\\\/diariodepe.com.br\\\/xinhua\\\/wp-content\\\/uploads\\\/sites\\\/3\\\/2020\\\/10\\\/cropped-logo-transparente-2.png\",\"contentUrl\":\"https:\\\/\\\/diariodepe.com.br\\\/xinhua\\\/wp-content\\\/uploads\\\/sites\\\/3\\\/2020\\\/10\\\/cropped-logo-transparente-2.png\",\"width\":512,\"height\":164,\"caption\":\"Xinhua - Diario de Pernambuco\"},\"image\":{\"@id\":\"https:\\\/\\\/diariodepe.com.br\\\/xinhua\\\/#\\\/schema\\\/logo\\\/image\\\/\"}},{\"@type\":\"Person\",\"@id\":\"https:\\\/\\\/diariodepe.com.br\\\/xinhua\\\/#\\\/schema\\\/person\\\/0943d6fd02bdc7b49c8f495e8787a2cb\",\"name\":\"Marcelo Oliveira de A. Maranhao\",\"image\":{\"@type\":\"ImageObject\",\"inLanguage\":\"pt-BR\",\"@id\":\"https:\\\/\\\/secure.gravatar.com\\\/avatar\\\/f562caee940d39879c20e90eea3e4b21860c7d4c96684c23141c554824f0059c?s=96&d=mm&r=g\",\"url\":\"https:\\\/\\\/secure.gravatar.com\\\/avatar\\\/f562caee940d39879c20e90eea3e4b21860c7d4c96684c23141c554824f0059c?s=96&d=mm&r=g\",\"contentUrl\":\"https:\\\/\\\/secure.gravatar.com\\\/avatar\\\/f562caee940d39879c20e90eea3e4b21860c7d4c96684c23141c554824f0059c?s=96&d=mm&r=g\",\"caption\":\"Marcelo Oliveira de A. Maranhao\"},\"url\":\"https:\\\/\\\/diariodepe.com.br\\\/xinhua\\\/author\\\/marcelo-maranhao\\\/\"}]}<\/script>\n<!-- \/ Yoast SEO plugin. -->","yoast_head_json":{"title":"Vice-premi\u00ea chin\u00eas re\u00fane-se com convidados estrangeiros participantes da confer\u00eancia do Cintur\u00e3o e Rota - Xinhua - Diario de Pernambuco","robots":{"index":"index","follow":"follow","max-snippet":"max-snippet:-1","max-image-preview":"max-image-preview:large","max-video-preview":"max-video-preview:-1"},"canonical":"https:\/\/diariodepe.com.br\/xinhua\/2025\/06\/11\/vice-premie-chines-reune-se-com-convidados-estrangeiros-participantes-da-conferencia-do-cinturao-e-rota\/","og_locale":"pt_BR","og_type":"article","og_title":"Vice-premi\u00ea chin\u00eas re\u00fane-se com convidados estrangeiros participantes da confer\u00eancia do Cintur\u00e3o e Rota - Xinhua - Diario de Pernambuco","og_description":"Chengdu &#8211; O vice-primeiro-ministro chin\u00eas, Ding Xuexiang, realizou nesta ter\u00e7a-feira reuni\u00f5es separadas com v\u00e1rios convidados estrangeiros que est\u00e3o na China para participar da segunda Confer\u00eancia do Cintur\u00e3o e Rota sobre Interc\u00e2mbio de Ci\u00eancia e Tecnologia em Chengdu, Prov\u00edncia de Sichuan....","og_url":"https:\/\/diariodepe.com.br\/xinhua\/2025\/06\/11\/vice-premie-chines-reune-se-com-convidados-estrangeiros-participantes-da-conferencia-do-cinturao-e-rota\/","og_site_name":"Xinhua - Diario de Pernambuco","article_published_time":"2025-06-11T16:21:00+00:00","og_image":[{"width":1024,"height":829,"url":"https:\/\/diariodepe.com.br\/xinhua\/wp-content\/uploads\/sites\/3\/2025\/06\/Vr4OCT8KdJNlVAea.jpeg","type":"image\/jpeg"}],"author":"Marcelo Oliveira de A. Maranhao","twitter_card":"summary_large_image","twitter_misc":{"Escrito por":"Marcelo Oliveira de A. Maranhao","Est. tempo de leitura":"3 minutos"},"schema":{"@context":"https:\/\/schema.org","@graph":[{"@type":"Article","@id":"https:\/\/diariodepe.com.br\/xinhua\/2025\/06\/11\/vice-premie-chines-reune-se-com-convidados-estrangeiros-participantes-da-conferencia-do-cinturao-e-rota\/#article","isPartOf":{"@id":"https:\/\/diariodepe.com.br\/xinhua\/2025\/06\/11\/vice-premie-chines-reune-se-com-convidados-estrangeiros-participantes-da-conferencia-do-cinturao-e-rota\/"},"author":{"name":"Marcelo Oliveira de A. Maranhao","@id":"https:\/\/diariodepe.com.br\/xinhua\/#\/schema\/person\/0943d6fd02bdc7b49c8f495e8787a2cb"},"headline":"Vice-premi\u00ea chin\u00eas re\u00fane-se com convidados estrangeiros participantes da confer\u00eancia do Cintur\u00e3o e Rota","datePublished":"2025-06-11T16:21:00+00:00","mainEntityOfPage":{"@id":"https:\/\/diariodepe.com.br\/xinhua\/2025\/06\/11\/vice-premie-chines-reune-se-com-convidados-estrangeiros-participantes-da-conferencia-do-cinturao-e-rota\/"},"wordCount":543,"commentCount":0,"publisher":{"@id":"https:\/\/diariodepe.com.br\/xinhua\/#organization"},"image":{"@id":"https:\/\/diariodepe.com.br\/xinhua\/2025\/06\/11\/vice-premie-chines-reune-se-com-convidados-estrangeiros-participantes-da-conferencia-do-cinturao-e-rota\/#primaryimage"},"thumbnailUrl":"https:\/\/diariodepe.com.br\/xinhua\/wp-content\/uploads\/sites\/3\/2025\/06\/Vr4OCT8KdJNlVAea.jpeg","articleSection":["Internacional"],"inLanguage":"pt-BR","potentialAction":[{"@type":"CommentAction","name":"Comment","target":["https:\/\/diariodepe.com.br\/xinhua\/2025\/06\/11\/vice-premie-chines-reune-se-com-convidados-estrangeiros-participantes-da-conferencia-do-cinturao-e-rota\/#respond"]}]},{"@type":"WebPage","@id":"https:\/\/diariodepe.com.br\/xinhua\/2025\/06\/11\/vice-premie-chines-reune-se-com-convidados-estrangeiros-participantes-da-conferencia-do-cinturao-e-rota\/","url":"https:\/\/diariodepe.com.br\/xinhua\/2025\/06\/11\/vice-premie-chines-reune-se-com-convidados-estrangeiros-participantes-da-conferencia-do-cinturao-e-rota\/","name":"Vice-premi\u00ea chin\u00eas re\u00fane-se com convidados estrangeiros participantes da confer\u00eancia do Cintur\u00e3o e Rota - Xinhua - Diario de Pernambuco","isPartOf":{"@id":"https:\/\/diariodepe.com.br\/xinhua\/#website"},"primaryImageOfPage":{"@id":"https:\/\/diariodepe.com.br\/xinhua\/2025\/06\/11\/vice-premie-chines-reune-se-com-convidados-estrangeiros-participantes-da-conferencia-do-cinturao-e-rota\/#primaryimage"},"image":{"@id":"https:\/\/diariodepe.com.br\/xinhua\/2025\/06\/11\/vice-premie-chines-reune-se-com-convidados-estrangeiros-participantes-da-conferencia-do-cinturao-e-rota\/#primaryimage"},"thumbnailUrl":"https:\/\/diariodepe.com.br\/xinhua\/wp-content\/uploads\/sites\/3\/2025\/06\/Vr4OCT8KdJNlVAea.jpeg","datePublished":"2025-06-11T16:21:00+00:00","breadcrumb":{"@id":"https:\/\/diariodepe.com.br\/xinhua\/2025\/06\/11\/vice-premie-chines-reune-se-com-convidados-estrangeiros-participantes-da-conferencia-do-cinturao-e-rota\/#breadcrumb"},"inLanguage":"pt-BR","potentialAction":[{"@type":"ReadAction","target":["https:\/\/diariodepe.com.br\/xinhua\/2025\/06\/11\/vice-premie-chines-reune-se-com-convidados-estrangeiros-participantes-da-conferencia-do-cinturao-e-rota\/"]}]},{"@type":"ImageObject","inLanguage":"pt-BR","@id":"https:\/\/diariodepe.com.br\/xinhua\/2025\/06\/11\/vice-premie-chines-reune-se-com-convidados-estrangeiros-participantes-da-conferencia-do-cinturao-e-rota\/#primaryimage","url":"https:\/\/diariodepe.com.br\/xinhua\/wp-content\/uploads\/sites\/3\/2025\/06\/Vr4OCT8KdJNlVAea.jpeg","contentUrl":"https:\/\/diariodepe.com.br\/xinhua\/wp-content\/uploads\/sites\/3\/2025\/06\/Vr4OCT8KdJNlVAea.jpeg","width":1024,"height":829},{"@type":"BreadcrumbList","@id":"https:\/\/diariodepe.com.br\/xinhua\/2025\/06\/11\/vice-premie-chines-reune-se-com-convidados-estrangeiros-participantes-da-conferencia-do-cinturao-e-rota\/#breadcrumb","itemListElement":[{"@type":"ListItem","position":1,"name":"In\u00edcio","item":"https:\/\/diariodepe.com.br\/xinhua\/"},{"@type":"ListItem","position":2,"name":"Vice-premi\u00ea chin\u00eas re\u00fane-se com convidados estrangeiros participantes da confer\u00eancia do Cintur\u00e3o e Rota"}]},{"@type":"WebSite","@id":"https:\/\/diariodepe.com.br\/xinhua\/#website","url":"https:\/\/diariodepe.com.br\/xinhua\/","name":"Xinhua - Diario de Pernambuco","description":"A maior ag\u00eancia de not\u00edcias da China e um dos principais canais para conhecer o pa\u00eds","publisher":{"@id":"https:\/\/diariodepe.com.br\/xinhua\/#organization"},"potentialAction":[{"@type":"SearchAction","target":{"@type":"EntryPoint","urlTemplate":"https:\/\/diariodepe.com.br\/xinhua\/?s={search_term_string}"},"query-input":{"@type":"PropertyValueSpecification","valueRequired":true,"valueName":"search_term_string"}}],"inLanguage":"pt-BR"},{"@type":"Organization","@id":"https:\/\/diariodepe.com.br\/xinhua\/#organization","name":"Xinhua - Diario de Pernambuco","url":"https:\/\/diariodepe.com.br\/xinhua\/","logo":{"@type":"ImageObject","inLanguage":"pt-BR","@id":"https:\/\/diariodepe.com.br\/xinhua\/#\/schema\/logo\/image\/","url":"https:\/\/diariodepe.com.br\/xinhua\/wp-content\/uploads\/sites\/3\/2020\/10\/cropped-logo-transparente-2.png","contentUrl":"https:\/\/diariodepe.com.br\/xinhua\/wp-content\/uploads\/sites\/3\/2020\/10\/cropped-logo-transparente-2.png","width":512,"height":164,"caption":"Xinhua - Diario de Pernambuco"},"image":{"@id":"https:\/\/diariodepe.com.br\/xinhua\/#\/schema\/logo\/image\/"}},{"@type":"Person","@id":"https:\/\/diariodepe.com.br\/xinhua\/#\/schema\/person\/0943d6fd02bdc7b49c8f495e8787a2cb","name":"Marcelo Oliveira de A. Maranhao","image":{"@type":"ImageObject","inLanguage":"pt-BR","@id":"https:\/\/secure.gravatar.com\/avatar\/f562caee940d39879c20e90eea3e4b21860c7d4c96684c23141c554824f0059c?s=96&d=mm&r=g","url":"https:\/\/secure.gravatar.com\/avatar\/f562caee940d39879c20e90eea3e4b21860c7d4c96684c23141c554824f0059c?s=96&d=mm&r=g","contentUrl":"https:\/\/secure.gravatar.com\/avatar\/f562caee940d39879c20e90eea3e4b21860c7d4c96684c23141c554824f0059c?s=96&d=mm&r=g","caption":"Marcelo Oliveira de A. Maranhao"},"url":"https:\/\/diariodepe.com.br\/xinhua\/author\/marcelo-maranhao\/"}]}},"cc_featured_image_caption":{"caption_text":"","source_text":"","source_url":""},"amp_enabled":true,"_links":{"self":[{"href":"https:\/\/diariodepe.com.br\/xinhua\/wp-json\/wp\/v2\/posts\/26451","targetHints":{"allow":["GET"]}}],"collection":[{"href":"https:\/\/diariodepe.com.br\/xinhua\/wp-json\/wp\/v2\/posts"}],"about":[{"href":"https:\/\/diariodepe.com.br\/xinhua\/wp-json\/wp\/v2\/types\/post"}],"author":[{"embeddable":true,"href":"https:\/\/diariodepe.com.br\/xinhua\/wp-json\/wp\/v2\/users\/3"}],"replies":[{"embeddable":true,"href":"https:\/\/diariodepe.com.br\/xinhua\/wp-json\/wp\/v2\/comments?post=26451"}],"version-history":[{"count":1,"href":"https:\/\/diariodepe.com.br\/xinhua\/wp-json\/wp\/v2\/posts\/26451\/revisions"}],"predecessor-version":[{"id":26453,"href":"https:\/\/diariodepe.com.br\/xinhua\/wp-json\/wp\/v2\/posts\/26451\/revisions\/26453"}],"wp:featuredmedia":[{"embeddable":true,"href":"https:\/\/diariodepe.com.br\/xinhua\/wp-json\/wp\/v2\/media\/26452"}],"wp:attachment":[{"href":"https:\/\/diariodepe.com.br\/xinhua\/wp-json\/wp\/v2\/media?parent=26451"}],"wp:term":[{"taxonomy":"category","embeddable":true,"href":"https:\/\/diariodepe.com.br\/xinhua\/wp-json\/wp\/v2\/categories?post=26451"},{"taxonomy":"post_tag","embeddable":true,"href":"https:\/\/diariodepe.com.br\/xinhua\/wp-json\/wp\/v2\/tags?post=26451"}],"curies":[{"name":"wp","href":"https:\/\/api.w.org\/{rel}","templated":true}]}}