{"id":26448,"date":"2025-06-11T11:37:00","date_gmt":"2025-06-11T14:37:00","guid":{"rendered":"https:\/\/www.diariodepe.com.br\/xinhua\/?p=26448"},"modified":"2025-06-11T12:40:54","modified_gmt":"2025-06-11T15:40:54","slug":"mais-alto-diplomata-da-china-reune-se-com-ministros-das-relacoes-exteriores-africanos","status":"publish","type":"post","link":"https:\/\/diariodepe.com.br\/xinhua\/2025\/06\/11\/mais-alto-diplomata-da-china-reune-se-com-ministros-das-relacoes-exteriores-africanos\/","title":{"rendered":"Mais alto diplomata da China re\u00fane-se com ministros das Rela\u00e7\u00f5es Exteriores africanos"},"content":{"rendered":"\n<p>Changsha &#8211; O ministro das Rela\u00e7\u00f5es Exteriores chin\u00eas, Wang Yi, se reuniu na ter\u00e7a-feira, respectivamente, com alguns hom\u00f3logos africanos que vieram \u00e0 China para a Reuni\u00e3o Ministerial de Coordenadores sobre a Implementa\u00e7\u00e3o das A\u00e7\u00f5es de Acompanhamento do F\u00f3rum de Coopera\u00e7\u00e3o China-\u00c1frica em Changsha, capital da Prov\u00edncia de Hunan, no centro da China.<\/p>\n\n\n\n<p>Esses ministros das Rela\u00e7\u00f5es Exteriores africanos incluem Musalia Mudavadi, do Qu\u00eania; Yassine Fall, do Senegal; Mahmoud Thabit Kombo, da Tanz\u00e2nia; Selma Ashipala-Musavyi, da Nam\u00edbia; Phenyo Butale, de Botsuana; e T\u00e9te Ant\u00f3nio, de Angola.<\/p>\n\n\n\n<p>Ao se reunir com Mudavadi, Wang, membro do Bir\u00f4 Pol\u00edtico do Comit\u00ea Central do Partido Comunista da China, disse que a China est\u00e1 disposta a trabalhar com o Qu\u00eania para implementar o consenso alcan\u00e7ado pelos dois chefes de Estado, apoiar-se mutuamente com firmeza, aumentar a confian\u00e7a m\u00fatua, consolidar a base pol\u00edtica das rela\u00e7\u00f5es China-Qu\u00eania, e injetar continuamente um forte impulso na coopera\u00e7\u00e3o bilateral.<\/p>\n\n\n\n<p>Observando que a reuni\u00e3o ministerial \u00e9 um encontro entre a China e os pa\u00edses africanos, Wang afirmou que ela refor\u00e7ar\u00e1 certamente a solidariedade dos pa\u00edses do Sul Global.<\/p>\n\n\n\n<p>A China atribui grande import\u00e2ncia ao papel e \u00e0 influ\u00eancia do Qu\u00eania e est\u00e1 disposta a melhorar a comunica\u00e7\u00e3o e a coordena\u00e7\u00e3o estrat\u00e9gicas para salvaguardar conjuntamente os direitos e interesses leg\u00edtimos dos pa\u00edses em desenvolvimento e as normas b\u00e1sicas que regem as rela\u00e7\u00f5es internacionais, de acordo com Wang.<\/p>\n\n\n\n<p>O Qu\u00eania adere ao princ\u00edpio de Uma S\u00f3 China e continuar\u00e1 a apoiar firmemente a China, destacou Mudavadi, acrescentando que o Qu\u00eania espera aprofundar ainda mais a coopera\u00e7\u00e3o mutuamente ben\u00e9fica com a China<\/p>\n\n\n\n<p>Ao se reunir com Fall, Wang disse que a China est\u00e1 disposta a continuar a compartilhar novas oportunidades de desenvolvimento com os pa\u00edses africanos, incluindo o Senegal, e ajudar os pa\u00edses africanos a alcan\u00e7arem a moderniza\u00e7\u00e3o.<\/p>\n\n\n\n<p>Segundo ele, a China est\u00e1 disposta a trabalhar com o Senegal para defender o conceito de multilateralismo e as normas b\u00e1sicas que regem as rela\u00e7\u00f5es internacionais, bem como os direitos e interesses leg\u00edtimos dos pa\u00edses em desenvolvimento e a equidade e a justi\u00e7a internacionais.<\/p>\n\n\n\n<p>Fall disse que o Senegal adere firmemente ao princ\u00edpio de Uma S\u00f3 China e salvaguardar\u00e1 a amizade s\u00f3lida entre o Senegal e a China, assim como entre a \u00c1frica e a China.<\/p>\n\n\n\n<p>O Senegal espera fortalecer os interc\u00e2mbios de alto n\u00edvel com a China e promover a atualiza\u00e7\u00e3o da coopera\u00e7\u00e3o bilateral, declarou Fall, acrescentando que o pa\u00eds d\u00e1 as boas-vindas a mais investimentos da China.<\/p>\n\n\n\n<p>Ao se reunir com Kombo, Wang disse que a Tanz\u00e2nia se tornou um dos pa\u00edses onde os resultados da C\u00fapula de Beijing do F\u00f3rum de Coopera\u00e7\u00e3o China-\u00c1frica foram implementados de forma mais eficaz, e que a China aprecia o entendimento e o apoio da Tanz\u00e2nia \u00e0 posi\u00e7\u00e3o leg\u00edtima da China em quest\u00f5es relacionadas a seus interesses centrais.<\/p>\n\n\n\n<p>Ele observou que a China est\u00e1 disposta a trabalhar com a Tanz\u00e2nia e a Z\u00e2mbia para revitalizar a Ferrovia Tanz\u00e2nia-Z\u00e2mbia e dar um exemplo para a coopera\u00e7\u00e3o mutuamente ben\u00e9fica entre a China e a \u00c1frica.<\/p>\n\n\n\n<p>Kombo agradeceu \u00e0 China pela assist\u00eancia prestada \u00e0 constru\u00e7\u00e3o e ao desenvolvimento nacionais da Tanz\u00e2nia e pela oferta de tratamento de tarifa zero \u00e0 Tanz\u00e2nia, dizendo que a China se tornou um dos mais importantes parceiros econ\u00f4micos e comerciais da Tanz\u00e2nia.<\/p>\n\n\n\n<p>A Tanz\u00e2nia adere ao princ\u00edpio de Uma S\u00f3 China e est\u00e1 firmemente comprometida com a amizade entre os dois pa\u00edses, ressaltou Kombo.<\/p>\n\n\n\n<p>Ao se reunir com Ashipala-Musavyi, Wang disse que a China est\u00e1 pronta para trabalhar com a Nam\u00edbia para levar adiante a boa tradi\u00e7\u00e3o de confian\u00e7a m\u00fatua, apoio m\u00fatuo e solidariedade, garantindo que a amizade China-Nam\u00edbia ganhe nova vitalidade na nova era.<\/p>\n\n\n\n<p>Os dois lados devem fortalecer o alinhamento de suas estrat\u00e9gias de desenvolvimento e aprimorar a coopera\u00e7\u00e3o mutuamente ben\u00e9fica, para que a Nam\u00edbia possa acelerar seu processo de industrializa\u00e7\u00e3o e entregar mais benef\u00edcios para seu povo, indicou Wang.<\/p>\n\n\n\n<p>Ashipala-Musavyi destacou que a Nam\u00edbia espera fortalecer a sinergia com a China e est\u00e1 confiante de que a reuni\u00e3o ministerial produzir\u00e1 resultados frut\u00edferos.<\/p>\n\n\n\n<p>Ao se reunir com Butale, Wang disse que este ano marca o 50\u00ba anivers\u00e1rio de la\u00e7os diplom\u00e1ticos entre a China e Botsuana, e que a China apoia Botsuana na explora\u00e7\u00e3o de um caminho de desenvolvimento independente e autossuficiente.<\/p>\n\n\n\n<p>Ressaltando que a China est\u00e1 pronta para trabalhar com Botsuana para garantir que a coopera\u00e7\u00e3o mutuamente ben\u00e9fica produza mais resultados substanciais, Wang enfatizou que a China ampliar\u00e1 ainda mais o acesso ao mercado para Botsuana e explorar\u00e1 melhor coopera\u00e7\u00e3o em setores como com\u00e9rcio, energia, ind\u00fastrias de fabrica\u00e7\u00e3o e processamento, e sa\u00fade.<\/p>\n\n\n\n<p>Butale observou que Botsuana adere firmemente ao princ\u00edpio de Uma S\u00f3 China e est\u00e1 comprometido em aprofundar a coopera\u00e7\u00e3o do Cintur\u00e3o e Rota.<\/p>\n\n\n\n<p>Ao se reunir com Ant\u00f3nio, Wang disse que a China mant\u00e9m a continuidade e a estabilidade de sua pol\u00edtica em rela\u00e7\u00e3o a Angola e n\u00e3o imp\u00f5e nenhuma condi\u00e7\u00e3o pol\u00edtica a sua assist\u00eancia a Angola.<\/p>\n\n\n\n<p>Ele observou que a China apoia os esfor\u00e7os de Angola para promover o desenvolvimento nacional, incentiva e apoia as empresas chinesas a aumentarem investimentos em Angola e espera que Angola proteja os direitos e interesses leg\u00edtimos das empresas e pessoas chinesas em Angola.<\/p>\n\n\n\n<p>Ant\u00f3nio expressou gratid\u00e3o a centenas de empresas chinesas por sua contribui\u00e7\u00e3o para o desenvolvimento e a constru\u00e7\u00e3o de infraestrutura de Angola, acrescentando que Angola est\u00e1 disposto a refor\u00e7ar a coopera\u00e7\u00e3o com a China e cumprir seus deveres como presidente rotativo da Uni\u00e3o Africana.&nbsp;<\/p>\n","protected":false},"excerpt":{"rendered":"<p>Changsha &#8211; O ministro das Rela\u00e7\u00f5es Exteriores chin\u00eas, Wang Yi, se reuniu na ter\u00e7a-feira, respectivamente, com alguns hom\u00f3logos africanos que vieram \u00e0 China para a Reuni\u00e3o Ministerial de Coordenadores sobre a Implementa\u00e7\u00e3o das A\u00e7\u00f5es de Acompanhamento do F\u00f3rum de Coopera\u00e7\u00e3o&#8230;<\/p>\n","protected":false},"author":3,"featured_media":26449,"comment_status":"open","ping_status":"open","sticky":false,"template":"","format":"standard","meta":{"footnotes":""},"categories":[4],"tags":[],"class_list":["post-26448","post","type-post","status-publish","format-standard","has-post-thumbnail","hentry","category-internacional"],"yoast_head":"<!-- This site is optimized with the Yoast SEO plugin v27.4 - https:\/\/yoast.com\/product\/yoast-seo-wordpress\/ -->\n<title>Mais alto diplomata da China re\u00fane-se com ministros das Rela\u00e7\u00f5es Exteriores africanos - Xinhua - Diario de Pernambuco<\/title>\n<meta name=\"robots\" content=\"index, follow, max-snippet:-1, max-image-preview:large, max-video-preview:-1\" \/>\n<link rel=\"canonical\" href=\"https:\/\/diariodepe.com.br\/xinhua\/2025\/06\/11\/mais-alto-diplomata-da-china-reune-se-com-ministros-das-relacoes-exteriores-africanos\/\" \/>\n<meta property=\"og:locale\" content=\"pt_BR\" \/>\n<meta property=\"og:type\" content=\"article\" \/>\n<meta property=\"og:title\" content=\"Mais alto diplomata da China re\u00fane-se com ministros das Rela\u00e7\u00f5es Exteriores africanos - Xinhua - Diario de Pernambuco\" \/>\n<meta property=\"og:description\" content=\"Changsha &#8211; O ministro das Rela\u00e7\u00f5es Exteriores chin\u00eas, Wang Yi, se reuniu na ter\u00e7a-feira, respectivamente, com alguns hom\u00f3logos africanos que vieram \u00e0 China para a Reuni\u00e3o Ministerial de Coordenadores sobre a Implementa\u00e7\u00e3o das A\u00e7\u00f5es de Acompanhamento do F\u00f3rum de Coopera\u00e7\u00e3o...\" \/>\n<meta property=\"og:url\" content=\"https:\/\/diariodepe.com.br\/xinhua\/2025\/06\/11\/mais-alto-diplomata-da-china-reune-se-com-ministros-das-relacoes-exteriores-africanos\/\" \/>\n<meta property=\"og:site_name\" content=\"Xinhua - Diario de Pernambuco\" \/>\n<meta property=\"article:published_time\" content=\"2025-06-11T14:37:00+00:00\" \/>\n<meta property=\"article:modified_time\" content=\"2025-06-11T15:40:54+00:00\" \/>\n<meta property=\"og:image\" content=\"https:\/\/diariodepe.com.br\/xinhua\/wp-content\/uploads\/sites\/3\/2025\/06\/otV2oF5nl7ajD9lA.png\" \/>\n\t<meta property=\"og:image:width\" content=\"1000\" \/>\n\t<meta property=\"og:image:height\" content=\"669\" \/>\n\t<meta property=\"og:image:type\" content=\"image\/png\" \/>\n<meta name=\"author\" content=\"Marcelo Oliveira de A. Maranhao\" \/>\n<meta name=\"twitter:card\" content=\"summary_large_image\" \/>\n<meta name=\"twitter:label1\" content=\"Escrito por\" \/>\n\t<meta name=\"twitter:data1\" content=\"Marcelo Oliveira de A. Maranhao\" \/>\n\t<meta name=\"twitter:label2\" content=\"Est. tempo de leitura\" \/>\n\t<meta name=\"twitter:data2\" content=\"5 minutos\" \/>\n<script type=\"application\/ld+json\" class=\"yoast-schema-graph\">{\"@context\":\"https:\\\/\\\/schema.org\",\"@graph\":[{\"@type\":\"Article\",\"@id\":\"https:\\\/\\\/diariodepe.com.br\\\/xinhua\\\/2025\\\/06\\\/11\\\/mais-alto-diplomata-da-china-reune-se-com-ministros-das-relacoes-exteriores-africanos\\\/#article\",\"isPartOf\":{\"@id\":\"https:\\\/\\\/diariodepe.com.br\\\/xinhua\\\/2025\\\/06\\\/11\\\/mais-alto-diplomata-da-china-reune-se-com-ministros-das-relacoes-exteriores-africanos\\\/\"},\"author\":{\"name\":\"Marcelo Oliveira de A. Maranhao\",\"@id\":\"https:\\\/\\\/diariodepe.com.br\\\/xinhua\\\/#\\\/schema\\\/person\\\/0943d6fd02bdc7b49c8f495e8787a2cb\"},\"headline\":\"Mais alto diplomata da China re\u00fane-se com ministros das Rela\u00e7\u00f5es Exteriores africanos\",\"datePublished\":\"2025-06-11T14:37:00+00:00\",\"dateModified\":\"2025-06-11T15:40:54+00:00\",\"mainEntityOfPage\":{\"@id\":\"https:\\\/\\\/diariodepe.com.br\\\/xinhua\\\/2025\\\/06\\\/11\\\/mais-alto-diplomata-da-china-reune-se-com-ministros-das-relacoes-exteriores-africanos\\\/\"},\"wordCount\":1030,\"commentCount\":0,\"publisher\":{\"@id\":\"https:\\\/\\\/diariodepe.com.br\\\/xinhua\\\/#organization\"},\"image\":{\"@id\":\"https:\\\/\\\/diariodepe.com.br\\\/xinhua\\\/2025\\\/06\\\/11\\\/mais-alto-diplomata-da-china-reune-se-com-ministros-das-relacoes-exteriores-africanos\\\/#primaryimage\"},\"thumbnailUrl\":\"https:\\\/\\\/diariodepe.com.br\\\/xinhua\\\/wp-content\\\/uploads\\\/sites\\\/3\\\/2025\\\/06\\\/otV2oF5nl7ajD9lA.png\",\"articleSection\":[\"Internacional\"],\"inLanguage\":\"pt-BR\",\"potentialAction\":[{\"@type\":\"CommentAction\",\"name\":\"Comment\",\"target\":[\"https:\\\/\\\/diariodepe.com.br\\\/xinhua\\\/2025\\\/06\\\/11\\\/mais-alto-diplomata-da-china-reune-se-com-ministros-das-relacoes-exteriores-africanos\\\/#respond\"]}]},{\"@type\":\"WebPage\",\"@id\":\"https:\\\/\\\/diariodepe.com.br\\\/xinhua\\\/2025\\\/06\\\/11\\\/mais-alto-diplomata-da-china-reune-se-com-ministros-das-relacoes-exteriores-africanos\\\/\",\"url\":\"https:\\\/\\\/diariodepe.com.br\\\/xinhua\\\/2025\\\/06\\\/11\\\/mais-alto-diplomata-da-china-reune-se-com-ministros-das-relacoes-exteriores-africanos\\\/\",\"name\":\"Mais alto diplomata da China re\u00fane-se com ministros das Rela\u00e7\u00f5es Exteriores africanos - Xinhua - Diario de Pernambuco\",\"isPartOf\":{\"@id\":\"https:\\\/\\\/diariodepe.com.br\\\/xinhua\\\/#website\"},\"primaryImageOfPage\":{\"@id\":\"https:\\\/\\\/diariodepe.com.br\\\/xinhua\\\/2025\\\/06\\\/11\\\/mais-alto-diplomata-da-china-reune-se-com-ministros-das-relacoes-exteriores-africanos\\\/#primaryimage\"},\"image\":{\"@id\":\"https:\\\/\\\/diariodepe.com.br\\\/xinhua\\\/2025\\\/06\\\/11\\\/mais-alto-diplomata-da-china-reune-se-com-ministros-das-relacoes-exteriores-africanos\\\/#primaryimage\"},\"thumbnailUrl\":\"https:\\\/\\\/diariodepe.com.br\\\/xinhua\\\/wp-content\\\/uploads\\\/sites\\\/3\\\/2025\\\/06\\\/otV2oF5nl7ajD9lA.png\",\"datePublished\":\"2025-06-11T14:37:00+00:00\",\"dateModified\":\"2025-06-11T15:40:54+00:00\",\"breadcrumb\":{\"@id\":\"https:\\\/\\\/diariodepe.com.br\\\/xinhua\\\/2025\\\/06\\\/11\\\/mais-alto-diplomata-da-china-reune-se-com-ministros-das-relacoes-exteriores-africanos\\\/#breadcrumb\"},\"inLanguage\":\"pt-BR\",\"potentialAction\":[{\"@type\":\"ReadAction\",\"target\":[\"https:\\\/\\\/diariodepe.com.br\\\/xinhua\\\/2025\\\/06\\\/11\\\/mais-alto-diplomata-da-china-reune-se-com-ministros-das-relacoes-exteriores-africanos\\\/\"]}]},{\"@type\":\"ImageObject\",\"inLanguage\":\"pt-BR\",\"@id\":\"https:\\\/\\\/diariodepe.com.br\\\/xinhua\\\/2025\\\/06\\\/11\\\/mais-alto-diplomata-da-china-reune-se-com-ministros-das-relacoes-exteriores-africanos\\\/#primaryimage\",\"url\":\"https:\\\/\\\/diariodepe.com.br\\\/xinhua\\\/wp-content\\\/uploads\\\/sites\\\/3\\\/2025\\\/06\\\/otV2oF5nl7ajD9lA.png\",\"contentUrl\":\"https:\\\/\\\/diariodepe.com.br\\\/xinhua\\\/wp-content\\\/uploads\\\/sites\\\/3\\\/2025\\\/06\\\/otV2oF5nl7ajD9lA.png\",\"width\":1000,\"height\":669},{\"@type\":\"BreadcrumbList\",\"@id\":\"https:\\\/\\\/diariodepe.com.br\\\/xinhua\\\/2025\\\/06\\\/11\\\/mais-alto-diplomata-da-china-reune-se-com-ministros-das-relacoes-exteriores-africanos\\\/#breadcrumb\",\"itemListElement\":[{\"@type\":\"ListItem\",\"position\":1,\"name\":\"In\u00edcio\",\"item\":\"https:\\\/\\\/diariodepe.com.br\\\/xinhua\\\/\"},{\"@type\":\"ListItem\",\"position\":2,\"name\":\"Mais alto diplomata da China re\u00fane-se com ministros das Rela\u00e7\u00f5es Exteriores africanos\"}]},{\"@type\":\"WebSite\",\"@id\":\"https:\\\/\\\/diariodepe.com.br\\\/xinhua\\\/#website\",\"url\":\"https:\\\/\\\/diariodepe.com.br\\\/xinhua\\\/\",\"name\":\"Xinhua - Diario de Pernambuco\",\"description\":\"A maior ag\u00eancia de not\u00edcias da China e um dos principais canais para conhecer o pa\u00eds\",\"publisher\":{\"@id\":\"https:\\\/\\\/diariodepe.com.br\\\/xinhua\\\/#organization\"},\"potentialAction\":[{\"@type\":\"SearchAction\",\"target\":{\"@type\":\"EntryPoint\",\"urlTemplate\":\"https:\\\/\\\/diariodepe.com.br\\\/xinhua\\\/?s={search_term_string}\"},\"query-input\":{\"@type\":\"PropertyValueSpecification\",\"valueRequired\":true,\"valueName\":\"search_term_string\"}}],\"inLanguage\":\"pt-BR\"},{\"@type\":\"Organization\",\"@id\":\"https:\\\/\\\/diariodepe.com.br\\\/xinhua\\\/#organization\",\"name\":\"Xinhua - Diario de Pernambuco\",\"url\":\"https:\\\/\\\/diariodepe.com.br\\\/xinhua\\\/\",\"logo\":{\"@type\":\"ImageObject\",\"inLanguage\":\"pt-BR\",\"@id\":\"https:\\\/\\\/diariodepe.com.br\\\/xinhua\\\/#\\\/schema\\\/logo\\\/image\\\/\",\"url\":\"https:\\\/\\\/diariodepe.com.br\\\/xinhua\\\/wp-content\\\/uploads\\\/sites\\\/3\\\/2020\\\/10\\\/cropped-logo-transparente-2.png\",\"contentUrl\":\"https:\\\/\\\/diariodepe.com.br\\\/xinhua\\\/wp-content\\\/uploads\\\/sites\\\/3\\\/2020\\\/10\\\/cropped-logo-transparente-2.png\",\"width\":512,\"height\":164,\"caption\":\"Xinhua - Diario de Pernambuco\"},\"image\":{\"@id\":\"https:\\\/\\\/diariodepe.com.br\\\/xinhua\\\/#\\\/schema\\\/logo\\\/image\\\/\"}},{\"@type\":\"Person\",\"@id\":\"https:\\\/\\\/diariodepe.com.br\\\/xinhua\\\/#\\\/schema\\\/person\\\/0943d6fd02bdc7b49c8f495e8787a2cb\",\"name\":\"Marcelo Oliveira de A. Maranhao\",\"image\":{\"@type\":\"ImageObject\",\"inLanguage\":\"pt-BR\",\"@id\":\"https:\\\/\\\/secure.gravatar.com\\\/avatar\\\/f562caee940d39879c20e90eea3e4b21860c7d4c96684c23141c554824f0059c?s=96&d=mm&r=g\",\"url\":\"https:\\\/\\\/secure.gravatar.com\\\/avatar\\\/f562caee940d39879c20e90eea3e4b21860c7d4c96684c23141c554824f0059c?s=96&d=mm&r=g\",\"contentUrl\":\"https:\\\/\\\/secure.gravatar.com\\\/avatar\\\/f562caee940d39879c20e90eea3e4b21860c7d4c96684c23141c554824f0059c?s=96&d=mm&r=g\",\"caption\":\"Marcelo Oliveira de A. Maranhao\"},\"url\":\"https:\\\/\\\/diariodepe.com.br\\\/xinhua\\\/author\\\/marcelo-maranhao\\\/\"}]}<\/script>\n<!-- \/ Yoast SEO plugin. -->","yoast_head_json":{"title":"Mais alto diplomata da China re\u00fane-se com ministros das Rela\u00e7\u00f5es Exteriores africanos - Xinhua - Diario de Pernambuco","robots":{"index":"index","follow":"follow","max-snippet":"max-snippet:-1","max-image-preview":"max-image-preview:large","max-video-preview":"max-video-preview:-1"},"canonical":"https:\/\/diariodepe.com.br\/xinhua\/2025\/06\/11\/mais-alto-diplomata-da-china-reune-se-com-ministros-das-relacoes-exteriores-africanos\/","og_locale":"pt_BR","og_type":"article","og_title":"Mais alto diplomata da China re\u00fane-se com ministros das Rela\u00e7\u00f5es Exteriores africanos - Xinhua - Diario de Pernambuco","og_description":"Changsha &#8211; O ministro das Rela\u00e7\u00f5es Exteriores chin\u00eas, Wang Yi, se reuniu na ter\u00e7a-feira, respectivamente, com alguns hom\u00f3logos africanos que vieram \u00e0 China para a Reuni\u00e3o Ministerial de Coordenadores sobre a Implementa\u00e7\u00e3o das A\u00e7\u00f5es de Acompanhamento do F\u00f3rum de Coopera\u00e7\u00e3o...","og_url":"https:\/\/diariodepe.com.br\/xinhua\/2025\/06\/11\/mais-alto-diplomata-da-china-reune-se-com-ministros-das-relacoes-exteriores-africanos\/","og_site_name":"Xinhua - Diario de Pernambuco","article_published_time":"2025-06-11T14:37:00+00:00","article_modified_time":"2025-06-11T15:40:54+00:00","og_image":[{"width":1000,"height":669,"url":"https:\/\/diariodepe.com.br\/xinhua\/wp-content\/uploads\/sites\/3\/2025\/06\/otV2oF5nl7ajD9lA.png","type":"image\/png"}],"author":"Marcelo Oliveira de A. Maranhao","twitter_card":"summary_large_image","twitter_misc":{"Escrito por":"Marcelo Oliveira de A. Maranhao","Est. tempo de leitura":"5 minutos"},"schema":{"@context":"https:\/\/schema.org","@graph":[{"@type":"Article","@id":"https:\/\/diariodepe.com.br\/xinhua\/2025\/06\/11\/mais-alto-diplomata-da-china-reune-se-com-ministros-das-relacoes-exteriores-africanos\/#article","isPartOf":{"@id":"https:\/\/diariodepe.com.br\/xinhua\/2025\/06\/11\/mais-alto-diplomata-da-china-reune-se-com-ministros-das-relacoes-exteriores-africanos\/"},"author":{"name":"Marcelo Oliveira de A. Maranhao","@id":"https:\/\/diariodepe.com.br\/xinhua\/#\/schema\/person\/0943d6fd02bdc7b49c8f495e8787a2cb"},"headline":"Mais alto diplomata da China re\u00fane-se com ministros das Rela\u00e7\u00f5es Exteriores africanos","datePublished":"2025-06-11T14:37:00+00:00","dateModified":"2025-06-11T15:40:54+00:00","mainEntityOfPage":{"@id":"https:\/\/diariodepe.com.br\/xinhua\/2025\/06\/11\/mais-alto-diplomata-da-china-reune-se-com-ministros-das-relacoes-exteriores-africanos\/"},"wordCount":1030,"commentCount":0,"publisher":{"@id":"https:\/\/diariodepe.com.br\/xinhua\/#organization"},"image":{"@id":"https:\/\/diariodepe.com.br\/xinhua\/2025\/06\/11\/mais-alto-diplomata-da-china-reune-se-com-ministros-das-relacoes-exteriores-africanos\/#primaryimage"},"thumbnailUrl":"https:\/\/diariodepe.com.br\/xinhua\/wp-content\/uploads\/sites\/3\/2025\/06\/otV2oF5nl7ajD9lA.png","articleSection":["Internacional"],"inLanguage":"pt-BR","potentialAction":[{"@type":"CommentAction","name":"Comment","target":["https:\/\/diariodepe.com.br\/xinhua\/2025\/06\/11\/mais-alto-diplomata-da-china-reune-se-com-ministros-das-relacoes-exteriores-africanos\/#respond"]}]},{"@type":"WebPage","@id":"https:\/\/diariodepe.com.br\/xinhua\/2025\/06\/11\/mais-alto-diplomata-da-china-reune-se-com-ministros-das-relacoes-exteriores-africanos\/","url":"https:\/\/diariodepe.com.br\/xinhua\/2025\/06\/11\/mais-alto-diplomata-da-china-reune-se-com-ministros-das-relacoes-exteriores-africanos\/","name":"Mais alto diplomata da China re\u00fane-se com ministros das Rela\u00e7\u00f5es Exteriores africanos - Xinhua - Diario de Pernambuco","isPartOf":{"@id":"https:\/\/diariodepe.com.br\/xinhua\/#website"},"primaryImageOfPage":{"@id":"https:\/\/diariodepe.com.br\/xinhua\/2025\/06\/11\/mais-alto-diplomata-da-china-reune-se-com-ministros-das-relacoes-exteriores-africanos\/#primaryimage"},"image":{"@id":"https:\/\/diariodepe.com.br\/xinhua\/2025\/06\/11\/mais-alto-diplomata-da-china-reune-se-com-ministros-das-relacoes-exteriores-africanos\/#primaryimage"},"thumbnailUrl":"https:\/\/diariodepe.com.br\/xinhua\/wp-content\/uploads\/sites\/3\/2025\/06\/otV2oF5nl7ajD9lA.png","datePublished":"2025-06-11T14:37:00+00:00","dateModified":"2025-06-11T15:40:54+00:00","breadcrumb":{"@id":"https:\/\/diariodepe.com.br\/xinhua\/2025\/06\/11\/mais-alto-diplomata-da-china-reune-se-com-ministros-das-relacoes-exteriores-africanos\/#breadcrumb"},"inLanguage":"pt-BR","potentialAction":[{"@type":"ReadAction","target":["https:\/\/diariodepe.com.br\/xinhua\/2025\/06\/11\/mais-alto-diplomata-da-china-reune-se-com-ministros-das-relacoes-exteriores-africanos\/"]}]},{"@type":"ImageObject","inLanguage":"pt-BR","@id":"https:\/\/diariodepe.com.br\/xinhua\/2025\/06\/11\/mais-alto-diplomata-da-china-reune-se-com-ministros-das-relacoes-exteriores-africanos\/#primaryimage","url":"https:\/\/diariodepe.com.br\/xinhua\/wp-content\/uploads\/sites\/3\/2025\/06\/otV2oF5nl7ajD9lA.png","contentUrl":"https:\/\/diariodepe.com.br\/xinhua\/wp-content\/uploads\/sites\/3\/2025\/06\/otV2oF5nl7ajD9lA.png","width":1000,"height":669},{"@type":"BreadcrumbList","@id":"https:\/\/diariodepe.com.br\/xinhua\/2025\/06\/11\/mais-alto-diplomata-da-china-reune-se-com-ministros-das-relacoes-exteriores-africanos\/#breadcrumb","itemListElement":[{"@type":"ListItem","position":1,"name":"In\u00edcio","item":"https:\/\/diariodepe.com.br\/xinhua\/"},{"@type":"ListItem","position":2,"name":"Mais alto diplomata da China re\u00fane-se com ministros das Rela\u00e7\u00f5es Exteriores africanos"}]},{"@type":"WebSite","@id":"https:\/\/diariodepe.com.br\/xinhua\/#website","url":"https:\/\/diariodepe.com.br\/xinhua\/","name":"Xinhua - Diario de Pernambuco","description":"A maior ag\u00eancia de not\u00edcias da China e um dos principais canais para conhecer o pa\u00eds","publisher":{"@id":"https:\/\/diariodepe.com.br\/xinhua\/#organization"},"potentialAction":[{"@type":"SearchAction","target":{"@type":"EntryPoint","urlTemplate":"https:\/\/diariodepe.com.br\/xinhua\/?s={search_term_string}"},"query-input":{"@type":"PropertyValueSpecification","valueRequired":true,"valueName":"search_term_string"}}],"inLanguage":"pt-BR"},{"@type":"Organization","@id":"https:\/\/diariodepe.com.br\/xinhua\/#organization","name":"Xinhua - Diario de Pernambuco","url":"https:\/\/diariodepe.com.br\/xinhua\/","logo":{"@type":"ImageObject","inLanguage":"pt-BR","@id":"https:\/\/diariodepe.com.br\/xinhua\/#\/schema\/logo\/image\/","url":"https:\/\/diariodepe.com.br\/xinhua\/wp-content\/uploads\/sites\/3\/2020\/10\/cropped-logo-transparente-2.png","contentUrl":"https:\/\/diariodepe.com.br\/xinhua\/wp-content\/uploads\/sites\/3\/2020\/10\/cropped-logo-transparente-2.png","width":512,"height":164,"caption":"Xinhua - Diario de Pernambuco"},"image":{"@id":"https:\/\/diariodepe.com.br\/xinhua\/#\/schema\/logo\/image\/"}},{"@type":"Person","@id":"https:\/\/diariodepe.com.br\/xinhua\/#\/schema\/person\/0943d6fd02bdc7b49c8f495e8787a2cb","name":"Marcelo Oliveira de A. Maranhao","image":{"@type":"ImageObject","inLanguage":"pt-BR","@id":"https:\/\/secure.gravatar.com\/avatar\/f562caee940d39879c20e90eea3e4b21860c7d4c96684c23141c554824f0059c?s=96&d=mm&r=g","url":"https:\/\/secure.gravatar.com\/avatar\/f562caee940d39879c20e90eea3e4b21860c7d4c96684c23141c554824f0059c?s=96&d=mm&r=g","contentUrl":"https:\/\/secure.gravatar.com\/avatar\/f562caee940d39879c20e90eea3e4b21860c7d4c96684c23141c554824f0059c?s=96&d=mm&r=g","caption":"Marcelo Oliveira de A. Maranhao"},"url":"https:\/\/diariodepe.com.br\/xinhua\/author\/marcelo-maranhao\/"}]}},"cc_featured_image_caption":{"caption_text":"","source_text":"","source_url":""},"amp_enabled":true,"_links":{"self":[{"href":"https:\/\/diariodepe.com.br\/xinhua\/wp-json\/wp\/v2\/posts\/26448","targetHints":{"allow":["GET"]}}],"collection":[{"href":"https:\/\/diariodepe.com.br\/xinhua\/wp-json\/wp\/v2\/posts"}],"about":[{"href":"https:\/\/diariodepe.com.br\/xinhua\/wp-json\/wp\/v2\/types\/post"}],"author":[{"embeddable":true,"href":"https:\/\/diariodepe.com.br\/xinhua\/wp-json\/wp\/v2\/users\/3"}],"replies":[{"embeddable":true,"href":"https:\/\/diariodepe.com.br\/xinhua\/wp-json\/wp\/v2\/comments?post=26448"}],"version-history":[{"count":1,"href":"https:\/\/diariodepe.com.br\/xinhua\/wp-json\/wp\/v2\/posts\/26448\/revisions"}],"predecessor-version":[{"id":26450,"href":"https:\/\/diariodepe.com.br\/xinhua\/wp-json\/wp\/v2\/posts\/26448\/revisions\/26450"}],"wp:featuredmedia":[{"embeddable":true,"href":"https:\/\/diariodepe.com.br\/xinhua\/wp-json\/wp\/v2\/media\/26449"}],"wp:attachment":[{"href":"https:\/\/diariodepe.com.br\/xinhua\/wp-json\/wp\/v2\/media?parent=26448"}],"wp:term":[{"taxonomy":"category","embeddable":true,"href":"https:\/\/diariodepe.com.br\/xinhua\/wp-json\/wp\/v2\/categories?post=26448"},{"taxonomy":"post_tag","embeddable":true,"href":"https:\/\/diariodepe.com.br\/xinhua\/wp-json\/wp\/v2\/tags?post=26448"}],"curies":[{"name":"wp","href":"https:\/\/api.w.org\/{rel}","templated":true}]}}