{"id":26396,"date":"2025-06-09T13:31:00","date_gmt":"2025-06-09T16:31:00","guid":{"rendered":"https:\/\/www.diariodepe.com.br\/xinhua\/?p=26396"},"modified":"2025-06-09T09:03:16","modified_gmt":"2025-06-09T12:03:16","slug":"vice-presidente-chines-se-reune-com-delegacao-dos-eua-que-participa-do-dialogo-de-alto-nivel-track-2-china-eua","status":"publish","type":"post","link":"https:\/\/diariodepe.com.br\/xinhua\/2025\/06\/09\/vice-presidente-chines-se-reune-com-delegacao-dos-eua-que-participa-do-dialogo-de-alto-nivel-track-2-china-eua\/","title":{"rendered":"Vice-presidente chin\u00eas se re\u00fane com delega\u00e7\u00e3o dos EUA que participa do Di\u00e1logo de Alto N\u00edvel Track 2 China-EUA"},"content":{"rendered":"\n<p>Beijing &#8211; O vice-presidente chin\u00eas, Han Zheng, reuniu-se na quinta-feira com membros de uma delega\u00e7\u00e3o dos EUA que participou do Di\u00e1logo de Alto N\u00edvel Track 2 China-EUA em Beijing.<\/p>\n\n\n\n<p>Han observou que a rela\u00e7\u00e3o China-EUA est\u00e1 entre as rela\u00e7\u00f5es bilaterais mais importantes do mundo atual, que se encontra em um momento crucial e de import\u00e2ncia hist\u00f3rica.<\/p>\n\n\n\n<p>O respeito m\u00fatuo, a coexist\u00eancia pac\u00edfica e a coopera\u00e7\u00e3o mutuamente ben\u00e9fica entre a China e os Estados Unidos n\u00e3o s\u00e3o apenas ben\u00e9ficos para os dois pa\u00edses, mas tamb\u00e9m para a paz e o desenvolvimento mundial, disse Han.<\/p>\n\n\n\n<p>A China espera que o Di\u00e1logo de Alto N\u00edvel Track 2 China-EUA re\u00fana opini\u00f5es perspicazes de pessoas dos dois pa\u00edses, aumente a compreens\u00e3o e o conhecimento sobre a China em todos os setores dos Estados Unidos e contribua para o desenvolvimento est\u00e1vel, saud\u00e1vel e sustent\u00e1vel das rela\u00e7\u00f5es China-EUA, assinalou Han.<\/p>\n\n\n\n<p>De acordo com a delega\u00e7\u00e3o dos EUA, o di\u00e1logo \u00e9 \u00fatil para que os dois lados se compreendam melhor e forne\u00e7am ideias mais ben\u00e9ficas para o desenvolvimento das rela\u00e7\u00f5es bilaterais.<\/p>\n\n\n\n<p>Eles afirmaram que os dois pa\u00edses devem refor\u00e7ar o di\u00e1logo e a coopera\u00e7\u00e3o em \u00e1reas como o com\u00e9rcio e o investimento.&nbsp;<\/p>\n","protected":false},"excerpt":{"rendered":"<p>Beijing &#8211; O vice-presidente chin\u00eas, Han Zheng, reuniu-se na quinta-feira com membros de uma delega\u00e7\u00e3o dos EUA que participou do Di\u00e1logo de Alto N\u00edvel Track 2 China-EUA em Beijing. Han observou que a rela\u00e7\u00e3o China-EUA est\u00e1 entre as rela\u00e7\u00f5es bilaterais&#8230;<\/p>\n","protected":false},"author":3,"featured_media":26397,"comment_status":"open","ping_status":"open","sticky":false,"template":"","format":"standard","meta":{"footnotes":""},"categories":[4],"tags":[],"class_list":["post-26396","post","type-post","status-publish","format-standard","has-post-thumbnail","hentry","category-internacional"],"yoast_head":"<!-- This site is optimized with the Yoast SEO plugin v27.4 - https:\/\/yoast.com\/product\/yoast-seo-wordpress\/ -->\n<title>Vice-presidente chin\u00eas se re\u00fane com delega\u00e7\u00e3o dos EUA que participa do Di\u00e1logo de Alto N\u00edvel Track 2 China-EUA - Xinhua - Diario de Pernambuco<\/title>\n<meta name=\"robots\" content=\"index, follow, max-snippet:-1, max-image-preview:large, max-video-preview:-1\" \/>\n<link rel=\"canonical\" href=\"https:\/\/diariodepe.com.br\/xinhua\/2025\/06\/09\/vice-presidente-chines-se-reune-com-delegacao-dos-eua-que-participa-do-dialogo-de-alto-nivel-track-2-china-eua\/\" \/>\n<meta property=\"og:locale\" content=\"pt_BR\" \/>\n<meta property=\"og:type\" content=\"article\" \/>\n<meta property=\"og:title\" content=\"Vice-presidente chin\u00eas se re\u00fane com delega\u00e7\u00e3o dos EUA que participa do Di\u00e1logo de Alto N\u00edvel Track 2 China-EUA - Xinhua - Diario de Pernambuco\" \/>\n<meta property=\"og:description\" content=\"Beijing &#8211; O vice-presidente chin\u00eas, Han Zheng, reuniu-se na quinta-feira com membros de uma delega\u00e7\u00e3o dos EUA que participou do Di\u00e1logo de Alto N\u00edvel Track 2 China-EUA em Beijing. Han observou que a rela\u00e7\u00e3o China-EUA est\u00e1 entre as rela\u00e7\u00f5es bilaterais...\" \/>\n<meta property=\"og:url\" content=\"https:\/\/diariodepe.com.br\/xinhua\/2025\/06\/09\/vice-presidente-chines-se-reune-com-delegacao-dos-eua-que-participa-do-dialogo-de-alto-nivel-track-2-china-eua\/\" \/>\n<meta property=\"og:site_name\" content=\"Xinhua - Diario de Pernambuco\" \/>\n<meta property=\"article:published_time\" content=\"2025-06-09T16:31:00+00:00\" \/>\n<meta property=\"og:image\" content=\"https:\/\/diariodepe.com.br\/xinhua\/wp-content\/uploads\/sites\/3\/2025\/06\/YKWb9kPFgghtC1i8.jpeg\" \/>\n\t<meta property=\"og:image:width\" content=\"1016\" \/>\n\t<meta property=\"og:image:height\" content=\"811\" \/>\n\t<meta property=\"og:image:type\" content=\"image\/jpeg\" \/>\n<meta name=\"author\" content=\"Marcelo Oliveira de A. Maranhao\" \/>\n<meta name=\"twitter:card\" content=\"summary_large_image\" \/>\n<meta name=\"twitter:label1\" content=\"Escrito por\" \/>\n\t<meta name=\"twitter:data1\" content=\"Marcelo Oliveira de A. Maranhao\" \/>\n\t<meta name=\"twitter:label2\" content=\"Est. tempo de leitura\" \/>\n\t<meta name=\"twitter:data2\" content=\"2 minutos\" \/>\n<script type=\"application\/ld+json\" class=\"yoast-schema-graph\">{\"@context\":\"https:\\\/\\\/schema.org\",\"@graph\":[{\"@type\":\"Article\",\"@id\":\"https:\\\/\\\/diariodepe.com.br\\\/xinhua\\\/2025\\\/06\\\/09\\\/vice-presidente-chines-se-reune-com-delegacao-dos-eua-que-participa-do-dialogo-de-alto-nivel-track-2-china-eua\\\/#article\",\"isPartOf\":{\"@id\":\"https:\\\/\\\/diariodepe.com.br\\\/xinhua\\\/2025\\\/06\\\/09\\\/vice-presidente-chines-se-reune-com-delegacao-dos-eua-que-participa-do-dialogo-de-alto-nivel-track-2-china-eua\\\/\"},\"author\":{\"name\":\"Marcelo Oliveira de A. Maranhao\",\"@id\":\"https:\\\/\\\/diariodepe.com.br\\\/xinhua\\\/#\\\/schema\\\/person\\\/0943d6fd02bdc7b49c8f495e8787a2cb\"},\"headline\":\"Vice-presidente chin\u00eas se re\u00fane com delega\u00e7\u00e3o dos EUA que participa do Di\u00e1logo de Alto N\u00edvel Track 2 China-EUA\",\"datePublished\":\"2025-06-09T16:31:00+00:00\",\"mainEntityOfPage\":{\"@id\":\"https:\\\/\\\/diariodepe.com.br\\\/xinhua\\\/2025\\\/06\\\/09\\\/vice-presidente-chines-se-reune-com-delegacao-dos-eua-que-participa-do-dialogo-de-alto-nivel-track-2-china-eua\\\/\"},\"wordCount\":252,\"commentCount\":0,\"publisher\":{\"@id\":\"https:\\\/\\\/diariodepe.com.br\\\/xinhua\\\/#organization\"},\"image\":{\"@id\":\"https:\\\/\\\/diariodepe.com.br\\\/xinhua\\\/2025\\\/06\\\/09\\\/vice-presidente-chines-se-reune-com-delegacao-dos-eua-que-participa-do-dialogo-de-alto-nivel-track-2-china-eua\\\/#primaryimage\"},\"thumbnailUrl\":\"https:\\\/\\\/diariodepe.com.br\\\/xinhua\\\/wp-content\\\/uploads\\\/sites\\\/3\\\/2025\\\/06\\\/YKWb9kPFgghtC1i8.jpeg\",\"articleSection\":[\"Internacional\"],\"inLanguage\":\"pt-BR\",\"potentialAction\":[{\"@type\":\"CommentAction\",\"name\":\"Comment\",\"target\":[\"https:\\\/\\\/diariodepe.com.br\\\/xinhua\\\/2025\\\/06\\\/09\\\/vice-presidente-chines-se-reune-com-delegacao-dos-eua-que-participa-do-dialogo-de-alto-nivel-track-2-china-eua\\\/#respond\"]}]},{\"@type\":\"WebPage\",\"@id\":\"https:\\\/\\\/diariodepe.com.br\\\/xinhua\\\/2025\\\/06\\\/09\\\/vice-presidente-chines-se-reune-com-delegacao-dos-eua-que-participa-do-dialogo-de-alto-nivel-track-2-china-eua\\\/\",\"url\":\"https:\\\/\\\/diariodepe.com.br\\\/xinhua\\\/2025\\\/06\\\/09\\\/vice-presidente-chines-se-reune-com-delegacao-dos-eua-que-participa-do-dialogo-de-alto-nivel-track-2-china-eua\\\/\",\"name\":\"Vice-presidente chin\u00eas se re\u00fane com delega\u00e7\u00e3o dos EUA que participa do Di\u00e1logo de Alto N\u00edvel Track 2 China-EUA - Xinhua - Diario de Pernambuco\",\"isPartOf\":{\"@id\":\"https:\\\/\\\/diariodepe.com.br\\\/xinhua\\\/#website\"},\"primaryImageOfPage\":{\"@id\":\"https:\\\/\\\/diariodepe.com.br\\\/xinhua\\\/2025\\\/06\\\/09\\\/vice-presidente-chines-se-reune-com-delegacao-dos-eua-que-participa-do-dialogo-de-alto-nivel-track-2-china-eua\\\/#primaryimage\"},\"image\":{\"@id\":\"https:\\\/\\\/diariodepe.com.br\\\/xinhua\\\/2025\\\/06\\\/09\\\/vice-presidente-chines-se-reune-com-delegacao-dos-eua-que-participa-do-dialogo-de-alto-nivel-track-2-china-eua\\\/#primaryimage\"},\"thumbnailUrl\":\"https:\\\/\\\/diariodepe.com.br\\\/xinhua\\\/wp-content\\\/uploads\\\/sites\\\/3\\\/2025\\\/06\\\/YKWb9kPFgghtC1i8.jpeg\",\"datePublished\":\"2025-06-09T16:31:00+00:00\",\"breadcrumb\":{\"@id\":\"https:\\\/\\\/diariodepe.com.br\\\/xinhua\\\/2025\\\/06\\\/09\\\/vice-presidente-chines-se-reune-com-delegacao-dos-eua-que-participa-do-dialogo-de-alto-nivel-track-2-china-eua\\\/#breadcrumb\"},\"inLanguage\":\"pt-BR\",\"potentialAction\":[{\"@type\":\"ReadAction\",\"target\":[\"https:\\\/\\\/diariodepe.com.br\\\/xinhua\\\/2025\\\/06\\\/09\\\/vice-presidente-chines-se-reune-com-delegacao-dos-eua-que-participa-do-dialogo-de-alto-nivel-track-2-china-eua\\\/\"]}]},{\"@type\":\"ImageObject\",\"inLanguage\":\"pt-BR\",\"@id\":\"https:\\\/\\\/diariodepe.com.br\\\/xinhua\\\/2025\\\/06\\\/09\\\/vice-presidente-chines-se-reune-com-delegacao-dos-eua-que-participa-do-dialogo-de-alto-nivel-track-2-china-eua\\\/#primaryimage\",\"url\":\"https:\\\/\\\/diariodepe.com.br\\\/xinhua\\\/wp-content\\\/uploads\\\/sites\\\/3\\\/2025\\\/06\\\/YKWb9kPFgghtC1i8.jpeg\",\"contentUrl\":\"https:\\\/\\\/diariodepe.com.br\\\/xinhua\\\/wp-content\\\/uploads\\\/sites\\\/3\\\/2025\\\/06\\\/YKWb9kPFgghtC1i8.jpeg\",\"width\":1016,\"height\":811},{\"@type\":\"BreadcrumbList\",\"@id\":\"https:\\\/\\\/diariodepe.com.br\\\/xinhua\\\/2025\\\/06\\\/09\\\/vice-presidente-chines-se-reune-com-delegacao-dos-eua-que-participa-do-dialogo-de-alto-nivel-track-2-china-eua\\\/#breadcrumb\",\"itemListElement\":[{\"@type\":\"ListItem\",\"position\":1,\"name\":\"In\u00edcio\",\"item\":\"https:\\\/\\\/diariodepe.com.br\\\/xinhua\\\/\"},{\"@type\":\"ListItem\",\"position\":2,\"name\":\"Vice-presidente chin\u00eas se re\u00fane com delega\u00e7\u00e3o dos EUA que participa do Di\u00e1logo de Alto N\u00edvel Track 2 China-EUA\"}]},{\"@type\":\"WebSite\",\"@id\":\"https:\\\/\\\/diariodepe.com.br\\\/xinhua\\\/#website\",\"url\":\"https:\\\/\\\/diariodepe.com.br\\\/xinhua\\\/\",\"name\":\"Xinhua - Diario de Pernambuco\",\"description\":\"A maior ag\u00eancia de not\u00edcias da China e um dos principais canais para conhecer o pa\u00eds\",\"publisher\":{\"@id\":\"https:\\\/\\\/diariodepe.com.br\\\/xinhua\\\/#organization\"},\"potentialAction\":[{\"@type\":\"SearchAction\",\"target\":{\"@type\":\"EntryPoint\",\"urlTemplate\":\"https:\\\/\\\/diariodepe.com.br\\\/xinhua\\\/?s={search_term_string}\"},\"query-input\":{\"@type\":\"PropertyValueSpecification\",\"valueRequired\":true,\"valueName\":\"search_term_string\"}}],\"inLanguage\":\"pt-BR\"},{\"@type\":\"Organization\",\"@id\":\"https:\\\/\\\/diariodepe.com.br\\\/xinhua\\\/#organization\",\"name\":\"Xinhua - Diario de Pernambuco\",\"url\":\"https:\\\/\\\/diariodepe.com.br\\\/xinhua\\\/\",\"logo\":{\"@type\":\"ImageObject\",\"inLanguage\":\"pt-BR\",\"@id\":\"https:\\\/\\\/diariodepe.com.br\\\/xinhua\\\/#\\\/schema\\\/logo\\\/image\\\/\",\"url\":\"https:\\\/\\\/diariodepe.com.br\\\/xinhua\\\/wp-content\\\/uploads\\\/sites\\\/3\\\/2020\\\/10\\\/cropped-logo-transparente-2.png\",\"contentUrl\":\"https:\\\/\\\/diariodepe.com.br\\\/xinhua\\\/wp-content\\\/uploads\\\/sites\\\/3\\\/2020\\\/10\\\/cropped-logo-transparente-2.png\",\"width\":512,\"height\":164,\"caption\":\"Xinhua - Diario de Pernambuco\"},\"image\":{\"@id\":\"https:\\\/\\\/diariodepe.com.br\\\/xinhua\\\/#\\\/schema\\\/logo\\\/image\\\/\"}},{\"@type\":\"Person\",\"@id\":\"https:\\\/\\\/diariodepe.com.br\\\/xinhua\\\/#\\\/schema\\\/person\\\/0943d6fd02bdc7b49c8f495e8787a2cb\",\"name\":\"Marcelo Oliveira de A. Maranhao\",\"image\":{\"@type\":\"ImageObject\",\"inLanguage\":\"pt-BR\",\"@id\":\"https:\\\/\\\/secure.gravatar.com\\\/avatar\\\/f562caee940d39879c20e90eea3e4b21860c7d4c96684c23141c554824f0059c?s=96&d=mm&r=g\",\"url\":\"https:\\\/\\\/secure.gravatar.com\\\/avatar\\\/f562caee940d39879c20e90eea3e4b21860c7d4c96684c23141c554824f0059c?s=96&d=mm&r=g\",\"contentUrl\":\"https:\\\/\\\/secure.gravatar.com\\\/avatar\\\/f562caee940d39879c20e90eea3e4b21860c7d4c96684c23141c554824f0059c?s=96&d=mm&r=g\",\"caption\":\"Marcelo Oliveira de A. Maranhao\"},\"url\":\"https:\\\/\\\/diariodepe.com.br\\\/xinhua\\\/author\\\/marcelo-maranhao\\\/\"}]}<\/script>\n<!-- \/ Yoast SEO plugin. -->","yoast_head_json":{"title":"Vice-presidente chin\u00eas se re\u00fane com delega\u00e7\u00e3o dos EUA que participa do Di\u00e1logo de Alto N\u00edvel Track 2 China-EUA - Xinhua - Diario de Pernambuco","robots":{"index":"index","follow":"follow","max-snippet":"max-snippet:-1","max-image-preview":"max-image-preview:large","max-video-preview":"max-video-preview:-1"},"canonical":"https:\/\/diariodepe.com.br\/xinhua\/2025\/06\/09\/vice-presidente-chines-se-reune-com-delegacao-dos-eua-que-participa-do-dialogo-de-alto-nivel-track-2-china-eua\/","og_locale":"pt_BR","og_type":"article","og_title":"Vice-presidente chin\u00eas se re\u00fane com delega\u00e7\u00e3o dos EUA que participa do Di\u00e1logo de Alto N\u00edvel Track 2 China-EUA - Xinhua - Diario de Pernambuco","og_description":"Beijing &#8211; O vice-presidente chin\u00eas, Han Zheng, reuniu-se na quinta-feira com membros de uma delega\u00e7\u00e3o dos EUA que participou do Di\u00e1logo de Alto N\u00edvel Track 2 China-EUA em Beijing. Han observou que a rela\u00e7\u00e3o China-EUA est\u00e1 entre as rela\u00e7\u00f5es bilaterais...","og_url":"https:\/\/diariodepe.com.br\/xinhua\/2025\/06\/09\/vice-presidente-chines-se-reune-com-delegacao-dos-eua-que-participa-do-dialogo-de-alto-nivel-track-2-china-eua\/","og_site_name":"Xinhua - Diario de Pernambuco","article_published_time":"2025-06-09T16:31:00+00:00","og_image":[{"width":1016,"height":811,"url":"https:\/\/diariodepe.com.br\/xinhua\/wp-content\/uploads\/sites\/3\/2025\/06\/YKWb9kPFgghtC1i8.jpeg","type":"image\/jpeg"}],"author":"Marcelo Oliveira de A. Maranhao","twitter_card":"summary_large_image","twitter_misc":{"Escrito por":"Marcelo Oliveira de A. Maranhao","Est. tempo de leitura":"2 minutos"},"schema":{"@context":"https:\/\/schema.org","@graph":[{"@type":"Article","@id":"https:\/\/diariodepe.com.br\/xinhua\/2025\/06\/09\/vice-presidente-chines-se-reune-com-delegacao-dos-eua-que-participa-do-dialogo-de-alto-nivel-track-2-china-eua\/#article","isPartOf":{"@id":"https:\/\/diariodepe.com.br\/xinhua\/2025\/06\/09\/vice-presidente-chines-se-reune-com-delegacao-dos-eua-que-participa-do-dialogo-de-alto-nivel-track-2-china-eua\/"},"author":{"name":"Marcelo Oliveira de A. Maranhao","@id":"https:\/\/diariodepe.com.br\/xinhua\/#\/schema\/person\/0943d6fd02bdc7b49c8f495e8787a2cb"},"headline":"Vice-presidente chin\u00eas se re\u00fane com delega\u00e7\u00e3o dos EUA que participa do Di\u00e1logo de Alto N\u00edvel Track 2 China-EUA","datePublished":"2025-06-09T16:31:00+00:00","mainEntityOfPage":{"@id":"https:\/\/diariodepe.com.br\/xinhua\/2025\/06\/09\/vice-presidente-chines-se-reune-com-delegacao-dos-eua-que-participa-do-dialogo-de-alto-nivel-track-2-china-eua\/"},"wordCount":252,"commentCount":0,"publisher":{"@id":"https:\/\/diariodepe.com.br\/xinhua\/#organization"},"image":{"@id":"https:\/\/diariodepe.com.br\/xinhua\/2025\/06\/09\/vice-presidente-chines-se-reune-com-delegacao-dos-eua-que-participa-do-dialogo-de-alto-nivel-track-2-china-eua\/#primaryimage"},"thumbnailUrl":"https:\/\/diariodepe.com.br\/xinhua\/wp-content\/uploads\/sites\/3\/2025\/06\/YKWb9kPFgghtC1i8.jpeg","articleSection":["Internacional"],"inLanguage":"pt-BR","potentialAction":[{"@type":"CommentAction","name":"Comment","target":["https:\/\/diariodepe.com.br\/xinhua\/2025\/06\/09\/vice-presidente-chines-se-reune-com-delegacao-dos-eua-que-participa-do-dialogo-de-alto-nivel-track-2-china-eua\/#respond"]}]},{"@type":"WebPage","@id":"https:\/\/diariodepe.com.br\/xinhua\/2025\/06\/09\/vice-presidente-chines-se-reune-com-delegacao-dos-eua-que-participa-do-dialogo-de-alto-nivel-track-2-china-eua\/","url":"https:\/\/diariodepe.com.br\/xinhua\/2025\/06\/09\/vice-presidente-chines-se-reune-com-delegacao-dos-eua-que-participa-do-dialogo-de-alto-nivel-track-2-china-eua\/","name":"Vice-presidente chin\u00eas se re\u00fane com delega\u00e7\u00e3o dos EUA que participa do Di\u00e1logo de Alto N\u00edvel Track 2 China-EUA - Xinhua - Diario de Pernambuco","isPartOf":{"@id":"https:\/\/diariodepe.com.br\/xinhua\/#website"},"primaryImageOfPage":{"@id":"https:\/\/diariodepe.com.br\/xinhua\/2025\/06\/09\/vice-presidente-chines-se-reune-com-delegacao-dos-eua-que-participa-do-dialogo-de-alto-nivel-track-2-china-eua\/#primaryimage"},"image":{"@id":"https:\/\/diariodepe.com.br\/xinhua\/2025\/06\/09\/vice-presidente-chines-se-reune-com-delegacao-dos-eua-que-participa-do-dialogo-de-alto-nivel-track-2-china-eua\/#primaryimage"},"thumbnailUrl":"https:\/\/diariodepe.com.br\/xinhua\/wp-content\/uploads\/sites\/3\/2025\/06\/YKWb9kPFgghtC1i8.jpeg","datePublished":"2025-06-09T16:31:00+00:00","breadcrumb":{"@id":"https:\/\/diariodepe.com.br\/xinhua\/2025\/06\/09\/vice-presidente-chines-se-reune-com-delegacao-dos-eua-que-participa-do-dialogo-de-alto-nivel-track-2-china-eua\/#breadcrumb"},"inLanguage":"pt-BR","potentialAction":[{"@type":"ReadAction","target":["https:\/\/diariodepe.com.br\/xinhua\/2025\/06\/09\/vice-presidente-chines-se-reune-com-delegacao-dos-eua-que-participa-do-dialogo-de-alto-nivel-track-2-china-eua\/"]}]},{"@type":"ImageObject","inLanguage":"pt-BR","@id":"https:\/\/diariodepe.com.br\/xinhua\/2025\/06\/09\/vice-presidente-chines-se-reune-com-delegacao-dos-eua-que-participa-do-dialogo-de-alto-nivel-track-2-china-eua\/#primaryimage","url":"https:\/\/diariodepe.com.br\/xinhua\/wp-content\/uploads\/sites\/3\/2025\/06\/YKWb9kPFgghtC1i8.jpeg","contentUrl":"https:\/\/diariodepe.com.br\/xinhua\/wp-content\/uploads\/sites\/3\/2025\/06\/YKWb9kPFgghtC1i8.jpeg","width":1016,"height":811},{"@type":"BreadcrumbList","@id":"https:\/\/diariodepe.com.br\/xinhua\/2025\/06\/09\/vice-presidente-chines-se-reune-com-delegacao-dos-eua-que-participa-do-dialogo-de-alto-nivel-track-2-china-eua\/#breadcrumb","itemListElement":[{"@type":"ListItem","position":1,"name":"In\u00edcio","item":"https:\/\/diariodepe.com.br\/xinhua\/"},{"@type":"ListItem","position":2,"name":"Vice-presidente chin\u00eas se re\u00fane com delega\u00e7\u00e3o dos EUA que participa do Di\u00e1logo de Alto N\u00edvel Track 2 China-EUA"}]},{"@type":"WebSite","@id":"https:\/\/diariodepe.com.br\/xinhua\/#website","url":"https:\/\/diariodepe.com.br\/xinhua\/","name":"Xinhua - Diario de Pernambuco","description":"A maior ag\u00eancia de not\u00edcias da China e um dos principais canais para conhecer o pa\u00eds","publisher":{"@id":"https:\/\/diariodepe.com.br\/xinhua\/#organization"},"potentialAction":[{"@type":"SearchAction","target":{"@type":"EntryPoint","urlTemplate":"https:\/\/diariodepe.com.br\/xinhua\/?s={search_term_string}"},"query-input":{"@type":"PropertyValueSpecification","valueRequired":true,"valueName":"search_term_string"}}],"inLanguage":"pt-BR"},{"@type":"Organization","@id":"https:\/\/diariodepe.com.br\/xinhua\/#organization","name":"Xinhua - Diario de Pernambuco","url":"https:\/\/diariodepe.com.br\/xinhua\/","logo":{"@type":"ImageObject","inLanguage":"pt-BR","@id":"https:\/\/diariodepe.com.br\/xinhua\/#\/schema\/logo\/image\/","url":"https:\/\/diariodepe.com.br\/xinhua\/wp-content\/uploads\/sites\/3\/2020\/10\/cropped-logo-transparente-2.png","contentUrl":"https:\/\/diariodepe.com.br\/xinhua\/wp-content\/uploads\/sites\/3\/2020\/10\/cropped-logo-transparente-2.png","width":512,"height":164,"caption":"Xinhua - Diario de Pernambuco"},"image":{"@id":"https:\/\/diariodepe.com.br\/xinhua\/#\/schema\/logo\/image\/"}},{"@type":"Person","@id":"https:\/\/diariodepe.com.br\/xinhua\/#\/schema\/person\/0943d6fd02bdc7b49c8f495e8787a2cb","name":"Marcelo Oliveira de A. Maranhao","image":{"@type":"ImageObject","inLanguage":"pt-BR","@id":"https:\/\/secure.gravatar.com\/avatar\/f562caee940d39879c20e90eea3e4b21860c7d4c96684c23141c554824f0059c?s=96&d=mm&r=g","url":"https:\/\/secure.gravatar.com\/avatar\/f562caee940d39879c20e90eea3e4b21860c7d4c96684c23141c554824f0059c?s=96&d=mm&r=g","contentUrl":"https:\/\/secure.gravatar.com\/avatar\/f562caee940d39879c20e90eea3e4b21860c7d4c96684c23141c554824f0059c?s=96&d=mm&r=g","caption":"Marcelo Oliveira de A. Maranhao"},"url":"https:\/\/diariodepe.com.br\/xinhua\/author\/marcelo-maranhao\/"}]}},"cc_featured_image_caption":{"caption_text":"","source_text":"","source_url":""},"amp_enabled":true,"_links":{"self":[{"href":"https:\/\/diariodepe.com.br\/xinhua\/wp-json\/wp\/v2\/posts\/26396","targetHints":{"allow":["GET"]}}],"collection":[{"href":"https:\/\/diariodepe.com.br\/xinhua\/wp-json\/wp\/v2\/posts"}],"about":[{"href":"https:\/\/diariodepe.com.br\/xinhua\/wp-json\/wp\/v2\/types\/post"}],"author":[{"embeddable":true,"href":"https:\/\/diariodepe.com.br\/xinhua\/wp-json\/wp\/v2\/users\/3"}],"replies":[{"embeddable":true,"href":"https:\/\/diariodepe.com.br\/xinhua\/wp-json\/wp\/v2\/comments?post=26396"}],"version-history":[{"count":1,"href":"https:\/\/diariodepe.com.br\/xinhua\/wp-json\/wp\/v2\/posts\/26396\/revisions"}],"predecessor-version":[{"id":26398,"href":"https:\/\/diariodepe.com.br\/xinhua\/wp-json\/wp\/v2\/posts\/26396\/revisions\/26398"}],"wp:featuredmedia":[{"embeddable":true,"href":"https:\/\/diariodepe.com.br\/xinhua\/wp-json\/wp\/v2\/media\/26397"}],"wp:attachment":[{"href":"https:\/\/diariodepe.com.br\/xinhua\/wp-json\/wp\/v2\/media?parent=26396"}],"wp:term":[{"taxonomy":"category","embeddable":true,"href":"https:\/\/diariodepe.com.br\/xinhua\/wp-json\/wp\/v2\/categories?post=26396"},{"taxonomy":"post_tag","embeddable":true,"href":"https:\/\/diariodepe.com.br\/xinhua\/wp-json\/wp\/v2\/tags?post=26396"}],"curies":[{"name":"wp","href":"https:\/\/api.w.org\/{rel}","templated":true}]}}