{"id":26314,"date":"2025-06-04T14:28:00","date_gmt":"2025-06-04T17:28:00","guid":{"rendered":"https:\/\/www.diariodepe.com.br\/xinhua\/?p=26314"},"modified":"2025-06-04T08:29:50","modified_gmt":"2025-06-04T11:29:50","slug":"florenca-celebra-o-festival-do-barco-do-dragao-com-cores-cultura-e-uniao","status":"publish","type":"post","link":"https:\/\/diariodepe.com.br\/xinhua\/2025\/06\/04\/florenca-celebra-o-festival-do-barco-do-dragao-com-cores-cultura-e-uniao\/","title":{"rendered":"Floren\u00e7a celebra o Festival do Barco do Drag\u00e3o com cores, cultura e uni\u00e3o"},"content":{"rendered":"\n<p>Floren\u00e7a, It\u00e1lia &#8211; Tendo como pano de fundo o horizonte renascentista de Floren\u00e7a, a batida r\u00edtmica dos tambores de tr\u00eas barcos do drag\u00e3o correndo no Rio Arno atraiu multid\u00f5es ao longo das margens, marcando uma celebra\u00e7\u00e3o vibrante do tradicional Festival de Barcos do Drag\u00e3o da China.<\/p>\n\n\n\n<p>Organizado pelo Instituto Conf\u00facio da Universidade de Floren\u00e7a, com o apoio de v\u00e1rios outros Institutos Conf\u00facio da It\u00e1lia e de San Marino, o evento reuniu cerca de 60 remadores. Os barcos foram pintados de verde, branco e vermelho para refletir as cores da bandeira italiana.<\/p>\n\n\n\n<p>Os participantes vieram de v\u00e1rias cidades, incluindo Roma, P\u00e1dua e Floren\u00e7a, formando uma mistura de estudantes chineses, jovens italianos e entusiastas de barcos locais. &#8220;O evento deste ano registrou um recorde de participa\u00e7\u00e3o e aten\u00e7\u00e3o&#8221;, disse Silvia Scaramuzzi, diretora italiana do Instituto Conf\u00facio da Universidade de Floren\u00e7a. &#8220;N\u00e3o \u00e9 apenas um esporte \u2014 trata-se de jovens de duas culturas remando juntos, literal e figurativamente. Esse \u00e9 o cerne da compreens\u00e3o cultural.&#8221;<\/p>\n\n\n\n<p>Vencer a corrida exigia um trabalho de equipe perfeito em cada barco. Mas para apreciar plenamente o festival, a compreens\u00e3o de hist\u00f3rias culturais profundamente enraizadas, como a de Qu Yuan, acrescentou outra camada de significado.<\/p>\n\n\n\n<p>&#8220;Isso \u00e9 mais do que apenas uma competi\u00e7\u00e3o&#8221;, disse Cirillo Ruggero, um estudante do ensino m\u00e9dio de Roma e aluno de mandarim no Instituto Conf\u00facio. &#8220;Estamos aqui para lembrar pessoas como Qu Yuan, cuja lealdade e patriotismo continuam a inspirar.&#8221;<\/p>\n\n\n\n<p>De acordo com uma lenda chinesa, o Festival do Barco do Drag\u00e3o comemora Qu Yuan, um poeta patri\u00f3tico da China antiga, cuja morte no Rio Miluo inspirou os moradores a correr em barcos para procur\u00e1-lo e espalham arroz na \u00e1gua para manter os peixes longe de seu corpo.<\/p>\n\n\n\n<p>Poucas horas antes da corrida, Ruggero havia ganhado o primeiro pr\u00eamio na final regional da 18\u00aa competi\u00e7\u00e3o de profici\u00eancia em chin\u00eas &#8220;Ponte Chinesa&#8221; para alunos do ensino m\u00e9dio na It\u00e1lia e em San Marino. Fluente em chin\u00eas, ele disse que eventos como a corrida de barcos do drag\u00e3o oferecem &#8220;uma oportunidade inestim\u00e1vel para o interc\u00e2mbio cultural&#8221;.<\/p>\n\n\n\n<p>Al\u00e9m da corrida, os participantes do festival desfrutaram do tradicional zongzi (bolinhos de arroz glutinoso envoltos em folhas de bambu) e da troca de sach\u00eas de ervas artesanais, que foram distribu\u00eddos aos remadores e espectadores.<\/p>\n\n\n\n<p>\u00c0 medida que os barcos do drag\u00e3o cortavam a correnteza suave do Arno, multid\u00f5es \u00e0s margens do rio os aplaudiam. Moradores e turistas paravam para tirar fotos, cercados pelo aroma de zongzi no ar. Para muitos, foi o primeiro contato pr\u00f3ximo com essa tradi\u00e7\u00e3o chinesa secular.<\/p>\n\n\n\n<p>&#8220;Assistir \u00e0 corrida me deixou curioso e animado&#8221;, disse Claudio, um aposentado residente em Floren\u00e7a que nunca tinha visto uma corrida de barcos do drag\u00e3o antes. &#8220;Isso me fez querer aprender mais sobre a cultura chinesa, especialmente a hist\u00f3ria de Qu Yuan e o significado desse festival.&#8221;<\/p>\n\n\n\n<p>O Festival do Barco do Drag\u00e3o est\u00e1 ganhando popularidade na It\u00e1lia, com mais cidades realizando eventos semelhantes nos \u00faltimos anos. A c\u00f4nsul-geral da China em Floren\u00e7a, Yin Qi, disse esperar que interc\u00e2mbios culturais como esse aprofundem o entendimento m\u00fatuo e a amizade entre os povos chin\u00eas e italiano.<\/p>\n\n\n\n<p>\u00c0 medida que a corrida se aproximava do fim, os participantes trocaram sorrisos, cumprimentos e abra\u00e7os calorosos, celebrando n\u00e3o apenas a vit\u00f3ria, mas tamb\u00e9m a alegria compartilhada. Para os jovens remadores italianos e chineses que trabalharam lado a lado, o esp\u00edrito do Festival do Barco do Drag\u00e3o est\u00e1 tra\u00e7ando um caminho de uni\u00e3o entre rios e culturas.&nbsp;<\/p>\n","protected":false},"excerpt":{"rendered":"<p>Floren\u00e7a, It\u00e1lia &#8211; Tendo como pano de fundo o horizonte renascentista de Floren\u00e7a, a batida r\u00edtmica dos tambores de tr\u00eas barcos do drag\u00e3o correndo no Rio Arno atraiu multid\u00f5es ao longo das margens, marcando uma celebra\u00e7\u00e3o vibrante do tradicional Festival&#8230;<\/p>\n","protected":false},"author":3,"featured_media":26315,"comment_status":"open","ping_status":"open","sticky":false,"template":"","format":"standard","meta":{"footnotes":""},"categories":[6],"tags":[],"class_list":["post-26314","post","type-post","status-publish","format-standard","has-post-thumbnail","hentry","category-cultura-tecnologia"],"yoast_head":"<!-- This site is optimized with the Yoast SEO plugin v27.4 - https:\/\/yoast.com\/product\/yoast-seo-wordpress\/ -->\n<title>Floren\u00e7a celebra o Festival do Barco do Drag\u00e3o com cores, cultura e uni\u00e3o - Xinhua - Diario de Pernambuco<\/title>\n<meta name=\"robots\" content=\"index, follow, max-snippet:-1, max-image-preview:large, max-video-preview:-1\" \/>\n<link rel=\"canonical\" href=\"https:\/\/diariodepe.com.br\/xinhua\/2025\/06\/04\/florenca-celebra-o-festival-do-barco-do-dragao-com-cores-cultura-e-uniao\/\" \/>\n<meta property=\"og:locale\" content=\"pt_BR\" \/>\n<meta property=\"og:type\" content=\"article\" \/>\n<meta property=\"og:title\" content=\"Floren\u00e7a celebra o Festival do Barco do Drag\u00e3o com cores, cultura e uni\u00e3o - Xinhua - Diario de Pernambuco\" \/>\n<meta property=\"og:description\" content=\"Floren\u00e7a, It\u00e1lia &#8211; Tendo como pano de fundo o horizonte renascentista de Floren\u00e7a, a batida r\u00edtmica dos tambores de tr\u00eas barcos do drag\u00e3o correndo no Rio Arno atraiu multid\u00f5es ao longo das margens, marcando uma celebra\u00e7\u00e3o vibrante do tradicional Festival...\" \/>\n<meta property=\"og:url\" content=\"https:\/\/diariodepe.com.br\/xinhua\/2025\/06\/04\/florenca-celebra-o-festival-do-barco-do-dragao-com-cores-cultura-e-uniao\/\" \/>\n<meta property=\"og:site_name\" content=\"Xinhua - Diario de Pernambuco\" \/>\n<meta property=\"article:published_time\" content=\"2025-06-04T17:28:00+00:00\" \/>\n<meta property=\"og:image\" content=\"https:\/\/diariodepe.com.br\/xinhua\/wp-content\/uploads\/sites\/3\/2025\/06\/20250604777fd85fd36f49b9b3bfaca981df7393_20250604d3a8b03310cf483d86073d9a9e9a6597.png\" \/>\n\t<meta property=\"og:image:width\" content=\"1008\" \/>\n\t<meta property=\"og:image:height\" content=\"756\" \/>\n\t<meta property=\"og:image:type\" content=\"image\/png\" \/>\n<meta name=\"author\" content=\"Marcelo Oliveira de A. Maranhao\" \/>\n<meta name=\"twitter:card\" content=\"summary_large_image\" \/>\n<meta name=\"twitter:label1\" content=\"Escrito por\" \/>\n\t<meta name=\"twitter:data1\" content=\"Marcelo Oliveira de A. Maranhao\" \/>\n\t<meta name=\"twitter:label2\" content=\"Est. tempo de leitura\" \/>\n\t<meta name=\"twitter:data2\" content=\"4 minutos\" \/>\n<script type=\"application\/ld+json\" class=\"yoast-schema-graph\">{\"@context\":\"https:\\\/\\\/schema.org\",\"@graph\":[{\"@type\":\"Article\",\"@id\":\"https:\\\/\\\/diariodepe.com.br\\\/xinhua\\\/2025\\\/06\\\/04\\\/florenca-celebra-o-festival-do-barco-do-dragao-com-cores-cultura-e-uniao\\\/#article\",\"isPartOf\":{\"@id\":\"https:\\\/\\\/diariodepe.com.br\\\/xinhua\\\/2025\\\/06\\\/04\\\/florenca-celebra-o-festival-do-barco-do-dragao-com-cores-cultura-e-uniao\\\/\"},\"author\":{\"name\":\"Marcelo Oliveira de A. Maranhao\",\"@id\":\"https:\\\/\\\/diariodepe.com.br\\\/xinhua\\\/#\\\/schema\\\/person\\\/0943d6fd02bdc7b49c8f495e8787a2cb\"},\"headline\":\"Floren\u00e7a celebra o Festival do Barco do Drag\u00e3o com cores, cultura e uni\u00e3o\",\"datePublished\":\"2025-06-04T17:28:00+00:00\",\"mainEntityOfPage\":{\"@id\":\"https:\\\/\\\/diariodepe.com.br\\\/xinhua\\\/2025\\\/06\\\/04\\\/florenca-celebra-o-festival-do-barco-do-dragao-com-cores-cultura-e-uniao\\\/\"},\"wordCount\":648,\"commentCount\":0,\"publisher\":{\"@id\":\"https:\\\/\\\/diariodepe.com.br\\\/xinhua\\\/#organization\"},\"image\":{\"@id\":\"https:\\\/\\\/diariodepe.com.br\\\/xinhua\\\/2025\\\/06\\\/04\\\/florenca-celebra-o-festival-do-barco-do-dragao-com-cores-cultura-e-uniao\\\/#primaryimage\"},\"thumbnailUrl\":\"https:\\\/\\\/diariodepe.com.br\\\/xinhua\\\/wp-content\\\/uploads\\\/sites\\\/3\\\/2025\\\/06\\\/20250604777fd85fd36f49b9b3bfaca981df7393_20250604d3a8b03310cf483d86073d9a9e9a6597.png\",\"articleSection\":[\"Cultura \\\/ Tecnologia\"],\"inLanguage\":\"pt-BR\",\"potentialAction\":[{\"@type\":\"CommentAction\",\"name\":\"Comment\",\"target\":[\"https:\\\/\\\/diariodepe.com.br\\\/xinhua\\\/2025\\\/06\\\/04\\\/florenca-celebra-o-festival-do-barco-do-dragao-com-cores-cultura-e-uniao\\\/#respond\"]}]},{\"@type\":\"WebPage\",\"@id\":\"https:\\\/\\\/diariodepe.com.br\\\/xinhua\\\/2025\\\/06\\\/04\\\/florenca-celebra-o-festival-do-barco-do-dragao-com-cores-cultura-e-uniao\\\/\",\"url\":\"https:\\\/\\\/diariodepe.com.br\\\/xinhua\\\/2025\\\/06\\\/04\\\/florenca-celebra-o-festival-do-barco-do-dragao-com-cores-cultura-e-uniao\\\/\",\"name\":\"Floren\u00e7a celebra o Festival do Barco do Drag\u00e3o com cores, cultura e uni\u00e3o - Xinhua - Diario de Pernambuco\",\"isPartOf\":{\"@id\":\"https:\\\/\\\/diariodepe.com.br\\\/xinhua\\\/#website\"},\"primaryImageOfPage\":{\"@id\":\"https:\\\/\\\/diariodepe.com.br\\\/xinhua\\\/2025\\\/06\\\/04\\\/florenca-celebra-o-festival-do-barco-do-dragao-com-cores-cultura-e-uniao\\\/#primaryimage\"},\"image\":{\"@id\":\"https:\\\/\\\/diariodepe.com.br\\\/xinhua\\\/2025\\\/06\\\/04\\\/florenca-celebra-o-festival-do-barco-do-dragao-com-cores-cultura-e-uniao\\\/#primaryimage\"},\"thumbnailUrl\":\"https:\\\/\\\/diariodepe.com.br\\\/xinhua\\\/wp-content\\\/uploads\\\/sites\\\/3\\\/2025\\\/06\\\/20250604777fd85fd36f49b9b3bfaca981df7393_20250604d3a8b03310cf483d86073d9a9e9a6597.png\",\"datePublished\":\"2025-06-04T17:28:00+00:00\",\"breadcrumb\":{\"@id\":\"https:\\\/\\\/diariodepe.com.br\\\/xinhua\\\/2025\\\/06\\\/04\\\/florenca-celebra-o-festival-do-barco-do-dragao-com-cores-cultura-e-uniao\\\/#breadcrumb\"},\"inLanguage\":\"pt-BR\",\"potentialAction\":[{\"@type\":\"ReadAction\",\"target\":[\"https:\\\/\\\/diariodepe.com.br\\\/xinhua\\\/2025\\\/06\\\/04\\\/florenca-celebra-o-festival-do-barco-do-dragao-com-cores-cultura-e-uniao\\\/\"]}]},{\"@type\":\"ImageObject\",\"inLanguage\":\"pt-BR\",\"@id\":\"https:\\\/\\\/diariodepe.com.br\\\/xinhua\\\/2025\\\/06\\\/04\\\/florenca-celebra-o-festival-do-barco-do-dragao-com-cores-cultura-e-uniao\\\/#primaryimage\",\"url\":\"https:\\\/\\\/diariodepe.com.br\\\/xinhua\\\/wp-content\\\/uploads\\\/sites\\\/3\\\/2025\\\/06\\\/20250604777fd85fd36f49b9b3bfaca981df7393_20250604d3a8b03310cf483d86073d9a9e9a6597.png\",\"contentUrl\":\"https:\\\/\\\/diariodepe.com.br\\\/xinhua\\\/wp-content\\\/uploads\\\/sites\\\/3\\\/2025\\\/06\\\/20250604777fd85fd36f49b9b3bfaca981df7393_20250604d3a8b03310cf483d86073d9a9e9a6597.png\",\"width\":1008,\"height\":756},{\"@type\":\"BreadcrumbList\",\"@id\":\"https:\\\/\\\/diariodepe.com.br\\\/xinhua\\\/2025\\\/06\\\/04\\\/florenca-celebra-o-festival-do-barco-do-dragao-com-cores-cultura-e-uniao\\\/#breadcrumb\",\"itemListElement\":[{\"@type\":\"ListItem\",\"position\":1,\"name\":\"In\u00edcio\",\"item\":\"https:\\\/\\\/diariodepe.com.br\\\/xinhua\\\/\"},{\"@type\":\"ListItem\",\"position\":2,\"name\":\"Floren\u00e7a celebra o Festival do Barco do Drag\u00e3o com cores, cultura e uni\u00e3o\"}]},{\"@type\":\"WebSite\",\"@id\":\"https:\\\/\\\/diariodepe.com.br\\\/xinhua\\\/#website\",\"url\":\"https:\\\/\\\/diariodepe.com.br\\\/xinhua\\\/\",\"name\":\"Xinhua - Diario de Pernambuco\",\"description\":\"A maior ag\u00eancia de not\u00edcias da China e um dos principais canais para conhecer o pa\u00eds\",\"publisher\":{\"@id\":\"https:\\\/\\\/diariodepe.com.br\\\/xinhua\\\/#organization\"},\"potentialAction\":[{\"@type\":\"SearchAction\",\"target\":{\"@type\":\"EntryPoint\",\"urlTemplate\":\"https:\\\/\\\/diariodepe.com.br\\\/xinhua\\\/?s={search_term_string}\"},\"query-input\":{\"@type\":\"PropertyValueSpecification\",\"valueRequired\":true,\"valueName\":\"search_term_string\"}}],\"inLanguage\":\"pt-BR\"},{\"@type\":\"Organization\",\"@id\":\"https:\\\/\\\/diariodepe.com.br\\\/xinhua\\\/#organization\",\"name\":\"Xinhua - Diario de Pernambuco\",\"url\":\"https:\\\/\\\/diariodepe.com.br\\\/xinhua\\\/\",\"logo\":{\"@type\":\"ImageObject\",\"inLanguage\":\"pt-BR\",\"@id\":\"https:\\\/\\\/diariodepe.com.br\\\/xinhua\\\/#\\\/schema\\\/logo\\\/image\\\/\",\"url\":\"https:\\\/\\\/diariodepe.com.br\\\/xinhua\\\/wp-content\\\/uploads\\\/sites\\\/3\\\/2020\\\/10\\\/cropped-logo-transparente-2.png\",\"contentUrl\":\"https:\\\/\\\/diariodepe.com.br\\\/xinhua\\\/wp-content\\\/uploads\\\/sites\\\/3\\\/2020\\\/10\\\/cropped-logo-transparente-2.png\",\"width\":512,\"height\":164,\"caption\":\"Xinhua - Diario de Pernambuco\"},\"image\":{\"@id\":\"https:\\\/\\\/diariodepe.com.br\\\/xinhua\\\/#\\\/schema\\\/logo\\\/image\\\/\"}},{\"@type\":\"Person\",\"@id\":\"https:\\\/\\\/diariodepe.com.br\\\/xinhua\\\/#\\\/schema\\\/person\\\/0943d6fd02bdc7b49c8f495e8787a2cb\",\"name\":\"Marcelo Oliveira de A. Maranhao\",\"image\":{\"@type\":\"ImageObject\",\"inLanguage\":\"pt-BR\",\"@id\":\"https:\\\/\\\/secure.gravatar.com\\\/avatar\\\/f562caee940d39879c20e90eea3e4b21860c7d4c96684c23141c554824f0059c?s=96&d=mm&r=g\",\"url\":\"https:\\\/\\\/secure.gravatar.com\\\/avatar\\\/f562caee940d39879c20e90eea3e4b21860c7d4c96684c23141c554824f0059c?s=96&d=mm&r=g\",\"contentUrl\":\"https:\\\/\\\/secure.gravatar.com\\\/avatar\\\/f562caee940d39879c20e90eea3e4b21860c7d4c96684c23141c554824f0059c?s=96&d=mm&r=g\",\"caption\":\"Marcelo Oliveira de A. Maranhao\"},\"url\":\"https:\\\/\\\/diariodepe.com.br\\\/xinhua\\\/author\\\/marcelo-maranhao\\\/\"}]}<\/script>\n<!-- \/ Yoast SEO plugin. -->","yoast_head_json":{"title":"Floren\u00e7a celebra o Festival do Barco do Drag\u00e3o com cores, cultura e uni\u00e3o - Xinhua - Diario de Pernambuco","robots":{"index":"index","follow":"follow","max-snippet":"max-snippet:-1","max-image-preview":"max-image-preview:large","max-video-preview":"max-video-preview:-1"},"canonical":"https:\/\/diariodepe.com.br\/xinhua\/2025\/06\/04\/florenca-celebra-o-festival-do-barco-do-dragao-com-cores-cultura-e-uniao\/","og_locale":"pt_BR","og_type":"article","og_title":"Floren\u00e7a celebra o Festival do Barco do Drag\u00e3o com cores, cultura e uni\u00e3o - Xinhua - Diario de Pernambuco","og_description":"Floren\u00e7a, It\u00e1lia &#8211; Tendo como pano de fundo o horizonte renascentista de Floren\u00e7a, a batida r\u00edtmica dos tambores de tr\u00eas barcos do drag\u00e3o correndo no Rio Arno atraiu multid\u00f5es ao longo das margens, marcando uma celebra\u00e7\u00e3o vibrante do tradicional Festival...","og_url":"https:\/\/diariodepe.com.br\/xinhua\/2025\/06\/04\/florenca-celebra-o-festival-do-barco-do-dragao-com-cores-cultura-e-uniao\/","og_site_name":"Xinhua - Diario de Pernambuco","article_published_time":"2025-06-04T17:28:00+00:00","og_image":[{"width":1008,"height":756,"url":"https:\/\/diariodepe.com.br\/xinhua\/wp-content\/uploads\/sites\/3\/2025\/06\/20250604777fd85fd36f49b9b3bfaca981df7393_20250604d3a8b03310cf483d86073d9a9e9a6597.png","type":"image\/png"}],"author":"Marcelo Oliveira de A. Maranhao","twitter_card":"summary_large_image","twitter_misc":{"Escrito por":"Marcelo Oliveira de A. Maranhao","Est. tempo de leitura":"4 minutos"},"schema":{"@context":"https:\/\/schema.org","@graph":[{"@type":"Article","@id":"https:\/\/diariodepe.com.br\/xinhua\/2025\/06\/04\/florenca-celebra-o-festival-do-barco-do-dragao-com-cores-cultura-e-uniao\/#article","isPartOf":{"@id":"https:\/\/diariodepe.com.br\/xinhua\/2025\/06\/04\/florenca-celebra-o-festival-do-barco-do-dragao-com-cores-cultura-e-uniao\/"},"author":{"name":"Marcelo Oliveira de A. Maranhao","@id":"https:\/\/diariodepe.com.br\/xinhua\/#\/schema\/person\/0943d6fd02bdc7b49c8f495e8787a2cb"},"headline":"Floren\u00e7a celebra o Festival do Barco do Drag\u00e3o com cores, cultura e uni\u00e3o","datePublished":"2025-06-04T17:28:00+00:00","mainEntityOfPage":{"@id":"https:\/\/diariodepe.com.br\/xinhua\/2025\/06\/04\/florenca-celebra-o-festival-do-barco-do-dragao-com-cores-cultura-e-uniao\/"},"wordCount":648,"commentCount":0,"publisher":{"@id":"https:\/\/diariodepe.com.br\/xinhua\/#organization"},"image":{"@id":"https:\/\/diariodepe.com.br\/xinhua\/2025\/06\/04\/florenca-celebra-o-festival-do-barco-do-dragao-com-cores-cultura-e-uniao\/#primaryimage"},"thumbnailUrl":"https:\/\/diariodepe.com.br\/xinhua\/wp-content\/uploads\/sites\/3\/2025\/06\/20250604777fd85fd36f49b9b3bfaca981df7393_20250604d3a8b03310cf483d86073d9a9e9a6597.png","articleSection":["Cultura \/ Tecnologia"],"inLanguage":"pt-BR","potentialAction":[{"@type":"CommentAction","name":"Comment","target":["https:\/\/diariodepe.com.br\/xinhua\/2025\/06\/04\/florenca-celebra-o-festival-do-barco-do-dragao-com-cores-cultura-e-uniao\/#respond"]}]},{"@type":"WebPage","@id":"https:\/\/diariodepe.com.br\/xinhua\/2025\/06\/04\/florenca-celebra-o-festival-do-barco-do-dragao-com-cores-cultura-e-uniao\/","url":"https:\/\/diariodepe.com.br\/xinhua\/2025\/06\/04\/florenca-celebra-o-festival-do-barco-do-dragao-com-cores-cultura-e-uniao\/","name":"Floren\u00e7a celebra o Festival do Barco do Drag\u00e3o com cores, cultura e uni\u00e3o - Xinhua - Diario de Pernambuco","isPartOf":{"@id":"https:\/\/diariodepe.com.br\/xinhua\/#website"},"primaryImageOfPage":{"@id":"https:\/\/diariodepe.com.br\/xinhua\/2025\/06\/04\/florenca-celebra-o-festival-do-barco-do-dragao-com-cores-cultura-e-uniao\/#primaryimage"},"image":{"@id":"https:\/\/diariodepe.com.br\/xinhua\/2025\/06\/04\/florenca-celebra-o-festival-do-barco-do-dragao-com-cores-cultura-e-uniao\/#primaryimage"},"thumbnailUrl":"https:\/\/diariodepe.com.br\/xinhua\/wp-content\/uploads\/sites\/3\/2025\/06\/20250604777fd85fd36f49b9b3bfaca981df7393_20250604d3a8b03310cf483d86073d9a9e9a6597.png","datePublished":"2025-06-04T17:28:00+00:00","breadcrumb":{"@id":"https:\/\/diariodepe.com.br\/xinhua\/2025\/06\/04\/florenca-celebra-o-festival-do-barco-do-dragao-com-cores-cultura-e-uniao\/#breadcrumb"},"inLanguage":"pt-BR","potentialAction":[{"@type":"ReadAction","target":["https:\/\/diariodepe.com.br\/xinhua\/2025\/06\/04\/florenca-celebra-o-festival-do-barco-do-dragao-com-cores-cultura-e-uniao\/"]}]},{"@type":"ImageObject","inLanguage":"pt-BR","@id":"https:\/\/diariodepe.com.br\/xinhua\/2025\/06\/04\/florenca-celebra-o-festival-do-barco-do-dragao-com-cores-cultura-e-uniao\/#primaryimage","url":"https:\/\/diariodepe.com.br\/xinhua\/wp-content\/uploads\/sites\/3\/2025\/06\/20250604777fd85fd36f49b9b3bfaca981df7393_20250604d3a8b03310cf483d86073d9a9e9a6597.png","contentUrl":"https:\/\/diariodepe.com.br\/xinhua\/wp-content\/uploads\/sites\/3\/2025\/06\/20250604777fd85fd36f49b9b3bfaca981df7393_20250604d3a8b03310cf483d86073d9a9e9a6597.png","width":1008,"height":756},{"@type":"BreadcrumbList","@id":"https:\/\/diariodepe.com.br\/xinhua\/2025\/06\/04\/florenca-celebra-o-festival-do-barco-do-dragao-com-cores-cultura-e-uniao\/#breadcrumb","itemListElement":[{"@type":"ListItem","position":1,"name":"In\u00edcio","item":"https:\/\/diariodepe.com.br\/xinhua\/"},{"@type":"ListItem","position":2,"name":"Floren\u00e7a celebra o Festival do Barco do Drag\u00e3o com cores, cultura e uni\u00e3o"}]},{"@type":"WebSite","@id":"https:\/\/diariodepe.com.br\/xinhua\/#website","url":"https:\/\/diariodepe.com.br\/xinhua\/","name":"Xinhua - Diario de Pernambuco","description":"A maior ag\u00eancia de not\u00edcias da China e um dos principais canais para conhecer o pa\u00eds","publisher":{"@id":"https:\/\/diariodepe.com.br\/xinhua\/#organization"},"potentialAction":[{"@type":"SearchAction","target":{"@type":"EntryPoint","urlTemplate":"https:\/\/diariodepe.com.br\/xinhua\/?s={search_term_string}"},"query-input":{"@type":"PropertyValueSpecification","valueRequired":true,"valueName":"search_term_string"}}],"inLanguage":"pt-BR"},{"@type":"Organization","@id":"https:\/\/diariodepe.com.br\/xinhua\/#organization","name":"Xinhua - Diario de Pernambuco","url":"https:\/\/diariodepe.com.br\/xinhua\/","logo":{"@type":"ImageObject","inLanguage":"pt-BR","@id":"https:\/\/diariodepe.com.br\/xinhua\/#\/schema\/logo\/image\/","url":"https:\/\/diariodepe.com.br\/xinhua\/wp-content\/uploads\/sites\/3\/2020\/10\/cropped-logo-transparente-2.png","contentUrl":"https:\/\/diariodepe.com.br\/xinhua\/wp-content\/uploads\/sites\/3\/2020\/10\/cropped-logo-transparente-2.png","width":512,"height":164,"caption":"Xinhua - Diario de Pernambuco"},"image":{"@id":"https:\/\/diariodepe.com.br\/xinhua\/#\/schema\/logo\/image\/"}},{"@type":"Person","@id":"https:\/\/diariodepe.com.br\/xinhua\/#\/schema\/person\/0943d6fd02bdc7b49c8f495e8787a2cb","name":"Marcelo Oliveira de A. Maranhao","image":{"@type":"ImageObject","inLanguage":"pt-BR","@id":"https:\/\/secure.gravatar.com\/avatar\/f562caee940d39879c20e90eea3e4b21860c7d4c96684c23141c554824f0059c?s=96&d=mm&r=g","url":"https:\/\/secure.gravatar.com\/avatar\/f562caee940d39879c20e90eea3e4b21860c7d4c96684c23141c554824f0059c?s=96&d=mm&r=g","contentUrl":"https:\/\/secure.gravatar.com\/avatar\/f562caee940d39879c20e90eea3e4b21860c7d4c96684c23141c554824f0059c?s=96&d=mm&r=g","caption":"Marcelo Oliveira de A. Maranhao"},"url":"https:\/\/diariodepe.com.br\/xinhua\/author\/marcelo-maranhao\/"}]}},"cc_featured_image_caption":{"caption_text":"","source_text":"","source_url":""},"amp_enabled":true,"_links":{"self":[{"href":"https:\/\/diariodepe.com.br\/xinhua\/wp-json\/wp\/v2\/posts\/26314","targetHints":{"allow":["GET"]}}],"collection":[{"href":"https:\/\/diariodepe.com.br\/xinhua\/wp-json\/wp\/v2\/posts"}],"about":[{"href":"https:\/\/diariodepe.com.br\/xinhua\/wp-json\/wp\/v2\/types\/post"}],"author":[{"embeddable":true,"href":"https:\/\/diariodepe.com.br\/xinhua\/wp-json\/wp\/v2\/users\/3"}],"replies":[{"embeddable":true,"href":"https:\/\/diariodepe.com.br\/xinhua\/wp-json\/wp\/v2\/comments?post=26314"}],"version-history":[{"count":1,"href":"https:\/\/diariodepe.com.br\/xinhua\/wp-json\/wp\/v2\/posts\/26314\/revisions"}],"predecessor-version":[{"id":26316,"href":"https:\/\/diariodepe.com.br\/xinhua\/wp-json\/wp\/v2\/posts\/26314\/revisions\/26316"}],"wp:featuredmedia":[{"embeddable":true,"href":"https:\/\/diariodepe.com.br\/xinhua\/wp-json\/wp\/v2\/media\/26315"}],"wp:attachment":[{"href":"https:\/\/diariodepe.com.br\/xinhua\/wp-json\/wp\/v2\/media?parent=26314"}],"wp:term":[{"taxonomy":"category","embeddable":true,"href":"https:\/\/diariodepe.com.br\/xinhua\/wp-json\/wp\/v2\/categories?post=26314"},{"taxonomy":"post_tag","embeddable":true,"href":"https:\/\/diariodepe.com.br\/xinhua\/wp-json\/wp\/v2\/tags?post=26314"}],"curies":[{"name":"wp","href":"https:\/\/api.w.org\/{rel}","templated":true}]}}