{"id":26311,"date":"2025-06-04T13:15:00","date_gmt":"2025-06-04T16:15:00","guid":{"rendered":"https:\/\/www.diariodepe.com.br\/xinhua\/?p=26311"},"modified":"2025-06-04T08:28:31","modified_gmt":"2025-06-04T11:28:31","slug":"premie-chines-reune-se-com-delegacao-empresarial-do-japao","status":"publish","type":"post","link":"https:\/\/diariodepe.com.br\/xinhua\/2025\/06\/04\/premie-chines-reune-se-com-delegacao-empresarial-do-japao\/","title":{"rendered":"Premi\u00ea chin\u00eas re\u00fane-se com delega\u00e7\u00e3o empresarial do Jap\u00e3o"},"content":{"rendered":"\n<p>Beijing &#8211; O primeiro-ministro chin\u00eas, Li Qiang, reuniu-se com uma delega\u00e7\u00e3o liderada por Yohei Kono, presidente da Associa\u00e7\u00e3o Japonesa para a Promo\u00e7\u00e3o do Com\u00e9rcio Internacional (JAPIT, em ingl\u00eas), em Beijing nesta ter\u00e7a-feira.<\/p>\n\n\n\n<p>Li disse que a China est\u00e1 pronta para trabalhar ativamente com todos os setores no Jap\u00e3o para implementar o consenso pol\u00edtico de que os dois pa\u00edses s\u00e3o parceiros cooperativos, n\u00e3o amea\u00e7as um ao outro, alcan\u00e7ar mais resultados tang\u00edveis na coopera\u00e7\u00e3o pr\u00e1tica e consolidar a base da confian\u00e7a pol\u00edtica m\u00fatua e da amizade interpessoal.<\/p>\n\n\n\n<p>Li expressou a esperan\u00e7a de que o Jap\u00e3o trabalhe com a China para manejar construtivamente as diferen\u00e7as, dominar firmemente a dire\u00e7\u00e3o correta das rela\u00e7\u00f5es bilaterais e promover o desenvolvimento saud\u00e1vel e est\u00e1vel das rela\u00e7\u00f5es bilaterais.<\/p>\n\n\n\n<p>A China e o Jap\u00e3o t\u00eam muitas vantagens \u00fanicas no aprofundamento da coopera\u00e7\u00e3o, disse Li, acrescentando que ambos os lados devem aproveitar essas vantagens para alcan\u00e7ar maiores benef\u00edcios m\u00fatuos e resultados ganha-ganha, injetar impulso no desenvolvimento de cada um e dar maiores contribui\u00e7\u00f5es para o crescimento econ\u00f4mico global.<\/p>\n\n\n\n<p>Li disse que a China expandir\u00e1 firmemente a abertura de alto n\u00edvel e d\u00e1 as boas-vindas a mais empresas de capital estrangeiro, incluindo as do Jap\u00e3o, para se desenvolverem na China. Espera-se que a JAPIT continue a desempenhar um papel ativo no aprofundamento da coopera\u00e7\u00e3o econ\u00f4mica e comercial e fortalecer a amizade e a confian\u00e7a m\u00fatua entre os dois pa\u00edses, acrescentou.<\/p>\n\n\n\n<p>Kono disse que, sob a atual situa\u00e7\u00e3o internacional, o Jap\u00e3o e a China devem aumentar a comunica\u00e7\u00e3o e a coordena\u00e7\u00e3o para salvaguardar conjuntamente o multilateralismo e o sistema de livre com\u00e9rcio.<\/p>\n\n\n\n<p>A JAPIT est\u00e1 comprometida h\u00e1 muito tempo com a amizade Jap\u00e3o-China e est\u00e1 disposta a continuar a expandir os interc\u00e2mbios com a China, melhorar o entendimento m\u00fatuo e fazer contribui\u00e7\u00f5es positivas para aprofundar os la\u00e7os entre os dois povos e promover a coopera\u00e7\u00e3o mutuamente ben\u00e9fica, disse ele.&nbsp;<\/p>\n\n\n\n<figure class=\"wp-block-image\"><img decoding=\"async\" src=\"https:\/\/portuguese.news.cn\/20250604\/5ce9e78dcce344cebc04d1f9cf6afb08\/FI3LtUj2WNwRKZLp.jpeg\" alt=\"\"\/><\/figure>\n\n\n\n<p>(Xinhua\/Liu Bin)<\/p>\n","protected":false},"excerpt":{"rendered":"<p>Beijing &#8211; O primeiro-ministro chin\u00eas, Li Qiang, reuniu-se com uma delega\u00e7\u00e3o liderada por Yohei Kono, presidente da Associa\u00e7\u00e3o Japonesa para a Promo\u00e7\u00e3o do Com\u00e9rcio Internacional (JAPIT, em ingl\u00eas), em Beijing nesta ter\u00e7a-feira. Li disse que a China est\u00e1 pronta para&#8230;<\/p>\n","protected":false},"author":3,"featured_media":26312,"comment_status":"open","ping_status":"open","sticky":false,"template":"","format":"standard","meta":{"footnotes":""},"categories":[1],"tags":[],"class_list":["post-26311","post","type-post","status-publish","format-standard","has-post-thumbnail","hentry","category-geral"],"yoast_head":"<!-- This site is optimized with the Yoast SEO plugin v27.4 - https:\/\/yoast.com\/product\/yoast-seo-wordpress\/ -->\n<title>Premi\u00ea chin\u00eas re\u00fane-se com delega\u00e7\u00e3o empresarial do Jap\u00e3o - Xinhua - Diario de Pernambuco<\/title>\n<meta name=\"robots\" content=\"index, follow, max-snippet:-1, max-image-preview:large, max-video-preview:-1\" \/>\n<link rel=\"canonical\" href=\"https:\/\/diariodepe.com.br\/xinhua\/2025\/06\/04\/premie-chines-reune-se-com-delegacao-empresarial-do-japao\/\" \/>\n<meta property=\"og:locale\" content=\"pt_BR\" \/>\n<meta property=\"og:type\" content=\"article\" \/>\n<meta property=\"og:title\" content=\"Premi\u00ea chin\u00eas re\u00fane-se com delega\u00e7\u00e3o empresarial do Jap\u00e3o - Xinhua - Diario de Pernambuco\" \/>\n<meta property=\"og:description\" content=\"Beijing &#8211; O primeiro-ministro chin\u00eas, Li Qiang, reuniu-se com uma delega\u00e7\u00e3o liderada por Yohei Kono, presidente da Associa\u00e7\u00e3o Japonesa para a Promo\u00e7\u00e3o do Com\u00e9rcio Internacional (JAPIT, em ingl\u00eas), em Beijing nesta ter\u00e7a-feira. Li disse que a China est\u00e1 pronta para...\" \/>\n<meta property=\"og:url\" content=\"https:\/\/diariodepe.com.br\/xinhua\/2025\/06\/04\/premie-chines-reune-se-com-delegacao-empresarial-do-japao\/\" \/>\n<meta property=\"og:site_name\" content=\"Xinhua - Diario de Pernambuco\" \/>\n<meta property=\"article:published_time\" content=\"2025-06-04T16:15:00+00:00\" \/>\n<meta property=\"og:image\" content=\"https:\/\/diariodepe.com.br\/xinhua\/wp-content\/uploads\/sites\/3\/2025\/06\/aXkkGlqv5CFBVasz.jpeg\" \/>\n\t<meta property=\"og:image:width\" content=\"1015\" \/>\n\t<meta property=\"og:image:height\" content=\"677\" \/>\n\t<meta property=\"og:image:type\" content=\"image\/jpeg\" \/>\n<meta name=\"author\" content=\"Marcelo Oliveira de A. Maranhao\" \/>\n<meta name=\"twitter:card\" content=\"summary_large_image\" \/>\n<meta name=\"twitter:label1\" content=\"Escrito por\" \/>\n\t<meta name=\"twitter:data1\" content=\"Marcelo Oliveira de A. Maranhao\" \/>\n\t<meta name=\"twitter:label2\" content=\"Est. tempo de leitura\" \/>\n\t<meta name=\"twitter:data2\" content=\"2 minutos\" \/>\n<script type=\"application\/ld+json\" class=\"yoast-schema-graph\">{\"@context\":\"https:\\\/\\\/schema.org\",\"@graph\":[{\"@type\":\"Article\",\"@id\":\"https:\\\/\\\/diariodepe.com.br\\\/xinhua\\\/2025\\\/06\\\/04\\\/premie-chines-reune-se-com-delegacao-empresarial-do-japao\\\/#article\",\"isPartOf\":{\"@id\":\"https:\\\/\\\/diariodepe.com.br\\\/xinhua\\\/2025\\\/06\\\/04\\\/premie-chines-reune-se-com-delegacao-empresarial-do-japao\\\/\"},\"author\":{\"name\":\"Marcelo Oliveira de A. Maranhao\",\"@id\":\"https:\\\/\\\/diariodepe.com.br\\\/xinhua\\\/#\\\/schema\\\/person\\\/0943d6fd02bdc7b49c8f495e8787a2cb\"},\"headline\":\"Premi\u00ea chin\u00eas re\u00fane-se com delega\u00e7\u00e3o empresarial do Jap\u00e3o\",\"datePublished\":\"2025-06-04T16:15:00+00:00\",\"mainEntityOfPage\":{\"@id\":\"https:\\\/\\\/diariodepe.com.br\\\/xinhua\\\/2025\\\/06\\\/04\\\/premie-chines-reune-se-com-delegacao-empresarial-do-japao\\\/\"},\"wordCount\":378,\"commentCount\":0,\"publisher\":{\"@id\":\"https:\\\/\\\/diariodepe.com.br\\\/xinhua\\\/#organization\"},\"image\":{\"@id\":\"https:\\\/\\\/diariodepe.com.br\\\/xinhua\\\/2025\\\/06\\\/04\\\/premie-chines-reune-se-com-delegacao-empresarial-do-japao\\\/#primaryimage\"},\"thumbnailUrl\":\"https:\\\/\\\/diariodepe.com.br\\\/xinhua\\\/wp-content\\\/uploads\\\/sites\\\/3\\\/2025\\\/06\\\/aXkkGlqv5CFBVasz.jpeg\",\"articleSection\":[\"Geral\"],\"inLanguage\":\"pt-BR\",\"potentialAction\":[{\"@type\":\"CommentAction\",\"name\":\"Comment\",\"target\":[\"https:\\\/\\\/diariodepe.com.br\\\/xinhua\\\/2025\\\/06\\\/04\\\/premie-chines-reune-se-com-delegacao-empresarial-do-japao\\\/#respond\"]}]},{\"@type\":\"WebPage\",\"@id\":\"https:\\\/\\\/diariodepe.com.br\\\/xinhua\\\/2025\\\/06\\\/04\\\/premie-chines-reune-se-com-delegacao-empresarial-do-japao\\\/\",\"url\":\"https:\\\/\\\/diariodepe.com.br\\\/xinhua\\\/2025\\\/06\\\/04\\\/premie-chines-reune-se-com-delegacao-empresarial-do-japao\\\/\",\"name\":\"Premi\u00ea chin\u00eas re\u00fane-se com delega\u00e7\u00e3o empresarial do Jap\u00e3o - Xinhua - Diario de Pernambuco\",\"isPartOf\":{\"@id\":\"https:\\\/\\\/diariodepe.com.br\\\/xinhua\\\/#website\"},\"primaryImageOfPage\":{\"@id\":\"https:\\\/\\\/diariodepe.com.br\\\/xinhua\\\/2025\\\/06\\\/04\\\/premie-chines-reune-se-com-delegacao-empresarial-do-japao\\\/#primaryimage\"},\"image\":{\"@id\":\"https:\\\/\\\/diariodepe.com.br\\\/xinhua\\\/2025\\\/06\\\/04\\\/premie-chines-reune-se-com-delegacao-empresarial-do-japao\\\/#primaryimage\"},\"thumbnailUrl\":\"https:\\\/\\\/diariodepe.com.br\\\/xinhua\\\/wp-content\\\/uploads\\\/sites\\\/3\\\/2025\\\/06\\\/aXkkGlqv5CFBVasz.jpeg\",\"datePublished\":\"2025-06-04T16:15:00+00:00\",\"breadcrumb\":{\"@id\":\"https:\\\/\\\/diariodepe.com.br\\\/xinhua\\\/2025\\\/06\\\/04\\\/premie-chines-reune-se-com-delegacao-empresarial-do-japao\\\/#breadcrumb\"},\"inLanguage\":\"pt-BR\",\"potentialAction\":[{\"@type\":\"ReadAction\",\"target\":[\"https:\\\/\\\/diariodepe.com.br\\\/xinhua\\\/2025\\\/06\\\/04\\\/premie-chines-reune-se-com-delegacao-empresarial-do-japao\\\/\"]}]},{\"@type\":\"ImageObject\",\"inLanguage\":\"pt-BR\",\"@id\":\"https:\\\/\\\/diariodepe.com.br\\\/xinhua\\\/2025\\\/06\\\/04\\\/premie-chines-reune-se-com-delegacao-empresarial-do-japao\\\/#primaryimage\",\"url\":\"https:\\\/\\\/diariodepe.com.br\\\/xinhua\\\/wp-content\\\/uploads\\\/sites\\\/3\\\/2025\\\/06\\\/aXkkGlqv5CFBVasz.jpeg\",\"contentUrl\":\"https:\\\/\\\/diariodepe.com.br\\\/xinhua\\\/wp-content\\\/uploads\\\/sites\\\/3\\\/2025\\\/06\\\/aXkkGlqv5CFBVasz.jpeg\",\"width\":1015,\"height\":677},{\"@type\":\"BreadcrumbList\",\"@id\":\"https:\\\/\\\/diariodepe.com.br\\\/xinhua\\\/2025\\\/06\\\/04\\\/premie-chines-reune-se-com-delegacao-empresarial-do-japao\\\/#breadcrumb\",\"itemListElement\":[{\"@type\":\"ListItem\",\"position\":1,\"name\":\"In\u00edcio\",\"item\":\"https:\\\/\\\/diariodepe.com.br\\\/xinhua\\\/\"},{\"@type\":\"ListItem\",\"position\":2,\"name\":\"Premi\u00ea chin\u00eas re\u00fane-se com delega\u00e7\u00e3o empresarial do Jap\u00e3o\"}]},{\"@type\":\"WebSite\",\"@id\":\"https:\\\/\\\/diariodepe.com.br\\\/xinhua\\\/#website\",\"url\":\"https:\\\/\\\/diariodepe.com.br\\\/xinhua\\\/\",\"name\":\"Xinhua - Diario de Pernambuco\",\"description\":\"A maior ag\u00eancia de not\u00edcias da China e um dos principais canais para conhecer o pa\u00eds\",\"publisher\":{\"@id\":\"https:\\\/\\\/diariodepe.com.br\\\/xinhua\\\/#organization\"},\"potentialAction\":[{\"@type\":\"SearchAction\",\"target\":{\"@type\":\"EntryPoint\",\"urlTemplate\":\"https:\\\/\\\/diariodepe.com.br\\\/xinhua\\\/?s={search_term_string}\"},\"query-input\":{\"@type\":\"PropertyValueSpecification\",\"valueRequired\":true,\"valueName\":\"search_term_string\"}}],\"inLanguage\":\"pt-BR\"},{\"@type\":\"Organization\",\"@id\":\"https:\\\/\\\/diariodepe.com.br\\\/xinhua\\\/#organization\",\"name\":\"Xinhua - Diario de Pernambuco\",\"url\":\"https:\\\/\\\/diariodepe.com.br\\\/xinhua\\\/\",\"logo\":{\"@type\":\"ImageObject\",\"inLanguage\":\"pt-BR\",\"@id\":\"https:\\\/\\\/diariodepe.com.br\\\/xinhua\\\/#\\\/schema\\\/logo\\\/image\\\/\",\"url\":\"https:\\\/\\\/diariodepe.com.br\\\/xinhua\\\/wp-content\\\/uploads\\\/sites\\\/3\\\/2020\\\/10\\\/cropped-logo-transparente-2.png\",\"contentUrl\":\"https:\\\/\\\/diariodepe.com.br\\\/xinhua\\\/wp-content\\\/uploads\\\/sites\\\/3\\\/2020\\\/10\\\/cropped-logo-transparente-2.png\",\"width\":512,\"height\":164,\"caption\":\"Xinhua - Diario de Pernambuco\"},\"image\":{\"@id\":\"https:\\\/\\\/diariodepe.com.br\\\/xinhua\\\/#\\\/schema\\\/logo\\\/image\\\/\"}},{\"@type\":\"Person\",\"@id\":\"https:\\\/\\\/diariodepe.com.br\\\/xinhua\\\/#\\\/schema\\\/person\\\/0943d6fd02bdc7b49c8f495e8787a2cb\",\"name\":\"Marcelo Oliveira de A. Maranhao\",\"image\":{\"@type\":\"ImageObject\",\"inLanguage\":\"pt-BR\",\"@id\":\"https:\\\/\\\/secure.gravatar.com\\\/avatar\\\/f562caee940d39879c20e90eea3e4b21860c7d4c96684c23141c554824f0059c?s=96&d=mm&r=g\",\"url\":\"https:\\\/\\\/secure.gravatar.com\\\/avatar\\\/f562caee940d39879c20e90eea3e4b21860c7d4c96684c23141c554824f0059c?s=96&d=mm&r=g\",\"contentUrl\":\"https:\\\/\\\/secure.gravatar.com\\\/avatar\\\/f562caee940d39879c20e90eea3e4b21860c7d4c96684c23141c554824f0059c?s=96&d=mm&r=g\",\"caption\":\"Marcelo Oliveira de A. Maranhao\"},\"url\":\"https:\\\/\\\/diariodepe.com.br\\\/xinhua\\\/author\\\/marcelo-maranhao\\\/\"}]}<\/script>\n<!-- \/ Yoast SEO plugin. -->","yoast_head_json":{"title":"Premi\u00ea chin\u00eas re\u00fane-se com delega\u00e7\u00e3o empresarial do Jap\u00e3o - Xinhua - Diario de Pernambuco","robots":{"index":"index","follow":"follow","max-snippet":"max-snippet:-1","max-image-preview":"max-image-preview:large","max-video-preview":"max-video-preview:-1"},"canonical":"https:\/\/diariodepe.com.br\/xinhua\/2025\/06\/04\/premie-chines-reune-se-com-delegacao-empresarial-do-japao\/","og_locale":"pt_BR","og_type":"article","og_title":"Premi\u00ea chin\u00eas re\u00fane-se com delega\u00e7\u00e3o empresarial do Jap\u00e3o - Xinhua - Diario de Pernambuco","og_description":"Beijing &#8211; O primeiro-ministro chin\u00eas, Li Qiang, reuniu-se com uma delega\u00e7\u00e3o liderada por Yohei Kono, presidente da Associa\u00e7\u00e3o Japonesa para a Promo\u00e7\u00e3o do Com\u00e9rcio Internacional (JAPIT, em ingl\u00eas), em Beijing nesta ter\u00e7a-feira. Li disse que a China est\u00e1 pronta para...","og_url":"https:\/\/diariodepe.com.br\/xinhua\/2025\/06\/04\/premie-chines-reune-se-com-delegacao-empresarial-do-japao\/","og_site_name":"Xinhua - Diario de Pernambuco","article_published_time":"2025-06-04T16:15:00+00:00","og_image":[{"width":1015,"height":677,"url":"https:\/\/diariodepe.com.br\/xinhua\/wp-content\/uploads\/sites\/3\/2025\/06\/aXkkGlqv5CFBVasz.jpeg","type":"image\/jpeg"}],"author":"Marcelo Oliveira de A. Maranhao","twitter_card":"summary_large_image","twitter_misc":{"Escrito por":"Marcelo Oliveira de A. Maranhao","Est. tempo de leitura":"2 minutos"},"schema":{"@context":"https:\/\/schema.org","@graph":[{"@type":"Article","@id":"https:\/\/diariodepe.com.br\/xinhua\/2025\/06\/04\/premie-chines-reune-se-com-delegacao-empresarial-do-japao\/#article","isPartOf":{"@id":"https:\/\/diariodepe.com.br\/xinhua\/2025\/06\/04\/premie-chines-reune-se-com-delegacao-empresarial-do-japao\/"},"author":{"name":"Marcelo Oliveira de A. Maranhao","@id":"https:\/\/diariodepe.com.br\/xinhua\/#\/schema\/person\/0943d6fd02bdc7b49c8f495e8787a2cb"},"headline":"Premi\u00ea chin\u00eas re\u00fane-se com delega\u00e7\u00e3o empresarial do Jap\u00e3o","datePublished":"2025-06-04T16:15:00+00:00","mainEntityOfPage":{"@id":"https:\/\/diariodepe.com.br\/xinhua\/2025\/06\/04\/premie-chines-reune-se-com-delegacao-empresarial-do-japao\/"},"wordCount":378,"commentCount":0,"publisher":{"@id":"https:\/\/diariodepe.com.br\/xinhua\/#organization"},"image":{"@id":"https:\/\/diariodepe.com.br\/xinhua\/2025\/06\/04\/premie-chines-reune-se-com-delegacao-empresarial-do-japao\/#primaryimage"},"thumbnailUrl":"https:\/\/diariodepe.com.br\/xinhua\/wp-content\/uploads\/sites\/3\/2025\/06\/aXkkGlqv5CFBVasz.jpeg","articleSection":["Geral"],"inLanguage":"pt-BR","potentialAction":[{"@type":"CommentAction","name":"Comment","target":["https:\/\/diariodepe.com.br\/xinhua\/2025\/06\/04\/premie-chines-reune-se-com-delegacao-empresarial-do-japao\/#respond"]}]},{"@type":"WebPage","@id":"https:\/\/diariodepe.com.br\/xinhua\/2025\/06\/04\/premie-chines-reune-se-com-delegacao-empresarial-do-japao\/","url":"https:\/\/diariodepe.com.br\/xinhua\/2025\/06\/04\/premie-chines-reune-se-com-delegacao-empresarial-do-japao\/","name":"Premi\u00ea chin\u00eas re\u00fane-se com delega\u00e7\u00e3o empresarial do Jap\u00e3o - Xinhua - Diario de Pernambuco","isPartOf":{"@id":"https:\/\/diariodepe.com.br\/xinhua\/#website"},"primaryImageOfPage":{"@id":"https:\/\/diariodepe.com.br\/xinhua\/2025\/06\/04\/premie-chines-reune-se-com-delegacao-empresarial-do-japao\/#primaryimage"},"image":{"@id":"https:\/\/diariodepe.com.br\/xinhua\/2025\/06\/04\/premie-chines-reune-se-com-delegacao-empresarial-do-japao\/#primaryimage"},"thumbnailUrl":"https:\/\/diariodepe.com.br\/xinhua\/wp-content\/uploads\/sites\/3\/2025\/06\/aXkkGlqv5CFBVasz.jpeg","datePublished":"2025-06-04T16:15:00+00:00","breadcrumb":{"@id":"https:\/\/diariodepe.com.br\/xinhua\/2025\/06\/04\/premie-chines-reune-se-com-delegacao-empresarial-do-japao\/#breadcrumb"},"inLanguage":"pt-BR","potentialAction":[{"@type":"ReadAction","target":["https:\/\/diariodepe.com.br\/xinhua\/2025\/06\/04\/premie-chines-reune-se-com-delegacao-empresarial-do-japao\/"]}]},{"@type":"ImageObject","inLanguage":"pt-BR","@id":"https:\/\/diariodepe.com.br\/xinhua\/2025\/06\/04\/premie-chines-reune-se-com-delegacao-empresarial-do-japao\/#primaryimage","url":"https:\/\/diariodepe.com.br\/xinhua\/wp-content\/uploads\/sites\/3\/2025\/06\/aXkkGlqv5CFBVasz.jpeg","contentUrl":"https:\/\/diariodepe.com.br\/xinhua\/wp-content\/uploads\/sites\/3\/2025\/06\/aXkkGlqv5CFBVasz.jpeg","width":1015,"height":677},{"@type":"BreadcrumbList","@id":"https:\/\/diariodepe.com.br\/xinhua\/2025\/06\/04\/premie-chines-reune-se-com-delegacao-empresarial-do-japao\/#breadcrumb","itemListElement":[{"@type":"ListItem","position":1,"name":"In\u00edcio","item":"https:\/\/diariodepe.com.br\/xinhua\/"},{"@type":"ListItem","position":2,"name":"Premi\u00ea chin\u00eas re\u00fane-se com delega\u00e7\u00e3o empresarial do Jap\u00e3o"}]},{"@type":"WebSite","@id":"https:\/\/diariodepe.com.br\/xinhua\/#website","url":"https:\/\/diariodepe.com.br\/xinhua\/","name":"Xinhua - Diario de Pernambuco","description":"A maior ag\u00eancia de not\u00edcias da China e um dos principais canais para conhecer o pa\u00eds","publisher":{"@id":"https:\/\/diariodepe.com.br\/xinhua\/#organization"},"potentialAction":[{"@type":"SearchAction","target":{"@type":"EntryPoint","urlTemplate":"https:\/\/diariodepe.com.br\/xinhua\/?s={search_term_string}"},"query-input":{"@type":"PropertyValueSpecification","valueRequired":true,"valueName":"search_term_string"}}],"inLanguage":"pt-BR"},{"@type":"Organization","@id":"https:\/\/diariodepe.com.br\/xinhua\/#organization","name":"Xinhua - Diario de Pernambuco","url":"https:\/\/diariodepe.com.br\/xinhua\/","logo":{"@type":"ImageObject","inLanguage":"pt-BR","@id":"https:\/\/diariodepe.com.br\/xinhua\/#\/schema\/logo\/image\/","url":"https:\/\/diariodepe.com.br\/xinhua\/wp-content\/uploads\/sites\/3\/2020\/10\/cropped-logo-transparente-2.png","contentUrl":"https:\/\/diariodepe.com.br\/xinhua\/wp-content\/uploads\/sites\/3\/2020\/10\/cropped-logo-transparente-2.png","width":512,"height":164,"caption":"Xinhua - Diario de Pernambuco"},"image":{"@id":"https:\/\/diariodepe.com.br\/xinhua\/#\/schema\/logo\/image\/"}},{"@type":"Person","@id":"https:\/\/diariodepe.com.br\/xinhua\/#\/schema\/person\/0943d6fd02bdc7b49c8f495e8787a2cb","name":"Marcelo Oliveira de A. Maranhao","image":{"@type":"ImageObject","inLanguage":"pt-BR","@id":"https:\/\/secure.gravatar.com\/avatar\/f562caee940d39879c20e90eea3e4b21860c7d4c96684c23141c554824f0059c?s=96&d=mm&r=g","url":"https:\/\/secure.gravatar.com\/avatar\/f562caee940d39879c20e90eea3e4b21860c7d4c96684c23141c554824f0059c?s=96&d=mm&r=g","contentUrl":"https:\/\/secure.gravatar.com\/avatar\/f562caee940d39879c20e90eea3e4b21860c7d4c96684c23141c554824f0059c?s=96&d=mm&r=g","caption":"Marcelo Oliveira de A. Maranhao"},"url":"https:\/\/diariodepe.com.br\/xinhua\/author\/marcelo-maranhao\/"}]}},"cc_featured_image_caption":{"caption_text":"","source_text":"","source_url":""},"amp_enabled":true,"_links":{"self":[{"href":"https:\/\/diariodepe.com.br\/xinhua\/wp-json\/wp\/v2\/posts\/26311","targetHints":{"allow":["GET"]}}],"collection":[{"href":"https:\/\/diariodepe.com.br\/xinhua\/wp-json\/wp\/v2\/posts"}],"about":[{"href":"https:\/\/diariodepe.com.br\/xinhua\/wp-json\/wp\/v2\/types\/post"}],"author":[{"embeddable":true,"href":"https:\/\/diariodepe.com.br\/xinhua\/wp-json\/wp\/v2\/users\/3"}],"replies":[{"embeddable":true,"href":"https:\/\/diariodepe.com.br\/xinhua\/wp-json\/wp\/v2\/comments?post=26311"}],"version-history":[{"count":1,"href":"https:\/\/diariodepe.com.br\/xinhua\/wp-json\/wp\/v2\/posts\/26311\/revisions"}],"predecessor-version":[{"id":26313,"href":"https:\/\/diariodepe.com.br\/xinhua\/wp-json\/wp\/v2\/posts\/26311\/revisions\/26313"}],"wp:featuredmedia":[{"embeddable":true,"href":"https:\/\/diariodepe.com.br\/xinhua\/wp-json\/wp\/v2\/media\/26312"}],"wp:attachment":[{"href":"https:\/\/diariodepe.com.br\/xinhua\/wp-json\/wp\/v2\/media?parent=26311"}],"wp:term":[{"taxonomy":"category","embeddable":true,"href":"https:\/\/diariodepe.com.br\/xinhua\/wp-json\/wp\/v2\/categories?post=26311"},{"taxonomy":"post_tag","embeddable":true,"href":"https:\/\/diariodepe.com.br\/xinhua\/wp-json\/wp\/v2\/tags?post=26311"}],"curies":[{"name":"wp","href":"https:\/\/api.w.org\/{rel}","templated":true}]}}