{"id":26308,"date":"2025-06-04T12:24:00","date_gmt":"2025-06-04T15:24:00","guid":{"rendered":"https:\/\/www.diariodepe.com.br\/xinhua\/?p=26308"},"modified":"2025-06-04T08:25:39","modified_gmt":"2025-06-04T11:25:39","slug":"principal-diplomata-chines-reune-se-com-embaixador-dos-eua-e-espera-que-o-ultimo-promova-lacos-bilaterais-saudaveis-estaveis-e-sustentaveis","status":"publish","type":"post","link":"https:\/\/diariodepe.com.br\/xinhua\/2025\/06\/04\/principal-diplomata-chines-reune-se-com-embaixador-dos-eua-e-espera-que-o-ultimo-promova-lacos-bilaterais-saudaveis-estaveis-e-sustentaveis\/","title":{"rendered":"Principal diplomata chin\u00eas re\u00fane-se com embaixador dos EUA e espera que o \u00faltimo promova la\u00e7os bilaterais saud\u00e1veis, est\u00e1veis e sustent\u00e1veis"},"content":{"rendered":"\n<p>Beijing &#8211; O ministro das Rela\u00e7\u00f5es Exteriores da China, Wang Yi, deu as boas-vindas na ter\u00e7a-feira a David Perdue para seu novo cargo como embaixador dos Estados Unidos na China e expressou a esperan\u00e7a de que ele desempenhe um papel ativo na promo\u00e7\u00e3o do desenvolvimento saud\u00e1vel, est\u00e1vel e sustent\u00e1vel das rela\u00e7\u00f5es bilaterais.<\/p>\n\n\n\n<p>Wang, tamb\u00e9m membro do Bir\u00f4 Pol\u00edtico do Comit\u00ea Central do Partido Comunista da China, fez as observa\u00e7\u00f5es ao se reunir com Perdue em Beijing, expressando a esperan\u00e7a de que Perdue sirva como um comunicador confi\u00e1vel, um mediador de diferen\u00e7as e um promotor da coopera\u00e7\u00e3o entre os dois pa\u00edses.<\/p>\n\n\n\n<p>As rela\u00e7\u00f5es China-EUA est\u00e3o atualmente em um momento importante e cr\u00edtico, disse Wang. Olhando para a jornada de quase meio s\u00e9culo repleta de reviravoltas desde o estabelecimento das rela\u00e7\u00f5es diplom\u00e1ticas, a revela\u00e7\u00e3o mais importante \u00e9 que a igualdade e o respeito s\u00e3o os pr\u00e9-requisitos para os interc\u00e2mbios entre os dois lados, e o di\u00e1logo e a coopera\u00e7\u00e3o s\u00e3o a \u00fanica escolha correta, disse Wang.<\/p>\n\n\n\n<p>Wang enfatizou que, ap\u00f3s as conversa\u00e7\u00f5es econ\u00f4micas e comerciais bilaterais em Genebra, a China implementou de forma s\u00e9ria e estrita o consenso alcan\u00e7ado por ambos os lados. Mas \u00e9 lament\u00e1vel o fato de que os Estados Unidos adotaram uma s\u00e9rie de medidas negativas por raz\u00f5es infundadas desde ent\u00e3o, infringindo os direitos e interesses leg\u00edtimos da China. A China se op\u00f5e firmemente a tais a\u00e7\u00f5es, observou ele.<\/p>\n\n\n\n<p>Wang disse que o lado dos EUA deve se encontrar com a China no meio do caminho, implementar seriamente o importante consenso alcan\u00e7ado pelos dois chefes de Estado durante sua conversa telef\u00f4nica em janeiro deste ano e criar condi\u00e7\u00f5es necess\u00e1rias para o retorno das rela\u00e7\u00f5es bilaterais ao caminho certo.<\/p>\n\n\n\n<p>Perdue disse que o presidente Donald Trump tem grande respeito pelo presidente Xi Jinping, observando que \u00e9 muito importante que os dois chefes de Estado mantenham interc\u00e2mbios positivos e construtivos.<\/p>\n\n\n\n<p>Perdue tamb\u00e9m disse que, como embaixador dos EUA na China, est\u00e1 disposto a manter uma comunica\u00e7\u00e3o estreita com o lado chin\u00eas no esp\u00edrito de respeito m\u00fatuo e di\u00e1logo atento.&nbsp;<\/p>\n\n\n\n<figure class=\"wp-block-image\"><img decoding=\"async\" src=\"https:\/\/portuguese.news.cn\/20250604\/1b47953da5d4438e9dde62aebfaabd4c\/pREt7CT86STsV3nM.jpeg\" alt=\"\"\/><\/figure>\n\n\n\n<p>(Xinhua\/Zhang Ling)<\/p>\n","protected":false},"excerpt":{"rendered":"<p>Beijing &#8211; O ministro das Rela\u00e7\u00f5es Exteriores da China, Wang Yi, deu as boas-vindas na ter\u00e7a-feira a David Perdue para seu novo cargo como embaixador dos Estados Unidos na China e expressou a esperan\u00e7a de que ele desempenhe um papel&#8230;<\/p>\n","protected":false},"author":3,"featured_media":26309,"comment_status":"open","ping_status":"open","sticky":false,"template":"","format":"standard","meta":{"footnotes":""},"categories":[4],"tags":[],"class_list":["post-26308","post","type-post","status-publish","format-standard","has-post-thumbnail","hentry","category-internacional"],"yoast_head":"<!-- This site is optimized with the Yoast SEO plugin v27.4 - https:\/\/yoast.com\/product\/yoast-seo-wordpress\/ -->\n<title>Principal diplomata chin\u00eas re\u00fane-se com embaixador dos EUA e espera que o \u00faltimo promova la\u00e7os bilaterais saud\u00e1veis, est\u00e1veis e sustent\u00e1veis - Xinhua - Diario de Pernambuco<\/title>\n<meta name=\"robots\" content=\"index, follow, max-snippet:-1, max-image-preview:large, max-video-preview:-1\" \/>\n<link rel=\"canonical\" href=\"https:\/\/diariodepe.com.br\/xinhua\/2025\/06\/04\/principal-diplomata-chines-reune-se-com-embaixador-dos-eua-e-espera-que-o-ultimo-promova-lacos-bilaterais-saudaveis-estaveis-e-sustentaveis\/\" \/>\n<meta property=\"og:locale\" content=\"pt_BR\" \/>\n<meta property=\"og:type\" content=\"article\" \/>\n<meta property=\"og:title\" content=\"Principal diplomata chin\u00eas re\u00fane-se com embaixador dos EUA e espera que o \u00faltimo promova la\u00e7os bilaterais saud\u00e1veis, est\u00e1veis e sustent\u00e1veis - Xinhua - Diario de Pernambuco\" \/>\n<meta property=\"og:description\" content=\"Beijing &#8211; O ministro das Rela\u00e7\u00f5es Exteriores da China, Wang Yi, deu as boas-vindas na ter\u00e7a-feira a David Perdue para seu novo cargo como embaixador dos Estados Unidos na China e expressou a esperan\u00e7a de que ele desempenhe um papel...\" \/>\n<meta property=\"og:url\" content=\"https:\/\/diariodepe.com.br\/xinhua\/2025\/06\/04\/principal-diplomata-chines-reune-se-com-embaixador-dos-eua-e-espera-que-o-ultimo-promova-lacos-bilaterais-saudaveis-estaveis-e-sustentaveis\/\" \/>\n<meta property=\"og:site_name\" content=\"Xinhua - Diario de Pernambuco\" \/>\n<meta property=\"article:published_time\" content=\"2025-06-04T15:24:00+00:00\" \/>\n<meta property=\"og:image\" content=\"https:\/\/diariodepe.com.br\/xinhua\/wp-content\/uploads\/sites\/3\/2025\/06\/XUsNz2SuXhkqTan7.png\" \/>\n\t<meta property=\"og:image:width\" content=\"1017\" \/>\n\t<meta property=\"og:image:height\" content=\"794\" \/>\n\t<meta property=\"og:image:type\" content=\"image\/png\" \/>\n<meta name=\"author\" content=\"Marcelo Oliveira de A. Maranhao\" \/>\n<meta name=\"twitter:card\" content=\"summary_large_image\" \/>\n<meta name=\"twitter:label1\" content=\"Escrito por\" \/>\n\t<meta name=\"twitter:data1\" content=\"Marcelo Oliveira de A. Maranhao\" \/>\n\t<meta name=\"twitter:label2\" content=\"Est. tempo de leitura\" \/>\n\t<meta name=\"twitter:data2\" content=\"3 minutos\" \/>\n<script type=\"application\/ld+json\" class=\"yoast-schema-graph\">{\"@context\":\"https:\\\/\\\/schema.org\",\"@graph\":[{\"@type\":\"Article\",\"@id\":\"https:\\\/\\\/diariodepe.com.br\\\/xinhua\\\/2025\\\/06\\\/04\\\/principal-diplomata-chines-reune-se-com-embaixador-dos-eua-e-espera-que-o-ultimo-promova-lacos-bilaterais-saudaveis-estaveis-e-sustentaveis\\\/#article\",\"isPartOf\":{\"@id\":\"https:\\\/\\\/diariodepe.com.br\\\/xinhua\\\/2025\\\/06\\\/04\\\/principal-diplomata-chines-reune-se-com-embaixador-dos-eua-e-espera-que-o-ultimo-promova-lacos-bilaterais-saudaveis-estaveis-e-sustentaveis\\\/\"},\"author\":{\"name\":\"Marcelo Oliveira de A. Maranhao\",\"@id\":\"https:\\\/\\\/diariodepe.com.br\\\/xinhua\\\/#\\\/schema\\\/person\\\/0943d6fd02bdc7b49c8f495e8787a2cb\"},\"headline\":\"Principal diplomata chin\u00eas re\u00fane-se com embaixador dos EUA e espera que o \u00faltimo promova la\u00e7os bilaterais saud\u00e1veis, est\u00e1veis e sustent\u00e1veis\",\"datePublished\":\"2025-06-04T15:24:00+00:00\",\"mainEntityOfPage\":{\"@id\":\"https:\\\/\\\/diariodepe.com.br\\\/xinhua\\\/2025\\\/06\\\/04\\\/principal-diplomata-chines-reune-se-com-embaixador-dos-eua-e-espera-que-o-ultimo-promova-lacos-bilaterais-saudaveis-estaveis-e-sustentaveis\\\/\"},\"wordCount\":418,\"commentCount\":0,\"publisher\":{\"@id\":\"https:\\\/\\\/diariodepe.com.br\\\/xinhua\\\/#organization\"},\"image\":{\"@id\":\"https:\\\/\\\/diariodepe.com.br\\\/xinhua\\\/2025\\\/06\\\/04\\\/principal-diplomata-chines-reune-se-com-embaixador-dos-eua-e-espera-que-o-ultimo-promova-lacos-bilaterais-saudaveis-estaveis-e-sustentaveis\\\/#primaryimage\"},\"thumbnailUrl\":\"https:\\\/\\\/diariodepe.com.br\\\/xinhua\\\/wp-content\\\/uploads\\\/sites\\\/3\\\/2025\\\/06\\\/XUsNz2SuXhkqTan7.png\",\"articleSection\":[\"Internacional\"],\"inLanguage\":\"pt-BR\",\"potentialAction\":[{\"@type\":\"CommentAction\",\"name\":\"Comment\",\"target\":[\"https:\\\/\\\/diariodepe.com.br\\\/xinhua\\\/2025\\\/06\\\/04\\\/principal-diplomata-chines-reune-se-com-embaixador-dos-eua-e-espera-que-o-ultimo-promova-lacos-bilaterais-saudaveis-estaveis-e-sustentaveis\\\/#respond\"]}]},{\"@type\":\"WebPage\",\"@id\":\"https:\\\/\\\/diariodepe.com.br\\\/xinhua\\\/2025\\\/06\\\/04\\\/principal-diplomata-chines-reune-se-com-embaixador-dos-eua-e-espera-que-o-ultimo-promova-lacos-bilaterais-saudaveis-estaveis-e-sustentaveis\\\/\",\"url\":\"https:\\\/\\\/diariodepe.com.br\\\/xinhua\\\/2025\\\/06\\\/04\\\/principal-diplomata-chines-reune-se-com-embaixador-dos-eua-e-espera-que-o-ultimo-promova-lacos-bilaterais-saudaveis-estaveis-e-sustentaveis\\\/\",\"name\":\"Principal diplomata chin\u00eas re\u00fane-se com embaixador dos EUA e espera que o \u00faltimo promova la\u00e7os bilaterais saud\u00e1veis, est\u00e1veis e sustent\u00e1veis - Xinhua - Diario de Pernambuco\",\"isPartOf\":{\"@id\":\"https:\\\/\\\/diariodepe.com.br\\\/xinhua\\\/#website\"},\"primaryImageOfPage\":{\"@id\":\"https:\\\/\\\/diariodepe.com.br\\\/xinhua\\\/2025\\\/06\\\/04\\\/principal-diplomata-chines-reune-se-com-embaixador-dos-eua-e-espera-que-o-ultimo-promova-lacos-bilaterais-saudaveis-estaveis-e-sustentaveis\\\/#primaryimage\"},\"image\":{\"@id\":\"https:\\\/\\\/diariodepe.com.br\\\/xinhua\\\/2025\\\/06\\\/04\\\/principal-diplomata-chines-reune-se-com-embaixador-dos-eua-e-espera-que-o-ultimo-promova-lacos-bilaterais-saudaveis-estaveis-e-sustentaveis\\\/#primaryimage\"},\"thumbnailUrl\":\"https:\\\/\\\/diariodepe.com.br\\\/xinhua\\\/wp-content\\\/uploads\\\/sites\\\/3\\\/2025\\\/06\\\/XUsNz2SuXhkqTan7.png\",\"datePublished\":\"2025-06-04T15:24:00+00:00\",\"breadcrumb\":{\"@id\":\"https:\\\/\\\/diariodepe.com.br\\\/xinhua\\\/2025\\\/06\\\/04\\\/principal-diplomata-chines-reune-se-com-embaixador-dos-eua-e-espera-que-o-ultimo-promova-lacos-bilaterais-saudaveis-estaveis-e-sustentaveis\\\/#breadcrumb\"},\"inLanguage\":\"pt-BR\",\"potentialAction\":[{\"@type\":\"ReadAction\",\"target\":[\"https:\\\/\\\/diariodepe.com.br\\\/xinhua\\\/2025\\\/06\\\/04\\\/principal-diplomata-chines-reune-se-com-embaixador-dos-eua-e-espera-que-o-ultimo-promova-lacos-bilaterais-saudaveis-estaveis-e-sustentaveis\\\/\"]}]},{\"@type\":\"ImageObject\",\"inLanguage\":\"pt-BR\",\"@id\":\"https:\\\/\\\/diariodepe.com.br\\\/xinhua\\\/2025\\\/06\\\/04\\\/principal-diplomata-chines-reune-se-com-embaixador-dos-eua-e-espera-que-o-ultimo-promova-lacos-bilaterais-saudaveis-estaveis-e-sustentaveis\\\/#primaryimage\",\"url\":\"https:\\\/\\\/diariodepe.com.br\\\/xinhua\\\/wp-content\\\/uploads\\\/sites\\\/3\\\/2025\\\/06\\\/XUsNz2SuXhkqTan7.png\",\"contentUrl\":\"https:\\\/\\\/diariodepe.com.br\\\/xinhua\\\/wp-content\\\/uploads\\\/sites\\\/3\\\/2025\\\/06\\\/XUsNz2SuXhkqTan7.png\",\"width\":1017,\"height\":794},{\"@type\":\"BreadcrumbList\",\"@id\":\"https:\\\/\\\/diariodepe.com.br\\\/xinhua\\\/2025\\\/06\\\/04\\\/principal-diplomata-chines-reune-se-com-embaixador-dos-eua-e-espera-que-o-ultimo-promova-lacos-bilaterais-saudaveis-estaveis-e-sustentaveis\\\/#breadcrumb\",\"itemListElement\":[{\"@type\":\"ListItem\",\"position\":1,\"name\":\"In\u00edcio\",\"item\":\"https:\\\/\\\/diariodepe.com.br\\\/xinhua\\\/\"},{\"@type\":\"ListItem\",\"position\":2,\"name\":\"Principal diplomata chin\u00eas re\u00fane-se com embaixador dos EUA e espera que o \u00faltimo promova la\u00e7os bilaterais saud\u00e1veis, est\u00e1veis e sustent\u00e1veis\"}]},{\"@type\":\"WebSite\",\"@id\":\"https:\\\/\\\/diariodepe.com.br\\\/xinhua\\\/#website\",\"url\":\"https:\\\/\\\/diariodepe.com.br\\\/xinhua\\\/\",\"name\":\"Xinhua - Diario de Pernambuco\",\"description\":\"A maior ag\u00eancia de not\u00edcias da China e um dos principais canais para conhecer o pa\u00eds\",\"publisher\":{\"@id\":\"https:\\\/\\\/diariodepe.com.br\\\/xinhua\\\/#organization\"},\"potentialAction\":[{\"@type\":\"SearchAction\",\"target\":{\"@type\":\"EntryPoint\",\"urlTemplate\":\"https:\\\/\\\/diariodepe.com.br\\\/xinhua\\\/?s={search_term_string}\"},\"query-input\":{\"@type\":\"PropertyValueSpecification\",\"valueRequired\":true,\"valueName\":\"search_term_string\"}}],\"inLanguage\":\"pt-BR\"},{\"@type\":\"Organization\",\"@id\":\"https:\\\/\\\/diariodepe.com.br\\\/xinhua\\\/#organization\",\"name\":\"Xinhua - Diario de Pernambuco\",\"url\":\"https:\\\/\\\/diariodepe.com.br\\\/xinhua\\\/\",\"logo\":{\"@type\":\"ImageObject\",\"inLanguage\":\"pt-BR\",\"@id\":\"https:\\\/\\\/diariodepe.com.br\\\/xinhua\\\/#\\\/schema\\\/logo\\\/image\\\/\",\"url\":\"https:\\\/\\\/diariodepe.com.br\\\/xinhua\\\/wp-content\\\/uploads\\\/sites\\\/3\\\/2020\\\/10\\\/cropped-logo-transparente-2.png\",\"contentUrl\":\"https:\\\/\\\/diariodepe.com.br\\\/xinhua\\\/wp-content\\\/uploads\\\/sites\\\/3\\\/2020\\\/10\\\/cropped-logo-transparente-2.png\",\"width\":512,\"height\":164,\"caption\":\"Xinhua - Diario de Pernambuco\"},\"image\":{\"@id\":\"https:\\\/\\\/diariodepe.com.br\\\/xinhua\\\/#\\\/schema\\\/logo\\\/image\\\/\"}},{\"@type\":\"Person\",\"@id\":\"https:\\\/\\\/diariodepe.com.br\\\/xinhua\\\/#\\\/schema\\\/person\\\/0943d6fd02bdc7b49c8f495e8787a2cb\",\"name\":\"Marcelo Oliveira de A. Maranhao\",\"image\":{\"@type\":\"ImageObject\",\"inLanguage\":\"pt-BR\",\"@id\":\"https:\\\/\\\/secure.gravatar.com\\\/avatar\\\/f562caee940d39879c20e90eea3e4b21860c7d4c96684c23141c554824f0059c?s=96&d=mm&r=g\",\"url\":\"https:\\\/\\\/secure.gravatar.com\\\/avatar\\\/f562caee940d39879c20e90eea3e4b21860c7d4c96684c23141c554824f0059c?s=96&d=mm&r=g\",\"contentUrl\":\"https:\\\/\\\/secure.gravatar.com\\\/avatar\\\/f562caee940d39879c20e90eea3e4b21860c7d4c96684c23141c554824f0059c?s=96&d=mm&r=g\",\"caption\":\"Marcelo Oliveira de A. Maranhao\"},\"url\":\"https:\\\/\\\/diariodepe.com.br\\\/xinhua\\\/author\\\/marcelo-maranhao\\\/\"}]}<\/script>\n<!-- \/ Yoast SEO plugin. -->","yoast_head_json":{"title":"Principal diplomata chin\u00eas re\u00fane-se com embaixador dos EUA e espera que o \u00faltimo promova la\u00e7os bilaterais saud\u00e1veis, est\u00e1veis e sustent\u00e1veis - Xinhua - Diario de Pernambuco","robots":{"index":"index","follow":"follow","max-snippet":"max-snippet:-1","max-image-preview":"max-image-preview:large","max-video-preview":"max-video-preview:-1"},"canonical":"https:\/\/diariodepe.com.br\/xinhua\/2025\/06\/04\/principal-diplomata-chines-reune-se-com-embaixador-dos-eua-e-espera-que-o-ultimo-promova-lacos-bilaterais-saudaveis-estaveis-e-sustentaveis\/","og_locale":"pt_BR","og_type":"article","og_title":"Principal diplomata chin\u00eas re\u00fane-se com embaixador dos EUA e espera que o \u00faltimo promova la\u00e7os bilaterais saud\u00e1veis, est\u00e1veis e sustent\u00e1veis - Xinhua - Diario de Pernambuco","og_description":"Beijing &#8211; O ministro das Rela\u00e7\u00f5es Exteriores da China, Wang Yi, deu as boas-vindas na ter\u00e7a-feira a David Perdue para seu novo cargo como embaixador dos Estados Unidos na China e expressou a esperan\u00e7a de que ele desempenhe um papel...","og_url":"https:\/\/diariodepe.com.br\/xinhua\/2025\/06\/04\/principal-diplomata-chines-reune-se-com-embaixador-dos-eua-e-espera-que-o-ultimo-promova-lacos-bilaterais-saudaveis-estaveis-e-sustentaveis\/","og_site_name":"Xinhua - Diario de Pernambuco","article_published_time":"2025-06-04T15:24:00+00:00","og_image":[{"width":1017,"height":794,"url":"https:\/\/diariodepe.com.br\/xinhua\/wp-content\/uploads\/sites\/3\/2025\/06\/XUsNz2SuXhkqTan7.png","type":"image\/png"}],"author":"Marcelo Oliveira de A. Maranhao","twitter_card":"summary_large_image","twitter_misc":{"Escrito por":"Marcelo Oliveira de A. Maranhao","Est. tempo de leitura":"3 minutos"},"schema":{"@context":"https:\/\/schema.org","@graph":[{"@type":"Article","@id":"https:\/\/diariodepe.com.br\/xinhua\/2025\/06\/04\/principal-diplomata-chines-reune-se-com-embaixador-dos-eua-e-espera-que-o-ultimo-promova-lacos-bilaterais-saudaveis-estaveis-e-sustentaveis\/#article","isPartOf":{"@id":"https:\/\/diariodepe.com.br\/xinhua\/2025\/06\/04\/principal-diplomata-chines-reune-se-com-embaixador-dos-eua-e-espera-que-o-ultimo-promova-lacos-bilaterais-saudaveis-estaveis-e-sustentaveis\/"},"author":{"name":"Marcelo Oliveira de A. Maranhao","@id":"https:\/\/diariodepe.com.br\/xinhua\/#\/schema\/person\/0943d6fd02bdc7b49c8f495e8787a2cb"},"headline":"Principal diplomata chin\u00eas re\u00fane-se com embaixador dos EUA e espera que o \u00faltimo promova la\u00e7os bilaterais saud\u00e1veis, est\u00e1veis e sustent\u00e1veis","datePublished":"2025-06-04T15:24:00+00:00","mainEntityOfPage":{"@id":"https:\/\/diariodepe.com.br\/xinhua\/2025\/06\/04\/principal-diplomata-chines-reune-se-com-embaixador-dos-eua-e-espera-que-o-ultimo-promova-lacos-bilaterais-saudaveis-estaveis-e-sustentaveis\/"},"wordCount":418,"commentCount":0,"publisher":{"@id":"https:\/\/diariodepe.com.br\/xinhua\/#organization"},"image":{"@id":"https:\/\/diariodepe.com.br\/xinhua\/2025\/06\/04\/principal-diplomata-chines-reune-se-com-embaixador-dos-eua-e-espera-que-o-ultimo-promova-lacos-bilaterais-saudaveis-estaveis-e-sustentaveis\/#primaryimage"},"thumbnailUrl":"https:\/\/diariodepe.com.br\/xinhua\/wp-content\/uploads\/sites\/3\/2025\/06\/XUsNz2SuXhkqTan7.png","articleSection":["Internacional"],"inLanguage":"pt-BR","potentialAction":[{"@type":"CommentAction","name":"Comment","target":["https:\/\/diariodepe.com.br\/xinhua\/2025\/06\/04\/principal-diplomata-chines-reune-se-com-embaixador-dos-eua-e-espera-que-o-ultimo-promova-lacos-bilaterais-saudaveis-estaveis-e-sustentaveis\/#respond"]}]},{"@type":"WebPage","@id":"https:\/\/diariodepe.com.br\/xinhua\/2025\/06\/04\/principal-diplomata-chines-reune-se-com-embaixador-dos-eua-e-espera-que-o-ultimo-promova-lacos-bilaterais-saudaveis-estaveis-e-sustentaveis\/","url":"https:\/\/diariodepe.com.br\/xinhua\/2025\/06\/04\/principal-diplomata-chines-reune-se-com-embaixador-dos-eua-e-espera-que-o-ultimo-promova-lacos-bilaterais-saudaveis-estaveis-e-sustentaveis\/","name":"Principal diplomata chin\u00eas re\u00fane-se com embaixador dos EUA e espera que o \u00faltimo promova la\u00e7os bilaterais saud\u00e1veis, est\u00e1veis e sustent\u00e1veis - Xinhua - Diario de Pernambuco","isPartOf":{"@id":"https:\/\/diariodepe.com.br\/xinhua\/#website"},"primaryImageOfPage":{"@id":"https:\/\/diariodepe.com.br\/xinhua\/2025\/06\/04\/principal-diplomata-chines-reune-se-com-embaixador-dos-eua-e-espera-que-o-ultimo-promova-lacos-bilaterais-saudaveis-estaveis-e-sustentaveis\/#primaryimage"},"image":{"@id":"https:\/\/diariodepe.com.br\/xinhua\/2025\/06\/04\/principal-diplomata-chines-reune-se-com-embaixador-dos-eua-e-espera-que-o-ultimo-promova-lacos-bilaterais-saudaveis-estaveis-e-sustentaveis\/#primaryimage"},"thumbnailUrl":"https:\/\/diariodepe.com.br\/xinhua\/wp-content\/uploads\/sites\/3\/2025\/06\/XUsNz2SuXhkqTan7.png","datePublished":"2025-06-04T15:24:00+00:00","breadcrumb":{"@id":"https:\/\/diariodepe.com.br\/xinhua\/2025\/06\/04\/principal-diplomata-chines-reune-se-com-embaixador-dos-eua-e-espera-que-o-ultimo-promova-lacos-bilaterais-saudaveis-estaveis-e-sustentaveis\/#breadcrumb"},"inLanguage":"pt-BR","potentialAction":[{"@type":"ReadAction","target":["https:\/\/diariodepe.com.br\/xinhua\/2025\/06\/04\/principal-diplomata-chines-reune-se-com-embaixador-dos-eua-e-espera-que-o-ultimo-promova-lacos-bilaterais-saudaveis-estaveis-e-sustentaveis\/"]}]},{"@type":"ImageObject","inLanguage":"pt-BR","@id":"https:\/\/diariodepe.com.br\/xinhua\/2025\/06\/04\/principal-diplomata-chines-reune-se-com-embaixador-dos-eua-e-espera-que-o-ultimo-promova-lacos-bilaterais-saudaveis-estaveis-e-sustentaveis\/#primaryimage","url":"https:\/\/diariodepe.com.br\/xinhua\/wp-content\/uploads\/sites\/3\/2025\/06\/XUsNz2SuXhkqTan7.png","contentUrl":"https:\/\/diariodepe.com.br\/xinhua\/wp-content\/uploads\/sites\/3\/2025\/06\/XUsNz2SuXhkqTan7.png","width":1017,"height":794},{"@type":"BreadcrumbList","@id":"https:\/\/diariodepe.com.br\/xinhua\/2025\/06\/04\/principal-diplomata-chines-reune-se-com-embaixador-dos-eua-e-espera-que-o-ultimo-promova-lacos-bilaterais-saudaveis-estaveis-e-sustentaveis\/#breadcrumb","itemListElement":[{"@type":"ListItem","position":1,"name":"In\u00edcio","item":"https:\/\/diariodepe.com.br\/xinhua\/"},{"@type":"ListItem","position":2,"name":"Principal diplomata chin\u00eas re\u00fane-se com embaixador dos EUA e espera que o \u00faltimo promova la\u00e7os bilaterais saud\u00e1veis, est\u00e1veis e sustent\u00e1veis"}]},{"@type":"WebSite","@id":"https:\/\/diariodepe.com.br\/xinhua\/#website","url":"https:\/\/diariodepe.com.br\/xinhua\/","name":"Xinhua - Diario de Pernambuco","description":"A maior ag\u00eancia de not\u00edcias da China e um dos principais canais para conhecer o pa\u00eds","publisher":{"@id":"https:\/\/diariodepe.com.br\/xinhua\/#organization"},"potentialAction":[{"@type":"SearchAction","target":{"@type":"EntryPoint","urlTemplate":"https:\/\/diariodepe.com.br\/xinhua\/?s={search_term_string}"},"query-input":{"@type":"PropertyValueSpecification","valueRequired":true,"valueName":"search_term_string"}}],"inLanguage":"pt-BR"},{"@type":"Organization","@id":"https:\/\/diariodepe.com.br\/xinhua\/#organization","name":"Xinhua - Diario de Pernambuco","url":"https:\/\/diariodepe.com.br\/xinhua\/","logo":{"@type":"ImageObject","inLanguage":"pt-BR","@id":"https:\/\/diariodepe.com.br\/xinhua\/#\/schema\/logo\/image\/","url":"https:\/\/diariodepe.com.br\/xinhua\/wp-content\/uploads\/sites\/3\/2020\/10\/cropped-logo-transparente-2.png","contentUrl":"https:\/\/diariodepe.com.br\/xinhua\/wp-content\/uploads\/sites\/3\/2020\/10\/cropped-logo-transparente-2.png","width":512,"height":164,"caption":"Xinhua - Diario de Pernambuco"},"image":{"@id":"https:\/\/diariodepe.com.br\/xinhua\/#\/schema\/logo\/image\/"}},{"@type":"Person","@id":"https:\/\/diariodepe.com.br\/xinhua\/#\/schema\/person\/0943d6fd02bdc7b49c8f495e8787a2cb","name":"Marcelo Oliveira de A. Maranhao","image":{"@type":"ImageObject","inLanguage":"pt-BR","@id":"https:\/\/secure.gravatar.com\/avatar\/f562caee940d39879c20e90eea3e4b21860c7d4c96684c23141c554824f0059c?s=96&d=mm&r=g","url":"https:\/\/secure.gravatar.com\/avatar\/f562caee940d39879c20e90eea3e4b21860c7d4c96684c23141c554824f0059c?s=96&d=mm&r=g","contentUrl":"https:\/\/secure.gravatar.com\/avatar\/f562caee940d39879c20e90eea3e4b21860c7d4c96684c23141c554824f0059c?s=96&d=mm&r=g","caption":"Marcelo Oliveira de A. Maranhao"},"url":"https:\/\/diariodepe.com.br\/xinhua\/author\/marcelo-maranhao\/"}]}},"cc_featured_image_caption":{"caption_text":"","source_text":"","source_url":""},"amp_enabled":true,"_links":{"self":[{"href":"https:\/\/diariodepe.com.br\/xinhua\/wp-json\/wp\/v2\/posts\/26308","targetHints":{"allow":["GET"]}}],"collection":[{"href":"https:\/\/diariodepe.com.br\/xinhua\/wp-json\/wp\/v2\/posts"}],"about":[{"href":"https:\/\/diariodepe.com.br\/xinhua\/wp-json\/wp\/v2\/types\/post"}],"author":[{"embeddable":true,"href":"https:\/\/diariodepe.com.br\/xinhua\/wp-json\/wp\/v2\/users\/3"}],"replies":[{"embeddable":true,"href":"https:\/\/diariodepe.com.br\/xinhua\/wp-json\/wp\/v2\/comments?post=26308"}],"version-history":[{"count":1,"href":"https:\/\/diariodepe.com.br\/xinhua\/wp-json\/wp\/v2\/posts\/26308\/revisions"}],"predecessor-version":[{"id":26310,"href":"https:\/\/diariodepe.com.br\/xinhua\/wp-json\/wp\/v2\/posts\/26308\/revisions\/26310"}],"wp:featuredmedia":[{"embeddable":true,"href":"https:\/\/diariodepe.com.br\/xinhua\/wp-json\/wp\/v2\/media\/26309"}],"wp:attachment":[{"href":"https:\/\/diariodepe.com.br\/xinhua\/wp-json\/wp\/v2\/media?parent=26308"}],"wp:term":[{"taxonomy":"category","embeddable":true,"href":"https:\/\/diariodepe.com.br\/xinhua\/wp-json\/wp\/v2\/categories?post=26308"},{"taxonomy":"post_tag","embeddable":true,"href":"https:\/\/diariodepe.com.br\/xinhua\/wp-json\/wp\/v2\/tags?post=26308"}],"curies":[{"name":"wp","href":"https:\/\/api.w.org\/{rel}","templated":true}]}}