{"id":26230,"date":"2025-05-30T14:21:00","date_gmt":"2025-05-30T17:21:00","guid":{"rendered":"https:\/\/www.diariodepe.com.br\/xinhua\/?p=26230"},"modified":"2025-05-30T08:29:56","modified_gmt":"2025-05-30T11:29:56","slug":"chanceler-chines-reune-se-com-homologos-dos-paises-insulares-do-pacifico","status":"publish","type":"post","link":"https:\/\/diariodepe.com.br\/xinhua\/2025\/05\/30\/chanceler-chines-reune-se-com-homologos-dos-paises-insulares-do-pacifico\/","title":{"rendered":"Chanceler chin\u00eas re\u00fane-se com hom\u00f3logos dos pa\u00edses insulares do Pac\u00edfico"},"content":{"rendered":"\n<p>Xiamen &#8211; O ministro das Rela\u00e7\u00f5es Exteriores chin\u00eas, Wang Yi, manteve na quinta-feira reuni\u00f5es bilaterais com convidados estrangeiros que participaram da Terceira Reuni\u00e3o dos Ministros das Rela\u00e7\u00f5es Exteriores da China e dos Pa\u00edses Insulares do Pac\u00edfico em Xiamen, Prov\u00edncia de Fujian, leste da China.<\/p>\n\n\n\n<p>Ao se reunir com o secret\u00e1rio das Rela\u00e7\u00f5es Exteriores dos Estados Federados da Micron\u00e9sia (EFM), Lorin S. Robert, Wang, tamb\u00e9m membro do Bir\u00f4 Pol\u00edtico do Comit\u00ea Central do Partido Comunista da China, disse que os dois chefes de Estado alcan\u00e7aram um importante consenso sobre o fortalecimento de confian\u00e7a m\u00fatua e amizade e o aprofundamento de coopera\u00e7\u00e3o mutuamente ben\u00e9fica.<\/p>\n\n\n\n<p>A China aprecia a resolu\u00e7\u00e3o aprovada pelo Congresso dos EFM em apoio ao princ\u00edpio de Uma S\u00f3 China e acredita que os EFM continuar\u00e3o a apoiar firmemente a posi\u00e7\u00e3o justa da China nas quest\u00f5es relacionadas a Taiwan, observou Wang.<\/p>\n\n\n\n<p>A China est\u00e1 pronta para expandir a coopera\u00e7\u00e3o com os EFM em \u00e1reas essenciais como infraestrutura, resposta \u00e0s mudan\u00e7as clim\u00e1ticas e investiga\u00e7\u00e3o marinha, e promover o desenvolvimento cont\u00ednuo da parceria estrat\u00e9gica abrangente entre os dois pa\u00edses, de acordo com ele.<\/p>\n\n\n\n<p>Robert parabenizou pela conclus\u00e3o bem-sucedida da reuni\u00e3o dos ministros das Rela\u00e7\u00f5es Exteriores e afirmou o compromisso constante dos EFM com o princ\u00edpio de Uma S\u00f3 China. O pa\u00eds est\u00e1 disposto a continuar a desenvolver sua parceria estrat\u00e9gica abrangente com a China, acrescentou.<\/p>\n\n\n\n<p>Ao se reunir com o ministro das Rela\u00e7\u00f5es Exteriores, Coopera\u00e7\u00e3o Internacional e Com\u00e9rcio Exterior de Vanuatu, Marc Ati, Wang disse que a parceria estrat\u00e9gica abrangente China-Vanuatu continuou a se desenvolver sob a orienta\u00e7\u00e3o dos l\u00edderes dos dois pa\u00edses.<\/p>\n\n\n\n<p>Desde que o novo governo de Vanuatu assumiu o poder em fevereiro, tem mantido uma pol\u00edtica positiva a amig\u00e1vel em rela\u00e7\u00e3o \u00e0 China, o que a China aprecia, assinalou Wang. Os dois pa\u00edses devem aproveitar essa oportunidade para intensificar o interc\u00e2mbio em todos os n\u00edveis e ampliar a coopera\u00e7\u00e3o pr\u00e1tica, ressaltou ele.<\/p>\n\n\n\n<p>Ati observou que o apoio da China n\u00e3o s\u00f3 ajuda Vanuatu a melhorar a vida de seu povo, mas tamb\u00e9m aumenta sua confian\u00e7a e resili\u00eancia no desenvolvimento.<\/p>\n\n\n\n<p>O governo de Vanuatu adere firmemente ao princ\u00edpio de Uma S\u00f3 China e est\u00e1 pronto para fortalecer a sinergia das estrat\u00e9gias de desenvolvimento com a China, acelerar as negocia\u00e7\u00f5es para acordos de livre com\u00e9rcio (ALC) bilaterais, promover a coopera\u00e7\u00e3o em \u00e1reas como educa\u00e7\u00e3o, infraestrutura, sa\u00fade e aplica\u00e7\u00e3o da lei, al\u00e9m de avan\u00e7ar rumo a um futuro mais pr\u00f3spero, de acordo com Ati.<\/p>\n\n\n\n<p>Ao se reunir com o ministro das Rela\u00e7\u00f5es Exteriores de Papua-Nova Guin\u00e9, Justin Tkatchenko, Wang disse que os dois pa\u00edses devem implementar o consenso alcan\u00e7ado entre seus l\u00edderes, iniciar as negocia\u00e7\u00f5es de ALC o mais r\u00e1pido poss\u00edvel e aprofundar a coopera\u00e7\u00e3o em v\u00e1rios campos.<\/p>\n\n\n\n<p>A China valoriza a influ\u00eancia de Papua-Nova Guin\u00e9 como uma grande pot\u00eancia no Pac\u00edfico Sul, bem como seu papel como porta de entrada para a \u00c1sia, observou Wang, acrescentando que a China est\u00e1 disposta a trabalhar com Papua-Nova Guin\u00e9 e outros pa\u00edses insulares do Pac\u00edfico para implementar os resultados da reuni\u00e3o dos ministros das Rela\u00e7\u00f5es Exteriores, e fazer maiores contribui\u00e7\u00f5es para a paz e o desenvolvimento regionais.<\/p>\n\n\n\n<p>Tkatchenko disse que o relacionamento de Papua-Nova Guin\u00e9 com a China \u00e9 crucial. O governo de Papua-Nova Guin\u00e9 apoia firmemente os esfor\u00e7os da China para defender sua soberania nacional e integridade territorial. Papua-Nova Guin\u00e9 est\u00e1 disposto a comunicar e coordenar estreitamente com a China para promover a coopera\u00e7\u00e3o do Cintur\u00e3o e Rota e refor\u00e7ar a coopera\u00e7\u00e3o pr\u00e1tica em agricultura, educa\u00e7\u00e3o, telecomunica\u00e7\u00f5es, energia e desenvolvimento regional.<\/p>\n\n\n\n<p>Wang tamb\u00e9m se reuniu com o ex-presidente e atual vice-ministro das Rela\u00e7\u00f5es Exteriores e Com\u00e9rcio de Nauru, Russ Kun; a ministra adjunta das Rela\u00e7\u00f5es Exteriores e vice-presidente do Parlamento de Fiji, Lenora Qereqeretabua; e o vice-secret\u00e1rio-geral do F\u00f3rum das Ilhas do Pac\u00edfico, Esala Nayasi.&nbsp;<\/p>\n","protected":false},"excerpt":{"rendered":"<p>Xiamen &#8211; O ministro das Rela\u00e7\u00f5es Exteriores chin\u00eas, Wang Yi, manteve na quinta-feira reuni\u00f5es bilaterais com convidados estrangeiros que participaram da Terceira Reuni\u00e3o dos Ministros das Rela\u00e7\u00f5es Exteriores da China e dos Pa\u00edses Insulares do Pac\u00edfico em Xiamen, Prov\u00edncia de&#8230;<\/p>\n","protected":false},"author":3,"featured_media":26231,"comment_status":"open","ping_status":"open","sticky":false,"template":"","format":"standard","meta":{"footnotes":""},"categories":[4],"tags":[],"class_list":["post-26230","post","type-post","status-publish","format-standard","has-post-thumbnail","hentry","category-internacional"],"yoast_head":"<!-- This site is optimized with the Yoast SEO plugin v27.4 - https:\/\/yoast.com\/product\/yoast-seo-wordpress\/ -->\n<title>Chanceler chin\u00eas re\u00fane-se com hom\u00f3logos dos pa\u00edses insulares do Pac\u00edfico - Xinhua - Diario de Pernambuco<\/title>\n<meta name=\"robots\" content=\"index, follow, max-snippet:-1, max-image-preview:large, max-video-preview:-1\" \/>\n<link rel=\"canonical\" href=\"https:\/\/diariodepe.com.br\/xinhua\/2025\/05\/30\/chanceler-chines-reune-se-com-homologos-dos-paises-insulares-do-pacifico\/\" \/>\n<meta property=\"og:locale\" content=\"pt_BR\" \/>\n<meta property=\"og:type\" content=\"article\" \/>\n<meta property=\"og:title\" content=\"Chanceler chin\u00eas re\u00fane-se com hom\u00f3logos dos pa\u00edses insulares do Pac\u00edfico - Xinhua - Diario de Pernambuco\" \/>\n<meta property=\"og:description\" content=\"Xiamen &#8211; O ministro das Rela\u00e7\u00f5es Exteriores chin\u00eas, Wang Yi, manteve na quinta-feira reuni\u00f5es bilaterais com convidados estrangeiros que participaram da Terceira Reuni\u00e3o dos Ministros das Rela\u00e7\u00f5es Exteriores da China e dos Pa\u00edses Insulares do Pac\u00edfico em Xiamen, Prov\u00edncia de...\" \/>\n<meta property=\"og:url\" content=\"https:\/\/diariodepe.com.br\/xinhua\/2025\/05\/30\/chanceler-chines-reune-se-com-homologos-dos-paises-insulares-do-pacifico\/\" \/>\n<meta property=\"og:site_name\" content=\"Xinhua - Diario de Pernambuco\" \/>\n<meta property=\"article:published_time\" content=\"2025-05-30T17:21:00+00:00\" \/>\n<meta property=\"og:image\" content=\"https:\/\/diariodepe.com.br\/xinhua\/wp-content\/uploads\/sites\/3\/2025\/05\/nxVPHMlsU22QI2u8.png\" \/>\n\t<meta property=\"og:image:width\" content=\"1024\" \/>\n\t<meta property=\"og:image:height\" content=\"752\" \/>\n\t<meta property=\"og:image:type\" content=\"image\/png\" \/>\n<meta name=\"author\" content=\"Marcelo Oliveira de A. Maranhao\" \/>\n<meta name=\"twitter:card\" content=\"summary_large_image\" \/>\n<meta name=\"twitter:label1\" content=\"Escrito por\" \/>\n\t<meta name=\"twitter:data1\" content=\"Marcelo Oliveira de A. Maranhao\" \/>\n\t<meta name=\"twitter:label2\" content=\"Est. tempo de leitura\" \/>\n\t<meta name=\"twitter:data2\" content=\"4 minutos\" \/>\n<script type=\"application\/ld+json\" class=\"yoast-schema-graph\">{\"@context\":\"https:\\\/\\\/schema.org\",\"@graph\":[{\"@type\":\"Article\",\"@id\":\"https:\\\/\\\/diariodepe.com.br\\\/xinhua\\\/2025\\\/05\\\/30\\\/chanceler-chines-reune-se-com-homologos-dos-paises-insulares-do-pacifico\\\/#article\",\"isPartOf\":{\"@id\":\"https:\\\/\\\/diariodepe.com.br\\\/xinhua\\\/2025\\\/05\\\/30\\\/chanceler-chines-reune-se-com-homologos-dos-paises-insulares-do-pacifico\\\/\"},\"author\":{\"name\":\"Marcelo Oliveira de A. Maranhao\",\"@id\":\"https:\\\/\\\/diariodepe.com.br\\\/xinhua\\\/#\\\/schema\\\/person\\\/0943d6fd02bdc7b49c8f495e8787a2cb\"},\"headline\":\"Chanceler chin\u00eas re\u00fane-se com hom\u00f3logos dos pa\u00edses insulares do Pac\u00edfico\",\"datePublished\":\"2025-05-30T17:21:00+00:00\",\"mainEntityOfPage\":{\"@id\":\"https:\\\/\\\/diariodepe.com.br\\\/xinhua\\\/2025\\\/05\\\/30\\\/chanceler-chines-reune-se-com-homologos-dos-paises-insulares-do-pacifico\\\/\"},\"wordCount\":734,\"commentCount\":0,\"publisher\":{\"@id\":\"https:\\\/\\\/diariodepe.com.br\\\/xinhua\\\/#organization\"},\"image\":{\"@id\":\"https:\\\/\\\/diariodepe.com.br\\\/xinhua\\\/2025\\\/05\\\/30\\\/chanceler-chines-reune-se-com-homologos-dos-paises-insulares-do-pacifico\\\/#primaryimage\"},\"thumbnailUrl\":\"https:\\\/\\\/diariodepe.com.br\\\/xinhua\\\/wp-content\\\/uploads\\\/sites\\\/3\\\/2025\\\/05\\\/nxVPHMlsU22QI2u8.png\",\"articleSection\":[\"Internacional\"],\"inLanguage\":\"pt-BR\",\"potentialAction\":[{\"@type\":\"CommentAction\",\"name\":\"Comment\",\"target\":[\"https:\\\/\\\/diariodepe.com.br\\\/xinhua\\\/2025\\\/05\\\/30\\\/chanceler-chines-reune-se-com-homologos-dos-paises-insulares-do-pacifico\\\/#respond\"]}]},{\"@type\":\"WebPage\",\"@id\":\"https:\\\/\\\/diariodepe.com.br\\\/xinhua\\\/2025\\\/05\\\/30\\\/chanceler-chines-reune-se-com-homologos-dos-paises-insulares-do-pacifico\\\/\",\"url\":\"https:\\\/\\\/diariodepe.com.br\\\/xinhua\\\/2025\\\/05\\\/30\\\/chanceler-chines-reune-se-com-homologos-dos-paises-insulares-do-pacifico\\\/\",\"name\":\"Chanceler chin\u00eas re\u00fane-se com hom\u00f3logos dos pa\u00edses insulares do Pac\u00edfico - Xinhua - Diario de Pernambuco\",\"isPartOf\":{\"@id\":\"https:\\\/\\\/diariodepe.com.br\\\/xinhua\\\/#website\"},\"primaryImageOfPage\":{\"@id\":\"https:\\\/\\\/diariodepe.com.br\\\/xinhua\\\/2025\\\/05\\\/30\\\/chanceler-chines-reune-se-com-homologos-dos-paises-insulares-do-pacifico\\\/#primaryimage\"},\"image\":{\"@id\":\"https:\\\/\\\/diariodepe.com.br\\\/xinhua\\\/2025\\\/05\\\/30\\\/chanceler-chines-reune-se-com-homologos-dos-paises-insulares-do-pacifico\\\/#primaryimage\"},\"thumbnailUrl\":\"https:\\\/\\\/diariodepe.com.br\\\/xinhua\\\/wp-content\\\/uploads\\\/sites\\\/3\\\/2025\\\/05\\\/nxVPHMlsU22QI2u8.png\",\"datePublished\":\"2025-05-30T17:21:00+00:00\",\"breadcrumb\":{\"@id\":\"https:\\\/\\\/diariodepe.com.br\\\/xinhua\\\/2025\\\/05\\\/30\\\/chanceler-chines-reune-se-com-homologos-dos-paises-insulares-do-pacifico\\\/#breadcrumb\"},\"inLanguage\":\"pt-BR\",\"potentialAction\":[{\"@type\":\"ReadAction\",\"target\":[\"https:\\\/\\\/diariodepe.com.br\\\/xinhua\\\/2025\\\/05\\\/30\\\/chanceler-chines-reune-se-com-homologos-dos-paises-insulares-do-pacifico\\\/\"]}]},{\"@type\":\"ImageObject\",\"inLanguage\":\"pt-BR\",\"@id\":\"https:\\\/\\\/diariodepe.com.br\\\/xinhua\\\/2025\\\/05\\\/30\\\/chanceler-chines-reune-se-com-homologos-dos-paises-insulares-do-pacifico\\\/#primaryimage\",\"url\":\"https:\\\/\\\/diariodepe.com.br\\\/xinhua\\\/wp-content\\\/uploads\\\/sites\\\/3\\\/2025\\\/05\\\/nxVPHMlsU22QI2u8.png\",\"contentUrl\":\"https:\\\/\\\/diariodepe.com.br\\\/xinhua\\\/wp-content\\\/uploads\\\/sites\\\/3\\\/2025\\\/05\\\/nxVPHMlsU22QI2u8.png\",\"width\":1024,\"height\":752},{\"@type\":\"BreadcrumbList\",\"@id\":\"https:\\\/\\\/diariodepe.com.br\\\/xinhua\\\/2025\\\/05\\\/30\\\/chanceler-chines-reune-se-com-homologos-dos-paises-insulares-do-pacifico\\\/#breadcrumb\",\"itemListElement\":[{\"@type\":\"ListItem\",\"position\":1,\"name\":\"In\u00edcio\",\"item\":\"https:\\\/\\\/diariodepe.com.br\\\/xinhua\\\/\"},{\"@type\":\"ListItem\",\"position\":2,\"name\":\"Chanceler chin\u00eas re\u00fane-se com hom\u00f3logos dos pa\u00edses insulares do Pac\u00edfico\"}]},{\"@type\":\"WebSite\",\"@id\":\"https:\\\/\\\/diariodepe.com.br\\\/xinhua\\\/#website\",\"url\":\"https:\\\/\\\/diariodepe.com.br\\\/xinhua\\\/\",\"name\":\"Xinhua - Diario de Pernambuco\",\"description\":\"A maior ag\u00eancia de not\u00edcias da China e um dos principais canais para conhecer o pa\u00eds\",\"publisher\":{\"@id\":\"https:\\\/\\\/diariodepe.com.br\\\/xinhua\\\/#organization\"},\"potentialAction\":[{\"@type\":\"SearchAction\",\"target\":{\"@type\":\"EntryPoint\",\"urlTemplate\":\"https:\\\/\\\/diariodepe.com.br\\\/xinhua\\\/?s={search_term_string}\"},\"query-input\":{\"@type\":\"PropertyValueSpecification\",\"valueRequired\":true,\"valueName\":\"search_term_string\"}}],\"inLanguage\":\"pt-BR\"},{\"@type\":\"Organization\",\"@id\":\"https:\\\/\\\/diariodepe.com.br\\\/xinhua\\\/#organization\",\"name\":\"Xinhua - Diario de Pernambuco\",\"url\":\"https:\\\/\\\/diariodepe.com.br\\\/xinhua\\\/\",\"logo\":{\"@type\":\"ImageObject\",\"inLanguage\":\"pt-BR\",\"@id\":\"https:\\\/\\\/diariodepe.com.br\\\/xinhua\\\/#\\\/schema\\\/logo\\\/image\\\/\",\"url\":\"https:\\\/\\\/diariodepe.com.br\\\/xinhua\\\/wp-content\\\/uploads\\\/sites\\\/3\\\/2020\\\/10\\\/cropped-logo-transparente-2.png\",\"contentUrl\":\"https:\\\/\\\/diariodepe.com.br\\\/xinhua\\\/wp-content\\\/uploads\\\/sites\\\/3\\\/2020\\\/10\\\/cropped-logo-transparente-2.png\",\"width\":512,\"height\":164,\"caption\":\"Xinhua - Diario de Pernambuco\"},\"image\":{\"@id\":\"https:\\\/\\\/diariodepe.com.br\\\/xinhua\\\/#\\\/schema\\\/logo\\\/image\\\/\"}},{\"@type\":\"Person\",\"@id\":\"https:\\\/\\\/diariodepe.com.br\\\/xinhua\\\/#\\\/schema\\\/person\\\/0943d6fd02bdc7b49c8f495e8787a2cb\",\"name\":\"Marcelo Oliveira de A. Maranhao\",\"image\":{\"@type\":\"ImageObject\",\"inLanguage\":\"pt-BR\",\"@id\":\"https:\\\/\\\/secure.gravatar.com\\\/avatar\\\/f562caee940d39879c20e90eea3e4b21860c7d4c96684c23141c554824f0059c?s=96&d=mm&r=g\",\"url\":\"https:\\\/\\\/secure.gravatar.com\\\/avatar\\\/f562caee940d39879c20e90eea3e4b21860c7d4c96684c23141c554824f0059c?s=96&d=mm&r=g\",\"contentUrl\":\"https:\\\/\\\/secure.gravatar.com\\\/avatar\\\/f562caee940d39879c20e90eea3e4b21860c7d4c96684c23141c554824f0059c?s=96&d=mm&r=g\",\"caption\":\"Marcelo Oliveira de A. Maranhao\"},\"url\":\"https:\\\/\\\/diariodepe.com.br\\\/xinhua\\\/author\\\/marcelo-maranhao\\\/\"}]}<\/script>\n<!-- \/ Yoast SEO plugin. -->","yoast_head_json":{"title":"Chanceler chin\u00eas re\u00fane-se com hom\u00f3logos dos pa\u00edses insulares do Pac\u00edfico - Xinhua - Diario de Pernambuco","robots":{"index":"index","follow":"follow","max-snippet":"max-snippet:-1","max-image-preview":"max-image-preview:large","max-video-preview":"max-video-preview:-1"},"canonical":"https:\/\/diariodepe.com.br\/xinhua\/2025\/05\/30\/chanceler-chines-reune-se-com-homologos-dos-paises-insulares-do-pacifico\/","og_locale":"pt_BR","og_type":"article","og_title":"Chanceler chin\u00eas re\u00fane-se com hom\u00f3logos dos pa\u00edses insulares do Pac\u00edfico - Xinhua - Diario de Pernambuco","og_description":"Xiamen &#8211; O ministro das Rela\u00e7\u00f5es Exteriores chin\u00eas, Wang Yi, manteve na quinta-feira reuni\u00f5es bilaterais com convidados estrangeiros que participaram da Terceira Reuni\u00e3o dos Ministros das Rela\u00e7\u00f5es Exteriores da China e dos Pa\u00edses Insulares do Pac\u00edfico em Xiamen, Prov\u00edncia de...","og_url":"https:\/\/diariodepe.com.br\/xinhua\/2025\/05\/30\/chanceler-chines-reune-se-com-homologos-dos-paises-insulares-do-pacifico\/","og_site_name":"Xinhua - Diario de Pernambuco","article_published_time":"2025-05-30T17:21:00+00:00","og_image":[{"width":1024,"height":752,"url":"https:\/\/diariodepe.com.br\/xinhua\/wp-content\/uploads\/sites\/3\/2025\/05\/nxVPHMlsU22QI2u8.png","type":"image\/png"}],"author":"Marcelo Oliveira de A. Maranhao","twitter_card":"summary_large_image","twitter_misc":{"Escrito por":"Marcelo Oliveira de A. Maranhao","Est. tempo de leitura":"4 minutos"},"schema":{"@context":"https:\/\/schema.org","@graph":[{"@type":"Article","@id":"https:\/\/diariodepe.com.br\/xinhua\/2025\/05\/30\/chanceler-chines-reune-se-com-homologos-dos-paises-insulares-do-pacifico\/#article","isPartOf":{"@id":"https:\/\/diariodepe.com.br\/xinhua\/2025\/05\/30\/chanceler-chines-reune-se-com-homologos-dos-paises-insulares-do-pacifico\/"},"author":{"name":"Marcelo Oliveira de A. Maranhao","@id":"https:\/\/diariodepe.com.br\/xinhua\/#\/schema\/person\/0943d6fd02bdc7b49c8f495e8787a2cb"},"headline":"Chanceler chin\u00eas re\u00fane-se com hom\u00f3logos dos pa\u00edses insulares do Pac\u00edfico","datePublished":"2025-05-30T17:21:00+00:00","mainEntityOfPage":{"@id":"https:\/\/diariodepe.com.br\/xinhua\/2025\/05\/30\/chanceler-chines-reune-se-com-homologos-dos-paises-insulares-do-pacifico\/"},"wordCount":734,"commentCount":0,"publisher":{"@id":"https:\/\/diariodepe.com.br\/xinhua\/#organization"},"image":{"@id":"https:\/\/diariodepe.com.br\/xinhua\/2025\/05\/30\/chanceler-chines-reune-se-com-homologos-dos-paises-insulares-do-pacifico\/#primaryimage"},"thumbnailUrl":"https:\/\/diariodepe.com.br\/xinhua\/wp-content\/uploads\/sites\/3\/2025\/05\/nxVPHMlsU22QI2u8.png","articleSection":["Internacional"],"inLanguage":"pt-BR","potentialAction":[{"@type":"CommentAction","name":"Comment","target":["https:\/\/diariodepe.com.br\/xinhua\/2025\/05\/30\/chanceler-chines-reune-se-com-homologos-dos-paises-insulares-do-pacifico\/#respond"]}]},{"@type":"WebPage","@id":"https:\/\/diariodepe.com.br\/xinhua\/2025\/05\/30\/chanceler-chines-reune-se-com-homologos-dos-paises-insulares-do-pacifico\/","url":"https:\/\/diariodepe.com.br\/xinhua\/2025\/05\/30\/chanceler-chines-reune-se-com-homologos-dos-paises-insulares-do-pacifico\/","name":"Chanceler chin\u00eas re\u00fane-se com hom\u00f3logos dos pa\u00edses insulares do Pac\u00edfico - Xinhua - Diario de Pernambuco","isPartOf":{"@id":"https:\/\/diariodepe.com.br\/xinhua\/#website"},"primaryImageOfPage":{"@id":"https:\/\/diariodepe.com.br\/xinhua\/2025\/05\/30\/chanceler-chines-reune-se-com-homologos-dos-paises-insulares-do-pacifico\/#primaryimage"},"image":{"@id":"https:\/\/diariodepe.com.br\/xinhua\/2025\/05\/30\/chanceler-chines-reune-se-com-homologos-dos-paises-insulares-do-pacifico\/#primaryimage"},"thumbnailUrl":"https:\/\/diariodepe.com.br\/xinhua\/wp-content\/uploads\/sites\/3\/2025\/05\/nxVPHMlsU22QI2u8.png","datePublished":"2025-05-30T17:21:00+00:00","breadcrumb":{"@id":"https:\/\/diariodepe.com.br\/xinhua\/2025\/05\/30\/chanceler-chines-reune-se-com-homologos-dos-paises-insulares-do-pacifico\/#breadcrumb"},"inLanguage":"pt-BR","potentialAction":[{"@type":"ReadAction","target":["https:\/\/diariodepe.com.br\/xinhua\/2025\/05\/30\/chanceler-chines-reune-se-com-homologos-dos-paises-insulares-do-pacifico\/"]}]},{"@type":"ImageObject","inLanguage":"pt-BR","@id":"https:\/\/diariodepe.com.br\/xinhua\/2025\/05\/30\/chanceler-chines-reune-se-com-homologos-dos-paises-insulares-do-pacifico\/#primaryimage","url":"https:\/\/diariodepe.com.br\/xinhua\/wp-content\/uploads\/sites\/3\/2025\/05\/nxVPHMlsU22QI2u8.png","contentUrl":"https:\/\/diariodepe.com.br\/xinhua\/wp-content\/uploads\/sites\/3\/2025\/05\/nxVPHMlsU22QI2u8.png","width":1024,"height":752},{"@type":"BreadcrumbList","@id":"https:\/\/diariodepe.com.br\/xinhua\/2025\/05\/30\/chanceler-chines-reune-se-com-homologos-dos-paises-insulares-do-pacifico\/#breadcrumb","itemListElement":[{"@type":"ListItem","position":1,"name":"In\u00edcio","item":"https:\/\/diariodepe.com.br\/xinhua\/"},{"@type":"ListItem","position":2,"name":"Chanceler chin\u00eas re\u00fane-se com hom\u00f3logos dos pa\u00edses insulares do Pac\u00edfico"}]},{"@type":"WebSite","@id":"https:\/\/diariodepe.com.br\/xinhua\/#website","url":"https:\/\/diariodepe.com.br\/xinhua\/","name":"Xinhua - Diario de Pernambuco","description":"A maior ag\u00eancia de not\u00edcias da China e um dos principais canais para conhecer o pa\u00eds","publisher":{"@id":"https:\/\/diariodepe.com.br\/xinhua\/#organization"},"potentialAction":[{"@type":"SearchAction","target":{"@type":"EntryPoint","urlTemplate":"https:\/\/diariodepe.com.br\/xinhua\/?s={search_term_string}"},"query-input":{"@type":"PropertyValueSpecification","valueRequired":true,"valueName":"search_term_string"}}],"inLanguage":"pt-BR"},{"@type":"Organization","@id":"https:\/\/diariodepe.com.br\/xinhua\/#organization","name":"Xinhua - Diario de Pernambuco","url":"https:\/\/diariodepe.com.br\/xinhua\/","logo":{"@type":"ImageObject","inLanguage":"pt-BR","@id":"https:\/\/diariodepe.com.br\/xinhua\/#\/schema\/logo\/image\/","url":"https:\/\/diariodepe.com.br\/xinhua\/wp-content\/uploads\/sites\/3\/2020\/10\/cropped-logo-transparente-2.png","contentUrl":"https:\/\/diariodepe.com.br\/xinhua\/wp-content\/uploads\/sites\/3\/2020\/10\/cropped-logo-transparente-2.png","width":512,"height":164,"caption":"Xinhua - Diario de Pernambuco"},"image":{"@id":"https:\/\/diariodepe.com.br\/xinhua\/#\/schema\/logo\/image\/"}},{"@type":"Person","@id":"https:\/\/diariodepe.com.br\/xinhua\/#\/schema\/person\/0943d6fd02bdc7b49c8f495e8787a2cb","name":"Marcelo Oliveira de A. Maranhao","image":{"@type":"ImageObject","inLanguage":"pt-BR","@id":"https:\/\/secure.gravatar.com\/avatar\/f562caee940d39879c20e90eea3e4b21860c7d4c96684c23141c554824f0059c?s=96&d=mm&r=g","url":"https:\/\/secure.gravatar.com\/avatar\/f562caee940d39879c20e90eea3e4b21860c7d4c96684c23141c554824f0059c?s=96&d=mm&r=g","contentUrl":"https:\/\/secure.gravatar.com\/avatar\/f562caee940d39879c20e90eea3e4b21860c7d4c96684c23141c554824f0059c?s=96&d=mm&r=g","caption":"Marcelo Oliveira de A. Maranhao"},"url":"https:\/\/diariodepe.com.br\/xinhua\/author\/marcelo-maranhao\/"}]}},"cc_featured_image_caption":{"caption_text":"","source_text":"","source_url":""},"amp_enabled":true,"_links":{"self":[{"href":"https:\/\/diariodepe.com.br\/xinhua\/wp-json\/wp\/v2\/posts\/26230","targetHints":{"allow":["GET"]}}],"collection":[{"href":"https:\/\/diariodepe.com.br\/xinhua\/wp-json\/wp\/v2\/posts"}],"about":[{"href":"https:\/\/diariodepe.com.br\/xinhua\/wp-json\/wp\/v2\/types\/post"}],"author":[{"embeddable":true,"href":"https:\/\/diariodepe.com.br\/xinhua\/wp-json\/wp\/v2\/users\/3"}],"replies":[{"embeddable":true,"href":"https:\/\/diariodepe.com.br\/xinhua\/wp-json\/wp\/v2\/comments?post=26230"}],"version-history":[{"count":1,"href":"https:\/\/diariodepe.com.br\/xinhua\/wp-json\/wp\/v2\/posts\/26230\/revisions"}],"predecessor-version":[{"id":26232,"href":"https:\/\/diariodepe.com.br\/xinhua\/wp-json\/wp\/v2\/posts\/26230\/revisions\/26232"}],"wp:featuredmedia":[{"embeddable":true,"href":"https:\/\/diariodepe.com.br\/xinhua\/wp-json\/wp\/v2\/media\/26231"}],"wp:attachment":[{"href":"https:\/\/diariodepe.com.br\/xinhua\/wp-json\/wp\/v2\/media?parent=26230"}],"wp:term":[{"taxonomy":"category","embeddable":true,"href":"https:\/\/diariodepe.com.br\/xinhua\/wp-json\/wp\/v2\/categories?post=26230"},{"taxonomy":"post_tag","embeddable":true,"href":"https:\/\/diariodepe.com.br\/xinhua\/wp-json\/wp\/v2\/tags?post=26230"}],"curies":[{"name":"wp","href":"https:\/\/api.w.org\/{rel}","templated":true}]}}