{"id":26227,"date":"2025-05-30T13:12:00","date_gmt":"2025-05-30T16:12:00","guid":{"rendered":"https:\/\/www.diariodepe.com.br\/xinhua\/?p=26227"},"modified":"2025-05-30T08:24:49","modified_gmt":"2025-05-30T11:24:49","slug":"macau-sedia-forum-de-think-tanks-entre-china-e-paises-de-lingua-portuguesa","status":"publish","type":"post","link":"https:\/\/diariodepe.com.br\/xinhua\/2025\/05\/30\/macau-sedia-forum-de-think-tanks-entre-china-e-paises-de-lingua-portuguesa\/","title":{"rendered":"Macau sedia f\u00f3rum de think tanks entre China e pa\u00edses de l\u00edngua portuguesa"},"content":{"rendered":"\n<p>Macau &#8211; O F\u00f3rum dos Think Tanks entre a China e os Pa\u00edses de L\u00edngua Portuguesa, organizado conjuntamente pelo Gabinete do Comiss\u00e1rio do Minist\u00e9rio das Rela\u00e7\u00f5es Exteriores da China na Regi\u00e3o Administrativa Especial de Macau (RAEM) e pelo governo da RAEM, foi realizado nesta quinta-feira na Universidade de Macau.<\/p>\n\n\n\n<p>Sob o tema &#8220;Alcan\u00e7ar o Consenso sobre o Desenvolvimento Global, Unir Esfor\u00e7os para a Moderniza\u00e7\u00e3o Mundial&#8221;, o evento reuniu mais de 100 convidados e acad\u00eamicos da parte continental, de Macau e dos pa\u00edses de l\u00edngua portuguesa.<\/p>\n\n\n\n<p>Liu Xianfa, comiss\u00e1rio do Minist\u00e9rio das Rela\u00e7\u00f5es Exteriores da China na RAEM, afirmou que a moderniza\u00e7\u00e3o chinesa destaca as vantagens institucionais do socialismo com caracter\u00edsticas chinesas, as ideias importantes de prosperidade comum para todo o povo, caminho de desenvolvimento pac\u00edfico e comunidade com um futuro compartilhado para a humanidade.<\/p>\n\n\n\n<p>Liu tamb\u00e9m observou que o gabinete do comiss\u00e1rio continuar\u00e1 a apoiar o papel de Macau como elo entre a China e o mundo, promovendo a coopera\u00e7\u00e3o entre a China e os pa\u00edses de l\u00edngua portuguesa.<\/p>\n\n\n\n<p>O Lam, secret\u00e1ria para os Assuntos Sociais e Cultura da RAEM, ressaltou que as grandes conquistas alcan\u00e7adas por Macau demonstram o forte dinamismo da pol\u00edtica &#8220;um pa\u00eds, dois sistemas&#8221;, oferecendo exemplos vivos da moderniza\u00e7\u00e3o chinesa.<\/p>\n\n\n\n<p>A secret\u00e1ria reiterou o papel estrat\u00e9gico de Macau como ponto de liga\u00e7\u00e3o para a abertura de alto n\u00edvel da China, bem como plataforma de interc\u00e2mbio cultural e de aprendizagem rec\u00edproca entre as civiliza\u00e7\u00f5es chinesa e ocidental, e expressou sua esperan\u00e7a de que Macau continue a refor\u00e7ar os la\u00e7os entre a China e os pa\u00edses de l\u00edngua portuguesa nas \u00e1reas da coopera\u00e7\u00e3o econ\u00f4mica e comercial, pesquisa acad\u00eamica, coopera\u00e7\u00e3o entre think tanks e interc\u00e2mbios culturais.<\/p>\n\n\n\n<p>O evento tamb\u00e9m incluiu duas sess\u00f5es paralelas. Dezesseis acad\u00eamicos de Macau, da parte continental da China e de oito pa\u00edses de l\u00edngua portuguesa &#8212; Angola, Brasil, Cabo Verde, Guin\u00e9-Bissau, Guin\u00e9 Equatorial, Mo\u00e7ambique, Portugal e Timor-Leste &#8212; compartilharam as suas perspectivas durante os debates.<\/p>\n\n\n\n<p>Os especialistas e acad\u00eamicos consideraram que este f\u00f3rum constituiu uma plataforma valiosa para a constru\u00e7\u00e3o de consensos e refor\u00e7o da coopera\u00e7\u00e3o. Comprometeram-se a continuar a contribuir com ideias e esfor\u00e7os para promover uma coopera\u00e7\u00e3o abrangente e mutuamente vantajosa entre a China e os pa\u00edses de l\u00edngua portuguesa, bem como para a constru\u00e7\u00e3o de uma comunidade com um futuro compartilhado para a humanidade.&nbsp;<\/p>\n","protected":false},"excerpt":{"rendered":"<p>Macau &#8211; O F\u00f3rum dos Think Tanks entre a China e os Pa\u00edses de L\u00edngua Portuguesa, organizado conjuntamente pelo Gabinete do Comiss\u00e1rio do Minist\u00e9rio das Rela\u00e7\u00f5es Exteriores da China na Regi\u00e3o Administrativa Especial de Macau (RAEM) e pelo governo da&#8230;<\/p>\n","protected":false},"author":3,"featured_media":26228,"comment_status":"open","ping_status":"open","sticky":false,"template":"","format":"standard","meta":{"footnotes":""},"categories":[1],"tags":[],"class_list":["post-26227","post","type-post","status-publish","format-standard","has-post-thumbnail","hentry","category-geral"],"yoast_head":"<!-- This site is optimized with the Yoast SEO plugin v27.4 - https:\/\/yoast.com\/product\/yoast-seo-wordpress\/ -->\n<title>Macau sedia f\u00f3rum de think tanks entre China e pa\u00edses de l\u00edngua portuguesa - Xinhua - Diario de Pernambuco<\/title>\n<meta name=\"robots\" content=\"index, follow, max-snippet:-1, max-image-preview:large, max-video-preview:-1\" \/>\n<link rel=\"canonical\" href=\"https:\/\/diariodepe.com.br\/xinhua\/2025\/05\/30\/macau-sedia-forum-de-think-tanks-entre-china-e-paises-de-lingua-portuguesa\/\" \/>\n<meta property=\"og:locale\" content=\"pt_BR\" \/>\n<meta property=\"og:type\" content=\"article\" \/>\n<meta property=\"og:title\" content=\"Macau sedia f\u00f3rum de think tanks entre China e pa\u00edses de l\u00edngua portuguesa - Xinhua - Diario de Pernambuco\" \/>\n<meta property=\"og:description\" content=\"Macau &#8211; O F\u00f3rum dos Think Tanks entre a China e os Pa\u00edses de L\u00edngua Portuguesa, organizado conjuntamente pelo Gabinete do Comiss\u00e1rio do Minist\u00e9rio das Rela\u00e7\u00f5es Exteriores da China na Regi\u00e3o Administrativa Especial de Macau (RAEM) e pelo governo da...\" \/>\n<meta property=\"og:url\" content=\"https:\/\/diariodepe.com.br\/xinhua\/2025\/05\/30\/macau-sedia-forum-de-think-tanks-entre-china-e-paises-de-lingua-portuguesa\/\" \/>\n<meta property=\"og:site_name\" content=\"Xinhua - Diario de Pernambuco\" \/>\n<meta property=\"article:published_time\" content=\"2025-05-30T16:12:00+00:00\" \/>\n<meta property=\"og:image\" content=\"https:\/\/diariodepe.com.br\/xinhua\/wp-content\/uploads\/sites\/3\/2025\/05\/TcTy6MWchB7dYRUx-1.jpeg\" \/>\n\t<meta property=\"og:image:width\" content=\"1280\" \/>\n\t<meta property=\"og:image:height\" content=\"713\" \/>\n\t<meta property=\"og:image:type\" content=\"image\/jpeg\" \/>\n<meta name=\"author\" content=\"Marcelo Oliveira de A. Maranhao\" \/>\n<meta name=\"twitter:card\" content=\"summary_large_image\" \/>\n<meta name=\"twitter:label1\" content=\"Escrito por\" \/>\n\t<meta name=\"twitter:data1\" content=\"Marcelo Oliveira de A. Maranhao\" \/>\n\t<meta name=\"twitter:label2\" content=\"Est. tempo de leitura\" \/>\n\t<meta name=\"twitter:data2\" content=\"3 minutos\" \/>\n<script type=\"application\/ld+json\" class=\"yoast-schema-graph\">{\"@context\":\"https:\\\/\\\/schema.org\",\"@graph\":[{\"@type\":\"Article\",\"@id\":\"https:\\\/\\\/diariodepe.com.br\\\/xinhua\\\/2025\\\/05\\\/30\\\/macau-sedia-forum-de-think-tanks-entre-china-e-paises-de-lingua-portuguesa\\\/#article\",\"isPartOf\":{\"@id\":\"https:\\\/\\\/diariodepe.com.br\\\/xinhua\\\/2025\\\/05\\\/30\\\/macau-sedia-forum-de-think-tanks-entre-china-e-paises-de-lingua-portuguesa\\\/\"},\"author\":{\"name\":\"Marcelo Oliveira de A. Maranhao\",\"@id\":\"https:\\\/\\\/diariodepe.com.br\\\/xinhua\\\/#\\\/schema\\\/person\\\/0943d6fd02bdc7b49c8f495e8787a2cb\"},\"headline\":\"Macau sedia f\u00f3rum de think tanks entre China e pa\u00edses de l\u00edngua portuguesa\",\"datePublished\":\"2025-05-30T16:12:00+00:00\",\"mainEntityOfPage\":{\"@id\":\"https:\\\/\\\/diariodepe.com.br\\\/xinhua\\\/2025\\\/05\\\/30\\\/macau-sedia-forum-de-think-tanks-entre-china-e-paises-de-lingua-portuguesa\\\/\"},\"wordCount\":461,\"commentCount\":0,\"publisher\":{\"@id\":\"https:\\\/\\\/diariodepe.com.br\\\/xinhua\\\/#organization\"},\"image\":{\"@id\":\"https:\\\/\\\/diariodepe.com.br\\\/xinhua\\\/2025\\\/05\\\/30\\\/macau-sedia-forum-de-think-tanks-entre-china-e-paises-de-lingua-portuguesa\\\/#primaryimage\"},\"thumbnailUrl\":\"https:\\\/\\\/diariodepe.com.br\\\/xinhua\\\/wp-content\\\/uploads\\\/sites\\\/3\\\/2025\\\/05\\\/TcTy6MWchB7dYRUx-1.jpeg\",\"articleSection\":[\"Geral\"],\"inLanguage\":\"pt-BR\",\"potentialAction\":[{\"@type\":\"CommentAction\",\"name\":\"Comment\",\"target\":[\"https:\\\/\\\/diariodepe.com.br\\\/xinhua\\\/2025\\\/05\\\/30\\\/macau-sedia-forum-de-think-tanks-entre-china-e-paises-de-lingua-portuguesa\\\/#respond\"]}]},{\"@type\":\"WebPage\",\"@id\":\"https:\\\/\\\/diariodepe.com.br\\\/xinhua\\\/2025\\\/05\\\/30\\\/macau-sedia-forum-de-think-tanks-entre-china-e-paises-de-lingua-portuguesa\\\/\",\"url\":\"https:\\\/\\\/diariodepe.com.br\\\/xinhua\\\/2025\\\/05\\\/30\\\/macau-sedia-forum-de-think-tanks-entre-china-e-paises-de-lingua-portuguesa\\\/\",\"name\":\"Macau sedia f\u00f3rum de think tanks entre China e pa\u00edses de l\u00edngua portuguesa - Xinhua - Diario de Pernambuco\",\"isPartOf\":{\"@id\":\"https:\\\/\\\/diariodepe.com.br\\\/xinhua\\\/#website\"},\"primaryImageOfPage\":{\"@id\":\"https:\\\/\\\/diariodepe.com.br\\\/xinhua\\\/2025\\\/05\\\/30\\\/macau-sedia-forum-de-think-tanks-entre-china-e-paises-de-lingua-portuguesa\\\/#primaryimage\"},\"image\":{\"@id\":\"https:\\\/\\\/diariodepe.com.br\\\/xinhua\\\/2025\\\/05\\\/30\\\/macau-sedia-forum-de-think-tanks-entre-china-e-paises-de-lingua-portuguesa\\\/#primaryimage\"},\"thumbnailUrl\":\"https:\\\/\\\/diariodepe.com.br\\\/xinhua\\\/wp-content\\\/uploads\\\/sites\\\/3\\\/2025\\\/05\\\/TcTy6MWchB7dYRUx-1.jpeg\",\"datePublished\":\"2025-05-30T16:12:00+00:00\",\"breadcrumb\":{\"@id\":\"https:\\\/\\\/diariodepe.com.br\\\/xinhua\\\/2025\\\/05\\\/30\\\/macau-sedia-forum-de-think-tanks-entre-china-e-paises-de-lingua-portuguesa\\\/#breadcrumb\"},\"inLanguage\":\"pt-BR\",\"potentialAction\":[{\"@type\":\"ReadAction\",\"target\":[\"https:\\\/\\\/diariodepe.com.br\\\/xinhua\\\/2025\\\/05\\\/30\\\/macau-sedia-forum-de-think-tanks-entre-china-e-paises-de-lingua-portuguesa\\\/\"]}]},{\"@type\":\"ImageObject\",\"inLanguage\":\"pt-BR\",\"@id\":\"https:\\\/\\\/diariodepe.com.br\\\/xinhua\\\/2025\\\/05\\\/30\\\/macau-sedia-forum-de-think-tanks-entre-china-e-paises-de-lingua-portuguesa\\\/#primaryimage\",\"url\":\"https:\\\/\\\/diariodepe.com.br\\\/xinhua\\\/wp-content\\\/uploads\\\/sites\\\/3\\\/2025\\\/05\\\/TcTy6MWchB7dYRUx-1.jpeg\",\"contentUrl\":\"https:\\\/\\\/diariodepe.com.br\\\/xinhua\\\/wp-content\\\/uploads\\\/sites\\\/3\\\/2025\\\/05\\\/TcTy6MWchB7dYRUx-1.jpeg\",\"width\":1280,\"height\":713},{\"@type\":\"BreadcrumbList\",\"@id\":\"https:\\\/\\\/diariodepe.com.br\\\/xinhua\\\/2025\\\/05\\\/30\\\/macau-sedia-forum-de-think-tanks-entre-china-e-paises-de-lingua-portuguesa\\\/#breadcrumb\",\"itemListElement\":[{\"@type\":\"ListItem\",\"position\":1,\"name\":\"In\u00edcio\",\"item\":\"https:\\\/\\\/diariodepe.com.br\\\/xinhua\\\/\"},{\"@type\":\"ListItem\",\"position\":2,\"name\":\"Macau sedia f\u00f3rum de think tanks entre China e pa\u00edses de l\u00edngua portuguesa\"}]},{\"@type\":\"WebSite\",\"@id\":\"https:\\\/\\\/diariodepe.com.br\\\/xinhua\\\/#website\",\"url\":\"https:\\\/\\\/diariodepe.com.br\\\/xinhua\\\/\",\"name\":\"Xinhua - Diario de Pernambuco\",\"description\":\"A maior ag\u00eancia de not\u00edcias da China e um dos principais canais para conhecer o pa\u00eds\",\"publisher\":{\"@id\":\"https:\\\/\\\/diariodepe.com.br\\\/xinhua\\\/#organization\"},\"potentialAction\":[{\"@type\":\"SearchAction\",\"target\":{\"@type\":\"EntryPoint\",\"urlTemplate\":\"https:\\\/\\\/diariodepe.com.br\\\/xinhua\\\/?s={search_term_string}\"},\"query-input\":{\"@type\":\"PropertyValueSpecification\",\"valueRequired\":true,\"valueName\":\"search_term_string\"}}],\"inLanguage\":\"pt-BR\"},{\"@type\":\"Organization\",\"@id\":\"https:\\\/\\\/diariodepe.com.br\\\/xinhua\\\/#organization\",\"name\":\"Xinhua - Diario de Pernambuco\",\"url\":\"https:\\\/\\\/diariodepe.com.br\\\/xinhua\\\/\",\"logo\":{\"@type\":\"ImageObject\",\"inLanguage\":\"pt-BR\",\"@id\":\"https:\\\/\\\/diariodepe.com.br\\\/xinhua\\\/#\\\/schema\\\/logo\\\/image\\\/\",\"url\":\"https:\\\/\\\/diariodepe.com.br\\\/xinhua\\\/wp-content\\\/uploads\\\/sites\\\/3\\\/2020\\\/10\\\/cropped-logo-transparente-2.png\",\"contentUrl\":\"https:\\\/\\\/diariodepe.com.br\\\/xinhua\\\/wp-content\\\/uploads\\\/sites\\\/3\\\/2020\\\/10\\\/cropped-logo-transparente-2.png\",\"width\":512,\"height\":164,\"caption\":\"Xinhua - Diario de Pernambuco\"},\"image\":{\"@id\":\"https:\\\/\\\/diariodepe.com.br\\\/xinhua\\\/#\\\/schema\\\/logo\\\/image\\\/\"}},{\"@type\":\"Person\",\"@id\":\"https:\\\/\\\/diariodepe.com.br\\\/xinhua\\\/#\\\/schema\\\/person\\\/0943d6fd02bdc7b49c8f495e8787a2cb\",\"name\":\"Marcelo Oliveira de A. Maranhao\",\"image\":{\"@type\":\"ImageObject\",\"inLanguage\":\"pt-BR\",\"@id\":\"https:\\\/\\\/secure.gravatar.com\\\/avatar\\\/f562caee940d39879c20e90eea3e4b21860c7d4c96684c23141c554824f0059c?s=96&d=mm&r=g\",\"url\":\"https:\\\/\\\/secure.gravatar.com\\\/avatar\\\/f562caee940d39879c20e90eea3e4b21860c7d4c96684c23141c554824f0059c?s=96&d=mm&r=g\",\"contentUrl\":\"https:\\\/\\\/secure.gravatar.com\\\/avatar\\\/f562caee940d39879c20e90eea3e4b21860c7d4c96684c23141c554824f0059c?s=96&d=mm&r=g\",\"caption\":\"Marcelo Oliveira de A. Maranhao\"},\"url\":\"https:\\\/\\\/diariodepe.com.br\\\/xinhua\\\/author\\\/marcelo-maranhao\\\/\"}]}<\/script>\n<!-- \/ Yoast SEO plugin. -->","yoast_head_json":{"title":"Macau sedia f\u00f3rum de think tanks entre China e pa\u00edses de l\u00edngua portuguesa - Xinhua - Diario de Pernambuco","robots":{"index":"index","follow":"follow","max-snippet":"max-snippet:-1","max-image-preview":"max-image-preview:large","max-video-preview":"max-video-preview:-1"},"canonical":"https:\/\/diariodepe.com.br\/xinhua\/2025\/05\/30\/macau-sedia-forum-de-think-tanks-entre-china-e-paises-de-lingua-portuguesa\/","og_locale":"pt_BR","og_type":"article","og_title":"Macau sedia f\u00f3rum de think tanks entre China e pa\u00edses de l\u00edngua portuguesa - Xinhua - Diario de Pernambuco","og_description":"Macau &#8211; O F\u00f3rum dos Think Tanks entre a China e os Pa\u00edses de L\u00edngua Portuguesa, organizado conjuntamente pelo Gabinete do Comiss\u00e1rio do Minist\u00e9rio das Rela\u00e7\u00f5es Exteriores da China na Regi\u00e3o Administrativa Especial de Macau (RAEM) e pelo governo da...","og_url":"https:\/\/diariodepe.com.br\/xinhua\/2025\/05\/30\/macau-sedia-forum-de-think-tanks-entre-china-e-paises-de-lingua-portuguesa\/","og_site_name":"Xinhua - Diario de Pernambuco","article_published_time":"2025-05-30T16:12:00+00:00","og_image":[{"width":1280,"height":713,"url":"https:\/\/diariodepe.com.br\/xinhua\/wp-content\/uploads\/sites\/3\/2025\/05\/TcTy6MWchB7dYRUx-1.jpeg","type":"image\/jpeg"}],"author":"Marcelo Oliveira de A. Maranhao","twitter_card":"summary_large_image","twitter_misc":{"Escrito por":"Marcelo Oliveira de A. Maranhao","Est. tempo de leitura":"3 minutos"},"schema":{"@context":"https:\/\/schema.org","@graph":[{"@type":"Article","@id":"https:\/\/diariodepe.com.br\/xinhua\/2025\/05\/30\/macau-sedia-forum-de-think-tanks-entre-china-e-paises-de-lingua-portuguesa\/#article","isPartOf":{"@id":"https:\/\/diariodepe.com.br\/xinhua\/2025\/05\/30\/macau-sedia-forum-de-think-tanks-entre-china-e-paises-de-lingua-portuguesa\/"},"author":{"name":"Marcelo Oliveira de A. Maranhao","@id":"https:\/\/diariodepe.com.br\/xinhua\/#\/schema\/person\/0943d6fd02bdc7b49c8f495e8787a2cb"},"headline":"Macau sedia f\u00f3rum de think tanks entre China e pa\u00edses de l\u00edngua portuguesa","datePublished":"2025-05-30T16:12:00+00:00","mainEntityOfPage":{"@id":"https:\/\/diariodepe.com.br\/xinhua\/2025\/05\/30\/macau-sedia-forum-de-think-tanks-entre-china-e-paises-de-lingua-portuguesa\/"},"wordCount":461,"commentCount":0,"publisher":{"@id":"https:\/\/diariodepe.com.br\/xinhua\/#organization"},"image":{"@id":"https:\/\/diariodepe.com.br\/xinhua\/2025\/05\/30\/macau-sedia-forum-de-think-tanks-entre-china-e-paises-de-lingua-portuguesa\/#primaryimage"},"thumbnailUrl":"https:\/\/diariodepe.com.br\/xinhua\/wp-content\/uploads\/sites\/3\/2025\/05\/TcTy6MWchB7dYRUx-1.jpeg","articleSection":["Geral"],"inLanguage":"pt-BR","potentialAction":[{"@type":"CommentAction","name":"Comment","target":["https:\/\/diariodepe.com.br\/xinhua\/2025\/05\/30\/macau-sedia-forum-de-think-tanks-entre-china-e-paises-de-lingua-portuguesa\/#respond"]}]},{"@type":"WebPage","@id":"https:\/\/diariodepe.com.br\/xinhua\/2025\/05\/30\/macau-sedia-forum-de-think-tanks-entre-china-e-paises-de-lingua-portuguesa\/","url":"https:\/\/diariodepe.com.br\/xinhua\/2025\/05\/30\/macau-sedia-forum-de-think-tanks-entre-china-e-paises-de-lingua-portuguesa\/","name":"Macau sedia f\u00f3rum de think tanks entre China e pa\u00edses de l\u00edngua portuguesa - Xinhua - Diario de Pernambuco","isPartOf":{"@id":"https:\/\/diariodepe.com.br\/xinhua\/#website"},"primaryImageOfPage":{"@id":"https:\/\/diariodepe.com.br\/xinhua\/2025\/05\/30\/macau-sedia-forum-de-think-tanks-entre-china-e-paises-de-lingua-portuguesa\/#primaryimage"},"image":{"@id":"https:\/\/diariodepe.com.br\/xinhua\/2025\/05\/30\/macau-sedia-forum-de-think-tanks-entre-china-e-paises-de-lingua-portuguesa\/#primaryimage"},"thumbnailUrl":"https:\/\/diariodepe.com.br\/xinhua\/wp-content\/uploads\/sites\/3\/2025\/05\/TcTy6MWchB7dYRUx-1.jpeg","datePublished":"2025-05-30T16:12:00+00:00","breadcrumb":{"@id":"https:\/\/diariodepe.com.br\/xinhua\/2025\/05\/30\/macau-sedia-forum-de-think-tanks-entre-china-e-paises-de-lingua-portuguesa\/#breadcrumb"},"inLanguage":"pt-BR","potentialAction":[{"@type":"ReadAction","target":["https:\/\/diariodepe.com.br\/xinhua\/2025\/05\/30\/macau-sedia-forum-de-think-tanks-entre-china-e-paises-de-lingua-portuguesa\/"]}]},{"@type":"ImageObject","inLanguage":"pt-BR","@id":"https:\/\/diariodepe.com.br\/xinhua\/2025\/05\/30\/macau-sedia-forum-de-think-tanks-entre-china-e-paises-de-lingua-portuguesa\/#primaryimage","url":"https:\/\/diariodepe.com.br\/xinhua\/wp-content\/uploads\/sites\/3\/2025\/05\/TcTy6MWchB7dYRUx-1.jpeg","contentUrl":"https:\/\/diariodepe.com.br\/xinhua\/wp-content\/uploads\/sites\/3\/2025\/05\/TcTy6MWchB7dYRUx-1.jpeg","width":1280,"height":713},{"@type":"BreadcrumbList","@id":"https:\/\/diariodepe.com.br\/xinhua\/2025\/05\/30\/macau-sedia-forum-de-think-tanks-entre-china-e-paises-de-lingua-portuguesa\/#breadcrumb","itemListElement":[{"@type":"ListItem","position":1,"name":"In\u00edcio","item":"https:\/\/diariodepe.com.br\/xinhua\/"},{"@type":"ListItem","position":2,"name":"Macau sedia f\u00f3rum de think tanks entre China e pa\u00edses de l\u00edngua portuguesa"}]},{"@type":"WebSite","@id":"https:\/\/diariodepe.com.br\/xinhua\/#website","url":"https:\/\/diariodepe.com.br\/xinhua\/","name":"Xinhua - Diario de Pernambuco","description":"A maior ag\u00eancia de not\u00edcias da China e um dos principais canais para conhecer o pa\u00eds","publisher":{"@id":"https:\/\/diariodepe.com.br\/xinhua\/#organization"},"potentialAction":[{"@type":"SearchAction","target":{"@type":"EntryPoint","urlTemplate":"https:\/\/diariodepe.com.br\/xinhua\/?s={search_term_string}"},"query-input":{"@type":"PropertyValueSpecification","valueRequired":true,"valueName":"search_term_string"}}],"inLanguage":"pt-BR"},{"@type":"Organization","@id":"https:\/\/diariodepe.com.br\/xinhua\/#organization","name":"Xinhua - Diario de Pernambuco","url":"https:\/\/diariodepe.com.br\/xinhua\/","logo":{"@type":"ImageObject","inLanguage":"pt-BR","@id":"https:\/\/diariodepe.com.br\/xinhua\/#\/schema\/logo\/image\/","url":"https:\/\/diariodepe.com.br\/xinhua\/wp-content\/uploads\/sites\/3\/2020\/10\/cropped-logo-transparente-2.png","contentUrl":"https:\/\/diariodepe.com.br\/xinhua\/wp-content\/uploads\/sites\/3\/2020\/10\/cropped-logo-transparente-2.png","width":512,"height":164,"caption":"Xinhua - Diario de Pernambuco"},"image":{"@id":"https:\/\/diariodepe.com.br\/xinhua\/#\/schema\/logo\/image\/"}},{"@type":"Person","@id":"https:\/\/diariodepe.com.br\/xinhua\/#\/schema\/person\/0943d6fd02bdc7b49c8f495e8787a2cb","name":"Marcelo Oliveira de A. Maranhao","image":{"@type":"ImageObject","inLanguage":"pt-BR","@id":"https:\/\/secure.gravatar.com\/avatar\/f562caee940d39879c20e90eea3e4b21860c7d4c96684c23141c554824f0059c?s=96&d=mm&r=g","url":"https:\/\/secure.gravatar.com\/avatar\/f562caee940d39879c20e90eea3e4b21860c7d4c96684c23141c554824f0059c?s=96&d=mm&r=g","contentUrl":"https:\/\/secure.gravatar.com\/avatar\/f562caee940d39879c20e90eea3e4b21860c7d4c96684c23141c554824f0059c?s=96&d=mm&r=g","caption":"Marcelo Oliveira de A. Maranhao"},"url":"https:\/\/diariodepe.com.br\/xinhua\/author\/marcelo-maranhao\/"}]}},"cc_featured_image_caption":{"caption_text":"","source_text":"","source_url":""},"amp_enabled":true,"_links":{"self":[{"href":"https:\/\/diariodepe.com.br\/xinhua\/wp-json\/wp\/v2\/posts\/26227","targetHints":{"allow":["GET"]}}],"collection":[{"href":"https:\/\/diariodepe.com.br\/xinhua\/wp-json\/wp\/v2\/posts"}],"about":[{"href":"https:\/\/diariodepe.com.br\/xinhua\/wp-json\/wp\/v2\/types\/post"}],"author":[{"embeddable":true,"href":"https:\/\/diariodepe.com.br\/xinhua\/wp-json\/wp\/v2\/users\/3"}],"replies":[{"embeddable":true,"href":"https:\/\/diariodepe.com.br\/xinhua\/wp-json\/wp\/v2\/comments?post=26227"}],"version-history":[{"count":1,"href":"https:\/\/diariodepe.com.br\/xinhua\/wp-json\/wp\/v2\/posts\/26227\/revisions"}],"predecessor-version":[{"id":26229,"href":"https:\/\/diariodepe.com.br\/xinhua\/wp-json\/wp\/v2\/posts\/26227\/revisions\/26229"}],"wp:featuredmedia":[{"embeddable":true,"href":"https:\/\/diariodepe.com.br\/xinhua\/wp-json\/wp\/v2\/media\/26228"}],"wp:attachment":[{"href":"https:\/\/diariodepe.com.br\/xinhua\/wp-json\/wp\/v2\/media?parent=26227"}],"wp:term":[{"taxonomy":"category","embeddable":true,"href":"https:\/\/diariodepe.com.br\/xinhua\/wp-json\/wp\/v2\/categories?post=26227"},{"taxonomy":"post_tag","embeddable":true,"href":"https:\/\/diariodepe.com.br\/xinhua\/wp-json\/wp\/v2\/tags?post=26227"}],"curies":[{"name":"wp","href":"https:\/\/api.w.org\/{rel}","templated":true}]}}