{"id":26218,"date":"2025-05-30T10:15:00","date_gmt":"2025-05-30T13:15:00","guid":{"rendered":"https:\/\/www.diariodepe.com.br\/xinhua\/?p=26218"},"modified":"2025-05-30T08:17:28","modified_gmt":"2025-05-30T11:17:28","slug":"instituto-confucio-de-liubliana-comemora-15o-aniversario","status":"publish","type":"post","link":"https:\/\/diariodepe.com.br\/xinhua\/2025\/05\/30\/instituto-confucio-de-liubliana-comemora-15o-aniversario\/","title":{"rendered":"Instituto Conf\u00facio de Liubliana comemora 15\u00ba anivers\u00e1rio"},"content":{"rendered":"\n<p>Liubliana \u2014 Mais de 100 convidados ilustres dos setores empresarial, educacional e cultural da China e da Eslov\u00eania se reuniram na ter\u00e7a-feira para comemorar o 15\u00ba anivers\u00e1rio do Instituto Conf\u00facio de Liubliana.<\/p>\n\n\n\n<p>Zhao Binghui, encarregado de neg\u00f3cios da Embaixada da China na Eslov\u00eania, elogiou as contribui\u00e7\u00f5es do Instituto para o fortalecimento dos interc\u00e2mbios multin\u00edveis e multifacetados entre a China e a Eslov\u00eania, promovendo o ensino de l\u00edngua chinesa de alta qualidade e organizando diversas atividades culturais ao longo dos \u00faltimos 15 anos.<\/p>\n\n\n\n<p>O Instituto foi criado pela Universidade de Neg\u00f3cios e Economia Internacional de Shanghai (SUIBE, na sigla em ingl\u00eas) e pela Universidade de Liubliana em maio de 2010.<\/p>\n\n\n\n<p>At\u00e9 o momento, o Instituto estabeleceu cinco Salas de Aula Conf\u00facio e 26 centros de ensino em toda a Eslov\u00eania, oferecendo ensino de l\u00edngua chinesa do jardim de inf\u00e2ncia ao n\u00edvel universit\u00e1rio. &#8220;A l\u00edngua \u00e9 uma ponte para interc\u00e2mbios e aprendizado m\u00fatuo entre civiliza\u00e7\u00f5es&#8221;, observou ele.<\/p>\n\n\n\n<p>Qi Ming, presidente da SUIBE, tamb\u00e9m destacou o papel do Instituto como ponte essencial entre as duas universidades, ajudando a promover o entendimento m\u00fatuo entre os povos chin\u00eas e esloveno. Ele observou que a parceria resultou em diversas colabora\u00e7\u00f5es, incluindo interc\u00e2mbios de professores e estudantes, al\u00e9m de iniciativas conjuntas de pesquisa.<\/p>\n\n\n\n<p>Ao mesmo tempo, Danijela Voljc, diretora eslovena do Instituto, afirmou que atualmente mais de 600 eslovenos estudam chin\u00eas por meio de seus programas. Nos \u00faltimos 15 anos, o Instituto formou milhares de estudantes, aproximando as culturas chinesa e eslovena, acrescentou a diretora.<\/p>\n\n\n\n<p>Desde 2012, o chin\u00eas foi oficialmente inclu\u00eddo no sistema educacional nacional da Eslov\u00eania.<\/p>\n\n\n\n<figure class=\"wp-block-image\"><img decoding=\"async\" src=\"https:\/\/portuguese.news.cn\/20250530\/b05b3ee6bc204357a6417b5685e8c35d\/20250530b05b3ee6bc204357a6417b5685e8c35d_202505309430c84bf1ee40a8aef0813bc2b67fe5.jpeg\" alt=\"\"\/><\/figure>\n\n\n\n<p>Qi Ming, presidente do Conselho da Universidade de Neg\u00f3cios e Economia Internacional de Shanghai (SUIBE, na sigla em ingl\u00eas), discursa na comemora\u00e7\u00e3o do 15\u00ba anivers\u00e1rio do Instituto Conf\u00facio de Liubliana, em Liubliana, Eslov\u00eania, no dia 28 de maio de 2025. Mais de 100 convidados ilustres dos setores empresarial, educacional e cultural da China e da Eslov\u00eania se reuniram na quarta-feira para comemorar o 15\u00ba anivers\u00e1rio do Instituto Conf\u00facio de Liubliana. (Foto por Zeljko Stevanic\/Xinhua)<\/p>\n","protected":false},"excerpt":{"rendered":"<p>Liubliana \u2014 Mais de 100 convidados ilustres dos setores empresarial, educacional e cultural da China e da Eslov\u00eania se reuniram na ter\u00e7a-feira para comemorar o 15\u00ba anivers\u00e1rio do Instituto Conf\u00facio de Liubliana. Zhao Binghui, encarregado de neg\u00f3cios da Embaixada da&#8230;<\/p>\n","protected":false},"author":3,"featured_media":26219,"comment_status":"open","ping_status":"open","sticky":false,"template":"","format":"standard","meta":{"footnotes":""},"categories":[4],"tags":[],"class_list":["post-26218","post","type-post","status-publish","format-standard","has-post-thumbnail","hentry","category-internacional"],"yoast_head":"<!-- This site is optimized with the Yoast SEO plugin v27.4 - https:\/\/yoast.com\/product\/yoast-seo-wordpress\/ -->\n<title>Instituto Conf\u00facio de Liubliana comemora 15\u00ba anivers\u00e1rio - Xinhua - Diario de Pernambuco<\/title>\n<meta name=\"robots\" content=\"index, follow, max-snippet:-1, max-image-preview:large, max-video-preview:-1\" \/>\n<link rel=\"canonical\" href=\"https:\/\/diariodepe.com.br\/xinhua\/2025\/05\/30\/instituto-confucio-de-liubliana-comemora-15o-aniversario\/\" \/>\n<meta property=\"og:locale\" content=\"pt_BR\" \/>\n<meta property=\"og:type\" content=\"article\" \/>\n<meta property=\"og:title\" content=\"Instituto Conf\u00facio de Liubliana comemora 15\u00ba anivers\u00e1rio - Xinhua - Diario de Pernambuco\" \/>\n<meta property=\"og:description\" content=\"Liubliana \u2014 Mais de 100 convidados ilustres dos setores empresarial, educacional e cultural da China e da Eslov\u00eania se reuniram na ter\u00e7a-feira para comemorar o 15\u00ba anivers\u00e1rio do Instituto Conf\u00facio de Liubliana. Zhao Binghui, encarregado de neg\u00f3cios da Embaixada da...\" \/>\n<meta property=\"og:url\" content=\"https:\/\/diariodepe.com.br\/xinhua\/2025\/05\/30\/instituto-confucio-de-liubliana-comemora-15o-aniversario\/\" \/>\n<meta property=\"og:site_name\" content=\"Xinhua - Diario de Pernambuco\" \/>\n<meta property=\"article:published_time\" content=\"2025-05-30T13:15:00+00:00\" \/>\n<meta property=\"og:image\" content=\"https:\/\/diariodepe.com.br\/xinhua\/wp-content\/uploads\/sites\/3\/2025\/05\/20250530b05b3ee6bc204357a6417b5685e8c35d_20250530efbfb220e94748989882aeb64b0dc4be.png\" \/>\n\t<meta property=\"og:image:width\" content=\"1020\" \/>\n\t<meta property=\"og:image:height\" content=\"680\" \/>\n\t<meta property=\"og:image:type\" content=\"image\/png\" \/>\n<meta name=\"author\" content=\"Marcelo Oliveira de A. Maranhao\" \/>\n<meta name=\"twitter:card\" content=\"summary_large_image\" \/>\n<meta name=\"twitter:label1\" content=\"Escrito por\" \/>\n\t<meta name=\"twitter:data1\" content=\"Marcelo Oliveira de A. Maranhao\" \/>\n\t<meta name=\"twitter:label2\" content=\"Est. tempo de leitura\" \/>\n\t<meta name=\"twitter:data2\" content=\"3 minutos\" \/>\n<script type=\"application\/ld+json\" class=\"yoast-schema-graph\">{\"@context\":\"https:\\\/\\\/schema.org\",\"@graph\":[{\"@type\":\"Article\",\"@id\":\"https:\\\/\\\/diariodepe.com.br\\\/xinhua\\\/2025\\\/05\\\/30\\\/instituto-confucio-de-liubliana-comemora-15o-aniversario\\\/#article\",\"isPartOf\":{\"@id\":\"https:\\\/\\\/diariodepe.com.br\\\/xinhua\\\/2025\\\/05\\\/30\\\/instituto-confucio-de-liubliana-comemora-15o-aniversario\\\/\"},\"author\":{\"name\":\"Marcelo Oliveira de A. Maranhao\",\"@id\":\"https:\\\/\\\/diariodepe.com.br\\\/xinhua\\\/#\\\/schema\\\/person\\\/0943d6fd02bdc7b49c8f495e8787a2cb\"},\"headline\":\"Instituto Conf\u00facio de Liubliana comemora 15\u00ba anivers\u00e1rio\",\"datePublished\":\"2025-05-30T13:15:00+00:00\",\"mainEntityOfPage\":{\"@id\":\"https:\\\/\\\/diariodepe.com.br\\\/xinhua\\\/2025\\\/05\\\/30\\\/instituto-confucio-de-liubliana-comemora-15o-aniversario\\\/\"},\"wordCount\":371,\"commentCount\":0,\"publisher\":{\"@id\":\"https:\\\/\\\/diariodepe.com.br\\\/xinhua\\\/#organization\"},\"image\":{\"@id\":\"https:\\\/\\\/diariodepe.com.br\\\/xinhua\\\/2025\\\/05\\\/30\\\/instituto-confucio-de-liubliana-comemora-15o-aniversario\\\/#primaryimage\"},\"thumbnailUrl\":\"https:\\\/\\\/diariodepe.com.br\\\/xinhua\\\/wp-content\\\/uploads\\\/sites\\\/3\\\/2025\\\/05\\\/20250530b05b3ee6bc204357a6417b5685e8c35d_20250530efbfb220e94748989882aeb64b0dc4be.png\",\"articleSection\":[\"Internacional\"],\"inLanguage\":\"pt-BR\",\"potentialAction\":[{\"@type\":\"CommentAction\",\"name\":\"Comment\",\"target\":[\"https:\\\/\\\/diariodepe.com.br\\\/xinhua\\\/2025\\\/05\\\/30\\\/instituto-confucio-de-liubliana-comemora-15o-aniversario\\\/#respond\"]}]},{\"@type\":\"WebPage\",\"@id\":\"https:\\\/\\\/diariodepe.com.br\\\/xinhua\\\/2025\\\/05\\\/30\\\/instituto-confucio-de-liubliana-comemora-15o-aniversario\\\/\",\"url\":\"https:\\\/\\\/diariodepe.com.br\\\/xinhua\\\/2025\\\/05\\\/30\\\/instituto-confucio-de-liubliana-comemora-15o-aniversario\\\/\",\"name\":\"Instituto Conf\u00facio de Liubliana comemora 15\u00ba anivers\u00e1rio - Xinhua - Diario de Pernambuco\",\"isPartOf\":{\"@id\":\"https:\\\/\\\/diariodepe.com.br\\\/xinhua\\\/#website\"},\"primaryImageOfPage\":{\"@id\":\"https:\\\/\\\/diariodepe.com.br\\\/xinhua\\\/2025\\\/05\\\/30\\\/instituto-confucio-de-liubliana-comemora-15o-aniversario\\\/#primaryimage\"},\"image\":{\"@id\":\"https:\\\/\\\/diariodepe.com.br\\\/xinhua\\\/2025\\\/05\\\/30\\\/instituto-confucio-de-liubliana-comemora-15o-aniversario\\\/#primaryimage\"},\"thumbnailUrl\":\"https:\\\/\\\/diariodepe.com.br\\\/xinhua\\\/wp-content\\\/uploads\\\/sites\\\/3\\\/2025\\\/05\\\/20250530b05b3ee6bc204357a6417b5685e8c35d_20250530efbfb220e94748989882aeb64b0dc4be.png\",\"datePublished\":\"2025-05-30T13:15:00+00:00\",\"breadcrumb\":{\"@id\":\"https:\\\/\\\/diariodepe.com.br\\\/xinhua\\\/2025\\\/05\\\/30\\\/instituto-confucio-de-liubliana-comemora-15o-aniversario\\\/#breadcrumb\"},\"inLanguage\":\"pt-BR\",\"potentialAction\":[{\"@type\":\"ReadAction\",\"target\":[\"https:\\\/\\\/diariodepe.com.br\\\/xinhua\\\/2025\\\/05\\\/30\\\/instituto-confucio-de-liubliana-comemora-15o-aniversario\\\/\"]}]},{\"@type\":\"ImageObject\",\"inLanguage\":\"pt-BR\",\"@id\":\"https:\\\/\\\/diariodepe.com.br\\\/xinhua\\\/2025\\\/05\\\/30\\\/instituto-confucio-de-liubliana-comemora-15o-aniversario\\\/#primaryimage\",\"url\":\"https:\\\/\\\/diariodepe.com.br\\\/xinhua\\\/wp-content\\\/uploads\\\/sites\\\/3\\\/2025\\\/05\\\/20250530b05b3ee6bc204357a6417b5685e8c35d_20250530efbfb220e94748989882aeb64b0dc4be.png\",\"contentUrl\":\"https:\\\/\\\/diariodepe.com.br\\\/xinhua\\\/wp-content\\\/uploads\\\/sites\\\/3\\\/2025\\\/05\\\/20250530b05b3ee6bc204357a6417b5685e8c35d_20250530efbfb220e94748989882aeb64b0dc4be.png\",\"width\":1020,\"height\":680},{\"@type\":\"BreadcrumbList\",\"@id\":\"https:\\\/\\\/diariodepe.com.br\\\/xinhua\\\/2025\\\/05\\\/30\\\/instituto-confucio-de-liubliana-comemora-15o-aniversario\\\/#breadcrumb\",\"itemListElement\":[{\"@type\":\"ListItem\",\"position\":1,\"name\":\"In\u00edcio\",\"item\":\"https:\\\/\\\/diariodepe.com.br\\\/xinhua\\\/\"},{\"@type\":\"ListItem\",\"position\":2,\"name\":\"Instituto Conf\u00facio de Liubliana comemora 15\u00ba anivers\u00e1rio\"}]},{\"@type\":\"WebSite\",\"@id\":\"https:\\\/\\\/diariodepe.com.br\\\/xinhua\\\/#website\",\"url\":\"https:\\\/\\\/diariodepe.com.br\\\/xinhua\\\/\",\"name\":\"Xinhua - Diario de Pernambuco\",\"description\":\"A maior ag\u00eancia de not\u00edcias da China e um dos principais canais para conhecer o pa\u00eds\",\"publisher\":{\"@id\":\"https:\\\/\\\/diariodepe.com.br\\\/xinhua\\\/#organization\"},\"potentialAction\":[{\"@type\":\"SearchAction\",\"target\":{\"@type\":\"EntryPoint\",\"urlTemplate\":\"https:\\\/\\\/diariodepe.com.br\\\/xinhua\\\/?s={search_term_string}\"},\"query-input\":{\"@type\":\"PropertyValueSpecification\",\"valueRequired\":true,\"valueName\":\"search_term_string\"}}],\"inLanguage\":\"pt-BR\"},{\"@type\":\"Organization\",\"@id\":\"https:\\\/\\\/diariodepe.com.br\\\/xinhua\\\/#organization\",\"name\":\"Xinhua - Diario de Pernambuco\",\"url\":\"https:\\\/\\\/diariodepe.com.br\\\/xinhua\\\/\",\"logo\":{\"@type\":\"ImageObject\",\"inLanguage\":\"pt-BR\",\"@id\":\"https:\\\/\\\/diariodepe.com.br\\\/xinhua\\\/#\\\/schema\\\/logo\\\/image\\\/\",\"url\":\"https:\\\/\\\/diariodepe.com.br\\\/xinhua\\\/wp-content\\\/uploads\\\/sites\\\/3\\\/2020\\\/10\\\/cropped-logo-transparente-2.png\",\"contentUrl\":\"https:\\\/\\\/diariodepe.com.br\\\/xinhua\\\/wp-content\\\/uploads\\\/sites\\\/3\\\/2020\\\/10\\\/cropped-logo-transparente-2.png\",\"width\":512,\"height\":164,\"caption\":\"Xinhua - Diario de Pernambuco\"},\"image\":{\"@id\":\"https:\\\/\\\/diariodepe.com.br\\\/xinhua\\\/#\\\/schema\\\/logo\\\/image\\\/\"}},{\"@type\":\"Person\",\"@id\":\"https:\\\/\\\/diariodepe.com.br\\\/xinhua\\\/#\\\/schema\\\/person\\\/0943d6fd02bdc7b49c8f495e8787a2cb\",\"name\":\"Marcelo Oliveira de A. Maranhao\",\"image\":{\"@type\":\"ImageObject\",\"inLanguage\":\"pt-BR\",\"@id\":\"https:\\\/\\\/secure.gravatar.com\\\/avatar\\\/f562caee940d39879c20e90eea3e4b21860c7d4c96684c23141c554824f0059c?s=96&d=mm&r=g\",\"url\":\"https:\\\/\\\/secure.gravatar.com\\\/avatar\\\/f562caee940d39879c20e90eea3e4b21860c7d4c96684c23141c554824f0059c?s=96&d=mm&r=g\",\"contentUrl\":\"https:\\\/\\\/secure.gravatar.com\\\/avatar\\\/f562caee940d39879c20e90eea3e4b21860c7d4c96684c23141c554824f0059c?s=96&d=mm&r=g\",\"caption\":\"Marcelo Oliveira de A. Maranhao\"},\"url\":\"https:\\\/\\\/diariodepe.com.br\\\/xinhua\\\/author\\\/marcelo-maranhao\\\/\"}]}<\/script>\n<!-- \/ Yoast SEO plugin. -->","yoast_head_json":{"title":"Instituto Conf\u00facio de Liubliana comemora 15\u00ba anivers\u00e1rio - Xinhua - Diario de Pernambuco","robots":{"index":"index","follow":"follow","max-snippet":"max-snippet:-1","max-image-preview":"max-image-preview:large","max-video-preview":"max-video-preview:-1"},"canonical":"https:\/\/diariodepe.com.br\/xinhua\/2025\/05\/30\/instituto-confucio-de-liubliana-comemora-15o-aniversario\/","og_locale":"pt_BR","og_type":"article","og_title":"Instituto Conf\u00facio de Liubliana comemora 15\u00ba anivers\u00e1rio - Xinhua - Diario de Pernambuco","og_description":"Liubliana \u2014 Mais de 100 convidados ilustres dos setores empresarial, educacional e cultural da China e da Eslov\u00eania se reuniram na ter\u00e7a-feira para comemorar o 15\u00ba anivers\u00e1rio do Instituto Conf\u00facio de Liubliana. Zhao Binghui, encarregado de neg\u00f3cios da Embaixada da...","og_url":"https:\/\/diariodepe.com.br\/xinhua\/2025\/05\/30\/instituto-confucio-de-liubliana-comemora-15o-aniversario\/","og_site_name":"Xinhua - Diario de Pernambuco","article_published_time":"2025-05-30T13:15:00+00:00","og_image":[{"width":1020,"height":680,"url":"https:\/\/diariodepe.com.br\/xinhua\/wp-content\/uploads\/sites\/3\/2025\/05\/20250530b05b3ee6bc204357a6417b5685e8c35d_20250530efbfb220e94748989882aeb64b0dc4be.png","type":"image\/png"}],"author":"Marcelo Oliveira de A. Maranhao","twitter_card":"summary_large_image","twitter_misc":{"Escrito por":"Marcelo Oliveira de A. Maranhao","Est. tempo de leitura":"3 minutos"},"schema":{"@context":"https:\/\/schema.org","@graph":[{"@type":"Article","@id":"https:\/\/diariodepe.com.br\/xinhua\/2025\/05\/30\/instituto-confucio-de-liubliana-comemora-15o-aniversario\/#article","isPartOf":{"@id":"https:\/\/diariodepe.com.br\/xinhua\/2025\/05\/30\/instituto-confucio-de-liubliana-comemora-15o-aniversario\/"},"author":{"name":"Marcelo Oliveira de A. Maranhao","@id":"https:\/\/diariodepe.com.br\/xinhua\/#\/schema\/person\/0943d6fd02bdc7b49c8f495e8787a2cb"},"headline":"Instituto Conf\u00facio de Liubliana comemora 15\u00ba anivers\u00e1rio","datePublished":"2025-05-30T13:15:00+00:00","mainEntityOfPage":{"@id":"https:\/\/diariodepe.com.br\/xinhua\/2025\/05\/30\/instituto-confucio-de-liubliana-comemora-15o-aniversario\/"},"wordCount":371,"commentCount":0,"publisher":{"@id":"https:\/\/diariodepe.com.br\/xinhua\/#organization"},"image":{"@id":"https:\/\/diariodepe.com.br\/xinhua\/2025\/05\/30\/instituto-confucio-de-liubliana-comemora-15o-aniversario\/#primaryimage"},"thumbnailUrl":"https:\/\/diariodepe.com.br\/xinhua\/wp-content\/uploads\/sites\/3\/2025\/05\/20250530b05b3ee6bc204357a6417b5685e8c35d_20250530efbfb220e94748989882aeb64b0dc4be.png","articleSection":["Internacional"],"inLanguage":"pt-BR","potentialAction":[{"@type":"CommentAction","name":"Comment","target":["https:\/\/diariodepe.com.br\/xinhua\/2025\/05\/30\/instituto-confucio-de-liubliana-comemora-15o-aniversario\/#respond"]}]},{"@type":"WebPage","@id":"https:\/\/diariodepe.com.br\/xinhua\/2025\/05\/30\/instituto-confucio-de-liubliana-comemora-15o-aniversario\/","url":"https:\/\/diariodepe.com.br\/xinhua\/2025\/05\/30\/instituto-confucio-de-liubliana-comemora-15o-aniversario\/","name":"Instituto Conf\u00facio de Liubliana comemora 15\u00ba anivers\u00e1rio - Xinhua - Diario de Pernambuco","isPartOf":{"@id":"https:\/\/diariodepe.com.br\/xinhua\/#website"},"primaryImageOfPage":{"@id":"https:\/\/diariodepe.com.br\/xinhua\/2025\/05\/30\/instituto-confucio-de-liubliana-comemora-15o-aniversario\/#primaryimage"},"image":{"@id":"https:\/\/diariodepe.com.br\/xinhua\/2025\/05\/30\/instituto-confucio-de-liubliana-comemora-15o-aniversario\/#primaryimage"},"thumbnailUrl":"https:\/\/diariodepe.com.br\/xinhua\/wp-content\/uploads\/sites\/3\/2025\/05\/20250530b05b3ee6bc204357a6417b5685e8c35d_20250530efbfb220e94748989882aeb64b0dc4be.png","datePublished":"2025-05-30T13:15:00+00:00","breadcrumb":{"@id":"https:\/\/diariodepe.com.br\/xinhua\/2025\/05\/30\/instituto-confucio-de-liubliana-comemora-15o-aniversario\/#breadcrumb"},"inLanguage":"pt-BR","potentialAction":[{"@type":"ReadAction","target":["https:\/\/diariodepe.com.br\/xinhua\/2025\/05\/30\/instituto-confucio-de-liubliana-comemora-15o-aniversario\/"]}]},{"@type":"ImageObject","inLanguage":"pt-BR","@id":"https:\/\/diariodepe.com.br\/xinhua\/2025\/05\/30\/instituto-confucio-de-liubliana-comemora-15o-aniversario\/#primaryimage","url":"https:\/\/diariodepe.com.br\/xinhua\/wp-content\/uploads\/sites\/3\/2025\/05\/20250530b05b3ee6bc204357a6417b5685e8c35d_20250530efbfb220e94748989882aeb64b0dc4be.png","contentUrl":"https:\/\/diariodepe.com.br\/xinhua\/wp-content\/uploads\/sites\/3\/2025\/05\/20250530b05b3ee6bc204357a6417b5685e8c35d_20250530efbfb220e94748989882aeb64b0dc4be.png","width":1020,"height":680},{"@type":"BreadcrumbList","@id":"https:\/\/diariodepe.com.br\/xinhua\/2025\/05\/30\/instituto-confucio-de-liubliana-comemora-15o-aniversario\/#breadcrumb","itemListElement":[{"@type":"ListItem","position":1,"name":"In\u00edcio","item":"https:\/\/diariodepe.com.br\/xinhua\/"},{"@type":"ListItem","position":2,"name":"Instituto Conf\u00facio de Liubliana comemora 15\u00ba anivers\u00e1rio"}]},{"@type":"WebSite","@id":"https:\/\/diariodepe.com.br\/xinhua\/#website","url":"https:\/\/diariodepe.com.br\/xinhua\/","name":"Xinhua - Diario de Pernambuco","description":"A maior ag\u00eancia de not\u00edcias da China e um dos principais canais para conhecer o pa\u00eds","publisher":{"@id":"https:\/\/diariodepe.com.br\/xinhua\/#organization"},"potentialAction":[{"@type":"SearchAction","target":{"@type":"EntryPoint","urlTemplate":"https:\/\/diariodepe.com.br\/xinhua\/?s={search_term_string}"},"query-input":{"@type":"PropertyValueSpecification","valueRequired":true,"valueName":"search_term_string"}}],"inLanguage":"pt-BR"},{"@type":"Organization","@id":"https:\/\/diariodepe.com.br\/xinhua\/#organization","name":"Xinhua - Diario de Pernambuco","url":"https:\/\/diariodepe.com.br\/xinhua\/","logo":{"@type":"ImageObject","inLanguage":"pt-BR","@id":"https:\/\/diariodepe.com.br\/xinhua\/#\/schema\/logo\/image\/","url":"https:\/\/diariodepe.com.br\/xinhua\/wp-content\/uploads\/sites\/3\/2020\/10\/cropped-logo-transparente-2.png","contentUrl":"https:\/\/diariodepe.com.br\/xinhua\/wp-content\/uploads\/sites\/3\/2020\/10\/cropped-logo-transparente-2.png","width":512,"height":164,"caption":"Xinhua - Diario de Pernambuco"},"image":{"@id":"https:\/\/diariodepe.com.br\/xinhua\/#\/schema\/logo\/image\/"}},{"@type":"Person","@id":"https:\/\/diariodepe.com.br\/xinhua\/#\/schema\/person\/0943d6fd02bdc7b49c8f495e8787a2cb","name":"Marcelo Oliveira de A. Maranhao","image":{"@type":"ImageObject","inLanguage":"pt-BR","@id":"https:\/\/secure.gravatar.com\/avatar\/f562caee940d39879c20e90eea3e4b21860c7d4c96684c23141c554824f0059c?s=96&d=mm&r=g","url":"https:\/\/secure.gravatar.com\/avatar\/f562caee940d39879c20e90eea3e4b21860c7d4c96684c23141c554824f0059c?s=96&d=mm&r=g","contentUrl":"https:\/\/secure.gravatar.com\/avatar\/f562caee940d39879c20e90eea3e4b21860c7d4c96684c23141c554824f0059c?s=96&d=mm&r=g","caption":"Marcelo Oliveira de A. Maranhao"},"url":"https:\/\/diariodepe.com.br\/xinhua\/author\/marcelo-maranhao\/"}]}},"cc_featured_image_caption":{"caption_text":"","source_text":"","source_url":""},"amp_enabled":true,"_links":{"self":[{"href":"https:\/\/diariodepe.com.br\/xinhua\/wp-json\/wp\/v2\/posts\/26218","targetHints":{"allow":["GET"]}}],"collection":[{"href":"https:\/\/diariodepe.com.br\/xinhua\/wp-json\/wp\/v2\/posts"}],"about":[{"href":"https:\/\/diariodepe.com.br\/xinhua\/wp-json\/wp\/v2\/types\/post"}],"author":[{"embeddable":true,"href":"https:\/\/diariodepe.com.br\/xinhua\/wp-json\/wp\/v2\/users\/3"}],"replies":[{"embeddable":true,"href":"https:\/\/diariodepe.com.br\/xinhua\/wp-json\/wp\/v2\/comments?post=26218"}],"version-history":[{"count":1,"href":"https:\/\/diariodepe.com.br\/xinhua\/wp-json\/wp\/v2\/posts\/26218\/revisions"}],"predecessor-version":[{"id":26220,"href":"https:\/\/diariodepe.com.br\/xinhua\/wp-json\/wp\/v2\/posts\/26218\/revisions\/26220"}],"wp:featuredmedia":[{"embeddable":true,"href":"https:\/\/diariodepe.com.br\/xinhua\/wp-json\/wp\/v2\/media\/26219"}],"wp:attachment":[{"href":"https:\/\/diariodepe.com.br\/xinhua\/wp-json\/wp\/v2\/media?parent=26218"}],"wp:term":[{"taxonomy":"category","embeddable":true,"href":"https:\/\/diariodepe.com.br\/xinhua\/wp-json\/wp\/v2\/categories?post=26218"},{"taxonomy":"post_tag","embeddable":true,"href":"https:\/\/diariodepe.com.br\/xinhua\/wp-json\/wp\/v2\/tags?post=26218"}],"curies":[{"name":"wp","href":"https:\/\/api.w.org\/{rel}","templated":true}]}}