{"id":26208,"date":"2025-05-29T18:11:00","date_gmt":"2025-05-29T21:11:00","guid":{"rendered":"https:\/\/www.diariodepe.com.br\/xinhua\/?p=26208"},"modified":"2025-05-29T10:40:34","modified_gmt":"2025-05-29T13:40:34","slug":"9o-festival-internacional-do-patrimonio-cultural-imaterial-comeca-em-chengdu","status":"publish","type":"post","link":"https:\/\/diariodepe.com.br\/xinhua\/2025\/05\/29\/9o-festival-internacional-do-patrimonio-cultural-imaterial-comeca-em-chengdu\/","title":{"rendered":"9\u00ba Festival Internacional do Patrim\u00f4nio Cultural Imaterial come\u00e7a em Chengdu"},"content":{"rendered":"\n<figure class=\"wp-block-image\"><img decoding=\"async\" src=\"https:\/\/portuguese.news.cn\/20250529\/e1c2715b629d4abcaa89fc73c92d9747\/20250529e1c2715b629d4abcaa89fc73c92d9747_202505293b2bafdbb54448c6be9ed0dd871d2628.jpeg\" alt=\"\"\/><\/figure>\n\n\n\n<p>(Xinhua\/Xu Bingjie)<\/p>\n\n\n\n<figure class=\"wp-block-image\"><img decoding=\"async\" src=\"https:\/\/portuguese.news.cn\/20250529\/e1c2715b629d4abcaa89fc73c92d9747\/20250529e1c2715b629d4abcaa89fc73c92d9747_20250529acbb6b06b4c84dd1aaaa2e1b9ef37e1e.jpeg\" alt=\"\"\/><\/figure>\n\n\n\n<p>(Xinhua\/Xu Bingjie)<\/p>\n\n\n\n<figure class=\"wp-block-image\"><img decoding=\"async\" src=\"https:\/\/portuguese.news.cn\/20250529\/e1c2715b629d4abcaa89fc73c92d9747\/20250529e1c2715b629d4abcaa89fc73c92d9747_202505299b4ca7202f104ac186a48b04fba6bb99.jpeg\" alt=\"\"\/><\/figure>\n\n\n\n<p>(Xinhua\/Xu Bingjie)<\/p>\n\n\n\n<figure class=\"wp-block-image\"><img decoding=\"async\" src=\"https:\/\/portuguese.news.cn\/20250529\/e1c2715b629d4abcaa89fc73c92d9747\/20250529e1c2715b629d4abcaa89fc73c92d9747_202505296b6a649a6c6b4a8d85d5461273614e09.jpeg\" alt=\"\"\/><\/figure>\n\n\n\n<p>(Xinhua\/Xu Bingjie)<\/p>\n\n\n\n<figure class=\"wp-block-image\"><img decoding=\"async\" src=\"https:\/\/portuguese.news.cn\/20250529\/e1c2715b629d4abcaa89fc73c92d9747\/20250529e1c2715b629d4abcaa89fc73c92d9747_202505293fd4a637d5ec45e3995be783b18c5642.jpeg\" alt=\"\"\/><\/figure>\n\n\n\n<p>(Xinhua\/Xu Bingjie)<\/p>\n\n\n\n<figure class=\"wp-block-image\"><img decoding=\"async\" src=\"https:\/\/portuguese.news.cn\/20250529\/e1c2715b629d4abcaa89fc73c92d9747\/20250529e1c2715b629d4abcaa89fc73c92d9747_20250529b825369d816448a492c0af6dd23c7085.jpeg\" alt=\"\"\/><\/figure>\n\n\n\n<p>(Xinhua\/Xu Bingjie)<\/p>\n\n\n\n<figure class=\"wp-block-image\"><img decoding=\"async\" src=\"https:\/\/portuguese.news.cn\/20250529\/e1c2715b629d4abcaa89fc73c92d9747\/20250529e1c2715b629d4abcaa89fc73c92d9747_20250529399d741906904138bafd313d57b81709.jpeg\" alt=\"\"\/><\/figure>\n\n\n\n<p>(Xinhua\/Xu Bingjie)<\/p>\n\n\n\n<figure class=\"wp-block-image\"><img decoding=\"async\" src=\"https:\/\/portuguese.news.cn\/20250529\/e1c2715b629d4abcaa89fc73c92d9747\/20250529e1c2715b629d4abcaa89fc73c92d9747_2025052905fdfe1cfcdf40578101e2be2084cc3d.jpeg\" alt=\"\"\/><\/figure>\n\n\n\n<p>(Xinhua\/Xu Bingjie)<\/p>\n\n\n\n<figure class=\"wp-block-image\"><img decoding=\"async\" src=\"https:\/\/portuguese.news.cn\/20250529\/e1c2715b629d4abcaa89fc73c92d9747\/20250529e1c2715b629d4abcaa89fc73c92d9747_2025052953ff4466b7ec4bcab24929a664a021c4.jpeg\" alt=\"\"\/><\/figure>\n\n\n\n<p>(Xinhua\/Xu Bingjie)<\/p>\n","protected":false},"excerpt":{"rendered":"<p>(Xinhua\/Xu Bingjie) (Xinhua\/Xu Bingjie) (Xinhua\/Xu Bingjie) (Xinhua\/Xu Bingjie) (Xinhua\/Xu Bingjie) (Xinhua\/Xu Bingjie) (Xinhua\/Xu Bingjie) (Xinhua\/Xu Bingjie) (Xinhua\/Xu Bingjie)<\/p>\n","protected":false},"author":3,"featured_media":26209,"comment_status":"open","ping_status":"open","sticky":false,"template":"","format":"standard","meta":{"footnotes":""},"categories":[6],"tags":[],"class_list":["post-26208","post","type-post","status-publish","format-standard","has-post-thumbnail","hentry","category-cultura-tecnologia"],"yoast_head":"<!-- This site is optimized with the Yoast SEO plugin v27.4 - https:\/\/yoast.com\/product\/yoast-seo-wordpress\/ -->\n<title>9\u00ba Festival Internacional do Patrim\u00f4nio Cultural Imaterial come\u00e7a em Chengdu - Xinhua - Diario de Pernambuco<\/title>\n<meta name=\"robots\" content=\"index, follow, max-snippet:-1, max-image-preview:large, max-video-preview:-1\" \/>\n<link rel=\"canonical\" href=\"https:\/\/diariodepe.com.br\/xinhua\/2025\/05\/29\/9o-festival-internacional-do-patrimonio-cultural-imaterial-comeca-em-chengdu\/\" \/>\n<meta property=\"og:locale\" content=\"pt_BR\" \/>\n<meta property=\"og:type\" content=\"article\" \/>\n<meta property=\"og:title\" content=\"9\u00ba Festival Internacional do Patrim\u00f4nio Cultural Imaterial come\u00e7a em Chengdu - Xinhua - Diario de Pernambuco\" \/>\n<meta property=\"og:description\" content=\"(Xinhua\/Xu Bingjie) (Xinhua\/Xu Bingjie) (Xinhua\/Xu Bingjie) (Xinhua\/Xu Bingjie) (Xinhua\/Xu Bingjie) (Xinhua\/Xu Bingjie) (Xinhua\/Xu Bingjie) (Xinhua\/Xu Bingjie) (Xinhua\/Xu Bingjie)\" \/>\n<meta property=\"og:url\" content=\"https:\/\/diariodepe.com.br\/xinhua\/2025\/05\/29\/9o-festival-internacional-do-patrimonio-cultural-imaterial-comeca-em-chengdu\/\" \/>\n<meta property=\"og:site_name\" content=\"Xinhua - Diario de Pernambuco\" \/>\n<meta property=\"article:published_time\" content=\"2025-05-29T21:11:00+00:00\" \/>\n<meta property=\"og:image\" content=\"https:\/\/diariodepe.com.br\/xinhua\/wp-content\/uploads\/sites\/3\/2025\/05\/20250529e1c2715b629d4abcaa89fc73c92d9747_20250529811a11a7b55044e2b5c4d533a62861d3.png\" \/>\n\t<meta property=\"og:image:width\" content=\"1002\" \/>\n\t<meta property=\"og:image:height\" content=\"668\" \/>\n\t<meta property=\"og:image:type\" content=\"image\/png\" \/>\n<meta name=\"author\" content=\"Marcelo Oliveira de A. Maranhao\" \/>\n<meta name=\"twitter:card\" content=\"summary_large_image\" \/>\n<meta name=\"twitter:label1\" content=\"Escrito por\" \/>\n\t<meta name=\"twitter:data1\" content=\"Marcelo Oliveira de A. Maranhao\" \/>\n\t<meta name=\"twitter:label2\" content=\"Est. tempo de leitura\" \/>\n\t<meta name=\"twitter:data2\" content=\"2 minutos\" \/>\n<script type=\"application\/ld+json\" class=\"yoast-schema-graph\">{\"@context\":\"https:\\\/\\\/schema.org\",\"@graph\":[{\"@type\":\"Article\",\"@id\":\"https:\\\/\\\/diariodepe.com.br\\\/xinhua\\\/2025\\\/05\\\/29\\\/9o-festival-internacional-do-patrimonio-cultural-imaterial-comeca-em-chengdu\\\/#article\",\"isPartOf\":{\"@id\":\"https:\\\/\\\/diariodepe.com.br\\\/xinhua\\\/2025\\\/05\\\/29\\\/9o-festival-internacional-do-patrimonio-cultural-imaterial-comeca-em-chengdu\\\/\"},\"author\":{\"name\":\"Marcelo Oliveira de A. Maranhao\",\"@id\":\"https:\\\/\\\/diariodepe.com.br\\\/xinhua\\\/#\\\/schema\\\/person\\\/0943d6fd02bdc7b49c8f495e8787a2cb\"},\"headline\":\"9\u00ba Festival Internacional do Patrim\u00f4nio Cultural Imaterial come\u00e7a em Chengdu\",\"datePublished\":\"2025-05-29T21:11:00+00:00\",\"mainEntityOfPage\":{\"@id\":\"https:\\\/\\\/diariodepe.com.br\\\/xinhua\\\/2025\\\/05\\\/29\\\/9o-festival-internacional-do-patrimonio-cultural-imaterial-comeca-em-chengdu\\\/\"},\"wordCount\":38,\"commentCount\":0,\"publisher\":{\"@id\":\"https:\\\/\\\/diariodepe.com.br\\\/xinhua\\\/#organization\"},\"image\":{\"@id\":\"https:\\\/\\\/diariodepe.com.br\\\/xinhua\\\/2025\\\/05\\\/29\\\/9o-festival-internacional-do-patrimonio-cultural-imaterial-comeca-em-chengdu\\\/#primaryimage\"},\"thumbnailUrl\":\"https:\\\/\\\/diariodepe.com.br\\\/xinhua\\\/wp-content\\\/uploads\\\/sites\\\/3\\\/2025\\\/05\\\/20250529e1c2715b629d4abcaa89fc73c92d9747_20250529811a11a7b55044e2b5c4d533a62861d3.png\",\"articleSection\":[\"Cultura \\\/ Tecnologia\"],\"inLanguage\":\"pt-BR\",\"potentialAction\":[{\"@type\":\"CommentAction\",\"name\":\"Comment\",\"target\":[\"https:\\\/\\\/diariodepe.com.br\\\/xinhua\\\/2025\\\/05\\\/29\\\/9o-festival-internacional-do-patrimonio-cultural-imaterial-comeca-em-chengdu\\\/#respond\"]}]},{\"@type\":\"WebPage\",\"@id\":\"https:\\\/\\\/diariodepe.com.br\\\/xinhua\\\/2025\\\/05\\\/29\\\/9o-festival-internacional-do-patrimonio-cultural-imaterial-comeca-em-chengdu\\\/\",\"url\":\"https:\\\/\\\/diariodepe.com.br\\\/xinhua\\\/2025\\\/05\\\/29\\\/9o-festival-internacional-do-patrimonio-cultural-imaterial-comeca-em-chengdu\\\/\",\"name\":\"9\u00ba Festival Internacional do Patrim\u00f4nio Cultural Imaterial come\u00e7a em Chengdu - Xinhua - Diario de Pernambuco\",\"isPartOf\":{\"@id\":\"https:\\\/\\\/diariodepe.com.br\\\/xinhua\\\/#website\"},\"primaryImageOfPage\":{\"@id\":\"https:\\\/\\\/diariodepe.com.br\\\/xinhua\\\/2025\\\/05\\\/29\\\/9o-festival-internacional-do-patrimonio-cultural-imaterial-comeca-em-chengdu\\\/#primaryimage\"},\"image\":{\"@id\":\"https:\\\/\\\/diariodepe.com.br\\\/xinhua\\\/2025\\\/05\\\/29\\\/9o-festival-internacional-do-patrimonio-cultural-imaterial-comeca-em-chengdu\\\/#primaryimage\"},\"thumbnailUrl\":\"https:\\\/\\\/diariodepe.com.br\\\/xinhua\\\/wp-content\\\/uploads\\\/sites\\\/3\\\/2025\\\/05\\\/20250529e1c2715b629d4abcaa89fc73c92d9747_20250529811a11a7b55044e2b5c4d533a62861d3.png\",\"datePublished\":\"2025-05-29T21:11:00+00:00\",\"breadcrumb\":{\"@id\":\"https:\\\/\\\/diariodepe.com.br\\\/xinhua\\\/2025\\\/05\\\/29\\\/9o-festival-internacional-do-patrimonio-cultural-imaterial-comeca-em-chengdu\\\/#breadcrumb\"},\"inLanguage\":\"pt-BR\",\"potentialAction\":[{\"@type\":\"ReadAction\",\"target\":[\"https:\\\/\\\/diariodepe.com.br\\\/xinhua\\\/2025\\\/05\\\/29\\\/9o-festival-internacional-do-patrimonio-cultural-imaterial-comeca-em-chengdu\\\/\"]}]},{\"@type\":\"ImageObject\",\"inLanguage\":\"pt-BR\",\"@id\":\"https:\\\/\\\/diariodepe.com.br\\\/xinhua\\\/2025\\\/05\\\/29\\\/9o-festival-internacional-do-patrimonio-cultural-imaterial-comeca-em-chengdu\\\/#primaryimage\",\"url\":\"https:\\\/\\\/diariodepe.com.br\\\/xinhua\\\/wp-content\\\/uploads\\\/sites\\\/3\\\/2025\\\/05\\\/20250529e1c2715b629d4abcaa89fc73c92d9747_20250529811a11a7b55044e2b5c4d533a62861d3.png\",\"contentUrl\":\"https:\\\/\\\/diariodepe.com.br\\\/xinhua\\\/wp-content\\\/uploads\\\/sites\\\/3\\\/2025\\\/05\\\/20250529e1c2715b629d4abcaa89fc73c92d9747_20250529811a11a7b55044e2b5c4d533a62861d3.png\",\"width\":1002,\"height\":668},{\"@type\":\"BreadcrumbList\",\"@id\":\"https:\\\/\\\/diariodepe.com.br\\\/xinhua\\\/2025\\\/05\\\/29\\\/9o-festival-internacional-do-patrimonio-cultural-imaterial-comeca-em-chengdu\\\/#breadcrumb\",\"itemListElement\":[{\"@type\":\"ListItem\",\"position\":1,\"name\":\"In\u00edcio\",\"item\":\"https:\\\/\\\/diariodepe.com.br\\\/xinhua\\\/\"},{\"@type\":\"ListItem\",\"position\":2,\"name\":\"9\u00ba Festival Internacional do Patrim\u00f4nio Cultural Imaterial come\u00e7a em Chengdu\"}]},{\"@type\":\"WebSite\",\"@id\":\"https:\\\/\\\/diariodepe.com.br\\\/xinhua\\\/#website\",\"url\":\"https:\\\/\\\/diariodepe.com.br\\\/xinhua\\\/\",\"name\":\"Xinhua - Diario de Pernambuco\",\"description\":\"A maior ag\u00eancia de not\u00edcias da China e um dos principais canais para conhecer o pa\u00eds\",\"publisher\":{\"@id\":\"https:\\\/\\\/diariodepe.com.br\\\/xinhua\\\/#organization\"},\"potentialAction\":[{\"@type\":\"SearchAction\",\"target\":{\"@type\":\"EntryPoint\",\"urlTemplate\":\"https:\\\/\\\/diariodepe.com.br\\\/xinhua\\\/?s={search_term_string}\"},\"query-input\":{\"@type\":\"PropertyValueSpecification\",\"valueRequired\":true,\"valueName\":\"search_term_string\"}}],\"inLanguage\":\"pt-BR\"},{\"@type\":\"Organization\",\"@id\":\"https:\\\/\\\/diariodepe.com.br\\\/xinhua\\\/#organization\",\"name\":\"Xinhua - Diario de Pernambuco\",\"url\":\"https:\\\/\\\/diariodepe.com.br\\\/xinhua\\\/\",\"logo\":{\"@type\":\"ImageObject\",\"inLanguage\":\"pt-BR\",\"@id\":\"https:\\\/\\\/diariodepe.com.br\\\/xinhua\\\/#\\\/schema\\\/logo\\\/image\\\/\",\"url\":\"https:\\\/\\\/diariodepe.com.br\\\/xinhua\\\/wp-content\\\/uploads\\\/sites\\\/3\\\/2020\\\/10\\\/cropped-logo-transparente-2.png\",\"contentUrl\":\"https:\\\/\\\/diariodepe.com.br\\\/xinhua\\\/wp-content\\\/uploads\\\/sites\\\/3\\\/2020\\\/10\\\/cropped-logo-transparente-2.png\",\"width\":512,\"height\":164,\"caption\":\"Xinhua - Diario de Pernambuco\"},\"image\":{\"@id\":\"https:\\\/\\\/diariodepe.com.br\\\/xinhua\\\/#\\\/schema\\\/logo\\\/image\\\/\"}},{\"@type\":\"Person\",\"@id\":\"https:\\\/\\\/diariodepe.com.br\\\/xinhua\\\/#\\\/schema\\\/person\\\/0943d6fd02bdc7b49c8f495e8787a2cb\",\"name\":\"Marcelo Oliveira de A. Maranhao\",\"image\":{\"@type\":\"ImageObject\",\"inLanguage\":\"pt-BR\",\"@id\":\"https:\\\/\\\/secure.gravatar.com\\\/avatar\\\/f562caee940d39879c20e90eea3e4b21860c7d4c96684c23141c554824f0059c?s=96&d=mm&r=g\",\"url\":\"https:\\\/\\\/secure.gravatar.com\\\/avatar\\\/f562caee940d39879c20e90eea3e4b21860c7d4c96684c23141c554824f0059c?s=96&d=mm&r=g\",\"contentUrl\":\"https:\\\/\\\/secure.gravatar.com\\\/avatar\\\/f562caee940d39879c20e90eea3e4b21860c7d4c96684c23141c554824f0059c?s=96&d=mm&r=g\",\"caption\":\"Marcelo Oliveira de A. Maranhao\"},\"url\":\"https:\\\/\\\/diariodepe.com.br\\\/xinhua\\\/author\\\/marcelo-maranhao\\\/\"}]}<\/script>\n<!-- \/ Yoast SEO plugin. -->","yoast_head_json":{"title":"9\u00ba Festival Internacional do Patrim\u00f4nio Cultural Imaterial come\u00e7a em Chengdu - Xinhua - Diario de Pernambuco","robots":{"index":"index","follow":"follow","max-snippet":"max-snippet:-1","max-image-preview":"max-image-preview:large","max-video-preview":"max-video-preview:-1"},"canonical":"https:\/\/diariodepe.com.br\/xinhua\/2025\/05\/29\/9o-festival-internacional-do-patrimonio-cultural-imaterial-comeca-em-chengdu\/","og_locale":"pt_BR","og_type":"article","og_title":"9\u00ba Festival Internacional do Patrim\u00f4nio Cultural Imaterial come\u00e7a em Chengdu - Xinhua - Diario de Pernambuco","og_description":"(Xinhua\/Xu Bingjie) (Xinhua\/Xu Bingjie) (Xinhua\/Xu Bingjie) (Xinhua\/Xu Bingjie) (Xinhua\/Xu Bingjie) (Xinhua\/Xu Bingjie) (Xinhua\/Xu Bingjie) (Xinhua\/Xu Bingjie) (Xinhua\/Xu Bingjie)","og_url":"https:\/\/diariodepe.com.br\/xinhua\/2025\/05\/29\/9o-festival-internacional-do-patrimonio-cultural-imaterial-comeca-em-chengdu\/","og_site_name":"Xinhua - Diario de Pernambuco","article_published_time":"2025-05-29T21:11:00+00:00","og_image":[{"width":1002,"height":668,"url":"https:\/\/diariodepe.com.br\/xinhua\/wp-content\/uploads\/sites\/3\/2025\/05\/20250529e1c2715b629d4abcaa89fc73c92d9747_20250529811a11a7b55044e2b5c4d533a62861d3.png","type":"image\/png"}],"author":"Marcelo Oliveira de A. Maranhao","twitter_card":"summary_large_image","twitter_misc":{"Escrito por":"Marcelo Oliveira de A. Maranhao","Est. tempo de leitura":"2 minutos"},"schema":{"@context":"https:\/\/schema.org","@graph":[{"@type":"Article","@id":"https:\/\/diariodepe.com.br\/xinhua\/2025\/05\/29\/9o-festival-internacional-do-patrimonio-cultural-imaterial-comeca-em-chengdu\/#article","isPartOf":{"@id":"https:\/\/diariodepe.com.br\/xinhua\/2025\/05\/29\/9o-festival-internacional-do-patrimonio-cultural-imaterial-comeca-em-chengdu\/"},"author":{"name":"Marcelo Oliveira de A. Maranhao","@id":"https:\/\/diariodepe.com.br\/xinhua\/#\/schema\/person\/0943d6fd02bdc7b49c8f495e8787a2cb"},"headline":"9\u00ba Festival Internacional do Patrim\u00f4nio Cultural Imaterial come\u00e7a em Chengdu","datePublished":"2025-05-29T21:11:00+00:00","mainEntityOfPage":{"@id":"https:\/\/diariodepe.com.br\/xinhua\/2025\/05\/29\/9o-festival-internacional-do-patrimonio-cultural-imaterial-comeca-em-chengdu\/"},"wordCount":38,"commentCount":0,"publisher":{"@id":"https:\/\/diariodepe.com.br\/xinhua\/#organization"},"image":{"@id":"https:\/\/diariodepe.com.br\/xinhua\/2025\/05\/29\/9o-festival-internacional-do-patrimonio-cultural-imaterial-comeca-em-chengdu\/#primaryimage"},"thumbnailUrl":"https:\/\/diariodepe.com.br\/xinhua\/wp-content\/uploads\/sites\/3\/2025\/05\/20250529e1c2715b629d4abcaa89fc73c92d9747_20250529811a11a7b55044e2b5c4d533a62861d3.png","articleSection":["Cultura \/ Tecnologia"],"inLanguage":"pt-BR","potentialAction":[{"@type":"CommentAction","name":"Comment","target":["https:\/\/diariodepe.com.br\/xinhua\/2025\/05\/29\/9o-festival-internacional-do-patrimonio-cultural-imaterial-comeca-em-chengdu\/#respond"]}]},{"@type":"WebPage","@id":"https:\/\/diariodepe.com.br\/xinhua\/2025\/05\/29\/9o-festival-internacional-do-patrimonio-cultural-imaterial-comeca-em-chengdu\/","url":"https:\/\/diariodepe.com.br\/xinhua\/2025\/05\/29\/9o-festival-internacional-do-patrimonio-cultural-imaterial-comeca-em-chengdu\/","name":"9\u00ba Festival Internacional do Patrim\u00f4nio Cultural Imaterial come\u00e7a em Chengdu - Xinhua - Diario de Pernambuco","isPartOf":{"@id":"https:\/\/diariodepe.com.br\/xinhua\/#website"},"primaryImageOfPage":{"@id":"https:\/\/diariodepe.com.br\/xinhua\/2025\/05\/29\/9o-festival-internacional-do-patrimonio-cultural-imaterial-comeca-em-chengdu\/#primaryimage"},"image":{"@id":"https:\/\/diariodepe.com.br\/xinhua\/2025\/05\/29\/9o-festival-internacional-do-patrimonio-cultural-imaterial-comeca-em-chengdu\/#primaryimage"},"thumbnailUrl":"https:\/\/diariodepe.com.br\/xinhua\/wp-content\/uploads\/sites\/3\/2025\/05\/20250529e1c2715b629d4abcaa89fc73c92d9747_20250529811a11a7b55044e2b5c4d533a62861d3.png","datePublished":"2025-05-29T21:11:00+00:00","breadcrumb":{"@id":"https:\/\/diariodepe.com.br\/xinhua\/2025\/05\/29\/9o-festival-internacional-do-patrimonio-cultural-imaterial-comeca-em-chengdu\/#breadcrumb"},"inLanguage":"pt-BR","potentialAction":[{"@type":"ReadAction","target":["https:\/\/diariodepe.com.br\/xinhua\/2025\/05\/29\/9o-festival-internacional-do-patrimonio-cultural-imaterial-comeca-em-chengdu\/"]}]},{"@type":"ImageObject","inLanguage":"pt-BR","@id":"https:\/\/diariodepe.com.br\/xinhua\/2025\/05\/29\/9o-festival-internacional-do-patrimonio-cultural-imaterial-comeca-em-chengdu\/#primaryimage","url":"https:\/\/diariodepe.com.br\/xinhua\/wp-content\/uploads\/sites\/3\/2025\/05\/20250529e1c2715b629d4abcaa89fc73c92d9747_20250529811a11a7b55044e2b5c4d533a62861d3.png","contentUrl":"https:\/\/diariodepe.com.br\/xinhua\/wp-content\/uploads\/sites\/3\/2025\/05\/20250529e1c2715b629d4abcaa89fc73c92d9747_20250529811a11a7b55044e2b5c4d533a62861d3.png","width":1002,"height":668},{"@type":"BreadcrumbList","@id":"https:\/\/diariodepe.com.br\/xinhua\/2025\/05\/29\/9o-festival-internacional-do-patrimonio-cultural-imaterial-comeca-em-chengdu\/#breadcrumb","itemListElement":[{"@type":"ListItem","position":1,"name":"In\u00edcio","item":"https:\/\/diariodepe.com.br\/xinhua\/"},{"@type":"ListItem","position":2,"name":"9\u00ba Festival Internacional do Patrim\u00f4nio Cultural Imaterial come\u00e7a em Chengdu"}]},{"@type":"WebSite","@id":"https:\/\/diariodepe.com.br\/xinhua\/#website","url":"https:\/\/diariodepe.com.br\/xinhua\/","name":"Xinhua - Diario de Pernambuco","description":"A maior ag\u00eancia de not\u00edcias da China e um dos principais canais para conhecer o pa\u00eds","publisher":{"@id":"https:\/\/diariodepe.com.br\/xinhua\/#organization"},"potentialAction":[{"@type":"SearchAction","target":{"@type":"EntryPoint","urlTemplate":"https:\/\/diariodepe.com.br\/xinhua\/?s={search_term_string}"},"query-input":{"@type":"PropertyValueSpecification","valueRequired":true,"valueName":"search_term_string"}}],"inLanguage":"pt-BR"},{"@type":"Organization","@id":"https:\/\/diariodepe.com.br\/xinhua\/#organization","name":"Xinhua - Diario de Pernambuco","url":"https:\/\/diariodepe.com.br\/xinhua\/","logo":{"@type":"ImageObject","inLanguage":"pt-BR","@id":"https:\/\/diariodepe.com.br\/xinhua\/#\/schema\/logo\/image\/","url":"https:\/\/diariodepe.com.br\/xinhua\/wp-content\/uploads\/sites\/3\/2020\/10\/cropped-logo-transparente-2.png","contentUrl":"https:\/\/diariodepe.com.br\/xinhua\/wp-content\/uploads\/sites\/3\/2020\/10\/cropped-logo-transparente-2.png","width":512,"height":164,"caption":"Xinhua - Diario de Pernambuco"},"image":{"@id":"https:\/\/diariodepe.com.br\/xinhua\/#\/schema\/logo\/image\/"}},{"@type":"Person","@id":"https:\/\/diariodepe.com.br\/xinhua\/#\/schema\/person\/0943d6fd02bdc7b49c8f495e8787a2cb","name":"Marcelo Oliveira de A. Maranhao","image":{"@type":"ImageObject","inLanguage":"pt-BR","@id":"https:\/\/secure.gravatar.com\/avatar\/f562caee940d39879c20e90eea3e4b21860c7d4c96684c23141c554824f0059c?s=96&d=mm&r=g","url":"https:\/\/secure.gravatar.com\/avatar\/f562caee940d39879c20e90eea3e4b21860c7d4c96684c23141c554824f0059c?s=96&d=mm&r=g","contentUrl":"https:\/\/secure.gravatar.com\/avatar\/f562caee940d39879c20e90eea3e4b21860c7d4c96684c23141c554824f0059c?s=96&d=mm&r=g","caption":"Marcelo Oliveira de A. Maranhao"},"url":"https:\/\/diariodepe.com.br\/xinhua\/author\/marcelo-maranhao\/"}]}},"cc_featured_image_caption":{"caption_text":"","source_text":"","source_url":""},"amp_enabled":true,"_links":{"self":[{"href":"https:\/\/diariodepe.com.br\/xinhua\/wp-json\/wp\/v2\/posts\/26208","targetHints":{"allow":["GET"]}}],"collection":[{"href":"https:\/\/diariodepe.com.br\/xinhua\/wp-json\/wp\/v2\/posts"}],"about":[{"href":"https:\/\/diariodepe.com.br\/xinhua\/wp-json\/wp\/v2\/types\/post"}],"author":[{"embeddable":true,"href":"https:\/\/diariodepe.com.br\/xinhua\/wp-json\/wp\/v2\/users\/3"}],"replies":[{"embeddable":true,"href":"https:\/\/diariodepe.com.br\/xinhua\/wp-json\/wp\/v2\/comments?post=26208"}],"version-history":[{"count":1,"href":"https:\/\/diariodepe.com.br\/xinhua\/wp-json\/wp\/v2\/posts\/26208\/revisions"}],"predecessor-version":[{"id":26210,"href":"https:\/\/diariodepe.com.br\/xinhua\/wp-json\/wp\/v2\/posts\/26208\/revisions\/26210"}],"wp:featuredmedia":[{"embeddable":true,"href":"https:\/\/diariodepe.com.br\/xinhua\/wp-json\/wp\/v2\/media\/26209"}],"wp:attachment":[{"href":"https:\/\/diariodepe.com.br\/xinhua\/wp-json\/wp\/v2\/media?parent=26208"}],"wp:term":[{"taxonomy":"category","embeddable":true,"href":"https:\/\/diariodepe.com.br\/xinhua\/wp-json\/wp\/v2\/categories?post=26208"},{"taxonomy":"post_tag","embeddable":true,"href":"https:\/\/diariodepe.com.br\/xinhua\/wp-json\/wp\/v2\/tags?post=26208"}],"curies":[{"name":"wp","href":"https:\/\/api.w.org\/{rel}","templated":true}]}}