{"id":2616,"date":"2021-08-11T11:23:34","date_gmt":"2021-08-11T14:23:34","guid":{"rendered":"http:\/\/www.diariodepe.com.br\/xinhua\/?p=2616"},"modified":"2021-08-11T11:23:36","modified_gmt":"2021-08-11T14:23:36","slug":"beijing-relata-recorde-de-boa-qualidade-do-ar-em-julho","status":"publish","type":"post","link":"https:\/\/diariodepe.com.br\/xinhua\/2021\/08\/11\/beijing-relata-recorde-de-boa-qualidade-do-ar-em-julho\/","title":{"rendered":"Beijing relata recorde de boa qualidade do ar em julho"},"content":{"rendered":"\n<p>Beijing, 10 ago &#8211; Beijing relatou um recorde de boa qualidade do ar em julho, com leitura mensal do PM2,5 caindo para 16 microgramas por metro c\u00fabico, informaram autoridades nesta segunda-feira.<\/p>\n\n\n\n<p>\u00c9 o terceiro m\u00eas consecutivo de baixa densidade recorde de PM2,5, depois de 20 microgramas por metro c\u00fabico em maio e 18 microgramas por metro c\u00fabico em junho indicou o Departamento Municipal de Ecologia e Meio Ambiente.<\/p>\n\n\n\n<p>Em julho, as concentra\u00e7\u00f5es m\u00e9dias mensais de PM10, di\u00f3xido de enxofre e di\u00f3xido de nitrog\u00eanio foram de 32 microgramas, 2 microgramas e 14 microgramas por metro c\u00fabico, respectivamente, registrando os n\u00edveis mensais mais baixos desde o in\u00edcio dos registros.<\/p>\n\n\n\n<p>De janeiro a julho, a leitura m\u00e9dia de PM2,5 na capital chinesa foi de 37 microgramas por metro c\u00fabico, a menor para o mesmo per\u00edodo da hist\u00f3ria.<\/p>\n\n\n\n<p>De janeiro a julho, as autoridades de Beijing tomaram uma s\u00e9rie de medidas para combater a polui\u00e7\u00e3o do ar, incluindo a promo\u00e7\u00e3o de ve\u00edculos de nova energia e a supervis\u00e3o de ve\u00edculos a diesel.<\/p>\n\n\n\n<p>PM2,5 s\u00e3o part\u00edculas transportadas pelo ar com di\u00e2metro inferior a 2,5 micr\u00f4metros e representam s\u00e9rios riscos \u00e0 sa\u00fade.<\/p>\n","protected":false},"excerpt":{"rendered":"<p>Beijing, 10 ago &#8211; Beijing relatou um recorde de boa qualidade do ar em julho, com leitura mensal do PM2,5 caindo para 16 microgramas por metro c\u00fabico, informaram autoridades nesta segunda-feira. \u00c9 o terceiro m\u00eas consecutivo de baixa densidade recorde&#8230;<\/p>\n","protected":false},"author":3,"featured_media":2617,"comment_status":"open","ping_status":"open","sticky":false,"template":"","format":"standard","meta":{"footnotes":""},"categories":[1],"tags":[],"class_list":["post-2616","post","type-post","status-publish","format-standard","has-post-thumbnail","hentry","category-geral"],"yoast_head":"<!-- This site is optimized with the Yoast SEO plugin v27.4 - https:\/\/yoast.com\/product\/yoast-seo-wordpress\/ -->\n<title>Beijing relata recorde de boa qualidade do ar em julho - Xinhua - Diario de Pernambuco<\/title>\n<meta name=\"robots\" content=\"index, follow, max-snippet:-1, max-image-preview:large, max-video-preview:-1\" \/>\n<link rel=\"canonical\" href=\"https:\/\/diariodepe.com.br\/xinhua\/2021\/08\/11\/beijing-relata-recorde-de-boa-qualidade-do-ar-em-julho\/\" \/>\n<meta property=\"og:locale\" content=\"pt_BR\" \/>\n<meta property=\"og:type\" content=\"article\" \/>\n<meta property=\"og:title\" content=\"Beijing relata recorde de boa qualidade do ar em julho - Xinhua - Diario de Pernambuco\" \/>\n<meta property=\"og:description\" content=\"Beijing, 10 ago &#8211; Beijing relatou um recorde de boa qualidade do ar em julho, com leitura mensal do PM2,5 caindo para 16 microgramas por metro c\u00fabico, informaram autoridades nesta segunda-feira. \u00c9 o terceiro m\u00eas consecutivo de baixa densidade recorde...\" \/>\n<meta property=\"og:url\" content=\"https:\/\/diariodepe.com.br\/xinhua\/2021\/08\/11\/beijing-relata-recorde-de-boa-qualidade-do-ar-em-julho\/\" \/>\n<meta property=\"og:site_name\" content=\"Xinhua - Diario de Pernambuco\" \/>\n<meta property=\"article:published_time\" content=\"2021-08-11T14:23:34+00:00\" \/>\n<meta property=\"article:modified_time\" content=\"2021-08-11T14:23:36+00:00\" \/>\n<meta property=\"og:image\" content=\"https:\/\/diariodepe.com.br\/xinhua\/wp-content\/uploads\/sites\/3\/2021\/08\/1310118617_16285624453441n-1.jpg\" \/>\n\t<meta property=\"og:image:width\" content=\"900\" \/>\n\t<meta property=\"og:image:height\" content=\"600\" \/>\n\t<meta property=\"og:image:type\" content=\"image\/jpeg\" \/>\n<meta name=\"author\" content=\"Marcelo Oliveira de A. Maranhao\" \/>\n<meta name=\"twitter:card\" content=\"summary_large_image\" \/>\n<meta name=\"twitter:label1\" content=\"Escrito por\" \/>\n\t<meta name=\"twitter:data1\" content=\"Marcelo Oliveira de A. Maranhao\" \/>\n\t<meta name=\"twitter:label2\" content=\"Est. tempo de leitura\" \/>\n\t<meta name=\"twitter:data2\" content=\"1 minuto\" \/>\n<script type=\"application\/ld+json\" class=\"yoast-schema-graph\">{\"@context\":\"https:\\\/\\\/schema.org\",\"@graph\":[{\"@type\":\"Article\",\"@id\":\"https:\\\/\\\/diariodepe.com.br\\\/xinhua\\\/2021\\\/08\\\/11\\\/beijing-relata-recorde-de-boa-qualidade-do-ar-em-julho\\\/#article\",\"isPartOf\":{\"@id\":\"https:\\\/\\\/diariodepe.com.br\\\/xinhua\\\/2021\\\/08\\\/11\\\/beijing-relata-recorde-de-boa-qualidade-do-ar-em-julho\\\/\"},\"author\":{\"name\":\"Marcelo Oliveira de A. Maranhao\",\"@id\":\"https:\\\/\\\/diariodepe.com.br\\\/xinhua\\\/#\\\/schema\\\/person\\\/0943d6fd02bdc7b49c8f495e8787a2cb\"},\"headline\":\"Beijing relata recorde de boa qualidade do ar em julho\",\"datePublished\":\"2021-08-11T14:23:34+00:00\",\"dateModified\":\"2021-08-11T14:23:36+00:00\",\"mainEntityOfPage\":{\"@id\":\"https:\\\/\\\/diariodepe.com.br\\\/xinhua\\\/2021\\\/08\\\/11\\\/beijing-relata-recorde-de-boa-qualidade-do-ar-em-julho\\\/\"},\"wordCount\":213,\"commentCount\":0,\"publisher\":{\"@id\":\"https:\\\/\\\/diariodepe.com.br\\\/xinhua\\\/#organization\"},\"image\":{\"@id\":\"https:\\\/\\\/diariodepe.com.br\\\/xinhua\\\/2021\\\/08\\\/11\\\/beijing-relata-recorde-de-boa-qualidade-do-ar-em-julho\\\/#primaryimage\"},\"thumbnailUrl\":\"https:\\\/\\\/diariodepe.com.br\\\/xinhua\\\/wp-content\\\/uploads\\\/sites\\\/3\\\/2021\\\/08\\\/1310118617_16285624453441n-1.jpg\",\"articleSection\":[\"Geral\"],\"inLanguage\":\"pt-BR\",\"potentialAction\":[{\"@type\":\"CommentAction\",\"name\":\"Comment\",\"target\":[\"https:\\\/\\\/diariodepe.com.br\\\/xinhua\\\/2021\\\/08\\\/11\\\/beijing-relata-recorde-de-boa-qualidade-do-ar-em-julho\\\/#respond\"]}]},{\"@type\":\"WebPage\",\"@id\":\"https:\\\/\\\/diariodepe.com.br\\\/xinhua\\\/2021\\\/08\\\/11\\\/beijing-relata-recorde-de-boa-qualidade-do-ar-em-julho\\\/\",\"url\":\"https:\\\/\\\/diariodepe.com.br\\\/xinhua\\\/2021\\\/08\\\/11\\\/beijing-relata-recorde-de-boa-qualidade-do-ar-em-julho\\\/\",\"name\":\"Beijing relata recorde de boa qualidade do ar em julho - Xinhua - Diario de Pernambuco\",\"isPartOf\":{\"@id\":\"https:\\\/\\\/diariodepe.com.br\\\/xinhua\\\/#website\"},\"primaryImageOfPage\":{\"@id\":\"https:\\\/\\\/diariodepe.com.br\\\/xinhua\\\/2021\\\/08\\\/11\\\/beijing-relata-recorde-de-boa-qualidade-do-ar-em-julho\\\/#primaryimage\"},\"image\":{\"@id\":\"https:\\\/\\\/diariodepe.com.br\\\/xinhua\\\/2021\\\/08\\\/11\\\/beijing-relata-recorde-de-boa-qualidade-do-ar-em-julho\\\/#primaryimage\"},\"thumbnailUrl\":\"https:\\\/\\\/diariodepe.com.br\\\/xinhua\\\/wp-content\\\/uploads\\\/sites\\\/3\\\/2021\\\/08\\\/1310118617_16285624453441n-1.jpg\",\"datePublished\":\"2021-08-11T14:23:34+00:00\",\"dateModified\":\"2021-08-11T14:23:36+00:00\",\"breadcrumb\":{\"@id\":\"https:\\\/\\\/diariodepe.com.br\\\/xinhua\\\/2021\\\/08\\\/11\\\/beijing-relata-recorde-de-boa-qualidade-do-ar-em-julho\\\/#breadcrumb\"},\"inLanguage\":\"pt-BR\",\"potentialAction\":[{\"@type\":\"ReadAction\",\"target\":[\"https:\\\/\\\/diariodepe.com.br\\\/xinhua\\\/2021\\\/08\\\/11\\\/beijing-relata-recorde-de-boa-qualidade-do-ar-em-julho\\\/\"]}]},{\"@type\":\"ImageObject\",\"inLanguage\":\"pt-BR\",\"@id\":\"https:\\\/\\\/diariodepe.com.br\\\/xinhua\\\/2021\\\/08\\\/11\\\/beijing-relata-recorde-de-boa-qualidade-do-ar-em-julho\\\/#primaryimage\",\"url\":\"https:\\\/\\\/diariodepe.com.br\\\/xinhua\\\/wp-content\\\/uploads\\\/sites\\\/3\\\/2021\\\/08\\\/1310118617_16285624453441n-1.jpg\",\"contentUrl\":\"https:\\\/\\\/diariodepe.com.br\\\/xinhua\\\/wp-content\\\/uploads\\\/sites\\\/3\\\/2021\\\/08\\\/1310118617_16285624453441n-1.jpg\",\"width\":900,\"height\":600,\"caption\":\"Flores de magn\u00f3lia desabrochando s\u00e3o vistas perto do Grande Pal\u00e1cio do Povo em Beijing, capital da China, em 24 de mar\u00e7o de 2021. (Xinhua\\\/Luo Xiaoguang)\"},{\"@type\":\"BreadcrumbList\",\"@id\":\"https:\\\/\\\/diariodepe.com.br\\\/xinhua\\\/2021\\\/08\\\/11\\\/beijing-relata-recorde-de-boa-qualidade-do-ar-em-julho\\\/#breadcrumb\",\"itemListElement\":[{\"@type\":\"ListItem\",\"position\":1,\"name\":\"In\u00edcio\",\"item\":\"https:\\\/\\\/diariodepe.com.br\\\/xinhua\\\/\"},{\"@type\":\"ListItem\",\"position\":2,\"name\":\"Beijing relata recorde de boa qualidade do ar em julho\"}]},{\"@type\":\"WebSite\",\"@id\":\"https:\\\/\\\/diariodepe.com.br\\\/xinhua\\\/#website\",\"url\":\"https:\\\/\\\/diariodepe.com.br\\\/xinhua\\\/\",\"name\":\"Xinhua - Diario de Pernambuco\",\"description\":\"A maior ag\u00eancia de not\u00edcias da China e um dos principais canais para conhecer o pa\u00eds\",\"publisher\":{\"@id\":\"https:\\\/\\\/diariodepe.com.br\\\/xinhua\\\/#organization\"},\"potentialAction\":[{\"@type\":\"SearchAction\",\"target\":{\"@type\":\"EntryPoint\",\"urlTemplate\":\"https:\\\/\\\/diariodepe.com.br\\\/xinhua\\\/?s={search_term_string}\"},\"query-input\":{\"@type\":\"PropertyValueSpecification\",\"valueRequired\":true,\"valueName\":\"search_term_string\"}}],\"inLanguage\":\"pt-BR\"},{\"@type\":\"Organization\",\"@id\":\"https:\\\/\\\/diariodepe.com.br\\\/xinhua\\\/#organization\",\"name\":\"Xinhua - Diario de Pernambuco\",\"url\":\"https:\\\/\\\/diariodepe.com.br\\\/xinhua\\\/\",\"logo\":{\"@type\":\"ImageObject\",\"inLanguage\":\"pt-BR\",\"@id\":\"https:\\\/\\\/diariodepe.com.br\\\/xinhua\\\/#\\\/schema\\\/logo\\\/image\\\/\",\"url\":\"https:\\\/\\\/diariodepe.com.br\\\/xinhua\\\/wp-content\\\/uploads\\\/sites\\\/3\\\/2020\\\/10\\\/cropped-logo-transparente-2.png\",\"contentUrl\":\"https:\\\/\\\/diariodepe.com.br\\\/xinhua\\\/wp-content\\\/uploads\\\/sites\\\/3\\\/2020\\\/10\\\/cropped-logo-transparente-2.png\",\"width\":512,\"height\":164,\"caption\":\"Xinhua - Diario de Pernambuco\"},\"image\":{\"@id\":\"https:\\\/\\\/diariodepe.com.br\\\/xinhua\\\/#\\\/schema\\\/logo\\\/image\\\/\"}},{\"@type\":\"Person\",\"@id\":\"https:\\\/\\\/diariodepe.com.br\\\/xinhua\\\/#\\\/schema\\\/person\\\/0943d6fd02bdc7b49c8f495e8787a2cb\",\"name\":\"Marcelo Oliveira de A. Maranhao\",\"image\":{\"@type\":\"ImageObject\",\"inLanguage\":\"pt-BR\",\"@id\":\"https:\\\/\\\/secure.gravatar.com\\\/avatar\\\/f562caee940d39879c20e90eea3e4b21860c7d4c96684c23141c554824f0059c?s=96&d=mm&r=g\",\"url\":\"https:\\\/\\\/secure.gravatar.com\\\/avatar\\\/f562caee940d39879c20e90eea3e4b21860c7d4c96684c23141c554824f0059c?s=96&d=mm&r=g\",\"contentUrl\":\"https:\\\/\\\/secure.gravatar.com\\\/avatar\\\/f562caee940d39879c20e90eea3e4b21860c7d4c96684c23141c554824f0059c?s=96&d=mm&r=g\",\"caption\":\"Marcelo Oliveira de A. Maranhao\"},\"url\":\"https:\\\/\\\/diariodepe.com.br\\\/xinhua\\\/author\\\/marcelo-maranhao\\\/\"}]}<\/script>\n<!-- \/ Yoast SEO plugin. -->","yoast_head_json":{"title":"Beijing relata recorde de boa qualidade do ar em julho - Xinhua - Diario de Pernambuco","robots":{"index":"index","follow":"follow","max-snippet":"max-snippet:-1","max-image-preview":"max-image-preview:large","max-video-preview":"max-video-preview:-1"},"canonical":"https:\/\/diariodepe.com.br\/xinhua\/2021\/08\/11\/beijing-relata-recorde-de-boa-qualidade-do-ar-em-julho\/","og_locale":"pt_BR","og_type":"article","og_title":"Beijing relata recorde de boa qualidade do ar em julho - Xinhua - Diario de Pernambuco","og_description":"Beijing, 10 ago &#8211; Beijing relatou um recorde de boa qualidade do ar em julho, com leitura mensal do PM2,5 caindo para 16 microgramas por metro c\u00fabico, informaram autoridades nesta segunda-feira. \u00c9 o terceiro m\u00eas consecutivo de baixa densidade recorde...","og_url":"https:\/\/diariodepe.com.br\/xinhua\/2021\/08\/11\/beijing-relata-recorde-de-boa-qualidade-do-ar-em-julho\/","og_site_name":"Xinhua - Diario de Pernambuco","article_published_time":"2021-08-11T14:23:34+00:00","article_modified_time":"2021-08-11T14:23:36+00:00","og_image":[{"width":900,"height":600,"url":"https:\/\/diariodepe.com.br\/xinhua\/wp-content\/uploads\/sites\/3\/2021\/08\/1310118617_16285624453441n-1.jpg","type":"image\/jpeg"}],"author":"Marcelo Oliveira de A. Maranhao","twitter_card":"summary_large_image","twitter_misc":{"Escrito por":"Marcelo Oliveira de A. Maranhao","Est. tempo de leitura":"1 minuto"},"schema":{"@context":"https:\/\/schema.org","@graph":[{"@type":"Article","@id":"https:\/\/diariodepe.com.br\/xinhua\/2021\/08\/11\/beijing-relata-recorde-de-boa-qualidade-do-ar-em-julho\/#article","isPartOf":{"@id":"https:\/\/diariodepe.com.br\/xinhua\/2021\/08\/11\/beijing-relata-recorde-de-boa-qualidade-do-ar-em-julho\/"},"author":{"name":"Marcelo Oliveira de A. Maranhao","@id":"https:\/\/diariodepe.com.br\/xinhua\/#\/schema\/person\/0943d6fd02bdc7b49c8f495e8787a2cb"},"headline":"Beijing relata recorde de boa qualidade do ar em julho","datePublished":"2021-08-11T14:23:34+00:00","dateModified":"2021-08-11T14:23:36+00:00","mainEntityOfPage":{"@id":"https:\/\/diariodepe.com.br\/xinhua\/2021\/08\/11\/beijing-relata-recorde-de-boa-qualidade-do-ar-em-julho\/"},"wordCount":213,"commentCount":0,"publisher":{"@id":"https:\/\/diariodepe.com.br\/xinhua\/#organization"},"image":{"@id":"https:\/\/diariodepe.com.br\/xinhua\/2021\/08\/11\/beijing-relata-recorde-de-boa-qualidade-do-ar-em-julho\/#primaryimage"},"thumbnailUrl":"https:\/\/diariodepe.com.br\/xinhua\/wp-content\/uploads\/sites\/3\/2021\/08\/1310118617_16285624453441n-1.jpg","articleSection":["Geral"],"inLanguage":"pt-BR","potentialAction":[{"@type":"CommentAction","name":"Comment","target":["https:\/\/diariodepe.com.br\/xinhua\/2021\/08\/11\/beijing-relata-recorde-de-boa-qualidade-do-ar-em-julho\/#respond"]}]},{"@type":"WebPage","@id":"https:\/\/diariodepe.com.br\/xinhua\/2021\/08\/11\/beijing-relata-recorde-de-boa-qualidade-do-ar-em-julho\/","url":"https:\/\/diariodepe.com.br\/xinhua\/2021\/08\/11\/beijing-relata-recorde-de-boa-qualidade-do-ar-em-julho\/","name":"Beijing relata recorde de boa qualidade do ar em julho - Xinhua - Diario de Pernambuco","isPartOf":{"@id":"https:\/\/diariodepe.com.br\/xinhua\/#website"},"primaryImageOfPage":{"@id":"https:\/\/diariodepe.com.br\/xinhua\/2021\/08\/11\/beijing-relata-recorde-de-boa-qualidade-do-ar-em-julho\/#primaryimage"},"image":{"@id":"https:\/\/diariodepe.com.br\/xinhua\/2021\/08\/11\/beijing-relata-recorde-de-boa-qualidade-do-ar-em-julho\/#primaryimage"},"thumbnailUrl":"https:\/\/diariodepe.com.br\/xinhua\/wp-content\/uploads\/sites\/3\/2021\/08\/1310118617_16285624453441n-1.jpg","datePublished":"2021-08-11T14:23:34+00:00","dateModified":"2021-08-11T14:23:36+00:00","breadcrumb":{"@id":"https:\/\/diariodepe.com.br\/xinhua\/2021\/08\/11\/beijing-relata-recorde-de-boa-qualidade-do-ar-em-julho\/#breadcrumb"},"inLanguage":"pt-BR","potentialAction":[{"@type":"ReadAction","target":["https:\/\/diariodepe.com.br\/xinhua\/2021\/08\/11\/beijing-relata-recorde-de-boa-qualidade-do-ar-em-julho\/"]}]},{"@type":"ImageObject","inLanguage":"pt-BR","@id":"https:\/\/diariodepe.com.br\/xinhua\/2021\/08\/11\/beijing-relata-recorde-de-boa-qualidade-do-ar-em-julho\/#primaryimage","url":"https:\/\/diariodepe.com.br\/xinhua\/wp-content\/uploads\/sites\/3\/2021\/08\/1310118617_16285624453441n-1.jpg","contentUrl":"https:\/\/diariodepe.com.br\/xinhua\/wp-content\/uploads\/sites\/3\/2021\/08\/1310118617_16285624453441n-1.jpg","width":900,"height":600,"caption":"Flores de magn\u00f3lia desabrochando s\u00e3o vistas perto do Grande Pal\u00e1cio do Povo em Beijing, capital da China, em 24 de mar\u00e7o de 2021. (Xinhua\/Luo Xiaoguang)"},{"@type":"BreadcrumbList","@id":"https:\/\/diariodepe.com.br\/xinhua\/2021\/08\/11\/beijing-relata-recorde-de-boa-qualidade-do-ar-em-julho\/#breadcrumb","itemListElement":[{"@type":"ListItem","position":1,"name":"In\u00edcio","item":"https:\/\/diariodepe.com.br\/xinhua\/"},{"@type":"ListItem","position":2,"name":"Beijing relata recorde de boa qualidade do ar em julho"}]},{"@type":"WebSite","@id":"https:\/\/diariodepe.com.br\/xinhua\/#website","url":"https:\/\/diariodepe.com.br\/xinhua\/","name":"Xinhua - Diario de Pernambuco","description":"A maior ag\u00eancia de not\u00edcias da China e um dos principais canais para conhecer o pa\u00eds","publisher":{"@id":"https:\/\/diariodepe.com.br\/xinhua\/#organization"},"potentialAction":[{"@type":"SearchAction","target":{"@type":"EntryPoint","urlTemplate":"https:\/\/diariodepe.com.br\/xinhua\/?s={search_term_string}"},"query-input":{"@type":"PropertyValueSpecification","valueRequired":true,"valueName":"search_term_string"}}],"inLanguage":"pt-BR"},{"@type":"Organization","@id":"https:\/\/diariodepe.com.br\/xinhua\/#organization","name":"Xinhua - Diario de Pernambuco","url":"https:\/\/diariodepe.com.br\/xinhua\/","logo":{"@type":"ImageObject","inLanguage":"pt-BR","@id":"https:\/\/diariodepe.com.br\/xinhua\/#\/schema\/logo\/image\/","url":"https:\/\/diariodepe.com.br\/xinhua\/wp-content\/uploads\/sites\/3\/2020\/10\/cropped-logo-transparente-2.png","contentUrl":"https:\/\/diariodepe.com.br\/xinhua\/wp-content\/uploads\/sites\/3\/2020\/10\/cropped-logo-transparente-2.png","width":512,"height":164,"caption":"Xinhua - Diario de Pernambuco"},"image":{"@id":"https:\/\/diariodepe.com.br\/xinhua\/#\/schema\/logo\/image\/"}},{"@type":"Person","@id":"https:\/\/diariodepe.com.br\/xinhua\/#\/schema\/person\/0943d6fd02bdc7b49c8f495e8787a2cb","name":"Marcelo Oliveira de A. Maranhao","image":{"@type":"ImageObject","inLanguage":"pt-BR","@id":"https:\/\/secure.gravatar.com\/avatar\/f562caee940d39879c20e90eea3e4b21860c7d4c96684c23141c554824f0059c?s=96&d=mm&r=g","url":"https:\/\/secure.gravatar.com\/avatar\/f562caee940d39879c20e90eea3e4b21860c7d4c96684c23141c554824f0059c?s=96&d=mm&r=g","contentUrl":"https:\/\/secure.gravatar.com\/avatar\/f562caee940d39879c20e90eea3e4b21860c7d4c96684c23141c554824f0059c?s=96&d=mm&r=g","caption":"Marcelo Oliveira de A. Maranhao"},"url":"https:\/\/diariodepe.com.br\/xinhua\/author\/marcelo-maranhao\/"}]}},"cc_featured_image_caption":{"caption_text":"","source_text":"","source_url":""},"amp_enabled":true,"_links":{"self":[{"href":"https:\/\/diariodepe.com.br\/xinhua\/wp-json\/wp\/v2\/posts\/2616","targetHints":{"allow":["GET"]}}],"collection":[{"href":"https:\/\/diariodepe.com.br\/xinhua\/wp-json\/wp\/v2\/posts"}],"about":[{"href":"https:\/\/diariodepe.com.br\/xinhua\/wp-json\/wp\/v2\/types\/post"}],"author":[{"embeddable":true,"href":"https:\/\/diariodepe.com.br\/xinhua\/wp-json\/wp\/v2\/users\/3"}],"replies":[{"embeddable":true,"href":"https:\/\/diariodepe.com.br\/xinhua\/wp-json\/wp\/v2\/comments?post=2616"}],"version-history":[{"count":1,"href":"https:\/\/diariodepe.com.br\/xinhua\/wp-json\/wp\/v2\/posts\/2616\/revisions"}],"predecessor-version":[{"id":2618,"href":"https:\/\/diariodepe.com.br\/xinhua\/wp-json\/wp\/v2\/posts\/2616\/revisions\/2618"}],"wp:featuredmedia":[{"embeddable":true,"href":"https:\/\/diariodepe.com.br\/xinhua\/wp-json\/wp\/v2\/media\/2617"}],"wp:attachment":[{"href":"https:\/\/diariodepe.com.br\/xinhua\/wp-json\/wp\/v2\/media?parent=2616"}],"wp:term":[{"taxonomy":"category","embeddable":true,"href":"https:\/\/diariodepe.com.br\/xinhua\/wp-json\/wp\/v2\/categories?post=2616"},{"taxonomy":"post_tag","embeddable":true,"href":"https:\/\/diariodepe.com.br\/xinhua\/wp-json\/wp\/v2\/tags?post=2616"}],"curies":[{"name":"wp","href":"https:\/\/api.w.org\/{rel}","templated":true}]}}