{"id":25717,"date":"2025-02-24T16:19:00","date_gmt":"2025-02-24T19:19:00","guid":{"rendered":"https:\/\/www.diariodepe.com.br\/xinhua\/?p=25717"},"modified":"2025-02-24T10:20:44","modified_gmt":"2025-02-24T13:20:44","slug":"chanceleres-da-china-e-de-angola-reunem-se-sobre-lacos-bilaterais","status":"publish","type":"post","link":"https:\/\/diariodepe.com.br\/xinhua\/2025\/02\/24\/chanceleres-da-china-e-de-angola-reunem-se-sobre-lacos-bilaterais\/","title":{"rendered":"Chanceleres da China e de Angola re\u00fanem-se sobre la\u00e7os bilaterais"},"content":{"rendered":"\n<p>Joanesburgo &#8211; O ministro das Rela\u00e7\u00f5es Exteriores da China, Wang Yi, discutiu as rela\u00e7\u00f5es China-Angola com seu hom\u00f3logo angolano, T\u00e9te Ant\u00f3nio, nesta sexta-feira, \u00e0 margem da reuni\u00e3o de ministros das Rela\u00e7\u00f5es Exteriores do Grupo dos 20 (G20) em Joanesburgo, \u00c1frica do Sul.<\/p>\n\n\n\n<p>Wang, tamb\u00e9m membro do Bir\u00f4 Pol\u00edtico do Comit\u00ea Central do Partido Comunista da China, disse que China e Angola lutaram lado a lado contra o imperialismo e o colonialismo e depois se uniram na busca pelo desenvolvimento e revitaliza\u00e7\u00e3o.<\/p>\n\n\n\n<p>Observando que a coopera\u00e7\u00e3o amig\u00e1vel entre os dois pa\u00edses facilitou a reconstru\u00e7\u00e3o nacional e a recupera\u00e7\u00e3o econ\u00f4mica de Angola, trazendo benef\u00edcios tang\u00edveis para o povo angolano, Wang disse que os dois lados devem valorizar a amizade consagrada pelo tempo e aumentar o entendimento e a confian\u00e7a m\u00fatuos.<\/p>\n\n\n\n<p>Wang parabenizou Angola por assumir a presid\u00eancia rotativa da Uni\u00e3o Africana, dizendo que a China nunca buscou ganhos ego\u00edstas na \u00c1frica ou interferiu nos assuntos internos dos pa\u00edses africanos e que a China apoiou firmemente a integra\u00e7\u00e3o africana e est\u00e1 comprometida em manter rela\u00e7\u00f5es s\u00f3lidas com os pa\u00edses africanos, disse Wang.<\/p>\n\n\n\n<p>A coopera\u00e7\u00e3o abrangente entre a China e a \u00c1frica n\u00e3o s\u00f3 ajudou a acelerar o desenvolvimento da \u00c1frica, mas tamb\u00e9m incentivou mais aten\u00e7\u00e3o e contribui\u00e7\u00e3o da comunidade internacional para o continente. A China continuar\u00e1 sendo o parceiro mais sincero e confi\u00e1vel da \u00c1frica em sua futura jornada de desenvolvimento, observou Wang.<\/p>\n\n\n\n<p>Por sua vez, Ant\u00f3nio observou que o presidente angolano, Jo\u00e3o Louren\u00e7o, fez uma visita de Estado \u00e0 China no ano passado e teve uma reuni\u00e3o bem-sucedida com o presidente chin\u00eas, Xi Jinping, promovendo novas conquistas na coopera\u00e7\u00e3o pr\u00e1tica bilateral e trazendo benef\u00edcios tang\u00edveis para ambos os povos. Ele agradeceu \u00e0 China por apoiar o desenvolvimento econ\u00f4mico e social de Angola e \u00e0s empresas chinesas por suas contribui\u00e7\u00f5es para a constru\u00e7\u00e3o nacional de Angola.<\/p>\n\n\n\n<p>Ant\u00f3nio disse que Angola est\u00e1 disposta a expandir a coopera\u00e7\u00e3o com a China em v\u00e1rios campos, como economia e com\u00e9rcio, investimento, finan\u00e7as e energia, e manter-se firmemente com a China em quest\u00f5es relativas aos interesses centrais desta \u00faltima.<\/p>\n\n\n\n<p>Angola est\u00e1 pronta para assumir a presid\u00eancia da Uni\u00e3o Africana como uma oportunidade para fortalecer a comunica\u00e7\u00e3o e a coordena\u00e7\u00e3o com a China, aprofundar a coopera\u00e7\u00e3o \u00c1frica-China e refor\u00e7ar a solidariedade africana, disse Ant\u00f3nio.&nbsp;<\/p>\n","protected":false},"excerpt":{"rendered":"<p>Joanesburgo &#8211; O ministro das Rela\u00e7\u00f5es Exteriores da China, Wang Yi, discutiu as rela\u00e7\u00f5es China-Angola com seu hom\u00f3logo angolano, T\u00e9te Ant\u00f3nio, nesta sexta-feira, \u00e0 margem da reuni\u00e3o de ministros das Rela\u00e7\u00f5es Exteriores do Grupo dos 20 (G20) em Joanesburgo, \u00c1frica&#8230;<\/p>\n","protected":false},"author":3,"featured_media":25718,"comment_status":"open","ping_status":"open","sticky":false,"template":"","format":"standard","meta":{"footnotes":""},"categories":[4],"tags":[],"class_list":["post-25717","post","type-post","status-publish","format-standard","has-post-thumbnail","hentry","category-internacional"],"yoast_head":"<!-- This site is optimized with the Yoast SEO plugin v27.4 - https:\/\/yoast.com\/product\/yoast-seo-wordpress\/ -->\n<title>Chanceleres da China e de Angola re\u00fanem-se sobre la\u00e7os bilaterais - Xinhua - Diario de Pernambuco<\/title>\n<meta name=\"robots\" content=\"index, follow, max-snippet:-1, max-image-preview:large, max-video-preview:-1\" \/>\n<link rel=\"canonical\" href=\"https:\/\/diariodepe.com.br\/xinhua\/2025\/02\/24\/chanceleres-da-china-e-de-angola-reunem-se-sobre-lacos-bilaterais\/\" \/>\n<meta property=\"og:locale\" content=\"pt_BR\" \/>\n<meta property=\"og:type\" content=\"article\" \/>\n<meta property=\"og:title\" content=\"Chanceleres da China e de Angola re\u00fanem-se sobre la\u00e7os bilaterais - Xinhua - Diario de Pernambuco\" \/>\n<meta property=\"og:description\" content=\"Joanesburgo &#8211; O ministro das Rela\u00e7\u00f5es Exteriores da China, Wang Yi, discutiu as rela\u00e7\u00f5es China-Angola com seu hom\u00f3logo angolano, T\u00e9te Ant\u00f3nio, nesta sexta-feira, \u00e0 margem da reuni\u00e3o de ministros das Rela\u00e7\u00f5es Exteriores do Grupo dos 20 (G20) em Joanesburgo, \u00c1frica...\" \/>\n<meta property=\"og:url\" content=\"https:\/\/diariodepe.com.br\/xinhua\/2025\/02\/24\/chanceleres-da-china-e-de-angola-reunem-se-sobre-lacos-bilaterais\/\" \/>\n<meta property=\"og:site_name\" content=\"Xinhua - Diario de Pernambuco\" \/>\n<meta property=\"article:published_time\" content=\"2025-02-24T19:19:00+00:00\" \/>\n<meta property=\"og:image\" content=\"https:\/\/diariodepe.com.br\/xinhua\/wp-content\/uploads\/sites\/3\/2025\/02\/31dfbafcf2814ca482d2383dc5ffb09e.jpg\" \/>\n\t<meta property=\"og:image:width\" content=\"1000\" \/>\n\t<meta property=\"og:image:height\" content=\"500\" \/>\n\t<meta property=\"og:image:type\" content=\"image\/jpeg\" \/>\n<meta name=\"author\" content=\"Marcelo Oliveira de A. Maranhao\" \/>\n<meta name=\"twitter:card\" content=\"summary_large_image\" \/>\n<meta name=\"twitter:label1\" content=\"Escrito por\" \/>\n\t<meta name=\"twitter:data1\" content=\"Marcelo Oliveira de A. Maranhao\" \/>\n\t<meta name=\"twitter:label2\" content=\"Est. tempo de leitura\" \/>\n\t<meta name=\"twitter:data2\" content=\"3 minutos\" \/>\n<script type=\"application\/ld+json\" class=\"yoast-schema-graph\">{\"@context\":\"https:\\\/\\\/schema.org\",\"@graph\":[{\"@type\":\"Article\",\"@id\":\"https:\\\/\\\/diariodepe.com.br\\\/xinhua\\\/2025\\\/02\\\/24\\\/chanceleres-da-china-e-de-angola-reunem-se-sobre-lacos-bilaterais\\\/#article\",\"isPartOf\":{\"@id\":\"https:\\\/\\\/diariodepe.com.br\\\/xinhua\\\/2025\\\/02\\\/24\\\/chanceleres-da-china-e-de-angola-reunem-se-sobre-lacos-bilaterais\\\/\"},\"author\":{\"name\":\"Marcelo Oliveira de A. Maranhao\",\"@id\":\"https:\\\/\\\/diariodepe.com.br\\\/xinhua\\\/#\\\/schema\\\/person\\\/0943d6fd02bdc7b49c8f495e8787a2cb\"},\"headline\":\"Chanceleres da China e de Angola re\u00fanem-se sobre la\u00e7os bilaterais\",\"datePublished\":\"2025-02-24T19:19:00+00:00\",\"mainEntityOfPage\":{\"@id\":\"https:\\\/\\\/diariodepe.com.br\\\/xinhua\\\/2025\\\/02\\\/24\\\/chanceleres-da-china-e-de-angola-reunem-se-sobre-lacos-bilaterais\\\/\"},\"wordCount\":443,\"commentCount\":0,\"publisher\":{\"@id\":\"https:\\\/\\\/diariodepe.com.br\\\/xinhua\\\/#organization\"},\"image\":{\"@id\":\"https:\\\/\\\/diariodepe.com.br\\\/xinhua\\\/2025\\\/02\\\/24\\\/chanceleres-da-china-e-de-angola-reunem-se-sobre-lacos-bilaterais\\\/#primaryimage\"},\"thumbnailUrl\":\"https:\\\/\\\/diariodepe.com.br\\\/xinhua\\\/wp-content\\\/uploads\\\/sites\\\/3\\\/2025\\\/02\\\/31dfbafcf2814ca482d2383dc5ffb09e.jpg\",\"articleSection\":[\"Internacional\"],\"inLanguage\":\"pt-BR\",\"potentialAction\":[{\"@type\":\"CommentAction\",\"name\":\"Comment\",\"target\":[\"https:\\\/\\\/diariodepe.com.br\\\/xinhua\\\/2025\\\/02\\\/24\\\/chanceleres-da-china-e-de-angola-reunem-se-sobre-lacos-bilaterais\\\/#respond\"]}]},{\"@type\":\"WebPage\",\"@id\":\"https:\\\/\\\/diariodepe.com.br\\\/xinhua\\\/2025\\\/02\\\/24\\\/chanceleres-da-china-e-de-angola-reunem-se-sobre-lacos-bilaterais\\\/\",\"url\":\"https:\\\/\\\/diariodepe.com.br\\\/xinhua\\\/2025\\\/02\\\/24\\\/chanceleres-da-china-e-de-angola-reunem-se-sobre-lacos-bilaterais\\\/\",\"name\":\"Chanceleres da China e de Angola re\u00fanem-se sobre la\u00e7os bilaterais - Xinhua - Diario de Pernambuco\",\"isPartOf\":{\"@id\":\"https:\\\/\\\/diariodepe.com.br\\\/xinhua\\\/#website\"},\"primaryImageOfPage\":{\"@id\":\"https:\\\/\\\/diariodepe.com.br\\\/xinhua\\\/2025\\\/02\\\/24\\\/chanceleres-da-china-e-de-angola-reunem-se-sobre-lacos-bilaterais\\\/#primaryimage\"},\"image\":{\"@id\":\"https:\\\/\\\/diariodepe.com.br\\\/xinhua\\\/2025\\\/02\\\/24\\\/chanceleres-da-china-e-de-angola-reunem-se-sobre-lacos-bilaterais\\\/#primaryimage\"},\"thumbnailUrl\":\"https:\\\/\\\/diariodepe.com.br\\\/xinhua\\\/wp-content\\\/uploads\\\/sites\\\/3\\\/2025\\\/02\\\/31dfbafcf2814ca482d2383dc5ffb09e.jpg\",\"datePublished\":\"2025-02-24T19:19:00+00:00\",\"breadcrumb\":{\"@id\":\"https:\\\/\\\/diariodepe.com.br\\\/xinhua\\\/2025\\\/02\\\/24\\\/chanceleres-da-china-e-de-angola-reunem-se-sobre-lacos-bilaterais\\\/#breadcrumb\"},\"inLanguage\":\"pt-BR\",\"potentialAction\":[{\"@type\":\"ReadAction\",\"target\":[\"https:\\\/\\\/diariodepe.com.br\\\/xinhua\\\/2025\\\/02\\\/24\\\/chanceleres-da-china-e-de-angola-reunem-se-sobre-lacos-bilaterais\\\/\"]}]},{\"@type\":\"ImageObject\",\"inLanguage\":\"pt-BR\",\"@id\":\"https:\\\/\\\/diariodepe.com.br\\\/xinhua\\\/2025\\\/02\\\/24\\\/chanceleres-da-china-e-de-angola-reunem-se-sobre-lacos-bilaterais\\\/#primaryimage\",\"url\":\"https:\\\/\\\/diariodepe.com.br\\\/xinhua\\\/wp-content\\\/uploads\\\/sites\\\/3\\\/2025\\\/02\\\/31dfbafcf2814ca482d2383dc5ffb09e.jpg\",\"contentUrl\":\"https:\\\/\\\/diariodepe.com.br\\\/xinhua\\\/wp-content\\\/uploads\\\/sites\\\/3\\\/2025\\\/02\\\/31dfbafcf2814ca482d2383dc5ffb09e.jpg\",\"width\":1000,\"height\":500},{\"@type\":\"BreadcrumbList\",\"@id\":\"https:\\\/\\\/diariodepe.com.br\\\/xinhua\\\/2025\\\/02\\\/24\\\/chanceleres-da-china-e-de-angola-reunem-se-sobre-lacos-bilaterais\\\/#breadcrumb\",\"itemListElement\":[{\"@type\":\"ListItem\",\"position\":1,\"name\":\"In\u00edcio\",\"item\":\"https:\\\/\\\/diariodepe.com.br\\\/xinhua\\\/\"},{\"@type\":\"ListItem\",\"position\":2,\"name\":\"Chanceleres da China e de Angola re\u00fanem-se sobre la\u00e7os bilaterais\"}]},{\"@type\":\"WebSite\",\"@id\":\"https:\\\/\\\/diariodepe.com.br\\\/xinhua\\\/#website\",\"url\":\"https:\\\/\\\/diariodepe.com.br\\\/xinhua\\\/\",\"name\":\"Xinhua - Diario de Pernambuco\",\"description\":\"A maior ag\u00eancia de not\u00edcias da China e um dos principais canais para conhecer o pa\u00eds\",\"publisher\":{\"@id\":\"https:\\\/\\\/diariodepe.com.br\\\/xinhua\\\/#organization\"},\"potentialAction\":[{\"@type\":\"SearchAction\",\"target\":{\"@type\":\"EntryPoint\",\"urlTemplate\":\"https:\\\/\\\/diariodepe.com.br\\\/xinhua\\\/?s={search_term_string}\"},\"query-input\":{\"@type\":\"PropertyValueSpecification\",\"valueRequired\":true,\"valueName\":\"search_term_string\"}}],\"inLanguage\":\"pt-BR\"},{\"@type\":\"Organization\",\"@id\":\"https:\\\/\\\/diariodepe.com.br\\\/xinhua\\\/#organization\",\"name\":\"Xinhua - Diario de Pernambuco\",\"url\":\"https:\\\/\\\/diariodepe.com.br\\\/xinhua\\\/\",\"logo\":{\"@type\":\"ImageObject\",\"inLanguage\":\"pt-BR\",\"@id\":\"https:\\\/\\\/diariodepe.com.br\\\/xinhua\\\/#\\\/schema\\\/logo\\\/image\\\/\",\"url\":\"https:\\\/\\\/diariodepe.com.br\\\/xinhua\\\/wp-content\\\/uploads\\\/sites\\\/3\\\/2020\\\/10\\\/cropped-logo-transparente-2.png\",\"contentUrl\":\"https:\\\/\\\/diariodepe.com.br\\\/xinhua\\\/wp-content\\\/uploads\\\/sites\\\/3\\\/2020\\\/10\\\/cropped-logo-transparente-2.png\",\"width\":512,\"height\":164,\"caption\":\"Xinhua - Diario de Pernambuco\"},\"image\":{\"@id\":\"https:\\\/\\\/diariodepe.com.br\\\/xinhua\\\/#\\\/schema\\\/logo\\\/image\\\/\"}},{\"@type\":\"Person\",\"@id\":\"https:\\\/\\\/diariodepe.com.br\\\/xinhua\\\/#\\\/schema\\\/person\\\/0943d6fd02bdc7b49c8f495e8787a2cb\",\"name\":\"Marcelo Oliveira de A. Maranhao\",\"image\":{\"@type\":\"ImageObject\",\"inLanguage\":\"pt-BR\",\"@id\":\"https:\\\/\\\/secure.gravatar.com\\\/avatar\\\/f562caee940d39879c20e90eea3e4b21860c7d4c96684c23141c554824f0059c?s=96&d=mm&r=g\",\"url\":\"https:\\\/\\\/secure.gravatar.com\\\/avatar\\\/f562caee940d39879c20e90eea3e4b21860c7d4c96684c23141c554824f0059c?s=96&d=mm&r=g\",\"contentUrl\":\"https:\\\/\\\/secure.gravatar.com\\\/avatar\\\/f562caee940d39879c20e90eea3e4b21860c7d4c96684c23141c554824f0059c?s=96&d=mm&r=g\",\"caption\":\"Marcelo Oliveira de A. Maranhao\"},\"url\":\"https:\\\/\\\/diariodepe.com.br\\\/xinhua\\\/author\\\/marcelo-maranhao\\\/\"}]}<\/script>\n<!-- \/ Yoast SEO plugin. -->","yoast_head_json":{"title":"Chanceleres da China e de Angola re\u00fanem-se sobre la\u00e7os bilaterais - Xinhua - Diario de Pernambuco","robots":{"index":"index","follow":"follow","max-snippet":"max-snippet:-1","max-image-preview":"max-image-preview:large","max-video-preview":"max-video-preview:-1"},"canonical":"https:\/\/diariodepe.com.br\/xinhua\/2025\/02\/24\/chanceleres-da-china-e-de-angola-reunem-se-sobre-lacos-bilaterais\/","og_locale":"pt_BR","og_type":"article","og_title":"Chanceleres da China e de Angola re\u00fanem-se sobre la\u00e7os bilaterais - Xinhua - Diario de Pernambuco","og_description":"Joanesburgo &#8211; O ministro das Rela\u00e7\u00f5es Exteriores da China, Wang Yi, discutiu as rela\u00e7\u00f5es China-Angola com seu hom\u00f3logo angolano, T\u00e9te Ant\u00f3nio, nesta sexta-feira, \u00e0 margem da reuni\u00e3o de ministros das Rela\u00e7\u00f5es Exteriores do Grupo dos 20 (G20) em Joanesburgo, \u00c1frica...","og_url":"https:\/\/diariodepe.com.br\/xinhua\/2025\/02\/24\/chanceleres-da-china-e-de-angola-reunem-se-sobre-lacos-bilaterais\/","og_site_name":"Xinhua - Diario de Pernambuco","article_published_time":"2025-02-24T19:19:00+00:00","og_image":[{"width":1000,"height":500,"url":"https:\/\/diariodepe.com.br\/xinhua\/wp-content\/uploads\/sites\/3\/2025\/02\/31dfbafcf2814ca482d2383dc5ffb09e.jpg","type":"image\/jpeg"}],"author":"Marcelo Oliveira de A. Maranhao","twitter_card":"summary_large_image","twitter_misc":{"Escrito por":"Marcelo Oliveira de A. Maranhao","Est. tempo de leitura":"3 minutos"},"schema":{"@context":"https:\/\/schema.org","@graph":[{"@type":"Article","@id":"https:\/\/diariodepe.com.br\/xinhua\/2025\/02\/24\/chanceleres-da-china-e-de-angola-reunem-se-sobre-lacos-bilaterais\/#article","isPartOf":{"@id":"https:\/\/diariodepe.com.br\/xinhua\/2025\/02\/24\/chanceleres-da-china-e-de-angola-reunem-se-sobre-lacos-bilaterais\/"},"author":{"name":"Marcelo Oliveira de A. Maranhao","@id":"https:\/\/diariodepe.com.br\/xinhua\/#\/schema\/person\/0943d6fd02bdc7b49c8f495e8787a2cb"},"headline":"Chanceleres da China e de Angola re\u00fanem-se sobre la\u00e7os bilaterais","datePublished":"2025-02-24T19:19:00+00:00","mainEntityOfPage":{"@id":"https:\/\/diariodepe.com.br\/xinhua\/2025\/02\/24\/chanceleres-da-china-e-de-angola-reunem-se-sobre-lacos-bilaterais\/"},"wordCount":443,"commentCount":0,"publisher":{"@id":"https:\/\/diariodepe.com.br\/xinhua\/#organization"},"image":{"@id":"https:\/\/diariodepe.com.br\/xinhua\/2025\/02\/24\/chanceleres-da-china-e-de-angola-reunem-se-sobre-lacos-bilaterais\/#primaryimage"},"thumbnailUrl":"https:\/\/diariodepe.com.br\/xinhua\/wp-content\/uploads\/sites\/3\/2025\/02\/31dfbafcf2814ca482d2383dc5ffb09e.jpg","articleSection":["Internacional"],"inLanguage":"pt-BR","potentialAction":[{"@type":"CommentAction","name":"Comment","target":["https:\/\/diariodepe.com.br\/xinhua\/2025\/02\/24\/chanceleres-da-china-e-de-angola-reunem-se-sobre-lacos-bilaterais\/#respond"]}]},{"@type":"WebPage","@id":"https:\/\/diariodepe.com.br\/xinhua\/2025\/02\/24\/chanceleres-da-china-e-de-angola-reunem-se-sobre-lacos-bilaterais\/","url":"https:\/\/diariodepe.com.br\/xinhua\/2025\/02\/24\/chanceleres-da-china-e-de-angola-reunem-se-sobre-lacos-bilaterais\/","name":"Chanceleres da China e de Angola re\u00fanem-se sobre la\u00e7os bilaterais - Xinhua - Diario de Pernambuco","isPartOf":{"@id":"https:\/\/diariodepe.com.br\/xinhua\/#website"},"primaryImageOfPage":{"@id":"https:\/\/diariodepe.com.br\/xinhua\/2025\/02\/24\/chanceleres-da-china-e-de-angola-reunem-se-sobre-lacos-bilaterais\/#primaryimage"},"image":{"@id":"https:\/\/diariodepe.com.br\/xinhua\/2025\/02\/24\/chanceleres-da-china-e-de-angola-reunem-se-sobre-lacos-bilaterais\/#primaryimage"},"thumbnailUrl":"https:\/\/diariodepe.com.br\/xinhua\/wp-content\/uploads\/sites\/3\/2025\/02\/31dfbafcf2814ca482d2383dc5ffb09e.jpg","datePublished":"2025-02-24T19:19:00+00:00","breadcrumb":{"@id":"https:\/\/diariodepe.com.br\/xinhua\/2025\/02\/24\/chanceleres-da-china-e-de-angola-reunem-se-sobre-lacos-bilaterais\/#breadcrumb"},"inLanguage":"pt-BR","potentialAction":[{"@type":"ReadAction","target":["https:\/\/diariodepe.com.br\/xinhua\/2025\/02\/24\/chanceleres-da-china-e-de-angola-reunem-se-sobre-lacos-bilaterais\/"]}]},{"@type":"ImageObject","inLanguage":"pt-BR","@id":"https:\/\/diariodepe.com.br\/xinhua\/2025\/02\/24\/chanceleres-da-china-e-de-angola-reunem-se-sobre-lacos-bilaterais\/#primaryimage","url":"https:\/\/diariodepe.com.br\/xinhua\/wp-content\/uploads\/sites\/3\/2025\/02\/31dfbafcf2814ca482d2383dc5ffb09e.jpg","contentUrl":"https:\/\/diariodepe.com.br\/xinhua\/wp-content\/uploads\/sites\/3\/2025\/02\/31dfbafcf2814ca482d2383dc5ffb09e.jpg","width":1000,"height":500},{"@type":"BreadcrumbList","@id":"https:\/\/diariodepe.com.br\/xinhua\/2025\/02\/24\/chanceleres-da-china-e-de-angola-reunem-se-sobre-lacos-bilaterais\/#breadcrumb","itemListElement":[{"@type":"ListItem","position":1,"name":"In\u00edcio","item":"https:\/\/diariodepe.com.br\/xinhua\/"},{"@type":"ListItem","position":2,"name":"Chanceleres da China e de Angola re\u00fanem-se sobre la\u00e7os bilaterais"}]},{"@type":"WebSite","@id":"https:\/\/diariodepe.com.br\/xinhua\/#website","url":"https:\/\/diariodepe.com.br\/xinhua\/","name":"Xinhua - Diario de Pernambuco","description":"A maior ag\u00eancia de not\u00edcias da China e um dos principais canais para conhecer o pa\u00eds","publisher":{"@id":"https:\/\/diariodepe.com.br\/xinhua\/#organization"},"potentialAction":[{"@type":"SearchAction","target":{"@type":"EntryPoint","urlTemplate":"https:\/\/diariodepe.com.br\/xinhua\/?s={search_term_string}"},"query-input":{"@type":"PropertyValueSpecification","valueRequired":true,"valueName":"search_term_string"}}],"inLanguage":"pt-BR"},{"@type":"Organization","@id":"https:\/\/diariodepe.com.br\/xinhua\/#organization","name":"Xinhua - Diario de Pernambuco","url":"https:\/\/diariodepe.com.br\/xinhua\/","logo":{"@type":"ImageObject","inLanguage":"pt-BR","@id":"https:\/\/diariodepe.com.br\/xinhua\/#\/schema\/logo\/image\/","url":"https:\/\/diariodepe.com.br\/xinhua\/wp-content\/uploads\/sites\/3\/2020\/10\/cropped-logo-transparente-2.png","contentUrl":"https:\/\/diariodepe.com.br\/xinhua\/wp-content\/uploads\/sites\/3\/2020\/10\/cropped-logo-transparente-2.png","width":512,"height":164,"caption":"Xinhua - Diario de Pernambuco"},"image":{"@id":"https:\/\/diariodepe.com.br\/xinhua\/#\/schema\/logo\/image\/"}},{"@type":"Person","@id":"https:\/\/diariodepe.com.br\/xinhua\/#\/schema\/person\/0943d6fd02bdc7b49c8f495e8787a2cb","name":"Marcelo Oliveira de A. Maranhao","image":{"@type":"ImageObject","inLanguage":"pt-BR","@id":"https:\/\/secure.gravatar.com\/avatar\/f562caee940d39879c20e90eea3e4b21860c7d4c96684c23141c554824f0059c?s=96&d=mm&r=g","url":"https:\/\/secure.gravatar.com\/avatar\/f562caee940d39879c20e90eea3e4b21860c7d4c96684c23141c554824f0059c?s=96&d=mm&r=g","contentUrl":"https:\/\/secure.gravatar.com\/avatar\/f562caee940d39879c20e90eea3e4b21860c7d4c96684c23141c554824f0059c?s=96&d=mm&r=g","caption":"Marcelo Oliveira de A. Maranhao"},"url":"https:\/\/diariodepe.com.br\/xinhua\/author\/marcelo-maranhao\/"}]}},"cc_featured_image_caption":{"caption_text":"","source_text":"","source_url":""},"amp_enabled":true,"_links":{"self":[{"href":"https:\/\/diariodepe.com.br\/xinhua\/wp-json\/wp\/v2\/posts\/25717","targetHints":{"allow":["GET"]}}],"collection":[{"href":"https:\/\/diariodepe.com.br\/xinhua\/wp-json\/wp\/v2\/posts"}],"about":[{"href":"https:\/\/diariodepe.com.br\/xinhua\/wp-json\/wp\/v2\/types\/post"}],"author":[{"embeddable":true,"href":"https:\/\/diariodepe.com.br\/xinhua\/wp-json\/wp\/v2\/users\/3"}],"replies":[{"embeddable":true,"href":"https:\/\/diariodepe.com.br\/xinhua\/wp-json\/wp\/v2\/comments?post=25717"}],"version-history":[{"count":1,"href":"https:\/\/diariodepe.com.br\/xinhua\/wp-json\/wp\/v2\/posts\/25717\/revisions"}],"predecessor-version":[{"id":25719,"href":"https:\/\/diariodepe.com.br\/xinhua\/wp-json\/wp\/v2\/posts\/25717\/revisions\/25719"}],"wp:featuredmedia":[{"embeddable":true,"href":"https:\/\/diariodepe.com.br\/xinhua\/wp-json\/wp\/v2\/media\/25718"}],"wp:attachment":[{"href":"https:\/\/diariodepe.com.br\/xinhua\/wp-json\/wp\/v2\/media?parent=25717"}],"wp:term":[{"taxonomy":"category","embeddable":true,"href":"https:\/\/diariodepe.com.br\/xinhua\/wp-json\/wp\/v2\/categories?post=25717"},{"taxonomy":"post_tag","embeddable":true,"href":"https:\/\/diariodepe.com.br\/xinhua\/wp-json\/wp\/v2\/tags?post=25717"}],"curies":[{"name":"wp","href":"https:\/\/api.w.org\/{rel}","templated":true}]}}