{"id":25699,"date":"2025-02-24T09:57:00","date_gmt":"2025-02-24T12:57:00","guid":{"rendered":"https:\/\/www.diariodepe.com.br\/xinhua\/?p=25699"},"modified":"2025-02-24T09:57:01","modified_gmt":"2025-02-24T12:57:01","slug":"feira-de-cantao-e-apresentada-para-executivos-em-sao-paulo","status":"publish","type":"post","link":"https:\/\/diariodepe.com.br\/xinhua\/2025\/02\/24\/feira-de-cantao-e-apresentada-para-executivos-em-sao-paulo\/","title":{"rendered":"Feira de Cant\u00e3o \u00e9 apresentada para executivos em S\u00e3o Paulo"},"content":{"rendered":"\n<p>&nbsp;S\u00e3o Paulo recebeu nesta semana uma apresenta\u00e7\u00e3o especial da Feira de Cant\u00e3o ou Canton Fair, o maior evento de importa\u00e7\u00e3o e exporta\u00e7\u00e3o da China, que acontece na cidade de Guangzhou.<\/p>\n\n\n\n<p>&nbsp; &nbsp;O encontro reuniu cerca de 100 pessoas, entre executivos brasileiros e chineses, interessados em expandir as rela\u00e7\u00f5es comerciais entre os dois pa\u00edses.<\/p>\n\n\n\n<p>&nbsp; &nbsp;Representantes chineses apresentaram as novidades da pr\u00f3xima edi\u00e7\u00e3o do evento, que contar\u00e1 com inova\u00e7\u00f5es nos setores de tecnologia, manufatura e sustentabilidade.<\/p>\n\n\n\n<p>&nbsp; &nbsp;Empres\u00e1rios brasileiros tamb\u00e9m tiveram a oportunidade de compartilhar experi\u00eancias e casos de sucesso resultantes de participa\u00e7\u00f5es anteriores na Feira de Cant\u00e3o.<\/p>\n\n\n\n<p>&nbsp; &nbsp;O setor de importa\u00e7\u00e3o, principalmente de m\u00e1quinas, eletr\u00f4nicos e produtos de consumo, foi apontado como um dos principais interesses dos participantes.<\/p>\n\n\n\n<p>&nbsp; &nbsp;O evento refor\u00e7ou o papel da Feira de Cant\u00e3o como um elo estrat\u00e9gico entre o Brasil e a China, impulsionando o crescimento do com\u00e9rcio bilateral e abrindo portas para novas parcerias.<\/p>\n\n\n\n<p>&nbsp; &nbsp;Com a aproxima\u00e7\u00e3o entre os empres\u00e1rios dos dois pa\u00edses, a expectativa \u00e9 de que a pr\u00f3xima edi\u00e7\u00e3o do evento tenha uma participa\u00e7\u00e3o ainda maior do empresariado brasileiro.<\/p>\n\n\n\n<p>&nbsp; &nbsp;Ao final, todos estavam certos de que China e Brasil andam lado a lado e que os la\u00e7os de amizade bilateral sustentam o crescimento das duas na\u00e7\u00f5es.<\/p>\n","protected":false},"excerpt":{"rendered":"<p>&nbsp;S\u00e3o Paulo recebeu nesta semana uma apresenta\u00e7\u00e3o especial da Feira de Cant\u00e3o ou Canton Fair, o maior evento de importa\u00e7\u00e3o e exporta\u00e7\u00e3o da China, que acontece na cidade de Guangzhou. &nbsp; &nbsp;O encontro reuniu cerca de 100 pessoas, entre executivos&#8230;<\/p>\n","protected":false},"author":3,"featured_media":25700,"comment_status":"open","ping_status":"open","sticky":false,"template":"","format":"standard","meta":{"footnotes":""},"categories":[1],"tags":[],"class_list":["post-25699","post","type-post","status-publish","format-standard","has-post-thumbnail","hentry","category-geral"],"yoast_head":"<!-- This site is optimized with the Yoast SEO plugin v27.4 - https:\/\/yoast.com\/product\/yoast-seo-wordpress\/ -->\n<title>Feira de Cant\u00e3o \u00e9 apresentada para executivos em S\u00e3o Paulo - Xinhua - Diario de Pernambuco<\/title>\n<meta name=\"robots\" content=\"index, follow, max-snippet:-1, max-image-preview:large, max-video-preview:-1\" \/>\n<link rel=\"canonical\" href=\"https:\/\/diariodepe.com.br\/xinhua\/2025\/02\/24\/feira-de-cantao-e-apresentada-para-executivos-em-sao-paulo\/\" \/>\n<meta property=\"og:locale\" content=\"pt_BR\" \/>\n<meta property=\"og:type\" content=\"article\" \/>\n<meta property=\"og:title\" content=\"Feira de Cant\u00e3o \u00e9 apresentada para executivos em S\u00e3o Paulo - Xinhua - Diario de Pernambuco\" \/>\n<meta property=\"og:description\" content=\"&nbsp;S\u00e3o Paulo recebeu nesta semana uma apresenta\u00e7\u00e3o especial da Feira de Cant\u00e3o ou Canton Fair, o maior evento de importa\u00e7\u00e3o e exporta\u00e7\u00e3o da China, que acontece na cidade de Guangzhou. &nbsp; &nbsp;O encontro reuniu cerca de 100 pessoas, entre executivos...\" \/>\n<meta property=\"og:url\" content=\"https:\/\/diariodepe.com.br\/xinhua\/2025\/02\/24\/feira-de-cantao-e-apresentada-para-executivos-em-sao-paulo\/\" \/>\n<meta property=\"og:site_name\" content=\"Xinhua - Diario de Pernambuco\" \/>\n<meta property=\"article:published_time\" content=\"2025-02-24T12:57:00+00:00\" \/>\n<meta property=\"article:modified_time\" content=\"2025-02-24T12:57:01+00:00\" \/>\n<meta property=\"og:image\" content=\"https:\/\/diariodepe.com.br\/xinhua\/wp-content\/uploads\/sites\/3\/2025\/02\/ca8e354916cd4fe2b8092a15872c1bbb.jpg\" \/>\n\t<meta property=\"og:image:width\" content=\"1000\" \/>\n\t<meta property=\"og:image:height\" content=\"500\" \/>\n\t<meta property=\"og:image:type\" content=\"image\/jpeg\" \/>\n<meta name=\"author\" content=\"Marcelo Oliveira de A. Maranhao\" \/>\n<meta name=\"twitter:card\" content=\"summary_large_image\" \/>\n<meta name=\"twitter:label1\" content=\"Escrito por\" \/>\n\t<meta name=\"twitter:data1\" content=\"Marcelo Oliveira de A. Maranhao\" \/>\n\t<meta name=\"twitter:label2\" content=\"Est. tempo de leitura\" \/>\n\t<meta name=\"twitter:data2\" content=\"2 minutos\" \/>\n<script type=\"application\/ld+json\" class=\"yoast-schema-graph\">{\"@context\":\"https:\\\/\\\/schema.org\",\"@graph\":[{\"@type\":\"Article\",\"@id\":\"https:\\\/\\\/diariodepe.com.br\\\/xinhua\\\/2025\\\/02\\\/24\\\/feira-de-cantao-e-apresentada-para-executivos-em-sao-paulo\\\/#article\",\"isPartOf\":{\"@id\":\"https:\\\/\\\/diariodepe.com.br\\\/xinhua\\\/2025\\\/02\\\/24\\\/feira-de-cantao-e-apresentada-para-executivos-em-sao-paulo\\\/\"},\"author\":{\"name\":\"Marcelo Oliveira de A. Maranhao\",\"@id\":\"https:\\\/\\\/diariodepe.com.br\\\/xinhua\\\/#\\\/schema\\\/person\\\/0943d6fd02bdc7b49c8f495e8787a2cb\"},\"headline\":\"Feira de Cant\u00e3o \u00e9 apresentada para executivos em S\u00e3o Paulo\",\"datePublished\":\"2025-02-24T12:57:00+00:00\",\"dateModified\":\"2025-02-24T12:57:01+00:00\",\"mainEntityOfPage\":{\"@id\":\"https:\\\/\\\/diariodepe.com.br\\\/xinhua\\\/2025\\\/02\\\/24\\\/feira-de-cantao-e-apresentada-para-executivos-em-sao-paulo\\\/\"},\"wordCount\":254,\"commentCount\":0,\"publisher\":{\"@id\":\"https:\\\/\\\/diariodepe.com.br\\\/xinhua\\\/#organization\"},\"image\":{\"@id\":\"https:\\\/\\\/diariodepe.com.br\\\/xinhua\\\/2025\\\/02\\\/24\\\/feira-de-cantao-e-apresentada-para-executivos-em-sao-paulo\\\/#primaryimage\"},\"thumbnailUrl\":\"https:\\\/\\\/diariodepe.com.br\\\/xinhua\\\/wp-content\\\/uploads\\\/sites\\\/3\\\/2025\\\/02\\\/ca8e354916cd4fe2b8092a15872c1bbb.jpg\",\"articleSection\":[\"Geral\"],\"inLanguage\":\"pt-BR\",\"potentialAction\":[{\"@type\":\"CommentAction\",\"name\":\"Comment\",\"target\":[\"https:\\\/\\\/diariodepe.com.br\\\/xinhua\\\/2025\\\/02\\\/24\\\/feira-de-cantao-e-apresentada-para-executivos-em-sao-paulo\\\/#respond\"]}]},{\"@type\":\"WebPage\",\"@id\":\"https:\\\/\\\/diariodepe.com.br\\\/xinhua\\\/2025\\\/02\\\/24\\\/feira-de-cantao-e-apresentada-para-executivos-em-sao-paulo\\\/\",\"url\":\"https:\\\/\\\/diariodepe.com.br\\\/xinhua\\\/2025\\\/02\\\/24\\\/feira-de-cantao-e-apresentada-para-executivos-em-sao-paulo\\\/\",\"name\":\"Feira de Cant\u00e3o \u00e9 apresentada para executivos em S\u00e3o Paulo - Xinhua - Diario de Pernambuco\",\"isPartOf\":{\"@id\":\"https:\\\/\\\/diariodepe.com.br\\\/xinhua\\\/#website\"},\"primaryImageOfPage\":{\"@id\":\"https:\\\/\\\/diariodepe.com.br\\\/xinhua\\\/2025\\\/02\\\/24\\\/feira-de-cantao-e-apresentada-para-executivos-em-sao-paulo\\\/#primaryimage\"},\"image\":{\"@id\":\"https:\\\/\\\/diariodepe.com.br\\\/xinhua\\\/2025\\\/02\\\/24\\\/feira-de-cantao-e-apresentada-para-executivos-em-sao-paulo\\\/#primaryimage\"},\"thumbnailUrl\":\"https:\\\/\\\/diariodepe.com.br\\\/xinhua\\\/wp-content\\\/uploads\\\/sites\\\/3\\\/2025\\\/02\\\/ca8e354916cd4fe2b8092a15872c1bbb.jpg\",\"datePublished\":\"2025-02-24T12:57:00+00:00\",\"dateModified\":\"2025-02-24T12:57:01+00:00\",\"breadcrumb\":{\"@id\":\"https:\\\/\\\/diariodepe.com.br\\\/xinhua\\\/2025\\\/02\\\/24\\\/feira-de-cantao-e-apresentada-para-executivos-em-sao-paulo\\\/#breadcrumb\"},\"inLanguage\":\"pt-BR\",\"potentialAction\":[{\"@type\":\"ReadAction\",\"target\":[\"https:\\\/\\\/diariodepe.com.br\\\/xinhua\\\/2025\\\/02\\\/24\\\/feira-de-cantao-e-apresentada-para-executivos-em-sao-paulo\\\/\"]}]},{\"@type\":\"ImageObject\",\"inLanguage\":\"pt-BR\",\"@id\":\"https:\\\/\\\/diariodepe.com.br\\\/xinhua\\\/2025\\\/02\\\/24\\\/feira-de-cantao-e-apresentada-para-executivos-em-sao-paulo\\\/#primaryimage\",\"url\":\"https:\\\/\\\/diariodepe.com.br\\\/xinhua\\\/wp-content\\\/uploads\\\/sites\\\/3\\\/2025\\\/02\\\/ca8e354916cd4fe2b8092a15872c1bbb.jpg\",\"contentUrl\":\"https:\\\/\\\/diariodepe.com.br\\\/xinhua\\\/wp-content\\\/uploads\\\/sites\\\/3\\\/2025\\\/02\\\/ca8e354916cd4fe2b8092a15872c1bbb.jpg\",\"width\":1000,\"height\":500},{\"@type\":\"BreadcrumbList\",\"@id\":\"https:\\\/\\\/diariodepe.com.br\\\/xinhua\\\/2025\\\/02\\\/24\\\/feira-de-cantao-e-apresentada-para-executivos-em-sao-paulo\\\/#breadcrumb\",\"itemListElement\":[{\"@type\":\"ListItem\",\"position\":1,\"name\":\"In\u00edcio\",\"item\":\"https:\\\/\\\/diariodepe.com.br\\\/xinhua\\\/\"},{\"@type\":\"ListItem\",\"position\":2,\"name\":\"Feira de Cant\u00e3o \u00e9 apresentada para executivos em S\u00e3o Paulo\"}]},{\"@type\":\"WebSite\",\"@id\":\"https:\\\/\\\/diariodepe.com.br\\\/xinhua\\\/#website\",\"url\":\"https:\\\/\\\/diariodepe.com.br\\\/xinhua\\\/\",\"name\":\"Xinhua - Diario de Pernambuco\",\"description\":\"A maior ag\u00eancia de not\u00edcias da China e um dos principais canais para conhecer o pa\u00eds\",\"publisher\":{\"@id\":\"https:\\\/\\\/diariodepe.com.br\\\/xinhua\\\/#organization\"},\"potentialAction\":[{\"@type\":\"SearchAction\",\"target\":{\"@type\":\"EntryPoint\",\"urlTemplate\":\"https:\\\/\\\/diariodepe.com.br\\\/xinhua\\\/?s={search_term_string}\"},\"query-input\":{\"@type\":\"PropertyValueSpecification\",\"valueRequired\":true,\"valueName\":\"search_term_string\"}}],\"inLanguage\":\"pt-BR\"},{\"@type\":\"Organization\",\"@id\":\"https:\\\/\\\/diariodepe.com.br\\\/xinhua\\\/#organization\",\"name\":\"Xinhua - Diario de Pernambuco\",\"url\":\"https:\\\/\\\/diariodepe.com.br\\\/xinhua\\\/\",\"logo\":{\"@type\":\"ImageObject\",\"inLanguage\":\"pt-BR\",\"@id\":\"https:\\\/\\\/diariodepe.com.br\\\/xinhua\\\/#\\\/schema\\\/logo\\\/image\\\/\",\"url\":\"https:\\\/\\\/diariodepe.com.br\\\/xinhua\\\/wp-content\\\/uploads\\\/sites\\\/3\\\/2020\\\/10\\\/cropped-logo-transparente-2.png\",\"contentUrl\":\"https:\\\/\\\/diariodepe.com.br\\\/xinhua\\\/wp-content\\\/uploads\\\/sites\\\/3\\\/2020\\\/10\\\/cropped-logo-transparente-2.png\",\"width\":512,\"height\":164,\"caption\":\"Xinhua - Diario de Pernambuco\"},\"image\":{\"@id\":\"https:\\\/\\\/diariodepe.com.br\\\/xinhua\\\/#\\\/schema\\\/logo\\\/image\\\/\"}},{\"@type\":\"Person\",\"@id\":\"https:\\\/\\\/diariodepe.com.br\\\/xinhua\\\/#\\\/schema\\\/person\\\/0943d6fd02bdc7b49c8f495e8787a2cb\",\"name\":\"Marcelo Oliveira de A. Maranhao\",\"image\":{\"@type\":\"ImageObject\",\"inLanguage\":\"pt-BR\",\"@id\":\"https:\\\/\\\/secure.gravatar.com\\\/avatar\\\/f562caee940d39879c20e90eea3e4b21860c7d4c96684c23141c554824f0059c?s=96&d=mm&r=g\",\"url\":\"https:\\\/\\\/secure.gravatar.com\\\/avatar\\\/f562caee940d39879c20e90eea3e4b21860c7d4c96684c23141c554824f0059c?s=96&d=mm&r=g\",\"contentUrl\":\"https:\\\/\\\/secure.gravatar.com\\\/avatar\\\/f562caee940d39879c20e90eea3e4b21860c7d4c96684c23141c554824f0059c?s=96&d=mm&r=g\",\"caption\":\"Marcelo Oliveira de A. Maranhao\"},\"url\":\"https:\\\/\\\/diariodepe.com.br\\\/xinhua\\\/author\\\/marcelo-maranhao\\\/\"}]}<\/script>\n<!-- \/ Yoast SEO plugin. -->","yoast_head_json":{"title":"Feira de Cant\u00e3o \u00e9 apresentada para executivos em S\u00e3o Paulo - Xinhua - Diario de Pernambuco","robots":{"index":"index","follow":"follow","max-snippet":"max-snippet:-1","max-image-preview":"max-image-preview:large","max-video-preview":"max-video-preview:-1"},"canonical":"https:\/\/diariodepe.com.br\/xinhua\/2025\/02\/24\/feira-de-cantao-e-apresentada-para-executivos-em-sao-paulo\/","og_locale":"pt_BR","og_type":"article","og_title":"Feira de Cant\u00e3o \u00e9 apresentada para executivos em S\u00e3o Paulo - Xinhua - Diario de Pernambuco","og_description":"&nbsp;S\u00e3o Paulo recebeu nesta semana uma apresenta\u00e7\u00e3o especial da Feira de Cant\u00e3o ou Canton Fair, o maior evento de importa\u00e7\u00e3o e exporta\u00e7\u00e3o da China, que acontece na cidade de Guangzhou. &nbsp; &nbsp;O encontro reuniu cerca de 100 pessoas, entre executivos...","og_url":"https:\/\/diariodepe.com.br\/xinhua\/2025\/02\/24\/feira-de-cantao-e-apresentada-para-executivos-em-sao-paulo\/","og_site_name":"Xinhua - Diario de Pernambuco","article_published_time":"2025-02-24T12:57:00+00:00","article_modified_time":"2025-02-24T12:57:01+00:00","og_image":[{"width":1000,"height":500,"url":"https:\/\/diariodepe.com.br\/xinhua\/wp-content\/uploads\/sites\/3\/2025\/02\/ca8e354916cd4fe2b8092a15872c1bbb.jpg","type":"image\/jpeg"}],"author":"Marcelo Oliveira de A. Maranhao","twitter_card":"summary_large_image","twitter_misc":{"Escrito por":"Marcelo Oliveira de A. Maranhao","Est. tempo de leitura":"2 minutos"},"schema":{"@context":"https:\/\/schema.org","@graph":[{"@type":"Article","@id":"https:\/\/diariodepe.com.br\/xinhua\/2025\/02\/24\/feira-de-cantao-e-apresentada-para-executivos-em-sao-paulo\/#article","isPartOf":{"@id":"https:\/\/diariodepe.com.br\/xinhua\/2025\/02\/24\/feira-de-cantao-e-apresentada-para-executivos-em-sao-paulo\/"},"author":{"name":"Marcelo Oliveira de A. Maranhao","@id":"https:\/\/diariodepe.com.br\/xinhua\/#\/schema\/person\/0943d6fd02bdc7b49c8f495e8787a2cb"},"headline":"Feira de Cant\u00e3o \u00e9 apresentada para executivos em S\u00e3o Paulo","datePublished":"2025-02-24T12:57:00+00:00","dateModified":"2025-02-24T12:57:01+00:00","mainEntityOfPage":{"@id":"https:\/\/diariodepe.com.br\/xinhua\/2025\/02\/24\/feira-de-cantao-e-apresentada-para-executivos-em-sao-paulo\/"},"wordCount":254,"commentCount":0,"publisher":{"@id":"https:\/\/diariodepe.com.br\/xinhua\/#organization"},"image":{"@id":"https:\/\/diariodepe.com.br\/xinhua\/2025\/02\/24\/feira-de-cantao-e-apresentada-para-executivos-em-sao-paulo\/#primaryimage"},"thumbnailUrl":"https:\/\/diariodepe.com.br\/xinhua\/wp-content\/uploads\/sites\/3\/2025\/02\/ca8e354916cd4fe2b8092a15872c1bbb.jpg","articleSection":["Geral"],"inLanguage":"pt-BR","potentialAction":[{"@type":"CommentAction","name":"Comment","target":["https:\/\/diariodepe.com.br\/xinhua\/2025\/02\/24\/feira-de-cantao-e-apresentada-para-executivos-em-sao-paulo\/#respond"]}]},{"@type":"WebPage","@id":"https:\/\/diariodepe.com.br\/xinhua\/2025\/02\/24\/feira-de-cantao-e-apresentada-para-executivos-em-sao-paulo\/","url":"https:\/\/diariodepe.com.br\/xinhua\/2025\/02\/24\/feira-de-cantao-e-apresentada-para-executivos-em-sao-paulo\/","name":"Feira de Cant\u00e3o \u00e9 apresentada para executivos em S\u00e3o Paulo - Xinhua - Diario de Pernambuco","isPartOf":{"@id":"https:\/\/diariodepe.com.br\/xinhua\/#website"},"primaryImageOfPage":{"@id":"https:\/\/diariodepe.com.br\/xinhua\/2025\/02\/24\/feira-de-cantao-e-apresentada-para-executivos-em-sao-paulo\/#primaryimage"},"image":{"@id":"https:\/\/diariodepe.com.br\/xinhua\/2025\/02\/24\/feira-de-cantao-e-apresentada-para-executivos-em-sao-paulo\/#primaryimage"},"thumbnailUrl":"https:\/\/diariodepe.com.br\/xinhua\/wp-content\/uploads\/sites\/3\/2025\/02\/ca8e354916cd4fe2b8092a15872c1bbb.jpg","datePublished":"2025-02-24T12:57:00+00:00","dateModified":"2025-02-24T12:57:01+00:00","breadcrumb":{"@id":"https:\/\/diariodepe.com.br\/xinhua\/2025\/02\/24\/feira-de-cantao-e-apresentada-para-executivos-em-sao-paulo\/#breadcrumb"},"inLanguage":"pt-BR","potentialAction":[{"@type":"ReadAction","target":["https:\/\/diariodepe.com.br\/xinhua\/2025\/02\/24\/feira-de-cantao-e-apresentada-para-executivos-em-sao-paulo\/"]}]},{"@type":"ImageObject","inLanguage":"pt-BR","@id":"https:\/\/diariodepe.com.br\/xinhua\/2025\/02\/24\/feira-de-cantao-e-apresentada-para-executivos-em-sao-paulo\/#primaryimage","url":"https:\/\/diariodepe.com.br\/xinhua\/wp-content\/uploads\/sites\/3\/2025\/02\/ca8e354916cd4fe2b8092a15872c1bbb.jpg","contentUrl":"https:\/\/diariodepe.com.br\/xinhua\/wp-content\/uploads\/sites\/3\/2025\/02\/ca8e354916cd4fe2b8092a15872c1bbb.jpg","width":1000,"height":500},{"@type":"BreadcrumbList","@id":"https:\/\/diariodepe.com.br\/xinhua\/2025\/02\/24\/feira-de-cantao-e-apresentada-para-executivos-em-sao-paulo\/#breadcrumb","itemListElement":[{"@type":"ListItem","position":1,"name":"In\u00edcio","item":"https:\/\/diariodepe.com.br\/xinhua\/"},{"@type":"ListItem","position":2,"name":"Feira de Cant\u00e3o \u00e9 apresentada para executivos em S\u00e3o Paulo"}]},{"@type":"WebSite","@id":"https:\/\/diariodepe.com.br\/xinhua\/#website","url":"https:\/\/diariodepe.com.br\/xinhua\/","name":"Xinhua - Diario de Pernambuco","description":"A maior ag\u00eancia de not\u00edcias da China e um dos principais canais para conhecer o pa\u00eds","publisher":{"@id":"https:\/\/diariodepe.com.br\/xinhua\/#organization"},"potentialAction":[{"@type":"SearchAction","target":{"@type":"EntryPoint","urlTemplate":"https:\/\/diariodepe.com.br\/xinhua\/?s={search_term_string}"},"query-input":{"@type":"PropertyValueSpecification","valueRequired":true,"valueName":"search_term_string"}}],"inLanguage":"pt-BR"},{"@type":"Organization","@id":"https:\/\/diariodepe.com.br\/xinhua\/#organization","name":"Xinhua - Diario de Pernambuco","url":"https:\/\/diariodepe.com.br\/xinhua\/","logo":{"@type":"ImageObject","inLanguage":"pt-BR","@id":"https:\/\/diariodepe.com.br\/xinhua\/#\/schema\/logo\/image\/","url":"https:\/\/diariodepe.com.br\/xinhua\/wp-content\/uploads\/sites\/3\/2020\/10\/cropped-logo-transparente-2.png","contentUrl":"https:\/\/diariodepe.com.br\/xinhua\/wp-content\/uploads\/sites\/3\/2020\/10\/cropped-logo-transparente-2.png","width":512,"height":164,"caption":"Xinhua - Diario de Pernambuco"},"image":{"@id":"https:\/\/diariodepe.com.br\/xinhua\/#\/schema\/logo\/image\/"}},{"@type":"Person","@id":"https:\/\/diariodepe.com.br\/xinhua\/#\/schema\/person\/0943d6fd02bdc7b49c8f495e8787a2cb","name":"Marcelo Oliveira de A. Maranhao","image":{"@type":"ImageObject","inLanguage":"pt-BR","@id":"https:\/\/secure.gravatar.com\/avatar\/f562caee940d39879c20e90eea3e4b21860c7d4c96684c23141c554824f0059c?s=96&d=mm&r=g","url":"https:\/\/secure.gravatar.com\/avatar\/f562caee940d39879c20e90eea3e4b21860c7d4c96684c23141c554824f0059c?s=96&d=mm&r=g","contentUrl":"https:\/\/secure.gravatar.com\/avatar\/f562caee940d39879c20e90eea3e4b21860c7d4c96684c23141c554824f0059c?s=96&d=mm&r=g","caption":"Marcelo Oliveira de A. Maranhao"},"url":"https:\/\/diariodepe.com.br\/xinhua\/author\/marcelo-maranhao\/"}]}},"cc_featured_image_caption":{"caption_text":"","source_text":"","source_url":""},"amp_enabled":true,"_links":{"self":[{"href":"https:\/\/diariodepe.com.br\/xinhua\/wp-json\/wp\/v2\/posts\/25699","targetHints":{"allow":["GET"]}}],"collection":[{"href":"https:\/\/diariodepe.com.br\/xinhua\/wp-json\/wp\/v2\/posts"}],"about":[{"href":"https:\/\/diariodepe.com.br\/xinhua\/wp-json\/wp\/v2\/types\/post"}],"author":[{"embeddable":true,"href":"https:\/\/diariodepe.com.br\/xinhua\/wp-json\/wp\/v2\/users\/3"}],"replies":[{"embeddable":true,"href":"https:\/\/diariodepe.com.br\/xinhua\/wp-json\/wp\/v2\/comments?post=25699"}],"version-history":[{"count":1,"href":"https:\/\/diariodepe.com.br\/xinhua\/wp-json\/wp\/v2\/posts\/25699\/revisions"}],"predecessor-version":[{"id":25701,"href":"https:\/\/diariodepe.com.br\/xinhua\/wp-json\/wp\/v2\/posts\/25699\/revisions\/25701"}],"wp:featuredmedia":[{"embeddable":true,"href":"https:\/\/diariodepe.com.br\/xinhua\/wp-json\/wp\/v2\/media\/25700"}],"wp:attachment":[{"href":"https:\/\/diariodepe.com.br\/xinhua\/wp-json\/wp\/v2\/media?parent=25699"}],"wp:term":[{"taxonomy":"category","embeddable":true,"href":"https:\/\/diariodepe.com.br\/xinhua\/wp-json\/wp\/v2\/categories?post=25699"},{"taxonomy":"post_tag","embeddable":true,"href":"https:\/\/diariodepe.com.br\/xinhua\/wp-json\/wp\/v2\/tags?post=25699"}],"curies":[{"name":"wp","href":"https:\/\/api.w.org\/{rel}","templated":true}]}}