{"id":25691,"date":"2025-02-21T16:01:00","date_gmt":"2025-02-21T19:01:00","guid":{"rendered":"https:\/\/www.diariodepe.com.br\/xinhua\/?p=25691"},"modified":"2025-02-21T09:21:58","modified_gmt":"2025-02-21T12:21:58","slug":"exposicao-internacional-de-defesa-e-inaugurada-nos-emirados-arabes-unidos","status":"publish","type":"post","link":"https:\/\/diariodepe.com.br\/xinhua\/2025\/02\/21\/exposicao-internacional-de-defesa-e-inaugurada-nos-emirados-arabes-unidos\/","title":{"rendered":"Exposi\u00e7\u00e3o internacional de defesa \u00e9 inaugurada nos Emirados \u00c1rabes Unidos"},"content":{"rendered":"\n<p>Abu Dhabi &#8211; A Exposi\u00e7\u00e3o e Confer\u00eancia Internacional de Defesa 2025, juntamente com a Exposi\u00e7\u00e3o de Defesa Naval e Seguran\u00e7a Mar\u00edtima, foi inaugurada nesta segunda-feira na capital dos Emirados \u00c1rabes Unidos (EAU).<\/p>\n\n\n\n<p>O evento atraiu 1.565 empresas de defesa de 65 pa\u00edses para apresentar as mais recentes tecnologias e solu\u00e7\u00f5es de defesa destinadas a promover a paz e a seguran\u00e7a internacionais.<\/p>\n\n\n\n<p>O espa\u00e7o de exposi\u00e7\u00e3o deste ano foi ampliado em 10%, atraindo sete novos pa\u00edses e 731 novas empresas.<\/p>\n\n\n\n<p>As principais empresas de defesa chinesas tamb\u00e9m est\u00e3o participando do evento para expor uma variedade de equipamentos navais, incluindo embarca\u00e7\u00f5es de superf\u00edcie, submarinos, armas subaqu\u00e1ticas e sistemas n\u00e3o tripulados, bem como produtos de outros setores de defesa, como terrestre, a\u00e9reo e espacial.<\/p>\n\n\n\n<p>A exibi\u00e7\u00e3o de seus \u00faltimos avan\u00e7os em pesquisa, design, constru\u00e7\u00e3o e integra\u00e7\u00e3o de equipamentos navais pela China Shipbuilding Group Corporation &#8211; um dos maiores grupos de constru\u00e7\u00e3o naval do mundo &#8211; ressalta o importante papel da China no setor de defesa global.<\/p>\n\n\n\n<p>O presidente dos Emirados \u00c1rabes Unidos, Sheikh Mohamed bin Zayed Al Nahyan, visitou a exposi\u00e7\u00e3o, observando que ela se tornou uma plataforma cr\u00edtica para a ind\u00fastria de defesa global, que atrai empresas de primeira linha e especialistas em todo o mundo para impulsionar o progresso na seguran\u00e7a e estabilidade globais.<\/p>\n\n\n\n<p>O evento ocorrer\u00e1 at\u00e9 21 de fevereiro, com confer\u00eancias sobre t\u00f3picos importantes como seguran\u00e7a cibern\u00e9tica, seguran\u00e7a espacial, intelig\u00eancia artificial e defesa moderna programadas junto com a exposi\u00e7\u00e3o.<\/p>\n\n\n\n<figure class=\"wp-block-image\"><img decoding=\"async\" src=\"https:\/\/portuguese.news.cn\/20250221\/fd62d5fee8c045e0a6d259c5c55eb9f7\/20250221fd62d5fee8c045e0a6d259c5c55eb9f7_2025022150895514bdbe435abac495b962b9dcd3.jpeg\" alt=\"\"\/><\/figure>\n\n\n\n<p>Foto tirada em 17 de fevereiro de 2025 mostra o estande da China Shipbuilding Group Corporation na Exposi\u00e7\u00e3o e Confer\u00eancia Internacional de Defesa de 2025 em Abu Dhabi, nos Emirados \u00c1rabes Unidos (EAU). A Exposi\u00e7\u00e3o e Confer\u00eancia Internacional de Defesa 2025 em andamento, juntamente com a Exposi\u00e7\u00e3o de Defesa Naval e Seguran\u00e7a Mar\u00edtima, \u00e9 realizada na capital dos Emirados \u00c1rabes Unidos (EAU). O evento atraiu 1.565 empresas de defesa de 65 pa\u00edses para apresentar as mais recentes tecnologias e solu\u00e7\u00f5es de defesa destinadas a promover a paz e a seguran\u00e7a internacionais, e ocorrer\u00e1 at\u00e9 21 de fevereiro. (Xinhua\/Wen Xinnian)<\/p>\n","protected":false},"excerpt":{"rendered":"<p>Abu Dhabi &#8211; A Exposi\u00e7\u00e3o e Confer\u00eancia Internacional de Defesa 2025, juntamente com a Exposi\u00e7\u00e3o de Defesa Naval e Seguran\u00e7a Mar\u00edtima, foi inaugurada nesta segunda-feira na capital dos Emirados \u00c1rabes Unidos (EAU). O evento atraiu 1.565 empresas de defesa de&#8230;<\/p>\n","protected":false},"author":3,"featured_media":25692,"comment_status":"open","ping_status":"open","sticky":false,"template":"","format":"standard","meta":{"footnotes":""},"categories":[4],"tags":[],"class_list":["post-25691","post","type-post","status-publish","format-standard","has-post-thumbnail","hentry","category-internacional"],"yoast_head":"<!-- This site is optimized with the Yoast SEO plugin v27.4 - https:\/\/yoast.com\/product\/yoast-seo-wordpress\/ -->\n<title>Exposi\u00e7\u00e3o internacional de defesa \u00e9 inaugurada nos Emirados \u00c1rabes Unidos - Xinhua - Diario de Pernambuco<\/title>\n<meta name=\"robots\" content=\"index, follow, max-snippet:-1, max-image-preview:large, max-video-preview:-1\" \/>\n<link rel=\"canonical\" href=\"https:\/\/diariodepe.com.br\/xinhua\/2025\/02\/21\/exposicao-internacional-de-defesa-e-inaugurada-nos-emirados-arabes-unidos\/\" \/>\n<meta property=\"og:locale\" content=\"pt_BR\" \/>\n<meta property=\"og:type\" content=\"article\" \/>\n<meta property=\"og:title\" content=\"Exposi\u00e7\u00e3o internacional de defesa \u00e9 inaugurada nos Emirados \u00c1rabes Unidos - Xinhua - Diario de Pernambuco\" \/>\n<meta property=\"og:description\" content=\"Abu Dhabi &#8211; A Exposi\u00e7\u00e3o e Confer\u00eancia Internacional de Defesa 2025, juntamente com a Exposi\u00e7\u00e3o de Defesa Naval e Seguran\u00e7a Mar\u00edtima, foi inaugurada nesta segunda-feira na capital dos Emirados \u00c1rabes Unidos (EAU). O evento atraiu 1.565 empresas de defesa de...\" \/>\n<meta property=\"og:url\" content=\"https:\/\/diariodepe.com.br\/xinhua\/2025\/02\/21\/exposicao-internacional-de-defesa-e-inaugurada-nos-emirados-arabes-unidos\/\" \/>\n<meta property=\"og:site_name\" content=\"Xinhua - Diario de Pernambuco\" \/>\n<meta property=\"article:published_time\" content=\"2025-02-21T19:01:00+00:00\" \/>\n<meta property=\"og:image\" content=\"https:\/\/diariodepe.com.br\/xinhua\/wp-content\/uploads\/sites\/3\/2025\/02\/20250221fd62d5fee8c045e0a6d259c5c55eb9f7_20250221e0a2e5e6c72641cc8d344e1a40c86544.png\" \/>\n\t<meta property=\"og:image:width\" content=\"1019\" \/>\n\t<meta property=\"og:image:height\" content=\"688\" \/>\n\t<meta property=\"og:image:type\" content=\"image\/png\" \/>\n<meta name=\"author\" content=\"Marcelo Oliveira de A. Maranhao\" \/>\n<meta name=\"twitter:card\" content=\"summary_large_image\" \/>\n<meta name=\"twitter:label1\" content=\"Escrito por\" \/>\n\t<meta name=\"twitter:data1\" content=\"Marcelo Oliveira de A. Maranhao\" \/>\n\t<meta name=\"twitter:label2\" content=\"Est. tempo de leitura\" \/>\n\t<meta name=\"twitter:data2\" content=\"3 minutos\" \/>\n<script type=\"application\/ld+json\" class=\"yoast-schema-graph\">{\"@context\":\"https:\\\/\\\/schema.org\",\"@graph\":[{\"@type\":\"Article\",\"@id\":\"https:\\\/\\\/diariodepe.com.br\\\/xinhua\\\/2025\\\/02\\\/21\\\/exposicao-internacional-de-defesa-e-inaugurada-nos-emirados-arabes-unidos\\\/#article\",\"isPartOf\":{\"@id\":\"https:\\\/\\\/diariodepe.com.br\\\/xinhua\\\/2025\\\/02\\\/21\\\/exposicao-internacional-de-defesa-e-inaugurada-nos-emirados-arabes-unidos\\\/\"},\"author\":{\"name\":\"Marcelo Oliveira de A. Maranhao\",\"@id\":\"https:\\\/\\\/diariodepe.com.br\\\/xinhua\\\/#\\\/schema\\\/person\\\/0943d6fd02bdc7b49c8f495e8787a2cb\"},\"headline\":\"Exposi\u00e7\u00e3o internacional de defesa \u00e9 inaugurada nos Emirados \u00c1rabes Unidos\",\"datePublished\":\"2025-02-21T19:01:00+00:00\",\"mainEntityOfPage\":{\"@id\":\"https:\\\/\\\/diariodepe.com.br\\\/xinhua\\\/2025\\\/02\\\/21\\\/exposicao-internacional-de-defesa-e-inaugurada-nos-emirados-arabes-unidos\\\/\"},\"wordCount\":380,\"commentCount\":0,\"publisher\":{\"@id\":\"https:\\\/\\\/diariodepe.com.br\\\/xinhua\\\/#organization\"},\"image\":{\"@id\":\"https:\\\/\\\/diariodepe.com.br\\\/xinhua\\\/2025\\\/02\\\/21\\\/exposicao-internacional-de-defesa-e-inaugurada-nos-emirados-arabes-unidos\\\/#primaryimage\"},\"thumbnailUrl\":\"https:\\\/\\\/diariodepe.com.br\\\/xinhua\\\/wp-content\\\/uploads\\\/sites\\\/3\\\/2025\\\/02\\\/20250221fd62d5fee8c045e0a6d259c5c55eb9f7_20250221e0a2e5e6c72641cc8d344e1a40c86544.png\",\"articleSection\":[\"Internacional\"],\"inLanguage\":\"pt-BR\",\"potentialAction\":[{\"@type\":\"CommentAction\",\"name\":\"Comment\",\"target\":[\"https:\\\/\\\/diariodepe.com.br\\\/xinhua\\\/2025\\\/02\\\/21\\\/exposicao-internacional-de-defesa-e-inaugurada-nos-emirados-arabes-unidos\\\/#respond\"]}]},{\"@type\":\"WebPage\",\"@id\":\"https:\\\/\\\/diariodepe.com.br\\\/xinhua\\\/2025\\\/02\\\/21\\\/exposicao-internacional-de-defesa-e-inaugurada-nos-emirados-arabes-unidos\\\/\",\"url\":\"https:\\\/\\\/diariodepe.com.br\\\/xinhua\\\/2025\\\/02\\\/21\\\/exposicao-internacional-de-defesa-e-inaugurada-nos-emirados-arabes-unidos\\\/\",\"name\":\"Exposi\u00e7\u00e3o internacional de defesa \u00e9 inaugurada nos Emirados \u00c1rabes Unidos - Xinhua - Diario de Pernambuco\",\"isPartOf\":{\"@id\":\"https:\\\/\\\/diariodepe.com.br\\\/xinhua\\\/#website\"},\"primaryImageOfPage\":{\"@id\":\"https:\\\/\\\/diariodepe.com.br\\\/xinhua\\\/2025\\\/02\\\/21\\\/exposicao-internacional-de-defesa-e-inaugurada-nos-emirados-arabes-unidos\\\/#primaryimage\"},\"image\":{\"@id\":\"https:\\\/\\\/diariodepe.com.br\\\/xinhua\\\/2025\\\/02\\\/21\\\/exposicao-internacional-de-defesa-e-inaugurada-nos-emirados-arabes-unidos\\\/#primaryimage\"},\"thumbnailUrl\":\"https:\\\/\\\/diariodepe.com.br\\\/xinhua\\\/wp-content\\\/uploads\\\/sites\\\/3\\\/2025\\\/02\\\/20250221fd62d5fee8c045e0a6d259c5c55eb9f7_20250221e0a2e5e6c72641cc8d344e1a40c86544.png\",\"datePublished\":\"2025-02-21T19:01:00+00:00\",\"breadcrumb\":{\"@id\":\"https:\\\/\\\/diariodepe.com.br\\\/xinhua\\\/2025\\\/02\\\/21\\\/exposicao-internacional-de-defesa-e-inaugurada-nos-emirados-arabes-unidos\\\/#breadcrumb\"},\"inLanguage\":\"pt-BR\",\"potentialAction\":[{\"@type\":\"ReadAction\",\"target\":[\"https:\\\/\\\/diariodepe.com.br\\\/xinhua\\\/2025\\\/02\\\/21\\\/exposicao-internacional-de-defesa-e-inaugurada-nos-emirados-arabes-unidos\\\/\"]}]},{\"@type\":\"ImageObject\",\"inLanguage\":\"pt-BR\",\"@id\":\"https:\\\/\\\/diariodepe.com.br\\\/xinhua\\\/2025\\\/02\\\/21\\\/exposicao-internacional-de-defesa-e-inaugurada-nos-emirados-arabes-unidos\\\/#primaryimage\",\"url\":\"https:\\\/\\\/diariodepe.com.br\\\/xinhua\\\/wp-content\\\/uploads\\\/sites\\\/3\\\/2025\\\/02\\\/20250221fd62d5fee8c045e0a6d259c5c55eb9f7_20250221e0a2e5e6c72641cc8d344e1a40c86544.png\",\"contentUrl\":\"https:\\\/\\\/diariodepe.com.br\\\/xinhua\\\/wp-content\\\/uploads\\\/sites\\\/3\\\/2025\\\/02\\\/20250221fd62d5fee8c045e0a6d259c5c55eb9f7_20250221e0a2e5e6c72641cc8d344e1a40c86544.png\",\"width\":1019,\"height\":688},{\"@type\":\"BreadcrumbList\",\"@id\":\"https:\\\/\\\/diariodepe.com.br\\\/xinhua\\\/2025\\\/02\\\/21\\\/exposicao-internacional-de-defesa-e-inaugurada-nos-emirados-arabes-unidos\\\/#breadcrumb\",\"itemListElement\":[{\"@type\":\"ListItem\",\"position\":1,\"name\":\"In\u00edcio\",\"item\":\"https:\\\/\\\/diariodepe.com.br\\\/xinhua\\\/\"},{\"@type\":\"ListItem\",\"position\":2,\"name\":\"Exposi\u00e7\u00e3o internacional de defesa \u00e9 inaugurada nos Emirados \u00c1rabes Unidos\"}]},{\"@type\":\"WebSite\",\"@id\":\"https:\\\/\\\/diariodepe.com.br\\\/xinhua\\\/#website\",\"url\":\"https:\\\/\\\/diariodepe.com.br\\\/xinhua\\\/\",\"name\":\"Xinhua - Diario de Pernambuco\",\"description\":\"A maior ag\u00eancia de not\u00edcias da China e um dos principais canais para conhecer o pa\u00eds\",\"publisher\":{\"@id\":\"https:\\\/\\\/diariodepe.com.br\\\/xinhua\\\/#organization\"},\"potentialAction\":[{\"@type\":\"SearchAction\",\"target\":{\"@type\":\"EntryPoint\",\"urlTemplate\":\"https:\\\/\\\/diariodepe.com.br\\\/xinhua\\\/?s={search_term_string}\"},\"query-input\":{\"@type\":\"PropertyValueSpecification\",\"valueRequired\":true,\"valueName\":\"search_term_string\"}}],\"inLanguage\":\"pt-BR\"},{\"@type\":\"Organization\",\"@id\":\"https:\\\/\\\/diariodepe.com.br\\\/xinhua\\\/#organization\",\"name\":\"Xinhua - Diario de Pernambuco\",\"url\":\"https:\\\/\\\/diariodepe.com.br\\\/xinhua\\\/\",\"logo\":{\"@type\":\"ImageObject\",\"inLanguage\":\"pt-BR\",\"@id\":\"https:\\\/\\\/diariodepe.com.br\\\/xinhua\\\/#\\\/schema\\\/logo\\\/image\\\/\",\"url\":\"https:\\\/\\\/diariodepe.com.br\\\/xinhua\\\/wp-content\\\/uploads\\\/sites\\\/3\\\/2020\\\/10\\\/cropped-logo-transparente-2.png\",\"contentUrl\":\"https:\\\/\\\/diariodepe.com.br\\\/xinhua\\\/wp-content\\\/uploads\\\/sites\\\/3\\\/2020\\\/10\\\/cropped-logo-transparente-2.png\",\"width\":512,\"height\":164,\"caption\":\"Xinhua - Diario de Pernambuco\"},\"image\":{\"@id\":\"https:\\\/\\\/diariodepe.com.br\\\/xinhua\\\/#\\\/schema\\\/logo\\\/image\\\/\"}},{\"@type\":\"Person\",\"@id\":\"https:\\\/\\\/diariodepe.com.br\\\/xinhua\\\/#\\\/schema\\\/person\\\/0943d6fd02bdc7b49c8f495e8787a2cb\",\"name\":\"Marcelo Oliveira de A. Maranhao\",\"image\":{\"@type\":\"ImageObject\",\"inLanguage\":\"pt-BR\",\"@id\":\"https:\\\/\\\/secure.gravatar.com\\\/avatar\\\/f562caee940d39879c20e90eea3e4b21860c7d4c96684c23141c554824f0059c?s=96&d=mm&r=g\",\"url\":\"https:\\\/\\\/secure.gravatar.com\\\/avatar\\\/f562caee940d39879c20e90eea3e4b21860c7d4c96684c23141c554824f0059c?s=96&d=mm&r=g\",\"contentUrl\":\"https:\\\/\\\/secure.gravatar.com\\\/avatar\\\/f562caee940d39879c20e90eea3e4b21860c7d4c96684c23141c554824f0059c?s=96&d=mm&r=g\",\"caption\":\"Marcelo Oliveira de A. Maranhao\"},\"url\":\"https:\\\/\\\/diariodepe.com.br\\\/xinhua\\\/author\\\/marcelo-maranhao\\\/\"}]}<\/script>\n<!-- \/ Yoast SEO plugin. -->","yoast_head_json":{"title":"Exposi\u00e7\u00e3o internacional de defesa \u00e9 inaugurada nos Emirados \u00c1rabes Unidos - Xinhua - Diario de Pernambuco","robots":{"index":"index","follow":"follow","max-snippet":"max-snippet:-1","max-image-preview":"max-image-preview:large","max-video-preview":"max-video-preview:-1"},"canonical":"https:\/\/diariodepe.com.br\/xinhua\/2025\/02\/21\/exposicao-internacional-de-defesa-e-inaugurada-nos-emirados-arabes-unidos\/","og_locale":"pt_BR","og_type":"article","og_title":"Exposi\u00e7\u00e3o internacional de defesa \u00e9 inaugurada nos Emirados \u00c1rabes Unidos - Xinhua - Diario de Pernambuco","og_description":"Abu Dhabi &#8211; A Exposi\u00e7\u00e3o e Confer\u00eancia Internacional de Defesa 2025, juntamente com a Exposi\u00e7\u00e3o de Defesa Naval e Seguran\u00e7a Mar\u00edtima, foi inaugurada nesta segunda-feira na capital dos Emirados \u00c1rabes Unidos (EAU). O evento atraiu 1.565 empresas de defesa de...","og_url":"https:\/\/diariodepe.com.br\/xinhua\/2025\/02\/21\/exposicao-internacional-de-defesa-e-inaugurada-nos-emirados-arabes-unidos\/","og_site_name":"Xinhua - Diario de Pernambuco","article_published_time":"2025-02-21T19:01:00+00:00","og_image":[{"width":1019,"height":688,"url":"https:\/\/diariodepe.com.br\/xinhua\/wp-content\/uploads\/sites\/3\/2025\/02\/20250221fd62d5fee8c045e0a6d259c5c55eb9f7_20250221e0a2e5e6c72641cc8d344e1a40c86544.png","type":"image\/png"}],"author":"Marcelo Oliveira de A. Maranhao","twitter_card":"summary_large_image","twitter_misc":{"Escrito por":"Marcelo Oliveira de A. Maranhao","Est. tempo de leitura":"3 minutos"},"schema":{"@context":"https:\/\/schema.org","@graph":[{"@type":"Article","@id":"https:\/\/diariodepe.com.br\/xinhua\/2025\/02\/21\/exposicao-internacional-de-defesa-e-inaugurada-nos-emirados-arabes-unidos\/#article","isPartOf":{"@id":"https:\/\/diariodepe.com.br\/xinhua\/2025\/02\/21\/exposicao-internacional-de-defesa-e-inaugurada-nos-emirados-arabes-unidos\/"},"author":{"name":"Marcelo Oliveira de A. Maranhao","@id":"https:\/\/diariodepe.com.br\/xinhua\/#\/schema\/person\/0943d6fd02bdc7b49c8f495e8787a2cb"},"headline":"Exposi\u00e7\u00e3o internacional de defesa \u00e9 inaugurada nos Emirados \u00c1rabes Unidos","datePublished":"2025-02-21T19:01:00+00:00","mainEntityOfPage":{"@id":"https:\/\/diariodepe.com.br\/xinhua\/2025\/02\/21\/exposicao-internacional-de-defesa-e-inaugurada-nos-emirados-arabes-unidos\/"},"wordCount":380,"commentCount":0,"publisher":{"@id":"https:\/\/diariodepe.com.br\/xinhua\/#organization"},"image":{"@id":"https:\/\/diariodepe.com.br\/xinhua\/2025\/02\/21\/exposicao-internacional-de-defesa-e-inaugurada-nos-emirados-arabes-unidos\/#primaryimage"},"thumbnailUrl":"https:\/\/diariodepe.com.br\/xinhua\/wp-content\/uploads\/sites\/3\/2025\/02\/20250221fd62d5fee8c045e0a6d259c5c55eb9f7_20250221e0a2e5e6c72641cc8d344e1a40c86544.png","articleSection":["Internacional"],"inLanguage":"pt-BR","potentialAction":[{"@type":"CommentAction","name":"Comment","target":["https:\/\/diariodepe.com.br\/xinhua\/2025\/02\/21\/exposicao-internacional-de-defesa-e-inaugurada-nos-emirados-arabes-unidos\/#respond"]}]},{"@type":"WebPage","@id":"https:\/\/diariodepe.com.br\/xinhua\/2025\/02\/21\/exposicao-internacional-de-defesa-e-inaugurada-nos-emirados-arabes-unidos\/","url":"https:\/\/diariodepe.com.br\/xinhua\/2025\/02\/21\/exposicao-internacional-de-defesa-e-inaugurada-nos-emirados-arabes-unidos\/","name":"Exposi\u00e7\u00e3o internacional de defesa \u00e9 inaugurada nos Emirados \u00c1rabes Unidos - Xinhua - Diario de Pernambuco","isPartOf":{"@id":"https:\/\/diariodepe.com.br\/xinhua\/#website"},"primaryImageOfPage":{"@id":"https:\/\/diariodepe.com.br\/xinhua\/2025\/02\/21\/exposicao-internacional-de-defesa-e-inaugurada-nos-emirados-arabes-unidos\/#primaryimage"},"image":{"@id":"https:\/\/diariodepe.com.br\/xinhua\/2025\/02\/21\/exposicao-internacional-de-defesa-e-inaugurada-nos-emirados-arabes-unidos\/#primaryimage"},"thumbnailUrl":"https:\/\/diariodepe.com.br\/xinhua\/wp-content\/uploads\/sites\/3\/2025\/02\/20250221fd62d5fee8c045e0a6d259c5c55eb9f7_20250221e0a2e5e6c72641cc8d344e1a40c86544.png","datePublished":"2025-02-21T19:01:00+00:00","breadcrumb":{"@id":"https:\/\/diariodepe.com.br\/xinhua\/2025\/02\/21\/exposicao-internacional-de-defesa-e-inaugurada-nos-emirados-arabes-unidos\/#breadcrumb"},"inLanguage":"pt-BR","potentialAction":[{"@type":"ReadAction","target":["https:\/\/diariodepe.com.br\/xinhua\/2025\/02\/21\/exposicao-internacional-de-defesa-e-inaugurada-nos-emirados-arabes-unidos\/"]}]},{"@type":"ImageObject","inLanguage":"pt-BR","@id":"https:\/\/diariodepe.com.br\/xinhua\/2025\/02\/21\/exposicao-internacional-de-defesa-e-inaugurada-nos-emirados-arabes-unidos\/#primaryimage","url":"https:\/\/diariodepe.com.br\/xinhua\/wp-content\/uploads\/sites\/3\/2025\/02\/20250221fd62d5fee8c045e0a6d259c5c55eb9f7_20250221e0a2e5e6c72641cc8d344e1a40c86544.png","contentUrl":"https:\/\/diariodepe.com.br\/xinhua\/wp-content\/uploads\/sites\/3\/2025\/02\/20250221fd62d5fee8c045e0a6d259c5c55eb9f7_20250221e0a2e5e6c72641cc8d344e1a40c86544.png","width":1019,"height":688},{"@type":"BreadcrumbList","@id":"https:\/\/diariodepe.com.br\/xinhua\/2025\/02\/21\/exposicao-internacional-de-defesa-e-inaugurada-nos-emirados-arabes-unidos\/#breadcrumb","itemListElement":[{"@type":"ListItem","position":1,"name":"In\u00edcio","item":"https:\/\/diariodepe.com.br\/xinhua\/"},{"@type":"ListItem","position":2,"name":"Exposi\u00e7\u00e3o internacional de defesa \u00e9 inaugurada nos Emirados \u00c1rabes Unidos"}]},{"@type":"WebSite","@id":"https:\/\/diariodepe.com.br\/xinhua\/#website","url":"https:\/\/diariodepe.com.br\/xinhua\/","name":"Xinhua - Diario de Pernambuco","description":"A maior ag\u00eancia de not\u00edcias da China e um dos principais canais para conhecer o pa\u00eds","publisher":{"@id":"https:\/\/diariodepe.com.br\/xinhua\/#organization"},"potentialAction":[{"@type":"SearchAction","target":{"@type":"EntryPoint","urlTemplate":"https:\/\/diariodepe.com.br\/xinhua\/?s={search_term_string}"},"query-input":{"@type":"PropertyValueSpecification","valueRequired":true,"valueName":"search_term_string"}}],"inLanguage":"pt-BR"},{"@type":"Organization","@id":"https:\/\/diariodepe.com.br\/xinhua\/#organization","name":"Xinhua - Diario de Pernambuco","url":"https:\/\/diariodepe.com.br\/xinhua\/","logo":{"@type":"ImageObject","inLanguage":"pt-BR","@id":"https:\/\/diariodepe.com.br\/xinhua\/#\/schema\/logo\/image\/","url":"https:\/\/diariodepe.com.br\/xinhua\/wp-content\/uploads\/sites\/3\/2020\/10\/cropped-logo-transparente-2.png","contentUrl":"https:\/\/diariodepe.com.br\/xinhua\/wp-content\/uploads\/sites\/3\/2020\/10\/cropped-logo-transparente-2.png","width":512,"height":164,"caption":"Xinhua - Diario de Pernambuco"},"image":{"@id":"https:\/\/diariodepe.com.br\/xinhua\/#\/schema\/logo\/image\/"}},{"@type":"Person","@id":"https:\/\/diariodepe.com.br\/xinhua\/#\/schema\/person\/0943d6fd02bdc7b49c8f495e8787a2cb","name":"Marcelo Oliveira de A. Maranhao","image":{"@type":"ImageObject","inLanguage":"pt-BR","@id":"https:\/\/secure.gravatar.com\/avatar\/f562caee940d39879c20e90eea3e4b21860c7d4c96684c23141c554824f0059c?s=96&d=mm&r=g","url":"https:\/\/secure.gravatar.com\/avatar\/f562caee940d39879c20e90eea3e4b21860c7d4c96684c23141c554824f0059c?s=96&d=mm&r=g","contentUrl":"https:\/\/secure.gravatar.com\/avatar\/f562caee940d39879c20e90eea3e4b21860c7d4c96684c23141c554824f0059c?s=96&d=mm&r=g","caption":"Marcelo Oliveira de A. Maranhao"},"url":"https:\/\/diariodepe.com.br\/xinhua\/author\/marcelo-maranhao\/"}]}},"cc_featured_image_caption":{"caption_text":"","source_text":"","source_url":""},"amp_enabled":true,"_links":{"self":[{"href":"https:\/\/diariodepe.com.br\/xinhua\/wp-json\/wp\/v2\/posts\/25691","targetHints":{"allow":["GET"]}}],"collection":[{"href":"https:\/\/diariodepe.com.br\/xinhua\/wp-json\/wp\/v2\/posts"}],"about":[{"href":"https:\/\/diariodepe.com.br\/xinhua\/wp-json\/wp\/v2\/types\/post"}],"author":[{"embeddable":true,"href":"https:\/\/diariodepe.com.br\/xinhua\/wp-json\/wp\/v2\/users\/3"}],"replies":[{"embeddable":true,"href":"https:\/\/diariodepe.com.br\/xinhua\/wp-json\/wp\/v2\/comments?post=25691"}],"version-history":[{"count":1,"href":"https:\/\/diariodepe.com.br\/xinhua\/wp-json\/wp\/v2\/posts\/25691\/revisions"}],"predecessor-version":[{"id":25693,"href":"https:\/\/diariodepe.com.br\/xinhua\/wp-json\/wp\/v2\/posts\/25691\/revisions\/25693"}],"wp:featuredmedia":[{"embeddable":true,"href":"https:\/\/diariodepe.com.br\/xinhua\/wp-json\/wp\/v2\/media\/25692"}],"wp:attachment":[{"href":"https:\/\/diariodepe.com.br\/xinhua\/wp-json\/wp\/v2\/media?parent=25691"}],"wp:term":[{"taxonomy":"category","embeddable":true,"href":"https:\/\/diariodepe.com.br\/xinhua\/wp-json\/wp\/v2\/categories?post=25691"},{"taxonomy":"post_tag","embeddable":true,"href":"https:\/\/diariodepe.com.br\/xinhua\/wp-json\/wp\/v2\/tags?post=25691"}],"curies":[{"name":"wp","href":"https:\/\/api.w.org\/{rel}","templated":true}]}}