{"id":25589,"date":"2025-02-18T11:05:00","date_gmt":"2025-02-18T14:05:00","guid":{"rendered":"https:\/\/www.diariodepe.com.br\/xinhua\/?p=25589"},"modified":"2025-02-18T13:11:01","modified_gmt":"2025-02-18T16:11:01","slug":"frente-fria-transatlantica-atinge-atual-conferencia-de-seguranca-de-munique","status":"publish","type":"post","link":"https:\/\/diariodepe.com.br\/xinhua\/2025\/02\/18\/frente-fria-transatlantica-atinge-atual-conferencia-de-seguranca-de-munique\/","title":{"rendered":"&#8220;Frente fria&#8221; transatl\u00e2ntica atinge atual Confer\u00eancia de Seguran\u00e7a de Munique"},"content":{"rendered":"\n<p>Munique, Alemanha &#8211; A 61\u00aa edi\u00e7\u00e3o da Confer\u00eancia de Seguran\u00e7a de Munique (CSM) colocou as rela\u00e7\u00f5es EUA-Europa sob intenso escrut\u00ednio, com tens\u00f5es aumentando sobre a posi\u00e7\u00e3o de Washington sobre a crise na Ucr\u00e2nia, seus coment\u00e1rios sobre assuntos internos europeus e o recente telefonema do presidente dos EUA, Donald Trump, com o presidente russo, Vladimir Putin.<\/p>\n\n\n\n<p>Todos esses desenvolvimentos, disseram especialistas, contribu\u00edram para a crescente tens\u00e3o nas rela\u00e7\u00f5es transatl\u00e2nticas.<\/p>\n\n\n\n<p><strong>DISCURSO CONTROVERSO<\/strong><\/p>\n\n\n\n<p>&#8220;Se a democracia americana pode sobreviver a 10 anos de repreens\u00e3o de Greta Thunberg, voc\u00eas podem sobreviver a alguns meses de Elon Musk&#8221;.<\/p>\n\n\n\n<p>Essas observa\u00e7\u00f5es foram feitas pelo vice-presidente dos EUA, J.D. Vance, como ele descreveu, feitas &#8220;com todo o humor&#8221; durante seu discurso principal na abertura da confer\u00eancia na sexta-feira. Suas palavras foram seguidas por segundos de sil\u00eancio e, mais tarde, provocaram uma rea\u00e7\u00e3o generalizada em toda a Europa.<\/p>\n\n\n\n<p>A confer\u00eancia deste ano recebeu aten\u00e7\u00e3o especial devido \u00e0s poss\u00edveis solu\u00e7\u00f5es para a crise na Ucr\u00e2nia. A posi\u00e7\u00e3o de Washington estava sob escrut\u00ednio particular, j\u00e1 que Trump havia falado com l\u00edderes russos e ucranianos antes da confer\u00eancia.<\/p>\n\n\n\n<p>No entanto, em seu discurso, Vance apenas abordou brevemente a quest\u00e3o da Ucr\u00e2nia, afirmando que, embora os Estados Unidos acreditassem que uma resolu\u00e7\u00e3o razo\u00e1vel entre a R\u00fassia e a Ucr\u00e2nia fosse poss\u00edvel, a maior amea\u00e7a \u00e0 Europa vinha de dentro. Ele continuou acusando o bloco de abandonar seus valores fundamentais e criticando sua supress\u00e3o da express\u00e3o pol\u00edtica.<\/p>\n\n\n\n<p>&#8220;A forte insatisfa\u00e7\u00e3o com o discurso de Vance entre os participantes \u00e9 o que torna a CSM deste ano diferente, algo nunca visto&#8221;, disse \u00e0 Xinhua, Xiao Qian, vice-chefe do Centro de Seguran\u00e7a e Estrat\u00e9gia Internacional da Universidade de Tsinghua.<\/p>\n\n\n\n<p>Xiao observou que o discurso se desviou completamente do discurso usual das elites de seguran\u00e7a transatl\u00e2nticas nesses f\u00f3runs. Em vez disso, o vice-presidente dos EUA inesperadamente criticou e at\u00e9 mesmo deu serm\u00f5es aos pol\u00edticos europeus, expondo abertamente a cis\u00e3o entre os Estados Unidos e seus aliados europeus.<\/p>\n\n\n\n<p>As palavras de Vance atra\u00edram ampla oposi\u00e7\u00e3o de l\u00edderes europeus, que as veem como interfer\u00eancia externa em suas pol\u00edticas dom\u00e9sticas.<\/p>\n\n\n\n<p>O chanceler alem\u00e3o Olaf Scholz rebateu as declara\u00e7\u00f5es de Vance em seu discurso no dia seguinte, afirmando que a Alemanha &#8220;n\u00e3o aceitaria que estranhos interviessem em sua democracia, suas elei\u00e7\u00f5es e a forma\u00e7\u00e3o democr\u00e1tica da opini\u00e3o p\u00fablica&#8221;.<\/p>\n\n\n\n<p>Da mesma forma, Kaja Kallas, alta representante da Comiss\u00e3o Europeia para rela\u00e7\u00f5es exteriores e pol\u00edtica de seguran\u00e7a, comentou que o discurso de Vance parecia ter a inten\u00e7\u00e3o de provocar conflito com a Europa. &#8220;N\u00e3o queremos brigar com nossos amigos&#8221;, disse ela.<\/p>\n\n\n\n<figure class=\"wp-block-image\"><img decoding=\"async\" src=\"https:\/\/portuguese.news.cn\/20250218\/4c6923da97a646239ee7ecb211c01e59\/202502184c6923da97a646239ee7ecb211c01e59_202502189810aaeb94ad4dbfae2667c63c6bea2a.jpeg\" alt=\"\"\/><\/figure>\n\n\n\n<p>Foto tirada no dia 12 de agosto de 2024 mostra avi\u00e3o de guerra desativado com placas da For\u00e7a A\u00e9rea Ucraniana em parque em Kramatorsk, Donetsk. (Foto por Peter Druk\/Xinhua)<\/p>\n\n\n\n<p><strong>FALHAS DE COORDENA\u00c7\u00c3O NA UCR\u00c2NIA<\/strong><\/p>\n\n\n\n<p>A reuni\u00e3o altamente antecipada de Vance com o presidente ucraniano Volodymyr Zelensky durante o evento de Munique n\u00e3o gerou progresso significativo. Como Trump disse no in\u00edcio desta semana que as negocia\u00e7\u00f5es para o fim da guerra de quase tr\u00eas anos na Ucr\u00e2nia come\u00e7ar\u00e3o &#8220;imediatamente&#8221; ap\u00f3s uma liga\u00e7\u00e3o telef\u00f4nica com Putin, a Europa teme que possa ser marginalizada em potenciais negocia\u00e7\u00f5es sobre a crise na Ucr\u00e2nia.<\/p>\n\n\n\n<p>As preocupa\u00e7\u00f5es foram amplificadas por coment\u00e1rios contundentes do enviado de Trump \u00e0 Ucr\u00e2nia, Keith Kellogg, que declarou no s\u00e1bado que n\u00e3o haver\u00e1 assento para a Europa na mesa nas negocia\u00e7\u00f5es de paz na Ucr\u00e2nia.<\/p>\n\n\n\n<p>Em resposta ao an\u00fancio unilateral de Trump de que ele e Putin concordaram em &#8220;imediatamente&#8221; iniciar as negocia\u00e7\u00f5es de paz, as principais autoridades das rela\u00e7\u00f5es exteriores dos principais pa\u00edses europeus, incluindo Alemanha, Fran\u00e7a e Pol\u00f4nia, emitiram uma declara\u00e7\u00e3o conjunta, destacando que a Ucr\u00e2nia e a Europa devem fazer parte de &#8220;qualquer negocia\u00e7\u00e3o&#8221;.<\/p>\n\n\n\n<p>&#8220;Este momento \u00e9 existencial, e \u00e9 um momento em que a Europa precisa se levantar&#8221;, disse a ministra das Rela\u00e7\u00f5es Exteriores alem\u00e3, Annalena Baerbock, em um painel da CSM. A Europa deve se levantar, observou ela, acrescentando que a resposta \u00e0 fala &#8220;Minha Na\u00e7\u00e3o Primeiro&#8221; dos outros \u00e9 &#8220;Europa Unida&#8221;.<\/p>\n\n\n\n<p>Al\u00e9m da quest\u00e3o da negocia\u00e7\u00e3o, fortes divis\u00f5es transatl\u00e2nticas persistem sobre como garantir a seguran\u00e7a da Ucr\u00e2nia.<\/p>\n\n\n\n<p>Armida van Rij, pesquisadora s\u00eanior da Chatham House, observou que a posi\u00e7\u00e3o dos EUA sobre a crise da Ucr\u00e2nia \u00e9 motivada por &#8220;interesse pr\u00f3prio&#8221;. Washington, observou ela, est\u00e1 mudando da divis\u00e3o de encargos na defesa europeia para a transfer\u00eancia de encargos a fim de reduzir seus gastos com defesa, ao mesmo tempo em que aumenta as vendas de armas para garantir que a Europa permane\u00e7a dependente dos Estados Unidos.<\/p>\n\n\n\n<p><strong>INCERTEZAS NOS LA\u00c7OS TRANSATL\u00c2NTICOS<\/strong><\/p>\n\n\n\n<p>Fundado em 1963, a CSM j\u00e1 foi apelidada de &#8220;reuni\u00e3o familiar transatl\u00e2ntica&#8221; e, desde ent\u00e3o, serviu como plataforma essencial para fortalecer as rela\u00e7\u00f5es EUA-Europa.<\/p>\n\n\n\n<p>No entanto, as diferen\u00e7as entre os Estados Unidos e a Europa no evento deste ano vieram \u00e0 tona, fazendo com que a parceria transatl\u00e2ntica encontrasse uma &#8220;frente fria&#8221;.<\/p>\n\n\n\n<figure class=\"wp-block-image\"><img decoding=\"async\" src=\"https:\/\/portuguese.news.cn\/20250218\/4c6923da97a646239ee7ecb211c01e59\/202502184c6923da97a646239ee7ecb211c01e59_20250218cbfe94531d09440cb4b0aab625a711ae.png\" alt=\"\"\/><\/figure>\n\n\n\n<p>Presidente alem\u00e3o, Frank-Walter Steinmeier, discursa na cerim\u00f4nia de abertura da 61\u00aa edi\u00e7\u00e3o da Confer\u00eancia de Seguran\u00e7a de Munique (CSM) em Munique, Alemanha, no dia 14 de fevereiro de 2025. (Xinhua\/Gao Jing)<\/p>\n\n\n\n<p>Ao discursar na cerim\u00f4nia de abertura da confer\u00eancia, o presidente alem\u00e3o Frank-Walter Steinmeier repreendeu abertamente a posi\u00e7\u00e3o do governo dos EUA em quest\u00f5es como o reassentamento de palestinos em Gaza.<\/p>\n\n\n\n<p>Ele afirmou que o novo governo americano n\u00e3o mostra considera\u00e7\u00e3o pelas regras estabelecidas, pelas parcerias ou pela confian\u00e7a constru\u00edda ao longo do tempo.<\/p>\n\n\n\n<p>Wang Junsheng, pesquisador do Instituto Nacional de Estrat\u00e9gia Internacional da Academia Chinesa de Ci\u00eancias Sociais, observou que os coment\u00e1rios recentes de Trump sobre os territ\u00f3rios canadenses e groenlandeses s\u00e3o um desrespeito mais amplo \u00e0s normas internacionais, corroendo ainda mais a confian\u00e7a na ordem global. Esse sentimento, acrescentou ele, tem sido uma grande fonte de desconforto para a Europa na confer\u00eancia deste ano.<\/p>\n\n\n\n<p>A Europa continua muito incerta sobre o futuro da OTAN e outros mecanismos de coopera\u00e7\u00e3o transatl\u00e2ntica sob a lideran\u00e7a de Trump. Wang destacou que essa ansiedade se estende al\u00e9m das preocupa\u00e7\u00f5es de seguran\u00e7a para quest\u00f5es econ\u00f4micas, incluindo a amea\u00e7a de tarifas punitivas.<\/p>\n\n\n\n<p>Uma pesquisa do Conselho Europeu das Rela\u00e7\u00f5es Exteriores divulgada esta semana revelou que em grandes na\u00e7\u00f5es europeias como Alemanha, Fran\u00e7a, It\u00e1lia e Espanha, menos de 20% dos entrevistados ainda consideram os Estados Unidos um aliado que compartilha valores e interesses comuns.<\/p>\n\n\n\n<p>A coordena\u00e7\u00e3o de pol\u00edticas transatl\u00e2nticas deve ficar cada vez mais dif\u00edcil, disse Xiao, vice-chefe do Centro de Seguran\u00e7a e Estrat\u00e9gia Internacional da Universidade de Tsinghua. A Europa quer que os Estados Unidos permane\u00e7am engajados e solid\u00e1rios. Tamb\u00e9m insiste que o futuro da Europa depende dela, resistindo \u00e0 interfer\u00eancia americana em seus assuntos internos.<\/p>\n\n\n\n<p>Essa contradi\u00e7\u00e3o, ou dilema, pode for\u00e7ar a Europa a buscar maior autonomia estrat\u00e9gica, disse Xiao, acrescentando que a coordena\u00e7\u00e3o de pol\u00edticas entre os Estados Unidos e a Europa enfrentar\u00e1 mais dificuldades.<\/p>\n","protected":false},"excerpt":{"rendered":"<p>Munique, Alemanha &#8211; A 61\u00aa edi\u00e7\u00e3o da Confer\u00eancia de Seguran\u00e7a de Munique (CSM) colocou as rela\u00e7\u00f5es EUA-Europa sob intenso escrut\u00ednio, com tens\u00f5es aumentando sobre a posi\u00e7\u00e3o de Washington sobre a crise na Ucr\u00e2nia, seus coment\u00e1rios sobre assuntos internos europeus e&#8230;<\/p>\n","protected":false},"author":3,"featured_media":25590,"comment_status":"open","ping_status":"open","sticky":false,"template":"","format":"standard","meta":{"footnotes":""},"categories":[4],"tags":[],"class_list":["post-25589","post","type-post","status-publish","format-standard","has-post-thumbnail","hentry","category-internacional"],"yoast_head":"<!-- This site is optimized with the Yoast SEO plugin v27.4 - https:\/\/yoast.com\/product\/yoast-seo-wordpress\/ -->\n<title>&quot;Frente fria&quot; transatl\u00e2ntica atinge atual Confer\u00eancia de Seguran\u00e7a de Munique - Xinhua - Diario de Pernambuco<\/title>\n<meta name=\"robots\" content=\"index, follow, max-snippet:-1, max-image-preview:large, max-video-preview:-1\" \/>\n<link rel=\"canonical\" href=\"https:\/\/diariodepe.com.br\/xinhua\/2025\/02\/18\/frente-fria-transatlantica-atinge-atual-conferencia-de-seguranca-de-munique\/\" \/>\n<meta property=\"og:locale\" content=\"pt_BR\" \/>\n<meta property=\"og:type\" content=\"article\" \/>\n<meta property=\"og:title\" content=\"&quot;Frente fria&quot; transatl\u00e2ntica atinge atual Confer\u00eancia de Seguran\u00e7a de Munique - Xinhua - Diario de Pernambuco\" \/>\n<meta property=\"og:description\" content=\"Munique, Alemanha &#8211; A 61\u00aa edi\u00e7\u00e3o da Confer\u00eancia de Seguran\u00e7a de Munique (CSM) colocou as rela\u00e7\u00f5es EUA-Europa sob intenso escrut\u00ednio, com tens\u00f5es aumentando sobre a posi\u00e7\u00e3o de Washington sobre a crise na Ucr\u00e2nia, seus coment\u00e1rios sobre assuntos internos europeus e...\" \/>\n<meta property=\"og:url\" content=\"https:\/\/diariodepe.com.br\/xinhua\/2025\/02\/18\/frente-fria-transatlantica-atinge-atual-conferencia-de-seguranca-de-munique\/\" \/>\n<meta property=\"og:site_name\" content=\"Xinhua - Diario de Pernambuco\" \/>\n<meta property=\"article:published_time\" content=\"2025-02-18T14:05:00+00:00\" \/>\n<meta property=\"article:modified_time\" content=\"2025-02-18T16:11:01+00:00\" \/>\n<meta property=\"og:image\" content=\"https:\/\/diariodepe.com.br\/xinhua\/wp-content\/uploads\/sites\/3\/2025\/02\/202502184c6923da97a646239ee7ecb211c01e59_202502183d3281adc43b41ac9d4d1883a0db4cca.jpeg\" \/>\n\t<meta property=\"og:image:width\" content=\"900\" \/>\n\t<meta property=\"og:image:height\" content=\"575\" \/>\n\t<meta property=\"og:image:type\" content=\"image\/jpeg\" \/>\n<meta name=\"author\" content=\"Marcelo Oliveira de A. Maranhao\" \/>\n<meta name=\"twitter:card\" content=\"summary_large_image\" \/>\n<meta name=\"twitter:label1\" content=\"Escrito por\" \/>\n\t<meta name=\"twitter:data1\" content=\"Marcelo Oliveira de A. Maranhao\" \/>\n\t<meta name=\"twitter:label2\" content=\"Est. tempo de leitura\" \/>\n\t<meta name=\"twitter:data2\" content=\"7 minutos\" \/>\n<script type=\"application\/ld+json\" class=\"yoast-schema-graph\">{\"@context\":\"https:\\\/\\\/schema.org\",\"@graph\":[{\"@type\":\"Article\",\"@id\":\"https:\\\/\\\/diariodepe.com.br\\\/xinhua\\\/2025\\\/02\\\/18\\\/frente-fria-transatlantica-atinge-atual-conferencia-de-seguranca-de-munique\\\/#article\",\"isPartOf\":{\"@id\":\"https:\\\/\\\/diariodepe.com.br\\\/xinhua\\\/2025\\\/02\\\/18\\\/frente-fria-transatlantica-atinge-atual-conferencia-de-seguranca-de-munique\\\/\"},\"author\":{\"name\":\"Marcelo Oliveira de A. Maranhao\",\"@id\":\"https:\\\/\\\/diariodepe.com.br\\\/xinhua\\\/#\\\/schema\\\/person\\\/0943d6fd02bdc7b49c8f495e8787a2cb\"},\"headline\":\"&#8220;Frente fria&#8221; transatl\u00e2ntica atinge atual Confer\u00eancia de Seguran\u00e7a de Munique\",\"datePublished\":\"2025-02-18T14:05:00+00:00\",\"dateModified\":\"2025-02-18T16:11:01+00:00\",\"mainEntityOfPage\":{\"@id\":\"https:\\\/\\\/diariodepe.com.br\\\/xinhua\\\/2025\\\/02\\\/18\\\/frente-fria-transatlantica-atinge-atual-conferencia-de-seguranca-de-munique\\\/\"},\"wordCount\":1279,\"commentCount\":0,\"publisher\":{\"@id\":\"https:\\\/\\\/diariodepe.com.br\\\/xinhua\\\/#organization\"},\"image\":{\"@id\":\"https:\\\/\\\/diariodepe.com.br\\\/xinhua\\\/2025\\\/02\\\/18\\\/frente-fria-transatlantica-atinge-atual-conferencia-de-seguranca-de-munique\\\/#primaryimage\"},\"thumbnailUrl\":\"https:\\\/\\\/diariodepe.com.br\\\/xinhua\\\/wp-content\\\/uploads\\\/sites\\\/3\\\/2025\\\/02\\\/202502184c6923da97a646239ee7ecb211c01e59_202502183d3281adc43b41ac9d4d1883a0db4cca.jpeg\",\"articleSection\":[\"Internacional\"],\"inLanguage\":\"pt-BR\",\"potentialAction\":[{\"@type\":\"CommentAction\",\"name\":\"Comment\",\"target\":[\"https:\\\/\\\/diariodepe.com.br\\\/xinhua\\\/2025\\\/02\\\/18\\\/frente-fria-transatlantica-atinge-atual-conferencia-de-seguranca-de-munique\\\/#respond\"]}]},{\"@type\":\"WebPage\",\"@id\":\"https:\\\/\\\/diariodepe.com.br\\\/xinhua\\\/2025\\\/02\\\/18\\\/frente-fria-transatlantica-atinge-atual-conferencia-de-seguranca-de-munique\\\/\",\"url\":\"https:\\\/\\\/diariodepe.com.br\\\/xinhua\\\/2025\\\/02\\\/18\\\/frente-fria-transatlantica-atinge-atual-conferencia-de-seguranca-de-munique\\\/\",\"name\":\"\\\"Frente fria\\\" transatl\u00e2ntica atinge atual Confer\u00eancia de Seguran\u00e7a de Munique - Xinhua - Diario de Pernambuco\",\"isPartOf\":{\"@id\":\"https:\\\/\\\/diariodepe.com.br\\\/xinhua\\\/#website\"},\"primaryImageOfPage\":{\"@id\":\"https:\\\/\\\/diariodepe.com.br\\\/xinhua\\\/2025\\\/02\\\/18\\\/frente-fria-transatlantica-atinge-atual-conferencia-de-seguranca-de-munique\\\/#primaryimage\"},\"image\":{\"@id\":\"https:\\\/\\\/diariodepe.com.br\\\/xinhua\\\/2025\\\/02\\\/18\\\/frente-fria-transatlantica-atinge-atual-conferencia-de-seguranca-de-munique\\\/#primaryimage\"},\"thumbnailUrl\":\"https:\\\/\\\/diariodepe.com.br\\\/xinhua\\\/wp-content\\\/uploads\\\/sites\\\/3\\\/2025\\\/02\\\/202502184c6923da97a646239ee7ecb211c01e59_202502183d3281adc43b41ac9d4d1883a0db4cca.jpeg\",\"datePublished\":\"2025-02-18T14:05:00+00:00\",\"dateModified\":\"2025-02-18T16:11:01+00:00\",\"breadcrumb\":{\"@id\":\"https:\\\/\\\/diariodepe.com.br\\\/xinhua\\\/2025\\\/02\\\/18\\\/frente-fria-transatlantica-atinge-atual-conferencia-de-seguranca-de-munique\\\/#breadcrumb\"},\"inLanguage\":\"pt-BR\",\"potentialAction\":[{\"@type\":\"ReadAction\",\"target\":[\"https:\\\/\\\/diariodepe.com.br\\\/xinhua\\\/2025\\\/02\\\/18\\\/frente-fria-transatlantica-atinge-atual-conferencia-de-seguranca-de-munique\\\/\"]}]},{\"@type\":\"ImageObject\",\"inLanguage\":\"pt-BR\",\"@id\":\"https:\\\/\\\/diariodepe.com.br\\\/xinhua\\\/2025\\\/02\\\/18\\\/frente-fria-transatlantica-atinge-atual-conferencia-de-seguranca-de-munique\\\/#primaryimage\",\"url\":\"https:\\\/\\\/diariodepe.com.br\\\/xinhua\\\/wp-content\\\/uploads\\\/sites\\\/3\\\/2025\\\/02\\\/202502184c6923da97a646239ee7ecb211c01e59_202502183d3281adc43b41ac9d4d1883a0db4cca.jpeg\",\"contentUrl\":\"https:\\\/\\\/diariodepe.com.br\\\/xinhua\\\/wp-content\\\/uploads\\\/sites\\\/3\\\/2025\\\/02\\\/202502184c6923da97a646239ee7ecb211c01e59_202502183d3281adc43b41ac9d4d1883a0db4cca.jpeg\",\"width\":900,\"height\":575,\"caption\":\"(250214) -- MUNICH, Feb. 14, 2025 (Xinhua) -- Christoph Heusgen, chairman of the Munich Security Conference (MSC), addresses the opening ceremony of the 61st MSC in Munich, Germany, Feb. 14, 2025. The 61st MSC kicked off here on Friday, bringing together policymakers and experts to discuss pressing global security challenges amid the accelerating rise of multipolarity and a complex geopolitical landscape. (Xinhua\\\/Gao Jing)\"},{\"@type\":\"BreadcrumbList\",\"@id\":\"https:\\\/\\\/diariodepe.com.br\\\/xinhua\\\/2025\\\/02\\\/18\\\/frente-fria-transatlantica-atinge-atual-conferencia-de-seguranca-de-munique\\\/#breadcrumb\",\"itemListElement\":[{\"@type\":\"ListItem\",\"position\":1,\"name\":\"In\u00edcio\",\"item\":\"https:\\\/\\\/diariodepe.com.br\\\/xinhua\\\/\"},{\"@type\":\"ListItem\",\"position\":2,\"name\":\"&#8220;Frente fria&#8221; transatl\u00e2ntica atinge atual Confer\u00eancia de Seguran\u00e7a de Munique\"}]},{\"@type\":\"WebSite\",\"@id\":\"https:\\\/\\\/diariodepe.com.br\\\/xinhua\\\/#website\",\"url\":\"https:\\\/\\\/diariodepe.com.br\\\/xinhua\\\/\",\"name\":\"Xinhua - Diario de Pernambuco\",\"description\":\"A maior ag\u00eancia de not\u00edcias da China e um dos principais canais para conhecer o pa\u00eds\",\"publisher\":{\"@id\":\"https:\\\/\\\/diariodepe.com.br\\\/xinhua\\\/#organization\"},\"potentialAction\":[{\"@type\":\"SearchAction\",\"target\":{\"@type\":\"EntryPoint\",\"urlTemplate\":\"https:\\\/\\\/diariodepe.com.br\\\/xinhua\\\/?s={search_term_string}\"},\"query-input\":{\"@type\":\"PropertyValueSpecification\",\"valueRequired\":true,\"valueName\":\"search_term_string\"}}],\"inLanguage\":\"pt-BR\"},{\"@type\":\"Organization\",\"@id\":\"https:\\\/\\\/diariodepe.com.br\\\/xinhua\\\/#organization\",\"name\":\"Xinhua - Diario de Pernambuco\",\"url\":\"https:\\\/\\\/diariodepe.com.br\\\/xinhua\\\/\",\"logo\":{\"@type\":\"ImageObject\",\"inLanguage\":\"pt-BR\",\"@id\":\"https:\\\/\\\/diariodepe.com.br\\\/xinhua\\\/#\\\/schema\\\/logo\\\/image\\\/\",\"url\":\"https:\\\/\\\/diariodepe.com.br\\\/xinhua\\\/wp-content\\\/uploads\\\/sites\\\/3\\\/2020\\\/10\\\/cropped-logo-transparente-2.png\",\"contentUrl\":\"https:\\\/\\\/diariodepe.com.br\\\/xinhua\\\/wp-content\\\/uploads\\\/sites\\\/3\\\/2020\\\/10\\\/cropped-logo-transparente-2.png\",\"width\":512,\"height\":164,\"caption\":\"Xinhua - Diario de Pernambuco\"},\"image\":{\"@id\":\"https:\\\/\\\/diariodepe.com.br\\\/xinhua\\\/#\\\/schema\\\/logo\\\/image\\\/\"}},{\"@type\":\"Person\",\"@id\":\"https:\\\/\\\/diariodepe.com.br\\\/xinhua\\\/#\\\/schema\\\/person\\\/0943d6fd02bdc7b49c8f495e8787a2cb\",\"name\":\"Marcelo Oliveira de A. Maranhao\",\"image\":{\"@type\":\"ImageObject\",\"inLanguage\":\"pt-BR\",\"@id\":\"https:\\\/\\\/secure.gravatar.com\\\/avatar\\\/f562caee940d39879c20e90eea3e4b21860c7d4c96684c23141c554824f0059c?s=96&d=mm&r=g\",\"url\":\"https:\\\/\\\/secure.gravatar.com\\\/avatar\\\/f562caee940d39879c20e90eea3e4b21860c7d4c96684c23141c554824f0059c?s=96&d=mm&r=g\",\"contentUrl\":\"https:\\\/\\\/secure.gravatar.com\\\/avatar\\\/f562caee940d39879c20e90eea3e4b21860c7d4c96684c23141c554824f0059c?s=96&d=mm&r=g\",\"caption\":\"Marcelo Oliveira de A. Maranhao\"},\"url\":\"https:\\\/\\\/diariodepe.com.br\\\/xinhua\\\/author\\\/marcelo-maranhao\\\/\"}]}<\/script>\n<!-- \/ Yoast SEO plugin. -->","yoast_head_json":{"title":"\"Frente fria\" transatl\u00e2ntica atinge atual Confer\u00eancia de Seguran\u00e7a de Munique - Xinhua - Diario de Pernambuco","robots":{"index":"index","follow":"follow","max-snippet":"max-snippet:-1","max-image-preview":"max-image-preview:large","max-video-preview":"max-video-preview:-1"},"canonical":"https:\/\/diariodepe.com.br\/xinhua\/2025\/02\/18\/frente-fria-transatlantica-atinge-atual-conferencia-de-seguranca-de-munique\/","og_locale":"pt_BR","og_type":"article","og_title":"\"Frente fria\" transatl\u00e2ntica atinge atual Confer\u00eancia de Seguran\u00e7a de Munique - Xinhua - Diario de Pernambuco","og_description":"Munique, Alemanha &#8211; A 61\u00aa edi\u00e7\u00e3o da Confer\u00eancia de Seguran\u00e7a de Munique (CSM) colocou as rela\u00e7\u00f5es EUA-Europa sob intenso escrut\u00ednio, com tens\u00f5es aumentando sobre a posi\u00e7\u00e3o de Washington sobre a crise na Ucr\u00e2nia, seus coment\u00e1rios sobre assuntos internos europeus e...","og_url":"https:\/\/diariodepe.com.br\/xinhua\/2025\/02\/18\/frente-fria-transatlantica-atinge-atual-conferencia-de-seguranca-de-munique\/","og_site_name":"Xinhua - Diario de Pernambuco","article_published_time":"2025-02-18T14:05:00+00:00","article_modified_time":"2025-02-18T16:11:01+00:00","og_image":[{"width":900,"height":575,"url":"https:\/\/diariodepe.com.br\/xinhua\/wp-content\/uploads\/sites\/3\/2025\/02\/202502184c6923da97a646239ee7ecb211c01e59_202502183d3281adc43b41ac9d4d1883a0db4cca.jpeg","type":"image\/jpeg"}],"author":"Marcelo Oliveira de A. Maranhao","twitter_card":"summary_large_image","twitter_misc":{"Escrito por":"Marcelo Oliveira de A. Maranhao","Est. tempo de leitura":"7 minutos"},"schema":{"@context":"https:\/\/schema.org","@graph":[{"@type":"Article","@id":"https:\/\/diariodepe.com.br\/xinhua\/2025\/02\/18\/frente-fria-transatlantica-atinge-atual-conferencia-de-seguranca-de-munique\/#article","isPartOf":{"@id":"https:\/\/diariodepe.com.br\/xinhua\/2025\/02\/18\/frente-fria-transatlantica-atinge-atual-conferencia-de-seguranca-de-munique\/"},"author":{"name":"Marcelo Oliveira de A. Maranhao","@id":"https:\/\/diariodepe.com.br\/xinhua\/#\/schema\/person\/0943d6fd02bdc7b49c8f495e8787a2cb"},"headline":"&#8220;Frente fria&#8221; transatl\u00e2ntica atinge atual Confer\u00eancia de Seguran\u00e7a de Munique","datePublished":"2025-02-18T14:05:00+00:00","dateModified":"2025-02-18T16:11:01+00:00","mainEntityOfPage":{"@id":"https:\/\/diariodepe.com.br\/xinhua\/2025\/02\/18\/frente-fria-transatlantica-atinge-atual-conferencia-de-seguranca-de-munique\/"},"wordCount":1279,"commentCount":0,"publisher":{"@id":"https:\/\/diariodepe.com.br\/xinhua\/#organization"},"image":{"@id":"https:\/\/diariodepe.com.br\/xinhua\/2025\/02\/18\/frente-fria-transatlantica-atinge-atual-conferencia-de-seguranca-de-munique\/#primaryimage"},"thumbnailUrl":"https:\/\/diariodepe.com.br\/xinhua\/wp-content\/uploads\/sites\/3\/2025\/02\/202502184c6923da97a646239ee7ecb211c01e59_202502183d3281adc43b41ac9d4d1883a0db4cca.jpeg","articleSection":["Internacional"],"inLanguage":"pt-BR","potentialAction":[{"@type":"CommentAction","name":"Comment","target":["https:\/\/diariodepe.com.br\/xinhua\/2025\/02\/18\/frente-fria-transatlantica-atinge-atual-conferencia-de-seguranca-de-munique\/#respond"]}]},{"@type":"WebPage","@id":"https:\/\/diariodepe.com.br\/xinhua\/2025\/02\/18\/frente-fria-transatlantica-atinge-atual-conferencia-de-seguranca-de-munique\/","url":"https:\/\/diariodepe.com.br\/xinhua\/2025\/02\/18\/frente-fria-transatlantica-atinge-atual-conferencia-de-seguranca-de-munique\/","name":"\"Frente fria\" transatl\u00e2ntica atinge atual Confer\u00eancia de Seguran\u00e7a de Munique - Xinhua - Diario de Pernambuco","isPartOf":{"@id":"https:\/\/diariodepe.com.br\/xinhua\/#website"},"primaryImageOfPage":{"@id":"https:\/\/diariodepe.com.br\/xinhua\/2025\/02\/18\/frente-fria-transatlantica-atinge-atual-conferencia-de-seguranca-de-munique\/#primaryimage"},"image":{"@id":"https:\/\/diariodepe.com.br\/xinhua\/2025\/02\/18\/frente-fria-transatlantica-atinge-atual-conferencia-de-seguranca-de-munique\/#primaryimage"},"thumbnailUrl":"https:\/\/diariodepe.com.br\/xinhua\/wp-content\/uploads\/sites\/3\/2025\/02\/202502184c6923da97a646239ee7ecb211c01e59_202502183d3281adc43b41ac9d4d1883a0db4cca.jpeg","datePublished":"2025-02-18T14:05:00+00:00","dateModified":"2025-02-18T16:11:01+00:00","breadcrumb":{"@id":"https:\/\/diariodepe.com.br\/xinhua\/2025\/02\/18\/frente-fria-transatlantica-atinge-atual-conferencia-de-seguranca-de-munique\/#breadcrumb"},"inLanguage":"pt-BR","potentialAction":[{"@type":"ReadAction","target":["https:\/\/diariodepe.com.br\/xinhua\/2025\/02\/18\/frente-fria-transatlantica-atinge-atual-conferencia-de-seguranca-de-munique\/"]}]},{"@type":"ImageObject","inLanguage":"pt-BR","@id":"https:\/\/diariodepe.com.br\/xinhua\/2025\/02\/18\/frente-fria-transatlantica-atinge-atual-conferencia-de-seguranca-de-munique\/#primaryimage","url":"https:\/\/diariodepe.com.br\/xinhua\/wp-content\/uploads\/sites\/3\/2025\/02\/202502184c6923da97a646239ee7ecb211c01e59_202502183d3281adc43b41ac9d4d1883a0db4cca.jpeg","contentUrl":"https:\/\/diariodepe.com.br\/xinhua\/wp-content\/uploads\/sites\/3\/2025\/02\/202502184c6923da97a646239ee7ecb211c01e59_202502183d3281adc43b41ac9d4d1883a0db4cca.jpeg","width":900,"height":575,"caption":"(250214) -- MUNICH, Feb. 14, 2025 (Xinhua) -- Christoph Heusgen, chairman of the Munich Security Conference (MSC), addresses the opening ceremony of the 61st MSC in Munich, Germany, Feb. 14, 2025. The 61st MSC kicked off here on Friday, bringing together policymakers and experts to discuss pressing global security challenges amid the accelerating rise of multipolarity and a complex geopolitical landscape. (Xinhua\/Gao Jing)"},{"@type":"BreadcrumbList","@id":"https:\/\/diariodepe.com.br\/xinhua\/2025\/02\/18\/frente-fria-transatlantica-atinge-atual-conferencia-de-seguranca-de-munique\/#breadcrumb","itemListElement":[{"@type":"ListItem","position":1,"name":"In\u00edcio","item":"https:\/\/diariodepe.com.br\/xinhua\/"},{"@type":"ListItem","position":2,"name":"&#8220;Frente fria&#8221; transatl\u00e2ntica atinge atual Confer\u00eancia de Seguran\u00e7a de Munique"}]},{"@type":"WebSite","@id":"https:\/\/diariodepe.com.br\/xinhua\/#website","url":"https:\/\/diariodepe.com.br\/xinhua\/","name":"Xinhua - Diario de Pernambuco","description":"A maior ag\u00eancia de not\u00edcias da China e um dos principais canais para conhecer o pa\u00eds","publisher":{"@id":"https:\/\/diariodepe.com.br\/xinhua\/#organization"},"potentialAction":[{"@type":"SearchAction","target":{"@type":"EntryPoint","urlTemplate":"https:\/\/diariodepe.com.br\/xinhua\/?s={search_term_string}"},"query-input":{"@type":"PropertyValueSpecification","valueRequired":true,"valueName":"search_term_string"}}],"inLanguage":"pt-BR"},{"@type":"Organization","@id":"https:\/\/diariodepe.com.br\/xinhua\/#organization","name":"Xinhua - Diario de Pernambuco","url":"https:\/\/diariodepe.com.br\/xinhua\/","logo":{"@type":"ImageObject","inLanguage":"pt-BR","@id":"https:\/\/diariodepe.com.br\/xinhua\/#\/schema\/logo\/image\/","url":"https:\/\/diariodepe.com.br\/xinhua\/wp-content\/uploads\/sites\/3\/2020\/10\/cropped-logo-transparente-2.png","contentUrl":"https:\/\/diariodepe.com.br\/xinhua\/wp-content\/uploads\/sites\/3\/2020\/10\/cropped-logo-transparente-2.png","width":512,"height":164,"caption":"Xinhua - Diario de Pernambuco"},"image":{"@id":"https:\/\/diariodepe.com.br\/xinhua\/#\/schema\/logo\/image\/"}},{"@type":"Person","@id":"https:\/\/diariodepe.com.br\/xinhua\/#\/schema\/person\/0943d6fd02bdc7b49c8f495e8787a2cb","name":"Marcelo Oliveira de A. Maranhao","image":{"@type":"ImageObject","inLanguage":"pt-BR","@id":"https:\/\/secure.gravatar.com\/avatar\/f562caee940d39879c20e90eea3e4b21860c7d4c96684c23141c554824f0059c?s=96&d=mm&r=g","url":"https:\/\/secure.gravatar.com\/avatar\/f562caee940d39879c20e90eea3e4b21860c7d4c96684c23141c554824f0059c?s=96&d=mm&r=g","contentUrl":"https:\/\/secure.gravatar.com\/avatar\/f562caee940d39879c20e90eea3e4b21860c7d4c96684c23141c554824f0059c?s=96&d=mm&r=g","caption":"Marcelo Oliveira de A. Maranhao"},"url":"https:\/\/diariodepe.com.br\/xinhua\/author\/marcelo-maranhao\/"}]}},"cc_featured_image_caption":{"caption_text":"","source_text":"","source_url":""},"amp_enabled":true,"_links":{"self":[{"href":"https:\/\/diariodepe.com.br\/xinhua\/wp-json\/wp\/v2\/posts\/25589","targetHints":{"allow":["GET"]}}],"collection":[{"href":"https:\/\/diariodepe.com.br\/xinhua\/wp-json\/wp\/v2\/posts"}],"about":[{"href":"https:\/\/diariodepe.com.br\/xinhua\/wp-json\/wp\/v2\/types\/post"}],"author":[{"embeddable":true,"href":"https:\/\/diariodepe.com.br\/xinhua\/wp-json\/wp\/v2\/users\/3"}],"replies":[{"embeddable":true,"href":"https:\/\/diariodepe.com.br\/xinhua\/wp-json\/wp\/v2\/comments?post=25589"}],"version-history":[{"count":1,"href":"https:\/\/diariodepe.com.br\/xinhua\/wp-json\/wp\/v2\/posts\/25589\/revisions"}],"predecessor-version":[{"id":25591,"href":"https:\/\/diariodepe.com.br\/xinhua\/wp-json\/wp\/v2\/posts\/25589\/revisions\/25591"}],"wp:featuredmedia":[{"embeddable":true,"href":"https:\/\/diariodepe.com.br\/xinhua\/wp-json\/wp\/v2\/media\/25590"}],"wp:attachment":[{"href":"https:\/\/diariodepe.com.br\/xinhua\/wp-json\/wp\/v2\/media?parent=25589"}],"wp:term":[{"taxonomy":"category","embeddable":true,"href":"https:\/\/diariodepe.com.br\/xinhua\/wp-json\/wp\/v2\/categories?post=25589"},{"taxonomy":"post_tag","embeddable":true,"href":"https:\/\/diariodepe.com.br\/xinhua\/wp-json\/wp\/v2\/tags?post=25589"}],"curies":[{"name":"wp","href":"https:\/\/api.w.org\/{rel}","templated":true}]}}