{"id":25586,"date":"2025-02-18T12:03:00","date_gmt":"2025-02-18T15:03:00","guid":{"rendered":"https:\/\/www.diariodepe.com.br\/xinhua\/?p=25586"},"modified":"2025-02-18T13:05:25","modified_gmt":"2025-02-18T16:05:25","slug":"numero-de-mortes-por-surto-de-colera-em-angola-sobe-para-150","status":"publish","type":"post","link":"https:\/\/diariodepe.com.br\/xinhua\/2025\/02\/18\/numero-de-mortes-por-surto-de-colera-em-angola-sobe-para-150\/","title":{"rendered":"N\u00famero de mortes por surto de c\u00f3lera em Angola sobe para 150"},"content":{"rendered":"\n<p>Luanda &#8211; A c\u00f3lera em Angola j\u00e1 causou 150 mortes e infectou 4.235 pessoas em todo o pa\u00eds desde o in\u00edcio do surto em 7 de janeiro, informou na segunda-feira o Minist\u00e9rio da Sa\u00fade de Angola (MINSA) no seu comunicado de imprensa.<\/p>\n\n\n\n<p>Os casos foram registrados em 10 das 21 prov\u00edncias de Angola, com a maioria das infec\u00e7\u00f5es concentradas na capital Luanda e na vizinha prov\u00edncia do Bengo. Estas duas prov\u00edncias representam 86% do total de casos e 84% das mortes.<\/p>\n\n\n\n<p>Desde 1\u00ba de fevereiro, Angola tem registrado mais de 100 novos casos de c\u00f3lera por dia, atingindo um pico de 295 no dia 8 de fevereiro. No entanto, os testes laboratoriais continuam limitados, com o n\u00famero de amostras analisadas ficando abaixo de 20 na maioria dos dias.<\/p>\n\n\n\n<p>Mais de 925 mil pessoas foram vacinadas contra a c\u00f3lera, cobrindo 86% da popula\u00e7\u00e3o-alvo, conforme indicado pelo MINSA no boletim epidemiol\u00f3gico de 10 de fevereiro.<\/p>\n\n\n\n<p>A Organiza\u00e7\u00e3o Mundial da Sa\u00fade (OMS) informou, na sua terceira atualiza\u00e7\u00e3o r\u00e1pida sobre a c\u00f3lera, que tem trabalhado em iniciativas de vacina\u00e7\u00e3o e fornecimento de \u00e1gua segura em Angola. A OMS tamb\u00e9m planeja apoiar as autoridades sanit\u00e1rias angolanas na identifica\u00e7\u00e3o e gest\u00e3o de casos, campanhas de sa\u00fade e forma\u00e7\u00e3o das equipes de resposta.&nbsp;<\/p>\n","protected":false},"excerpt":{"rendered":"<p>Luanda &#8211; A c\u00f3lera em Angola j\u00e1 causou 150 mortes e infectou 4.235 pessoas em todo o pa\u00eds desde o in\u00edcio do surto em 7 de janeiro, informou na segunda-feira o Minist\u00e9rio da Sa\u00fade de Angola (MINSA) no seu comunicado&#8230;<\/p>\n","protected":false},"author":3,"featured_media":25587,"comment_status":"open","ping_status":"open","sticky":false,"template":"","format":"standard","meta":{"footnotes":""},"categories":[4],"tags":[],"class_list":["post-25586","post","type-post","status-publish","format-standard","has-post-thumbnail","hentry","category-internacional"],"yoast_head":"<!-- This site is optimized with the Yoast SEO plugin v27.4 - https:\/\/yoast.com\/product\/yoast-seo-wordpress\/ -->\n<title>N\u00famero de mortes por surto de c\u00f3lera em Angola sobe para 150 - Xinhua - Diario de Pernambuco<\/title>\n<meta name=\"robots\" content=\"index, follow, max-snippet:-1, max-image-preview:large, max-video-preview:-1\" \/>\n<link rel=\"canonical\" href=\"https:\/\/diariodepe.com.br\/xinhua\/2025\/02\/18\/numero-de-mortes-por-surto-de-colera-em-angola-sobe-para-150\/\" \/>\n<meta property=\"og:locale\" content=\"pt_BR\" \/>\n<meta property=\"og:type\" content=\"article\" \/>\n<meta property=\"og:title\" content=\"N\u00famero de mortes por surto de c\u00f3lera em Angola sobe para 150 - Xinhua - Diario de Pernambuco\" \/>\n<meta property=\"og:description\" content=\"Luanda &#8211; A c\u00f3lera em Angola j\u00e1 causou 150 mortes e infectou 4.235 pessoas em todo o pa\u00eds desde o in\u00edcio do surto em 7 de janeiro, informou na segunda-feira o Minist\u00e9rio da Sa\u00fade de Angola (MINSA) no seu comunicado...\" \/>\n<meta property=\"og:url\" content=\"https:\/\/diariodepe.com.br\/xinhua\/2025\/02\/18\/numero-de-mortes-por-surto-de-colera-em-angola-sobe-para-150\/\" \/>\n<meta property=\"og:site_name\" content=\"Xinhua - Diario de Pernambuco\" \/>\n<meta property=\"article:published_time\" content=\"2025-02-18T15:03:00+00:00\" \/>\n<meta property=\"article:modified_time\" content=\"2025-02-18T16:05:25+00:00\" \/>\n<meta property=\"og:image\" content=\"https:\/\/diariodepe.com.br\/xinhua\/wp-content\/uploads\/sites\/3\/2025\/02\/ff236742275146339c1e5d97c44a001f.jpg\" \/>\n\t<meta property=\"og:image:width\" content=\"1000\" \/>\n\t<meta property=\"og:image:height\" content=\"500\" \/>\n\t<meta property=\"og:image:type\" content=\"image\/jpeg\" \/>\n<meta name=\"author\" content=\"Marcelo Oliveira de A. Maranhao\" \/>\n<meta name=\"twitter:card\" content=\"summary_large_image\" \/>\n<meta name=\"twitter:label1\" content=\"Escrito por\" \/>\n\t<meta name=\"twitter:data1\" content=\"Marcelo Oliveira de A. Maranhao\" \/>\n\t<meta name=\"twitter:label2\" content=\"Est. tempo de leitura\" \/>\n\t<meta name=\"twitter:data2\" content=\"2 minutos\" \/>\n<script type=\"application\/ld+json\" class=\"yoast-schema-graph\">{\"@context\":\"https:\\\/\\\/schema.org\",\"@graph\":[{\"@type\":\"Article\",\"@id\":\"https:\\\/\\\/diariodepe.com.br\\\/xinhua\\\/2025\\\/02\\\/18\\\/numero-de-mortes-por-surto-de-colera-em-angola-sobe-para-150\\\/#article\",\"isPartOf\":{\"@id\":\"https:\\\/\\\/diariodepe.com.br\\\/xinhua\\\/2025\\\/02\\\/18\\\/numero-de-mortes-por-surto-de-colera-em-angola-sobe-para-150\\\/\"},\"author\":{\"name\":\"Marcelo Oliveira de A. Maranhao\",\"@id\":\"https:\\\/\\\/diariodepe.com.br\\\/xinhua\\\/#\\\/schema\\\/person\\\/0943d6fd02bdc7b49c8f495e8787a2cb\"},\"headline\":\"N\u00famero de mortes por surto de c\u00f3lera em Angola sobe para 150\",\"datePublished\":\"2025-02-18T15:03:00+00:00\",\"dateModified\":\"2025-02-18T16:05:25+00:00\",\"mainEntityOfPage\":{\"@id\":\"https:\\\/\\\/diariodepe.com.br\\\/xinhua\\\/2025\\\/02\\\/18\\\/numero-de-mortes-por-surto-de-colera-em-angola-sobe-para-150\\\/\"},\"wordCount\":231,\"commentCount\":0,\"publisher\":{\"@id\":\"https:\\\/\\\/diariodepe.com.br\\\/xinhua\\\/#organization\"},\"image\":{\"@id\":\"https:\\\/\\\/diariodepe.com.br\\\/xinhua\\\/2025\\\/02\\\/18\\\/numero-de-mortes-por-surto-de-colera-em-angola-sobe-para-150\\\/#primaryimage\"},\"thumbnailUrl\":\"https:\\\/\\\/diariodepe.com.br\\\/xinhua\\\/wp-content\\\/uploads\\\/sites\\\/3\\\/2025\\\/02\\\/ff236742275146339c1e5d97c44a001f.jpg\",\"articleSection\":[\"Internacional\"],\"inLanguage\":\"pt-BR\",\"potentialAction\":[{\"@type\":\"CommentAction\",\"name\":\"Comment\",\"target\":[\"https:\\\/\\\/diariodepe.com.br\\\/xinhua\\\/2025\\\/02\\\/18\\\/numero-de-mortes-por-surto-de-colera-em-angola-sobe-para-150\\\/#respond\"]}]},{\"@type\":\"WebPage\",\"@id\":\"https:\\\/\\\/diariodepe.com.br\\\/xinhua\\\/2025\\\/02\\\/18\\\/numero-de-mortes-por-surto-de-colera-em-angola-sobe-para-150\\\/\",\"url\":\"https:\\\/\\\/diariodepe.com.br\\\/xinhua\\\/2025\\\/02\\\/18\\\/numero-de-mortes-por-surto-de-colera-em-angola-sobe-para-150\\\/\",\"name\":\"N\u00famero de mortes por surto de c\u00f3lera em Angola sobe para 150 - Xinhua - Diario de Pernambuco\",\"isPartOf\":{\"@id\":\"https:\\\/\\\/diariodepe.com.br\\\/xinhua\\\/#website\"},\"primaryImageOfPage\":{\"@id\":\"https:\\\/\\\/diariodepe.com.br\\\/xinhua\\\/2025\\\/02\\\/18\\\/numero-de-mortes-por-surto-de-colera-em-angola-sobe-para-150\\\/#primaryimage\"},\"image\":{\"@id\":\"https:\\\/\\\/diariodepe.com.br\\\/xinhua\\\/2025\\\/02\\\/18\\\/numero-de-mortes-por-surto-de-colera-em-angola-sobe-para-150\\\/#primaryimage\"},\"thumbnailUrl\":\"https:\\\/\\\/diariodepe.com.br\\\/xinhua\\\/wp-content\\\/uploads\\\/sites\\\/3\\\/2025\\\/02\\\/ff236742275146339c1e5d97c44a001f.jpg\",\"datePublished\":\"2025-02-18T15:03:00+00:00\",\"dateModified\":\"2025-02-18T16:05:25+00:00\",\"breadcrumb\":{\"@id\":\"https:\\\/\\\/diariodepe.com.br\\\/xinhua\\\/2025\\\/02\\\/18\\\/numero-de-mortes-por-surto-de-colera-em-angola-sobe-para-150\\\/#breadcrumb\"},\"inLanguage\":\"pt-BR\",\"potentialAction\":[{\"@type\":\"ReadAction\",\"target\":[\"https:\\\/\\\/diariodepe.com.br\\\/xinhua\\\/2025\\\/02\\\/18\\\/numero-de-mortes-por-surto-de-colera-em-angola-sobe-para-150\\\/\"]}]},{\"@type\":\"ImageObject\",\"inLanguage\":\"pt-BR\",\"@id\":\"https:\\\/\\\/diariodepe.com.br\\\/xinhua\\\/2025\\\/02\\\/18\\\/numero-de-mortes-por-surto-de-colera-em-angola-sobe-para-150\\\/#primaryimage\",\"url\":\"https:\\\/\\\/diariodepe.com.br\\\/xinhua\\\/wp-content\\\/uploads\\\/sites\\\/3\\\/2025\\\/02\\\/ff236742275146339c1e5d97c44a001f.jpg\",\"contentUrl\":\"https:\\\/\\\/diariodepe.com.br\\\/xinhua\\\/wp-content\\\/uploads\\\/sites\\\/3\\\/2025\\\/02\\\/ff236742275146339c1e5d97c44a001f.jpg\",\"width\":1000,\"height\":500},{\"@type\":\"BreadcrumbList\",\"@id\":\"https:\\\/\\\/diariodepe.com.br\\\/xinhua\\\/2025\\\/02\\\/18\\\/numero-de-mortes-por-surto-de-colera-em-angola-sobe-para-150\\\/#breadcrumb\",\"itemListElement\":[{\"@type\":\"ListItem\",\"position\":1,\"name\":\"In\u00edcio\",\"item\":\"https:\\\/\\\/diariodepe.com.br\\\/xinhua\\\/\"},{\"@type\":\"ListItem\",\"position\":2,\"name\":\"N\u00famero de mortes por surto de c\u00f3lera em Angola sobe para 150\"}]},{\"@type\":\"WebSite\",\"@id\":\"https:\\\/\\\/diariodepe.com.br\\\/xinhua\\\/#website\",\"url\":\"https:\\\/\\\/diariodepe.com.br\\\/xinhua\\\/\",\"name\":\"Xinhua - Diario de Pernambuco\",\"description\":\"A maior ag\u00eancia de not\u00edcias da China e um dos principais canais para conhecer o pa\u00eds\",\"publisher\":{\"@id\":\"https:\\\/\\\/diariodepe.com.br\\\/xinhua\\\/#organization\"},\"potentialAction\":[{\"@type\":\"SearchAction\",\"target\":{\"@type\":\"EntryPoint\",\"urlTemplate\":\"https:\\\/\\\/diariodepe.com.br\\\/xinhua\\\/?s={search_term_string}\"},\"query-input\":{\"@type\":\"PropertyValueSpecification\",\"valueRequired\":true,\"valueName\":\"search_term_string\"}}],\"inLanguage\":\"pt-BR\"},{\"@type\":\"Organization\",\"@id\":\"https:\\\/\\\/diariodepe.com.br\\\/xinhua\\\/#organization\",\"name\":\"Xinhua - Diario de Pernambuco\",\"url\":\"https:\\\/\\\/diariodepe.com.br\\\/xinhua\\\/\",\"logo\":{\"@type\":\"ImageObject\",\"inLanguage\":\"pt-BR\",\"@id\":\"https:\\\/\\\/diariodepe.com.br\\\/xinhua\\\/#\\\/schema\\\/logo\\\/image\\\/\",\"url\":\"https:\\\/\\\/diariodepe.com.br\\\/xinhua\\\/wp-content\\\/uploads\\\/sites\\\/3\\\/2020\\\/10\\\/cropped-logo-transparente-2.png\",\"contentUrl\":\"https:\\\/\\\/diariodepe.com.br\\\/xinhua\\\/wp-content\\\/uploads\\\/sites\\\/3\\\/2020\\\/10\\\/cropped-logo-transparente-2.png\",\"width\":512,\"height\":164,\"caption\":\"Xinhua - Diario de Pernambuco\"},\"image\":{\"@id\":\"https:\\\/\\\/diariodepe.com.br\\\/xinhua\\\/#\\\/schema\\\/logo\\\/image\\\/\"}},{\"@type\":\"Person\",\"@id\":\"https:\\\/\\\/diariodepe.com.br\\\/xinhua\\\/#\\\/schema\\\/person\\\/0943d6fd02bdc7b49c8f495e8787a2cb\",\"name\":\"Marcelo Oliveira de A. Maranhao\",\"image\":{\"@type\":\"ImageObject\",\"inLanguage\":\"pt-BR\",\"@id\":\"https:\\\/\\\/secure.gravatar.com\\\/avatar\\\/f562caee940d39879c20e90eea3e4b21860c7d4c96684c23141c554824f0059c?s=96&d=mm&r=g\",\"url\":\"https:\\\/\\\/secure.gravatar.com\\\/avatar\\\/f562caee940d39879c20e90eea3e4b21860c7d4c96684c23141c554824f0059c?s=96&d=mm&r=g\",\"contentUrl\":\"https:\\\/\\\/secure.gravatar.com\\\/avatar\\\/f562caee940d39879c20e90eea3e4b21860c7d4c96684c23141c554824f0059c?s=96&d=mm&r=g\",\"caption\":\"Marcelo Oliveira de A. Maranhao\"},\"url\":\"https:\\\/\\\/diariodepe.com.br\\\/xinhua\\\/author\\\/marcelo-maranhao\\\/\"}]}<\/script>\n<!-- \/ Yoast SEO plugin. -->","yoast_head_json":{"title":"N\u00famero de mortes por surto de c\u00f3lera em Angola sobe para 150 - Xinhua - Diario de Pernambuco","robots":{"index":"index","follow":"follow","max-snippet":"max-snippet:-1","max-image-preview":"max-image-preview:large","max-video-preview":"max-video-preview:-1"},"canonical":"https:\/\/diariodepe.com.br\/xinhua\/2025\/02\/18\/numero-de-mortes-por-surto-de-colera-em-angola-sobe-para-150\/","og_locale":"pt_BR","og_type":"article","og_title":"N\u00famero de mortes por surto de c\u00f3lera em Angola sobe para 150 - Xinhua - Diario de Pernambuco","og_description":"Luanda &#8211; A c\u00f3lera em Angola j\u00e1 causou 150 mortes e infectou 4.235 pessoas em todo o pa\u00eds desde o in\u00edcio do surto em 7 de janeiro, informou na segunda-feira o Minist\u00e9rio da Sa\u00fade de Angola (MINSA) no seu comunicado...","og_url":"https:\/\/diariodepe.com.br\/xinhua\/2025\/02\/18\/numero-de-mortes-por-surto-de-colera-em-angola-sobe-para-150\/","og_site_name":"Xinhua - Diario de Pernambuco","article_published_time":"2025-02-18T15:03:00+00:00","article_modified_time":"2025-02-18T16:05:25+00:00","og_image":[{"width":1000,"height":500,"url":"https:\/\/diariodepe.com.br\/xinhua\/wp-content\/uploads\/sites\/3\/2025\/02\/ff236742275146339c1e5d97c44a001f.jpg","type":"image\/jpeg"}],"author":"Marcelo Oliveira de A. Maranhao","twitter_card":"summary_large_image","twitter_misc":{"Escrito por":"Marcelo Oliveira de A. Maranhao","Est. tempo de leitura":"2 minutos"},"schema":{"@context":"https:\/\/schema.org","@graph":[{"@type":"Article","@id":"https:\/\/diariodepe.com.br\/xinhua\/2025\/02\/18\/numero-de-mortes-por-surto-de-colera-em-angola-sobe-para-150\/#article","isPartOf":{"@id":"https:\/\/diariodepe.com.br\/xinhua\/2025\/02\/18\/numero-de-mortes-por-surto-de-colera-em-angola-sobe-para-150\/"},"author":{"name":"Marcelo Oliveira de A. Maranhao","@id":"https:\/\/diariodepe.com.br\/xinhua\/#\/schema\/person\/0943d6fd02bdc7b49c8f495e8787a2cb"},"headline":"N\u00famero de mortes por surto de c\u00f3lera em Angola sobe para 150","datePublished":"2025-02-18T15:03:00+00:00","dateModified":"2025-02-18T16:05:25+00:00","mainEntityOfPage":{"@id":"https:\/\/diariodepe.com.br\/xinhua\/2025\/02\/18\/numero-de-mortes-por-surto-de-colera-em-angola-sobe-para-150\/"},"wordCount":231,"commentCount":0,"publisher":{"@id":"https:\/\/diariodepe.com.br\/xinhua\/#organization"},"image":{"@id":"https:\/\/diariodepe.com.br\/xinhua\/2025\/02\/18\/numero-de-mortes-por-surto-de-colera-em-angola-sobe-para-150\/#primaryimage"},"thumbnailUrl":"https:\/\/diariodepe.com.br\/xinhua\/wp-content\/uploads\/sites\/3\/2025\/02\/ff236742275146339c1e5d97c44a001f.jpg","articleSection":["Internacional"],"inLanguage":"pt-BR","potentialAction":[{"@type":"CommentAction","name":"Comment","target":["https:\/\/diariodepe.com.br\/xinhua\/2025\/02\/18\/numero-de-mortes-por-surto-de-colera-em-angola-sobe-para-150\/#respond"]}]},{"@type":"WebPage","@id":"https:\/\/diariodepe.com.br\/xinhua\/2025\/02\/18\/numero-de-mortes-por-surto-de-colera-em-angola-sobe-para-150\/","url":"https:\/\/diariodepe.com.br\/xinhua\/2025\/02\/18\/numero-de-mortes-por-surto-de-colera-em-angola-sobe-para-150\/","name":"N\u00famero de mortes por surto de c\u00f3lera em Angola sobe para 150 - Xinhua - Diario de Pernambuco","isPartOf":{"@id":"https:\/\/diariodepe.com.br\/xinhua\/#website"},"primaryImageOfPage":{"@id":"https:\/\/diariodepe.com.br\/xinhua\/2025\/02\/18\/numero-de-mortes-por-surto-de-colera-em-angola-sobe-para-150\/#primaryimage"},"image":{"@id":"https:\/\/diariodepe.com.br\/xinhua\/2025\/02\/18\/numero-de-mortes-por-surto-de-colera-em-angola-sobe-para-150\/#primaryimage"},"thumbnailUrl":"https:\/\/diariodepe.com.br\/xinhua\/wp-content\/uploads\/sites\/3\/2025\/02\/ff236742275146339c1e5d97c44a001f.jpg","datePublished":"2025-02-18T15:03:00+00:00","dateModified":"2025-02-18T16:05:25+00:00","breadcrumb":{"@id":"https:\/\/diariodepe.com.br\/xinhua\/2025\/02\/18\/numero-de-mortes-por-surto-de-colera-em-angola-sobe-para-150\/#breadcrumb"},"inLanguage":"pt-BR","potentialAction":[{"@type":"ReadAction","target":["https:\/\/diariodepe.com.br\/xinhua\/2025\/02\/18\/numero-de-mortes-por-surto-de-colera-em-angola-sobe-para-150\/"]}]},{"@type":"ImageObject","inLanguage":"pt-BR","@id":"https:\/\/diariodepe.com.br\/xinhua\/2025\/02\/18\/numero-de-mortes-por-surto-de-colera-em-angola-sobe-para-150\/#primaryimage","url":"https:\/\/diariodepe.com.br\/xinhua\/wp-content\/uploads\/sites\/3\/2025\/02\/ff236742275146339c1e5d97c44a001f.jpg","contentUrl":"https:\/\/diariodepe.com.br\/xinhua\/wp-content\/uploads\/sites\/3\/2025\/02\/ff236742275146339c1e5d97c44a001f.jpg","width":1000,"height":500},{"@type":"BreadcrumbList","@id":"https:\/\/diariodepe.com.br\/xinhua\/2025\/02\/18\/numero-de-mortes-por-surto-de-colera-em-angola-sobe-para-150\/#breadcrumb","itemListElement":[{"@type":"ListItem","position":1,"name":"In\u00edcio","item":"https:\/\/diariodepe.com.br\/xinhua\/"},{"@type":"ListItem","position":2,"name":"N\u00famero de mortes por surto de c\u00f3lera em Angola sobe para 150"}]},{"@type":"WebSite","@id":"https:\/\/diariodepe.com.br\/xinhua\/#website","url":"https:\/\/diariodepe.com.br\/xinhua\/","name":"Xinhua - Diario de Pernambuco","description":"A maior ag\u00eancia de not\u00edcias da China e um dos principais canais para conhecer o pa\u00eds","publisher":{"@id":"https:\/\/diariodepe.com.br\/xinhua\/#organization"},"potentialAction":[{"@type":"SearchAction","target":{"@type":"EntryPoint","urlTemplate":"https:\/\/diariodepe.com.br\/xinhua\/?s={search_term_string}"},"query-input":{"@type":"PropertyValueSpecification","valueRequired":true,"valueName":"search_term_string"}}],"inLanguage":"pt-BR"},{"@type":"Organization","@id":"https:\/\/diariodepe.com.br\/xinhua\/#organization","name":"Xinhua - Diario de Pernambuco","url":"https:\/\/diariodepe.com.br\/xinhua\/","logo":{"@type":"ImageObject","inLanguage":"pt-BR","@id":"https:\/\/diariodepe.com.br\/xinhua\/#\/schema\/logo\/image\/","url":"https:\/\/diariodepe.com.br\/xinhua\/wp-content\/uploads\/sites\/3\/2020\/10\/cropped-logo-transparente-2.png","contentUrl":"https:\/\/diariodepe.com.br\/xinhua\/wp-content\/uploads\/sites\/3\/2020\/10\/cropped-logo-transparente-2.png","width":512,"height":164,"caption":"Xinhua - Diario de Pernambuco"},"image":{"@id":"https:\/\/diariodepe.com.br\/xinhua\/#\/schema\/logo\/image\/"}},{"@type":"Person","@id":"https:\/\/diariodepe.com.br\/xinhua\/#\/schema\/person\/0943d6fd02bdc7b49c8f495e8787a2cb","name":"Marcelo Oliveira de A. Maranhao","image":{"@type":"ImageObject","inLanguage":"pt-BR","@id":"https:\/\/secure.gravatar.com\/avatar\/f562caee940d39879c20e90eea3e4b21860c7d4c96684c23141c554824f0059c?s=96&d=mm&r=g","url":"https:\/\/secure.gravatar.com\/avatar\/f562caee940d39879c20e90eea3e4b21860c7d4c96684c23141c554824f0059c?s=96&d=mm&r=g","contentUrl":"https:\/\/secure.gravatar.com\/avatar\/f562caee940d39879c20e90eea3e4b21860c7d4c96684c23141c554824f0059c?s=96&d=mm&r=g","caption":"Marcelo Oliveira de A. Maranhao"},"url":"https:\/\/diariodepe.com.br\/xinhua\/author\/marcelo-maranhao\/"}]}},"cc_featured_image_caption":{"caption_text":"","source_text":"","source_url":""},"amp_enabled":true,"_links":{"self":[{"href":"https:\/\/diariodepe.com.br\/xinhua\/wp-json\/wp\/v2\/posts\/25586","targetHints":{"allow":["GET"]}}],"collection":[{"href":"https:\/\/diariodepe.com.br\/xinhua\/wp-json\/wp\/v2\/posts"}],"about":[{"href":"https:\/\/diariodepe.com.br\/xinhua\/wp-json\/wp\/v2\/types\/post"}],"author":[{"embeddable":true,"href":"https:\/\/diariodepe.com.br\/xinhua\/wp-json\/wp\/v2\/users\/3"}],"replies":[{"embeddable":true,"href":"https:\/\/diariodepe.com.br\/xinhua\/wp-json\/wp\/v2\/comments?post=25586"}],"version-history":[{"count":1,"href":"https:\/\/diariodepe.com.br\/xinhua\/wp-json\/wp\/v2\/posts\/25586\/revisions"}],"predecessor-version":[{"id":25588,"href":"https:\/\/diariodepe.com.br\/xinhua\/wp-json\/wp\/v2\/posts\/25586\/revisions\/25588"}],"wp:featuredmedia":[{"embeddable":true,"href":"https:\/\/diariodepe.com.br\/xinhua\/wp-json\/wp\/v2\/media\/25587"}],"wp:attachment":[{"href":"https:\/\/diariodepe.com.br\/xinhua\/wp-json\/wp\/v2\/media?parent=25586"}],"wp:term":[{"taxonomy":"category","embeddable":true,"href":"https:\/\/diariodepe.com.br\/xinhua\/wp-json\/wp\/v2\/categories?post=25586"},{"taxonomy":"post_tag","embeddable":true,"href":"https:\/\/diariodepe.com.br\/xinhua\/wp-json\/wp\/v2\/tags?post=25586"}],"curies":[{"name":"wp","href":"https:\/\/api.w.org\/{rel}","templated":true}]}}