{"id":25559,"date":"2025-02-17T11:51:28","date_gmt":"2025-02-17T14:51:28","guid":{"rendered":"https:\/\/www.diariodepe.com.br\/xinhua\/?p=25559"},"modified":"2025-02-17T11:51:29","modified_gmt":"2025-02-17T14:51:29","slug":"observatorio-economico-especialistas-alertam-que-tarifas-de-trump-podem-prejudicar-economia-global","status":"publish","type":"post","link":"https:\/\/diariodepe.com.br\/xinhua\/2025\/02\/17\/observatorio-economico-especialistas-alertam-que-tarifas-de-trump-podem-prejudicar-economia-global\/","title":{"rendered":"Observat\u00f3rio Econ\u00f4mico: Especialistas alertam que tarifas de Trump podem prejudicar economia global"},"content":{"rendered":"\n<p>Beijing &#8211; O plano do presidente dos EUA, Donald Trump, de impor tarifas rec\u00edprocas a todos os parceiros comerciais gerou amplas preocupa\u00e7\u00f5es de que isso poderia desencadear uma guerra comercial e diminuir a perspectiva econ\u00f4mica global.<\/p>\n\n\n\n<p>Trump assinou na quinta-feira um memorando instruindo sua administra\u00e7\u00e3o a determinar &#8220;o equivalente a uma tarifa rec\u00edproca com rela\u00e7\u00e3o a cada parceiro comercial estrangeiro&#8221;, decis\u00e3o que ele justificou como &#8220;para fins de justi\u00e7a&#8221;.<\/p>\n\n\n\n<p>No entanto, a Associated Press (AP) disse em relat\u00f3rio de sexta-feira que &#8220;Trump est\u00e1 usando um ma\u00e7arico nas regras que governam o com\u00e9rcio mundial h\u00e1 d\u00e9cadas&#8221; e as tarifas &#8220;rec\u00edprocas&#8221; &#8220;provavelmente criar\u00e3o caos para empresas globais e conflitos com aliados e advers\u00e1rios da Am\u00e9rica&#8221;.<\/p>\n\n\n\n<p>De acordo com Gary Clyde Hufbauer, membro s\u00eanior n\u00e3o residente do Instituto Peterson de Economia Internacional, nas negocia\u00e7\u00f5es da Organiza\u00e7\u00e3o Mundial do Com\u00e9rcio, &#8220;reciprocidade&#8221; significava equil\u00edbrio geral, em termos de concess\u00f5es dadas e concess\u00f5es recebidas, entre cada pa\u00eds, por um lado, e todos os seus parceiros comerciais, por outro, mas Trump redefiniu o significado de &#8220;reciprocidade&#8221; para aplicar em uma base de item de linha, pa\u00eds por pa\u00eds, em vez de equil\u00edbrio geral.<\/p>\n\n\n\n<p>&#8220;Com reciprocidade, conforme definido por Trump, as tarifas dos EUA provavelmente seriam em m\u00e9dia 10 a 15 pontos percentuais maiores. Na minha opini\u00e3o, as tarifas prejudicam a economia dos EUA, ent\u00e3o, embora aumentem a receita, elas reduziriam o crescimento do PIB&#8221;, disse Hufbauer \u00e0 Xinhua.<\/p>\n\n\n\n<p>&#8220;Isso interrompe a maneira como as coisas s\u00e3o feitas h\u00e1 muito tempo&#8221;, disse Richard Mojica, advogado comercial da Miller &amp; Chevalier, no relat\u00f3rio da AP. &#8220;Trump est\u00e1 jogando isso pela janela&#8230; Claramente, isso est\u00e1 destruindo o com\u00e9rcio. Haver\u00e1 ajustes em todos os lugares&#8221;, disse ele.<\/p>\n\n\n\n<p>Stephen Lamar, presidente e CEO da Associa\u00e7\u00e3o Americana de Vestu\u00e1rio e Cal\u00e7ados, descreveu a situa\u00e7\u00e3o como &#8220;um ambiente ca\u00f3tico&#8221;. &#8220;\u00c9 dif\u00edcil planejar de qualquer forma sustent\u00e1vel e de longo prazo&#8221;, disse ele, citado pela AP.<\/p>\n\n\n\n<p>A Federa\u00e7\u00e3o Nacional do Varejo (NRF, na sigla em ingl\u00eas), que representa o setor varejista dos EUA, alertou que a escala massiva do empreendimento &#8220;ser\u00e1 extremamente prejudicial para nossas cadeias de suprimentos&#8221;.<\/p>\n\n\n\n<figure class=\"wp-block-image\"><img decoding=\"async\" src=\"https:\/\/portuguese.news.cn\/20250217\/5727575944d94e629deb5047e936d1b2\/202502175727575944d94e629deb5047e936d1b2_2025021796f2f0f8d2654981990b69855398864c.jpeg\" alt=\"\"\/><figcaption>Foto tirada com smartphone no dia 7 de fevereiro de 2025 mostra pre\u00e7o de ovos em supermercado local em El Monte, Condado de Los Angeles, Calif\u00f3rnia, Estados Unidos. (Foto por Zeng Hui\/Xinhua)<\/figcaption><\/figure>\n\n\n\n<p>&#8220;Isso provavelmente resultar\u00e1 em pre\u00e7os mais altos para fam\u00edlias americanas trabalhadoras e corroer\u00e1 o poder de compra delas&#8221;, disse David French, vice-presidente-executivo de rela\u00e7\u00f5es governamentais da NRF, em comunicado \u00e0 imprensa publicado na quinta-feira.<\/p>\n\n\n\n<p>French disse que o \u00edndice mensal de sentimento do consumidor da Universidade de Michigan continua caindo, sugerindo que os consumidores est\u00e3o alarmados com a incerteza da guerra comercial.<\/p>\n\n\n\n<p>&#8220;Encorajamos o presidente a buscar coordena\u00e7\u00e3o e colabora\u00e7\u00e3o com nossos parceiros comerciais e trazer estabilidade para nossas cadeias de suprimentos e or\u00e7amentos familiares&#8221;, acrescentou ele.<\/p>\n\n\n\n<p>Chamando a pol\u00edtica de com\u00e9rcio rec\u00edproco de um passo na dire\u00e7\u00e3o errada, a Uni\u00e3o Europeia disse que as tarifas rec\u00e9m-impostas prejudicar\u00e3o a economia dos EUA ao aumentar o pre\u00e7o dos produtos finais consumidos pelo povo americano.<\/p>\n\n\n\n<p>&#8220;Tarifas s\u00e3o impostos&#8221;, disse a Comiss\u00e3o Europeia. &nbsp;&#8220;Ao impor tarifas, os EUA est\u00e3o taxando seus cidad\u00e3os, aumentando os custos para os neg\u00f3cios, sufocando o crescimento e alimentando a infla\u00e7\u00e3o. As tarifas aumentam a incerteza econ\u00f4mica e interrompem a efici\u00eancia e a integra\u00e7\u00e3o dos mercados globais&#8221;.<\/p>\n\n\n\n<p>Al\u00e9m do aumento da carga tribut\u00e1ria, que normalmente \u00e9 repassada dos importadores para os consumidores, os economistas tamb\u00e9m alertaram sobre as consequ\u00eancias severas para a economia global.<\/p>\n\n\n\n<p>&#8220;Nossas an\u00e1lises sugerem que o principal impacto ser\u00e1 no crescimento&#8221;, disse o vice-presidente do Banco Central Europeu, Luis de Guindos. &#8220;Se o mundo embarcar no caminho para uma guerra comercial, isso ter\u00e1 um impacto extremamente negativo nas perspectivas de crescimento da economia global&#8221;, disse ele em entrevista \u00e0 Xinhua.<\/p>\n\n\n\n<p>&#8220;Aumentos em tarifas e cotas s\u00e3o um choque negativo de oferta, especialmente se acompanhados de retalia\u00e7\u00e3o. Esse c\u00edrculo vicioso deve ser evitado&#8221;, disse ele.<\/p>\n\n\n\n<p>Benedikt Hueppe, gerente-geral das Associa\u00e7\u00f5es Empresariais da Baixa Sax\u00f4nia, descreveu as tarifas como &#8220;veneno&#8221;, especialmente para a economia voltada para a exporta\u00e7\u00e3o na Alemanha.<\/p>\n\n\n\n<p>As tarifas tamb\u00e9m desacelerariam a capacidade de inovar, disse Hueppe, acrescentando que as guerras comerciais encarecem os produtos e, portanto, aumentariam a infla\u00e7\u00e3o.<\/p>\n\n\n\n<figure class=\"wp-block-image\"><img decoding=\"async\" src=\"https:\/\/portuguese.news.cn\/20250217\/5727575944d94e629deb5047e936d1b2\/202502175727575944d94e629deb5047e936d1b2_20250217da0722326c1d46cd8dc970b6d2f3012f.jpeg\" alt=\"\"\/><figcaption>Bandeiras da Uni\u00e3o Europeia fora do Edif\u00edcio Berlaymont, sede da Comiss\u00e3o Europeia, em Bruxelas, B\u00e9lgica, no dia 29 de janeiro de 2025. (Xinhua\/Meng Dingbo)<\/figcaption><\/figure>\n\n\n\n<p>As tarifas rec\u00edprocas s\u00e3o as mais recentes de v\u00e1rias medidas tarif\u00e1rias anunciadas por Trump recentemente.<\/p>\n\n\n\n<p>Na segunda-feira, Trump assinou proclama\u00e7\u00f5es para impor tarifas de 25% sobre todas as importa\u00e7\u00f5es de a\u00e7o e alum\u00ednio e acabar com todas as cotas, isen\u00e7\u00f5es e exclus\u00f5es de isen\u00e7\u00e3o de impostos para tarifas desses materiais.<\/p>\n\n\n\n<p>Embora Trump espere que a medida ajude as ind\u00fastrias em dificuldades nos Estados Unidos, ela tamb\u00e9m &#8220;gera o risco de desencadear uma guerra comercial em v\u00e1rias frentes&#8221;, informou a Reuters.<\/p>\n\n\n\n<p>Em 1\u00ba de fevereiro, Trump assinou uma ordem para impor tarifas de 25% sobre produtos do M\u00e9xico e Canad\u00e1, juntamente com uma tarifa de 10% sobre produtos chineses. Depois, ele pausou as tarifas sobre o Canad\u00e1 e o M\u00e9xico por um m\u00eas para permitir negocia\u00e7\u00f5es.<\/p>\n\n\n\n<p>De acordo com um novo estudo do Instituto Peterson de Economia Internacional, as tarifas de Trump sobre o Canad\u00e1, o M\u00e9xico e a China, se impostas, custariam \u00e0 fam\u00edlia comum, ou mediana, dos EUA um aumento de impostos de mais de 1.200 d\u00f3lares americanos por ano.<\/p>\n\n\n\n<p>As tarifas podem atingir os pa\u00edses em desenvolvimento de forma particularmente r\u00edgida, especialmente \u00cdndia, Brasil, Vietn\u00e3 e outros pa\u00edses do Sudeste Asi\u00e1tico e da \u00c1frica, dado que eles t\u00eam algumas das maiores diferen\u00e7as nas taxas de tarifas cobradas sobre produtos importados dos EUA em compara\u00e7\u00e3o com o que os EUA cobram deles, informou a CNN.<\/p>\n\n\n\n<p>O ministro das Finan\u00e7as brasileiro, Fernando Haddad, disse que medidas unilaterais como as impostas por Trump s\u00e3o &#8220;contraproducentes para melhorar a economia global&#8221;.<\/p>\n\n\n\n<p>Com esses an\u00fancios e movimentos, o atual presidente dos EUA fez uma reviravolta pol\u00edtica e econ\u00f4mica que redefinir\u00e1 amplamente os processos econ\u00f4micos internacionais, disse Vlade Simovic, professor da Faculdade de Ci\u00eancia Pol\u00edtica da Universidade de Banja Luka, na B\u00f3snia e Herzegovina.<\/p>\n\n\n\n<p>Concordando com essa vis\u00e3o, o Monex Financial Group do M\u00e9xico alertou que o com\u00e9rcio global pode entrar em uma fase de reconfigura\u00e7\u00e3o em 2025 devido a v\u00e1rios riscos futuros, particularmente em rela\u00e7\u00e3o \u00e0 pol\u00edtica tarif\u00e1ria de Trump.<\/p>\n","protected":false},"excerpt":{"rendered":"<p>Beijing &#8211; O plano do presidente dos EUA, Donald Trump, de impor tarifas rec\u00edprocas a todos os parceiros comerciais gerou amplas preocupa\u00e7\u00f5es de que isso poderia desencadear uma guerra comercial e diminuir a perspectiva econ\u00f4mica global. Trump assinou na quinta-feira&#8230;<\/p>\n","protected":false},"author":3,"featured_media":25560,"comment_status":"open","ping_status":"open","sticky":false,"template":"","format":"standard","meta":{"footnotes":""},"categories":[5],"tags":[],"class_list":["post-25559","post","type-post","status-publish","format-standard","has-post-thumbnail","hentry","category-economia"],"yoast_head":"<!-- This site is optimized with the Yoast SEO plugin v27.4 - https:\/\/yoast.com\/product\/yoast-seo-wordpress\/ -->\n<title>Observat\u00f3rio Econ\u00f4mico: Especialistas alertam que tarifas de Trump podem prejudicar economia global - Xinhua - Diario de Pernambuco<\/title>\n<meta name=\"robots\" content=\"index, follow, max-snippet:-1, max-image-preview:large, max-video-preview:-1\" \/>\n<link rel=\"canonical\" href=\"https:\/\/diariodepe.com.br\/xinhua\/2025\/02\/17\/observatorio-economico-especialistas-alertam-que-tarifas-de-trump-podem-prejudicar-economia-global\/\" \/>\n<meta property=\"og:locale\" content=\"pt_BR\" \/>\n<meta property=\"og:type\" content=\"article\" \/>\n<meta property=\"og:title\" content=\"Observat\u00f3rio Econ\u00f4mico: Especialistas alertam que tarifas de Trump podem prejudicar economia global - Xinhua - Diario de Pernambuco\" \/>\n<meta property=\"og:description\" content=\"Beijing &#8211; O plano do presidente dos EUA, Donald Trump, de impor tarifas rec\u00edprocas a todos os parceiros comerciais gerou amplas preocupa\u00e7\u00f5es de que isso poderia desencadear uma guerra comercial e diminuir a perspectiva econ\u00f4mica global. Trump assinou na quinta-feira...\" \/>\n<meta property=\"og:url\" content=\"https:\/\/diariodepe.com.br\/xinhua\/2025\/02\/17\/observatorio-economico-especialistas-alertam-que-tarifas-de-trump-podem-prejudicar-economia-global\/\" \/>\n<meta property=\"og:site_name\" content=\"Xinhua - Diario de Pernambuco\" \/>\n<meta property=\"article:published_time\" content=\"2025-02-17T14:51:28+00:00\" \/>\n<meta property=\"article:modified_time\" content=\"2025-02-17T14:51:29+00:00\" \/>\n<meta property=\"og:image\" content=\"https:\/\/diariodepe.com.br\/xinhua\/wp-content\/uploads\/sites\/3\/2025\/02\/202502175727575944d94e629deb5047e936d1b2_20250217aa4a8f5657064f388ac6e6f61c277d61.jpeg\" \/>\n\t<meta property=\"og:image:width\" content=\"900\" \/>\n\t<meta property=\"og:image:height\" content=\"600\" \/>\n\t<meta property=\"og:image:type\" content=\"image\/jpeg\" \/>\n<meta name=\"author\" content=\"Marcelo Oliveira de A. Maranhao\" \/>\n<meta name=\"twitter:card\" content=\"summary_large_image\" \/>\n<meta name=\"twitter:label1\" content=\"Escrito por\" \/>\n\t<meta name=\"twitter:data1\" content=\"Marcelo Oliveira de A. Maranhao\" \/>\n\t<meta name=\"twitter:label2\" content=\"Est. tempo de leitura\" \/>\n\t<meta name=\"twitter:data2\" content=\"7 minutos\" \/>\n<script type=\"application\/ld+json\" class=\"yoast-schema-graph\">{\"@context\":\"https:\\\/\\\/schema.org\",\"@graph\":[{\"@type\":\"Article\",\"@id\":\"https:\\\/\\\/diariodepe.com.br\\\/xinhua\\\/2025\\\/02\\\/17\\\/observatorio-economico-especialistas-alertam-que-tarifas-de-trump-podem-prejudicar-economia-global\\\/#article\",\"isPartOf\":{\"@id\":\"https:\\\/\\\/diariodepe.com.br\\\/xinhua\\\/2025\\\/02\\\/17\\\/observatorio-economico-especialistas-alertam-que-tarifas-de-trump-podem-prejudicar-economia-global\\\/\"},\"author\":{\"name\":\"Marcelo Oliveira de A. Maranhao\",\"@id\":\"https:\\\/\\\/diariodepe.com.br\\\/xinhua\\\/#\\\/schema\\\/person\\\/0943d6fd02bdc7b49c8f495e8787a2cb\"},\"headline\":\"Observat\u00f3rio Econ\u00f4mico: Especialistas alertam que tarifas de Trump podem prejudicar economia global\",\"datePublished\":\"2025-02-17T14:51:28+00:00\",\"dateModified\":\"2025-02-17T14:51:29+00:00\",\"mainEntityOfPage\":{\"@id\":\"https:\\\/\\\/diariodepe.com.br\\\/xinhua\\\/2025\\\/02\\\/17\\\/observatorio-economico-especialistas-alertam-que-tarifas-de-trump-podem-prejudicar-economia-global\\\/\"},\"wordCount\":1170,\"commentCount\":0,\"publisher\":{\"@id\":\"https:\\\/\\\/diariodepe.com.br\\\/xinhua\\\/#organization\"},\"image\":{\"@id\":\"https:\\\/\\\/diariodepe.com.br\\\/xinhua\\\/2025\\\/02\\\/17\\\/observatorio-economico-especialistas-alertam-que-tarifas-de-trump-podem-prejudicar-economia-global\\\/#primaryimage\"},\"thumbnailUrl\":\"https:\\\/\\\/diariodepe.com.br\\\/xinhua\\\/wp-content\\\/uploads\\\/sites\\\/3\\\/2025\\\/02\\\/202502175727575944d94e629deb5047e936d1b2_20250217aa4a8f5657064f388ac6e6f61c277d61.jpeg\",\"articleSection\":[\"Economia\"],\"inLanguage\":\"pt-BR\",\"potentialAction\":[{\"@type\":\"CommentAction\",\"name\":\"Comment\",\"target\":[\"https:\\\/\\\/diariodepe.com.br\\\/xinhua\\\/2025\\\/02\\\/17\\\/observatorio-economico-especialistas-alertam-que-tarifas-de-trump-podem-prejudicar-economia-global\\\/#respond\"]}]},{\"@type\":\"WebPage\",\"@id\":\"https:\\\/\\\/diariodepe.com.br\\\/xinhua\\\/2025\\\/02\\\/17\\\/observatorio-economico-especialistas-alertam-que-tarifas-de-trump-podem-prejudicar-economia-global\\\/\",\"url\":\"https:\\\/\\\/diariodepe.com.br\\\/xinhua\\\/2025\\\/02\\\/17\\\/observatorio-economico-especialistas-alertam-que-tarifas-de-trump-podem-prejudicar-economia-global\\\/\",\"name\":\"Observat\u00f3rio Econ\u00f4mico: Especialistas alertam que tarifas de Trump podem prejudicar economia global - Xinhua - Diario de Pernambuco\",\"isPartOf\":{\"@id\":\"https:\\\/\\\/diariodepe.com.br\\\/xinhua\\\/#website\"},\"primaryImageOfPage\":{\"@id\":\"https:\\\/\\\/diariodepe.com.br\\\/xinhua\\\/2025\\\/02\\\/17\\\/observatorio-economico-especialistas-alertam-que-tarifas-de-trump-podem-prejudicar-economia-global\\\/#primaryimage\"},\"image\":{\"@id\":\"https:\\\/\\\/diariodepe.com.br\\\/xinhua\\\/2025\\\/02\\\/17\\\/observatorio-economico-especialistas-alertam-que-tarifas-de-trump-podem-prejudicar-economia-global\\\/#primaryimage\"},\"thumbnailUrl\":\"https:\\\/\\\/diariodepe.com.br\\\/xinhua\\\/wp-content\\\/uploads\\\/sites\\\/3\\\/2025\\\/02\\\/202502175727575944d94e629deb5047e936d1b2_20250217aa4a8f5657064f388ac6e6f61c277d61.jpeg\",\"datePublished\":\"2025-02-17T14:51:28+00:00\",\"dateModified\":\"2025-02-17T14:51:29+00:00\",\"breadcrumb\":{\"@id\":\"https:\\\/\\\/diariodepe.com.br\\\/xinhua\\\/2025\\\/02\\\/17\\\/observatorio-economico-especialistas-alertam-que-tarifas-de-trump-podem-prejudicar-economia-global\\\/#breadcrumb\"},\"inLanguage\":\"pt-BR\",\"potentialAction\":[{\"@type\":\"ReadAction\",\"target\":[\"https:\\\/\\\/diariodepe.com.br\\\/xinhua\\\/2025\\\/02\\\/17\\\/observatorio-economico-especialistas-alertam-que-tarifas-de-trump-podem-prejudicar-economia-global\\\/\"]}]},{\"@type\":\"ImageObject\",\"inLanguage\":\"pt-BR\",\"@id\":\"https:\\\/\\\/diariodepe.com.br\\\/xinhua\\\/2025\\\/02\\\/17\\\/observatorio-economico-especialistas-alertam-que-tarifas-de-trump-podem-prejudicar-economia-global\\\/#primaryimage\",\"url\":\"https:\\\/\\\/diariodepe.com.br\\\/xinhua\\\/wp-content\\\/uploads\\\/sites\\\/3\\\/2025\\\/02\\\/202502175727575944d94e629deb5047e936d1b2_20250217aa4a8f5657064f388ac6e6f61c277d61.jpeg\",\"contentUrl\":\"https:\\\/\\\/diariodepe.com.br\\\/xinhua\\\/wp-content\\\/uploads\\\/sites\\\/3\\\/2025\\\/02\\\/202502175727575944d94e629deb5047e936d1b2_20250217aa4a8f5657064f388ac6e6f61c277d61.jpeg\",\"width\":900,\"height\":600,\"caption\":\"(250214) -- WASHINGTON, Feb. 14, 2025 (Xinhua) -- U.S. President Donald Trump attends a press conference at the White House in Washington D.C., the United States, Feb. 14, 2025. U.S. President Donald Trump on Thursday signed a memorandum directing his administration to determine \\\"the equivalent of a reciprocal tariff with respect to each foreign trading partner.\\\" \\\"I have decided for purposes of fairness, that I will charge a reciprocal tariff - meaning whatever countries charge the United States of America, we will charge them no more, no less. In other words, they charge us a tax or tariff and we charge them the exact same tax or tariff. Very simple,\\\" Trump said at the White House. (Xinhua\\\/Hu Yousong)\"},{\"@type\":\"BreadcrumbList\",\"@id\":\"https:\\\/\\\/diariodepe.com.br\\\/xinhua\\\/2025\\\/02\\\/17\\\/observatorio-economico-especialistas-alertam-que-tarifas-de-trump-podem-prejudicar-economia-global\\\/#breadcrumb\",\"itemListElement\":[{\"@type\":\"ListItem\",\"position\":1,\"name\":\"In\u00edcio\",\"item\":\"https:\\\/\\\/diariodepe.com.br\\\/xinhua\\\/\"},{\"@type\":\"ListItem\",\"position\":2,\"name\":\"Observat\u00f3rio Econ\u00f4mico: Especialistas alertam que tarifas de Trump podem prejudicar economia global\"}]},{\"@type\":\"WebSite\",\"@id\":\"https:\\\/\\\/diariodepe.com.br\\\/xinhua\\\/#website\",\"url\":\"https:\\\/\\\/diariodepe.com.br\\\/xinhua\\\/\",\"name\":\"Xinhua - Diario de Pernambuco\",\"description\":\"A maior ag\u00eancia de not\u00edcias da China e um dos principais canais para conhecer o pa\u00eds\",\"publisher\":{\"@id\":\"https:\\\/\\\/diariodepe.com.br\\\/xinhua\\\/#organization\"},\"potentialAction\":[{\"@type\":\"SearchAction\",\"target\":{\"@type\":\"EntryPoint\",\"urlTemplate\":\"https:\\\/\\\/diariodepe.com.br\\\/xinhua\\\/?s={search_term_string}\"},\"query-input\":{\"@type\":\"PropertyValueSpecification\",\"valueRequired\":true,\"valueName\":\"search_term_string\"}}],\"inLanguage\":\"pt-BR\"},{\"@type\":\"Organization\",\"@id\":\"https:\\\/\\\/diariodepe.com.br\\\/xinhua\\\/#organization\",\"name\":\"Xinhua - Diario de Pernambuco\",\"url\":\"https:\\\/\\\/diariodepe.com.br\\\/xinhua\\\/\",\"logo\":{\"@type\":\"ImageObject\",\"inLanguage\":\"pt-BR\",\"@id\":\"https:\\\/\\\/diariodepe.com.br\\\/xinhua\\\/#\\\/schema\\\/logo\\\/image\\\/\",\"url\":\"https:\\\/\\\/diariodepe.com.br\\\/xinhua\\\/wp-content\\\/uploads\\\/sites\\\/3\\\/2020\\\/10\\\/cropped-logo-transparente-2.png\",\"contentUrl\":\"https:\\\/\\\/diariodepe.com.br\\\/xinhua\\\/wp-content\\\/uploads\\\/sites\\\/3\\\/2020\\\/10\\\/cropped-logo-transparente-2.png\",\"width\":512,\"height\":164,\"caption\":\"Xinhua - Diario de Pernambuco\"},\"image\":{\"@id\":\"https:\\\/\\\/diariodepe.com.br\\\/xinhua\\\/#\\\/schema\\\/logo\\\/image\\\/\"}},{\"@type\":\"Person\",\"@id\":\"https:\\\/\\\/diariodepe.com.br\\\/xinhua\\\/#\\\/schema\\\/person\\\/0943d6fd02bdc7b49c8f495e8787a2cb\",\"name\":\"Marcelo Oliveira de A. Maranhao\",\"image\":{\"@type\":\"ImageObject\",\"inLanguage\":\"pt-BR\",\"@id\":\"https:\\\/\\\/secure.gravatar.com\\\/avatar\\\/f562caee940d39879c20e90eea3e4b21860c7d4c96684c23141c554824f0059c?s=96&d=mm&r=g\",\"url\":\"https:\\\/\\\/secure.gravatar.com\\\/avatar\\\/f562caee940d39879c20e90eea3e4b21860c7d4c96684c23141c554824f0059c?s=96&d=mm&r=g\",\"contentUrl\":\"https:\\\/\\\/secure.gravatar.com\\\/avatar\\\/f562caee940d39879c20e90eea3e4b21860c7d4c96684c23141c554824f0059c?s=96&d=mm&r=g\",\"caption\":\"Marcelo Oliveira de A. Maranhao\"},\"url\":\"https:\\\/\\\/diariodepe.com.br\\\/xinhua\\\/author\\\/marcelo-maranhao\\\/\"}]}<\/script>\n<!-- \/ Yoast SEO plugin. -->","yoast_head_json":{"title":"Observat\u00f3rio Econ\u00f4mico: Especialistas alertam que tarifas de Trump podem prejudicar economia global - Xinhua - Diario de Pernambuco","robots":{"index":"index","follow":"follow","max-snippet":"max-snippet:-1","max-image-preview":"max-image-preview:large","max-video-preview":"max-video-preview:-1"},"canonical":"https:\/\/diariodepe.com.br\/xinhua\/2025\/02\/17\/observatorio-economico-especialistas-alertam-que-tarifas-de-trump-podem-prejudicar-economia-global\/","og_locale":"pt_BR","og_type":"article","og_title":"Observat\u00f3rio Econ\u00f4mico: Especialistas alertam que tarifas de Trump podem prejudicar economia global - Xinhua - Diario de Pernambuco","og_description":"Beijing &#8211; O plano do presidente dos EUA, Donald Trump, de impor tarifas rec\u00edprocas a todos os parceiros comerciais gerou amplas preocupa\u00e7\u00f5es de que isso poderia desencadear uma guerra comercial e diminuir a perspectiva econ\u00f4mica global. Trump assinou na quinta-feira...","og_url":"https:\/\/diariodepe.com.br\/xinhua\/2025\/02\/17\/observatorio-economico-especialistas-alertam-que-tarifas-de-trump-podem-prejudicar-economia-global\/","og_site_name":"Xinhua - Diario de Pernambuco","article_published_time":"2025-02-17T14:51:28+00:00","article_modified_time":"2025-02-17T14:51:29+00:00","og_image":[{"width":900,"height":600,"url":"https:\/\/diariodepe.com.br\/xinhua\/wp-content\/uploads\/sites\/3\/2025\/02\/202502175727575944d94e629deb5047e936d1b2_20250217aa4a8f5657064f388ac6e6f61c277d61.jpeg","type":"image\/jpeg"}],"author":"Marcelo Oliveira de A. Maranhao","twitter_card":"summary_large_image","twitter_misc":{"Escrito por":"Marcelo Oliveira de A. Maranhao","Est. tempo de leitura":"7 minutos"},"schema":{"@context":"https:\/\/schema.org","@graph":[{"@type":"Article","@id":"https:\/\/diariodepe.com.br\/xinhua\/2025\/02\/17\/observatorio-economico-especialistas-alertam-que-tarifas-de-trump-podem-prejudicar-economia-global\/#article","isPartOf":{"@id":"https:\/\/diariodepe.com.br\/xinhua\/2025\/02\/17\/observatorio-economico-especialistas-alertam-que-tarifas-de-trump-podem-prejudicar-economia-global\/"},"author":{"name":"Marcelo Oliveira de A. Maranhao","@id":"https:\/\/diariodepe.com.br\/xinhua\/#\/schema\/person\/0943d6fd02bdc7b49c8f495e8787a2cb"},"headline":"Observat\u00f3rio Econ\u00f4mico: Especialistas alertam que tarifas de Trump podem prejudicar economia global","datePublished":"2025-02-17T14:51:28+00:00","dateModified":"2025-02-17T14:51:29+00:00","mainEntityOfPage":{"@id":"https:\/\/diariodepe.com.br\/xinhua\/2025\/02\/17\/observatorio-economico-especialistas-alertam-que-tarifas-de-trump-podem-prejudicar-economia-global\/"},"wordCount":1170,"commentCount":0,"publisher":{"@id":"https:\/\/diariodepe.com.br\/xinhua\/#organization"},"image":{"@id":"https:\/\/diariodepe.com.br\/xinhua\/2025\/02\/17\/observatorio-economico-especialistas-alertam-que-tarifas-de-trump-podem-prejudicar-economia-global\/#primaryimage"},"thumbnailUrl":"https:\/\/diariodepe.com.br\/xinhua\/wp-content\/uploads\/sites\/3\/2025\/02\/202502175727575944d94e629deb5047e936d1b2_20250217aa4a8f5657064f388ac6e6f61c277d61.jpeg","articleSection":["Economia"],"inLanguage":"pt-BR","potentialAction":[{"@type":"CommentAction","name":"Comment","target":["https:\/\/diariodepe.com.br\/xinhua\/2025\/02\/17\/observatorio-economico-especialistas-alertam-que-tarifas-de-trump-podem-prejudicar-economia-global\/#respond"]}]},{"@type":"WebPage","@id":"https:\/\/diariodepe.com.br\/xinhua\/2025\/02\/17\/observatorio-economico-especialistas-alertam-que-tarifas-de-trump-podem-prejudicar-economia-global\/","url":"https:\/\/diariodepe.com.br\/xinhua\/2025\/02\/17\/observatorio-economico-especialistas-alertam-que-tarifas-de-trump-podem-prejudicar-economia-global\/","name":"Observat\u00f3rio Econ\u00f4mico: Especialistas alertam que tarifas de Trump podem prejudicar economia global - Xinhua - Diario de Pernambuco","isPartOf":{"@id":"https:\/\/diariodepe.com.br\/xinhua\/#website"},"primaryImageOfPage":{"@id":"https:\/\/diariodepe.com.br\/xinhua\/2025\/02\/17\/observatorio-economico-especialistas-alertam-que-tarifas-de-trump-podem-prejudicar-economia-global\/#primaryimage"},"image":{"@id":"https:\/\/diariodepe.com.br\/xinhua\/2025\/02\/17\/observatorio-economico-especialistas-alertam-que-tarifas-de-trump-podem-prejudicar-economia-global\/#primaryimage"},"thumbnailUrl":"https:\/\/diariodepe.com.br\/xinhua\/wp-content\/uploads\/sites\/3\/2025\/02\/202502175727575944d94e629deb5047e936d1b2_20250217aa4a8f5657064f388ac6e6f61c277d61.jpeg","datePublished":"2025-02-17T14:51:28+00:00","dateModified":"2025-02-17T14:51:29+00:00","breadcrumb":{"@id":"https:\/\/diariodepe.com.br\/xinhua\/2025\/02\/17\/observatorio-economico-especialistas-alertam-que-tarifas-de-trump-podem-prejudicar-economia-global\/#breadcrumb"},"inLanguage":"pt-BR","potentialAction":[{"@type":"ReadAction","target":["https:\/\/diariodepe.com.br\/xinhua\/2025\/02\/17\/observatorio-economico-especialistas-alertam-que-tarifas-de-trump-podem-prejudicar-economia-global\/"]}]},{"@type":"ImageObject","inLanguage":"pt-BR","@id":"https:\/\/diariodepe.com.br\/xinhua\/2025\/02\/17\/observatorio-economico-especialistas-alertam-que-tarifas-de-trump-podem-prejudicar-economia-global\/#primaryimage","url":"https:\/\/diariodepe.com.br\/xinhua\/wp-content\/uploads\/sites\/3\/2025\/02\/202502175727575944d94e629deb5047e936d1b2_20250217aa4a8f5657064f388ac6e6f61c277d61.jpeg","contentUrl":"https:\/\/diariodepe.com.br\/xinhua\/wp-content\/uploads\/sites\/3\/2025\/02\/202502175727575944d94e629deb5047e936d1b2_20250217aa4a8f5657064f388ac6e6f61c277d61.jpeg","width":900,"height":600,"caption":"(250214) -- WASHINGTON, Feb. 14, 2025 (Xinhua) -- U.S. President Donald Trump attends a press conference at the White House in Washington D.C., the United States, Feb. 14, 2025. U.S. President Donald Trump on Thursday signed a memorandum directing his administration to determine \"the equivalent of a reciprocal tariff with respect to each foreign trading partner.\" \"I have decided for purposes of fairness, that I will charge a reciprocal tariff - meaning whatever countries charge the United States of America, we will charge them no more, no less. In other words, they charge us a tax or tariff and we charge them the exact same tax or tariff. Very simple,\" Trump said at the White House. (Xinhua\/Hu Yousong)"},{"@type":"BreadcrumbList","@id":"https:\/\/diariodepe.com.br\/xinhua\/2025\/02\/17\/observatorio-economico-especialistas-alertam-que-tarifas-de-trump-podem-prejudicar-economia-global\/#breadcrumb","itemListElement":[{"@type":"ListItem","position":1,"name":"In\u00edcio","item":"https:\/\/diariodepe.com.br\/xinhua\/"},{"@type":"ListItem","position":2,"name":"Observat\u00f3rio Econ\u00f4mico: Especialistas alertam que tarifas de Trump podem prejudicar economia global"}]},{"@type":"WebSite","@id":"https:\/\/diariodepe.com.br\/xinhua\/#website","url":"https:\/\/diariodepe.com.br\/xinhua\/","name":"Xinhua - Diario de Pernambuco","description":"A maior ag\u00eancia de not\u00edcias da China e um dos principais canais para conhecer o pa\u00eds","publisher":{"@id":"https:\/\/diariodepe.com.br\/xinhua\/#organization"},"potentialAction":[{"@type":"SearchAction","target":{"@type":"EntryPoint","urlTemplate":"https:\/\/diariodepe.com.br\/xinhua\/?s={search_term_string}"},"query-input":{"@type":"PropertyValueSpecification","valueRequired":true,"valueName":"search_term_string"}}],"inLanguage":"pt-BR"},{"@type":"Organization","@id":"https:\/\/diariodepe.com.br\/xinhua\/#organization","name":"Xinhua - Diario de Pernambuco","url":"https:\/\/diariodepe.com.br\/xinhua\/","logo":{"@type":"ImageObject","inLanguage":"pt-BR","@id":"https:\/\/diariodepe.com.br\/xinhua\/#\/schema\/logo\/image\/","url":"https:\/\/diariodepe.com.br\/xinhua\/wp-content\/uploads\/sites\/3\/2020\/10\/cropped-logo-transparente-2.png","contentUrl":"https:\/\/diariodepe.com.br\/xinhua\/wp-content\/uploads\/sites\/3\/2020\/10\/cropped-logo-transparente-2.png","width":512,"height":164,"caption":"Xinhua - Diario de Pernambuco"},"image":{"@id":"https:\/\/diariodepe.com.br\/xinhua\/#\/schema\/logo\/image\/"}},{"@type":"Person","@id":"https:\/\/diariodepe.com.br\/xinhua\/#\/schema\/person\/0943d6fd02bdc7b49c8f495e8787a2cb","name":"Marcelo Oliveira de A. Maranhao","image":{"@type":"ImageObject","inLanguage":"pt-BR","@id":"https:\/\/secure.gravatar.com\/avatar\/f562caee940d39879c20e90eea3e4b21860c7d4c96684c23141c554824f0059c?s=96&d=mm&r=g","url":"https:\/\/secure.gravatar.com\/avatar\/f562caee940d39879c20e90eea3e4b21860c7d4c96684c23141c554824f0059c?s=96&d=mm&r=g","contentUrl":"https:\/\/secure.gravatar.com\/avatar\/f562caee940d39879c20e90eea3e4b21860c7d4c96684c23141c554824f0059c?s=96&d=mm&r=g","caption":"Marcelo Oliveira de A. Maranhao"},"url":"https:\/\/diariodepe.com.br\/xinhua\/author\/marcelo-maranhao\/"}]}},"cc_featured_image_caption":{"caption_text":"","source_text":"","source_url":""},"amp_enabled":true,"_links":{"self":[{"href":"https:\/\/diariodepe.com.br\/xinhua\/wp-json\/wp\/v2\/posts\/25559","targetHints":{"allow":["GET"]}}],"collection":[{"href":"https:\/\/diariodepe.com.br\/xinhua\/wp-json\/wp\/v2\/posts"}],"about":[{"href":"https:\/\/diariodepe.com.br\/xinhua\/wp-json\/wp\/v2\/types\/post"}],"author":[{"embeddable":true,"href":"https:\/\/diariodepe.com.br\/xinhua\/wp-json\/wp\/v2\/users\/3"}],"replies":[{"embeddable":true,"href":"https:\/\/diariodepe.com.br\/xinhua\/wp-json\/wp\/v2\/comments?post=25559"}],"version-history":[{"count":1,"href":"https:\/\/diariodepe.com.br\/xinhua\/wp-json\/wp\/v2\/posts\/25559\/revisions"}],"predecessor-version":[{"id":25561,"href":"https:\/\/diariodepe.com.br\/xinhua\/wp-json\/wp\/v2\/posts\/25559\/revisions\/25561"}],"wp:featuredmedia":[{"embeddable":true,"href":"https:\/\/diariodepe.com.br\/xinhua\/wp-json\/wp\/v2\/media\/25560"}],"wp:attachment":[{"href":"https:\/\/diariodepe.com.br\/xinhua\/wp-json\/wp\/v2\/media?parent=25559"}],"wp:term":[{"taxonomy":"category","embeddable":true,"href":"https:\/\/diariodepe.com.br\/xinhua\/wp-json\/wp\/v2\/categories?post=25559"},{"taxonomy":"post_tag","embeddable":true,"href":"https:\/\/diariodepe.com.br\/xinhua\/wp-json\/wp\/v2\/tags?post=25559"}],"curies":[{"name":"wp","href":"https:\/\/api.w.org\/{rel}","templated":true}]}}