{"id":25543,"date":"2025-02-14T14:00:00","date_gmt":"2025-02-14T17:00:00","guid":{"rendered":"https:\/\/www.diariodepe.com.br\/xinhua\/?p=25543"},"modified":"2025-02-14T09:54:17","modified_gmt":"2025-02-14T12:54:17","slug":"cupula-de-ia-pede-esforcos-internacionais-para-estabelecer-estrutura-de-governanca-aberta-e-inclusiva","status":"publish","type":"post","link":"https:\/\/diariodepe.com.br\/xinhua\/2025\/02\/14\/cupula-de-ia-pede-esforcos-internacionais-para-estabelecer-estrutura-de-governanca-aberta-e-inclusiva\/","title":{"rendered":"C\u00fapula de IA pede esfor\u00e7os internacionais para estabelecer estrutura de governan\u00e7a aberta e inclusiva"},"content":{"rendered":"\n<p>Paris &#8211; A Fran\u00e7a sediou a C\u00fapula de A\u00e7\u00e3o de Intelig\u00eancia Artificial recentemente em uma tentativa de estabelecer uma estrutura global de governan\u00e7a de intelig\u00eancia artificial (IA) que seja inclusiva e eficiente.<\/p>\n\n\n\n<p>A c\u00fapula de dois dias, que terminou na ter\u00e7a-feira, focou em cinco temas principais: IA de interesse p\u00fablico, futuro do trabalho, inova\u00e7\u00e3o e cultura, confian\u00e7a na IA e governan\u00e7a global de IA. Os participantes concordaram que, conforme a IA fica cada vez mais integrada \u00e0 vida cotidiana, h\u00e1 uma necessidade urgente de encontrar uma solu\u00e7\u00e3o que equilibre a governan\u00e7a da IA \u200b\u200bcom seu desenvolvimento.<\/p>\n\n\n\n<p><strong>ESFOR\u00c7OS INTERNACIONAIS PARA GOVERNAN\u00c7A GLOBAL DA IA<\/strong><\/p>\n\n\n\n<p>Lu Linhua, da Faculdade de Direito da Universidade de Estrasburgo, destacou a necessidade de coopera\u00e7\u00e3o m\u00fatua na ind\u00fastria da IA, apesar da intensa competi\u00e7\u00e3o que prevalece atualmente.<\/p>\n\n\n\n<p>De acordo com Lu, a ind\u00fastria e a academia devem melhorar a comunica\u00e7\u00e3o, pois ainda n\u00e3o est\u00e3o colaborando efetivamente em quest\u00f5es de governan\u00e7a.<\/p>\n\n\n\n<p>&#8220;Precisamos fortalecer os di\u00e1logos bilaterais sobre quest\u00f5es-chave para aumentar o entendimento, construir consenso e promover a coopera\u00e7\u00e3o&#8221;, disse ela. &#8220;Por exemplo, como projetar mecanismos que incentivem as empresas a investir em inova\u00e7\u00e3o e introduzir pol\u00edticas legais para orientar o desenvolvimento tecnol\u00f3gico saud\u00e1vel s\u00e3o t\u00f3picos essenciais&#8221;.<\/p>\n\n\n\n<figure class=\"wp-block-image\"><img decoding=\"async\" src=\"https:\/\/portuguese.news.cn\/20250214\/3bf6e2f5e3a24b839e4b49b30215ace5\/202502143bf6e2f5e3a24b839e4b49b30215ace5_202502146b354d99e75f49ed957d687059ef4e4c.jpeg\" alt=\"\"\/><figcaption>Foto tirada no dia 10 de fevereiro de 2025 mostra local da C\u00fapula de A\u00e7\u00e3o de IA realizada no Grand Palais em Paris, Fran\u00e7a. (Xinhua\/Gao Jing)<\/figcaption><\/figure>\n\n\n\n<p>Jano Costard, chefe de Desafios da Ag\u00eancia Federal Alem\u00e3 para Inova\u00e7\u00e3o Disruptiva (SPRIN-D), enfatizou a import\u00e2ncia de garantir que o desenvolvimento de IA beneficie pessoas em todo o mundo, independentemente da localiza\u00e7\u00e3o. &#8220;\u00c9 essencial reunir pessoas de v\u00e1rias regi\u00f5es e ind\u00fastrias, incluindo aquelas de startups e governo, para garantir que a IA seja desenvolvida para o benef\u00edcio de todos&#8221;, disse ele.<\/p>\n\n\n\n<p>Xie Minxi, diretor-executivo da Anyuan AI, uma organiza\u00e7\u00e3o de consultoria chinesa especializada em seguran\u00e7a e governan\u00e7a de IA, destacou o papel de lideran\u00e7a da China na regulamenta\u00e7\u00e3o de deepfakes, recomenda\u00e7\u00f5es de algoritmos e IA generativa. Ele observou que o Escrit\u00f3rio de Intelig\u00eancia Artificial da Uni\u00e3o Europeia est\u00e1 desenvolvendo um c\u00f3digo de conduta para IA geral, semelhante \u00e0 abordagem regulat\u00f3ria da China em alguns aspectos.<\/p>\n\n\n\n<p>&#8220;Isso reflete a necessidade de trocas e aprendizado m\u00fatuo&#8221;, afirmou Xie.<\/p>\n\n\n\n<p><strong>DESENVOLVENDO IA ABERTA E INCLUSIVA<\/strong><\/p>\n\n\n\n<p>Muitos participantes da C\u00fapula de A\u00e7\u00e3o de IA concordaram que os modelos de IA de c\u00f3digo aberto da China desempenham um papel significativo no avan\u00e7o do desenvolvimento de IA aberta e inclusiva.<\/p>\n\n\n\n<p>Xie Minxi destacou que, diferentemente das pr\u00e1ticas de c\u00f3digo fechado de algumas empresas americanas, empresas chinesas como a Alibaba est\u00e3o mais dispostas a adotar modelos de IA acess\u00edveis ao p\u00fablico. &#8220;Isso n\u00e3o s\u00f3 facilita a supervis\u00e3o externa, como permite que regi\u00f5es e ind\u00fastrias adaptem a IA de acordo com as necessidades locais&#8221;, disse ele.<\/p>\n\n\n\n<figure class=\"wp-block-image\"><img decoding=\"async\" src=\"https:\/\/portuguese.news.cn\/20250214\/3bf6e2f5e3a24b839e4b49b30215ace5\/202502143bf6e2f5e3a24b839e4b49b30215ace5_20250214e74a61b5f3b642db834547273a888bb6.jpeg\" alt=\"\"\/><figcaption>Foto tirada no dia 10 de fevereiro de 2025 mostra local da C\u00fapula de A\u00e7\u00e3o de IA realizada no Grand Palais em Paris, Fran\u00e7a. (Xinhua\/Gao Jing)<\/figcaption><\/figure>\n\n\n\n<p>No entanto, Xie alertou que os modelos de c\u00f3digo aberto t\u00eam desafios, particularmente no equil\u00edbrio entre abertura e seguran\u00e7a, o que continua sendo uma preocupa\u00e7\u00e3o global.<\/p>\n\n\n\n<p>Durante uma mesa redonda na c\u00fapula, Aiman \u200b\u200bEzzat, CEO da Capgemini, elogiou a IA da DeepSeek da China por sua abertura e efici\u00eancia energ\u00e9tica. &#8220;Os modelos leves da DeepSeek alcan\u00e7am os mesmos resultados usando menos energia, o que \u00e9 um grande avan\u00e7o&#8221;, disse ele, observando tamb\u00e9m que os modelos de c\u00f3digo aberto aumentam a transpar\u00eancia.<\/p>\n\n\n\n<p><strong>DESENVOLVIMENTO E REGULAMENTA\u00c7\u00c3O<\/strong><\/p>\n\n\n\n<p>O presidente franc\u00eas Emmanuel Macron reiterou a necessidade de regulamenta\u00e7\u00f5es globais de IA para garantir a seguran\u00e7a da IA.<\/p>\n\n\n\n<p>&#8220;Precisamos dessas regras para que a IA avance&#8221;, enfatizou Macron durante a c\u00fapula.<\/p>\n\n\n\n<p>Na conclus\u00e3o da c\u00fapula, cerca de 60 pa\u00edses, incluindo a China, assinaram uma Declara\u00e7\u00e3o sobre Intelig\u00eancia Artificial Inclusiva e Sustent\u00e1vel para Pessoas e o Planeta. A declara\u00e7\u00e3o afirmou que a abordagem da c\u00fapula permitiria que a IA fosse baseada em direitos humanos, \u00e9tica, segura, protegida e confi\u00e1vel.<\/p>\n\n\n\n<p>No entanto, os Estados Unidos se recusaram a assinar a declara\u00e7\u00e3o, argumentando que a regulamenta\u00e7\u00e3o excessiva poderia sufocar um setor transformador no momento em que ele est\u00e1 come\u00e7ando a florescer.<\/p>\n\n\n\n<figure class=\"wp-block-image\"><img decoding=\"async\" src=\"https:\/\/portuguese.news.cn\/20250214\/3bf6e2f5e3a24b839e4b49b30215ace5\/202502143bf6e2f5e3a24b839e4b49b30215ace5_2025021403b63265b95a4c0193ae135407a88104.jpeg\" alt=\"\"\/><figcaption>Foto tirada no dia 10 de fevereiro de 2025 mostra local da C\u00fapula de A\u00e7\u00e3o de IA realizada no Grand Palais em Paris, Fran\u00e7a. (Xinhua\/Gao Jing)<\/figcaption><\/figure>\n\n\n\n<p>Remi Bourgeot, pesquisador associado do Instituto Franc\u00eas de Assuntos Internacionais e Estrat\u00e9gicos (IRIS, na sigla em ingl\u00eas), observou que as expectativas de coordena\u00e7\u00e3o global sobre regulamenta\u00e7\u00e3o de IA devem ser moderadas. Atualmente, as pot\u00eancias globais est\u00e3o mais focadas na corrida tecnol\u00f3gica do que em estruturas regulat\u00f3rias. &#8220;A maioria dos governos est\u00e1 enfrentando desafios semelhantes com os riscos representados por modelos poderosos de IA, a coordena\u00e7\u00e3o provavelmente ocorrer\u00e1 quando a IA atingir uma fase mais madura&#8221;, disse ele.<\/p>\n\n\n\n<p>Shen Weixing, reitor do Instituto de Estudos sobre Intelig\u00eancia Artificial e Direito da Universidade Tsinghua, enfatizou que o desenvolvimento da IA \u200b\u200be a seguran\u00e7a da IA \u200b\u200bs\u00e3o complementares, n\u00e3o contradit\u00f3rios. &#8220;A raz\u00e3o pela qual enfatizamos a seguran\u00e7a \u00e9 criar um ambiente melhor para o desenvolvimento&#8221;, disse ele.<\/p>\n","protected":false},"excerpt":{"rendered":"<p>Paris &#8211; A Fran\u00e7a sediou a C\u00fapula de A\u00e7\u00e3o de Intelig\u00eancia Artificial recentemente em uma tentativa de estabelecer uma estrutura global de governan\u00e7a de intelig\u00eancia artificial (IA) que seja inclusiva e eficiente. A c\u00fapula de dois dias, que terminou na&#8230;<\/p>\n","protected":false},"author":3,"featured_media":25544,"comment_status":"open","ping_status":"open","sticky":false,"template":"","format":"standard","meta":{"footnotes":""},"categories":[6],"tags":[],"class_list":["post-25543","post","type-post","status-publish","format-standard","has-post-thumbnail","hentry","category-cultura-tecnologia"],"yoast_head":"<!-- This site is optimized with the Yoast SEO plugin v27.4 - https:\/\/yoast.com\/product\/yoast-seo-wordpress\/ -->\n<title>C\u00fapula de IA pede esfor\u00e7os internacionais para estabelecer estrutura de governan\u00e7a aberta e inclusiva - Xinhua - Diario de Pernambuco<\/title>\n<meta name=\"robots\" content=\"index, follow, max-snippet:-1, max-image-preview:large, max-video-preview:-1\" \/>\n<link rel=\"canonical\" href=\"https:\/\/diariodepe.com.br\/xinhua\/2025\/02\/14\/cupula-de-ia-pede-esforcos-internacionais-para-estabelecer-estrutura-de-governanca-aberta-e-inclusiva\/\" \/>\n<meta property=\"og:locale\" content=\"pt_BR\" \/>\n<meta property=\"og:type\" content=\"article\" \/>\n<meta property=\"og:title\" content=\"C\u00fapula de IA pede esfor\u00e7os internacionais para estabelecer estrutura de governan\u00e7a aberta e inclusiva - Xinhua - Diario de Pernambuco\" \/>\n<meta property=\"og:description\" content=\"Paris &#8211; A Fran\u00e7a sediou a C\u00fapula de A\u00e7\u00e3o de Intelig\u00eancia Artificial recentemente em uma tentativa de estabelecer uma estrutura global de governan\u00e7a de intelig\u00eancia artificial (IA) que seja inclusiva e eficiente. A c\u00fapula de dois dias, que terminou na...\" \/>\n<meta property=\"og:url\" content=\"https:\/\/diariodepe.com.br\/xinhua\/2025\/02\/14\/cupula-de-ia-pede-esforcos-internacionais-para-estabelecer-estrutura-de-governanca-aberta-e-inclusiva\/\" \/>\n<meta property=\"og:site_name\" content=\"Xinhua - Diario de Pernambuco\" \/>\n<meta property=\"article:published_time\" content=\"2025-02-14T17:00:00+00:00\" \/>\n<meta property=\"og:image\" content=\"https:\/\/diariodepe.com.br\/xinhua\/wp-content\/uploads\/sites\/3\/2025\/02\/202502143bf6e2f5e3a24b839e4b49b30215ace5_202502143dc496df473844879be7754ff8e8734e.jpeg\" \/>\n\t<meta property=\"og:image:width\" content=\"900\" \/>\n\t<meta property=\"og:image:height\" content=\"547\" \/>\n\t<meta property=\"og:image:type\" content=\"image\/jpeg\" \/>\n<meta name=\"author\" content=\"Marcelo Oliveira de A. Maranhao\" \/>\n<meta name=\"twitter:card\" content=\"summary_large_image\" \/>\n<meta name=\"twitter:label1\" content=\"Escrito por\" \/>\n\t<meta name=\"twitter:data1\" content=\"Marcelo Oliveira de A. Maranhao\" \/>\n\t<meta name=\"twitter:label2\" content=\"Est. tempo de leitura\" \/>\n\t<meta name=\"twitter:data2\" content=\"6 minutos\" \/>\n<script type=\"application\/ld+json\" class=\"yoast-schema-graph\">{\"@context\":\"https:\\\/\\\/schema.org\",\"@graph\":[{\"@type\":\"Article\",\"@id\":\"https:\\\/\\\/diariodepe.com.br\\\/xinhua\\\/2025\\\/02\\\/14\\\/cupula-de-ia-pede-esforcos-internacionais-para-estabelecer-estrutura-de-governanca-aberta-e-inclusiva\\\/#article\",\"isPartOf\":{\"@id\":\"https:\\\/\\\/diariodepe.com.br\\\/xinhua\\\/2025\\\/02\\\/14\\\/cupula-de-ia-pede-esforcos-internacionais-para-estabelecer-estrutura-de-governanca-aberta-e-inclusiva\\\/\"},\"author\":{\"name\":\"Marcelo Oliveira de A. Maranhao\",\"@id\":\"https:\\\/\\\/diariodepe.com.br\\\/xinhua\\\/#\\\/schema\\\/person\\\/0943d6fd02bdc7b49c8f495e8787a2cb\"},\"headline\":\"C\u00fapula de IA pede esfor\u00e7os internacionais para estabelecer estrutura de governan\u00e7a aberta e inclusiva\",\"datePublished\":\"2025-02-14T17:00:00+00:00\",\"mainEntityOfPage\":{\"@id\":\"https:\\\/\\\/diariodepe.com.br\\\/xinhua\\\/2025\\\/02\\\/14\\\/cupula-de-ia-pede-esforcos-internacionais-para-estabelecer-estrutura-de-governanca-aberta-e-inclusiva\\\/\"},\"wordCount\":952,\"commentCount\":0,\"publisher\":{\"@id\":\"https:\\\/\\\/diariodepe.com.br\\\/xinhua\\\/#organization\"},\"image\":{\"@id\":\"https:\\\/\\\/diariodepe.com.br\\\/xinhua\\\/2025\\\/02\\\/14\\\/cupula-de-ia-pede-esforcos-internacionais-para-estabelecer-estrutura-de-governanca-aberta-e-inclusiva\\\/#primaryimage\"},\"thumbnailUrl\":\"https:\\\/\\\/diariodepe.com.br\\\/xinhua\\\/wp-content\\\/uploads\\\/sites\\\/3\\\/2025\\\/02\\\/202502143bf6e2f5e3a24b839e4b49b30215ace5_202502143dc496df473844879be7754ff8e8734e.jpeg\",\"articleSection\":[\"Cultura \\\/ Tecnologia\"],\"inLanguage\":\"pt-BR\",\"potentialAction\":[{\"@type\":\"CommentAction\",\"name\":\"Comment\",\"target\":[\"https:\\\/\\\/diariodepe.com.br\\\/xinhua\\\/2025\\\/02\\\/14\\\/cupula-de-ia-pede-esforcos-internacionais-para-estabelecer-estrutura-de-governanca-aberta-e-inclusiva\\\/#respond\"]}]},{\"@type\":\"WebPage\",\"@id\":\"https:\\\/\\\/diariodepe.com.br\\\/xinhua\\\/2025\\\/02\\\/14\\\/cupula-de-ia-pede-esforcos-internacionais-para-estabelecer-estrutura-de-governanca-aberta-e-inclusiva\\\/\",\"url\":\"https:\\\/\\\/diariodepe.com.br\\\/xinhua\\\/2025\\\/02\\\/14\\\/cupula-de-ia-pede-esforcos-internacionais-para-estabelecer-estrutura-de-governanca-aberta-e-inclusiva\\\/\",\"name\":\"C\u00fapula de IA pede esfor\u00e7os internacionais para estabelecer estrutura de governan\u00e7a aberta e inclusiva - Xinhua - Diario de Pernambuco\",\"isPartOf\":{\"@id\":\"https:\\\/\\\/diariodepe.com.br\\\/xinhua\\\/#website\"},\"primaryImageOfPage\":{\"@id\":\"https:\\\/\\\/diariodepe.com.br\\\/xinhua\\\/2025\\\/02\\\/14\\\/cupula-de-ia-pede-esforcos-internacionais-para-estabelecer-estrutura-de-governanca-aberta-e-inclusiva\\\/#primaryimage\"},\"image\":{\"@id\":\"https:\\\/\\\/diariodepe.com.br\\\/xinhua\\\/2025\\\/02\\\/14\\\/cupula-de-ia-pede-esforcos-internacionais-para-estabelecer-estrutura-de-governanca-aberta-e-inclusiva\\\/#primaryimage\"},\"thumbnailUrl\":\"https:\\\/\\\/diariodepe.com.br\\\/xinhua\\\/wp-content\\\/uploads\\\/sites\\\/3\\\/2025\\\/02\\\/202502143bf6e2f5e3a24b839e4b49b30215ace5_202502143dc496df473844879be7754ff8e8734e.jpeg\",\"datePublished\":\"2025-02-14T17:00:00+00:00\",\"breadcrumb\":{\"@id\":\"https:\\\/\\\/diariodepe.com.br\\\/xinhua\\\/2025\\\/02\\\/14\\\/cupula-de-ia-pede-esforcos-internacionais-para-estabelecer-estrutura-de-governanca-aberta-e-inclusiva\\\/#breadcrumb\"},\"inLanguage\":\"pt-BR\",\"potentialAction\":[{\"@type\":\"ReadAction\",\"target\":[\"https:\\\/\\\/diariodepe.com.br\\\/xinhua\\\/2025\\\/02\\\/14\\\/cupula-de-ia-pede-esforcos-internacionais-para-estabelecer-estrutura-de-governanca-aberta-e-inclusiva\\\/\"]}]},{\"@type\":\"ImageObject\",\"inLanguage\":\"pt-BR\",\"@id\":\"https:\\\/\\\/diariodepe.com.br\\\/xinhua\\\/2025\\\/02\\\/14\\\/cupula-de-ia-pede-esforcos-internacionais-para-estabelecer-estrutura-de-governanca-aberta-e-inclusiva\\\/#primaryimage\",\"url\":\"https:\\\/\\\/diariodepe.com.br\\\/xinhua\\\/wp-content\\\/uploads\\\/sites\\\/3\\\/2025\\\/02\\\/202502143bf6e2f5e3a24b839e4b49b30215ace5_202502143dc496df473844879be7754ff8e8734e.jpeg\",\"contentUrl\":\"https:\\\/\\\/diariodepe.com.br\\\/xinhua\\\/wp-content\\\/uploads\\\/sites\\\/3\\\/2025\\\/02\\\/202502143bf6e2f5e3a24b839e4b49b30215ace5_202502143dc496df473844879be7754ff8e8734e.jpeg\",\"width\":900,\"height\":547,\"caption\":\"(250211) -- PARIS, Feb. 11, 2025 (Xinhua) -- Journalists work during the Artificial Intelligence (AI) Action Summit, at the Grand Palais, in Paris, France, on Feb. 11, 2025. (Xinhua\\\/Gao Jing)\"},{\"@type\":\"BreadcrumbList\",\"@id\":\"https:\\\/\\\/diariodepe.com.br\\\/xinhua\\\/2025\\\/02\\\/14\\\/cupula-de-ia-pede-esforcos-internacionais-para-estabelecer-estrutura-de-governanca-aberta-e-inclusiva\\\/#breadcrumb\",\"itemListElement\":[{\"@type\":\"ListItem\",\"position\":1,\"name\":\"In\u00edcio\",\"item\":\"https:\\\/\\\/diariodepe.com.br\\\/xinhua\\\/\"},{\"@type\":\"ListItem\",\"position\":2,\"name\":\"C\u00fapula de IA pede esfor\u00e7os internacionais para estabelecer estrutura de governan\u00e7a aberta e inclusiva\"}]},{\"@type\":\"WebSite\",\"@id\":\"https:\\\/\\\/diariodepe.com.br\\\/xinhua\\\/#website\",\"url\":\"https:\\\/\\\/diariodepe.com.br\\\/xinhua\\\/\",\"name\":\"Xinhua - Diario de Pernambuco\",\"description\":\"A maior ag\u00eancia de not\u00edcias da China e um dos principais canais para conhecer o pa\u00eds\",\"publisher\":{\"@id\":\"https:\\\/\\\/diariodepe.com.br\\\/xinhua\\\/#organization\"},\"potentialAction\":[{\"@type\":\"SearchAction\",\"target\":{\"@type\":\"EntryPoint\",\"urlTemplate\":\"https:\\\/\\\/diariodepe.com.br\\\/xinhua\\\/?s={search_term_string}\"},\"query-input\":{\"@type\":\"PropertyValueSpecification\",\"valueRequired\":true,\"valueName\":\"search_term_string\"}}],\"inLanguage\":\"pt-BR\"},{\"@type\":\"Organization\",\"@id\":\"https:\\\/\\\/diariodepe.com.br\\\/xinhua\\\/#organization\",\"name\":\"Xinhua - Diario de Pernambuco\",\"url\":\"https:\\\/\\\/diariodepe.com.br\\\/xinhua\\\/\",\"logo\":{\"@type\":\"ImageObject\",\"inLanguage\":\"pt-BR\",\"@id\":\"https:\\\/\\\/diariodepe.com.br\\\/xinhua\\\/#\\\/schema\\\/logo\\\/image\\\/\",\"url\":\"https:\\\/\\\/diariodepe.com.br\\\/xinhua\\\/wp-content\\\/uploads\\\/sites\\\/3\\\/2020\\\/10\\\/cropped-logo-transparente-2.png\",\"contentUrl\":\"https:\\\/\\\/diariodepe.com.br\\\/xinhua\\\/wp-content\\\/uploads\\\/sites\\\/3\\\/2020\\\/10\\\/cropped-logo-transparente-2.png\",\"width\":512,\"height\":164,\"caption\":\"Xinhua - Diario de Pernambuco\"},\"image\":{\"@id\":\"https:\\\/\\\/diariodepe.com.br\\\/xinhua\\\/#\\\/schema\\\/logo\\\/image\\\/\"}},{\"@type\":\"Person\",\"@id\":\"https:\\\/\\\/diariodepe.com.br\\\/xinhua\\\/#\\\/schema\\\/person\\\/0943d6fd02bdc7b49c8f495e8787a2cb\",\"name\":\"Marcelo Oliveira de A. Maranhao\",\"image\":{\"@type\":\"ImageObject\",\"inLanguage\":\"pt-BR\",\"@id\":\"https:\\\/\\\/secure.gravatar.com\\\/avatar\\\/f562caee940d39879c20e90eea3e4b21860c7d4c96684c23141c554824f0059c?s=96&d=mm&r=g\",\"url\":\"https:\\\/\\\/secure.gravatar.com\\\/avatar\\\/f562caee940d39879c20e90eea3e4b21860c7d4c96684c23141c554824f0059c?s=96&d=mm&r=g\",\"contentUrl\":\"https:\\\/\\\/secure.gravatar.com\\\/avatar\\\/f562caee940d39879c20e90eea3e4b21860c7d4c96684c23141c554824f0059c?s=96&d=mm&r=g\",\"caption\":\"Marcelo Oliveira de A. Maranhao\"},\"url\":\"https:\\\/\\\/diariodepe.com.br\\\/xinhua\\\/author\\\/marcelo-maranhao\\\/\"}]}<\/script>\n<!-- \/ Yoast SEO plugin. -->","yoast_head_json":{"title":"C\u00fapula de IA pede esfor\u00e7os internacionais para estabelecer estrutura de governan\u00e7a aberta e inclusiva - Xinhua - Diario de Pernambuco","robots":{"index":"index","follow":"follow","max-snippet":"max-snippet:-1","max-image-preview":"max-image-preview:large","max-video-preview":"max-video-preview:-1"},"canonical":"https:\/\/diariodepe.com.br\/xinhua\/2025\/02\/14\/cupula-de-ia-pede-esforcos-internacionais-para-estabelecer-estrutura-de-governanca-aberta-e-inclusiva\/","og_locale":"pt_BR","og_type":"article","og_title":"C\u00fapula de IA pede esfor\u00e7os internacionais para estabelecer estrutura de governan\u00e7a aberta e inclusiva - Xinhua - Diario de Pernambuco","og_description":"Paris &#8211; A Fran\u00e7a sediou a C\u00fapula de A\u00e7\u00e3o de Intelig\u00eancia Artificial recentemente em uma tentativa de estabelecer uma estrutura global de governan\u00e7a de intelig\u00eancia artificial (IA) que seja inclusiva e eficiente. A c\u00fapula de dois dias, que terminou na...","og_url":"https:\/\/diariodepe.com.br\/xinhua\/2025\/02\/14\/cupula-de-ia-pede-esforcos-internacionais-para-estabelecer-estrutura-de-governanca-aberta-e-inclusiva\/","og_site_name":"Xinhua - Diario de Pernambuco","article_published_time":"2025-02-14T17:00:00+00:00","og_image":[{"width":900,"height":547,"url":"https:\/\/diariodepe.com.br\/xinhua\/wp-content\/uploads\/sites\/3\/2025\/02\/202502143bf6e2f5e3a24b839e4b49b30215ace5_202502143dc496df473844879be7754ff8e8734e.jpeg","type":"image\/jpeg"}],"author":"Marcelo Oliveira de A. Maranhao","twitter_card":"summary_large_image","twitter_misc":{"Escrito por":"Marcelo Oliveira de A. Maranhao","Est. tempo de leitura":"6 minutos"},"schema":{"@context":"https:\/\/schema.org","@graph":[{"@type":"Article","@id":"https:\/\/diariodepe.com.br\/xinhua\/2025\/02\/14\/cupula-de-ia-pede-esforcos-internacionais-para-estabelecer-estrutura-de-governanca-aberta-e-inclusiva\/#article","isPartOf":{"@id":"https:\/\/diariodepe.com.br\/xinhua\/2025\/02\/14\/cupula-de-ia-pede-esforcos-internacionais-para-estabelecer-estrutura-de-governanca-aberta-e-inclusiva\/"},"author":{"name":"Marcelo Oliveira de A. Maranhao","@id":"https:\/\/diariodepe.com.br\/xinhua\/#\/schema\/person\/0943d6fd02bdc7b49c8f495e8787a2cb"},"headline":"C\u00fapula de IA pede esfor\u00e7os internacionais para estabelecer estrutura de governan\u00e7a aberta e inclusiva","datePublished":"2025-02-14T17:00:00+00:00","mainEntityOfPage":{"@id":"https:\/\/diariodepe.com.br\/xinhua\/2025\/02\/14\/cupula-de-ia-pede-esforcos-internacionais-para-estabelecer-estrutura-de-governanca-aberta-e-inclusiva\/"},"wordCount":952,"commentCount":0,"publisher":{"@id":"https:\/\/diariodepe.com.br\/xinhua\/#organization"},"image":{"@id":"https:\/\/diariodepe.com.br\/xinhua\/2025\/02\/14\/cupula-de-ia-pede-esforcos-internacionais-para-estabelecer-estrutura-de-governanca-aberta-e-inclusiva\/#primaryimage"},"thumbnailUrl":"https:\/\/diariodepe.com.br\/xinhua\/wp-content\/uploads\/sites\/3\/2025\/02\/202502143bf6e2f5e3a24b839e4b49b30215ace5_202502143dc496df473844879be7754ff8e8734e.jpeg","articleSection":["Cultura \/ Tecnologia"],"inLanguage":"pt-BR","potentialAction":[{"@type":"CommentAction","name":"Comment","target":["https:\/\/diariodepe.com.br\/xinhua\/2025\/02\/14\/cupula-de-ia-pede-esforcos-internacionais-para-estabelecer-estrutura-de-governanca-aberta-e-inclusiva\/#respond"]}]},{"@type":"WebPage","@id":"https:\/\/diariodepe.com.br\/xinhua\/2025\/02\/14\/cupula-de-ia-pede-esforcos-internacionais-para-estabelecer-estrutura-de-governanca-aberta-e-inclusiva\/","url":"https:\/\/diariodepe.com.br\/xinhua\/2025\/02\/14\/cupula-de-ia-pede-esforcos-internacionais-para-estabelecer-estrutura-de-governanca-aberta-e-inclusiva\/","name":"C\u00fapula de IA pede esfor\u00e7os internacionais para estabelecer estrutura de governan\u00e7a aberta e inclusiva - Xinhua - Diario de Pernambuco","isPartOf":{"@id":"https:\/\/diariodepe.com.br\/xinhua\/#website"},"primaryImageOfPage":{"@id":"https:\/\/diariodepe.com.br\/xinhua\/2025\/02\/14\/cupula-de-ia-pede-esforcos-internacionais-para-estabelecer-estrutura-de-governanca-aberta-e-inclusiva\/#primaryimage"},"image":{"@id":"https:\/\/diariodepe.com.br\/xinhua\/2025\/02\/14\/cupula-de-ia-pede-esforcos-internacionais-para-estabelecer-estrutura-de-governanca-aberta-e-inclusiva\/#primaryimage"},"thumbnailUrl":"https:\/\/diariodepe.com.br\/xinhua\/wp-content\/uploads\/sites\/3\/2025\/02\/202502143bf6e2f5e3a24b839e4b49b30215ace5_202502143dc496df473844879be7754ff8e8734e.jpeg","datePublished":"2025-02-14T17:00:00+00:00","breadcrumb":{"@id":"https:\/\/diariodepe.com.br\/xinhua\/2025\/02\/14\/cupula-de-ia-pede-esforcos-internacionais-para-estabelecer-estrutura-de-governanca-aberta-e-inclusiva\/#breadcrumb"},"inLanguage":"pt-BR","potentialAction":[{"@type":"ReadAction","target":["https:\/\/diariodepe.com.br\/xinhua\/2025\/02\/14\/cupula-de-ia-pede-esforcos-internacionais-para-estabelecer-estrutura-de-governanca-aberta-e-inclusiva\/"]}]},{"@type":"ImageObject","inLanguage":"pt-BR","@id":"https:\/\/diariodepe.com.br\/xinhua\/2025\/02\/14\/cupula-de-ia-pede-esforcos-internacionais-para-estabelecer-estrutura-de-governanca-aberta-e-inclusiva\/#primaryimage","url":"https:\/\/diariodepe.com.br\/xinhua\/wp-content\/uploads\/sites\/3\/2025\/02\/202502143bf6e2f5e3a24b839e4b49b30215ace5_202502143dc496df473844879be7754ff8e8734e.jpeg","contentUrl":"https:\/\/diariodepe.com.br\/xinhua\/wp-content\/uploads\/sites\/3\/2025\/02\/202502143bf6e2f5e3a24b839e4b49b30215ace5_202502143dc496df473844879be7754ff8e8734e.jpeg","width":900,"height":547,"caption":"(250211) -- PARIS, Feb. 11, 2025 (Xinhua) -- Journalists work during the Artificial Intelligence (AI) Action Summit, at the Grand Palais, in Paris, France, on Feb. 11, 2025. (Xinhua\/Gao Jing)"},{"@type":"BreadcrumbList","@id":"https:\/\/diariodepe.com.br\/xinhua\/2025\/02\/14\/cupula-de-ia-pede-esforcos-internacionais-para-estabelecer-estrutura-de-governanca-aberta-e-inclusiva\/#breadcrumb","itemListElement":[{"@type":"ListItem","position":1,"name":"In\u00edcio","item":"https:\/\/diariodepe.com.br\/xinhua\/"},{"@type":"ListItem","position":2,"name":"C\u00fapula de IA pede esfor\u00e7os internacionais para estabelecer estrutura de governan\u00e7a aberta e inclusiva"}]},{"@type":"WebSite","@id":"https:\/\/diariodepe.com.br\/xinhua\/#website","url":"https:\/\/diariodepe.com.br\/xinhua\/","name":"Xinhua - Diario de Pernambuco","description":"A maior ag\u00eancia de not\u00edcias da China e um dos principais canais para conhecer o pa\u00eds","publisher":{"@id":"https:\/\/diariodepe.com.br\/xinhua\/#organization"},"potentialAction":[{"@type":"SearchAction","target":{"@type":"EntryPoint","urlTemplate":"https:\/\/diariodepe.com.br\/xinhua\/?s={search_term_string}"},"query-input":{"@type":"PropertyValueSpecification","valueRequired":true,"valueName":"search_term_string"}}],"inLanguage":"pt-BR"},{"@type":"Organization","@id":"https:\/\/diariodepe.com.br\/xinhua\/#organization","name":"Xinhua - Diario de Pernambuco","url":"https:\/\/diariodepe.com.br\/xinhua\/","logo":{"@type":"ImageObject","inLanguage":"pt-BR","@id":"https:\/\/diariodepe.com.br\/xinhua\/#\/schema\/logo\/image\/","url":"https:\/\/diariodepe.com.br\/xinhua\/wp-content\/uploads\/sites\/3\/2020\/10\/cropped-logo-transparente-2.png","contentUrl":"https:\/\/diariodepe.com.br\/xinhua\/wp-content\/uploads\/sites\/3\/2020\/10\/cropped-logo-transparente-2.png","width":512,"height":164,"caption":"Xinhua - Diario de Pernambuco"},"image":{"@id":"https:\/\/diariodepe.com.br\/xinhua\/#\/schema\/logo\/image\/"}},{"@type":"Person","@id":"https:\/\/diariodepe.com.br\/xinhua\/#\/schema\/person\/0943d6fd02bdc7b49c8f495e8787a2cb","name":"Marcelo Oliveira de A. Maranhao","image":{"@type":"ImageObject","inLanguage":"pt-BR","@id":"https:\/\/secure.gravatar.com\/avatar\/f562caee940d39879c20e90eea3e4b21860c7d4c96684c23141c554824f0059c?s=96&d=mm&r=g","url":"https:\/\/secure.gravatar.com\/avatar\/f562caee940d39879c20e90eea3e4b21860c7d4c96684c23141c554824f0059c?s=96&d=mm&r=g","contentUrl":"https:\/\/secure.gravatar.com\/avatar\/f562caee940d39879c20e90eea3e4b21860c7d4c96684c23141c554824f0059c?s=96&d=mm&r=g","caption":"Marcelo Oliveira de A. Maranhao"},"url":"https:\/\/diariodepe.com.br\/xinhua\/author\/marcelo-maranhao\/"}]}},"cc_featured_image_caption":{"caption_text":"","source_text":"","source_url":""},"amp_enabled":true,"_links":{"self":[{"href":"https:\/\/diariodepe.com.br\/xinhua\/wp-json\/wp\/v2\/posts\/25543","targetHints":{"allow":["GET"]}}],"collection":[{"href":"https:\/\/diariodepe.com.br\/xinhua\/wp-json\/wp\/v2\/posts"}],"about":[{"href":"https:\/\/diariodepe.com.br\/xinhua\/wp-json\/wp\/v2\/types\/post"}],"author":[{"embeddable":true,"href":"https:\/\/diariodepe.com.br\/xinhua\/wp-json\/wp\/v2\/users\/3"}],"replies":[{"embeddable":true,"href":"https:\/\/diariodepe.com.br\/xinhua\/wp-json\/wp\/v2\/comments?post=25543"}],"version-history":[{"count":1,"href":"https:\/\/diariodepe.com.br\/xinhua\/wp-json\/wp\/v2\/posts\/25543\/revisions"}],"predecessor-version":[{"id":25545,"href":"https:\/\/diariodepe.com.br\/xinhua\/wp-json\/wp\/v2\/posts\/25543\/revisions\/25545"}],"wp:featuredmedia":[{"embeddable":true,"href":"https:\/\/diariodepe.com.br\/xinhua\/wp-json\/wp\/v2\/media\/25544"}],"wp:attachment":[{"href":"https:\/\/diariodepe.com.br\/xinhua\/wp-json\/wp\/v2\/media?parent=25543"}],"wp:term":[{"taxonomy":"category","embeddable":true,"href":"https:\/\/diariodepe.com.br\/xinhua\/wp-json\/wp\/v2\/categories?post=25543"},{"taxonomy":"post_tag","embeddable":true,"href":"https:\/\/diariodepe.com.br\/xinhua\/wp-json\/wp\/v2\/tags?post=25543"}],"curies":[{"name":"wp","href":"https:\/\/api.w.org\/{rel}","templated":true}]}}