{"id":25499,"date":"2025-02-12T11:38:00","date_gmt":"2025-02-12T14:38:00","guid":{"rendered":"https:\/\/www.diariodepe.com.br\/xinhua\/?p=25499"},"modified":"2025-02-12T11:01:50","modified_gmt":"2025-02-12T14:01:50","slug":"europa-promete-defender-interesses-em-meio-a-novas-ameacas-tarifarias-dos-eua","status":"publish","type":"post","link":"https:\/\/diariodepe.com.br\/xinhua\/2025\/02\/12\/europa-promete-defender-interesses-em-meio-a-novas-ameacas-tarifarias-dos-eua\/","title":{"rendered":"Europa promete defender interesses em meio a novas amea\u00e7as tarif\u00e1rias dos EUA"},"content":{"rendered":"\n<p>Bruxelas &#8211; A Comiss\u00e3o Europeia rejeitou na segunda-feira a justificativa para novas tarifas dos EUA sobre exporta\u00e7\u00f5es europeias, prometendo proteger empresas, trabalhadores e consumidores em todo o bloco.<\/p>\n\n\n\n<p>A declara\u00e7\u00e3o veio depois que o presidente dos EUA, Donald Trump, amea\u00e7ou impor tarifas de 25% sobre todas as importa\u00e7\u00f5es de a\u00e7o e alum\u00ednio, reacendendo os receios de uma guerra comercial transatl\u00e2ntica.<\/p>\n\n\n\n<p>Os l\u00edderes da Uni\u00e3o Europeia (UE) rapidamente condenaram as tarifas propostas, que devem ser anunciadas formalmente na segunda ou ter\u00e7a-feira. A Comiss\u00e3o disse que n\u00e3o h\u00e1 &#8220;justificativa&#8221; para as medidas dos EUA, chamando-as de ilegais e economicamente prejudiciais, especialmente devido \u00e0s cadeias de fornecimento e produ\u00e7\u00e3o profundamente integradas entre UE e EUA.<\/p>\n\n\n\n<p>Com os l\u00edderes europeus sinalizando sua prontid\u00e3o para retaliar, as preocupa\u00e7\u00f5es est\u00e3o crescendo de que a iminente disputa comercial pode prejudicar os la\u00e7os econ\u00f4micos e interromper os mercados globais.<\/p>\n\n\n\n<p>TARIFAS PODEM SAIR PELA CULATRA<\/p>\n\n\n\n<p>A Comiss\u00e3o Europeia, o \u00f3rg\u00e3o executivo da UE, criticou fortemente as tarifas propostas, alertando que elas acabariam prejudicando as empresas e os consumidores dos EUA.<\/p>\n\n\n\n<figure class=\"wp-block-image\"><img decoding=\"async\" src=\"https:\/\/portuguese.news.cn\/20250212\/2199520749c54a5cbe74b2b76931d365\/202502122199520749c54a5cbe74b2b76931d365_20250212408a9946cf234302a311ed985d152321.jpeg\" alt=\"\"\/><figcaption>Monitor com informa\u00e7\u00f5es do mercado de a\u00e7\u00f5es no preg\u00e3o da Bolsa de Valores de Nova York, em Nova York, Estados Unidos, no dia 3 de fevereiro de 2025. (Foto por Michael Nagle\/Xinhua)<\/figcaption><\/figure>\n\n\n\n<p>&#8220;Tarifas s\u00e3o essencialmente impostos&#8221;, disse em um comunicado, enfatizando que a medida aumentaria os custos para as empresas americanas, impulsionaria a infla\u00e7\u00e3o, aumentaria a incerteza econ\u00f4mica e interromperia a integra\u00e7\u00e3o do mercado global. Dada a forte interdepend\u00eancia entre as ind\u00fastrias europeias e americanas, a UE alertou que essas medidas seriam contraproducentes, impondo efetivamente impostos tamb\u00e9m aos cidad\u00e3os americanos.<\/p>\n\n\n\n<p>Autoridades europeias temem uma repeti\u00e7\u00e3o de 2018, quando as tarifas anteriores de a\u00e7o e alum\u00ednio de Trump desencadearam uma r\u00e1pida retalia\u00e7\u00e3o da UE. Na \u00e9poca, Bruxelas imp\u00f4s contramedidas a produtos americanos, como u\u00edsque, motocicletas e suco de laranja.<\/p>\n\n\n\n<p>Com o an\u00fancio formal das novas tarifas dos EUA esperado para mais tarde na segunda-feira, os l\u00edderes europeus est\u00e3o se preparando para outra escalada nas tens\u00f5es comerciais.<\/p>\n\n\n\n<p>UE ANALISA RETALIA\u00c7\u00c3O<\/p>\n\n\n\n<p>A Fran\u00e7a foi uma das primeiras a responder \u00e0 amea\u00e7a tarif\u00e1ria de Trump, com o ministro das Rela\u00e7\u00f5es Exteriores, Jean-Noel Barrot, alertando na segunda-feira que a UE retaliaria se as tarifas propostas entrassem em vigor.<\/p>\n\n\n\n<p>&#8220;N\u00e3o h\u00e1 hesita\u00e7\u00e3o quando se trata de defender nossos interesses&#8221;, disse Barrot \u00e0 televis\u00e3o francesa TF1, lembrando como a UE respondeu a tarifas semelhantes em 2018 e prometendo adotar a mesma abordagem se necess\u00e1rio.<\/p>\n\n\n\n<figure class=\"wp-block-image\"><img decoding=\"async\" src=\"https:\/\/portuguese.news.cn\/20250212\/2199520749c54a5cbe74b2b76931d365\/202502122199520749c54a5cbe74b2b76931d365_2025021250bb48148bde4a519e85c3e53360232a.jpeg\" alt=\"\"\/><figcaption>Chanceler alem\u00e3o, Olaf Scholz, d\u00e1 entrevista antes da c\u00fapula do Conselho Europeu em Bruxelas, B\u00e9lgica, no dia 19 de dezembro de 2024. (Xinhua\/Zhao Dingzhe)<\/figcaption><\/figure>\n\n\n\n<p>A Alemanha, a maior economia da Europa, tamb\u00e9m est\u00e1 se preparando para a a\u00e7\u00e3o. Um porta-voz do Minist\u00e9rio Federal Alem\u00e3o para Assuntos Econ\u00f4micos e A\u00e7\u00e3o Clim\u00e1tica declarou que, embora a UE e a Alemanha estejam trabalhando para evitar as tarifas, elas est\u00e3o prontas para implementar contramedidas, se necess\u00e1rio.<\/p>\n\n\n\n<p>Durante um debate televisionado no domingo antes das pr\u00f3ximas elei\u00e7\u00f5es, o chanceler alem\u00e3o Olaf Scholz alertou que a UE poderia &#8220;agir dentro de uma hora&#8221; se Trump prosseguir com as tarifas sobre produtos europeus.<\/p>\n\n\n\n<p>L\u00edderes da ind\u00fastria tamb\u00e9m est\u00e3o pressionando por uma resposta firme. Gunnar Groebler, presidente da Associa\u00e7\u00e3o Alem\u00e3 do A\u00e7o, pediu que a UE reaja de &#8220;maneira unida, estrat\u00e9gica e r\u00e1pida&#8221; para combater a amea\u00e7a tarif\u00e1ria. &#8220;Os EUA s\u00e3o o maior comprador de a\u00e7o europeu, importando cerca de 1 milh\u00e3o de toneladas de a\u00e7os, principalmente especiais, somente da Alemanha a cada ano&#8221;, observou ele.<\/p>\n\n\n\n<p>CEN\u00c1RIO DE PERDA M\u00daTUA<\/p>\n\n\n\n<p>O presidente franc\u00eas Emmanuel Macron alertou que as tarifas sobre produtos da UE n\u00e3o seriam do interesse dos Estados Unidos.<\/p>\n\n\n\n<p>&#8220;Se Washington impuser tarifas em v\u00e1rios setores, isso aumentar\u00e1 o custo dos produtos e alimentar\u00e1 a infla\u00e7\u00e3o nos Estados Unidos&#8221;, disse Macron, apontando que as economias europeias desempenham um papel essencial no financiamento da economia dos EUA.<\/p>\n\n\n\n<p>Especialistas econ\u00f4micos compartilham as preocupa\u00e7\u00f5es de Macron. Paul Johnson, diretor do Instituto de Estudos Fiscais de Londres, alertou que as tarifas planejadas por Trump podem elevar as taxas de juros em todo o mundo, tendo efeitos cascata na pol\u00edtica monet\u00e1ria global.<\/p>\n\n\n\n<p>&#8220;Isso criar\u00e1 infla\u00e7\u00e3o adicional, no m\u00ednimo, nos Estados Unidos, e isso ter\u00e1 efeitos colaterais globalmente, particularmente nas taxas de juros&#8221;, explicou Johnson.<\/p>\n\n\n\n<p>Ferdinand Dudenhoeffer, especialista automotivo alem\u00e3o, argumentou que Trump est\u00e1 alavancando o poder econ\u00f4mico para desviar empregos e prosperidade de outros pa\u00edses por meio de suas pol\u00edticas tarif\u00e1rias. &#8220;Ele n\u00e3o diferencia amigos ou inimigos. At\u00e9 mesmo os fabricantes de autom\u00f3veis dos EUA, GM e Ford, sofreriam consideravelmente com tarifas sobre carros do Canad\u00e1 e do M\u00e9xico&#8221;, disse ele.<\/p>\n\n\n\n<p>Dudenhoeffer observou que as importa\u00e7\u00f5es l\u00edquidas de ve\u00edculos dos EUA totalizaram 5,6 milh\u00f5es de unidades em 2024. &#8220;Trump pode perguntar quantos empregos poderiam ser criados se todos esses ve\u00edculos fossem produzidos internamente&#8221;, disse ele.<\/p>\n\n\n\n<p>Apesar do alarme crescente, alguns analistas sustentam que o impacto das tarifas de Trump pode ser limitado. Christian Helmenstein, economista-chefe da Federa\u00e7\u00e3o das Ind\u00fastrias Austr\u00edacas, descreveu o plano de Trump como uma &#8220;alfinetada hostil&#8221;, mas n\u00e3o um golpe severo.<\/p>\n\n\n\n<figure class=\"wp-block-image\"><img decoding=\"async\" src=\"https:\/\/portuguese.news.cn\/20250212\/2199520749c54a5cbe74b2b76931d365\/202502122199520749c54a5cbe74b2b76931d365_20250212cfa73cbb93884737abdfd0915324833d.jpeg\" alt=\"\"\/><figcaption>Foto tirada no dia 4 de outubro de 2024 mostra pr\u00e9dio da Comiss\u00e3o Europeia em Bruxelas, B\u00e9lgica. (Xinhua\/Zhao Dingzhe)<\/figcaption><\/figure>\n\n\n\n<p>Ele disse ao jornal austr\u00edaco Kurier que os EUA importam cerca de um quarto de suas necessidades de a\u00e7o, com grande parte vindo do Canad\u00e1, do Brasil, do M\u00e9xico e da Coreia do Sul, em vez da Europa.<\/p>\n\n\n\n<p>Mas Harald Oberhofer, economista do Instituto Austr\u00edaco de Pesquisa Econ\u00f4mica, descreveu os planos tarif\u00e1rios de Trump como &#8220;um jogo de alto risco economicamente&#8221;.<\/p>\n\n\n\n<p>Ele destacou que os Estados Unidos foram o maior mercado de crescimento de exporta\u00e7\u00e3o da \u00c1ustria no ano passado em meio a exporta\u00e7\u00f5es gerais fracas e uma guerra comercial poderia enfraquecer ainda mais a j\u00e1 fr\u00e1gil economia da \u00c1ustria, que deve crescer apenas 0,6% este ano.<\/p>\n\n\n\n<p>\u00c0 medida que Trump se aproxima de oficializar o an\u00fancio de tarifa, os l\u00edderes europeus est\u00e3o deixando sua posi\u00e7\u00e3o clara: se os EUA impuserem novas barreiras comerciais, a UE estar\u00e1 pronta para defender seus interesses econ\u00f4micos com contramedidas.<\/p>\n","protected":false},"excerpt":{"rendered":"<p>Bruxelas &#8211; A Comiss\u00e3o Europeia rejeitou na segunda-feira a justificativa para novas tarifas dos EUA sobre exporta\u00e7\u00f5es europeias, prometendo proteger empresas, trabalhadores e consumidores em todo o bloco. A declara\u00e7\u00e3o veio depois que o presidente dos EUA, Donald Trump, amea\u00e7ou&#8230;<\/p>\n","protected":false},"author":3,"featured_media":25500,"comment_status":"open","ping_status":"open","sticky":false,"template":"","format":"standard","meta":{"footnotes":""},"categories":[4],"tags":[],"class_list":["post-25499","post","type-post","status-publish","format-standard","has-post-thumbnail","hentry","category-internacional"],"yoast_head":"<!-- This site is optimized with the Yoast SEO plugin v27.4 - https:\/\/yoast.com\/product\/yoast-seo-wordpress\/ -->\n<title>Europa promete defender interesses em meio a novas amea\u00e7as tarif\u00e1rias dos EUA - Xinhua - Diario de Pernambuco<\/title>\n<meta name=\"robots\" content=\"index, follow, max-snippet:-1, max-image-preview:large, max-video-preview:-1\" \/>\n<link rel=\"canonical\" href=\"https:\/\/diariodepe.com.br\/xinhua\/2025\/02\/12\/europa-promete-defender-interesses-em-meio-a-novas-ameacas-tarifarias-dos-eua\/\" \/>\n<meta property=\"og:locale\" content=\"pt_BR\" \/>\n<meta property=\"og:type\" content=\"article\" \/>\n<meta property=\"og:title\" content=\"Europa promete defender interesses em meio a novas amea\u00e7as tarif\u00e1rias dos EUA - Xinhua - Diario de Pernambuco\" \/>\n<meta property=\"og:description\" content=\"Bruxelas &#8211; A Comiss\u00e3o Europeia rejeitou na segunda-feira a justificativa para novas tarifas dos EUA sobre exporta\u00e7\u00f5es europeias, prometendo proteger empresas, trabalhadores e consumidores em todo o bloco. A declara\u00e7\u00e3o veio depois que o presidente dos EUA, Donald Trump, amea\u00e7ou...\" \/>\n<meta property=\"og:url\" content=\"https:\/\/diariodepe.com.br\/xinhua\/2025\/02\/12\/europa-promete-defender-interesses-em-meio-a-novas-ameacas-tarifarias-dos-eua\/\" \/>\n<meta property=\"og:site_name\" content=\"Xinhua - Diario de Pernambuco\" \/>\n<meta property=\"article:published_time\" content=\"2025-02-12T14:38:00+00:00\" \/>\n<meta property=\"og:image\" content=\"https:\/\/diariodepe.com.br\/xinhua\/wp-content\/uploads\/sites\/3\/2025\/02\/202502122199520749c54a5cbe74b2b76931d365_202502124a8f3f550a7d446298591e0344897634.jpeg\" \/>\n\t<meta property=\"og:image:width\" content=\"900\" \/>\n\t<meta property=\"og:image:height\" content=\"600\" \/>\n\t<meta property=\"og:image:type\" content=\"image\/jpeg\" \/>\n<meta name=\"author\" content=\"Marcelo Oliveira de A. Maranhao\" \/>\n<meta name=\"twitter:card\" content=\"summary_large_image\" \/>\n<meta name=\"twitter:label1\" content=\"Escrito por\" \/>\n\t<meta name=\"twitter:data1\" content=\"Marcelo Oliveira de A. Maranhao\" \/>\n\t<meta name=\"twitter:label2\" content=\"Est. tempo de leitura\" \/>\n\t<meta name=\"twitter:data2\" content=\"7 minutos\" \/>\n<script type=\"application\/ld+json\" class=\"yoast-schema-graph\">{\"@context\":\"https:\\\/\\\/schema.org\",\"@graph\":[{\"@type\":\"Article\",\"@id\":\"https:\\\/\\\/diariodepe.com.br\\\/xinhua\\\/2025\\\/02\\\/12\\\/europa-promete-defender-interesses-em-meio-a-novas-ameacas-tarifarias-dos-eua\\\/#article\",\"isPartOf\":{\"@id\":\"https:\\\/\\\/diariodepe.com.br\\\/xinhua\\\/2025\\\/02\\\/12\\\/europa-promete-defender-interesses-em-meio-a-novas-ameacas-tarifarias-dos-eua\\\/\"},\"author\":{\"name\":\"Marcelo Oliveira de A. Maranhao\",\"@id\":\"https:\\\/\\\/diariodepe.com.br\\\/xinhua\\\/#\\\/schema\\\/person\\\/0943d6fd02bdc7b49c8f495e8787a2cb\"},\"headline\":\"Europa promete defender interesses em meio a novas amea\u00e7as tarif\u00e1rias dos EUA\",\"datePublished\":\"2025-02-12T14:38:00+00:00\",\"mainEntityOfPage\":{\"@id\":\"https:\\\/\\\/diariodepe.com.br\\\/xinhua\\\/2025\\\/02\\\/12\\\/europa-promete-defender-interesses-em-meio-a-novas-ameacas-tarifarias-dos-eua\\\/\"},\"wordCount\":1113,\"commentCount\":0,\"publisher\":{\"@id\":\"https:\\\/\\\/diariodepe.com.br\\\/xinhua\\\/#organization\"},\"image\":{\"@id\":\"https:\\\/\\\/diariodepe.com.br\\\/xinhua\\\/2025\\\/02\\\/12\\\/europa-promete-defender-interesses-em-meio-a-novas-ameacas-tarifarias-dos-eua\\\/#primaryimage\"},\"thumbnailUrl\":\"https:\\\/\\\/diariodepe.com.br\\\/xinhua\\\/wp-content\\\/uploads\\\/sites\\\/3\\\/2025\\\/02\\\/202502122199520749c54a5cbe74b2b76931d365_202502124a8f3f550a7d446298591e0344897634.jpeg\",\"articleSection\":[\"Internacional\"],\"inLanguage\":\"pt-BR\",\"potentialAction\":[{\"@type\":\"CommentAction\",\"name\":\"Comment\",\"target\":[\"https:\\\/\\\/diariodepe.com.br\\\/xinhua\\\/2025\\\/02\\\/12\\\/europa-promete-defender-interesses-em-meio-a-novas-ameacas-tarifarias-dos-eua\\\/#respond\"]}]},{\"@type\":\"WebPage\",\"@id\":\"https:\\\/\\\/diariodepe.com.br\\\/xinhua\\\/2025\\\/02\\\/12\\\/europa-promete-defender-interesses-em-meio-a-novas-ameacas-tarifarias-dos-eua\\\/\",\"url\":\"https:\\\/\\\/diariodepe.com.br\\\/xinhua\\\/2025\\\/02\\\/12\\\/europa-promete-defender-interesses-em-meio-a-novas-ameacas-tarifarias-dos-eua\\\/\",\"name\":\"Europa promete defender interesses em meio a novas amea\u00e7as tarif\u00e1rias dos EUA - Xinhua - Diario de Pernambuco\",\"isPartOf\":{\"@id\":\"https:\\\/\\\/diariodepe.com.br\\\/xinhua\\\/#website\"},\"primaryImageOfPage\":{\"@id\":\"https:\\\/\\\/diariodepe.com.br\\\/xinhua\\\/2025\\\/02\\\/12\\\/europa-promete-defender-interesses-em-meio-a-novas-ameacas-tarifarias-dos-eua\\\/#primaryimage\"},\"image\":{\"@id\":\"https:\\\/\\\/diariodepe.com.br\\\/xinhua\\\/2025\\\/02\\\/12\\\/europa-promete-defender-interesses-em-meio-a-novas-ameacas-tarifarias-dos-eua\\\/#primaryimage\"},\"thumbnailUrl\":\"https:\\\/\\\/diariodepe.com.br\\\/xinhua\\\/wp-content\\\/uploads\\\/sites\\\/3\\\/2025\\\/02\\\/202502122199520749c54a5cbe74b2b76931d365_202502124a8f3f550a7d446298591e0344897634.jpeg\",\"datePublished\":\"2025-02-12T14:38:00+00:00\",\"breadcrumb\":{\"@id\":\"https:\\\/\\\/diariodepe.com.br\\\/xinhua\\\/2025\\\/02\\\/12\\\/europa-promete-defender-interesses-em-meio-a-novas-ameacas-tarifarias-dos-eua\\\/#breadcrumb\"},\"inLanguage\":\"pt-BR\",\"potentialAction\":[{\"@type\":\"ReadAction\",\"target\":[\"https:\\\/\\\/diariodepe.com.br\\\/xinhua\\\/2025\\\/02\\\/12\\\/europa-promete-defender-interesses-em-meio-a-novas-ameacas-tarifarias-dos-eua\\\/\"]}]},{\"@type\":\"ImageObject\",\"inLanguage\":\"pt-BR\",\"@id\":\"https:\\\/\\\/diariodepe.com.br\\\/xinhua\\\/2025\\\/02\\\/12\\\/europa-promete-defender-interesses-em-meio-a-novas-ameacas-tarifarias-dos-eua\\\/#primaryimage\",\"url\":\"https:\\\/\\\/diariodepe.com.br\\\/xinhua\\\/wp-content\\\/uploads\\\/sites\\\/3\\\/2025\\\/02\\\/202502122199520749c54a5cbe74b2b76931d365_202502124a8f3f550a7d446298591e0344897634.jpeg\",\"contentUrl\":\"https:\\\/\\\/diariodepe.com.br\\\/xinhua\\\/wp-content\\\/uploads\\\/sites\\\/3\\\/2025\\\/02\\\/202502122199520749c54a5cbe74b2b76931d365_202502124a8f3f550a7d446298591e0344897634.jpeg\",\"width\":900,\"height\":600,\"caption\":\"(250130) -- BRUSSELS, Jan. 30, 2025 (Xinhua) -- Flags of the European Union fly outside the Berlaymont Building, the European Commission headquarters, in Brussels, Belgium, Jan. 29, 2025. TO GO WITH \\\"EU unveils plan to boost competitiveness\\\" (Xinhua\\\/Meng Dingbo)\"},{\"@type\":\"BreadcrumbList\",\"@id\":\"https:\\\/\\\/diariodepe.com.br\\\/xinhua\\\/2025\\\/02\\\/12\\\/europa-promete-defender-interesses-em-meio-a-novas-ameacas-tarifarias-dos-eua\\\/#breadcrumb\",\"itemListElement\":[{\"@type\":\"ListItem\",\"position\":1,\"name\":\"In\u00edcio\",\"item\":\"https:\\\/\\\/diariodepe.com.br\\\/xinhua\\\/\"},{\"@type\":\"ListItem\",\"position\":2,\"name\":\"Europa promete defender interesses em meio a novas amea\u00e7as tarif\u00e1rias dos EUA\"}]},{\"@type\":\"WebSite\",\"@id\":\"https:\\\/\\\/diariodepe.com.br\\\/xinhua\\\/#website\",\"url\":\"https:\\\/\\\/diariodepe.com.br\\\/xinhua\\\/\",\"name\":\"Xinhua - Diario de Pernambuco\",\"description\":\"A maior ag\u00eancia de not\u00edcias da China e um dos principais canais para conhecer o pa\u00eds\",\"publisher\":{\"@id\":\"https:\\\/\\\/diariodepe.com.br\\\/xinhua\\\/#organization\"},\"potentialAction\":[{\"@type\":\"SearchAction\",\"target\":{\"@type\":\"EntryPoint\",\"urlTemplate\":\"https:\\\/\\\/diariodepe.com.br\\\/xinhua\\\/?s={search_term_string}\"},\"query-input\":{\"@type\":\"PropertyValueSpecification\",\"valueRequired\":true,\"valueName\":\"search_term_string\"}}],\"inLanguage\":\"pt-BR\"},{\"@type\":\"Organization\",\"@id\":\"https:\\\/\\\/diariodepe.com.br\\\/xinhua\\\/#organization\",\"name\":\"Xinhua - Diario de Pernambuco\",\"url\":\"https:\\\/\\\/diariodepe.com.br\\\/xinhua\\\/\",\"logo\":{\"@type\":\"ImageObject\",\"inLanguage\":\"pt-BR\",\"@id\":\"https:\\\/\\\/diariodepe.com.br\\\/xinhua\\\/#\\\/schema\\\/logo\\\/image\\\/\",\"url\":\"https:\\\/\\\/diariodepe.com.br\\\/xinhua\\\/wp-content\\\/uploads\\\/sites\\\/3\\\/2020\\\/10\\\/cropped-logo-transparente-2.png\",\"contentUrl\":\"https:\\\/\\\/diariodepe.com.br\\\/xinhua\\\/wp-content\\\/uploads\\\/sites\\\/3\\\/2020\\\/10\\\/cropped-logo-transparente-2.png\",\"width\":512,\"height\":164,\"caption\":\"Xinhua - Diario de Pernambuco\"},\"image\":{\"@id\":\"https:\\\/\\\/diariodepe.com.br\\\/xinhua\\\/#\\\/schema\\\/logo\\\/image\\\/\"}},{\"@type\":\"Person\",\"@id\":\"https:\\\/\\\/diariodepe.com.br\\\/xinhua\\\/#\\\/schema\\\/person\\\/0943d6fd02bdc7b49c8f495e8787a2cb\",\"name\":\"Marcelo Oliveira de A. Maranhao\",\"image\":{\"@type\":\"ImageObject\",\"inLanguage\":\"pt-BR\",\"@id\":\"https:\\\/\\\/secure.gravatar.com\\\/avatar\\\/f562caee940d39879c20e90eea3e4b21860c7d4c96684c23141c554824f0059c?s=96&d=mm&r=g\",\"url\":\"https:\\\/\\\/secure.gravatar.com\\\/avatar\\\/f562caee940d39879c20e90eea3e4b21860c7d4c96684c23141c554824f0059c?s=96&d=mm&r=g\",\"contentUrl\":\"https:\\\/\\\/secure.gravatar.com\\\/avatar\\\/f562caee940d39879c20e90eea3e4b21860c7d4c96684c23141c554824f0059c?s=96&d=mm&r=g\",\"caption\":\"Marcelo Oliveira de A. Maranhao\"},\"url\":\"https:\\\/\\\/diariodepe.com.br\\\/xinhua\\\/author\\\/marcelo-maranhao\\\/\"}]}<\/script>\n<!-- \/ Yoast SEO plugin. -->","yoast_head_json":{"title":"Europa promete defender interesses em meio a novas amea\u00e7as tarif\u00e1rias dos EUA - Xinhua - Diario de Pernambuco","robots":{"index":"index","follow":"follow","max-snippet":"max-snippet:-1","max-image-preview":"max-image-preview:large","max-video-preview":"max-video-preview:-1"},"canonical":"https:\/\/diariodepe.com.br\/xinhua\/2025\/02\/12\/europa-promete-defender-interesses-em-meio-a-novas-ameacas-tarifarias-dos-eua\/","og_locale":"pt_BR","og_type":"article","og_title":"Europa promete defender interesses em meio a novas amea\u00e7as tarif\u00e1rias dos EUA - Xinhua - Diario de Pernambuco","og_description":"Bruxelas &#8211; A Comiss\u00e3o Europeia rejeitou na segunda-feira a justificativa para novas tarifas dos EUA sobre exporta\u00e7\u00f5es europeias, prometendo proteger empresas, trabalhadores e consumidores em todo o bloco. A declara\u00e7\u00e3o veio depois que o presidente dos EUA, Donald Trump, amea\u00e7ou...","og_url":"https:\/\/diariodepe.com.br\/xinhua\/2025\/02\/12\/europa-promete-defender-interesses-em-meio-a-novas-ameacas-tarifarias-dos-eua\/","og_site_name":"Xinhua - Diario de Pernambuco","article_published_time":"2025-02-12T14:38:00+00:00","og_image":[{"width":900,"height":600,"url":"https:\/\/diariodepe.com.br\/xinhua\/wp-content\/uploads\/sites\/3\/2025\/02\/202502122199520749c54a5cbe74b2b76931d365_202502124a8f3f550a7d446298591e0344897634.jpeg","type":"image\/jpeg"}],"author":"Marcelo Oliveira de A. Maranhao","twitter_card":"summary_large_image","twitter_misc":{"Escrito por":"Marcelo Oliveira de A. Maranhao","Est. tempo de leitura":"7 minutos"},"schema":{"@context":"https:\/\/schema.org","@graph":[{"@type":"Article","@id":"https:\/\/diariodepe.com.br\/xinhua\/2025\/02\/12\/europa-promete-defender-interesses-em-meio-a-novas-ameacas-tarifarias-dos-eua\/#article","isPartOf":{"@id":"https:\/\/diariodepe.com.br\/xinhua\/2025\/02\/12\/europa-promete-defender-interesses-em-meio-a-novas-ameacas-tarifarias-dos-eua\/"},"author":{"name":"Marcelo Oliveira de A. Maranhao","@id":"https:\/\/diariodepe.com.br\/xinhua\/#\/schema\/person\/0943d6fd02bdc7b49c8f495e8787a2cb"},"headline":"Europa promete defender interesses em meio a novas amea\u00e7as tarif\u00e1rias dos EUA","datePublished":"2025-02-12T14:38:00+00:00","mainEntityOfPage":{"@id":"https:\/\/diariodepe.com.br\/xinhua\/2025\/02\/12\/europa-promete-defender-interesses-em-meio-a-novas-ameacas-tarifarias-dos-eua\/"},"wordCount":1113,"commentCount":0,"publisher":{"@id":"https:\/\/diariodepe.com.br\/xinhua\/#organization"},"image":{"@id":"https:\/\/diariodepe.com.br\/xinhua\/2025\/02\/12\/europa-promete-defender-interesses-em-meio-a-novas-ameacas-tarifarias-dos-eua\/#primaryimage"},"thumbnailUrl":"https:\/\/diariodepe.com.br\/xinhua\/wp-content\/uploads\/sites\/3\/2025\/02\/202502122199520749c54a5cbe74b2b76931d365_202502124a8f3f550a7d446298591e0344897634.jpeg","articleSection":["Internacional"],"inLanguage":"pt-BR","potentialAction":[{"@type":"CommentAction","name":"Comment","target":["https:\/\/diariodepe.com.br\/xinhua\/2025\/02\/12\/europa-promete-defender-interesses-em-meio-a-novas-ameacas-tarifarias-dos-eua\/#respond"]}]},{"@type":"WebPage","@id":"https:\/\/diariodepe.com.br\/xinhua\/2025\/02\/12\/europa-promete-defender-interesses-em-meio-a-novas-ameacas-tarifarias-dos-eua\/","url":"https:\/\/diariodepe.com.br\/xinhua\/2025\/02\/12\/europa-promete-defender-interesses-em-meio-a-novas-ameacas-tarifarias-dos-eua\/","name":"Europa promete defender interesses em meio a novas amea\u00e7as tarif\u00e1rias dos EUA - Xinhua - Diario de Pernambuco","isPartOf":{"@id":"https:\/\/diariodepe.com.br\/xinhua\/#website"},"primaryImageOfPage":{"@id":"https:\/\/diariodepe.com.br\/xinhua\/2025\/02\/12\/europa-promete-defender-interesses-em-meio-a-novas-ameacas-tarifarias-dos-eua\/#primaryimage"},"image":{"@id":"https:\/\/diariodepe.com.br\/xinhua\/2025\/02\/12\/europa-promete-defender-interesses-em-meio-a-novas-ameacas-tarifarias-dos-eua\/#primaryimage"},"thumbnailUrl":"https:\/\/diariodepe.com.br\/xinhua\/wp-content\/uploads\/sites\/3\/2025\/02\/202502122199520749c54a5cbe74b2b76931d365_202502124a8f3f550a7d446298591e0344897634.jpeg","datePublished":"2025-02-12T14:38:00+00:00","breadcrumb":{"@id":"https:\/\/diariodepe.com.br\/xinhua\/2025\/02\/12\/europa-promete-defender-interesses-em-meio-a-novas-ameacas-tarifarias-dos-eua\/#breadcrumb"},"inLanguage":"pt-BR","potentialAction":[{"@type":"ReadAction","target":["https:\/\/diariodepe.com.br\/xinhua\/2025\/02\/12\/europa-promete-defender-interesses-em-meio-a-novas-ameacas-tarifarias-dos-eua\/"]}]},{"@type":"ImageObject","inLanguage":"pt-BR","@id":"https:\/\/diariodepe.com.br\/xinhua\/2025\/02\/12\/europa-promete-defender-interesses-em-meio-a-novas-ameacas-tarifarias-dos-eua\/#primaryimage","url":"https:\/\/diariodepe.com.br\/xinhua\/wp-content\/uploads\/sites\/3\/2025\/02\/202502122199520749c54a5cbe74b2b76931d365_202502124a8f3f550a7d446298591e0344897634.jpeg","contentUrl":"https:\/\/diariodepe.com.br\/xinhua\/wp-content\/uploads\/sites\/3\/2025\/02\/202502122199520749c54a5cbe74b2b76931d365_202502124a8f3f550a7d446298591e0344897634.jpeg","width":900,"height":600,"caption":"(250130) -- BRUSSELS, Jan. 30, 2025 (Xinhua) -- Flags of the European Union fly outside the Berlaymont Building, the European Commission headquarters, in Brussels, Belgium, Jan. 29, 2025. TO GO WITH \"EU unveils plan to boost competitiveness\" (Xinhua\/Meng Dingbo)"},{"@type":"BreadcrumbList","@id":"https:\/\/diariodepe.com.br\/xinhua\/2025\/02\/12\/europa-promete-defender-interesses-em-meio-a-novas-ameacas-tarifarias-dos-eua\/#breadcrumb","itemListElement":[{"@type":"ListItem","position":1,"name":"In\u00edcio","item":"https:\/\/diariodepe.com.br\/xinhua\/"},{"@type":"ListItem","position":2,"name":"Europa promete defender interesses em meio a novas amea\u00e7as tarif\u00e1rias dos EUA"}]},{"@type":"WebSite","@id":"https:\/\/diariodepe.com.br\/xinhua\/#website","url":"https:\/\/diariodepe.com.br\/xinhua\/","name":"Xinhua - Diario de Pernambuco","description":"A maior ag\u00eancia de not\u00edcias da China e um dos principais canais para conhecer o pa\u00eds","publisher":{"@id":"https:\/\/diariodepe.com.br\/xinhua\/#organization"},"potentialAction":[{"@type":"SearchAction","target":{"@type":"EntryPoint","urlTemplate":"https:\/\/diariodepe.com.br\/xinhua\/?s={search_term_string}"},"query-input":{"@type":"PropertyValueSpecification","valueRequired":true,"valueName":"search_term_string"}}],"inLanguage":"pt-BR"},{"@type":"Organization","@id":"https:\/\/diariodepe.com.br\/xinhua\/#organization","name":"Xinhua - Diario de Pernambuco","url":"https:\/\/diariodepe.com.br\/xinhua\/","logo":{"@type":"ImageObject","inLanguage":"pt-BR","@id":"https:\/\/diariodepe.com.br\/xinhua\/#\/schema\/logo\/image\/","url":"https:\/\/diariodepe.com.br\/xinhua\/wp-content\/uploads\/sites\/3\/2020\/10\/cropped-logo-transparente-2.png","contentUrl":"https:\/\/diariodepe.com.br\/xinhua\/wp-content\/uploads\/sites\/3\/2020\/10\/cropped-logo-transparente-2.png","width":512,"height":164,"caption":"Xinhua - Diario de Pernambuco"},"image":{"@id":"https:\/\/diariodepe.com.br\/xinhua\/#\/schema\/logo\/image\/"}},{"@type":"Person","@id":"https:\/\/diariodepe.com.br\/xinhua\/#\/schema\/person\/0943d6fd02bdc7b49c8f495e8787a2cb","name":"Marcelo Oliveira de A. Maranhao","image":{"@type":"ImageObject","inLanguage":"pt-BR","@id":"https:\/\/secure.gravatar.com\/avatar\/f562caee940d39879c20e90eea3e4b21860c7d4c96684c23141c554824f0059c?s=96&d=mm&r=g","url":"https:\/\/secure.gravatar.com\/avatar\/f562caee940d39879c20e90eea3e4b21860c7d4c96684c23141c554824f0059c?s=96&d=mm&r=g","contentUrl":"https:\/\/secure.gravatar.com\/avatar\/f562caee940d39879c20e90eea3e4b21860c7d4c96684c23141c554824f0059c?s=96&d=mm&r=g","caption":"Marcelo Oliveira de A. Maranhao"},"url":"https:\/\/diariodepe.com.br\/xinhua\/author\/marcelo-maranhao\/"}]}},"cc_featured_image_caption":{"caption_text":"","source_text":"","source_url":""},"amp_enabled":true,"_links":{"self":[{"href":"https:\/\/diariodepe.com.br\/xinhua\/wp-json\/wp\/v2\/posts\/25499","targetHints":{"allow":["GET"]}}],"collection":[{"href":"https:\/\/diariodepe.com.br\/xinhua\/wp-json\/wp\/v2\/posts"}],"about":[{"href":"https:\/\/diariodepe.com.br\/xinhua\/wp-json\/wp\/v2\/types\/post"}],"author":[{"embeddable":true,"href":"https:\/\/diariodepe.com.br\/xinhua\/wp-json\/wp\/v2\/users\/3"}],"replies":[{"embeddable":true,"href":"https:\/\/diariodepe.com.br\/xinhua\/wp-json\/wp\/v2\/comments?post=25499"}],"version-history":[{"count":1,"href":"https:\/\/diariodepe.com.br\/xinhua\/wp-json\/wp\/v2\/posts\/25499\/revisions"}],"predecessor-version":[{"id":25501,"href":"https:\/\/diariodepe.com.br\/xinhua\/wp-json\/wp\/v2\/posts\/25499\/revisions\/25501"}],"wp:featuredmedia":[{"embeddable":true,"href":"https:\/\/diariodepe.com.br\/xinhua\/wp-json\/wp\/v2\/media\/25500"}],"wp:attachment":[{"href":"https:\/\/diariodepe.com.br\/xinhua\/wp-json\/wp\/v2\/media?parent=25499"}],"wp:term":[{"taxonomy":"category","embeddable":true,"href":"https:\/\/diariodepe.com.br\/xinhua\/wp-json\/wp\/v2\/categories?post=25499"},{"taxonomy":"post_tag","embeddable":true,"href":"https:\/\/diariodepe.com.br\/xinhua\/wp-json\/wp\/v2\/tags?post=25499"}],"curies":[{"name":"wp","href":"https:\/\/api.w.org\/{rel}","templated":true}]}}