{"id":25473,"date":"2025-02-11T13:24:17","date_gmt":"2025-02-11T16:24:17","guid":{"rendered":"https:\/\/www.diariodepe.com.br\/xinhua\/?p=25473"},"modified":"2025-02-11T13:24:18","modified_gmt":"2025-02-11T16:24:18","slug":"comentario-por-que-a-proposta-dos-eua-de-assumir-gaza-gera-protestos-internacionais","status":"publish","type":"post","link":"https:\/\/diariodepe.com.br\/xinhua\/2025\/02\/11\/comentario-por-que-a-proposta-dos-eua-de-assumir-gaza-gera-protestos-internacionais\/","title":{"rendered":"Coment\u00e1rio: Por que a proposta dos EUA de assumir Gaza gera protestos internacionais?"},"content":{"rendered":"\n<p>Beijing &#8211; A Faixa de Gaza, lar de mais de dois milh\u00f5es de palestinos, sofreu d\u00e9cadas de viol\u00eancia, bloqueio e sofrimento. Em resposta a esse sofrimento de longa data, a mais recente proposta de Washington para realocar os palestinos de Gaza faz pouco para aliviar a crise. Em vez disso, s\u00f3 promete mais dificuldades, deslocamentos e perdas.<\/p>\n\n\n\n<p>Durante coletiva de imprensa na ter\u00e7a-feira com o primeiro-ministro israelense Benjamin Netanyahu, o presidente dos EUA, Donald Trump, afirmou que os Estados Unidos planejam assumir a Faixa de Gaza. &#8220;Vejo uma posi\u00e7\u00e3o de propriedade de longo prazo&#8221;, disse ele.<\/p>\n\n\n\n<p>Sugerir a realoca\u00e7\u00e3o de palestinos de suas casas n\u00e3o s\u00f3 \u00e9 equivocado, mas \u00e9 um erro de c\u00e1lculo grave com potenciais viola\u00e7\u00f5es do direito internacional.<\/p>\n\n\n\n<p>O que Gaza precisa urgentemente n\u00e3o \u00e9 de migra\u00e7\u00e3o for\u00e7ada, mas de ajuda humanit\u00e1ria e um esfor\u00e7o robusto na reconstru\u00e7\u00e3o p\u00f3s-conflito, esfor\u00e7os terrivelmente ausentes nos anos de conflitos implac\u00e1veis.<\/p>\n\n\n\n<p>A solu\u00e7\u00e3o de dois estados continua sendo o \u00fanico caminho para uma paz justa e duradoura, que respeite a dignidade e os direitos de israelenses e palestinos. Infelizmente, a proposta de Washington amea\u00e7a minar esse mesmo princ\u00edpio, arriscando mais desestabiliza\u00e7\u00e3o em uma regi\u00e3o que j\u00e1 est\u00e1 \u00e0 beira do colapso.<\/p>\n\n\n\n<p>N\u00e3o \u00e9 surpresa que essa sugest\u00e3o tenha atra\u00eddo condena\u00e7\u00e3o r\u00e1pida e generalizada de todo o mundo. Os pa\u00edses \u00e1rabes, em particular, a rejeitaram completamente. Hussein al-Sheikh, secret\u00e1rio-geral da Organiza\u00e7\u00e3o para a Liberta\u00e7\u00e3o da Palestina (OLP), deixou claro que a OLP &#8220;rejeita categoricamente todos os apelos para deslocar nosso povo de sua terra natal&#8221;. O Hamas concordou com isso, alertando que essa ret\u00f3rica s\u00f3 aumentar\u00e1 as tens\u00f5es na regi\u00e3o e consolidar\u00e1 o controle dos EUA e de Israel sobre Gaza.<\/p>\n\n\n\n<p>Em uma reuni\u00e3o com o primeiro-ministro palestino Mohammad Mustafa na quinta-feira, o secret\u00e1rio-geral da Liga \u00c1rabe, Ahmed Aboul-Gheit, reafirmou que a proposta dos EUA foi firmemente rejeitada pelos pa\u00edses \u00e1rabes.<\/p>\n\n\n\n<figure class=\"wp-block-image\"><img decoding=\"async\" src=\"https:\/\/portuguese.news.cn\/20250211\/ec04e0b47f694c239357ff6937c5e1c8\/20250211ec04e0b47f694c239357ff6937c5e1c8_20250211937a80a6468f4cfaadb69877efbab70c.jpeg\" alt=\"\"\/><figcaption>Crian\u00e7a palestina em pr\u00e9dio destru\u00eddo no campo de refugiados de Jabalia, norte da Faixa de Gaza, no dia 29 de janeiro de 2025. (Foto por Abdul Rahman Salama\/Xinhua)<\/figcaption><\/figure>\n\n\n\n<p>A rea\u00e7\u00e3o internacional se estende al\u00e9m dos pa\u00edses \u00e1rabes. O ministro das Rela\u00e7\u00f5es Exteriores turco, Hakan Fidan, descreveu a proposta como &#8220;inaceit\u00e1vel&#8221; e fundamentalmente falha, enquanto a ministra das Rela\u00e7\u00f5es Exteriores alem\u00e3, Annalena Baerbock, alertou que essas medidas s\u00f3 levar\u00e3o a &#8220;novo sofrimento e mais \u00f3dio&#8221;. Da mesma forma, o Minist\u00e9rio das Rela\u00e7\u00f5es Exteriores da Fran\u00e7a chamou o deslocamento for\u00e7ado de palestinos de uma viola\u00e7\u00e3o &#8220;s\u00e9ria&#8221; do direito internacional e um &#8220;ataque \u00e0s aspira\u00e7\u00f5es leg\u00edtimas dos palestinos&#8221;.<\/p>\n\n\n\n<p>Alguns meios de comunica\u00e7\u00e3o apontaram que a proposta dos EUA pode resultar de motiva\u00e7\u00f5es pol\u00edticas que visam us\u00e1-la como moeda de troca para pressionar os palestinos a fazer concess\u00f5es em quest\u00f5es territoriais.<\/p>\n\n\n\n<p>No entanto, conforme destacado pelo secret\u00e1rio-geral da ONU, Ant\u00f3nio Guterres, na busca pela paz, piorar o problema n\u00e3o \u00e9 solu\u00e7\u00e3o. &#8220;\u00c9 essencial continuar fiel \u00e0 base do direito internacional&#8221;, disse Guterres na quarta-feira.<\/p>\n\n\n\n<p>Gaza n\u00e3o pode virar outra moeda de troca em jogos geopol\u00edticos. \u00c9 hora de Washington reconhecer essa realidade e trabalhar em dire\u00e7\u00e3o a uma solu\u00e7\u00e3o que respeite os direitos de todos os povos da regi\u00e3o.<\/p>\n","protected":false},"excerpt":{"rendered":"<p>Beijing &#8211; A Faixa de Gaza, lar de mais de dois milh\u00f5es de palestinos, sofreu d\u00e9cadas de viol\u00eancia, bloqueio e sofrimento. Em resposta a esse sofrimento de longa data, a mais recente proposta de Washington para realocar os palestinos de&#8230;<\/p>\n","protected":false},"author":3,"featured_media":25474,"comment_status":"open","ping_status":"open","sticky":false,"template":"","format":"standard","meta":{"footnotes":""},"categories":[4],"tags":[],"class_list":["post-25473","post","type-post","status-publish","format-standard","has-post-thumbnail","hentry","category-internacional"],"yoast_head":"<!-- This site is optimized with the Yoast SEO plugin v27.4 - https:\/\/yoast.com\/product\/yoast-seo-wordpress\/ -->\n<title>Coment\u00e1rio: Por que a proposta dos EUA de assumir Gaza gera protestos internacionais? - Xinhua - Diario de Pernambuco<\/title>\n<meta name=\"robots\" content=\"index, follow, max-snippet:-1, max-image-preview:large, max-video-preview:-1\" \/>\n<link rel=\"canonical\" href=\"https:\/\/diariodepe.com.br\/xinhua\/2025\/02\/11\/comentario-por-que-a-proposta-dos-eua-de-assumir-gaza-gera-protestos-internacionais\/\" \/>\n<meta property=\"og:locale\" content=\"pt_BR\" \/>\n<meta property=\"og:type\" content=\"article\" \/>\n<meta property=\"og:title\" content=\"Coment\u00e1rio: Por que a proposta dos EUA de assumir Gaza gera protestos internacionais? - Xinhua - Diario de Pernambuco\" \/>\n<meta property=\"og:description\" content=\"Beijing &#8211; A Faixa de Gaza, lar de mais de dois milh\u00f5es de palestinos, sofreu d\u00e9cadas de viol\u00eancia, bloqueio e sofrimento. Em resposta a esse sofrimento de longa data, a mais recente proposta de Washington para realocar os palestinos de...\" \/>\n<meta property=\"og:url\" content=\"https:\/\/diariodepe.com.br\/xinhua\/2025\/02\/11\/comentario-por-que-a-proposta-dos-eua-de-assumir-gaza-gera-protestos-internacionais\/\" \/>\n<meta property=\"og:site_name\" content=\"Xinhua - Diario de Pernambuco\" \/>\n<meta property=\"article:published_time\" content=\"2025-02-11T16:24:17+00:00\" \/>\n<meta property=\"article:modified_time\" content=\"2025-02-11T16:24:18+00:00\" \/>\n<meta property=\"og:image\" content=\"https:\/\/diariodepe.com.br\/xinhua\/wp-content\/uploads\/sites\/3\/2025\/02\/20250211ec04e0b47f694c239357ff6937c5e1c8_20250211095a0afa4d884de6b943911c8c1da1ab.jpeg\" \/>\n\t<meta property=\"og:image:width\" content=\"900\" \/>\n\t<meta property=\"og:image:height\" content=\"600\" \/>\n\t<meta property=\"og:image:type\" content=\"image\/jpeg\" \/>\n<meta name=\"author\" content=\"Marcelo Oliveira de A. Maranhao\" \/>\n<meta name=\"twitter:card\" content=\"summary_large_image\" \/>\n<meta name=\"twitter:label1\" content=\"Escrito por\" \/>\n\t<meta name=\"twitter:data1\" content=\"Marcelo Oliveira de A. Maranhao\" \/>\n\t<meta name=\"twitter:label2\" content=\"Est. tempo de leitura\" \/>\n\t<meta name=\"twitter:data2\" content=\"4 minutos\" \/>\n<script type=\"application\/ld+json\" class=\"yoast-schema-graph\">{\"@context\":\"https:\\\/\\\/schema.org\",\"@graph\":[{\"@type\":\"Article\",\"@id\":\"https:\\\/\\\/diariodepe.com.br\\\/xinhua\\\/2025\\\/02\\\/11\\\/comentario-por-que-a-proposta-dos-eua-de-assumir-gaza-gera-protestos-internacionais\\\/#article\",\"isPartOf\":{\"@id\":\"https:\\\/\\\/diariodepe.com.br\\\/xinhua\\\/2025\\\/02\\\/11\\\/comentario-por-que-a-proposta-dos-eua-de-assumir-gaza-gera-protestos-internacionais\\\/\"},\"author\":{\"name\":\"Marcelo Oliveira de A. Maranhao\",\"@id\":\"https:\\\/\\\/diariodepe.com.br\\\/xinhua\\\/#\\\/schema\\\/person\\\/0943d6fd02bdc7b49c8f495e8787a2cb\"},\"headline\":\"Coment\u00e1rio: Por que a proposta dos EUA de assumir Gaza gera protestos internacionais?\",\"datePublished\":\"2025-02-11T16:24:17+00:00\",\"dateModified\":\"2025-02-11T16:24:18+00:00\",\"mainEntityOfPage\":{\"@id\":\"https:\\\/\\\/diariodepe.com.br\\\/xinhua\\\/2025\\\/02\\\/11\\\/comentario-por-que-a-proposta-dos-eua-de-assumir-gaza-gera-protestos-internacionais\\\/\"},\"wordCount\":589,\"commentCount\":0,\"publisher\":{\"@id\":\"https:\\\/\\\/diariodepe.com.br\\\/xinhua\\\/#organization\"},\"image\":{\"@id\":\"https:\\\/\\\/diariodepe.com.br\\\/xinhua\\\/2025\\\/02\\\/11\\\/comentario-por-que-a-proposta-dos-eua-de-assumir-gaza-gera-protestos-internacionais\\\/#primaryimage\"},\"thumbnailUrl\":\"https:\\\/\\\/diariodepe.com.br\\\/xinhua\\\/wp-content\\\/uploads\\\/sites\\\/3\\\/2025\\\/02\\\/20250211ec04e0b47f694c239357ff6937c5e1c8_20250211095a0afa4d884de6b943911c8c1da1ab.jpeg\",\"articleSection\":[\"Internacional\"],\"inLanguage\":\"pt-BR\",\"potentialAction\":[{\"@type\":\"CommentAction\",\"name\":\"Comment\",\"target\":[\"https:\\\/\\\/diariodepe.com.br\\\/xinhua\\\/2025\\\/02\\\/11\\\/comentario-por-que-a-proposta-dos-eua-de-assumir-gaza-gera-protestos-internacionais\\\/#respond\"]}]},{\"@type\":\"WebPage\",\"@id\":\"https:\\\/\\\/diariodepe.com.br\\\/xinhua\\\/2025\\\/02\\\/11\\\/comentario-por-que-a-proposta-dos-eua-de-assumir-gaza-gera-protestos-internacionais\\\/\",\"url\":\"https:\\\/\\\/diariodepe.com.br\\\/xinhua\\\/2025\\\/02\\\/11\\\/comentario-por-que-a-proposta-dos-eua-de-assumir-gaza-gera-protestos-internacionais\\\/\",\"name\":\"Coment\u00e1rio: Por que a proposta dos EUA de assumir Gaza gera protestos internacionais? - Xinhua - Diario de Pernambuco\",\"isPartOf\":{\"@id\":\"https:\\\/\\\/diariodepe.com.br\\\/xinhua\\\/#website\"},\"primaryImageOfPage\":{\"@id\":\"https:\\\/\\\/diariodepe.com.br\\\/xinhua\\\/2025\\\/02\\\/11\\\/comentario-por-que-a-proposta-dos-eua-de-assumir-gaza-gera-protestos-internacionais\\\/#primaryimage\"},\"image\":{\"@id\":\"https:\\\/\\\/diariodepe.com.br\\\/xinhua\\\/2025\\\/02\\\/11\\\/comentario-por-que-a-proposta-dos-eua-de-assumir-gaza-gera-protestos-internacionais\\\/#primaryimage\"},\"thumbnailUrl\":\"https:\\\/\\\/diariodepe.com.br\\\/xinhua\\\/wp-content\\\/uploads\\\/sites\\\/3\\\/2025\\\/02\\\/20250211ec04e0b47f694c239357ff6937c5e1c8_20250211095a0afa4d884de6b943911c8c1da1ab.jpeg\",\"datePublished\":\"2025-02-11T16:24:17+00:00\",\"dateModified\":\"2025-02-11T16:24:18+00:00\",\"breadcrumb\":{\"@id\":\"https:\\\/\\\/diariodepe.com.br\\\/xinhua\\\/2025\\\/02\\\/11\\\/comentario-por-que-a-proposta-dos-eua-de-assumir-gaza-gera-protestos-internacionais\\\/#breadcrumb\"},\"inLanguage\":\"pt-BR\",\"potentialAction\":[{\"@type\":\"ReadAction\",\"target\":[\"https:\\\/\\\/diariodepe.com.br\\\/xinhua\\\/2025\\\/02\\\/11\\\/comentario-por-que-a-proposta-dos-eua-de-assumir-gaza-gera-protestos-internacionais\\\/\"]}]},{\"@type\":\"ImageObject\",\"inLanguage\":\"pt-BR\",\"@id\":\"https:\\\/\\\/diariodepe.com.br\\\/xinhua\\\/2025\\\/02\\\/11\\\/comentario-por-que-a-proposta-dos-eua-de-assumir-gaza-gera-protestos-internacionais\\\/#primaryimage\",\"url\":\"https:\\\/\\\/diariodepe.com.br\\\/xinhua\\\/wp-content\\\/uploads\\\/sites\\\/3\\\/2025\\\/02\\\/20250211ec04e0b47f694c239357ff6937c5e1c8_20250211095a0afa4d884de6b943911c8c1da1ab.jpeg\",\"contentUrl\":\"https:\\\/\\\/diariodepe.com.br\\\/xinhua\\\/wp-content\\\/uploads\\\/sites\\\/3\\\/2025\\\/02\\\/20250211ec04e0b47f694c239357ff6937c5e1c8_20250211095a0afa4d884de6b943911c8c1da1ab.jpeg\",\"width\":900,\"height\":600,\"caption\":\"(250205) -- WASHINGTON, Feb. 5, 2025 (Xinhua) -- U.S. President Donald Trump speaks during a joint press conference with Israeli Prime Minister Benjamin Netanyahu at the White House in Washington D.C., the United States, Feb. 4, 2025. Trump met with Netanyahu here on Tuesday. (Xinhua\\\/Hu Yousong)\"},{\"@type\":\"BreadcrumbList\",\"@id\":\"https:\\\/\\\/diariodepe.com.br\\\/xinhua\\\/2025\\\/02\\\/11\\\/comentario-por-que-a-proposta-dos-eua-de-assumir-gaza-gera-protestos-internacionais\\\/#breadcrumb\",\"itemListElement\":[{\"@type\":\"ListItem\",\"position\":1,\"name\":\"In\u00edcio\",\"item\":\"https:\\\/\\\/diariodepe.com.br\\\/xinhua\\\/\"},{\"@type\":\"ListItem\",\"position\":2,\"name\":\"Coment\u00e1rio: Por que a proposta dos EUA de assumir Gaza gera protestos internacionais?\"}]},{\"@type\":\"WebSite\",\"@id\":\"https:\\\/\\\/diariodepe.com.br\\\/xinhua\\\/#website\",\"url\":\"https:\\\/\\\/diariodepe.com.br\\\/xinhua\\\/\",\"name\":\"Xinhua - Diario de Pernambuco\",\"description\":\"A maior ag\u00eancia de not\u00edcias da China e um dos principais canais para conhecer o pa\u00eds\",\"publisher\":{\"@id\":\"https:\\\/\\\/diariodepe.com.br\\\/xinhua\\\/#organization\"},\"potentialAction\":[{\"@type\":\"SearchAction\",\"target\":{\"@type\":\"EntryPoint\",\"urlTemplate\":\"https:\\\/\\\/diariodepe.com.br\\\/xinhua\\\/?s={search_term_string}\"},\"query-input\":{\"@type\":\"PropertyValueSpecification\",\"valueRequired\":true,\"valueName\":\"search_term_string\"}}],\"inLanguage\":\"pt-BR\"},{\"@type\":\"Organization\",\"@id\":\"https:\\\/\\\/diariodepe.com.br\\\/xinhua\\\/#organization\",\"name\":\"Xinhua - Diario de Pernambuco\",\"url\":\"https:\\\/\\\/diariodepe.com.br\\\/xinhua\\\/\",\"logo\":{\"@type\":\"ImageObject\",\"inLanguage\":\"pt-BR\",\"@id\":\"https:\\\/\\\/diariodepe.com.br\\\/xinhua\\\/#\\\/schema\\\/logo\\\/image\\\/\",\"url\":\"https:\\\/\\\/diariodepe.com.br\\\/xinhua\\\/wp-content\\\/uploads\\\/sites\\\/3\\\/2020\\\/10\\\/cropped-logo-transparente-2.png\",\"contentUrl\":\"https:\\\/\\\/diariodepe.com.br\\\/xinhua\\\/wp-content\\\/uploads\\\/sites\\\/3\\\/2020\\\/10\\\/cropped-logo-transparente-2.png\",\"width\":512,\"height\":164,\"caption\":\"Xinhua - Diario de Pernambuco\"},\"image\":{\"@id\":\"https:\\\/\\\/diariodepe.com.br\\\/xinhua\\\/#\\\/schema\\\/logo\\\/image\\\/\"}},{\"@type\":\"Person\",\"@id\":\"https:\\\/\\\/diariodepe.com.br\\\/xinhua\\\/#\\\/schema\\\/person\\\/0943d6fd02bdc7b49c8f495e8787a2cb\",\"name\":\"Marcelo Oliveira de A. Maranhao\",\"image\":{\"@type\":\"ImageObject\",\"inLanguage\":\"pt-BR\",\"@id\":\"https:\\\/\\\/secure.gravatar.com\\\/avatar\\\/f562caee940d39879c20e90eea3e4b21860c7d4c96684c23141c554824f0059c?s=96&d=mm&r=g\",\"url\":\"https:\\\/\\\/secure.gravatar.com\\\/avatar\\\/f562caee940d39879c20e90eea3e4b21860c7d4c96684c23141c554824f0059c?s=96&d=mm&r=g\",\"contentUrl\":\"https:\\\/\\\/secure.gravatar.com\\\/avatar\\\/f562caee940d39879c20e90eea3e4b21860c7d4c96684c23141c554824f0059c?s=96&d=mm&r=g\",\"caption\":\"Marcelo Oliveira de A. Maranhao\"},\"url\":\"https:\\\/\\\/diariodepe.com.br\\\/xinhua\\\/author\\\/marcelo-maranhao\\\/\"}]}<\/script>\n<!-- \/ Yoast SEO plugin. -->","yoast_head_json":{"title":"Coment\u00e1rio: Por que a proposta dos EUA de assumir Gaza gera protestos internacionais? - Xinhua - Diario de Pernambuco","robots":{"index":"index","follow":"follow","max-snippet":"max-snippet:-1","max-image-preview":"max-image-preview:large","max-video-preview":"max-video-preview:-1"},"canonical":"https:\/\/diariodepe.com.br\/xinhua\/2025\/02\/11\/comentario-por-que-a-proposta-dos-eua-de-assumir-gaza-gera-protestos-internacionais\/","og_locale":"pt_BR","og_type":"article","og_title":"Coment\u00e1rio: Por que a proposta dos EUA de assumir Gaza gera protestos internacionais? - Xinhua - Diario de Pernambuco","og_description":"Beijing &#8211; A Faixa de Gaza, lar de mais de dois milh\u00f5es de palestinos, sofreu d\u00e9cadas de viol\u00eancia, bloqueio e sofrimento. Em resposta a esse sofrimento de longa data, a mais recente proposta de Washington para realocar os palestinos de...","og_url":"https:\/\/diariodepe.com.br\/xinhua\/2025\/02\/11\/comentario-por-que-a-proposta-dos-eua-de-assumir-gaza-gera-protestos-internacionais\/","og_site_name":"Xinhua - Diario de Pernambuco","article_published_time":"2025-02-11T16:24:17+00:00","article_modified_time":"2025-02-11T16:24:18+00:00","og_image":[{"width":900,"height":600,"url":"https:\/\/diariodepe.com.br\/xinhua\/wp-content\/uploads\/sites\/3\/2025\/02\/20250211ec04e0b47f694c239357ff6937c5e1c8_20250211095a0afa4d884de6b943911c8c1da1ab.jpeg","type":"image\/jpeg"}],"author":"Marcelo Oliveira de A. Maranhao","twitter_card":"summary_large_image","twitter_misc":{"Escrito por":"Marcelo Oliveira de A. Maranhao","Est. tempo de leitura":"4 minutos"},"schema":{"@context":"https:\/\/schema.org","@graph":[{"@type":"Article","@id":"https:\/\/diariodepe.com.br\/xinhua\/2025\/02\/11\/comentario-por-que-a-proposta-dos-eua-de-assumir-gaza-gera-protestos-internacionais\/#article","isPartOf":{"@id":"https:\/\/diariodepe.com.br\/xinhua\/2025\/02\/11\/comentario-por-que-a-proposta-dos-eua-de-assumir-gaza-gera-protestos-internacionais\/"},"author":{"name":"Marcelo Oliveira de A. Maranhao","@id":"https:\/\/diariodepe.com.br\/xinhua\/#\/schema\/person\/0943d6fd02bdc7b49c8f495e8787a2cb"},"headline":"Coment\u00e1rio: Por que a proposta dos EUA de assumir Gaza gera protestos internacionais?","datePublished":"2025-02-11T16:24:17+00:00","dateModified":"2025-02-11T16:24:18+00:00","mainEntityOfPage":{"@id":"https:\/\/diariodepe.com.br\/xinhua\/2025\/02\/11\/comentario-por-que-a-proposta-dos-eua-de-assumir-gaza-gera-protestos-internacionais\/"},"wordCount":589,"commentCount":0,"publisher":{"@id":"https:\/\/diariodepe.com.br\/xinhua\/#organization"},"image":{"@id":"https:\/\/diariodepe.com.br\/xinhua\/2025\/02\/11\/comentario-por-que-a-proposta-dos-eua-de-assumir-gaza-gera-protestos-internacionais\/#primaryimage"},"thumbnailUrl":"https:\/\/diariodepe.com.br\/xinhua\/wp-content\/uploads\/sites\/3\/2025\/02\/20250211ec04e0b47f694c239357ff6937c5e1c8_20250211095a0afa4d884de6b943911c8c1da1ab.jpeg","articleSection":["Internacional"],"inLanguage":"pt-BR","potentialAction":[{"@type":"CommentAction","name":"Comment","target":["https:\/\/diariodepe.com.br\/xinhua\/2025\/02\/11\/comentario-por-que-a-proposta-dos-eua-de-assumir-gaza-gera-protestos-internacionais\/#respond"]}]},{"@type":"WebPage","@id":"https:\/\/diariodepe.com.br\/xinhua\/2025\/02\/11\/comentario-por-que-a-proposta-dos-eua-de-assumir-gaza-gera-protestos-internacionais\/","url":"https:\/\/diariodepe.com.br\/xinhua\/2025\/02\/11\/comentario-por-que-a-proposta-dos-eua-de-assumir-gaza-gera-protestos-internacionais\/","name":"Coment\u00e1rio: Por que a proposta dos EUA de assumir Gaza gera protestos internacionais? - Xinhua - Diario de Pernambuco","isPartOf":{"@id":"https:\/\/diariodepe.com.br\/xinhua\/#website"},"primaryImageOfPage":{"@id":"https:\/\/diariodepe.com.br\/xinhua\/2025\/02\/11\/comentario-por-que-a-proposta-dos-eua-de-assumir-gaza-gera-protestos-internacionais\/#primaryimage"},"image":{"@id":"https:\/\/diariodepe.com.br\/xinhua\/2025\/02\/11\/comentario-por-que-a-proposta-dos-eua-de-assumir-gaza-gera-protestos-internacionais\/#primaryimage"},"thumbnailUrl":"https:\/\/diariodepe.com.br\/xinhua\/wp-content\/uploads\/sites\/3\/2025\/02\/20250211ec04e0b47f694c239357ff6937c5e1c8_20250211095a0afa4d884de6b943911c8c1da1ab.jpeg","datePublished":"2025-02-11T16:24:17+00:00","dateModified":"2025-02-11T16:24:18+00:00","breadcrumb":{"@id":"https:\/\/diariodepe.com.br\/xinhua\/2025\/02\/11\/comentario-por-que-a-proposta-dos-eua-de-assumir-gaza-gera-protestos-internacionais\/#breadcrumb"},"inLanguage":"pt-BR","potentialAction":[{"@type":"ReadAction","target":["https:\/\/diariodepe.com.br\/xinhua\/2025\/02\/11\/comentario-por-que-a-proposta-dos-eua-de-assumir-gaza-gera-protestos-internacionais\/"]}]},{"@type":"ImageObject","inLanguage":"pt-BR","@id":"https:\/\/diariodepe.com.br\/xinhua\/2025\/02\/11\/comentario-por-que-a-proposta-dos-eua-de-assumir-gaza-gera-protestos-internacionais\/#primaryimage","url":"https:\/\/diariodepe.com.br\/xinhua\/wp-content\/uploads\/sites\/3\/2025\/02\/20250211ec04e0b47f694c239357ff6937c5e1c8_20250211095a0afa4d884de6b943911c8c1da1ab.jpeg","contentUrl":"https:\/\/diariodepe.com.br\/xinhua\/wp-content\/uploads\/sites\/3\/2025\/02\/20250211ec04e0b47f694c239357ff6937c5e1c8_20250211095a0afa4d884de6b943911c8c1da1ab.jpeg","width":900,"height":600,"caption":"(250205) -- WASHINGTON, Feb. 5, 2025 (Xinhua) -- U.S. President Donald Trump speaks during a joint press conference with Israeli Prime Minister Benjamin Netanyahu at the White House in Washington D.C., the United States, Feb. 4, 2025. Trump met with Netanyahu here on Tuesday. (Xinhua\/Hu Yousong)"},{"@type":"BreadcrumbList","@id":"https:\/\/diariodepe.com.br\/xinhua\/2025\/02\/11\/comentario-por-que-a-proposta-dos-eua-de-assumir-gaza-gera-protestos-internacionais\/#breadcrumb","itemListElement":[{"@type":"ListItem","position":1,"name":"In\u00edcio","item":"https:\/\/diariodepe.com.br\/xinhua\/"},{"@type":"ListItem","position":2,"name":"Coment\u00e1rio: Por que a proposta dos EUA de assumir Gaza gera protestos internacionais?"}]},{"@type":"WebSite","@id":"https:\/\/diariodepe.com.br\/xinhua\/#website","url":"https:\/\/diariodepe.com.br\/xinhua\/","name":"Xinhua - Diario de Pernambuco","description":"A maior ag\u00eancia de not\u00edcias da China e um dos principais canais para conhecer o pa\u00eds","publisher":{"@id":"https:\/\/diariodepe.com.br\/xinhua\/#organization"},"potentialAction":[{"@type":"SearchAction","target":{"@type":"EntryPoint","urlTemplate":"https:\/\/diariodepe.com.br\/xinhua\/?s={search_term_string}"},"query-input":{"@type":"PropertyValueSpecification","valueRequired":true,"valueName":"search_term_string"}}],"inLanguage":"pt-BR"},{"@type":"Organization","@id":"https:\/\/diariodepe.com.br\/xinhua\/#organization","name":"Xinhua - Diario de Pernambuco","url":"https:\/\/diariodepe.com.br\/xinhua\/","logo":{"@type":"ImageObject","inLanguage":"pt-BR","@id":"https:\/\/diariodepe.com.br\/xinhua\/#\/schema\/logo\/image\/","url":"https:\/\/diariodepe.com.br\/xinhua\/wp-content\/uploads\/sites\/3\/2020\/10\/cropped-logo-transparente-2.png","contentUrl":"https:\/\/diariodepe.com.br\/xinhua\/wp-content\/uploads\/sites\/3\/2020\/10\/cropped-logo-transparente-2.png","width":512,"height":164,"caption":"Xinhua - Diario de Pernambuco"},"image":{"@id":"https:\/\/diariodepe.com.br\/xinhua\/#\/schema\/logo\/image\/"}},{"@type":"Person","@id":"https:\/\/diariodepe.com.br\/xinhua\/#\/schema\/person\/0943d6fd02bdc7b49c8f495e8787a2cb","name":"Marcelo Oliveira de A. Maranhao","image":{"@type":"ImageObject","inLanguage":"pt-BR","@id":"https:\/\/secure.gravatar.com\/avatar\/f562caee940d39879c20e90eea3e4b21860c7d4c96684c23141c554824f0059c?s=96&d=mm&r=g","url":"https:\/\/secure.gravatar.com\/avatar\/f562caee940d39879c20e90eea3e4b21860c7d4c96684c23141c554824f0059c?s=96&d=mm&r=g","contentUrl":"https:\/\/secure.gravatar.com\/avatar\/f562caee940d39879c20e90eea3e4b21860c7d4c96684c23141c554824f0059c?s=96&d=mm&r=g","caption":"Marcelo Oliveira de A. Maranhao"},"url":"https:\/\/diariodepe.com.br\/xinhua\/author\/marcelo-maranhao\/"}]}},"cc_featured_image_caption":{"caption_text":"","source_text":"","source_url":""},"amp_enabled":true,"_links":{"self":[{"href":"https:\/\/diariodepe.com.br\/xinhua\/wp-json\/wp\/v2\/posts\/25473","targetHints":{"allow":["GET"]}}],"collection":[{"href":"https:\/\/diariodepe.com.br\/xinhua\/wp-json\/wp\/v2\/posts"}],"about":[{"href":"https:\/\/diariodepe.com.br\/xinhua\/wp-json\/wp\/v2\/types\/post"}],"author":[{"embeddable":true,"href":"https:\/\/diariodepe.com.br\/xinhua\/wp-json\/wp\/v2\/users\/3"}],"replies":[{"embeddable":true,"href":"https:\/\/diariodepe.com.br\/xinhua\/wp-json\/wp\/v2\/comments?post=25473"}],"version-history":[{"count":1,"href":"https:\/\/diariodepe.com.br\/xinhua\/wp-json\/wp\/v2\/posts\/25473\/revisions"}],"predecessor-version":[{"id":25475,"href":"https:\/\/diariodepe.com.br\/xinhua\/wp-json\/wp\/v2\/posts\/25473\/revisions\/25475"}],"wp:featuredmedia":[{"embeddable":true,"href":"https:\/\/diariodepe.com.br\/xinhua\/wp-json\/wp\/v2\/media\/25474"}],"wp:attachment":[{"href":"https:\/\/diariodepe.com.br\/xinhua\/wp-json\/wp\/v2\/media?parent=25473"}],"wp:term":[{"taxonomy":"category","embeddable":true,"href":"https:\/\/diariodepe.com.br\/xinhua\/wp-json\/wp\/v2\/categories?post=25473"},{"taxonomy":"post_tag","embeddable":true,"href":"https:\/\/diariodepe.com.br\/xinhua\/wp-json\/wp\/v2\/tags?post=25473"}],"curies":[{"name":"wp","href":"https:\/\/api.w.org\/{rel}","templated":true}]}}