{"id":25431,"date":"2025-02-07T16:08:00","date_gmt":"2025-02-07T19:08:00","guid":{"rendered":"https:\/\/www.diariodepe.com.br\/xinhua\/?p=25431"},"modified":"2025-02-07T11:12:50","modified_gmt":"2025-02-07T14:12:50","slug":"primeiro-ministro-chines-se-reune-com-presidente-paquistanes","status":"publish","type":"post","link":"https:\/\/diariodepe.com.br\/xinhua\/2025\/02\/07\/primeiro-ministro-chines-se-reune-com-presidente-paquistanes\/","title":{"rendered":"Primeiro-ministro chin\u00eas se re\u00fane com presidente paquistan\u00eas"},"content":{"rendered":"\n<p>Beijing &#8211; O primeiro-ministro chin\u00eas, Li Qiang, reuniu-se com o presidente paquistan\u00eas, Asif Ali Zardari, em Beijing, na quinta-feira.<\/p>\n\n\n\n<p>Observando que a coopera\u00e7\u00e3o bilateral est\u00e1 se expandindo em escopo e alcan\u00e7ando resultados cada vez mais positivos, Li disse que a amizade s\u00f3lida entre os dois lados foi renovada e aprofundada.<\/p>\n\n\n\n<p>Li acrescentou que a China est\u00e1 pronta para trabalhar com o Paquist\u00e3o para implementar o importante consenso alcan\u00e7ado pelos dois chefes de Estado, manter interc\u00e2mbios estreitos de alto n\u00edvel, continuar a levar adiante a amizade tradicional, apoiar-se firmemente em quest\u00f5es relativas a interesses centrais e principais preocupa\u00e7\u00f5es, impulsionar a parceria de coopera\u00e7\u00e3o estrat\u00e9gica em todos os climas entre a China e o Paquist\u00e3o e tornar a constru\u00e7\u00e3o de uma comunidade China-Paquist\u00e3o com um futuro compartilhado mais ben\u00e9fica para os dois povos.<\/p>\n\n\n\n<p>Li tamb\u00e9m observou que a China est\u00e1 pronta para forjar sinergia entre as estrat\u00e9gias de desenvolvimento dos dois pa\u00edses, promover conjuntamente a coopera\u00e7\u00e3o de alta qualidade do Cintur\u00e3o e Rota, avan\u00e7ar na constru\u00e7\u00e3o do Corredor Econ\u00f4mico China-Paquist\u00e3o, impulsionar a constru\u00e7\u00e3o de grandes projetos relativos a estradas, ferrovias e portos de maneira ordenada, aprofundar a coopera\u00e7\u00e3o em termos de agricultura, minera\u00e7\u00e3o, nova energia, tecnologia de informa\u00e7\u00e3o e intelig\u00eancia artificial, expandir a coopera\u00e7\u00e3o subnacional e os interc\u00e2mbios entre pessoas e promover melhor o desenvolvimento comum dos dois pa\u00edses.<\/p>\n\n\n\n<p>A China est\u00e1 disposta a aprofundar ainda mais a coopera\u00e7\u00e3o de seguran\u00e7a com o Paquist\u00e3o e espera que o Paquist\u00e3o possa garantir seriamente a seguran\u00e7a de pessoal, projetos e institui\u00e7\u00f5es chinesas no Paquist\u00e3o, disse Li.<\/p>\n\n\n\n<p>Zardari disse que o Paquist\u00e3o e a China sempre se apoiaram e se ajudaram mutuamente na mudan\u00e7a da situa\u00e7\u00e3o internacional, acrescentando que a confian\u00e7a m\u00fatua e a amizade entre os dois pa\u00edses foram transmitidas de gera\u00e7\u00e3o em gera\u00e7\u00e3o.<\/p>\n\n\n\n<p>O Paquist\u00e3o valoriza a amizade bilateral com a China e est\u00e1 pronto para dar as m\u00e3os \u00e0 China para aprofundar ainda mais os interc\u00e2mbios e a coopera\u00e7\u00e3o em com\u00e9rcio, investimento e outros campos e para alcan\u00e7ar a prosperidade comum, disse ele.<\/p>\n\n\n\n<p>O Paquist\u00e3o d\u00e1 as boas-vindas a mais empresas chinesas para investir e fazer neg\u00f3cios no Paquist\u00e3o e far\u00e1 o poss\u00edvel para garantir a seguran\u00e7a do pessoal, projetos e institui\u00e7\u00f5es chinesas no Paquist\u00e3o, acrescentou Zardari.<\/p>\n","protected":false},"excerpt":{"rendered":"<p>Beijing &#8211; O primeiro-ministro chin\u00eas, Li Qiang, reuniu-se com o presidente paquistan\u00eas, Asif Ali Zardari, em Beijing, na quinta-feira. Observando que a coopera\u00e7\u00e3o bilateral est\u00e1 se expandindo em escopo e alcan\u00e7ando resultados cada vez mais positivos, Li disse que a&#8230;<\/p>\n","protected":false},"author":3,"featured_media":25432,"comment_status":"open","ping_status":"open","sticky":false,"template":"","format":"standard","meta":{"footnotes":""},"categories":[4],"tags":[],"class_list":["post-25431","post","type-post","status-publish","format-standard","has-post-thumbnail","hentry","category-internacional"],"yoast_head":"<!-- This site is optimized with the Yoast SEO plugin v27.4 - https:\/\/yoast.com\/product\/yoast-seo-wordpress\/ -->\n<title>Primeiro-ministro chin\u00eas se re\u00fane com presidente paquistan\u00eas - Xinhua - Diario de Pernambuco<\/title>\n<meta name=\"robots\" content=\"index, follow, max-snippet:-1, max-image-preview:large, max-video-preview:-1\" \/>\n<link rel=\"canonical\" href=\"https:\/\/diariodepe.com.br\/xinhua\/2025\/02\/07\/primeiro-ministro-chines-se-reune-com-presidente-paquistanes\/\" \/>\n<meta property=\"og:locale\" content=\"pt_BR\" \/>\n<meta property=\"og:type\" content=\"article\" \/>\n<meta property=\"og:title\" content=\"Primeiro-ministro chin\u00eas se re\u00fane com presidente paquistan\u00eas - Xinhua - Diario de Pernambuco\" \/>\n<meta property=\"og:description\" content=\"Beijing &#8211; O primeiro-ministro chin\u00eas, Li Qiang, reuniu-se com o presidente paquistan\u00eas, Asif Ali Zardari, em Beijing, na quinta-feira. Observando que a coopera\u00e7\u00e3o bilateral est\u00e1 se expandindo em escopo e alcan\u00e7ando resultados cada vez mais positivos, Li disse que a...\" \/>\n<meta property=\"og:url\" content=\"https:\/\/diariodepe.com.br\/xinhua\/2025\/02\/07\/primeiro-ministro-chines-se-reune-com-presidente-paquistanes\/\" \/>\n<meta property=\"og:site_name\" content=\"Xinhua - Diario de Pernambuco\" \/>\n<meta property=\"article:published_time\" content=\"2025-02-07T19:08:00+00:00\" \/>\n<meta property=\"og:image\" content=\"https:\/\/diariodepe.com.br\/xinhua\/wp-content\/uploads\/sites\/3\/2025\/02\/5pyhoJ6Gz38SkvTS.jpeg\" \/>\n\t<meta property=\"og:image:width\" content=\"1022\" \/>\n\t<meta property=\"og:image:height\" content=\"778\" \/>\n\t<meta property=\"og:image:type\" content=\"image\/jpeg\" \/>\n<meta name=\"author\" content=\"Marcelo Oliveira de A. Maranhao\" \/>\n<meta name=\"twitter:card\" content=\"summary_large_image\" \/>\n<meta name=\"twitter:label1\" content=\"Escrito por\" \/>\n\t<meta name=\"twitter:data1\" content=\"Marcelo Oliveira de A. Maranhao\" \/>\n\t<meta name=\"twitter:label2\" content=\"Est. tempo de leitura\" \/>\n\t<meta name=\"twitter:data2\" content=\"3 minutos\" \/>\n<script type=\"application\/ld+json\" class=\"yoast-schema-graph\">{\"@context\":\"https:\\\/\\\/schema.org\",\"@graph\":[{\"@type\":\"Article\",\"@id\":\"https:\\\/\\\/diariodepe.com.br\\\/xinhua\\\/2025\\\/02\\\/07\\\/primeiro-ministro-chines-se-reune-com-presidente-paquistanes\\\/#article\",\"isPartOf\":{\"@id\":\"https:\\\/\\\/diariodepe.com.br\\\/xinhua\\\/2025\\\/02\\\/07\\\/primeiro-ministro-chines-se-reune-com-presidente-paquistanes\\\/\"},\"author\":{\"name\":\"Marcelo Oliveira de A. Maranhao\",\"@id\":\"https:\\\/\\\/diariodepe.com.br\\\/xinhua\\\/#\\\/schema\\\/person\\\/0943d6fd02bdc7b49c8f495e8787a2cb\"},\"headline\":\"Primeiro-ministro chin\u00eas se re\u00fane com presidente paquistan\u00eas\",\"datePublished\":\"2025-02-07T19:08:00+00:00\",\"mainEntityOfPage\":{\"@id\":\"https:\\\/\\\/diariodepe.com.br\\\/xinhua\\\/2025\\\/02\\\/07\\\/primeiro-ministro-chines-se-reune-com-presidente-paquistanes\\\/\"},\"wordCount\":436,\"commentCount\":0,\"publisher\":{\"@id\":\"https:\\\/\\\/diariodepe.com.br\\\/xinhua\\\/#organization\"},\"image\":{\"@id\":\"https:\\\/\\\/diariodepe.com.br\\\/xinhua\\\/2025\\\/02\\\/07\\\/primeiro-ministro-chines-se-reune-com-presidente-paquistanes\\\/#primaryimage\"},\"thumbnailUrl\":\"https:\\\/\\\/diariodepe.com.br\\\/xinhua\\\/wp-content\\\/uploads\\\/sites\\\/3\\\/2025\\\/02\\\/5pyhoJ6Gz38SkvTS.jpeg\",\"articleSection\":[\"Internacional\"],\"inLanguage\":\"pt-BR\",\"potentialAction\":[{\"@type\":\"CommentAction\",\"name\":\"Comment\",\"target\":[\"https:\\\/\\\/diariodepe.com.br\\\/xinhua\\\/2025\\\/02\\\/07\\\/primeiro-ministro-chines-se-reune-com-presidente-paquistanes\\\/#respond\"]}]},{\"@type\":\"WebPage\",\"@id\":\"https:\\\/\\\/diariodepe.com.br\\\/xinhua\\\/2025\\\/02\\\/07\\\/primeiro-ministro-chines-se-reune-com-presidente-paquistanes\\\/\",\"url\":\"https:\\\/\\\/diariodepe.com.br\\\/xinhua\\\/2025\\\/02\\\/07\\\/primeiro-ministro-chines-se-reune-com-presidente-paquistanes\\\/\",\"name\":\"Primeiro-ministro chin\u00eas se re\u00fane com presidente paquistan\u00eas - Xinhua - Diario de Pernambuco\",\"isPartOf\":{\"@id\":\"https:\\\/\\\/diariodepe.com.br\\\/xinhua\\\/#website\"},\"primaryImageOfPage\":{\"@id\":\"https:\\\/\\\/diariodepe.com.br\\\/xinhua\\\/2025\\\/02\\\/07\\\/primeiro-ministro-chines-se-reune-com-presidente-paquistanes\\\/#primaryimage\"},\"image\":{\"@id\":\"https:\\\/\\\/diariodepe.com.br\\\/xinhua\\\/2025\\\/02\\\/07\\\/primeiro-ministro-chines-se-reune-com-presidente-paquistanes\\\/#primaryimage\"},\"thumbnailUrl\":\"https:\\\/\\\/diariodepe.com.br\\\/xinhua\\\/wp-content\\\/uploads\\\/sites\\\/3\\\/2025\\\/02\\\/5pyhoJ6Gz38SkvTS.jpeg\",\"datePublished\":\"2025-02-07T19:08:00+00:00\",\"breadcrumb\":{\"@id\":\"https:\\\/\\\/diariodepe.com.br\\\/xinhua\\\/2025\\\/02\\\/07\\\/primeiro-ministro-chines-se-reune-com-presidente-paquistanes\\\/#breadcrumb\"},\"inLanguage\":\"pt-BR\",\"potentialAction\":[{\"@type\":\"ReadAction\",\"target\":[\"https:\\\/\\\/diariodepe.com.br\\\/xinhua\\\/2025\\\/02\\\/07\\\/primeiro-ministro-chines-se-reune-com-presidente-paquistanes\\\/\"]}]},{\"@type\":\"ImageObject\",\"inLanguage\":\"pt-BR\",\"@id\":\"https:\\\/\\\/diariodepe.com.br\\\/xinhua\\\/2025\\\/02\\\/07\\\/primeiro-ministro-chines-se-reune-com-presidente-paquistanes\\\/#primaryimage\",\"url\":\"https:\\\/\\\/diariodepe.com.br\\\/xinhua\\\/wp-content\\\/uploads\\\/sites\\\/3\\\/2025\\\/02\\\/5pyhoJ6Gz38SkvTS.jpeg\",\"contentUrl\":\"https:\\\/\\\/diariodepe.com.br\\\/xinhua\\\/wp-content\\\/uploads\\\/sites\\\/3\\\/2025\\\/02\\\/5pyhoJ6Gz38SkvTS.jpeg\",\"width\":1022,\"height\":778},{\"@type\":\"BreadcrumbList\",\"@id\":\"https:\\\/\\\/diariodepe.com.br\\\/xinhua\\\/2025\\\/02\\\/07\\\/primeiro-ministro-chines-se-reune-com-presidente-paquistanes\\\/#breadcrumb\",\"itemListElement\":[{\"@type\":\"ListItem\",\"position\":1,\"name\":\"In\u00edcio\",\"item\":\"https:\\\/\\\/diariodepe.com.br\\\/xinhua\\\/\"},{\"@type\":\"ListItem\",\"position\":2,\"name\":\"Primeiro-ministro chin\u00eas se re\u00fane com presidente paquistan\u00eas\"}]},{\"@type\":\"WebSite\",\"@id\":\"https:\\\/\\\/diariodepe.com.br\\\/xinhua\\\/#website\",\"url\":\"https:\\\/\\\/diariodepe.com.br\\\/xinhua\\\/\",\"name\":\"Xinhua - Diario de Pernambuco\",\"description\":\"A maior ag\u00eancia de not\u00edcias da China e um dos principais canais para conhecer o pa\u00eds\",\"publisher\":{\"@id\":\"https:\\\/\\\/diariodepe.com.br\\\/xinhua\\\/#organization\"},\"potentialAction\":[{\"@type\":\"SearchAction\",\"target\":{\"@type\":\"EntryPoint\",\"urlTemplate\":\"https:\\\/\\\/diariodepe.com.br\\\/xinhua\\\/?s={search_term_string}\"},\"query-input\":{\"@type\":\"PropertyValueSpecification\",\"valueRequired\":true,\"valueName\":\"search_term_string\"}}],\"inLanguage\":\"pt-BR\"},{\"@type\":\"Organization\",\"@id\":\"https:\\\/\\\/diariodepe.com.br\\\/xinhua\\\/#organization\",\"name\":\"Xinhua - Diario de Pernambuco\",\"url\":\"https:\\\/\\\/diariodepe.com.br\\\/xinhua\\\/\",\"logo\":{\"@type\":\"ImageObject\",\"inLanguage\":\"pt-BR\",\"@id\":\"https:\\\/\\\/diariodepe.com.br\\\/xinhua\\\/#\\\/schema\\\/logo\\\/image\\\/\",\"url\":\"https:\\\/\\\/diariodepe.com.br\\\/xinhua\\\/wp-content\\\/uploads\\\/sites\\\/3\\\/2020\\\/10\\\/cropped-logo-transparente-2.png\",\"contentUrl\":\"https:\\\/\\\/diariodepe.com.br\\\/xinhua\\\/wp-content\\\/uploads\\\/sites\\\/3\\\/2020\\\/10\\\/cropped-logo-transparente-2.png\",\"width\":512,\"height\":164,\"caption\":\"Xinhua - Diario de Pernambuco\"},\"image\":{\"@id\":\"https:\\\/\\\/diariodepe.com.br\\\/xinhua\\\/#\\\/schema\\\/logo\\\/image\\\/\"}},{\"@type\":\"Person\",\"@id\":\"https:\\\/\\\/diariodepe.com.br\\\/xinhua\\\/#\\\/schema\\\/person\\\/0943d6fd02bdc7b49c8f495e8787a2cb\",\"name\":\"Marcelo Oliveira de A. Maranhao\",\"image\":{\"@type\":\"ImageObject\",\"inLanguage\":\"pt-BR\",\"@id\":\"https:\\\/\\\/secure.gravatar.com\\\/avatar\\\/f562caee940d39879c20e90eea3e4b21860c7d4c96684c23141c554824f0059c?s=96&d=mm&r=g\",\"url\":\"https:\\\/\\\/secure.gravatar.com\\\/avatar\\\/f562caee940d39879c20e90eea3e4b21860c7d4c96684c23141c554824f0059c?s=96&d=mm&r=g\",\"contentUrl\":\"https:\\\/\\\/secure.gravatar.com\\\/avatar\\\/f562caee940d39879c20e90eea3e4b21860c7d4c96684c23141c554824f0059c?s=96&d=mm&r=g\",\"caption\":\"Marcelo Oliveira de A. Maranhao\"},\"url\":\"https:\\\/\\\/diariodepe.com.br\\\/xinhua\\\/author\\\/marcelo-maranhao\\\/\"}]}<\/script>\n<!-- \/ Yoast SEO plugin. -->","yoast_head_json":{"title":"Primeiro-ministro chin\u00eas se re\u00fane com presidente paquistan\u00eas - Xinhua - Diario de Pernambuco","robots":{"index":"index","follow":"follow","max-snippet":"max-snippet:-1","max-image-preview":"max-image-preview:large","max-video-preview":"max-video-preview:-1"},"canonical":"https:\/\/diariodepe.com.br\/xinhua\/2025\/02\/07\/primeiro-ministro-chines-se-reune-com-presidente-paquistanes\/","og_locale":"pt_BR","og_type":"article","og_title":"Primeiro-ministro chin\u00eas se re\u00fane com presidente paquistan\u00eas - Xinhua - Diario de Pernambuco","og_description":"Beijing &#8211; O primeiro-ministro chin\u00eas, Li Qiang, reuniu-se com o presidente paquistan\u00eas, Asif Ali Zardari, em Beijing, na quinta-feira. Observando que a coopera\u00e7\u00e3o bilateral est\u00e1 se expandindo em escopo e alcan\u00e7ando resultados cada vez mais positivos, Li disse que a...","og_url":"https:\/\/diariodepe.com.br\/xinhua\/2025\/02\/07\/primeiro-ministro-chines-se-reune-com-presidente-paquistanes\/","og_site_name":"Xinhua - Diario de Pernambuco","article_published_time":"2025-02-07T19:08:00+00:00","og_image":[{"width":1022,"height":778,"url":"https:\/\/diariodepe.com.br\/xinhua\/wp-content\/uploads\/sites\/3\/2025\/02\/5pyhoJ6Gz38SkvTS.jpeg","type":"image\/jpeg"}],"author":"Marcelo Oliveira de A. Maranhao","twitter_card":"summary_large_image","twitter_misc":{"Escrito por":"Marcelo Oliveira de A. Maranhao","Est. tempo de leitura":"3 minutos"},"schema":{"@context":"https:\/\/schema.org","@graph":[{"@type":"Article","@id":"https:\/\/diariodepe.com.br\/xinhua\/2025\/02\/07\/primeiro-ministro-chines-se-reune-com-presidente-paquistanes\/#article","isPartOf":{"@id":"https:\/\/diariodepe.com.br\/xinhua\/2025\/02\/07\/primeiro-ministro-chines-se-reune-com-presidente-paquistanes\/"},"author":{"name":"Marcelo Oliveira de A. Maranhao","@id":"https:\/\/diariodepe.com.br\/xinhua\/#\/schema\/person\/0943d6fd02bdc7b49c8f495e8787a2cb"},"headline":"Primeiro-ministro chin\u00eas se re\u00fane com presidente paquistan\u00eas","datePublished":"2025-02-07T19:08:00+00:00","mainEntityOfPage":{"@id":"https:\/\/diariodepe.com.br\/xinhua\/2025\/02\/07\/primeiro-ministro-chines-se-reune-com-presidente-paquistanes\/"},"wordCount":436,"commentCount":0,"publisher":{"@id":"https:\/\/diariodepe.com.br\/xinhua\/#organization"},"image":{"@id":"https:\/\/diariodepe.com.br\/xinhua\/2025\/02\/07\/primeiro-ministro-chines-se-reune-com-presidente-paquistanes\/#primaryimage"},"thumbnailUrl":"https:\/\/diariodepe.com.br\/xinhua\/wp-content\/uploads\/sites\/3\/2025\/02\/5pyhoJ6Gz38SkvTS.jpeg","articleSection":["Internacional"],"inLanguage":"pt-BR","potentialAction":[{"@type":"CommentAction","name":"Comment","target":["https:\/\/diariodepe.com.br\/xinhua\/2025\/02\/07\/primeiro-ministro-chines-se-reune-com-presidente-paquistanes\/#respond"]}]},{"@type":"WebPage","@id":"https:\/\/diariodepe.com.br\/xinhua\/2025\/02\/07\/primeiro-ministro-chines-se-reune-com-presidente-paquistanes\/","url":"https:\/\/diariodepe.com.br\/xinhua\/2025\/02\/07\/primeiro-ministro-chines-se-reune-com-presidente-paquistanes\/","name":"Primeiro-ministro chin\u00eas se re\u00fane com presidente paquistan\u00eas - Xinhua - Diario de Pernambuco","isPartOf":{"@id":"https:\/\/diariodepe.com.br\/xinhua\/#website"},"primaryImageOfPage":{"@id":"https:\/\/diariodepe.com.br\/xinhua\/2025\/02\/07\/primeiro-ministro-chines-se-reune-com-presidente-paquistanes\/#primaryimage"},"image":{"@id":"https:\/\/diariodepe.com.br\/xinhua\/2025\/02\/07\/primeiro-ministro-chines-se-reune-com-presidente-paquistanes\/#primaryimage"},"thumbnailUrl":"https:\/\/diariodepe.com.br\/xinhua\/wp-content\/uploads\/sites\/3\/2025\/02\/5pyhoJ6Gz38SkvTS.jpeg","datePublished":"2025-02-07T19:08:00+00:00","breadcrumb":{"@id":"https:\/\/diariodepe.com.br\/xinhua\/2025\/02\/07\/primeiro-ministro-chines-se-reune-com-presidente-paquistanes\/#breadcrumb"},"inLanguage":"pt-BR","potentialAction":[{"@type":"ReadAction","target":["https:\/\/diariodepe.com.br\/xinhua\/2025\/02\/07\/primeiro-ministro-chines-se-reune-com-presidente-paquistanes\/"]}]},{"@type":"ImageObject","inLanguage":"pt-BR","@id":"https:\/\/diariodepe.com.br\/xinhua\/2025\/02\/07\/primeiro-ministro-chines-se-reune-com-presidente-paquistanes\/#primaryimage","url":"https:\/\/diariodepe.com.br\/xinhua\/wp-content\/uploads\/sites\/3\/2025\/02\/5pyhoJ6Gz38SkvTS.jpeg","contentUrl":"https:\/\/diariodepe.com.br\/xinhua\/wp-content\/uploads\/sites\/3\/2025\/02\/5pyhoJ6Gz38SkvTS.jpeg","width":1022,"height":778},{"@type":"BreadcrumbList","@id":"https:\/\/diariodepe.com.br\/xinhua\/2025\/02\/07\/primeiro-ministro-chines-se-reune-com-presidente-paquistanes\/#breadcrumb","itemListElement":[{"@type":"ListItem","position":1,"name":"In\u00edcio","item":"https:\/\/diariodepe.com.br\/xinhua\/"},{"@type":"ListItem","position":2,"name":"Primeiro-ministro chin\u00eas se re\u00fane com presidente paquistan\u00eas"}]},{"@type":"WebSite","@id":"https:\/\/diariodepe.com.br\/xinhua\/#website","url":"https:\/\/diariodepe.com.br\/xinhua\/","name":"Xinhua - Diario de Pernambuco","description":"A maior ag\u00eancia de not\u00edcias da China e um dos principais canais para conhecer o pa\u00eds","publisher":{"@id":"https:\/\/diariodepe.com.br\/xinhua\/#organization"},"potentialAction":[{"@type":"SearchAction","target":{"@type":"EntryPoint","urlTemplate":"https:\/\/diariodepe.com.br\/xinhua\/?s={search_term_string}"},"query-input":{"@type":"PropertyValueSpecification","valueRequired":true,"valueName":"search_term_string"}}],"inLanguage":"pt-BR"},{"@type":"Organization","@id":"https:\/\/diariodepe.com.br\/xinhua\/#organization","name":"Xinhua - Diario de Pernambuco","url":"https:\/\/diariodepe.com.br\/xinhua\/","logo":{"@type":"ImageObject","inLanguage":"pt-BR","@id":"https:\/\/diariodepe.com.br\/xinhua\/#\/schema\/logo\/image\/","url":"https:\/\/diariodepe.com.br\/xinhua\/wp-content\/uploads\/sites\/3\/2020\/10\/cropped-logo-transparente-2.png","contentUrl":"https:\/\/diariodepe.com.br\/xinhua\/wp-content\/uploads\/sites\/3\/2020\/10\/cropped-logo-transparente-2.png","width":512,"height":164,"caption":"Xinhua - Diario de Pernambuco"},"image":{"@id":"https:\/\/diariodepe.com.br\/xinhua\/#\/schema\/logo\/image\/"}},{"@type":"Person","@id":"https:\/\/diariodepe.com.br\/xinhua\/#\/schema\/person\/0943d6fd02bdc7b49c8f495e8787a2cb","name":"Marcelo Oliveira de A. Maranhao","image":{"@type":"ImageObject","inLanguage":"pt-BR","@id":"https:\/\/secure.gravatar.com\/avatar\/f562caee940d39879c20e90eea3e4b21860c7d4c96684c23141c554824f0059c?s=96&d=mm&r=g","url":"https:\/\/secure.gravatar.com\/avatar\/f562caee940d39879c20e90eea3e4b21860c7d4c96684c23141c554824f0059c?s=96&d=mm&r=g","contentUrl":"https:\/\/secure.gravatar.com\/avatar\/f562caee940d39879c20e90eea3e4b21860c7d4c96684c23141c554824f0059c?s=96&d=mm&r=g","caption":"Marcelo Oliveira de A. Maranhao"},"url":"https:\/\/diariodepe.com.br\/xinhua\/author\/marcelo-maranhao\/"}]}},"cc_featured_image_caption":{"caption_text":"","source_text":"","source_url":""},"amp_enabled":true,"_links":{"self":[{"href":"https:\/\/diariodepe.com.br\/xinhua\/wp-json\/wp\/v2\/posts\/25431","targetHints":{"allow":["GET"]}}],"collection":[{"href":"https:\/\/diariodepe.com.br\/xinhua\/wp-json\/wp\/v2\/posts"}],"about":[{"href":"https:\/\/diariodepe.com.br\/xinhua\/wp-json\/wp\/v2\/types\/post"}],"author":[{"embeddable":true,"href":"https:\/\/diariodepe.com.br\/xinhua\/wp-json\/wp\/v2\/users\/3"}],"replies":[{"embeddable":true,"href":"https:\/\/diariodepe.com.br\/xinhua\/wp-json\/wp\/v2\/comments?post=25431"}],"version-history":[{"count":1,"href":"https:\/\/diariodepe.com.br\/xinhua\/wp-json\/wp\/v2\/posts\/25431\/revisions"}],"predecessor-version":[{"id":25433,"href":"https:\/\/diariodepe.com.br\/xinhua\/wp-json\/wp\/v2\/posts\/25431\/revisions\/25433"}],"wp:featuredmedia":[{"embeddable":true,"href":"https:\/\/diariodepe.com.br\/xinhua\/wp-json\/wp\/v2\/media\/25432"}],"wp:attachment":[{"href":"https:\/\/diariodepe.com.br\/xinhua\/wp-json\/wp\/v2\/media?parent=25431"}],"wp:term":[{"taxonomy":"category","embeddable":true,"href":"https:\/\/diariodepe.com.br\/xinhua\/wp-json\/wp\/v2\/categories?post=25431"},{"taxonomy":"post_tag","embeddable":true,"href":"https:\/\/diariodepe.com.br\/xinhua\/wp-json\/wp\/v2\/tags?post=25431"}],"curies":[{"name":"wp","href":"https:\/\/api.w.org\/{rel}","templated":true}]}}