{"id":25399,"date":"2025-02-06T12:12:00","date_gmt":"2025-02-06T15:12:00","guid":{"rendered":"https:\/\/www.diariodepe.com.br\/xinhua\/?p=25399"},"modified":"2025-02-06T09:22:04","modified_gmt":"2025-02-06T12:22:04","slug":"principal-legislador-da-china-conversa-com-presidente-da-assembleia-nacional-da-republica-da-coreia","status":"publish","type":"post","link":"https:\/\/diariodepe.com.br\/xinhua\/2025\/02\/06\/principal-legislador-da-china-conversa-com-presidente-da-assembleia-nacional-da-republica-da-coreia\/","title":{"rendered":"Principal legislador da China conversa com presidente da Assembleia Nacional da Rep\u00fablica da Coreia"},"content":{"rendered":"\n<p>Beijing &#8211; O principal legislador da China, Zhao Leji, conversou com Woo Won-shik, presidente da Assembleia Nacional da Rep\u00fablica da Coreia, em Beijing, na quarta-feira.<\/p>\n\n\n\n<p>Zhao, presidente do Comit\u00ea Permanente da Assembleia Popular Nacional (APN), disse que a China e a Rep\u00fablica da Coreia s\u00e3o pr\u00f3ximas em termos de geografia e cultura e desfrutam de condi\u00e7\u00f5es convenientes para interc\u00e2mbios e coopera\u00e7\u00e3o em v\u00e1rios campos.<\/p>\n\n\n\n<p>Desde o estabelecimento de la\u00e7os diplom\u00e1ticos, as rela\u00e7\u00f5es entre a China e a Rep\u00fablica da Coreia se desenvolveram rapidamente e alcan\u00e7aram resultados frut\u00edferos, o que trouxe benef\u00edcios para ambos os lados e para seus povos, al\u00e9m de promover a estabilidade e o desenvolvimento regional, disse ele.<\/p>\n\n\n\n<p>A China est\u00e1 disposta a trabalhar com a Rep\u00fablica da Coreia para fortalecer os interc\u00e2mbios de alto n\u00edvel e a comunica\u00e7\u00e3o estrat\u00e9gica, fazer bom uso dos mecanismos de di\u00e1logo e comunica\u00e7\u00e3o entre o governo e os partidos pol\u00edticos dos dois pa\u00edses e aumentar a compreens\u00e3o e a confian\u00e7a m\u00fatuas, acrescentou Zhao.<\/p>\n\n\n\n<p>&#8220;Aproveitando o 10\u00ba anivers\u00e1rio da entrada em vigor de seu Acordo de Livre Com\u00e9rcio (ALC) como uma oportunidade, os dois pa\u00edses acelerar\u00e3o a segunda fase das negocia\u00e7\u00f5es sobre o ALC e se esfor\u00e7ar\u00e3o para chegar a um acordo em uma data pr\u00f3xima&#8221;, disse Zhao.<\/p>\n\n\n\n<p>Zhao observou que os \u00f3rg\u00e3os legislativos da China e da Rep\u00fablica da Coreia t\u00eam mantido estreitos interc\u00e2mbios e coopera\u00e7\u00e3o h\u00e1 muito tempo, desempenhando um papel importante na promo\u00e7\u00e3o do desenvolvimento das rela\u00e7\u00f5es bilaterais.<\/p>\n\n\n\n<p>Ele disse que a APN da China est\u00e1 disposto a trabalhar com a Assembleia Nacional da Rep\u00fablica da Coreia para manter a tradi\u00e7\u00e3o de amizade e fazer bom uso dos mecanismos regulares de interc\u00e2mbio e de outras plataformas para aprimorar a comunica\u00e7\u00e3o e os interc\u00e2mbios entre \u00f3rg\u00e3os legislativos de alto n\u00edvel, comit\u00eas especiais, grupos de amizade, deputados da APN e parlamentares, de modo a criar uma pol\u00edtica s\u00f3lida e um ambiente jur\u00eddico para a coopera\u00e7\u00e3o bilateral em v\u00e1rios campos.<\/p>\n\n\n\n<p>&#8220;Incentivaremos mais jovens a participarem de interc\u00e2mbios bilaterais e fortaleceremos a amizade entre a China e a Coreia de gera\u00e7\u00e3o em gera\u00e7\u00e3o&#8221;, acrescentou Zhao.<\/p>\n\n\n\n<p>Woo Won-shik disse que, desde o estabelecimento de la\u00e7os diplom\u00e1ticos, os dois pa\u00edses obtiveram not\u00e1veis realiza\u00e7\u00f5es de coopera\u00e7\u00e3o nos campos pol\u00edtico, econ\u00f4mico, cultural entre outros. A Rep\u00fablica da Coreia e a China sediar\u00e3o a Reuni\u00e3o de L\u00edderes Econ\u00f4micos da APEC neste e no pr\u00f3ximo ano, respectivamente. Ele expressou a esperan\u00e7a de que os dois lados se apoiem mutuamente e aprofundem ainda mais a coopera\u00e7\u00e3o bilateral.<\/p>\n\n\n\n<p>Aderindo ao princ\u00edpio de uma s\u00f3 China, a Rep\u00fablica da Coreia espera expandir a coopera\u00e7\u00e3o bilateral em \u00e1reas como economia e com\u00e9rcio, investimento empresarial, biomedicina e intelig\u00eancia artificial, manter a estabilidade das cadeias industriais e de suprimentos, expandir os interc\u00e2mbios culturais e aumentar continuamente os sentimentos de amizade entre os dois povos, acrescentou Woo Won-shik.<\/p>\n\n\n\n<figure class=\"wp-block-image\"><img decoding=\"async\" src=\"https:\/\/portuguese.news.cn\/20250206\/b418514f48934a92b4ebd340083918fb\/tLdOj4D2p4iUvKL1.jpeg\" alt=\"\"\/><\/figure>\n\n\n\n<p>(Xinhua\/Liu Weibing)<\/p>\n","protected":false},"excerpt":{"rendered":"<p>Beijing &#8211; O principal legislador da China, Zhao Leji, conversou com Woo Won-shik, presidente da Assembleia Nacional da Rep\u00fablica da Coreia, em Beijing, na quarta-feira. Zhao, presidente do Comit\u00ea Permanente da Assembleia Popular Nacional (APN), disse que a China e&#8230;<\/p>\n","protected":false},"author":3,"featured_media":25400,"comment_status":"open","ping_status":"open","sticky":false,"template":"","format":"standard","meta":{"footnotes":""},"categories":[4],"tags":[],"class_list":["post-25399","post","type-post","status-publish","format-standard","has-post-thumbnail","hentry","category-internacional"],"yoast_head":"<!-- This site is optimized with the Yoast SEO plugin v27.4 - https:\/\/yoast.com\/product\/yoast-seo-wordpress\/ -->\n<title>Principal legislador da China conversa com presidente da Assembleia Nacional da Rep\u00fablica da Coreia - Xinhua - Diario de Pernambuco<\/title>\n<meta name=\"robots\" content=\"index, follow, max-snippet:-1, max-image-preview:large, max-video-preview:-1\" \/>\n<link rel=\"canonical\" href=\"https:\/\/diariodepe.com.br\/xinhua\/2025\/02\/06\/principal-legislador-da-china-conversa-com-presidente-da-assembleia-nacional-da-republica-da-coreia\/\" \/>\n<meta property=\"og:locale\" content=\"pt_BR\" \/>\n<meta property=\"og:type\" content=\"article\" \/>\n<meta property=\"og:title\" content=\"Principal legislador da China conversa com presidente da Assembleia Nacional da Rep\u00fablica da Coreia - Xinhua - Diario de Pernambuco\" \/>\n<meta property=\"og:description\" content=\"Beijing &#8211; O principal legislador da China, Zhao Leji, conversou com Woo Won-shik, presidente da Assembleia Nacional da Rep\u00fablica da Coreia, em Beijing, na quarta-feira. Zhao, presidente do Comit\u00ea Permanente da Assembleia Popular Nacional (APN), disse que a China e...\" \/>\n<meta property=\"og:url\" content=\"https:\/\/diariodepe.com.br\/xinhua\/2025\/02\/06\/principal-legislador-da-china-conversa-com-presidente-da-assembleia-nacional-da-republica-da-coreia\/\" \/>\n<meta property=\"og:site_name\" content=\"Xinhua - Diario de Pernambuco\" \/>\n<meta property=\"article:published_time\" content=\"2025-02-06T15:12:00+00:00\" \/>\n<meta property=\"og:image\" content=\"https:\/\/diariodepe.com.br\/xinhua\/wp-content\/uploads\/sites\/3\/2025\/02\/HX4MRrYr3sCq7IiJ.jpeg\" \/>\n\t<meta property=\"og:image:width\" content=\"1011\" \/>\n\t<meta property=\"og:image:height\" content=\"900\" \/>\n\t<meta property=\"og:image:type\" content=\"image\/jpeg\" \/>\n<meta name=\"author\" content=\"Marcelo Oliveira de A. Maranhao\" \/>\n<meta name=\"twitter:card\" content=\"summary_large_image\" \/>\n<meta name=\"twitter:label1\" content=\"Escrito por\" \/>\n\t<meta name=\"twitter:data1\" content=\"Marcelo Oliveira de A. Maranhao\" \/>\n\t<meta name=\"twitter:label2\" content=\"Est. tempo de leitura\" \/>\n\t<meta name=\"twitter:data2\" content=\"3 minutos\" \/>\n<script type=\"application\/ld+json\" class=\"yoast-schema-graph\">{\"@context\":\"https:\\\/\\\/schema.org\",\"@graph\":[{\"@type\":\"Article\",\"@id\":\"https:\\\/\\\/diariodepe.com.br\\\/xinhua\\\/2025\\\/02\\\/06\\\/principal-legislador-da-china-conversa-com-presidente-da-assembleia-nacional-da-republica-da-coreia\\\/#article\",\"isPartOf\":{\"@id\":\"https:\\\/\\\/diariodepe.com.br\\\/xinhua\\\/2025\\\/02\\\/06\\\/principal-legislador-da-china-conversa-com-presidente-da-assembleia-nacional-da-republica-da-coreia\\\/\"},\"author\":{\"name\":\"Marcelo Oliveira de A. Maranhao\",\"@id\":\"https:\\\/\\\/diariodepe.com.br\\\/xinhua\\\/#\\\/schema\\\/person\\\/0943d6fd02bdc7b49c8f495e8787a2cb\"},\"headline\":\"Principal legislador da China conversa com presidente da Assembleia Nacional da Rep\u00fablica da Coreia\",\"datePublished\":\"2025-02-06T15:12:00+00:00\",\"mainEntityOfPage\":{\"@id\":\"https:\\\/\\\/diariodepe.com.br\\\/xinhua\\\/2025\\\/02\\\/06\\\/principal-legislador-da-china-conversa-com-presidente-da-assembleia-nacional-da-republica-da-coreia\\\/\"},\"wordCount\":559,\"commentCount\":0,\"publisher\":{\"@id\":\"https:\\\/\\\/diariodepe.com.br\\\/xinhua\\\/#organization\"},\"image\":{\"@id\":\"https:\\\/\\\/diariodepe.com.br\\\/xinhua\\\/2025\\\/02\\\/06\\\/principal-legislador-da-china-conversa-com-presidente-da-assembleia-nacional-da-republica-da-coreia\\\/#primaryimage\"},\"thumbnailUrl\":\"https:\\\/\\\/diariodepe.com.br\\\/xinhua\\\/wp-content\\\/uploads\\\/sites\\\/3\\\/2025\\\/02\\\/HX4MRrYr3sCq7IiJ.jpeg\",\"articleSection\":[\"Internacional\"],\"inLanguage\":\"pt-BR\",\"potentialAction\":[{\"@type\":\"CommentAction\",\"name\":\"Comment\",\"target\":[\"https:\\\/\\\/diariodepe.com.br\\\/xinhua\\\/2025\\\/02\\\/06\\\/principal-legislador-da-china-conversa-com-presidente-da-assembleia-nacional-da-republica-da-coreia\\\/#respond\"]}]},{\"@type\":\"WebPage\",\"@id\":\"https:\\\/\\\/diariodepe.com.br\\\/xinhua\\\/2025\\\/02\\\/06\\\/principal-legislador-da-china-conversa-com-presidente-da-assembleia-nacional-da-republica-da-coreia\\\/\",\"url\":\"https:\\\/\\\/diariodepe.com.br\\\/xinhua\\\/2025\\\/02\\\/06\\\/principal-legislador-da-china-conversa-com-presidente-da-assembleia-nacional-da-republica-da-coreia\\\/\",\"name\":\"Principal legislador da China conversa com presidente da Assembleia Nacional da Rep\u00fablica da Coreia - Xinhua - Diario de Pernambuco\",\"isPartOf\":{\"@id\":\"https:\\\/\\\/diariodepe.com.br\\\/xinhua\\\/#website\"},\"primaryImageOfPage\":{\"@id\":\"https:\\\/\\\/diariodepe.com.br\\\/xinhua\\\/2025\\\/02\\\/06\\\/principal-legislador-da-china-conversa-com-presidente-da-assembleia-nacional-da-republica-da-coreia\\\/#primaryimage\"},\"image\":{\"@id\":\"https:\\\/\\\/diariodepe.com.br\\\/xinhua\\\/2025\\\/02\\\/06\\\/principal-legislador-da-china-conversa-com-presidente-da-assembleia-nacional-da-republica-da-coreia\\\/#primaryimage\"},\"thumbnailUrl\":\"https:\\\/\\\/diariodepe.com.br\\\/xinhua\\\/wp-content\\\/uploads\\\/sites\\\/3\\\/2025\\\/02\\\/HX4MRrYr3sCq7IiJ.jpeg\",\"datePublished\":\"2025-02-06T15:12:00+00:00\",\"breadcrumb\":{\"@id\":\"https:\\\/\\\/diariodepe.com.br\\\/xinhua\\\/2025\\\/02\\\/06\\\/principal-legislador-da-china-conversa-com-presidente-da-assembleia-nacional-da-republica-da-coreia\\\/#breadcrumb\"},\"inLanguage\":\"pt-BR\",\"potentialAction\":[{\"@type\":\"ReadAction\",\"target\":[\"https:\\\/\\\/diariodepe.com.br\\\/xinhua\\\/2025\\\/02\\\/06\\\/principal-legislador-da-china-conversa-com-presidente-da-assembleia-nacional-da-republica-da-coreia\\\/\"]}]},{\"@type\":\"ImageObject\",\"inLanguage\":\"pt-BR\",\"@id\":\"https:\\\/\\\/diariodepe.com.br\\\/xinhua\\\/2025\\\/02\\\/06\\\/principal-legislador-da-china-conversa-com-presidente-da-assembleia-nacional-da-republica-da-coreia\\\/#primaryimage\",\"url\":\"https:\\\/\\\/diariodepe.com.br\\\/xinhua\\\/wp-content\\\/uploads\\\/sites\\\/3\\\/2025\\\/02\\\/HX4MRrYr3sCq7IiJ.jpeg\",\"contentUrl\":\"https:\\\/\\\/diariodepe.com.br\\\/xinhua\\\/wp-content\\\/uploads\\\/sites\\\/3\\\/2025\\\/02\\\/HX4MRrYr3sCq7IiJ.jpeg\",\"width\":1011,\"height\":900},{\"@type\":\"BreadcrumbList\",\"@id\":\"https:\\\/\\\/diariodepe.com.br\\\/xinhua\\\/2025\\\/02\\\/06\\\/principal-legislador-da-china-conversa-com-presidente-da-assembleia-nacional-da-republica-da-coreia\\\/#breadcrumb\",\"itemListElement\":[{\"@type\":\"ListItem\",\"position\":1,\"name\":\"In\u00edcio\",\"item\":\"https:\\\/\\\/diariodepe.com.br\\\/xinhua\\\/\"},{\"@type\":\"ListItem\",\"position\":2,\"name\":\"Principal legislador da China conversa com presidente da Assembleia Nacional da Rep\u00fablica da Coreia\"}]},{\"@type\":\"WebSite\",\"@id\":\"https:\\\/\\\/diariodepe.com.br\\\/xinhua\\\/#website\",\"url\":\"https:\\\/\\\/diariodepe.com.br\\\/xinhua\\\/\",\"name\":\"Xinhua - Diario de Pernambuco\",\"description\":\"A maior ag\u00eancia de not\u00edcias da China e um dos principais canais para conhecer o pa\u00eds\",\"publisher\":{\"@id\":\"https:\\\/\\\/diariodepe.com.br\\\/xinhua\\\/#organization\"},\"potentialAction\":[{\"@type\":\"SearchAction\",\"target\":{\"@type\":\"EntryPoint\",\"urlTemplate\":\"https:\\\/\\\/diariodepe.com.br\\\/xinhua\\\/?s={search_term_string}\"},\"query-input\":{\"@type\":\"PropertyValueSpecification\",\"valueRequired\":true,\"valueName\":\"search_term_string\"}}],\"inLanguage\":\"pt-BR\"},{\"@type\":\"Organization\",\"@id\":\"https:\\\/\\\/diariodepe.com.br\\\/xinhua\\\/#organization\",\"name\":\"Xinhua - Diario de Pernambuco\",\"url\":\"https:\\\/\\\/diariodepe.com.br\\\/xinhua\\\/\",\"logo\":{\"@type\":\"ImageObject\",\"inLanguage\":\"pt-BR\",\"@id\":\"https:\\\/\\\/diariodepe.com.br\\\/xinhua\\\/#\\\/schema\\\/logo\\\/image\\\/\",\"url\":\"https:\\\/\\\/diariodepe.com.br\\\/xinhua\\\/wp-content\\\/uploads\\\/sites\\\/3\\\/2020\\\/10\\\/cropped-logo-transparente-2.png\",\"contentUrl\":\"https:\\\/\\\/diariodepe.com.br\\\/xinhua\\\/wp-content\\\/uploads\\\/sites\\\/3\\\/2020\\\/10\\\/cropped-logo-transparente-2.png\",\"width\":512,\"height\":164,\"caption\":\"Xinhua - Diario de Pernambuco\"},\"image\":{\"@id\":\"https:\\\/\\\/diariodepe.com.br\\\/xinhua\\\/#\\\/schema\\\/logo\\\/image\\\/\"}},{\"@type\":\"Person\",\"@id\":\"https:\\\/\\\/diariodepe.com.br\\\/xinhua\\\/#\\\/schema\\\/person\\\/0943d6fd02bdc7b49c8f495e8787a2cb\",\"name\":\"Marcelo Oliveira de A. Maranhao\",\"image\":{\"@type\":\"ImageObject\",\"inLanguage\":\"pt-BR\",\"@id\":\"https:\\\/\\\/secure.gravatar.com\\\/avatar\\\/f562caee940d39879c20e90eea3e4b21860c7d4c96684c23141c554824f0059c?s=96&d=mm&r=g\",\"url\":\"https:\\\/\\\/secure.gravatar.com\\\/avatar\\\/f562caee940d39879c20e90eea3e4b21860c7d4c96684c23141c554824f0059c?s=96&d=mm&r=g\",\"contentUrl\":\"https:\\\/\\\/secure.gravatar.com\\\/avatar\\\/f562caee940d39879c20e90eea3e4b21860c7d4c96684c23141c554824f0059c?s=96&d=mm&r=g\",\"caption\":\"Marcelo Oliveira de A. Maranhao\"},\"url\":\"https:\\\/\\\/diariodepe.com.br\\\/xinhua\\\/author\\\/marcelo-maranhao\\\/\"}]}<\/script>\n<!-- \/ Yoast SEO plugin. -->","yoast_head_json":{"title":"Principal legislador da China conversa com presidente da Assembleia Nacional da Rep\u00fablica da Coreia - Xinhua - Diario de Pernambuco","robots":{"index":"index","follow":"follow","max-snippet":"max-snippet:-1","max-image-preview":"max-image-preview:large","max-video-preview":"max-video-preview:-1"},"canonical":"https:\/\/diariodepe.com.br\/xinhua\/2025\/02\/06\/principal-legislador-da-china-conversa-com-presidente-da-assembleia-nacional-da-republica-da-coreia\/","og_locale":"pt_BR","og_type":"article","og_title":"Principal legislador da China conversa com presidente da Assembleia Nacional da Rep\u00fablica da Coreia - Xinhua - Diario de Pernambuco","og_description":"Beijing &#8211; O principal legislador da China, Zhao Leji, conversou com Woo Won-shik, presidente da Assembleia Nacional da Rep\u00fablica da Coreia, em Beijing, na quarta-feira. Zhao, presidente do Comit\u00ea Permanente da Assembleia Popular Nacional (APN), disse que a China e...","og_url":"https:\/\/diariodepe.com.br\/xinhua\/2025\/02\/06\/principal-legislador-da-china-conversa-com-presidente-da-assembleia-nacional-da-republica-da-coreia\/","og_site_name":"Xinhua - Diario de Pernambuco","article_published_time":"2025-02-06T15:12:00+00:00","og_image":[{"width":1011,"height":900,"url":"https:\/\/diariodepe.com.br\/xinhua\/wp-content\/uploads\/sites\/3\/2025\/02\/HX4MRrYr3sCq7IiJ.jpeg","type":"image\/jpeg"}],"author":"Marcelo Oliveira de A. Maranhao","twitter_card":"summary_large_image","twitter_misc":{"Escrito por":"Marcelo Oliveira de A. Maranhao","Est. tempo de leitura":"3 minutos"},"schema":{"@context":"https:\/\/schema.org","@graph":[{"@type":"Article","@id":"https:\/\/diariodepe.com.br\/xinhua\/2025\/02\/06\/principal-legislador-da-china-conversa-com-presidente-da-assembleia-nacional-da-republica-da-coreia\/#article","isPartOf":{"@id":"https:\/\/diariodepe.com.br\/xinhua\/2025\/02\/06\/principal-legislador-da-china-conversa-com-presidente-da-assembleia-nacional-da-republica-da-coreia\/"},"author":{"name":"Marcelo Oliveira de A. Maranhao","@id":"https:\/\/diariodepe.com.br\/xinhua\/#\/schema\/person\/0943d6fd02bdc7b49c8f495e8787a2cb"},"headline":"Principal legislador da China conversa com presidente da Assembleia Nacional da Rep\u00fablica da Coreia","datePublished":"2025-02-06T15:12:00+00:00","mainEntityOfPage":{"@id":"https:\/\/diariodepe.com.br\/xinhua\/2025\/02\/06\/principal-legislador-da-china-conversa-com-presidente-da-assembleia-nacional-da-republica-da-coreia\/"},"wordCount":559,"commentCount":0,"publisher":{"@id":"https:\/\/diariodepe.com.br\/xinhua\/#organization"},"image":{"@id":"https:\/\/diariodepe.com.br\/xinhua\/2025\/02\/06\/principal-legislador-da-china-conversa-com-presidente-da-assembleia-nacional-da-republica-da-coreia\/#primaryimage"},"thumbnailUrl":"https:\/\/diariodepe.com.br\/xinhua\/wp-content\/uploads\/sites\/3\/2025\/02\/HX4MRrYr3sCq7IiJ.jpeg","articleSection":["Internacional"],"inLanguage":"pt-BR","potentialAction":[{"@type":"CommentAction","name":"Comment","target":["https:\/\/diariodepe.com.br\/xinhua\/2025\/02\/06\/principal-legislador-da-china-conversa-com-presidente-da-assembleia-nacional-da-republica-da-coreia\/#respond"]}]},{"@type":"WebPage","@id":"https:\/\/diariodepe.com.br\/xinhua\/2025\/02\/06\/principal-legislador-da-china-conversa-com-presidente-da-assembleia-nacional-da-republica-da-coreia\/","url":"https:\/\/diariodepe.com.br\/xinhua\/2025\/02\/06\/principal-legislador-da-china-conversa-com-presidente-da-assembleia-nacional-da-republica-da-coreia\/","name":"Principal legislador da China conversa com presidente da Assembleia Nacional da Rep\u00fablica da Coreia - Xinhua - Diario de Pernambuco","isPartOf":{"@id":"https:\/\/diariodepe.com.br\/xinhua\/#website"},"primaryImageOfPage":{"@id":"https:\/\/diariodepe.com.br\/xinhua\/2025\/02\/06\/principal-legislador-da-china-conversa-com-presidente-da-assembleia-nacional-da-republica-da-coreia\/#primaryimage"},"image":{"@id":"https:\/\/diariodepe.com.br\/xinhua\/2025\/02\/06\/principal-legislador-da-china-conversa-com-presidente-da-assembleia-nacional-da-republica-da-coreia\/#primaryimage"},"thumbnailUrl":"https:\/\/diariodepe.com.br\/xinhua\/wp-content\/uploads\/sites\/3\/2025\/02\/HX4MRrYr3sCq7IiJ.jpeg","datePublished":"2025-02-06T15:12:00+00:00","breadcrumb":{"@id":"https:\/\/diariodepe.com.br\/xinhua\/2025\/02\/06\/principal-legislador-da-china-conversa-com-presidente-da-assembleia-nacional-da-republica-da-coreia\/#breadcrumb"},"inLanguage":"pt-BR","potentialAction":[{"@type":"ReadAction","target":["https:\/\/diariodepe.com.br\/xinhua\/2025\/02\/06\/principal-legislador-da-china-conversa-com-presidente-da-assembleia-nacional-da-republica-da-coreia\/"]}]},{"@type":"ImageObject","inLanguage":"pt-BR","@id":"https:\/\/diariodepe.com.br\/xinhua\/2025\/02\/06\/principal-legislador-da-china-conversa-com-presidente-da-assembleia-nacional-da-republica-da-coreia\/#primaryimage","url":"https:\/\/diariodepe.com.br\/xinhua\/wp-content\/uploads\/sites\/3\/2025\/02\/HX4MRrYr3sCq7IiJ.jpeg","contentUrl":"https:\/\/diariodepe.com.br\/xinhua\/wp-content\/uploads\/sites\/3\/2025\/02\/HX4MRrYr3sCq7IiJ.jpeg","width":1011,"height":900},{"@type":"BreadcrumbList","@id":"https:\/\/diariodepe.com.br\/xinhua\/2025\/02\/06\/principal-legislador-da-china-conversa-com-presidente-da-assembleia-nacional-da-republica-da-coreia\/#breadcrumb","itemListElement":[{"@type":"ListItem","position":1,"name":"In\u00edcio","item":"https:\/\/diariodepe.com.br\/xinhua\/"},{"@type":"ListItem","position":2,"name":"Principal legislador da China conversa com presidente da Assembleia Nacional da Rep\u00fablica da Coreia"}]},{"@type":"WebSite","@id":"https:\/\/diariodepe.com.br\/xinhua\/#website","url":"https:\/\/diariodepe.com.br\/xinhua\/","name":"Xinhua - Diario de Pernambuco","description":"A maior ag\u00eancia de not\u00edcias da China e um dos principais canais para conhecer o pa\u00eds","publisher":{"@id":"https:\/\/diariodepe.com.br\/xinhua\/#organization"},"potentialAction":[{"@type":"SearchAction","target":{"@type":"EntryPoint","urlTemplate":"https:\/\/diariodepe.com.br\/xinhua\/?s={search_term_string}"},"query-input":{"@type":"PropertyValueSpecification","valueRequired":true,"valueName":"search_term_string"}}],"inLanguage":"pt-BR"},{"@type":"Organization","@id":"https:\/\/diariodepe.com.br\/xinhua\/#organization","name":"Xinhua - Diario de Pernambuco","url":"https:\/\/diariodepe.com.br\/xinhua\/","logo":{"@type":"ImageObject","inLanguage":"pt-BR","@id":"https:\/\/diariodepe.com.br\/xinhua\/#\/schema\/logo\/image\/","url":"https:\/\/diariodepe.com.br\/xinhua\/wp-content\/uploads\/sites\/3\/2020\/10\/cropped-logo-transparente-2.png","contentUrl":"https:\/\/diariodepe.com.br\/xinhua\/wp-content\/uploads\/sites\/3\/2020\/10\/cropped-logo-transparente-2.png","width":512,"height":164,"caption":"Xinhua - Diario de Pernambuco"},"image":{"@id":"https:\/\/diariodepe.com.br\/xinhua\/#\/schema\/logo\/image\/"}},{"@type":"Person","@id":"https:\/\/diariodepe.com.br\/xinhua\/#\/schema\/person\/0943d6fd02bdc7b49c8f495e8787a2cb","name":"Marcelo Oliveira de A. Maranhao","image":{"@type":"ImageObject","inLanguage":"pt-BR","@id":"https:\/\/secure.gravatar.com\/avatar\/f562caee940d39879c20e90eea3e4b21860c7d4c96684c23141c554824f0059c?s=96&d=mm&r=g","url":"https:\/\/secure.gravatar.com\/avatar\/f562caee940d39879c20e90eea3e4b21860c7d4c96684c23141c554824f0059c?s=96&d=mm&r=g","contentUrl":"https:\/\/secure.gravatar.com\/avatar\/f562caee940d39879c20e90eea3e4b21860c7d4c96684c23141c554824f0059c?s=96&d=mm&r=g","caption":"Marcelo Oliveira de A. Maranhao"},"url":"https:\/\/diariodepe.com.br\/xinhua\/author\/marcelo-maranhao\/"}]}},"cc_featured_image_caption":{"caption_text":"","source_text":"","source_url":""},"amp_enabled":true,"_links":{"self":[{"href":"https:\/\/diariodepe.com.br\/xinhua\/wp-json\/wp\/v2\/posts\/25399","targetHints":{"allow":["GET"]}}],"collection":[{"href":"https:\/\/diariodepe.com.br\/xinhua\/wp-json\/wp\/v2\/posts"}],"about":[{"href":"https:\/\/diariodepe.com.br\/xinhua\/wp-json\/wp\/v2\/types\/post"}],"author":[{"embeddable":true,"href":"https:\/\/diariodepe.com.br\/xinhua\/wp-json\/wp\/v2\/users\/3"}],"replies":[{"embeddable":true,"href":"https:\/\/diariodepe.com.br\/xinhua\/wp-json\/wp\/v2\/comments?post=25399"}],"version-history":[{"count":1,"href":"https:\/\/diariodepe.com.br\/xinhua\/wp-json\/wp\/v2\/posts\/25399\/revisions"}],"predecessor-version":[{"id":25401,"href":"https:\/\/diariodepe.com.br\/xinhua\/wp-json\/wp\/v2\/posts\/25399\/revisions\/25401"}],"wp:featuredmedia":[{"embeddable":true,"href":"https:\/\/diariodepe.com.br\/xinhua\/wp-json\/wp\/v2\/media\/25400"}],"wp:attachment":[{"href":"https:\/\/diariodepe.com.br\/xinhua\/wp-json\/wp\/v2\/media?parent=25399"}],"wp:term":[{"taxonomy":"category","embeddable":true,"href":"https:\/\/diariodepe.com.br\/xinhua\/wp-json\/wp\/v2\/categories?post=25399"},{"taxonomy":"post_tag","embeddable":true,"href":"https:\/\/diariodepe.com.br\/xinhua\/wp-json\/wp\/v2\/tags?post=25399"}],"curies":[{"name":"wp","href":"https:\/\/api.w.org\/{rel}","templated":true}]}}