{"id":24945,"date":"2025-01-14T12:09:34","date_gmt":"2025-01-14T15:09:34","guid":{"rendered":"https:\/\/www.diariodepe.com.br\/xinhua\/?p=24945"},"modified":"2025-01-14T12:09:35","modified_gmt":"2025-01-14T15:09:35","slug":"comunidade-chinesa-no-zimbabue-comemora-o-proximo-ano-da-cobra","status":"publish","type":"post","link":"https:\/\/diariodepe.com.br\/xinhua\/2025\/01\/14\/comunidade-chinesa-no-zimbabue-comemora-o-proximo-ano-da-cobra\/","title":{"rendered":"Comunidade Chinesa no Zimb\u00e1bue comemora o pr\u00f3ximo Ano da Cobra"},"content":{"rendered":"\n<p>Harare &#8211; A comunidade chinesa no Zimb\u00e1bue comemorou o pr\u00f3ximo Ano da Cobra no s\u00e1bado com um evento cultural na Universidade do Zimb\u00e1bue em Harare, capital do pa\u00eds africano.<\/p>\n\n\n\n<p>Os convidados desfrutaram de uma variedade de apresenta\u00e7\u00f5es, incluindo m\u00fasica, dan\u00e7a, artes marciais chinesas e acrobacias, apresenta\u00e7\u00f5es de artistas chineses e zimbabuanos, destacando os ricos la\u00e7os culturais entre as duas na\u00e7\u00f5es.<\/p>\n\n\n\n<p>Falando no evento, que atrai um grande n\u00famero de expatriados chineses que vivem no Zimb\u00e1bue, o embaixador da China no Zimb\u00e1bue, Zhou Ding, disse que o Ano Novo Chin\u00eas, tamb\u00e9m conhecido como Festa da Primavera, \u00e9 um momento para reuni\u00f5es familiares e para compartilhar amor e vit\u00f3rias.<\/p>\n\n\n\n<p>&#8220;Tanto a China quanto o Zimb\u00e1bue d\u00e3o grande import\u00e2ncia \u00e0 preserva\u00e7\u00e3o das tradi\u00e7\u00f5es e do patrim\u00f4nio cultural, que acreditamos serem cruciais em nossa busca pelas florestas. Diante dos enormes desafios que o mundo enfrenta hoje, podemos e devemos nos inspirar, ter sabedoria e for\u00e7a em nossas culturas, tradi\u00e7\u00f5es e filosofias antigas&#8221;, disse Zhou.<\/p>\n\n\n\n<p>Refletindo sobre o progresso das rela\u00e7\u00f5es bilaterais entre a China e o Zimb\u00e1bue, Zhou disse que 2024 \u00e9 um &#8220;ano de colheita abundante&#8221; para a parceria, destacando a conclus\u00e3o e o comissionamento de v\u00e1rios projetos monumentais, que s\u00e3o poss\u00edveis gra\u00e7as ao apoio financeiro do governo e aos investimentos do setor privado.<\/p>\n\n\n\n<p>\u201cAo celebrarmos o Ano Novo Chin\u00eas, tamb\u00e9m celebramos a forte parceria e a solidariedade inabal\u00e1vel entre a China e o Zimb\u00e1bue\u201d, acrescentou Zhou.<\/p>\n\n\n\n<p>O evento tamb\u00e9m ofereceu um banquete cultural para o p\u00fablico local, que foi cativado pelas tradi\u00e7\u00f5es da Festa da Primavera exibidas por meio de apresenta\u00e7\u00f5es e da culin\u00e1ria aut\u00eantica chinesa. Muitos participantes expressaram sua admira\u00e7\u00e3o pela riqueza e vibra\u00e7\u00e3o da cultura da Festa da Primavera.<\/p>\n\n\n\n<p>A Organiza\u00e7\u00e3o das Na\u00e7\u00f5es Unidas para a Educa\u00e7\u00e3o, a Ci\u00eancia e a Cultura inscreveu &#8220;Festa da Primavera, pr\u00e1ticas sociais do povo chin\u00eas em comemora\u00e7\u00e3o ao ano novo tradicional&#8221; na Lista Representativa do Patrim\u00f4nio Cultural Imaterial da Humanidade.<\/p>\n\n\n\n<p>O Festival da Primavera cair\u00e1 em 29 de janeiro deste ano, come\u00e7ando no Ano da Cobra.&nbsp;<\/p>\n","protected":false},"excerpt":{"rendered":"<p>Harare &#8211; A comunidade chinesa no Zimb\u00e1bue comemorou o pr\u00f3ximo Ano da Cobra no s\u00e1bado com um evento cultural na Universidade do Zimb\u00e1bue em Harare, capital do pa\u00eds africano. Os convidados desfrutaram de uma variedade de apresenta\u00e7\u00f5es, incluindo m\u00fasica, dan\u00e7a,&#8230;<\/p>\n","protected":false},"author":3,"featured_media":24946,"comment_status":"open","ping_status":"open","sticky":false,"template":"","format":"standard","meta":{"footnotes":""},"categories":[4],"tags":[],"class_list":["post-24945","post","type-post","status-publish","format-standard","has-post-thumbnail","hentry","category-internacional"],"yoast_head":"<!-- This site is optimized with the Yoast SEO plugin v27.4 - https:\/\/yoast.com\/product\/yoast-seo-wordpress\/ -->\n<title>Comunidade Chinesa no Zimb\u00e1bue comemora o pr\u00f3ximo Ano da Cobra - Xinhua - Diario de Pernambuco<\/title>\n<meta name=\"robots\" content=\"index, follow, max-snippet:-1, max-image-preview:large, max-video-preview:-1\" \/>\n<link rel=\"canonical\" href=\"https:\/\/diariodepe.com.br\/xinhua\/2025\/01\/14\/comunidade-chinesa-no-zimbabue-comemora-o-proximo-ano-da-cobra\/\" \/>\n<meta property=\"og:locale\" content=\"pt_BR\" \/>\n<meta property=\"og:type\" content=\"article\" \/>\n<meta property=\"og:title\" content=\"Comunidade Chinesa no Zimb\u00e1bue comemora o pr\u00f3ximo Ano da Cobra - Xinhua - Diario de Pernambuco\" \/>\n<meta property=\"og:description\" content=\"Harare &#8211; A comunidade chinesa no Zimb\u00e1bue comemorou o pr\u00f3ximo Ano da Cobra no s\u00e1bado com um evento cultural na Universidade do Zimb\u00e1bue em Harare, capital do pa\u00eds africano. Os convidados desfrutaram de uma variedade de apresenta\u00e7\u00f5es, incluindo m\u00fasica, dan\u00e7a,...\" \/>\n<meta property=\"og:url\" content=\"https:\/\/diariodepe.com.br\/xinhua\/2025\/01\/14\/comunidade-chinesa-no-zimbabue-comemora-o-proximo-ano-da-cobra\/\" \/>\n<meta property=\"og:site_name\" content=\"Xinhua - Diario de Pernambuco\" \/>\n<meta property=\"article:published_time\" content=\"2025-01-14T15:09:34+00:00\" \/>\n<meta property=\"article:modified_time\" content=\"2025-01-14T15:09:35+00:00\" \/>\n<meta property=\"og:image\" content=\"https:\/\/diariodepe.com.br\/xinhua\/wp-content\/uploads\/sites\/3\/2025\/01\/202501146fb0b2d058554f729dcbf4f4301b81d5_202501148c597e58732043ae93d2f00ef8ce8f31.png\" \/>\n\t<meta property=\"og:image:width\" content=\"1024\" \/>\n\t<meta property=\"og:image:height\" content=\"683\" \/>\n\t<meta property=\"og:image:type\" content=\"image\/png\" \/>\n<meta name=\"author\" content=\"Marcelo Oliveira de A. Maranhao\" \/>\n<meta name=\"twitter:card\" content=\"summary_large_image\" \/>\n<meta name=\"twitter:label1\" content=\"Escrito por\" \/>\n\t<meta name=\"twitter:data1\" content=\"Marcelo Oliveira de A. Maranhao\" \/>\n\t<meta name=\"twitter:label2\" content=\"Est. tempo de leitura\" \/>\n\t<meta name=\"twitter:data2\" content=\"2 minutos\" \/>\n<script type=\"application\/ld+json\" class=\"yoast-schema-graph\">{\"@context\":\"https:\\\/\\\/schema.org\",\"@graph\":[{\"@type\":\"Article\",\"@id\":\"https:\\\/\\\/diariodepe.com.br\\\/xinhua\\\/2025\\\/01\\\/14\\\/comunidade-chinesa-no-zimbabue-comemora-o-proximo-ano-da-cobra\\\/#article\",\"isPartOf\":{\"@id\":\"https:\\\/\\\/diariodepe.com.br\\\/xinhua\\\/2025\\\/01\\\/14\\\/comunidade-chinesa-no-zimbabue-comemora-o-proximo-ano-da-cobra\\\/\"},\"author\":{\"name\":\"Marcelo Oliveira de A. Maranhao\",\"@id\":\"https:\\\/\\\/diariodepe.com.br\\\/xinhua\\\/#\\\/schema\\\/person\\\/0943d6fd02bdc7b49c8f495e8787a2cb\"},\"headline\":\"Comunidade Chinesa no Zimb\u00e1bue comemora o pr\u00f3ximo Ano da Cobra\",\"datePublished\":\"2025-01-14T15:09:34+00:00\",\"dateModified\":\"2025-01-14T15:09:35+00:00\",\"mainEntityOfPage\":{\"@id\":\"https:\\\/\\\/diariodepe.com.br\\\/xinhua\\\/2025\\\/01\\\/14\\\/comunidade-chinesa-no-zimbabue-comemora-o-proximo-ano-da-cobra\\\/\"},\"wordCount\":394,\"commentCount\":0,\"publisher\":{\"@id\":\"https:\\\/\\\/diariodepe.com.br\\\/xinhua\\\/#organization\"},\"image\":{\"@id\":\"https:\\\/\\\/diariodepe.com.br\\\/xinhua\\\/2025\\\/01\\\/14\\\/comunidade-chinesa-no-zimbabue-comemora-o-proximo-ano-da-cobra\\\/#primaryimage\"},\"thumbnailUrl\":\"https:\\\/\\\/diariodepe.com.br\\\/xinhua\\\/wp-content\\\/uploads\\\/sites\\\/3\\\/2025\\\/01\\\/202501146fb0b2d058554f729dcbf4f4301b81d5_202501148c597e58732043ae93d2f00ef8ce8f31.png\",\"articleSection\":[\"Internacional\"],\"inLanguage\":\"pt-BR\",\"potentialAction\":[{\"@type\":\"CommentAction\",\"name\":\"Comment\",\"target\":[\"https:\\\/\\\/diariodepe.com.br\\\/xinhua\\\/2025\\\/01\\\/14\\\/comunidade-chinesa-no-zimbabue-comemora-o-proximo-ano-da-cobra\\\/#respond\"]}]},{\"@type\":\"WebPage\",\"@id\":\"https:\\\/\\\/diariodepe.com.br\\\/xinhua\\\/2025\\\/01\\\/14\\\/comunidade-chinesa-no-zimbabue-comemora-o-proximo-ano-da-cobra\\\/\",\"url\":\"https:\\\/\\\/diariodepe.com.br\\\/xinhua\\\/2025\\\/01\\\/14\\\/comunidade-chinesa-no-zimbabue-comemora-o-proximo-ano-da-cobra\\\/\",\"name\":\"Comunidade Chinesa no Zimb\u00e1bue comemora o pr\u00f3ximo Ano da Cobra - Xinhua - Diario de Pernambuco\",\"isPartOf\":{\"@id\":\"https:\\\/\\\/diariodepe.com.br\\\/xinhua\\\/#website\"},\"primaryImageOfPage\":{\"@id\":\"https:\\\/\\\/diariodepe.com.br\\\/xinhua\\\/2025\\\/01\\\/14\\\/comunidade-chinesa-no-zimbabue-comemora-o-proximo-ano-da-cobra\\\/#primaryimage\"},\"image\":{\"@id\":\"https:\\\/\\\/diariodepe.com.br\\\/xinhua\\\/2025\\\/01\\\/14\\\/comunidade-chinesa-no-zimbabue-comemora-o-proximo-ano-da-cobra\\\/#primaryimage\"},\"thumbnailUrl\":\"https:\\\/\\\/diariodepe.com.br\\\/xinhua\\\/wp-content\\\/uploads\\\/sites\\\/3\\\/2025\\\/01\\\/202501146fb0b2d058554f729dcbf4f4301b81d5_202501148c597e58732043ae93d2f00ef8ce8f31.png\",\"datePublished\":\"2025-01-14T15:09:34+00:00\",\"dateModified\":\"2025-01-14T15:09:35+00:00\",\"breadcrumb\":{\"@id\":\"https:\\\/\\\/diariodepe.com.br\\\/xinhua\\\/2025\\\/01\\\/14\\\/comunidade-chinesa-no-zimbabue-comemora-o-proximo-ano-da-cobra\\\/#breadcrumb\"},\"inLanguage\":\"pt-BR\",\"potentialAction\":[{\"@type\":\"ReadAction\",\"target\":[\"https:\\\/\\\/diariodepe.com.br\\\/xinhua\\\/2025\\\/01\\\/14\\\/comunidade-chinesa-no-zimbabue-comemora-o-proximo-ano-da-cobra\\\/\"]}]},{\"@type\":\"ImageObject\",\"inLanguage\":\"pt-BR\",\"@id\":\"https:\\\/\\\/diariodepe.com.br\\\/xinhua\\\/2025\\\/01\\\/14\\\/comunidade-chinesa-no-zimbabue-comemora-o-proximo-ano-da-cobra\\\/#primaryimage\",\"url\":\"https:\\\/\\\/diariodepe.com.br\\\/xinhua\\\/wp-content\\\/uploads\\\/sites\\\/3\\\/2025\\\/01\\\/202501146fb0b2d058554f729dcbf4f4301b81d5_202501148c597e58732043ae93d2f00ef8ce8f31.png\",\"contentUrl\":\"https:\\\/\\\/diariodepe.com.br\\\/xinhua\\\/wp-content\\\/uploads\\\/sites\\\/3\\\/2025\\\/01\\\/202501146fb0b2d058554f729dcbf4f4301b81d5_202501148c597e58732043ae93d2f00ef8ce8f31.png\",\"width\":1024,\"height\":683},{\"@type\":\"BreadcrumbList\",\"@id\":\"https:\\\/\\\/diariodepe.com.br\\\/xinhua\\\/2025\\\/01\\\/14\\\/comunidade-chinesa-no-zimbabue-comemora-o-proximo-ano-da-cobra\\\/#breadcrumb\",\"itemListElement\":[{\"@type\":\"ListItem\",\"position\":1,\"name\":\"In\u00edcio\",\"item\":\"https:\\\/\\\/diariodepe.com.br\\\/xinhua\\\/\"},{\"@type\":\"ListItem\",\"position\":2,\"name\":\"Comunidade Chinesa no Zimb\u00e1bue comemora o pr\u00f3ximo Ano da Cobra\"}]},{\"@type\":\"WebSite\",\"@id\":\"https:\\\/\\\/diariodepe.com.br\\\/xinhua\\\/#website\",\"url\":\"https:\\\/\\\/diariodepe.com.br\\\/xinhua\\\/\",\"name\":\"Xinhua - Diario de Pernambuco\",\"description\":\"A maior ag\u00eancia de not\u00edcias da China e um dos principais canais para conhecer o pa\u00eds\",\"publisher\":{\"@id\":\"https:\\\/\\\/diariodepe.com.br\\\/xinhua\\\/#organization\"},\"potentialAction\":[{\"@type\":\"SearchAction\",\"target\":{\"@type\":\"EntryPoint\",\"urlTemplate\":\"https:\\\/\\\/diariodepe.com.br\\\/xinhua\\\/?s={search_term_string}\"},\"query-input\":{\"@type\":\"PropertyValueSpecification\",\"valueRequired\":true,\"valueName\":\"search_term_string\"}}],\"inLanguage\":\"pt-BR\"},{\"@type\":\"Organization\",\"@id\":\"https:\\\/\\\/diariodepe.com.br\\\/xinhua\\\/#organization\",\"name\":\"Xinhua - Diario de Pernambuco\",\"url\":\"https:\\\/\\\/diariodepe.com.br\\\/xinhua\\\/\",\"logo\":{\"@type\":\"ImageObject\",\"inLanguage\":\"pt-BR\",\"@id\":\"https:\\\/\\\/diariodepe.com.br\\\/xinhua\\\/#\\\/schema\\\/logo\\\/image\\\/\",\"url\":\"https:\\\/\\\/diariodepe.com.br\\\/xinhua\\\/wp-content\\\/uploads\\\/sites\\\/3\\\/2020\\\/10\\\/cropped-logo-transparente-2.png\",\"contentUrl\":\"https:\\\/\\\/diariodepe.com.br\\\/xinhua\\\/wp-content\\\/uploads\\\/sites\\\/3\\\/2020\\\/10\\\/cropped-logo-transparente-2.png\",\"width\":512,\"height\":164,\"caption\":\"Xinhua - Diario de Pernambuco\"},\"image\":{\"@id\":\"https:\\\/\\\/diariodepe.com.br\\\/xinhua\\\/#\\\/schema\\\/logo\\\/image\\\/\"}},{\"@type\":\"Person\",\"@id\":\"https:\\\/\\\/diariodepe.com.br\\\/xinhua\\\/#\\\/schema\\\/person\\\/0943d6fd02bdc7b49c8f495e8787a2cb\",\"name\":\"Marcelo Oliveira de A. Maranhao\",\"image\":{\"@type\":\"ImageObject\",\"inLanguage\":\"pt-BR\",\"@id\":\"https:\\\/\\\/secure.gravatar.com\\\/avatar\\\/f562caee940d39879c20e90eea3e4b21860c7d4c96684c23141c554824f0059c?s=96&d=mm&r=g\",\"url\":\"https:\\\/\\\/secure.gravatar.com\\\/avatar\\\/f562caee940d39879c20e90eea3e4b21860c7d4c96684c23141c554824f0059c?s=96&d=mm&r=g\",\"contentUrl\":\"https:\\\/\\\/secure.gravatar.com\\\/avatar\\\/f562caee940d39879c20e90eea3e4b21860c7d4c96684c23141c554824f0059c?s=96&d=mm&r=g\",\"caption\":\"Marcelo Oliveira de A. Maranhao\"},\"url\":\"https:\\\/\\\/diariodepe.com.br\\\/xinhua\\\/author\\\/marcelo-maranhao\\\/\"}]}<\/script>\n<!-- \/ Yoast SEO plugin. -->","yoast_head_json":{"title":"Comunidade Chinesa no Zimb\u00e1bue comemora o pr\u00f3ximo Ano da Cobra - Xinhua - Diario de Pernambuco","robots":{"index":"index","follow":"follow","max-snippet":"max-snippet:-1","max-image-preview":"max-image-preview:large","max-video-preview":"max-video-preview:-1"},"canonical":"https:\/\/diariodepe.com.br\/xinhua\/2025\/01\/14\/comunidade-chinesa-no-zimbabue-comemora-o-proximo-ano-da-cobra\/","og_locale":"pt_BR","og_type":"article","og_title":"Comunidade Chinesa no Zimb\u00e1bue comemora o pr\u00f3ximo Ano da Cobra - Xinhua - Diario de Pernambuco","og_description":"Harare &#8211; A comunidade chinesa no Zimb\u00e1bue comemorou o pr\u00f3ximo Ano da Cobra no s\u00e1bado com um evento cultural na Universidade do Zimb\u00e1bue em Harare, capital do pa\u00eds africano. Os convidados desfrutaram de uma variedade de apresenta\u00e7\u00f5es, incluindo m\u00fasica, dan\u00e7a,...","og_url":"https:\/\/diariodepe.com.br\/xinhua\/2025\/01\/14\/comunidade-chinesa-no-zimbabue-comemora-o-proximo-ano-da-cobra\/","og_site_name":"Xinhua - Diario de Pernambuco","article_published_time":"2025-01-14T15:09:34+00:00","article_modified_time":"2025-01-14T15:09:35+00:00","og_image":[{"width":1024,"height":683,"url":"https:\/\/diariodepe.com.br\/xinhua\/wp-content\/uploads\/sites\/3\/2025\/01\/202501146fb0b2d058554f729dcbf4f4301b81d5_202501148c597e58732043ae93d2f00ef8ce8f31.png","type":"image\/png"}],"author":"Marcelo Oliveira de A. Maranhao","twitter_card":"summary_large_image","twitter_misc":{"Escrito por":"Marcelo Oliveira de A. Maranhao","Est. tempo de leitura":"2 minutos"},"schema":{"@context":"https:\/\/schema.org","@graph":[{"@type":"Article","@id":"https:\/\/diariodepe.com.br\/xinhua\/2025\/01\/14\/comunidade-chinesa-no-zimbabue-comemora-o-proximo-ano-da-cobra\/#article","isPartOf":{"@id":"https:\/\/diariodepe.com.br\/xinhua\/2025\/01\/14\/comunidade-chinesa-no-zimbabue-comemora-o-proximo-ano-da-cobra\/"},"author":{"name":"Marcelo Oliveira de A. Maranhao","@id":"https:\/\/diariodepe.com.br\/xinhua\/#\/schema\/person\/0943d6fd02bdc7b49c8f495e8787a2cb"},"headline":"Comunidade Chinesa no Zimb\u00e1bue comemora o pr\u00f3ximo Ano da Cobra","datePublished":"2025-01-14T15:09:34+00:00","dateModified":"2025-01-14T15:09:35+00:00","mainEntityOfPage":{"@id":"https:\/\/diariodepe.com.br\/xinhua\/2025\/01\/14\/comunidade-chinesa-no-zimbabue-comemora-o-proximo-ano-da-cobra\/"},"wordCount":394,"commentCount":0,"publisher":{"@id":"https:\/\/diariodepe.com.br\/xinhua\/#organization"},"image":{"@id":"https:\/\/diariodepe.com.br\/xinhua\/2025\/01\/14\/comunidade-chinesa-no-zimbabue-comemora-o-proximo-ano-da-cobra\/#primaryimage"},"thumbnailUrl":"https:\/\/diariodepe.com.br\/xinhua\/wp-content\/uploads\/sites\/3\/2025\/01\/202501146fb0b2d058554f729dcbf4f4301b81d5_202501148c597e58732043ae93d2f00ef8ce8f31.png","articleSection":["Internacional"],"inLanguage":"pt-BR","potentialAction":[{"@type":"CommentAction","name":"Comment","target":["https:\/\/diariodepe.com.br\/xinhua\/2025\/01\/14\/comunidade-chinesa-no-zimbabue-comemora-o-proximo-ano-da-cobra\/#respond"]}]},{"@type":"WebPage","@id":"https:\/\/diariodepe.com.br\/xinhua\/2025\/01\/14\/comunidade-chinesa-no-zimbabue-comemora-o-proximo-ano-da-cobra\/","url":"https:\/\/diariodepe.com.br\/xinhua\/2025\/01\/14\/comunidade-chinesa-no-zimbabue-comemora-o-proximo-ano-da-cobra\/","name":"Comunidade Chinesa no Zimb\u00e1bue comemora o pr\u00f3ximo Ano da Cobra - Xinhua - Diario de Pernambuco","isPartOf":{"@id":"https:\/\/diariodepe.com.br\/xinhua\/#website"},"primaryImageOfPage":{"@id":"https:\/\/diariodepe.com.br\/xinhua\/2025\/01\/14\/comunidade-chinesa-no-zimbabue-comemora-o-proximo-ano-da-cobra\/#primaryimage"},"image":{"@id":"https:\/\/diariodepe.com.br\/xinhua\/2025\/01\/14\/comunidade-chinesa-no-zimbabue-comemora-o-proximo-ano-da-cobra\/#primaryimage"},"thumbnailUrl":"https:\/\/diariodepe.com.br\/xinhua\/wp-content\/uploads\/sites\/3\/2025\/01\/202501146fb0b2d058554f729dcbf4f4301b81d5_202501148c597e58732043ae93d2f00ef8ce8f31.png","datePublished":"2025-01-14T15:09:34+00:00","dateModified":"2025-01-14T15:09:35+00:00","breadcrumb":{"@id":"https:\/\/diariodepe.com.br\/xinhua\/2025\/01\/14\/comunidade-chinesa-no-zimbabue-comemora-o-proximo-ano-da-cobra\/#breadcrumb"},"inLanguage":"pt-BR","potentialAction":[{"@type":"ReadAction","target":["https:\/\/diariodepe.com.br\/xinhua\/2025\/01\/14\/comunidade-chinesa-no-zimbabue-comemora-o-proximo-ano-da-cobra\/"]}]},{"@type":"ImageObject","inLanguage":"pt-BR","@id":"https:\/\/diariodepe.com.br\/xinhua\/2025\/01\/14\/comunidade-chinesa-no-zimbabue-comemora-o-proximo-ano-da-cobra\/#primaryimage","url":"https:\/\/diariodepe.com.br\/xinhua\/wp-content\/uploads\/sites\/3\/2025\/01\/202501146fb0b2d058554f729dcbf4f4301b81d5_202501148c597e58732043ae93d2f00ef8ce8f31.png","contentUrl":"https:\/\/diariodepe.com.br\/xinhua\/wp-content\/uploads\/sites\/3\/2025\/01\/202501146fb0b2d058554f729dcbf4f4301b81d5_202501148c597e58732043ae93d2f00ef8ce8f31.png","width":1024,"height":683},{"@type":"BreadcrumbList","@id":"https:\/\/diariodepe.com.br\/xinhua\/2025\/01\/14\/comunidade-chinesa-no-zimbabue-comemora-o-proximo-ano-da-cobra\/#breadcrumb","itemListElement":[{"@type":"ListItem","position":1,"name":"In\u00edcio","item":"https:\/\/diariodepe.com.br\/xinhua\/"},{"@type":"ListItem","position":2,"name":"Comunidade Chinesa no Zimb\u00e1bue comemora o pr\u00f3ximo Ano da Cobra"}]},{"@type":"WebSite","@id":"https:\/\/diariodepe.com.br\/xinhua\/#website","url":"https:\/\/diariodepe.com.br\/xinhua\/","name":"Xinhua - Diario de Pernambuco","description":"A maior ag\u00eancia de not\u00edcias da China e um dos principais canais para conhecer o pa\u00eds","publisher":{"@id":"https:\/\/diariodepe.com.br\/xinhua\/#organization"},"potentialAction":[{"@type":"SearchAction","target":{"@type":"EntryPoint","urlTemplate":"https:\/\/diariodepe.com.br\/xinhua\/?s={search_term_string}"},"query-input":{"@type":"PropertyValueSpecification","valueRequired":true,"valueName":"search_term_string"}}],"inLanguage":"pt-BR"},{"@type":"Organization","@id":"https:\/\/diariodepe.com.br\/xinhua\/#organization","name":"Xinhua - Diario de Pernambuco","url":"https:\/\/diariodepe.com.br\/xinhua\/","logo":{"@type":"ImageObject","inLanguage":"pt-BR","@id":"https:\/\/diariodepe.com.br\/xinhua\/#\/schema\/logo\/image\/","url":"https:\/\/diariodepe.com.br\/xinhua\/wp-content\/uploads\/sites\/3\/2020\/10\/cropped-logo-transparente-2.png","contentUrl":"https:\/\/diariodepe.com.br\/xinhua\/wp-content\/uploads\/sites\/3\/2020\/10\/cropped-logo-transparente-2.png","width":512,"height":164,"caption":"Xinhua - Diario de Pernambuco"},"image":{"@id":"https:\/\/diariodepe.com.br\/xinhua\/#\/schema\/logo\/image\/"}},{"@type":"Person","@id":"https:\/\/diariodepe.com.br\/xinhua\/#\/schema\/person\/0943d6fd02bdc7b49c8f495e8787a2cb","name":"Marcelo Oliveira de A. Maranhao","image":{"@type":"ImageObject","inLanguage":"pt-BR","@id":"https:\/\/secure.gravatar.com\/avatar\/f562caee940d39879c20e90eea3e4b21860c7d4c96684c23141c554824f0059c?s=96&d=mm&r=g","url":"https:\/\/secure.gravatar.com\/avatar\/f562caee940d39879c20e90eea3e4b21860c7d4c96684c23141c554824f0059c?s=96&d=mm&r=g","contentUrl":"https:\/\/secure.gravatar.com\/avatar\/f562caee940d39879c20e90eea3e4b21860c7d4c96684c23141c554824f0059c?s=96&d=mm&r=g","caption":"Marcelo Oliveira de A. Maranhao"},"url":"https:\/\/diariodepe.com.br\/xinhua\/author\/marcelo-maranhao\/"}]}},"cc_featured_image_caption":{"caption_text":"","source_text":"","source_url":""},"amp_enabled":true,"_links":{"self":[{"href":"https:\/\/diariodepe.com.br\/xinhua\/wp-json\/wp\/v2\/posts\/24945","targetHints":{"allow":["GET"]}}],"collection":[{"href":"https:\/\/diariodepe.com.br\/xinhua\/wp-json\/wp\/v2\/posts"}],"about":[{"href":"https:\/\/diariodepe.com.br\/xinhua\/wp-json\/wp\/v2\/types\/post"}],"author":[{"embeddable":true,"href":"https:\/\/diariodepe.com.br\/xinhua\/wp-json\/wp\/v2\/users\/3"}],"replies":[{"embeddable":true,"href":"https:\/\/diariodepe.com.br\/xinhua\/wp-json\/wp\/v2\/comments?post=24945"}],"version-history":[{"count":1,"href":"https:\/\/diariodepe.com.br\/xinhua\/wp-json\/wp\/v2\/posts\/24945\/revisions"}],"predecessor-version":[{"id":24947,"href":"https:\/\/diariodepe.com.br\/xinhua\/wp-json\/wp\/v2\/posts\/24945\/revisions\/24947"}],"wp:featuredmedia":[{"embeddable":true,"href":"https:\/\/diariodepe.com.br\/xinhua\/wp-json\/wp\/v2\/media\/24946"}],"wp:attachment":[{"href":"https:\/\/diariodepe.com.br\/xinhua\/wp-json\/wp\/v2\/media?parent=24945"}],"wp:term":[{"taxonomy":"category","embeddable":true,"href":"https:\/\/diariodepe.com.br\/xinhua\/wp-json\/wp\/v2\/categories?post=24945"},{"taxonomy":"post_tag","embeddable":true,"href":"https:\/\/diariodepe.com.br\/xinhua\/wp-json\/wp\/v2\/tags?post=24945"}],"curies":[{"name":"wp","href":"https:\/\/api.w.org\/{rel}","templated":true}]}}