{"id":24909,"date":"2025-01-13T09:18:08","date_gmt":"2025-01-13T12:18:08","guid":{"rendered":"https:\/\/www.diariodepe.com.br\/xinhua\/?p=24909"},"modified":"2025-01-13T09:18:10","modified_gmt":"2025-01-13T12:18:10","slug":"surto-de-colera-em-angola-provoca-12-mortos-e-registra-119-casos-ativos","status":"publish","type":"post","link":"https:\/\/diariodepe.com.br\/xinhua\/2025\/01\/13\/surto-de-colera-em-angola-provoca-12-mortos-e-registra-119-casos-ativos\/","title":{"rendered":"Surto de c\u00f3lera em Angola provoca 12 mortos e registra 119 casos ativos"},"content":{"rendered":"\n<p>Luanda &#8211; At\u00e9 \u00e0s 18h de sexta-feira, Angola registou 119 casos de c\u00f3lera e 12 \u00f3bitos, de acordo com um boletim divulgado pelo Minist\u00e9rio da Sa\u00fade do pa\u00eds na noite de sexta-feira.<\/p>\n\n\n\n<p>Dos casos registrados, 14 foram confirmados atrav\u00e9s de an\u00e1lises laboratoriais, enquanto 12 amostras permaneceram em processamento.<\/p>\n\n\n\n<p>\u201cCom a confirma\u00e7\u00e3o do 1\u00ba caso no dia 07 de janeiro de 2025, o Minist\u00e9rio da Sa\u00fade declarou o surto de c\u00f3lera\u201d, l\u00ea-se no boletim.<\/p>\n\n\n\n<p>Nas \u00faltimas 24 horas, foram notificados 24 novos casos de c\u00f3lera em Angola, dos quais 20 foram registados no munic\u00edpio de Cacuaco, o epicentro do surto. Cacuaco, situado numa \u00e1rea suburbana na prov\u00edncia de Luanda, \u00e9 habitado por mais de 1,2 milh\u00e3o de pessoas.<\/p>\n\n\n\n<p>Um gr\u00e1fico cronol\u00f3gico no boletim indicou que os primeiros sintomas de c\u00f3lera foram observados num paciente em 31 de dezembro de 2024.<\/p>\n\n\n\n<p>O boletim define um caso de c\u00f3lera como &#8220;doente com desidrata\u00e7\u00e3o grave ou grave ou morte por diarreia \u00famida aguda, com ou sem v\u00f4mitos e pacientes acima de 2 anos de idade nos locais onde existe c\u00f3lera&#8221;. Um caso confirmado \u00e9 descrito como &#8220;caso em que o vibri\u00e3o col\u00e9rico foi isolado nas fezes&#8221;.<\/p>\n\n\n\n<p>O minist\u00e9rio afirmou no boletim ter atualizado e ativado o plano nacional de resposta contra a c\u00f3lera, mobilizando meios m\u00e9dicos e medicamentos.<\/p>\n\n\n\n<p>Entre as principais medidas adotadas est\u00e3o o refor\u00e7o da vigil\u00e2ncia epidemiol\u00f3gica e laboratorial, iniciativas de comunica\u00e7\u00e3o comunit\u00e1ria e interven\u00e7\u00f5es de \u00e1gua e saneamento, como a distribui\u00e7\u00e3o de hipoclorito de c\u00e1lcio e a desinfe\u00e7\u00e3o de tanques de \u00e1gua pot\u00e1vel.<\/p>\n\n\n\n<p>O minist\u00e9rio destacou desafios na gest\u00e3o do surto, particularmente a falta de saneamento b\u00e1sico nas \u00e1reas afetadas e a inexist\u00eancia de sistemas de \u00e1gua pot\u00e1vel nas \u00e1reas de maior risco.&nbsp;<\/p>\n","protected":false},"excerpt":{"rendered":"<p>Luanda &#8211; At\u00e9 \u00e0s 18h de sexta-feira, Angola registou 119 casos de c\u00f3lera e 12 \u00f3bitos, de acordo com um boletim divulgado pelo Minist\u00e9rio da Sa\u00fade do pa\u00eds na noite de sexta-feira. Dos casos registrados, 14 foram confirmados atrav\u00e9s de&#8230;<\/p>\n","protected":false},"author":3,"featured_media":24910,"comment_status":"open","ping_status":"open","sticky":false,"template":"","format":"standard","meta":{"footnotes":""},"categories":[4],"tags":[],"class_list":["post-24909","post","type-post","status-publish","format-standard","has-post-thumbnail","hentry","category-internacional"],"yoast_head":"<!-- This site is optimized with the Yoast SEO plugin v27.4 - https:\/\/yoast.com\/product\/yoast-seo-wordpress\/ -->\n<title>Surto de c\u00f3lera em Angola provoca 12 mortos e registra 119 casos ativos - Xinhua - Diario de Pernambuco<\/title>\n<meta name=\"robots\" content=\"index, follow, max-snippet:-1, max-image-preview:large, max-video-preview:-1\" \/>\n<link rel=\"canonical\" href=\"https:\/\/diariodepe.com.br\/xinhua\/2025\/01\/13\/surto-de-colera-em-angola-provoca-12-mortos-e-registra-119-casos-ativos\/\" \/>\n<meta property=\"og:locale\" content=\"pt_BR\" \/>\n<meta property=\"og:type\" content=\"article\" \/>\n<meta property=\"og:title\" content=\"Surto de c\u00f3lera em Angola provoca 12 mortos e registra 119 casos ativos - Xinhua - Diario de Pernambuco\" \/>\n<meta property=\"og:description\" content=\"Luanda &#8211; At\u00e9 \u00e0s 18h de sexta-feira, Angola registou 119 casos de c\u00f3lera e 12 \u00f3bitos, de acordo com um boletim divulgado pelo Minist\u00e9rio da Sa\u00fade do pa\u00eds na noite de sexta-feira. Dos casos registrados, 14 foram confirmados atrav\u00e9s de...\" \/>\n<meta property=\"og:url\" content=\"https:\/\/diariodepe.com.br\/xinhua\/2025\/01\/13\/surto-de-colera-em-angola-provoca-12-mortos-e-registra-119-casos-ativos\/\" \/>\n<meta property=\"og:site_name\" content=\"Xinhua - Diario de Pernambuco\" \/>\n<meta property=\"article:published_time\" content=\"2025-01-13T12:18:08+00:00\" \/>\n<meta property=\"article:modified_time\" content=\"2025-01-13T12:18:10+00:00\" \/>\n<meta property=\"og:image\" content=\"https:\/\/diariodepe.com.br\/xinhua\/wp-content\/uploads\/sites\/3\/2025\/01\/d3a3fb1d83ce4c2685d8e859b0e5b72b.jpg\" \/>\n\t<meta property=\"og:image:width\" content=\"1000\" \/>\n\t<meta property=\"og:image:height\" content=\"500\" \/>\n\t<meta property=\"og:image:type\" content=\"image\/jpeg\" \/>\n<meta name=\"author\" content=\"Marcelo Oliveira de A. Maranhao\" \/>\n<meta name=\"twitter:card\" content=\"summary_large_image\" \/>\n<meta name=\"twitter:label1\" content=\"Escrito por\" \/>\n\t<meta name=\"twitter:data1\" content=\"Marcelo Oliveira de A. Maranhao\" \/>\n\t<meta name=\"twitter:label2\" content=\"Est. tempo de leitura\" \/>\n\t<meta name=\"twitter:data2\" content=\"2 minutos\" \/>\n<script type=\"application\/ld+json\" class=\"yoast-schema-graph\">{\"@context\":\"https:\\\/\\\/schema.org\",\"@graph\":[{\"@type\":\"Article\",\"@id\":\"https:\\\/\\\/diariodepe.com.br\\\/xinhua\\\/2025\\\/01\\\/13\\\/surto-de-colera-em-angola-provoca-12-mortos-e-registra-119-casos-ativos\\\/#article\",\"isPartOf\":{\"@id\":\"https:\\\/\\\/diariodepe.com.br\\\/xinhua\\\/2025\\\/01\\\/13\\\/surto-de-colera-em-angola-provoca-12-mortos-e-registra-119-casos-ativos\\\/\"},\"author\":{\"name\":\"Marcelo Oliveira de A. Maranhao\",\"@id\":\"https:\\\/\\\/diariodepe.com.br\\\/xinhua\\\/#\\\/schema\\\/person\\\/0943d6fd02bdc7b49c8f495e8787a2cb\"},\"headline\":\"Surto de c\u00f3lera em Angola provoca 12 mortos e registra 119 casos ativos\",\"datePublished\":\"2025-01-13T12:18:08+00:00\",\"dateModified\":\"2025-01-13T12:18:10+00:00\",\"mainEntityOfPage\":{\"@id\":\"https:\\\/\\\/diariodepe.com.br\\\/xinhua\\\/2025\\\/01\\\/13\\\/surto-de-colera-em-angola-provoca-12-mortos-e-registra-119-casos-ativos\\\/\"},\"wordCount\":322,\"commentCount\":0,\"publisher\":{\"@id\":\"https:\\\/\\\/diariodepe.com.br\\\/xinhua\\\/#organization\"},\"image\":{\"@id\":\"https:\\\/\\\/diariodepe.com.br\\\/xinhua\\\/2025\\\/01\\\/13\\\/surto-de-colera-em-angola-provoca-12-mortos-e-registra-119-casos-ativos\\\/#primaryimage\"},\"thumbnailUrl\":\"https:\\\/\\\/diariodepe.com.br\\\/xinhua\\\/wp-content\\\/uploads\\\/sites\\\/3\\\/2025\\\/01\\\/d3a3fb1d83ce4c2685d8e859b0e5b72b.jpg\",\"articleSection\":[\"Internacional\"],\"inLanguage\":\"pt-BR\",\"potentialAction\":[{\"@type\":\"CommentAction\",\"name\":\"Comment\",\"target\":[\"https:\\\/\\\/diariodepe.com.br\\\/xinhua\\\/2025\\\/01\\\/13\\\/surto-de-colera-em-angola-provoca-12-mortos-e-registra-119-casos-ativos\\\/#respond\"]}]},{\"@type\":\"WebPage\",\"@id\":\"https:\\\/\\\/diariodepe.com.br\\\/xinhua\\\/2025\\\/01\\\/13\\\/surto-de-colera-em-angola-provoca-12-mortos-e-registra-119-casos-ativos\\\/\",\"url\":\"https:\\\/\\\/diariodepe.com.br\\\/xinhua\\\/2025\\\/01\\\/13\\\/surto-de-colera-em-angola-provoca-12-mortos-e-registra-119-casos-ativos\\\/\",\"name\":\"Surto de c\u00f3lera em Angola provoca 12 mortos e registra 119 casos ativos - Xinhua - Diario de Pernambuco\",\"isPartOf\":{\"@id\":\"https:\\\/\\\/diariodepe.com.br\\\/xinhua\\\/#website\"},\"primaryImageOfPage\":{\"@id\":\"https:\\\/\\\/diariodepe.com.br\\\/xinhua\\\/2025\\\/01\\\/13\\\/surto-de-colera-em-angola-provoca-12-mortos-e-registra-119-casos-ativos\\\/#primaryimage\"},\"image\":{\"@id\":\"https:\\\/\\\/diariodepe.com.br\\\/xinhua\\\/2025\\\/01\\\/13\\\/surto-de-colera-em-angola-provoca-12-mortos-e-registra-119-casos-ativos\\\/#primaryimage\"},\"thumbnailUrl\":\"https:\\\/\\\/diariodepe.com.br\\\/xinhua\\\/wp-content\\\/uploads\\\/sites\\\/3\\\/2025\\\/01\\\/d3a3fb1d83ce4c2685d8e859b0e5b72b.jpg\",\"datePublished\":\"2025-01-13T12:18:08+00:00\",\"dateModified\":\"2025-01-13T12:18:10+00:00\",\"breadcrumb\":{\"@id\":\"https:\\\/\\\/diariodepe.com.br\\\/xinhua\\\/2025\\\/01\\\/13\\\/surto-de-colera-em-angola-provoca-12-mortos-e-registra-119-casos-ativos\\\/#breadcrumb\"},\"inLanguage\":\"pt-BR\",\"potentialAction\":[{\"@type\":\"ReadAction\",\"target\":[\"https:\\\/\\\/diariodepe.com.br\\\/xinhua\\\/2025\\\/01\\\/13\\\/surto-de-colera-em-angola-provoca-12-mortos-e-registra-119-casos-ativos\\\/\"]}]},{\"@type\":\"ImageObject\",\"inLanguage\":\"pt-BR\",\"@id\":\"https:\\\/\\\/diariodepe.com.br\\\/xinhua\\\/2025\\\/01\\\/13\\\/surto-de-colera-em-angola-provoca-12-mortos-e-registra-119-casos-ativos\\\/#primaryimage\",\"url\":\"https:\\\/\\\/diariodepe.com.br\\\/xinhua\\\/wp-content\\\/uploads\\\/sites\\\/3\\\/2025\\\/01\\\/d3a3fb1d83ce4c2685d8e859b0e5b72b.jpg\",\"contentUrl\":\"https:\\\/\\\/diariodepe.com.br\\\/xinhua\\\/wp-content\\\/uploads\\\/sites\\\/3\\\/2025\\\/01\\\/d3a3fb1d83ce4c2685d8e859b0e5b72b.jpg\",\"width\":1000,\"height\":500},{\"@type\":\"BreadcrumbList\",\"@id\":\"https:\\\/\\\/diariodepe.com.br\\\/xinhua\\\/2025\\\/01\\\/13\\\/surto-de-colera-em-angola-provoca-12-mortos-e-registra-119-casos-ativos\\\/#breadcrumb\",\"itemListElement\":[{\"@type\":\"ListItem\",\"position\":1,\"name\":\"In\u00edcio\",\"item\":\"https:\\\/\\\/diariodepe.com.br\\\/xinhua\\\/\"},{\"@type\":\"ListItem\",\"position\":2,\"name\":\"Surto de c\u00f3lera em Angola provoca 12 mortos e registra 119 casos ativos\"}]},{\"@type\":\"WebSite\",\"@id\":\"https:\\\/\\\/diariodepe.com.br\\\/xinhua\\\/#website\",\"url\":\"https:\\\/\\\/diariodepe.com.br\\\/xinhua\\\/\",\"name\":\"Xinhua - Diario de Pernambuco\",\"description\":\"A maior ag\u00eancia de not\u00edcias da China e um dos principais canais para conhecer o pa\u00eds\",\"publisher\":{\"@id\":\"https:\\\/\\\/diariodepe.com.br\\\/xinhua\\\/#organization\"},\"potentialAction\":[{\"@type\":\"SearchAction\",\"target\":{\"@type\":\"EntryPoint\",\"urlTemplate\":\"https:\\\/\\\/diariodepe.com.br\\\/xinhua\\\/?s={search_term_string}\"},\"query-input\":{\"@type\":\"PropertyValueSpecification\",\"valueRequired\":true,\"valueName\":\"search_term_string\"}}],\"inLanguage\":\"pt-BR\"},{\"@type\":\"Organization\",\"@id\":\"https:\\\/\\\/diariodepe.com.br\\\/xinhua\\\/#organization\",\"name\":\"Xinhua - Diario de Pernambuco\",\"url\":\"https:\\\/\\\/diariodepe.com.br\\\/xinhua\\\/\",\"logo\":{\"@type\":\"ImageObject\",\"inLanguage\":\"pt-BR\",\"@id\":\"https:\\\/\\\/diariodepe.com.br\\\/xinhua\\\/#\\\/schema\\\/logo\\\/image\\\/\",\"url\":\"https:\\\/\\\/diariodepe.com.br\\\/xinhua\\\/wp-content\\\/uploads\\\/sites\\\/3\\\/2020\\\/10\\\/cropped-logo-transparente-2.png\",\"contentUrl\":\"https:\\\/\\\/diariodepe.com.br\\\/xinhua\\\/wp-content\\\/uploads\\\/sites\\\/3\\\/2020\\\/10\\\/cropped-logo-transparente-2.png\",\"width\":512,\"height\":164,\"caption\":\"Xinhua - Diario de Pernambuco\"},\"image\":{\"@id\":\"https:\\\/\\\/diariodepe.com.br\\\/xinhua\\\/#\\\/schema\\\/logo\\\/image\\\/\"}},{\"@type\":\"Person\",\"@id\":\"https:\\\/\\\/diariodepe.com.br\\\/xinhua\\\/#\\\/schema\\\/person\\\/0943d6fd02bdc7b49c8f495e8787a2cb\",\"name\":\"Marcelo Oliveira de A. Maranhao\",\"image\":{\"@type\":\"ImageObject\",\"inLanguage\":\"pt-BR\",\"@id\":\"https:\\\/\\\/secure.gravatar.com\\\/avatar\\\/f562caee940d39879c20e90eea3e4b21860c7d4c96684c23141c554824f0059c?s=96&d=mm&r=g\",\"url\":\"https:\\\/\\\/secure.gravatar.com\\\/avatar\\\/f562caee940d39879c20e90eea3e4b21860c7d4c96684c23141c554824f0059c?s=96&d=mm&r=g\",\"contentUrl\":\"https:\\\/\\\/secure.gravatar.com\\\/avatar\\\/f562caee940d39879c20e90eea3e4b21860c7d4c96684c23141c554824f0059c?s=96&d=mm&r=g\",\"caption\":\"Marcelo Oliveira de A. Maranhao\"},\"url\":\"https:\\\/\\\/diariodepe.com.br\\\/xinhua\\\/author\\\/marcelo-maranhao\\\/\"}]}<\/script>\n<!-- \/ Yoast SEO plugin. -->","yoast_head_json":{"title":"Surto de c\u00f3lera em Angola provoca 12 mortos e registra 119 casos ativos - Xinhua - Diario de Pernambuco","robots":{"index":"index","follow":"follow","max-snippet":"max-snippet:-1","max-image-preview":"max-image-preview:large","max-video-preview":"max-video-preview:-1"},"canonical":"https:\/\/diariodepe.com.br\/xinhua\/2025\/01\/13\/surto-de-colera-em-angola-provoca-12-mortos-e-registra-119-casos-ativos\/","og_locale":"pt_BR","og_type":"article","og_title":"Surto de c\u00f3lera em Angola provoca 12 mortos e registra 119 casos ativos - Xinhua - Diario de Pernambuco","og_description":"Luanda &#8211; At\u00e9 \u00e0s 18h de sexta-feira, Angola registou 119 casos de c\u00f3lera e 12 \u00f3bitos, de acordo com um boletim divulgado pelo Minist\u00e9rio da Sa\u00fade do pa\u00eds na noite de sexta-feira. Dos casos registrados, 14 foram confirmados atrav\u00e9s de...","og_url":"https:\/\/diariodepe.com.br\/xinhua\/2025\/01\/13\/surto-de-colera-em-angola-provoca-12-mortos-e-registra-119-casos-ativos\/","og_site_name":"Xinhua - Diario de Pernambuco","article_published_time":"2025-01-13T12:18:08+00:00","article_modified_time":"2025-01-13T12:18:10+00:00","og_image":[{"width":1000,"height":500,"url":"https:\/\/diariodepe.com.br\/xinhua\/wp-content\/uploads\/sites\/3\/2025\/01\/d3a3fb1d83ce4c2685d8e859b0e5b72b.jpg","type":"image\/jpeg"}],"author":"Marcelo Oliveira de A. Maranhao","twitter_card":"summary_large_image","twitter_misc":{"Escrito por":"Marcelo Oliveira de A. Maranhao","Est. tempo de leitura":"2 minutos"},"schema":{"@context":"https:\/\/schema.org","@graph":[{"@type":"Article","@id":"https:\/\/diariodepe.com.br\/xinhua\/2025\/01\/13\/surto-de-colera-em-angola-provoca-12-mortos-e-registra-119-casos-ativos\/#article","isPartOf":{"@id":"https:\/\/diariodepe.com.br\/xinhua\/2025\/01\/13\/surto-de-colera-em-angola-provoca-12-mortos-e-registra-119-casos-ativos\/"},"author":{"name":"Marcelo Oliveira de A. Maranhao","@id":"https:\/\/diariodepe.com.br\/xinhua\/#\/schema\/person\/0943d6fd02bdc7b49c8f495e8787a2cb"},"headline":"Surto de c\u00f3lera em Angola provoca 12 mortos e registra 119 casos ativos","datePublished":"2025-01-13T12:18:08+00:00","dateModified":"2025-01-13T12:18:10+00:00","mainEntityOfPage":{"@id":"https:\/\/diariodepe.com.br\/xinhua\/2025\/01\/13\/surto-de-colera-em-angola-provoca-12-mortos-e-registra-119-casos-ativos\/"},"wordCount":322,"commentCount":0,"publisher":{"@id":"https:\/\/diariodepe.com.br\/xinhua\/#organization"},"image":{"@id":"https:\/\/diariodepe.com.br\/xinhua\/2025\/01\/13\/surto-de-colera-em-angola-provoca-12-mortos-e-registra-119-casos-ativos\/#primaryimage"},"thumbnailUrl":"https:\/\/diariodepe.com.br\/xinhua\/wp-content\/uploads\/sites\/3\/2025\/01\/d3a3fb1d83ce4c2685d8e859b0e5b72b.jpg","articleSection":["Internacional"],"inLanguage":"pt-BR","potentialAction":[{"@type":"CommentAction","name":"Comment","target":["https:\/\/diariodepe.com.br\/xinhua\/2025\/01\/13\/surto-de-colera-em-angola-provoca-12-mortos-e-registra-119-casos-ativos\/#respond"]}]},{"@type":"WebPage","@id":"https:\/\/diariodepe.com.br\/xinhua\/2025\/01\/13\/surto-de-colera-em-angola-provoca-12-mortos-e-registra-119-casos-ativos\/","url":"https:\/\/diariodepe.com.br\/xinhua\/2025\/01\/13\/surto-de-colera-em-angola-provoca-12-mortos-e-registra-119-casos-ativos\/","name":"Surto de c\u00f3lera em Angola provoca 12 mortos e registra 119 casos ativos - Xinhua - Diario de Pernambuco","isPartOf":{"@id":"https:\/\/diariodepe.com.br\/xinhua\/#website"},"primaryImageOfPage":{"@id":"https:\/\/diariodepe.com.br\/xinhua\/2025\/01\/13\/surto-de-colera-em-angola-provoca-12-mortos-e-registra-119-casos-ativos\/#primaryimage"},"image":{"@id":"https:\/\/diariodepe.com.br\/xinhua\/2025\/01\/13\/surto-de-colera-em-angola-provoca-12-mortos-e-registra-119-casos-ativos\/#primaryimage"},"thumbnailUrl":"https:\/\/diariodepe.com.br\/xinhua\/wp-content\/uploads\/sites\/3\/2025\/01\/d3a3fb1d83ce4c2685d8e859b0e5b72b.jpg","datePublished":"2025-01-13T12:18:08+00:00","dateModified":"2025-01-13T12:18:10+00:00","breadcrumb":{"@id":"https:\/\/diariodepe.com.br\/xinhua\/2025\/01\/13\/surto-de-colera-em-angola-provoca-12-mortos-e-registra-119-casos-ativos\/#breadcrumb"},"inLanguage":"pt-BR","potentialAction":[{"@type":"ReadAction","target":["https:\/\/diariodepe.com.br\/xinhua\/2025\/01\/13\/surto-de-colera-em-angola-provoca-12-mortos-e-registra-119-casos-ativos\/"]}]},{"@type":"ImageObject","inLanguage":"pt-BR","@id":"https:\/\/diariodepe.com.br\/xinhua\/2025\/01\/13\/surto-de-colera-em-angola-provoca-12-mortos-e-registra-119-casos-ativos\/#primaryimage","url":"https:\/\/diariodepe.com.br\/xinhua\/wp-content\/uploads\/sites\/3\/2025\/01\/d3a3fb1d83ce4c2685d8e859b0e5b72b.jpg","contentUrl":"https:\/\/diariodepe.com.br\/xinhua\/wp-content\/uploads\/sites\/3\/2025\/01\/d3a3fb1d83ce4c2685d8e859b0e5b72b.jpg","width":1000,"height":500},{"@type":"BreadcrumbList","@id":"https:\/\/diariodepe.com.br\/xinhua\/2025\/01\/13\/surto-de-colera-em-angola-provoca-12-mortos-e-registra-119-casos-ativos\/#breadcrumb","itemListElement":[{"@type":"ListItem","position":1,"name":"In\u00edcio","item":"https:\/\/diariodepe.com.br\/xinhua\/"},{"@type":"ListItem","position":2,"name":"Surto de c\u00f3lera em Angola provoca 12 mortos e registra 119 casos ativos"}]},{"@type":"WebSite","@id":"https:\/\/diariodepe.com.br\/xinhua\/#website","url":"https:\/\/diariodepe.com.br\/xinhua\/","name":"Xinhua - Diario de Pernambuco","description":"A maior ag\u00eancia de not\u00edcias da China e um dos principais canais para conhecer o pa\u00eds","publisher":{"@id":"https:\/\/diariodepe.com.br\/xinhua\/#organization"},"potentialAction":[{"@type":"SearchAction","target":{"@type":"EntryPoint","urlTemplate":"https:\/\/diariodepe.com.br\/xinhua\/?s={search_term_string}"},"query-input":{"@type":"PropertyValueSpecification","valueRequired":true,"valueName":"search_term_string"}}],"inLanguage":"pt-BR"},{"@type":"Organization","@id":"https:\/\/diariodepe.com.br\/xinhua\/#organization","name":"Xinhua - Diario de Pernambuco","url":"https:\/\/diariodepe.com.br\/xinhua\/","logo":{"@type":"ImageObject","inLanguage":"pt-BR","@id":"https:\/\/diariodepe.com.br\/xinhua\/#\/schema\/logo\/image\/","url":"https:\/\/diariodepe.com.br\/xinhua\/wp-content\/uploads\/sites\/3\/2020\/10\/cropped-logo-transparente-2.png","contentUrl":"https:\/\/diariodepe.com.br\/xinhua\/wp-content\/uploads\/sites\/3\/2020\/10\/cropped-logo-transparente-2.png","width":512,"height":164,"caption":"Xinhua - Diario de Pernambuco"},"image":{"@id":"https:\/\/diariodepe.com.br\/xinhua\/#\/schema\/logo\/image\/"}},{"@type":"Person","@id":"https:\/\/diariodepe.com.br\/xinhua\/#\/schema\/person\/0943d6fd02bdc7b49c8f495e8787a2cb","name":"Marcelo Oliveira de A. Maranhao","image":{"@type":"ImageObject","inLanguage":"pt-BR","@id":"https:\/\/secure.gravatar.com\/avatar\/f562caee940d39879c20e90eea3e4b21860c7d4c96684c23141c554824f0059c?s=96&d=mm&r=g","url":"https:\/\/secure.gravatar.com\/avatar\/f562caee940d39879c20e90eea3e4b21860c7d4c96684c23141c554824f0059c?s=96&d=mm&r=g","contentUrl":"https:\/\/secure.gravatar.com\/avatar\/f562caee940d39879c20e90eea3e4b21860c7d4c96684c23141c554824f0059c?s=96&d=mm&r=g","caption":"Marcelo Oliveira de A. Maranhao"},"url":"https:\/\/diariodepe.com.br\/xinhua\/author\/marcelo-maranhao\/"}]}},"cc_featured_image_caption":{"caption_text":"","source_text":"","source_url":""},"amp_enabled":true,"_links":{"self":[{"href":"https:\/\/diariodepe.com.br\/xinhua\/wp-json\/wp\/v2\/posts\/24909","targetHints":{"allow":["GET"]}}],"collection":[{"href":"https:\/\/diariodepe.com.br\/xinhua\/wp-json\/wp\/v2\/posts"}],"about":[{"href":"https:\/\/diariodepe.com.br\/xinhua\/wp-json\/wp\/v2\/types\/post"}],"author":[{"embeddable":true,"href":"https:\/\/diariodepe.com.br\/xinhua\/wp-json\/wp\/v2\/users\/3"}],"replies":[{"embeddable":true,"href":"https:\/\/diariodepe.com.br\/xinhua\/wp-json\/wp\/v2\/comments?post=24909"}],"version-history":[{"count":1,"href":"https:\/\/diariodepe.com.br\/xinhua\/wp-json\/wp\/v2\/posts\/24909\/revisions"}],"predecessor-version":[{"id":24911,"href":"https:\/\/diariodepe.com.br\/xinhua\/wp-json\/wp\/v2\/posts\/24909\/revisions\/24911"}],"wp:featuredmedia":[{"embeddable":true,"href":"https:\/\/diariodepe.com.br\/xinhua\/wp-json\/wp\/v2\/media\/24910"}],"wp:attachment":[{"href":"https:\/\/diariodepe.com.br\/xinhua\/wp-json\/wp\/v2\/media?parent=24909"}],"wp:term":[{"taxonomy":"category","embeddable":true,"href":"https:\/\/diariodepe.com.br\/xinhua\/wp-json\/wp\/v2\/categories?post=24909"},{"taxonomy":"post_tag","embeddable":true,"href":"https:\/\/diariodepe.com.br\/xinhua\/wp-json\/wp\/v2\/tags?post=24909"}],"curies":[{"name":"wp","href":"https:\/\/api.w.org\/{rel}","templated":true}]}}