{"id":2479,"date":"2021-07-28T11:41:23","date_gmt":"2021-07-28T14:41:23","guid":{"rendered":"http:\/\/www.diariodepe.com.br\/xinhua\/?p=2479"},"modified":"2021-07-28T11:41:25","modified_gmt":"2021-07-28T14:41:25","slug":"ampliacao-chanceler-chines-se-reune-com-chefe-politico-do-taliba-afegao","status":"publish","type":"post","link":"https:\/\/diariodepe.com.br\/xinhua\/2021\/07\/28\/ampliacao-chanceler-chines-se-reune-com-chefe-politico-do-taliba-afegao\/","title":{"rendered":"Amplia\u00e7\u00e3o: Chanceler chin\u00eas se re\u00fane com chefe pol\u00edtico do Talib\u00e3 afeg\u00e3o"},"content":{"rendered":"\n<p>Tianjin, 28 jul &#8211; O conselheiro de Estado e ministro das Rela\u00e7\u00f5es Exteriores chin\u00eas, Wang Yi, reuniu-se nesta quarta-feira com o mul\u00e1 Abdul Ghani Baradar, chefe pol\u00edtico do Talib\u00e3 do Afeganist\u00e3o.<\/p>\n\n\n\n<p>O Talib\u00e3 afeg\u00e3o, como uma for\u00e7a militar e pol\u00edtica importante no pa\u00eds, deve desempenhar um papel importante no processo da paz, reconcilia\u00e7\u00e3o e reconstru\u00e7\u00e3o do Afeganist\u00e3o, disse Wang.<\/p>\n\n\n\n<p>Ele instou o Talib\u00e3 afeg\u00e3o a colocar seus interesses nacionais em primeiro lugar, erguer bem alto a bandeira das negocia\u00e7\u00f5es de paz, estabelecer o objetivo da paz, criar uma imagem positivo e adotar uma pol\u00edtica inclusiva.<\/p>\n\n\n\n<p>A s\u00fabita retirada das for\u00e7as dos Estados Unidos e da OTAN no Afeganist\u00e3o marca o fracasso da pol\u00edtica norte-americana em dire\u00e7\u00e3o \u00e0 na\u00e7\u00e3o, e o povo afeg\u00e3o agora enfrenta uma oportunidade importante de estabilizar e desenvolver seu pr\u00f3prio pa\u00eds, acrescentou.<\/p>\n\n\n\n<p>Wang pediu que todas as fac\u00e7\u00f5es e grupos \u00e9tnicos no Afeganist\u00e3o fiquem unidos, implementem realmente o princ\u00edpio &#8220;liderado e pertencente ao Afeganist\u00e3o&#8221;, promovam o processo de paz e reconcilia\u00e7\u00e3o no pa\u00eds para obter resultados substanciais o mais r\u00e1pido poss\u00edvel, e estabele\u00e7am de forma independente uma estrutura pol\u00edtica inclusiva de acordo com as pr\u00f3prias condi\u00e7\u00f5es nacionais do Afeganist\u00e3o.<\/p>\n\n\n\n<p>De acordo com ele, a China, como maior vizinho do Afeganist\u00e3o, sempre respeita a soberania, a independ\u00eancia e a integridade territorial do Afeganist\u00e3o, adere a n\u00e3o interferir nos assuntos internos do Afeganist\u00e3o e adota a pol\u00edtica amistosa em vista do povo afeg\u00e3o inteiro.<\/p>\n\n\n\n<p>&#8220;O Afeganist\u00e3o pertence ao povo afeg\u00e3o e o futuro e o destino do pa\u00eds devem estar nas m\u00e3os de seu povo.&#8221;<\/p>\n\n\n\n<p>O Movimento Isl\u00e2mico do Turquest\u00e3o Oriental (ETIM, em ingl\u00eas), um grupo terrorista internacional listado pelo Conselho de Seguran\u00e7a da ONU, representa amea\u00e7as diretas \u00e0 seguran\u00e7a nacional e \u00e0 integridade territorial da China, e \u00e9 responsabilidade comum da comunidade internacional lutar contra isso, afirmou o chanceler chin\u00eas.<\/p>\n\n\n\n<p>Wang exortou o Talib\u00e3 afeg\u00e3o a tra\u00e7ar uma linha clara do ETIM e outros grupos terroristas, e os combater de forma resoluta e efetiva, a fim de remover obst\u00e1culos e criar condi\u00e7\u00f5es favor\u00e1veis para a paz, a estabilidade e o desenvolvimento regionais.<\/p>\n\n\n\n<p>Baradar expressou sua gratid\u00e3o pela oportunidade de visitar a China.<\/p>\n\n\n\n<p>&#8220;A China sempre foi um amigo fiel do povo afeg\u00e3o&#8221;, apontou ele, expressando seu apre\u00e7o pelo papel justo e positivo da China no processo de paz e reconcilia\u00e7\u00e3o no Afeganist\u00e3o.<\/p>\n\n\n\n<p>O Talib\u00e3 afeg\u00e3o, com sinceridade de alcan\u00e7ar a paz, est\u00e1 disposto a trabalhar com todas as partes para estabelecer uma estrutura pol\u00edtica inclusiva no Afeganist\u00e3o que seja aceita pelo povo afeg\u00e3o inteiro e proteja os direitos humanos, bem como os direitos e interesses das mulheres e crian\u00e7as, assinalou Baradar.<\/p>\n\n\n\n<p>Baradar disse que o Talib\u00e3 afeg\u00e3o absolutamente n\u00e3o permitir\u00e1 que nenhuma for\u00e7a fa\u00e7a algo nocivo \u00e0 China no territ\u00f3rio do Afeganist\u00e3o.<\/p>\n\n\n\n<p>Segundo ele, o Talib\u00e3 afeg\u00e3o considera que o Afeganist\u00e3o deve desenvolver rela\u00e7\u00f5es amig\u00e1veis com os pa\u00edses vizinhos e a comunidade internacional.<\/p>\n\n\n\n<p>O Talib\u00e3 afeg\u00e3o espera que a China se envolva mais no processo de paz e reconstru\u00e7\u00e3o do Afeganist\u00e3o e desempenhe um papel maior na reconstru\u00e7\u00e3o futura e no desenvolvimento econ\u00f4mico do pa\u00eds, assinalou Baradar, acrescentando que o Talib\u00e3 afeg\u00e3o far\u00e1 seus pr\u00f3prios esfor\u00e7os para criar um ambiente de investimento favor\u00e1vel.&nbsp;<\/p>\n","protected":false},"excerpt":{"rendered":"<p>Tianjin, 28 jul &#8211; O conselheiro de Estado e ministro das Rela\u00e7\u00f5es Exteriores chin\u00eas, Wang Yi, reuniu-se nesta quarta-feira com o mul\u00e1 Abdul Ghani Baradar, chefe pol\u00edtico do Talib\u00e3 do Afeganist\u00e3o. O Talib\u00e3 afeg\u00e3o, como uma for\u00e7a militar e pol\u00edtica&#8230;<\/p>\n","protected":false},"author":3,"featured_media":0,"comment_status":"open","ping_status":"open","sticky":false,"template":"","format":"standard","meta":{"footnotes":""},"categories":[4],"tags":[],"class_list":["post-2479","post","type-post","status-publish","format-standard","hentry","category-internacional"],"yoast_head":"<!-- This site is optimized with the Yoast SEO plugin v27.4 - https:\/\/yoast.com\/product\/yoast-seo-wordpress\/ -->\n<title>Amplia\u00e7\u00e3o: Chanceler chin\u00eas se re\u00fane com chefe pol\u00edtico do Talib\u00e3 afeg\u00e3o - Xinhua - Diario de Pernambuco<\/title>\n<meta name=\"robots\" content=\"index, follow, max-snippet:-1, max-image-preview:large, max-video-preview:-1\" \/>\n<link rel=\"canonical\" href=\"https:\/\/diariodepe.com.br\/xinhua\/2021\/07\/28\/ampliacao-chanceler-chines-se-reune-com-chefe-politico-do-taliba-afegao\/\" \/>\n<meta property=\"og:locale\" content=\"pt_BR\" \/>\n<meta property=\"og:type\" content=\"article\" \/>\n<meta property=\"og:title\" content=\"Amplia\u00e7\u00e3o: Chanceler chin\u00eas se re\u00fane com chefe pol\u00edtico do Talib\u00e3 afeg\u00e3o - Xinhua - Diario de Pernambuco\" \/>\n<meta property=\"og:description\" content=\"Tianjin, 28 jul &#8211; O conselheiro de Estado e ministro das Rela\u00e7\u00f5es Exteriores chin\u00eas, Wang Yi, reuniu-se nesta quarta-feira com o mul\u00e1 Abdul Ghani Baradar, chefe pol\u00edtico do Talib\u00e3 do Afeganist\u00e3o. O Talib\u00e3 afeg\u00e3o, como uma for\u00e7a militar e pol\u00edtica...\" \/>\n<meta property=\"og:url\" content=\"https:\/\/diariodepe.com.br\/xinhua\/2021\/07\/28\/ampliacao-chanceler-chines-se-reune-com-chefe-politico-do-taliba-afegao\/\" \/>\n<meta property=\"og:site_name\" content=\"Xinhua - Diario de Pernambuco\" \/>\n<meta property=\"article:published_time\" content=\"2021-07-28T14:41:23+00:00\" \/>\n<meta property=\"article:modified_time\" content=\"2021-07-28T14:41:25+00:00\" \/>\n<meta name=\"author\" content=\"Marcelo Oliveira de A. Maranhao\" \/>\n<meta name=\"twitter:card\" content=\"summary_large_image\" \/>\n<meta name=\"twitter:label1\" content=\"Escrito por\" \/>\n\t<meta name=\"twitter:data1\" content=\"Marcelo Oliveira de A. Maranhao\" \/>\n\t<meta name=\"twitter:label2\" content=\"Est. tempo de leitura\" \/>\n\t<meta name=\"twitter:data2\" content=\"3 minutos\" \/>\n<script type=\"application\/ld+json\" class=\"yoast-schema-graph\">{\"@context\":\"https:\\\/\\\/schema.org\",\"@graph\":[{\"@type\":\"Article\",\"@id\":\"https:\\\/\\\/diariodepe.com.br\\\/xinhua\\\/2021\\\/07\\\/28\\\/ampliacao-chanceler-chines-se-reune-com-chefe-politico-do-taliba-afegao\\\/#article\",\"isPartOf\":{\"@id\":\"https:\\\/\\\/diariodepe.com.br\\\/xinhua\\\/2021\\\/07\\\/28\\\/ampliacao-chanceler-chines-se-reune-com-chefe-politico-do-taliba-afegao\\\/\"},\"author\":{\"name\":\"Marcelo Oliveira de A. Maranhao\",\"@id\":\"https:\\\/\\\/diariodepe.com.br\\\/xinhua\\\/#\\\/schema\\\/person\\\/0943d6fd02bdc7b49c8f495e8787a2cb\"},\"headline\":\"Amplia\u00e7\u00e3o: Chanceler chin\u00eas se re\u00fane com chefe pol\u00edtico do Talib\u00e3 afeg\u00e3o\",\"datePublished\":\"2021-07-28T14:41:23+00:00\",\"dateModified\":\"2021-07-28T14:41:25+00:00\",\"mainEntityOfPage\":{\"@id\":\"https:\\\/\\\/diariodepe.com.br\\\/xinhua\\\/2021\\\/07\\\/28\\\/ampliacao-chanceler-chines-se-reune-com-chefe-politico-do-taliba-afegao\\\/\"},\"wordCount\":627,\"commentCount\":0,\"publisher\":{\"@id\":\"https:\\\/\\\/diariodepe.com.br\\\/xinhua\\\/#organization\"},\"articleSection\":[\"Internacional\"],\"inLanguage\":\"pt-BR\",\"potentialAction\":[{\"@type\":\"CommentAction\",\"name\":\"Comment\",\"target\":[\"https:\\\/\\\/diariodepe.com.br\\\/xinhua\\\/2021\\\/07\\\/28\\\/ampliacao-chanceler-chines-se-reune-com-chefe-politico-do-taliba-afegao\\\/#respond\"]}]},{\"@type\":\"WebPage\",\"@id\":\"https:\\\/\\\/diariodepe.com.br\\\/xinhua\\\/2021\\\/07\\\/28\\\/ampliacao-chanceler-chines-se-reune-com-chefe-politico-do-taliba-afegao\\\/\",\"url\":\"https:\\\/\\\/diariodepe.com.br\\\/xinhua\\\/2021\\\/07\\\/28\\\/ampliacao-chanceler-chines-se-reune-com-chefe-politico-do-taliba-afegao\\\/\",\"name\":\"Amplia\u00e7\u00e3o: Chanceler chin\u00eas se re\u00fane com chefe pol\u00edtico do Talib\u00e3 afeg\u00e3o - Xinhua - Diario de Pernambuco\",\"isPartOf\":{\"@id\":\"https:\\\/\\\/diariodepe.com.br\\\/xinhua\\\/#website\"},\"datePublished\":\"2021-07-28T14:41:23+00:00\",\"dateModified\":\"2021-07-28T14:41:25+00:00\",\"breadcrumb\":{\"@id\":\"https:\\\/\\\/diariodepe.com.br\\\/xinhua\\\/2021\\\/07\\\/28\\\/ampliacao-chanceler-chines-se-reune-com-chefe-politico-do-taliba-afegao\\\/#breadcrumb\"},\"inLanguage\":\"pt-BR\",\"potentialAction\":[{\"@type\":\"ReadAction\",\"target\":[\"https:\\\/\\\/diariodepe.com.br\\\/xinhua\\\/2021\\\/07\\\/28\\\/ampliacao-chanceler-chines-se-reune-com-chefe-politico-do-taliba-afegao\\\/\"]}]},{\"@type\":\"BreadcrumbList\",\"@id\":\"https:\\\/\\\/diariodepe.com.br\\\/xinhua\\\/2021\\\/07\\\/28\\\/ampliacao-chanceler-chines-se-reune-com-chefe-politico-do-taliba-afegao\\\/#breadcrumb\",\"itemListElement\":[{\"@type\":\"ListItem\",\"position\":1,\"name\":\"In\u00edcio\",\"item\":\"https:\\\/\\\/diariodepe.com.br\\\/xinhua\\\/\"},{\"@type\":\"ListItem\",\"position\":2,\"name\":\"Amplia\u00e7\u00e3o: Chanceler chin\u00eas se re\u00fane com chefe pol\u00edtico do Talib\u00e3 afeg\u00e3o\"}]},{\"@type\":\"WebSite\",\"@id\":\"https:\\\/\\\/diariodepe.com.br\\\/xinhua\\\/#website\",\"url\":\"https:\\\/\\\/diariodepe.com.br\\\/xinhua\\\/\",\"name\":\"Xinhua - Diario de Pernambuco\",\"description\":\"A maior ag\u00eancia de not\u00edcias da China e um dos principais canais para conhecer o pa\u00eds\",\"publisher\":{\"@id\":\"https:\\\/\\\/diariodepe.com.br\\\/xinhua\\\/#organization\"},\"potentialAction\":[{\"@type\":\"SearchAction\",\"target\":{\"@type\":\"EntryPoint\",\"urlTemplate\":\"https:\\\/\\\/diariodepe.com.br\\\/xinhua\\\/?s={search_term_string}\"},\"query-input\":{\"@type\":\"PropertyValueSpecification\",\"valueRequired\":true,\"valueName\":\"search_term_string\"}}],\"inLanguage\":\"pt-BR\"},{\"@type\":\"Organization\",\"@id\":\"https:\\\/\\\/diariodepe.com.br\\\/xinhua\\\/#organization\",\"name\":\"Xinhua - Diario de Pernambuco\",\"url\":\"https:\\\/\\\/diariodepe.com.br\\\/xinhua\\\/\",\"logo\":{\"@type\":\"ImageObject\",\"inLanguage\":\"pt-BR\",\"@id\":\"https:\\\/\\\/diariodepe.com.br\\\/xinhua\\\/#\\\/schema\\\/logo\\\/image\\\/\",\"url\":\"https:\\\/\\\/diariodepe.com.br\\\/xinhua\\\/wp-content\\\/uploads\\\/sites\\\/3\\\/2020\\\/10\\\/cropped-logo-transparente-2.png\",\"contentUrl\":\"https:\\\/\\\/diariodepe.com.br\\\/xinhua\\\/wp-content\\\/uploads\\\/sites\\\/3\\\/2020\\\/10\\\/cropped-logo-transparente-2.png\",\"width\":512,\"height\":164,\"caption\":\"Xinhua - Diario de Pernambuco\"},\"image\":{\"@id\":\"https:\\\/\\\/diariodepe.com.br\\\/xinhua\\\/#\\\/schema\\\/logo\\\/image\\\/\"}},{\"@type\":\"Person\",\"@id\":\"https:\\\/\\\/diariodepe.com.br\\\/xinhua\\\/#\\\/schema\\\/person\\\/0943d6fd02bdc7b49c8f495e8787a2cb\",\"name\":\"Marcelo Oliveira de A. Maranhao\",\"image\":{\"@type\":\"ImageObject\",\"inLanguage\":\"pt-BR\",\"@id\":\"https:\\\/\\\/secure.gravatar.com\\\/avatar\\\/f562caee940d39879c20e90eea3e4b21860c7d4c96684c23141c554824f0059c?s=96&d=mm&r=g\",\"url\":\"https:\\\/\\\/secure.gravatar.com\\\/avatar\\\/f562caee940d39879c20e90eea3e4b21860c7d4c96684c23141c554824f0059c?s=96&d=mm&r=g\",\"contentUrl\":\"https:\\\/\\\/secure.gravatar.com\\\/avatar\\\/f562caee940d39879c20e90eea3e4b21860c7d4c96684c23141c554824f0059c?s=96&d=mm&r=g\",\"caption\":\"Marcelo Oliveira de A. Maranhao\"},\"url\":\"https:\\\/\\\/diariodepe.com.br\\\/xinhua\\\/author\\\/marcelo-maranhao\\\/\"}]}<\/script>\n<!-- \/ Yoast SEO plugin. -->","yoast_head_json":{"title":"Amplia\u00e7\u00e3o: Chanceler chin\u00eas se re\u00fane com chefe pol\u00edtico do Talib\u00e3 afeg\u00e3o - Xinhua - Diario de Pernambuco","robots":{"index":"index","follow":"follow","max-snippet":"max-snippet:-1","max-image-preview":"max-image-preview:large","max-video-preview":"max-video-preview:-1"},"canonical":"https:\/\/diariodepe.com.br\/xinhua\/2021\/07\/28\/ampliacao-chanceler-chines-se-reune-com-chefe-politico-do-taliba-afegao\/","og_locale":"pt_BR","og_type":"article","og_title":"Amplia\u00e7\u00e3o: Chanceler chin\u00eas se re\u00fane com chefe pol\u00edtico do Talib\u00e3 afeg\u00e3o - Xinhua - Diario de Pernambuco","og_description":"Tianjin, 28 jul &#8211; O conselheiro de Estado e ministro das Rela\u00e7\u00f5es Exteriores chin\u00eas, Wang Yi, reuniu-se nesta quarta-feira com o mul\u00e1 Abdul Ghani Baradar, chefe pol\u00edtico do Talib\u00e3 do Afeganist\u00e3o. O Talib\u00e3 afeg\u00e3o, como uma for\u00e7a militar e pol\u00edtica...","og_url":"https:\/\/diariodepe.com.br\/xinhua\/2021\/07\/28\/ampliacao-chanceler-chines-se-reune-com-chefe-politico-do-taliba-afegao\/","og_site_name":"Xinhua - Diario de Pernambuco","article_published_time":"2021-07-28T14:41:23+00:00","article_modified_time":"2021-07-28T14:41:25+00:00","author":"Marcelo Oliveira de A. Maranhao","twitter_card":"summary_large_image","twitter_misc":{"Escrito por":"Marcelo Oliveira de A. Maranhao","Est. tempo de leitura":"3 minutos"},"schema":{"@context":"https:\/\/schema.org","@graph":[{"@type":"Article","@id":"https:\/\/diariodepe.com.br\/xinhua\/2021\/07\/28\/ampliacao-chanceler-chines-se-reune-com-chefe-politico-do-taliba-afegao\/#article","isPartOf":{"@id":"https:\/\/diariodepe.com.br\/xinhua\/2021\/07\/28\/ampliacao-chanceler-chines-se-reune-com-chefe-politico-do-taliba-afegao\/"},"author":{"name":"Marcelo Oliveira de A. Maranhao","@id":"https:\/\/diariodepe.com.br\/xinhua\/#\/schema\/person\/0943d6fd02bdc7b49c8f495e8787a2cb"},"headline":"Amplia\u00e7\u00e3o: Chanceler chin\u00eas se re\u00fane com chefe pol\u00edtico do Talib\u00e3 afeg\u00e3o","datePublished":"2021-07-28T14:41:23+00:00","dateModified":"2021-07-28T14:41:25+00:00","mainEntityOfPage":{"@id":"https:\/\/diariodepe.com.br\/xinhua\/2021\/07\/28\/ampliacao-chanceler-chines-se-reune-com-chefe-politico-do-taliba-afegao\/"},"wordCount":627,"commentCount":0,"publisher":{"@id":"https:\/\/diariodepe.com.br\/xinhua\/#organization"},"articleSection":["Internacional"],"inLanguage":"pt-BR","potentialAction":[{"@type":"CommentAction","name":"Comment","target":["https:\/\/diariodepe.com.br\/xinhua\/2021\/07\/28\/ampliacao-chanceler-chines-se-reune-com-chefe-politico-do-taliba-afegao\/#respond"]}]},{"@type":"WebPage","@id":"https:\/\/diariodepe.com.br\/xinhua\/2021\/07\/28\/ampliacao-chanceler-chines-se-reune-com-chefe-politico-do-taliba-afegao\/","url":"https:\/\/diariodepe.com.br\/xinhua\/2021\/07\/28\/ampliacao-chanceler-chines-se-reune-com-chefe-politico-do-taliba-afegao\/","name":"Amplia\u00e7\u00e3o: Chanceler chin\u00eas se re\u00fane com chefe pol\u00edtico do Talib\u00e3 afeg\u00e3o - Xinhua - Diario de Pernambuco","isPartOf":{"@id":"https:\/\/diariodepe.com.br\/xinhua\/#website"},"datePublished":"2021-07-28T14:41:23+00:00","dateModified":"2021-07-28T14:41:25+00:00","breadcrumb":{"@id":"https:\/\/diariodepe.com.br\/xinhua\/2021\/07\/28\/ampliacao-chanceler-chines-se-reune-com-chefe-politico-do-taliba-afegao\/#breadcrumb"},"inLanguage":"pt-BR","potentialAction":[{"@type":"ReadAction","target":["https:\/\/diariodepe.com.br\/xinhua\/2021\/07\/28\/ampliacao-chanceler-chines-se-reune-com-chefe-politico-do-taliba-afegao\/"]}]},{"@type":"BreadcrumbList","@id":"https:\/\/diariodepe.com.br\/xinhua\/2021\/07\/28\/ampliacao-chanceler-chines-se-reune-com-chefe-politico-do-taliba-afegao\/#breadcrumb","itemListElement":[{"@type":"ListItem","position":1,"name":"In\u00edcio","item":"https:\/\/diariodepe.com.br\/xinhua\/"},{"@type":"ListItem","position":2,"name":"Amplia\u00e7\u00e3o: Chanceler chin\u00eas se re\u00fane com chefe pol\u00edtico do Talib\u00e3 afeg\u00e3o"}]},{"@type":"WebSite","@id":"https:\/\/diariodepe.com.br\/xinhua\/#website","url":"https:\/\/diariodepe.com.br\/xinhua\/","name":"Xinhua - Diario de Pernambuco","description":"A maior ag\u00eancia de not\u00edcias da China e um dos principais canais para conhecer o pa\u00eds","publisher":{"@id":"https:\/\/diariodepe.com.br\/xinhua\/#organization"},"potentialAction":[{"@type":"SearchAction","target":{"@type":"EntryPoint","urlTemplate":"https:\/\/diariodepe.com.br\/xinhua\/?s={search_term_string}"},"query-input":{"@type":"PropertyValueSpecification","valueRequired":true,"valueName":"search_term_string"}}],"inLanguage":"pt-BR"},{"@type":"Organization","@id":"https:\/\/diariodepe.com.br\/xinhua\/#organization","name":"Xinhua - Diario de Pernambuco","url":"https:\/\/diariodepe.com.br\/xinhua\/","logo":{"@type":"ImageObject","inLanguage":"pt-BR","@id":"https:\/\/diariodepe.com.br\/xinhua\/#\/schema\/logo\/image\/","url":"https:\/\/diariodepe.com.br\/xinhua\/wp-content\/uploads\/sites\/3\/2020\/10\/cropped-logo-transparente-2.png","contentUrl":"https:\/\/diariodepe.com.br\/xinhua\/wp-content\/uploads\/sites\/3\/2020\/10\/cropped-logo-transparente-2.png","width":512,"height":164,"caption":"Xinhua - Diario de Pernambuco"},"image":{"@id":"https:\/\/diariodepe.com.br\/xinhua\/#\/schema\/logo\/image\/"}},{"@type":"Person","@id":"https:\/\/diariodepe.com.br\/xinhua\/#\/schema\/person\/0943d6fd02bdc7b49c8f495e8787a2cb","name":"Marcelo Oliveira de A. Maranhao","image":{"@type":"ImageObject","inLanguage":"pt-BR","@id":"https:\/\/secure.gravatar.com\/avatar\/f562caee940d39879c20e90eea3e4b21860c7d4c96684c23141c554824f0059c?s=96&d=mm&r=g","url":"https:\/\/secure.gravatar.com\/avatar\/f562caee940d39879c20e90eea3e4b21860c7d4c96684c23141c554824f0059c?s=96&d=mm&r=g","contentUrl":"https:\/\/secure.gravatar.com\/avatar\/f562caee940d39879c20e90eea3e4b21860c7d4c96684c23141c554824f0059c?s=96&d=mm&r=g","caption":"Marcelo Oliveira de A. Maranhao"},"url":"https:\/\/diariodepe.com.br\/xinhua\/author\/marcelo-maranhao\/"}]}},"cc_featured_image_caption":{"caption_text":"","source_text":"","source_url":""},"amp_enabled":true,"_links":{"self":[{"href":"https:\/\/diariodepe.com.br\/xinhua\/wp-json\/wp\/v2\/posts\/2479","targetHints":{"allow":["GET"]}}],"collection":[{"href":"https:\/\/diariodepe.com.br\/xinhua\/wp-json\/wp\/v2\/posts"}],"about":[{"href":"https:\/\/diariodepe.com.br\/xinhua\/wp-json\/wp\/v2\/types\/post"}],"author":[{"embeddable":true,"href":"https:\/\/diariodepe.com.br\/xinhua\/wp-json\/wp\/v2\/users\/3"}],"replies":[{"embeddable":true,"href":"https:\/\/diariodepe.com.br\/xinhua\/wp-json\/wp\/v2\/comments?post=2479"}],"version-history":[{"count":1,"href":"https:\/\/diariodepe.com.br\/xinhua\/wp-json\/wp\/v2\/posts\/2479\/revisions"}],"predecessor-version":[{"id":2480,"href":"https:\/\/diariodepe.com.br\/xinhua\/wp-json\/wp\/v2\/posts\/2479\/revisions\/2480"}],"wp:attachment":[{"href":"https:\/\/diariodepe.com.br\/xinhua\/wp-json\/wp\/v2\/media?parent=2479"}],"wp:term":[{"taxonomy":"category","embeddable":true,"href":"https:\/\/diariodepe.com.br\/xinhua\/wp-json\/wp\/v2\/categories?post=2479"},{"taxonomy":"post_tag","embeddable":true,"href":"https:\/\/diariodepe.com.br\/xinhua\/wp-json\/wp\/v2\/tags?post=2479"}],"curies":[{"name":"wp","href":"https:\/\/api.w.org\/{rel}","templated":true}]}}