{"id":24514,"date":"2024-12-18T16:23:00","date_gmt":"2024-12-18T19:23:00","guid":{"rendered":"https:\/\/www.diariodepe.com.br\/xinhua\/?p=24514"},"modified":"2024-12-18T10:25:29","modified_gmt":"2024-12-18T13:25:29","slug":"realizada-19a-reuniao-da-mesa-redonda-china-ue-em-pequim","status":"publish","type":"post","link":"https:\/\/diariodepe.com.br\/xinhua\/2024\/12\/18\/realizada-19a-reuniao-da-mesa-redonda-china-ue-em-pequim\/","title":{"rendered":"Realizada 19\u00aa reuni\u00e3o da Mesa Redonda China-UE em Pequim"},"content":{"rendered":"\n<p>Pequim &#8211; Wang Dongfeng, presidente do Conselho Econ\u00f4mico e Social da China (CESC), participou e discursou na 19\u00aa reuni\u00e3o da Mesa Redonda China-UE na ter\u00e7a-feira, em Pequim. A reuni\u00e3o foi realizada entre o CESC e seu hom\u00f3logo europeu, o Comit\u00ea Econ\u00f4mico e Social Europeu (CESE).<\/p>\n\n\n\n<p>Wang, tamb\u00e9m vice-presidente e secret\u00e1rio-geral do Comit\u00ea Nacional da Consultiva Pol\u00edtica do Povo Chin\u00eas, observou que o ano de 2025 marca o 50\u00ba anivers\u00e1rio do estabelecimento das rela\u00e7\u00f5es diplom\u00e1ticas formais entre a China e a UE. Ele disse que a China est\u00e1 pronta para trabalhar com a UE para aprofundar e enriquecer o mecanismo de mesa redonda, aumentar o entendimento m\u00fatuo, aprofundar a abertura e a coopera\u00e7\u00e3o, praticar o multilateralismo genu\u00edno e desempenhar um papel maior no desenvolvimento s\u00f3lido, constante e sustentado dos la\u00e7os China-UE.<\/p>\n\n\n\n<p>Antes da reuni\u00e3o, Wang se reuniu com o presidente da CESE, Oliver Ropke.&nbsp;<\/p>\n","protected":false},"excerpt":{"rendered":"<p>Pequim &#8211; Wang Dongfeng, presidente do Conselho Econ\u00f4mico e Social da China (CESC), participou e discursou na 19\u00aa reuni\u00e3o da Mesa Redonda China-UE na ter\u00e7a-feira, em Pequim. A reuni\u00e3o foi realizada entre o CESC e seu hom\u00f3logo europeu, o Comit\u00ea&#8230;<\/p>\n","protected":false},"author":3,"featured_media":24515,"comment_status":"open","ping_status":"open","sticky":false,"template":"","format":"standard","meta":{"footnotes":""},"categories":[4],"tags":[],"class_list":["post-24514","post","type-post","status-publish","format-standard","has-post-thumbnail","hentry","category-internacional"],"yoast_head":"<!-- This site is optimized with the Yoast SEO plugin v27.4 - https:\/\/yoast.com\/product\/yoast-seo-wordpress\/ -->\n<title>Realizada 19\u00aa reuni\u00e3o da Mesa Redonda China-UE em Pequim - Xinhua - Diario de Pernambuco<\/title>\n<meta name=\"robots\" content=\"index, follow, max-snippet:-1, max-image-preview:large, max-video-preview:-1\" \/>\n<link rel=\"canonical\" href=\"https:\/\/diariodepe.com.br\/xinhua\/2024\/12\/18\/realizada-19a-reuniao-da-mesa-redonda-china-ue-em-pequim\/\" \/>\n<meta property=\"og:locale\" content=\"pt_BR\" \/>\n<meta property=\"og:type\" content=\"article\" \/>\n<meta property=\"og:title\" content=\"Realizada 19\u00aa reuni\u00e3o da Mesa Redonda China-UE em Pequim - Xinhua - Diario de Pernambuco\" \/>\n<meta property=\"og:description\" content=\"Pequim &#8211; Wang Dongfeng, presidente do Conselho Econ\u00f4mico e Social da China (CESC), participou e discursou na 19\u00aa reuni\u00e3o da Mesa Redonda China-UE na ter\u00e7a-feira, em Pequim. A reuni\u00e3o foi realizada entre o CESC e seu hom\u00f3logo europeu, o Comit\u00ea...\" \/>\n<meta property=\"og:url\" content=\"https:\/\/diariodepe.com.br\/xinhua\/2024\/12\/18\/realizada-19a-reuniao-da-mesa-redonda-china-ue-em-pequim\/\" \/>\n<meta property=\"og:site_name\" content=\"Xinhua - Diario de Pernambuco\" \/>\n<meta property=\"article:published_time\" content=\"2024-12-18T19:23:00+00:00\" \/>\n<meta property=\"og:image\" content=\"https:\/\/diariodepe.com.br\/xinhua\/wp-content\/uploads\/sites\/3\/2024\/12\/NPCLQQmThOqJRF3u.png\" \/>\n\t<meta property=\"og:image:width\" content=\"1024\" \/>\n\t<meta property=\"og:image:height\" content=\"683\" \/>\n\t<meta property=\"og:image:type\" content=\"image\/png\" \/>\n<meta name=\"author\" content=\"Marcelo Oliveira de A. Maranhao\" \/>\n<meta name=\"twitter:card\" content=\"summary_large_image\" \/>\n<meta name=\"twitter:label1\" content=\"Escrito por\" \/>\n\t<meta name=\"twitter:data1\" content=\"Marcelo Oliveira de A. Maranhao\" \/>\n\t<meta name=\"twitter:label2\" content=\"Est. tempo de leitura\" \/>\n\t<meta name=\"twitter:data2\" content=\"1 minuto\" \/>\n<script type=\"application\/ld+json\" class=\"yoast-schema-graph\">{\"@context\":\"https:\\\/\\\/schema.org\",\"@graph\":[{\"@type\":\"Article\",\"@id\":\"https:\\\/\\\/diariodepe.com.br\\\/xinhua\\\/2024\\\/12\\\/18\\\/realizada-19a-reuniao-da-mesa-redonda-china-ue-em-pequim\\\/#article\",\"isPartOf\":{\"@id\":\"https:\\\/\\\/diariodepe.com.br\\\/xinhua\\\/2024\\\/12\\\/18\\\/realizada-19a-reuniao-da-mesa-redonda-china-ue-em-pequim\\\/\"},\"author\":{\"name\":\"Marcelo Oliveira de A. Maranhao\",\"@id\":\"https:\\\/\\\/diariodepe.com.br\\\/xinhua\\\/#\\\/schema\\\/person\\\/0943d6fd02bdc7b49c8f495e8787a2cb\"},\"headline\":\"Realizada 19\u00aa reuni\u00e3o da Mesa Redonda China-UE em Pequim\",\"datePublished\":\"2024-12-18T19:23:00+00:00\",\"mainEntityOfPage\":{\"@id\":\"https:\\\/\\\/diariodepe.com.br\\\/xinhua\\\/2024\\\/12\\\/18\\\/realizada-19a-reuniao-da-mesa-redonda-china-ue-em-pequim\\\/\"},\"wordCount\":169,\"commentCount\":0,\"publisher\":{\"@id\":\"https:\\\/\\\/diariodepe.com.br\\\/xinhua\\\/#organization\"},\"image\":{\"@id\":\"https:\\\/\\\/diariodepe.com.br\\\/xinhua\\\/2024\\\/12\\\/18\\\/realizada-19a-reuniao-da-mesa-redonda-china-ue-em-pequim\\\/#primaryimage\"},\"thumbnailUrl\":\"https:\\\/\\\/diariodepe.com.br\\\/xinhua\\\/wp-content\\\/uploads\\\/sites\\\/3\\\/2024\\\/12\\\/NPCLQQmThOqJRF3u.png\",\"articleSection\":[\"Internacional\"],\"inLanguage\":\"pt-BR\",\"potentialAction\":[{\"@type\":\"CommentAction\",\"name\":\"Comment\",\"target\":[\"https:\\\/\\\/diariodepe.com.br\\\/xinhua\\\/2024\\\/12\\\/18\\\/realizada-19a-reuniao-da-mesa-redonda-china-ue-em-pequim\\\/#respond\"]}]},{\"@type\":\"WebPage\",\"@id\":\"https:\\\/\\\/diariodepe.com.br\\\/xinhua\\\/2024\\\/12\\\/18\\\/realizada-19a-reuniao-da-mesa-redonda-china-ue-em-pequim\\\/\",\"url\":\"https:\\\/\\\/diariodepe.com.br\\\/xinhua\\\/2024\\\/12\\\/18\\\/realizada-19a-reuniao-da-mesa-redonda-china-ue-em-pequim\\\/\",\"name\":\"Realizada 19\u00aa reuni\u00e3o da Mesa Redonda China-UE em Pequim - Xinhua - Diario de Pernambuco\",\"isPartOf\":{\"@id\":\"https:\\\/\\\/diariodepe.com.br\\\/xinhua\\\/#website\"},\"primaryImageOfPage\":{\"@id\":\"https:\\\/\\\/diariodepe.com.br\\\/xinhua\\\/2024\\\/12\\\/18\\\/realizada-19a-reuniao-da-mesa-redonda-china-ue-em-pequim\\\/#primaryimage\"},\"image\":{\"@id\":\"https:\\\/\\\/diariodepe.com.br\\\/xinhua\\\/2024\\\/12\\\/18\\\/realizada-19a-reuniao-da-mesa-redonda-china-ue-em-pequim\\\/#primaryimage\"},\"thumbnailUrl\":\"https:\\\/\\\/diariodepe.com.br\\\/xinhua\\\/wp-content\\\/uploads\\\/sites\\\/3\\\/2024\\\/12\\\/NPCLQQmThOqJRF3u.png\",\"datePublished\":\"2024-12-18T19:23:00+00:00\",\"breadcrumb\":{\"@id\":\"https:\\\/\\\/diariodepe.com.br\\\/xinhua\\\/2024\\\/12\\\/18\\\/realizada-19a-reuniao-da-mesa-redonda-china-ue-em-pequim\\\/#breadcrumb\"},\"inLanguage\":\"pt-BR\",\"potentialAction\":[{\"@type\":\"ReadAction\",\"target\":[\"https:\\\/\\\/diariodepe.com.br\\\/xinhua\\\/2024\\\/12\\\/18\\\/realizada-19a-reuniao-da-mesa-redonda-china-ue-em-pequim\\\/\"]}]},{\"@type\":\"ImageObject\",\"inLanguage\":\"pt-BR\",\"@id\":\"https:\\\/\\\/diariodepe.com.br\\\/xinhua\\\/2024\\\/12\\\/18\\\/realizada-19a-reuniao-da-mesa-redonda-china-ue-em-pequim\\\/#primaryimage\",\"url\":\"https:\\\/\\\/diariodepe.com.br\\\/xinhua\\\/wp-content\\\/uploads\\\/sites\\\/3\\\/2024\\\/12\\\/NPCLQQmThOqJRF3u.png\",\"contentUrl\":\"https:\\\/\\\/diariodepe.com.br\\\/xinhua\\\/wp-content\\\/uploads\\\/sites\\\/3\\\/2024\\\/12\\\/NPCLQQmThOqJRF3u.png\",\"width\":1024,\"height\":683},{\"@type\":\"BreadcrumbList\",\"@id\":\"https:\\\/\\\/diariodepe.com.br\\\/xinhua\\\/2024\\\/12\\\/18\\\/realizada-19a-reuniao-da-mesa-redonda-china-ue-em-pequim\\\/#breadcrumb\",\"itemListElement\":[{\"@type\":\"ListItem\",\"position\":1,\"name\":\"In\u00edcio\",\"item\":\"https:\\\/\\\/diariodepe.com.br\\\/xinhua\\\/\"},{\"@type\":\"ListItem\",\"position\":2,\"name\":\"Realizada 19\u00aa reuni\u00e3o da Mesa Redonda China-UE em Pequim\"}]},{\"@type\":\"WebSite\",\"@id\":\"https:\\\/\\\/diariodepe.com.br\\\/xinhua\\\/#website\",\"url\":\"https:\\\/\\\/diariodepe.com.br\\\/xinhua\\\/\",\"name\":\"Xinhua - Diario de Pernambuco\",\"description\":\"A maior ag\u00eancia de not\u00edcias da China e um dos principais canais para conhecer o pa\u00eds\",\"publisher\":{\"@id\":\"https:\\\/\\\/diariodepe.com.br\\\/xinhua\\\/#organization\"},\"potentialAction\":[{\"@type\":\"SearchAction\",\"target\":{\"@type\":\"EntryPoint\",\"urlTemplate\":\"https:\\\/\\\/diariodepe.com.br\\\/xinhua\\\/?s={search_term_string}\"},\"query-input\":{\"@type\":\"PropertyValueSpecification\",\"valueRequired\":true,\"valueName\":\"search_term_string\"}}],\"inLanguage\":\"pt-BR\"},{\"@type\":\"Organization\",\"@id\":\"https:\\\/\\\/diariodepe.com.br\\\/xinhua\\\/#organization\",\"name\":\"Xinhua - Diario de Pernambuco\",\"url\":\"https:\\\/\\\/diariodepe.com.br\\\/xinhua\\\/\",\"logo\":{\"@type\":\"ImageObject\",\"inLanguage\":\"pt-BR\",\"@id\":\"https:\\\/\\\/diariodepe.com.br\\\/xinhua\\\/#\\\/schema\\\/logo\\\/image\\\/\",\"url\":\"https:\\\/\\\/diariodepe.com.br\\\/xinhua\\\/wp-content\\\/uploads\\\/sites\\\/3\\\/2020\\\/10\\\/cropped-logo-transparente-2.png\",\"contentUrl\":\"https:\\\/\\\/diariodepe.com.br\\\/xinhua\\\/wp-content\\\/uploads\\\/sites\\\/3\\\/2020\\\/10\\\/cropped-logo-transparente-2.png\",\"width\":512,\"height\":164,\"caption\":\"Xinhua - Diario de Pernambuco\"},\"image\":{\"@id\":\"https:\\\/\\\/diariodepe.com.br\\\/xinhua\\\/#\\\/schema\\\/logo\\\/image\\\/\"}},{\"@type\":\"Person\",\"@id\":\"https:\\\/\\\/diariodepe.com.br\\\/xinhua\\\/#\\\/schema\\\/person\\\/0943d6fd02bdc7b49c8f495e8787a2cb\",\"name\":\"Marcelo Oliveira de A. Maranhao\",\"image\":{\"@type\":\"ImageObject\",\"inLanguage\":\"pt-BR\",\"@id\":\"https:\\\/\\\/secure.gravatar.com\\\/avatar\\\/f562caee940d39879c20e90eea3e4b21860c7d4c96684c23141c554824f0059c?s=96&d=mm&r=g\",\"url\":\"https:\\\/\\\/secure.gravatar.com\\\/avatar\\\/f562caee940d39879c20e90eea3e4b21860c7d4c96684c23141c554824f0059c?s=96&d=mm&r=g\",\"contentUrl\":\"https:\\\/\\\/secure.gravatar.com\\\/avatar\\\/f562caee940d39879c20e90eea3e4b21860c7d4c96684c23141c554824f0059c?s=96&d=mm&r=g\",\"caption\":\"Marcelo Oliveira de A. Maranhao\"},\"url\":\"https:\\\/\\\/diariodepe.com.br\\\/xinhua\\\/author\\\/marcelo-maranhao\\\/\"}]}<\/script>\n<!-- \/ Yoast SEO plugin. -->","yoast_head_json":{"title":"Realizada 19\u00aa reuni\u00e3o da Mesa Redonda China-UE em Pequim - Xinhua - Diario de Pernambuco","robots":{"index":"index","follow":"follow","max-snippet":"max-snippet:-1","max-image-preview":"max-image-preview:large","max-video-preview":"max-video-preview:-1"},"canonical":"https:\/\/diariodepe.com.br\/xinhua\/2024\/12\/18\/realizada-19a-reuniao-da-mesa-redonda-china-ue-em-pequim\/","og_locale":"pt_BR","og_type":"article","og_title":"Realizada 19\u00aa reuni\u00e3o da Mesa Redonda China-UE em Pequim - Xinhua - Diario de Pernambuco","og_description":"Pequim &#8211; Wang Dongfeng, presidente do Conselho Econ\u00f4mico e Social da China (CESC), participou e discursou na 19\u00aa reuni\u00e3o da Mesa Redonda China-UE na ter\u00e7a-feira, em Pequim. A reuni\u00e3o foi realizada entre o CESC e seu hom\u00f3logo europeu, o Comit\u00ea...","og_url":"https:\/\/diariodepe.com.br\/xinhua\/2024\/12\/18\/realizada-19a-reuniao-da-mesa-redonda-china-ue-em-pequim\/","og_site_name":"Xinhua - Diario de Pernambuco","article_published_time":"2024-12-18T19:23:00+00:00","og_image":[{"width":1024,"height":683,"url":"https:\/\/diariodepe.com.br\/xinhua\/wp-content\/uploads\/sites\/3\/2024\/12\/NPCLQQmThOqJRF3u.png","type":"image\/png"}],"author":"Marcelo Oliveira de A. Maranhao","twitter_card":"summary_large_image","twitter_misc":{"Escrito por":"Marcelo Oliveira de A. Maranhao","Est. tempo de leitura":"1 minuto"},"schema":{"@context":"https:\/\/schema.org","@graph":[{"@type":"Article","@id":"https:\/\/diariodepe.com.br\/xinhua\/2024\/12\/18\/realizada-19a-reuniao-da-mesa-redonda-china-ue-em-pequim\/#article","isPartOf":{"@id":"https:\/\/diariodepe.com.br\/xinhua\/2024\/12\/18\/realizada-19a-reuniao-da-mesa-redonda-china-ue-em-pequim\/"},"author":{"name":"Marcelo Oliveira de A. Maranhao","@id":"https:\/\/diariodepe.com.br\/xinhua\/#\/schema\/person\/0943d6fd02bdc7b49c8f495e8787a2cb"},"headline":"Realizada 19\u00aa reuni\u00e3o da Mesa Redonda China-UE em Pequim","datePublished":"2024-12-18T19:23:00+00:00","mainEntityOfPage":{"@id":"https:\/\/diariodepe.com.br\/xinhua\/2024\/12\/18\/realizada-19a-reuniao-da-mesa-redonda-china-ue-em-pequim\/"},"wordCount":169,"commentCount":0,"publisher":{"@id":"https:\/\/diariodepe.com.br\/xinhua\/#organization"},"image":{"@id":"https:\/\/diariodepe.com.br\/xinhua\/2024\/12\/18\/realizada-19a-reuniao-da-mesa-redonda-china-ue-em-pequim\/#primaryimage"},"thumbnailUrl":"https:\/\/diariodepe.com.br\/xinhua\/wp-content\/uploads\/sites\/3\/2024\/12\/NPCLQQmThOqJRF3u.png","articleSection":["Internacional"],"inLanguage":"pt-BR","potentialAction":[{"@type":"CommentAction","name":"Comment","target":["https:\/\/diariodepe.com.br\/xinhua\/2024\/12\/18\/realizada-19a-reuniao-da-mesa-redonda-china-ue-em-pequim\/#respond"]}]},{"@type":"WebPage","@id":"https:\/\/diariodepe.com.br\/xinhua\/2024\/12\/18\/realizada-19a-reuniao-da-mesa-redonda-china-ue-em-pequim\/","url":"https:\/\/diariodepe.com.br\/xinhua\/2024\/12\/18\/realizada-19a-reuniao-da-mesa-redonda-china-ue-em-pequim\/","name":"Realizada 19\u00aa reuni\u00e3o da Mesa Redonda China-UE em Pequim - Xinhua - Diario de Pernambuco","isPartOf":{"@id":"https:\/\/diariodepe.com.br\/xinhua\/#website"},"primaryImageOfPage":{"@id":"https:\/\/diariodepe.com.br\/xinhua\/2024\/12\/18\/realizada-19a-reuniao-da-mesa-redonda-china-ue-em-pequim\/#primaryimage"},"image":{"@id":"https:\/\/diariodepe.com.br\/xinhua\/2024\/12\/18\/realizada-19a-reuniao-da-mesa-redonda-china-ue-em-pequim\/#primaryimage"},"thumbnailUrl":"https:\/\/diariodepe.com.br\/xinhua\/wp-content\/uploads\/sites\/3\/2024\/12\/NPCLQQmThOqJRF3u.png","datePublished":"2024-12-18T19:23:00+00:00","breadcrumb":{"@id":"https:\/\/diariodepe.com.br\/xinhua\/2024\/12\/18\/realizada-19a-reuniao-da-mesa-redonda-china-ue-em-pequim\/#breadcrumb"},"inLanguage":"pt-BR","potentialAction":[{"@type":"ReadAction","target":["https:\/\/diariodepe.com.br\/xinhua\/2024\/12\/18\/realizada-19a-reuniao-da-mesa-redonda-china-ue-em-pequim\/"]}]},{"@type":"ImageObject","inLanguage":"pt-BR","@id":"https:\/\/diariodepe.com.br\/xinhua\/2024\/12\/18\/realizada-19a-reuniao-da-mesa-redonda-china-ue-em-pequim\/#primaryimage","url":"https:\/\/diariodepe.com.br\/xinhua\/wp-content\/uploads\/sites\/3\/2024\/12\/NPCLQQmThOqJRF3u.png","contentUrl":"https:\/\/diariodepe.com.br\/xinhua\/wp-content\/uploads\/sites\/3\/2024\/12\/NPCLQQmThOqJRF3u.png","width":1024,"height":683},{"@type":"BreadcrumbList","@id":"https:\/\/diariodepe.com.br\/xinhua\/2024\/12\/18\/realizada-19a-reuniao-da-mesa-redonda-china-ue-em-pequim\/#breadcrumb","itemListElement":[{"@type":"ListItem","position":1,"name":"In\u00edcio","item":"https:\/\/diariodepe.com.br\/xinhua\/"},{"@type":"ListItem","position":2,"name":"Realizada 19\u00aa reuni\u00e3o da Mesa Redonda China-UE em Pequim"}]},{"@type":"WebSite","@id":"https:\/\/diariodepe.com.br\/xinhua\/#website","url":"https:\/\/diariodepe.com.br\/xinhua\/","name":"Xinhua - Diario de Pernambuco","description":"A maior ag\u00eancia de not\u00edcias da China e um dos principais canais para conhecer o pa\u00eds","publisher":{"@id":"https:\/\/diariodepe.com.br\/xinhua\/#organization"},"potentialAction":[{"@type":"SearchAction","target":{"@type":"EntryPoint","urlTemplate":"https:\/\/diariodepe.com.br\/xinhua\/?s={search_term_string}"},"query-input":{"@type":"PropertyValueSpecification","valueRequired":true,"valueName":"search_term_string"}}],"inLanguage":"pt-BR"},{"@type":"Organization","@id":"https:\/\/diariodepe.com.br\/xinhua\/#organization","name":"Xinhua - Diario de Pernambuco","url":"https:\/\/diariodepe.com.br\/xinhua\/","logo":{"@type":"ImageObject","inLanguage":"pt-BR","@id":"https:\/\/diariodepe.com.br\/xinhua\/#\/schema\/logo\/image\/","url":"https:\/\/diariodepe.com.br\/xinhua\/wp-content\/uploads\/sites\/3\/2020\/10\/cropped-logo-transparente-2.png","contentUrl":"https:\/\/diariodepe.com.br\/xinhua\/wp-content\/uploads\/sites\/3\/2020\/10\/cropped-logo-transparente-2.png","width":512,"height":164,"caption":"Xinhua - Diario de Pernambuco"},"image":{"@id":"https:\/\/diariodepe.com.br\/xinhua\/#\/schema\/logo\/image\/"}},{"@type":"Person","@id":"https:\/\/diariodepe.com.br\/xinhua\/#\/schema\/person\/0943d6fd02bdc7b49c8f495e8787a2cb","name":"Marcelo Oliveira de A. Maranhao","image":{"@type":"ImageObject","inLanguage":"pt-BR","@id":"https:\/\/secure.gravatar.com\/avatar\/f562caee940d39879c20e90eea3e4b21860c7d4c96684c23141c554824f0059c?s=96&d=mm&r=g","url":"https:\/\/secure.gravatar.com\/avatar\/f562caee940d39879c20e90eea3e4b21860c7d4c96684c23141c554824f0059c?s=96&d=mm&r=g","contentUrl":"https:\/\/secure.gravatar.com\/avatar\/f562caee940d39879c20e90eea3e4b21860c7d4c96684c23141c554824f0059c?s=96&d=mm&r=g","caption":"Marcelo Oliveira de A. Maranhao"},"url":"https:\/\/diariodepe.com.br\/xinhua\/author\/marcelo-maranhao\/"}]}},"cc_featured_image_caption":{"caption_text":"","source_text":"","source_url":""},"amp_enabled":true,"_links":{"self":[{"href":"https:\/\/diariodepe.com.br\/xinhua\/wp-json\/wp\/v2\/posts\/24514","targetHints":{"allow":["GET"]}}],"collection":[{"href":"https:\/\/diariodepe.com.br\/xinhua\/wp-json\/wp\/v2\/posts"}],"about":[{"href":"https:\/\/diariodepe.com.br\/xinhua\/wp-json\/wp\/v2\/types\/post"}],"author":[{"embeddable":true,"href":"https:\/\/diariodepe.com.br\/xinhua\/wp-json\/wp\/v2\/users\/3"}],"replies":[{"embeddable":true,"href":"https:\/\/diariodepe.com.br\/xinhua\/wp-json\/wp\/v2\/comments?post=24514"}],"version-history":[{"count":1,"href":"https:\/\/diariodepe.com.br\/xinhua\/wp-json\/wp\/v2\/posts\/24514\/revisions"}],"predecessor-version":[{"id":24516,"href":"https:\/\/diariodepe.com.br\/xinhua\/wp-json\/wp\/v2\/posts\/24514\/revisions\/24516"}],"wp:featuredmedia":[{"embeddable":true,"href":"https:\/\/diariodepe.com.br\/xinhua\/wp-json\/wp\/v2\/media\/24515"}],"wp:attachment":[{"href":"https:\/\/diariodepe.com.br\/xinhua\/wp-json\/wp\/v2\/media?parent=24514"}],"wp:term":[{"taxonomy":"category","embeddable":true,"href":"https:\/\/diariodepe.com.br\/xinhua\/wp-json\/wp\/v2\/categories?post=24514"},{"taxonomy":"post_tag","embeddable":true,"href":"https:\/\/diariodepe.com.br\/xinhua\/wp-json\/wp\/v2\/tags?post=24514"}],"curies":[{"name":"wp","href":"https:\/\/api.w.org\/{rel}","templated":true}]}}