{"id":24436,"date":"2024-12-13T10:04:00","date_gmt":"2024-12-13T13:04:00","guid":{"rendered":"https:\/\/www.diariodepe.com.br\/xinhua\/?p=24436"},"modified":"2024-12-13T17:07:52","modified_gmt":"2024-12-13T20:07:52","slug":"europa-em-uma-encruzilhada-eleicoes-remodelam-continente-em-meio-a-divisoes","status":"publish","type":"post","link":"https:\/\/diariodepe.com.br\/xinhua\/2024\/12\/13\/europa-em-uma-encruzilhada-eleicoes-remodelam-continente-em-meio-a-divisoes\/","title":{"rendered":"Europa em uma encruzilhada: elei\u00e7\u00f5es remodelam continente em meio a divis\u00f5es"},"content":{"rendered":"\n<p>Por Xia Yuanyi, Zhang Xin e Li Jizhi<\/p>\n\n\n\n<p>Bruxelas &#8211; Conforme 2024 chega ao fim, a Rom\u00eania se tornou a mais nova na\u00e7\u00e3o europeia envolvida em uma &#8220;turbul\u00eancia p\u00f3s-eleitoral&#8221;. O pa\u00eds aguarda um novo governo definir os dados para reeleger seu presidente ap\u00f3s a anula\u00e7\u00e3o sem precedente do primeiro turno da elei\u00e7\u00e3o presidencial pelo Tribunal Constitucional.<\/p>\n\n\n\n<p>Em toda a Europa, h\u00e1 uma instabilidade semelhante. V\u00e1rios governos enfrentaram votos de confian\u00e7a, a turbul\u00eancia pol\u00edtica se mant\u00e9m e a lideran\u00e7a continua sem solu\u00e7\u00e3o.<\/p>\n\n\n\n<p>Mais de 20 elei\u00e7\u00f5es regionais e nacionais este ano n\u00e3o pretende resolver as manobras pol\u00edticas no continente. Em vez disso, os parlamentos divididos e as coaliz\u00f5es fr\u00e1geis resultantes disso deixaram os votos ansiosos por mudan\u00e7as, e cada vez mais insatisfeitos, conforme as quest\u00f5es cr\u00edticas continuam, se n\u00e3o pioram.<\/p>\n\n\n\n<p><strong>VEREDITO ELEITORAL: UMA VIRADA \u00c0 DIREITA<\/strong><\/p>\n\n\n\n<p>A pol\u00edtica de crise da Rom\u00eania decorre de interfer\u00eancias de interfer\u00eancia russa apoiando o candidato de extrema direita Calin Georgescu na elei\u00e7\u00e3o anulada. Agora os partidos pr\u00f3-europeus est\u00e3o se esfor\u00e7ando para formar uma maioria, pois as disputas de lideran\u00e7a e as divis\u00f5es pol\u00edticas paralisam o progresso, aumentando a frustra\u00e7\u00e3o p\u00fablica.<\/p>\n\n\n\n<figure class=\"wp-block-image\"><img decoding=\"async\" src=\"https:\/\/portuguese.news.cn\/20241213\/577574544de744d5bd0485d66b18f449\/20241213577574544de744d5bd0485d66b18f449_20241213d7240a6992de4e7e8ea121a66d416224.jpeg\" alt=\"\"\/><figcaption>Foto tirada no dia 10 de junho de 2024 mostra resultados provis\u00f3rios das elei\u00e7\u00f5es do Parlamento Europeu 2024 no Parlamento Europeu em Bruxelas, B\u00e9lgica. (Xinhua\/Zhao Dingzhe)<\/figcaption><\/figure>\n\n\n\n<p>A dif\u00edcil situa\u00e7\u00e3o da Rom\u00eania reflete problemas mais amplos e a influ\u00eancia crescente da extrema direita em toda a Europa. Ap\u00f3s as elei\u00e7\u00f5es do Parlamento Europeu (PE) em junho, os partidos de extrema direita aumentaram em popularidade. Enquanto as for\u00e7as de centro-direita, lideradas pelo Partido Popular Europeu (PPE), mantiveram sua posi\u00e7\u00e3o como o maior bloco, o cen\u00e1rio do PE ficou ainda mais dividido. As cadeiras ocupadas pelas coaliz\u00f5es tradicionais diminu\u00edram, e o n\u00famero de partidos compartilhando o poder aumentou, diminuindo as perspectivas de maiorias lucrativas.<\/p>\n\n\n\n<p>Em novembro houve outro drama pol\u00edtico: Ursula von der segundo Leyen garantiu por pouco o seu mandato como presidente da Comiss\u00e3o Europeia. Sua aprova\u00e7\u00e3o, a menor desde 1993, destacou a divis\u00e3o dentro do PE. O ex-vice-presidente do Parlamento Europeu, Jacek Saryusz-Wolski, descreveu o processo como \u201co menor da hist\u00f3ria do PE\u201d, marcado por \u201cnegocia\u00e7\u00f5es interpartid\u00e1rias\u201d.<\/p>\n\n\n\n<figure class=\"wp-block-image\"><img decoding=\"async\" src=\"https:\/\/portuguese.news.cn\/20241213\/577574544de744d5bd0485d66b18f449\/20241213577574544de744d5bd0485d66b18f449_202412135672276c482b4227895410163e1205e5.jpeg\" alt=\"\"\/><figcaption>Presidente da Comiss\u00e3o Europeia, Ursula von der Leyen, comemora\u00e7\u00e3o ap\u00f3s vota\u00e7\u00e3o na sede do Parlamento Europeu em Estrasburgo, Fran\u00e7a, no dia 27 de novembro de 2024. (Xinhua\/Zhao Dingzhe)<\/figcaption><\/figure>\n\n\n\n<p>Esse impasse institucional \u00e9 agravado por uma lacuna de lideran\u00e7a no n\u00facleo da UE. Fran\u00e7a e Alemanha, h\u00e1 muito tempo a base da formula\u00e7\u00e3o de pol\u00edticas da UE, agora est\u00e3o envolvidas em crises dom\u00e9sticas.<\/p>\n\n\n\n<p>Na Fran\u00e7a, o partido do presidente Emmanuel Macron sofreu uma derrota humilhante nas elei\u00e7\u00f5es antecipadas da Assembleia Nacional em julho, levando a meses de impasse pol\u00edtico e ao mandato mais curto desde 1958. Na Alemanha, uma fr\u00e1gil coaliz\u00e3o do chanceler Olaf Scholz entrou em colapso no m\u00eas passado em meio ao caos or\u00e7ament\u00e1rio e pol\u00edtico. \u00c9 esperado que um voto de confian\u00e7a na Alemanha resulte em elei\u00e7\u00f5es antecipadas em 2025.<\/p>\n\n\n\n<p>At\u00e9 ao final de 2024, agora os partidos de extrema direita ocupam cargos de governo em pelo menos sete pa\u00edses da UE, incluindo Holanda, Finl\u00e2ndia e It\u00e1lia.<\/p>\n\n\n\n<p>De acordo com o think tank Chatham House, sediado em Londres, uma influ\u00eancia crescente da extrema direita come\u00e7ou a remodelar o Conselho Europeu, com os euroc\u00e9ticos defendendo cada vez mais a redu\u00e7\u00e3o da formula\u00e7\u00e3o de pol\u00edticas da UE em favor do controle nacional.<\/p>\n\n\n\n<figure class=\"wp-block-image\"><img decoding=\"async\" src=\"https:\/\/portuguese.news.cn\/20241213\/577574544de744d5bd0485d66b18f449\/20241213577574544de744d5bd0485d66b18f449_20241213e08a8f79726b42c5a345ef0c5c5bc71d.jpeg\" alt=\"\"\/><figcaption>Presidente franc\u00eas, Emmanuel Macron, (2\u00ba, \u00e0 direita) cumprimenta moradores ao chegar para votar em uma se\u00e7\u00e3o eleitoral nas elei\u00e7\u00f5es do Parlamento Europeu em Le Touquet, Fran\u00e7a, no dia 9 de junho de 2024. (Foto de Frank Boham\/Xinhua)<\/figcaption><\/figure>\n\n\n\n<p><strong>FOR\u00c7AS QUE IMPULSIONAM A MUDAN\u00c7A EUROPEIA<\/strong><\/p>\n\n\n\n<p>As mudan\u00e7as pol\u00edticas na Europa mostram anos de frustra\u00e7\u00e3o acumulada dos concorrentes com a estagna\u00e7\u00e3o econ\u00f4mica, as crescentes press\u00f5es migrat\u00f3rias e a tens\u00e3o dos conflitos regionais.<\/p>\n\n\n\n<p>Os problemas econ\u00f4micos foram um tema central em 2024. A economia da zona do euro deve crescer apenas 0,8%, com a Alemanha, sua maior economia, contraindo pelo segundo ano consecutivo. Os recebimentos de d\u00edvida soberana ressurgiram quando o d\u00e9ficit or\u00e7ament\u00e1rio da Fran\u00e7a aumentou para 6,2%, o dobro da meta da UE, reacendendo as preocupa\u00e7\u00f5es sobre a disciplina fiscal.<\/p>\n\n\n\n<p>Enquanto isso, a alta infla\u00e7\u00e3o, os altos custos de energia e uma implac\u00e1vel crise de custo de vida aumentam os or\u00e7amentos familiares. Em outubro, milhares de pessoas em Madri protestaram contra o aumento dos custos de moradia.<\/p>\n\n\n\n<p>A fadiga com a crise na Ucr\u00e2nia tamb\u00e9m incentivou mudan\u00e7as pol\u00edticas. A paci\u00eancia p\u00fablica com o pacote de ajuda de 133 bilh\u00f5es de d\u00f3lares americanos da UE est\u00e1 acabando, especialmente em estados fiscais em tens\u00e3o como a Fran\u00e7a. Na Eslov\u00e1quia, a oposi\u00e7\u00e3o ao apoio militar \u00e0 Ucr\u00e2nia ajudou a contribuir para a extrema direita ao poder, enquanto na Pol\u00f3nia, os fluxos de refugiados amplificaram a ret\u00f3rica nacionalista e aumentaram a divis\u00e3o p\u00fablica.<\/p>\n\n\n\n<figure class=\"wp-block-image\"><img decoding=\"async\" src=\"https:\/\/portuguese.news.cn\/20241213\/577574544de744d5bd0485d66b18f449\/20241213577574544de744d5bd0485d66b18f449_20241213e38c7e448bc94c31a275ff193a691aa1.jpeg\" alt=\"\"\/><figcaption>Ve\u00edculos parados em sem\u00e1foro perto da sede da UE em Bruxelas, B\u00e9lgica, no dia 4 de outubro de 2024. (Xinhua\/Zhao Dingzhe)<\/figcaption><\/figure>\n\n\n\n<p>A ambiciosa agenda clim\u00e1tica da UE tamb\u00e9m causou um acontecimento negativo. Em janeiro, fazendeiros alem\u00e3es protestaram contra as regulamenta\u00e7\u00f5es do Acordo Verde, desencadeando manifesta\u00e7\u00f5es semelhantes na B\u00e9lgica, na Fran\u00e7a e na Pol\u00f4nia. O Instituto de Economia Clim\u00e1tica, sediado em Paris, estimou que atingir as metas clim\u00e1ticas da UE para 2030 exigir\u00e1 investimentos anuais de 813 bilh\u00f5es de euros, o equivalente a 5,1% do PIB do bloco, o que \u00e9 insustent\u00e1vel para muitas economias que passam por dificuldades.<\/p>\n\n\n\n<p>A migra\u00e7\u00e3o continua sendo a quest\u00e3o mais politicamente cobrada da Europa, com os principais partidos centristas adotando cada vez mais uma ret\u00f3rica de extrema direita sobre o assunto para manter o apoio dos representantes.<\/p>\n\n\n\n<p>Em abril, a UE reformulou suas pol\u00edticas de asilo para refor\u00e7ar os controles de fronteira e acelerar as deporta\u00e7\u00f5es. Internamente, a Alemanha restabeleceu os controles tempor\u00e1rios de fronteira em setembro, com a Fran\u00e7a, a \u00c1ustria e outros pa\u00edses seguindo o exemplo. Essas medidas, no entanto, t\u00eam um custo: o desgaste do princ\u00edpio fundamental de livre circula\u00e7\u00e3o da Zona Schengen.<\/p>\n\n\n\n<p><strong>DESAFIOS INTERNOS E EXTERNOS<\/strong><\/p>\n\n\n\n<p>O think tank franc\u00eas Fondapol destacou os dilemas pol\u00edticos da Europa: os progressistas est\u00e3o presos entre as demandas da imigra\u00e7\u00e3o em massa e da transi\u00e7\u00e3o ecol\u00f3gica, e a necessidade de manter o bem-estar social e o poder de compra de baixa renda.<\/p>\n\n\n\n<figure class=\"wp-block-image\"><img decoding=\"async\" src=\"https:\/\/portuguese.news.cn\/20241213\/577574544de744d5bd0485d66b18f449\/20241213577574544de744d5bd0485d66b18f449_20241213de1a8a5f707746a18ab72011f94fc256.jpeg\" alt=\"\"\/><figcaption>O primeiro-ministro h\u00fangaro, Viktor Orban (centro), o presidente do Conselho Europeu, Charles Michel, (direita) e a presidente da Comiss\u00e3o Europeia, Ursula von der Leyen, participaram de entrevista coletiva ap\u00f3s reuni\u00e3o informal do Conselho Europeu em Budapeste, Hungria, no dia 8 de novembro de 2024. (Foto de Attila Volgyi\/Xinhua)<\/figcaption><\/figure>\n\n\n\n<p>A mudan\u00e7a no cen\u00e1rio geopol\u00edtico, marcada pelo retorno de Donald Trump \u00e0 Casa Branca, traz mais incertezas para o continente. Conforme chega a \u201cera Trump 2.0\u201d, a Europa se prepara para poss\u00edveis consequ\u00eancias: a retirada dos EUA da OTAN, a redu\u00e7\u00e3o do apoio \u00e0 Ucr\u00e2nia e guerras comerciais.<\/p>\n\n\n\n<p>Jian Junbo, vice-diretor do Centro de Rela\u00e7\u00f5es China-Europa da Universidade Fudan, disse \u00e0 Xinhua que, se essas preocupa\u00e7\u00f5es virarem realidade, a Europa pode priorizar a seguran\u00e7a, mesmo com despesas econ\u00f4micas.<\/p>\n\n\n\n<p>Em meio a essas preocupa\u00e7\u00f5es, os partidos de extrema direita t\u00eam destacadas como defici\u00eancias estruturais e de lideran\u00e7a da UE, consolidando suas plataformas nacionalistas e euroc\u00e9ticas. Essas perguntas tamb\u00e9m for\u00e7aram os partidos tradicionais a se adaptarem.<\/p>\n\n\n\n<p>\u201cO que antes era considerado radical, agora virou o novo normal\u201d, comentou Matthijs Rooduijn, cientista pol\u00edtico da Universidade de Amsterd\u00e3.<\/p>\n\n\n\n<p>As escolhas eleitorais de 2024 refletem as crises crescentes da Europa, deixando o continente em uma cr\u00edtica encruzilhada. O futuro da Europa ser\u00e1 definido se ela conseguir superar a fragmenta\u00e7\u00e3o, reconstruindo a confian\u00e7a entre os candidatos e a uni\u00e3o dos estados-membros. No entanto, fica claro que as abordagens antigas n\u00e3o s\u00e3o mais suficientes.<\/p>\n","protected":false},"excerpt":{"rendered":"<p>Por Xia Yuanyi, Zhang Xin e Li Jizhi Bruxelas &#8211; Conforme 2024 chega ao fim, a Rom\u00eania se tornou a mais nova na\u00e7\u00e3o europeia envolvida em uma &#8220;turbul\u00eancia p\u00f3s-eleitoral&#8221;. O pa\u00eds aguarda um novo governo definir os dados para reeleger&#8230;<\/p>\n","protected":false},"author":3,"featured_media":24437,"comment_status":"open","ping_status":"open","sticky":false,"template":"","format":"standard","meta":{"footnotes":""},"categories":[4],"tags":[],"class_list":["post-24436","post","type-post","status-publish","format-standard","has-post-thumbnail","hentry","category-internacional"],"yoast_head":"<!-- This site is optimized with the Yoast SEO plugin v27.4 - https:\/\/yoast.com\/product\/yoast-seo-wordpress\/ -->\n<title>Europa em uma encruzilhada: elei\u00e7\u00f5es remodelam continente em meio a divis\u00f5es - Xinhua - Diario de Pernambuco<\/title>\n<meta name=\"robots\" content=\"index, follow, max-snippet:-1, max-image-preview:large, max-video-preview:-1\" \/>\n<link rel=\"canonical\" href=\"https:\/\/diariodepe.com.br\/xinhua\/2024\/12\/13\/europa-em-uma-encruzilhada-eleicoes-remodelam-continente-em-meio-a-divisoes\/\" \/>\n<meta property=\"og:locale\" content=\"pt_BR\" \/>\n<meta property=\"og:type\" content=\"article\" \/>\n<meta property=\"og:title\" content=\"Europa em uma encruzilhada: elei\u00e7\u00f5es remodelam continente em meio a divis\u00f5es - Xinhua - Diario de Pernambuco\" \/>\n<meta property=\"og:description\" content=\"Por Xia Yuanyi, Zhang Xin e Li Jizhi Bruxelas &#8211; Conforme 2024 chega ao fim, a Rom\u00eania se tornou a mais nova na\u00e7\u00e3o europeia envolvida em uma &#8220;turbul\u00eancia p\u00f3s-eleitoral&#8221;. O pa\u00eds aguarda um novo governo definir os dados para reeleger...\" \/>\n<meta property=\"og:url\" content=\"https:\/\/diariodepe.com.br\/xinhua\/2024\/12\/13\/europa-em-uma-encruzilhada-eleicoes-remodelam-continente-em-meio-a-divisoes\/\" \/>\n<meta property=\"og:site_name\" content=\"Xinhua - Diario de Pernambuco\" \/>\n<meta property=\"article:published_time\" content=\"2024-12-13T13:04:00+00:00\" \/>\n<meta property=\"article:modified_time\" content=\"2024-12-13T20:07:52+00:00\" \/>\n<meta property=\"og:image\" content=\"https:\/\/diariodepe.com.br\/xinhua\/wp-content\/uploads\/sites\/3\/2024\/12\/20241213577574544de744d5bd0485d66b18f449_202412131467efb18c2f400982d504a62d06295b.jpeg\" \/>\n\t<meta property=\"og:image:width\" content=\"900\" \/>\n\t<meta property=\"og:image:height\" content=\"600\" \/>\n\t<meta property=\"og:image:type\" content=\"image\/jpeg\" \/>\n<meta name=\"author\" content=\"Marcelo Oliveira de A. Maranhao\" \/>\n<meta name=\"twitter:card\" content=\"summary_large_image\" \/>\n<meta name=\"twitter:label1\" content=\"Escrito por\" \/>\n\t<meta name=\"twitter:data1\" content=\"Marcelo Oliveira de A. Maranhao\" \/>\n\t<meta name=\"twitter:label2\" content=\"Est. tempo de leitura\" \/>\n\t<meta name=\"twitter:data2\" content=\"8 minutos\" \/>\n<script type=\"application\/ld+json\" class=\"yoast-schema-graph\">{\"@context\":\"https:\\\/\\\/schema.org\",\"@graph\":[{\"@type\":\"Article\",\"@id\":\"https:\\\/\\\/diariodepe.com.br\\\/xinhua\\\/2024\\\/12\\\/13\\\/europa-em-uma-encruzilhada-eleicoes-remodelam-continente-em-meio-a-divisoes\\\/#article\",\"isPartOf\":{\"@id\":\"https:\\\/\\\/diariodepe.com.br\\\/xinhua\\\/2024\\\/12\\\/13\\\/europa-em-uma-encruzilhada-eleicoes-remodelam-continente-em-meio-a-divisoes\\\/\"},\"author\":{\"name\":\"Marcelo Oliveira de A. Maranhao\",\"@id\":\"https:\\\/\\\/diariodepe.com.br\\\/xinhua\\\/#\\\/schema\\\/person\\\/0943d6fd02bdc7b49c8f495e8787a2cb\"},\"headline\":\"Europa em uma encruzilhada: elei\u00e7\u00f5es remodelam continente em meio a divis\u00f5es\",\"datePublished\":\"2024-12-13T13:04:00+00:00\",\"dateModified\":\"2024-12-13T20:07:52+00:00\",\"mainEntityOfPage\":{\"@id\":\"https:\\\/\\\/diariodepe.com.br\\\/xinhua\\\/2024\\\/12\\\/13\\\/europa-em-uma-encruzilhada-eleicoes-remodelam-continente-em-meio-a-divisoes\\\/\"},\"wordCount\":1437,\"commentCount\":0,\"publisher\":{\"@id\":\"https:\\\/\\\/diariodepe.com.br\\\/xinhua\\\/#organization\"},\"image\":{\"@id\":\"https:\\\/\\\/diariodepe.com.br\\\/xinhua\\\/2024\\\/12\\\/13\\\/europa-em-uma-encruzilhada-eleicoes-remodelam-continente-em-meio-a-divisoes\\\/#primaryimage\"},\"thumbnailUrl\":\"https:\\\/\\\/diariodepe.com.br\\\/xinhua\\\/wp-content\\\/uploads\\\/sites\\\/3\\\/2024\\\/12\\\/20241213577574544de744d5bd0485d66b18f449_202412131467efb18c2f400982d504a62d06295b.jpeg\",\"articleSection\":[\"Internacional\"],\"inLanguage\":\"pt-BR\",\"potentialAction\":[{\"@type\":\"CommentAction\",\"name\":\"Comment\",\"target\":[\"https:\\\/\\\/diariodepe.com.br\\\/xinhua\\\/2024\\\/12\\\/13\\\/europa-em-uma-encruzilhada-eleicoes-remodelam-continente-em-meio-a-divisoes\\\/#respond\"]}]},{\"@type\":\"WebPage\",\"@id\":\"https:\\\/\\\/diariodepe.com.br\\\/xinhua\\\/2024\\\/12\\\/13\\\/europa-em-uma-encruzilhada-eleicoes-remodelam-continente-em-meio-a-divisoes\\\/\",\"url\":\"https:\\\/\\\/diariodepe.com.br\\\/xinhua\\\/2024\\\/12\\\/13\\\/europa-em-uma-encruzilhada-eleicoes-remodelam-continente-em-meio-a-divisoes\\\/\",\"name\":\"Europa em uma encruzilhada: elei\u00e7\u00f5es remodelam continente em meio a divis\u00f5es - Xinhua - Diario de Pernambuco\",\"isPartOf\":{\"@id\":\"https:\\\/\\\/diariodepe.com.br\\\/xinhua\\\/#website\"},\"primaryImageOfPage\":{\"@id\":\"https:\\\/\\\/diariodepe.com.br\\\/xinhua\\\/2024\\\/12\\\/13\\\/europa-em-uma-encruzilhada-eleicoes-remodelam-continente-em-meio-a-divisoes\\\/#primaryimage\"},\"image\":{\"@id\":\"https:\\\/\\\/diariodepe.com.br\\\/xinhua\\\/2024\\\/12\\\/13\\\/europa-em-uma-encruzilhada-eleicoes-remodelam-continente-em-meio-a-divisoes\\\/#primaryimage\"},\"thumbnailUrl\":\"https:\\\/\\\/diariodepe.com.br\\\/xinhua\\\/wp-content\\\/uploads\\\/sites\\\/3\\\/2024\\\/12\\\/20241213577574544de744d5bd0485d66b18f449_202412131467efb18c2f400982d504a62d06295b.jpeg\",\"datePublished\":\"2024-12-13T13:04:00+00:00\",\"dateModified\":\"2024-12-13T20:07:52+00:00\",\"breadcrumb\":{\"@id\":\"https:\\\/\\\/diariodepe.com.br\\\/xinhua\\\/2024\\\/12\\\/13\\\/europa-em-uma-encruzilhada-eleicoes-remodelam-continente-em-meio-a-divisoes\\\/#breadcrumb\"},\"inLanguage\":\"pt-BR\",\"potentialAction\":[{\"@type\":\"ReadAction\",\"target\":[\"https:\\\/\\\/diariodepe.com.br\\\/xinhua\\\/2024\\\/12\\\/13\\\/europa-em-uma-encruzilhada-eleicoes-remodelam-continente-em-meio-a-divisoes\\\/\"]}]},{\"@type\":\"ImageObject\",\"inLanguage\":\"pt-BR\",\"@id\":\"https:\\\/\\\/diariodepe.com.br\\\/xinhua\\\/2024\\\/12\\\/13\\\/europa-em-uma-encruzilhada-eleicoes-remodelam-continente-em-meio-a-divisoes\\\/#primaryimage\",\"url\":\"https:\\\/\\\/diariodepe.com.br\\\/xinhua\\\/wp-content\\\/uploads\\\/sites\\\/3\\\/2024\\\/12\\\/20241213577574544de744d5bd0485d66b18f449_202412131467efb18c2f400982d504a62d06295b.jpeg\",\"contentUrl\":\"https:\\\/\\\/diariodepe.com.br\\\/xinhua\\\/wp-content\\\/uploads\\\/sites\\\/3\\\/2024\\\/12\\\/20241213577574544de744d5bd0485d66b18f449_202412131467efb18c2f400982d504a62d06295b.jpeg\",\"width\":900,\"height\":600,\"caption\":\"(241208) -- MOGOSOAIA, Dec. 8, 2024 (Xinhua) -- Calin Georgescu (front), winner of the first round of Romania's presidential elections, gestures after talking to the media in front of a closed polling station in Mogosoaia, near Bucharest, Romania, Dec. 8, 2024. Independent presidential candidate Calin Georgescu has called on Romania's Central Electoral Bureau (BEC) and Permanent Electoral Authority (AEP) to disregard the Constitutional Court's (CCR) decision that annulled the presidential election, and to allow the voting process to continue. (Photo by Cristian Cristel\\\/Xinhua)\"},{\"@type\":\"BreadcrumbList\",\"@id\":\"https:\\\/\\\/diariodepe.com.br\\\/xinhua\\\/2024\\\/12\\\/13\\\/europa-em-uma-encruzilhada-eleicoes-remodelam-continente-em-meio-a-divisoes\\\/#breadcrumb\",\"itemListElement\":[{\"@type\":\"ListItem\",\"position\":1,\"name\":\"In\u00edcio\",\"item\":\"https:\\\/\\\/diariodepe.com.br\\\/xinhua\\\/\"},{\"@type\":\"ListItem\",\"position\":2,\"name\":\"Europa em uma encruzilhada: elei\u00e7\u00f5es remodelam continente em meio a divis\u00f5es\"}]},{\"@type\":\"WebSite\",\"@id\":\"https:\\\/\\\/diariodepe.com.br\\\/xinhua\\\/#website\",\"url\":\"https:\\\/\\\/diariodepe.com.br\\\/xinhua\\\/\",\"name\":\"Xinhua - Diario de Pernambuco\",\"description\":\"A maior ag\u00eancia de not\u00edcias da China e um dos principais canais para conhecer o pa\u00eds\",\"publisher\":{\"@id\":\"https:\\\/\\\/diariodepe.com.br\\\/xinhua\\\/#organization\"},\"potentialAction\":[{\"@type\":\"SearchAction\",\"target\":{\"@type\":\"EntryPoint\",\"urlTemplate\":\"https:\\\/\\\/diariodepe.com.br\\\/xinhua\\\/?s={search_term_string}\"},\"query-input\":{\"@type\":\"PropertyValueSpecification\",\"valueRequired\":true,\"valueName\":\"search_term_string\"}}],\"inLanguage\":\"pt-BR\"},{\"@type\":\"Organization\",\"@id\":\"https:\\\/\\\/diariodepe.com.br\\\/xinhua\\\/#organization\",\"name\":\"Xinhua - Diario de Pernambuco\",\"url\":\"https:\\\/\\\/diariodepe.com.br\\\/xinhua\\\/\",\"logo\":{\"@type\":\"ImageObject\",\"inLanguage\":\"pt-BR\",\"@id\":\"https:\\\/\\\/diariodepe.com.br\\\/xinhua\\\/#\\\/schema\\\/logo\\\/image\\\/\",\"url\":\"https:\\\/\\\/diariodepe.com.br\\\/xinhua\\\/wp-content\\\/uploads\\\/sites\\\/3\\\/2020\\\/10\\\/cropped-logo-transparente-2.png\",\"contentUrl\":\"https:\\\/\\\/diariodepe.com.br\\\/xinhua\\\/wp-content\\\/uploads\\\/sites\\\/3\\\/2020\\\/10\\\/cropped-logo-transparente-2.png\",\"width\":512,\"height\":164,\"caption\":\"Xinhua - Diario de Pernambuco\"},\"image\":{\"@id\":\"https:\\\/\\\/diariodepe.com.br\\\/xinhua\\\/#\\\/schema\\\/logo\\\/image\\\/\"}},{\"@type\":\"Person\",\"@id\":\"https:\\\/\\\/diariodepe.com.br\\\/xinhua\\\/#\\\/schema\\\/person\\\/0943d6fd02bdc7b49c8f495e8787a2cb\",\"name\":\"Marcelo Oliveira de A. Maranhao\",\"image\":{\"@type\":\"ImageObject\",\"inLanguage\":\"pt-BR\",\"@id\":\"https:\\\/\\\/secure.gravatar.com\\\/avatar\\\/f562caee940d39879c20e90eea3e4b21860c7d4c96684c23141c554824f0059c?s=96&d=mm&r=g\",\"url\":\"https:\\\/\\\/secure.gravatar.com\\\/avatar\\\/f562caee940d39879c20e90eea3e4b21860c7d4c96684c23141c554824f0059c?s=96&d=mm&r=g\",\"contentUrl\":\"https:\\\/\\\/secure.gravatar.com\\\/avatar\\\/f562caee940d39879c20e90eea3e4b21860c7d4c96684c23141c554824f0059c?s=96&d=mm&r=g\",\"caption\":\"Marcelo Oliveira de A. Maranhao\"},\"url\":\"https:\\\/\\\/diariodepe.com.br\\\/xinhua\\\/author\\\/marcelo-maranhao\\\/\"}]}<\/script>\n<!-- \/ Yoast SEO plugin. -->","yoast_head_json":{"title":"Europa em uma encruzilhada: elei\u00e7\u00f5es remodelam continente em meio a divis\u00f5es - Xinhua - Diario de Pernambuco","robots":{"index":"index","follow":"follow","max-snippet":"max-snippet:-1","max-image-preview":"max-image-preview:large","max-video-preview":"max-video-preview:-1"},"canonical":"https:\/\/diariodepe.com.br\/xinhua\/2024\/12\/13\/europa-em-uma-encruzilhada-eleicoes-remodelam-continente-em-meio-a-divisoes\/","og_locale":"pt_BR","og_type":"article","og_title":"Europa em uma encruzilhada: elei\u00e7\u00f5es remodelam continente em meio a divis\u00f5es - Xinhua - Diario de Pernambuco","og_description":"Por Xia Yuanyi, Zhang Xin e Li Jizhi Bruxelas &#8211; Conforme 2024 chega ao fim, a Rom\u00eania se tornou a mais nova na\u00e7\u00e3o europeia envolvida em uma &#8220;turbul\u00eancia p\u00f3s-eleitoral&#8221;. O pa\u00eds aguarda um novo governo definir os dados para reeleger...","og_url":"https:\/\/diariodepe.com.br\/xinhua\/2024\/12\/13\/europa-em-uma-encruzilhada-eleicoes-remodelam-continente-em-meio-a-divisoes\/","og_site_name":"Xinhua - Diario de Pernambuco","article_published_time":"2024-12-13T13:04:00+00:00","article_modified_time":"2024-12-13T20:07:52+00:00","og_image":[{"width":900,"height":600,"url":"https:\/\/diariodepe.com.br\/xinhua\/wp-content\/uploads\/sites\/3\/2024\/12\/20241213577574544de744d5bd0485d66b18f449_202412131467efb18c2f400982d504a62d06295b.jpeg","type":"image\/jpeg"}],"author":"Marcelo Oliveira de A. Maranhao","twitter_card":"summary_large_image","twitter_misc":{"Escrito por":"Marcelo Oliveira de A. Maranhao","Est. tempo de leitura":"8 minutos"},"schema":{"@context":"https:\/\/schema.org","@graph":[{"@type":"Article","@id":"https:\/\/diariodepe.com.br\/xinhua\/2024\/12\/13\/europa-em-uma-encruzilhada-eleicoes-remodelam-continente-em-meio-a-divisoes\/#article","isPartOf":{"@id":"https:\/\/diariodepe.com.br\/xinhua\/2024\/12\/13\/europa-em-uma-encruzilhada-eleicoes-remodelam-continente-em-meio-a-divisoes\/"},"author":{"name":"Marcelo Oliveira de A. Maranhao","@id":"https:\/\/diariodepe.com.br\/xinhua\/#\/schema\/person\/0943d6fd02bdc7b49c8f495e8787a2cb"},"headline":"Europa em uma encruzilhada: elei\u00e7\u00f5es remodelam continente em meio a divis\u00f5es","datePublished":"2024-12-13T13:04:00+00:00","dateModified":"2024-12-13T20:07:52+00:00","mainEntityOfPage":{"@id":"https:\/\/diariodepe.com.br\/xinhua\/2024\/12\/13\/europa-em-uma-encruzilhada-eleicoes-remodelam-continente-em-meio-a-divisoes\/"},"wordCount":1437,"commentCount":0,"publisher":{"@id":"https:\/\/diariodepe.com.br\/xinhua\/#organization"},"image":{"@id":"https:\/\/diariodepe.com.br\/xinhua\/2024\/12\/13\/europa-em-uma-encruzilhada-eleicoes-remodelam-continente-em-meio-a-divisoes\/#primaryimage"},"thumbnailUrl":"https:\/\/diariodepe.com.br\/xinhua\/wp-content\/uploads\/sites\/3\/2024\/12\/20241213577574544de744d5bd0485d66b18f449_202412131467efb18c2f400982d504a62d06295b.jpeg","articleSection":["Internacional"],"inLanguage":"pt-BR","potentialAction":[{"@type":"CommentAction","name":"Comment","target":["https:\/\/diariodepe.com.br\/xinhua\/2024\/12\/13\/europa-em-uma-encruzilhada-eleicoes-remodelam-continente-em-meio-a-divisoes\/#respond"]}]},{"@type":"WebPage","@id":"https:\/\/diariodepe.com.br\/xinhua\/2024\/12\/13\/europa-em-uma-encruzilhada-eleicoes-remodelam-continente-em-meio-a-divisoes\/","url":"https:\/\/diariodepe.com.br\/xinhua\/2024\/12\/13\/europa-em-uma-encruzilhada-eleicoes-remodelam-continente-em-meio-a-divisoes\/","name":"Europa em uma encruzilhada: elei\u00e7\u00f5es remodelam continente em meio a divis\u00f5es - Xinhua - Diario de Pernambuco","isPartOf":{"@id":"https:\/\/diariodepe.com.br\/xinhua\/#website"},"primaryImageOfPage":{"@id":"https:\/\/diariodepe.com.br\/xinhua\/2024\/12\/13\/europa-em-uma-encruzilhada-eleicoes-remodelam-continente-em-meio-a-divisoes\/#primaryimage"},"image":{"@id":"https:\/\/diariodepe.com.br\/xinhua\/2024\/12\/13\/europa-em-uma-encruzilhada-eleicoes-remodelam-continente-em-meio-a-divisoes\/#primaryimage"},"thumbnailUrl":"https:\/\/diariodepe.com.br\/xinhua\/wp-content\/uploads\/sites\/3\/2024\/12\/20241213577574544de744d5bd0485d66b18f449_202412131467efb18c2f400982d504a62d06295b.jpeg","datePublished":"2024-12-13T13:04:00+00:00","dateModified":"2024-12-13T20:07:52+00:00","breadcrumb":{"@id":"https:\/\/diariodepe.com.br\/xinhua\/2024\/12\/13\/europa-em-uma-encruzilhada-eleicoes-remodelam-continente-em-meio-a-divisoes\/#breadcrumb"},"inLanguage":"pt-BR","potentialAction":[{"@type":"ReadAction","target":["https:\/\/diariodepe.com.br\/xinhua\/2024\/12\/13\/europa-em-uma-encruzilhada-eleicoes-remodelam-continente-em-meio-a-divisoes\/"]}]},{"@type":"ImageObject","inLanguage":"pt-BR","@id":"https:\/\/diariodepe.com.br\/xinhua\/2024\/12\/13\/europa-em-uma-encruzilhada-eleicoes-remodelam-continente-em-meio-a-divisoes\/#primaryimage","url":"https:\/\/diariodepe.com.br\/xinhua\/wp-content\/uploads\/sites\/3\/2024\/12\/20241213577574544de744d5bd0485d66b18f449_202412131467efb18c2f400982d504a62d06295b.jpeg","contentUrl":"https:\/\/diariodepe.com.br\/xinhua\/wp-content\/uploads\/sites\/3\/2024\/12\/20241213577574544de744d5bd0485d66b18f449_202412131467efb18c2f400982d504a62d06295b.jpeg","width":900,"height":600,"caption":"(241208) -- MOGOSOAIA, Dec. 8, 2024 (Xinhua) -- Calin Georgescu (front), winner of the first round of Romania's presidential elections, gestures after talking to the media in front of a closed polling station in Mogosoaia, near Bucharest, Romania, Dec. 8, 2024. Independent presidential candidate Calin Georgescu has called on Romania's Central Electoral Bureau (BEC) and Permanent Electoral Authority (AEP) to disregard the Constitutional Court's (CCR) decision that annulled the presidential election, and to allow the voting process to continue. (Photo by Cristian Cristel\/Xinhua)"},{"@type":"BreadcrumbList","@id":"https:\/\/diariodepe.com.br\/xinhua\/2024\/12\/13\/europa-em-uma-encruzilhada-eleicoes-remodelam-continente-em-meio-a-divisoes\/#breadcrumb","itemListElement":[{"@type":"ListItem","position":1,"name":"In\u00edcio","item":"https:\/\/diariodepe.com.br\/xinhua\/"},{"@type":"ListItem","position":2,"name":"Europa em uma encruzilhada: elei\u00e7\u00f5es remodelam continente em meio a divis\u00f5es"}]},{"@type":"WebSite","@id":"https:\/\/diariodepe.com.br\/xinhua\/#website","url":"https:\/\/diariodepe.com.br\/xinhua\/","name":"Xinhua - Diario de Pernambuco","description":"A maior ag\u00eancia de not\u00edcias da China e um dos principais canais para conhecer o pa\u00eds","publisher":{"@id":"https:\/\/diariodepe.com.br\/xinhua\/#organization"},"potentialAction":[{"@type":"SearchAction","target":{"@type":"EntryPoint","urlTemplate":"https:\/\/diariodepe.com.br\/xinhua\/?s={search_term_string}"},"query-input":{"@type":"PropertyValueSpecification","valueRequired":true,"valueName":"search_term_string"}}],"inLanguage":"pt-BR"},{"@type":"Organization","@id":"https:\/\/diariodepe.com.br\/xinhua\/#organization","name":"Xinhua - Diario de Pernambuco","url":"https:\/\/diariodepe.com.br\/xinhua\/","logo":{"@type":"ImageObject","inLanguage":"pt-BR","@id":"https:\/\/diariodepe.com.br\/xinhua\/#\/schema\/logo\/image\/","url":"https:\/\/diariodepe.com.br\/xinhua\/wp-content\/uploads\/sites\/3\/2020\/10\/cropped-logo-transparente-2.png","contentUrl":"https:\/\/diariodepe.com.br\/xinhua\/wp-content\/uploads\/sites\/3\/2020\/10\/cropped-logo-transparente-2.png","width":512,"height":164,"caption":"Xinhua - Diario de Pernambuco"},"image":{"@id":"https:\/\/diariodepe.com.br\/xinhua\/#\/schema\/logo\/image\/"}},{"@type":"Person","@id":"https:\/\/diariodepe.com.br\/xinhua\/#\/schema\/person\/0943d6fd02bdc7b49c8f495e8787a2cb","name":"Marcelo Oliveira de A. Maranhao","image":{"@type":"ImageObject","inLanguage":"pt-BR","@id":"https:\/\/secure.gravatar.com\/avatar\/f562caee940d39879c20e90eea3e4b21860c7d4c96684c23141c554824f0059c?s=96&d=mm&r=g","url":"https:\/\/secure.gravatar.com\/avatar\/f562caee940d39879c20e90eea3e4b21860c7d4c96684c23141c554824f0059c?s=96&d=mm&r=g","contentUrl":"https:\/\/secure.gravatar.com\/avatar\/f562caee940d39879c20e90eea3e4b21860c7d4c96684c23141c554824f0059c?s=96&d=mm&r=g","caption":"Marcelo Oliveira de A. Maranhao"},"url":"https:\/\/diariodepe.com.br\/xinhua\/author\/marcelo-maranhao\/"}]}},"cc_featured_image_caption":{"caption_text":"","source_text":"","source_url":""},"amp_enabled":true,"_links":{"self":[{"href":"https:\/\/diariodepe.com.br\/xinhua\/wp-json\/wp\/v2\/posts\/24436","targetHints":{"allow":["GET"]}}],"collection":[{"href":"https:\/\/diariodepe.com.br\/xinhua\/wp-json\/wp\/v2\/posts"}],"about":[{"href":"https:\/\/diariodepe.com.br\/xinhua\/wp-json\/wp\/v2\/types\/post"}],"author":[{"embeddable":true,"href":"https:\/\/diariodepe.com.br\/xinhua\/wp-json\/wp\/v2\/users\/3"}],"replies":[{"embeddable":true,"href":"https:\/\/diariodepe.com.br\/xinhua\/wp-json\/wp\/v2\/comments?post=24436"}],"version-history":[{"count":1,"href":"https:\/\/diariodepe.com.br\/xinhua\/wp-json\/wp\/v2\/posts\/24436\/revisions"}],"predecessor-version":[{"id":24438,"href":"https:\/\/diariodepe.com.br\/xinhua\/wp-json\/wp\/v2\/posts\/24436\/revisions\/24438"}],"wp:featuredmedia":[{"embeddable":true,"href":"https:\/\/diariodepe.com.br\/xinhua\/wp-json\/wp\/v2\/media\/24437"}],"wp:attachment":[{"href":"https:\/\/diariodepe.com.br\/xinhua\/wp-json\/wp\/v2\/media?parent=24436"}],"wp:term":[{"taxonomy":"category","embeddable":true,"href":"https:\/\/diariodepe.com.br\/xinhua\/wp-json\/wp\/v2\/categories?post=24436"},{"taxonomy":"post_tag","embeddable":true,"href":"https:\/\/diariodepe.com.br\/xinhua\/wp-json\/wp\/v2\/tags?post=24436"}],"curies":[{"name":"wp","href":"https:\/\/api.w.org\/{rel}","templated":true}]}}