{"id":24430,"date":"2024-12-13T18:00:00","date_gmt":"2024-12-13T21:00:00","guid":{"rendered":"https:\/\/www.diariodepe.com.br\/xinhua\/?p=24430"},"modified":"2024-12-13T17:00:05","modified_gmt":"2024-12-13T20:00:05","slug":"china-realiza-cerimonia-nacional-pelas-vitimas-do-massacre-de-nanjing","status":"publish","type":"post","link":"https:\/\/diariodepe.com.br\/xinhua\/2024\/12\/13\/china-realiza-cerimonia-nacional-pelas-vitimas-do-massacre-de-nanjing\/","title":{"rendered":"China realiza cerim\u00f4nia nacional pelas v\u00edtimas do Massacre de Nanjing"},"content":{"rendered":"\n<p>Nanjing &#8211; Em uma solene demonstra\u00e7\u00e3o de lembran\u00e7a, os moradores de Nanjing observaram um momento de sil\u00eancio enquanto as sirenes ressoavam por toda a cidade na sexta-feira, marcando a cerim\u00f4nia memorial nacional da China em luto pelos 300 mil v\u00edtimas do Massacre de Nanjing.<\/p>\n\n\n\n<p>Apesar do frio do inverno, milhares de pessoas vestidas com trajes escuros se reuniram em Nanjing, prov\u00edncia de Jiangsu, no leste da China, com flores brancas presas ao peito, para participar da cerim\u00f4nia.<\/p>\n\n\n\n<p>A bandeira nacional da China foi apressada a meio mastro em frente \u00e0 multid\u00e3o, que inclu\u00eda sobreviventes do massacre, estudantes locais e amigos internacionais.<\/p>\n\n\n\n<p>\u00c0s 10h01, as sirenes come\u00e7aram a tocar. Os motoristas da cidade pararam seus ve\u00edculos, buzinando em un\u00edssono, enquanto os pedestres pararam para observar um momento de sil\u00eancio em mem\u00f3ria das v\u00edtimas.<\/p>\n\n\n\n<p>Mais de 80 jovens recitaram uma declara\u00e7\u00e3o de paz e representaram os cidad\u00e3os tocaram o Sino da Paz. Em um s\u00edmbolo pungente de esperan\u00e7a, pombas brancas foram soltas, sobrevoando a pra\u00e7a do Sal\u00e3o Memorial das V\u00edtimas do Massacre de Nanjing pelos Invasores Japoneses.<\/p>\n\n\n\n<p>O Massacre de Nanjing ocorreu quando as tropas japonesas tomaram a capital chinesa em 13 de dezembro de 1937. Ao longo de seis semanas, eles mataram aproximadamente 300 mil civis chineses e soldados desarmados em um dos epis\u00f3dios mais b\u00e1rbaros da Segunda Guerra Mundial.<\/p>\n\n\n\n<p>H\u00e1 uma d\u00e9cada, a mais alta legislatura da China designou o dia 13 de dezembro como o dia nacional em mem\u00f3ria das v\u00edtimas das atrocidades.<\/p>\n\n\n\n<p>Desde o dia do memorial nacional do ano passado, seis sobreviventes do massacre faleceram, deixando apenas 32 sobreviventes registrados ainda vivos.<\/p>\n\n\n\n<p>O governo chin\u00eas preservou os testemunhos desses sobreviventes por meio de documentos escritos e gravados em v\u00eddeo. Em 2015, esses registros foram inscritos no Registro de Mem\u00f3ria do Mundo da UNESCO, garantindo que esse cap\u00edtulo angustiante da hist\u00f3ria seja lembrado pelas gera\u00e7\u00f5es futuras.<\/p>\n","protected":false},"excerpt":{"rendered":"<p>Nanjing &#8211; Em uma solene demonstra\u00e7\u00e3o de lembran\u00e7a, os moradores de Nanjing observaram um momento de sil\u00eancio enquanto as sirenes ressoavam por toda a cidade na sexta-feira, marcando a cerim\u00f4nia memorial nacional da China em luto pelos 300 mil v\u00edtimas&#8230;<\/p>\n","protected":false},"author":3,"featured_media":24431,"comment_status":"open","ping_status":"open","sticky":false,"template":"","format":"standard","meta":{"footnotes":""},"categories":[3],"tags":[],"class_list":["post-24430","post","type-post","status-publish","format-standard","has-post-thumbnail","hentry","category-china"],"yoast_head":"<!-- This site is optimized with the Yoast SEO plugin v27.4 - https:\/\/yoast.com\/product\/yoast-seo-wordpress\/ -->\n<title>China realiza cerim\u00f4nia nacional pelas v\u00edtimas do Massacre de Nanjing - Xinhua - Diario de Pernambuco<\/title>\n<meta name=\"robots\" content=\"index, follow, max-snippet:-1, max-image-preview:large, max-video-preview:-1\" \/>\n<link rel=\"canonical\" href=\"https:\/\/diariodepe.com.br\/xinhua\/2024\/12\/13\/china-realiza-cerimonia-nacional-pelas-vitimas-do-massacre-de-nanjing\/\" \/>\n<meta property=\"og:locale\" content=\"pt_BR\" \/>\n<meta property=\"og:type\" content=\"article\" \/>\n<meta property=\"og:title\" content=\"China realiza cerim\u00f4nia nacional pelas v\u00edtimas do Massacre de Nanjing - Xinhua - Diario de Pernambuco\" \/>\n<meta property=\"og:description\" content=\"Nanjing &#8211; Em uma solene demonstra\u00e7\u00e3o de lembran\u00e7a, os moradores de Nanjing observaram um momento de sil\u00eancio enquanto as sirenes ressoavam por toda a cidade na sexta-feira, marcando a cerim\u00f4nia memorial nacional da China em luto pelos 300 mil v\u00edtimas...\" \/>\n<meta property=\"og:url\" content=\"https:\/\/diariodepe.com.br\/xinhua\/2024\/12\/13\/china-realiza-cerimonia-nacional-pelas-vitimas-do-massacre-de-nanjing\/\" \/>\n<meta property=\"og:site_name\" content=\"Xinhua - Diario de Pernambuco\" \/>\n<meta property=\"article:published_time\" content=\"2024-12-13T21:00:00+00:00\" \/>\n<meta property=\"og:image\" content=\"https:\/\/diariodepe.com.br\/xinhua\/wp-content\/uploads\/sites\/3\/2024\/12\/3ByEtVJDBFZqUETA.png\" \/>\n\t<meta property=\"og:image:width\" content=\"1024\" \/>\n\t<meta property=\"og:image:height\" content=\"683\" \/>\n\t<meta property=\"og:image:type\" content=\"image\/png\" \/>\n<meta name=\"author\" content=\"Marcelo Oliveira de A. Maranhao\" \/>\n<meta name=\"twitter:card\" content=\"summary_large_image\" \/>\n<meta name=\"twitter:label1\" content=\"Escrito por\" \/>\n\t<meta name=\"twitter:data1\" content=\"Marcelo Oliveira de A. Maranhao\" \/>\n\t<meta name=\"twitter:label2\" content=\"Est. tempo de leitura\" \/>\n\t<meta name=\"twitter:data2\" content=\"2 minutos\" \/>\n<script type=\"application\/ld+json\" class=\"yoast-schema-graph\">{\"@context\":\"https:\\\/\\\/schema.org\",\"@graph\":[{\"@type\":\"Article\",\"@id\":\"https:\\\/\\\/diariodepe.com.br\\\/xinhua\\\/2024\\\/12\\\/13\\\/china-realiza-cerimonia-nacional-pelas-vitimas-do-massacre-de-nanjing\\\/#article\",\"isPartOf\":{\"@id\":\"https:\\\/\\\/diariodepe.com.br\\\/xinhua\\\/2024\\\/12\\\/13\\\/china-realiza-cerimonia-nacional-pelas-vitimas-do-massacre-de-nanjing\\\/\"},\"author\":{\"name\":\"Marcelo Oliveira de A. Maranhao\",\"@id\":\"https:\\\/\\\/diariodepe.com.br\\\/xinhua\\\/#\\\/schema\\\/person\\\/0943d6fd02bdc7b49c8f495e8787a2cb\"},\"headline\":\"China realiza cerim\u00f4nia nacional pelas v\u00edtimas do Massacre de Nanjing\",\"datePublished\":\"2024-12-13T21:00:00+00:00\",\"mainEntityOfPage\":{\"@id\":\"https:\\\/\\\/diariodepe.com.br\\\/xinhua\\\/2024\\\/12\\\/13\\\/china-realiza-cerimonia-nacional-pelas-vitimas-do-massacre-de-nanjing\\\/\"},\"wordCount\":344,\"commentCount\":0,\"publisher\":{\"@id\":\"https:\\\/\\\/diariodepe.com.br\\\/xinhua\\\/#organization\"},\"image\":{\"@id\":\"https:\\\/\\\/diariodepe.com.br\\\/xinhua\\\/2024\\\/12\\\/13\\\/china-realiza-cerimonia-nacional-pelas-vitimas-do-massacre-de-nanjing\\\/#primaryimage\"},\"thumbnailUrl\":\"https:\\\/\\\/diariodepe.com.br\\\/xinhua\\\/wp-content\\\/uploads\\\/sites\\\/3\\\/2024\\\/12\\\/3ByEtVJDBFZqUETA.png\",\"articleSection\":[\"China\"],\"inLanguage\":\"pt-BR\",\"potentialAction\":[{\"@type\":\"CommentAction\",\"name\":\"Comment\",\"target\":[\"https:\\\/\\\/diariodepe.com.br\\\/xinhua\\\/2024\\\/12\\\/13\\\/china-realiza-cerimonia-nacional-pelas-vitimas-do-massacre-de-nanjing\\\/#respond\"]}]},{\"@type\":\"WebPage\",\"@id\":\"https:\\\/\\\/diariodepe.com.br\\\/xinhua\\\/2024\\\/12\\\/13\\\/china-realiza-cerimonia-nacional-pelas-vitimas-do-massacre-de-nanjing\\\/\",\"url\":\"https:\\\/\\\/diariodepe.com.br\\\/xinhua\\\/2024\\\/12\\\/13\\\/china-realiza-cerimonia-nacional-pelas-vitimas-do-massacre-de-nanjing\\\/\",\"name\":\"China realiza cerim\u00f4nia nacional pelas v\u00edtimas do Massacre de Nanjing - Xinhua - Diario de Pernambuco\",\"isPartOf\":{\"@id\":\"https:\\\/\\\/diariodepe.com.br\\\/xinhua\\\/#website\"},\"primaryImageOfPage\":{\"@id\":\"https:\\\/\\\/diariodepe.com.br\\\/xinhua\\\/2024\\\/12\\\/13\\\/china-realiza-cerimonia-nacional-pelas-vitimas-do-massacre-de-nanjing\\\/#primaryimage\"},\"image\":{\"@id\":\"https:\\\/\\\/diariodepe.com.br\\\/xinhua\\\/2024\\\/12\\\/13\\\/china-realiza-cerimonia-nacional-pelas-vitimas-do-massacre-de-nanjing\\\/#primaryimage\"},\"thumbnailUrl\":\"https:\\\/\\\/diariodepe.com.br\\\/xinhua\\\/wp-content\\\/uploads\\\/sites\\\/3\\\/2024\\\/12\\\/3ByEtVJDBFZqUETA.png\",\"datePublished\":\"2024-12-13T21:00:00+00:00\",\"breadcrumb\":{\"@id\":\"https:\\\/\\\/diariodepe.com.br\\\/xinhua\\\/2024\\\/12\\\/13\\\/china-realiza-cerimonia-nacional-pelas-vitimas-do-massacre-de-nanjing\\\/#breadcrumb\"},\"inLanguage\":\"pt-BR\",\"potentialAction\":[{\"@type\":\"ReadAction\",\"target\":[\"https:\\\/\\\/diariodepe.com.br\\\/xinhua\\\/2024\\\/12\\\/13\\\/china-realiza-cerimonia-nacional-pelas-vitimas-do-massacre-de-nanjing\\\/\"]}]},{\"@type\":\"ImageObject\",\"inLanguage\":\"pt-BR\",\"@id\":\"https:\\\/\\\/diariodepe.com.br\\\/xinhua\\\/2024\\\/12\\\/13\\\/china-realiza-cerimonia-nacional-pelas-vitimas-do-massacre-de-nanjing\\\/#primaryimage\",\"url\":\"https:\\\/\\\/diariodepe.com.br\\\/xinhua\\\/wp-content\\\/uploads\\\/sites\\\/3\\\/2024\\\/12\\\/3ByEtVJDBFZqUETA.png\",\"contentUrl\":\"https:\\\/\\\/diariodepe.com.br\\\/xinhua\\\/wp-content\\\/uploads\\\/sites\\\/3\\\/2024\\\/12\\\/3ByEtVJDBFZqUETA.png\",\"width\":1024,\"height\":683},{\"@type\":\"BreadcrumbList\",\"@id\":\"https:\\\/\\\/diariodepe.com.br\\\/xinhua\\\/2024\\\/12\\\/13\\\/china-realiza-cerimonia-nacional-pelas-vitimas-do-massacre-de-nanjing\\\/#breadcrumb\",\"itemListElement\":[{\"@type\":\"ListItem\",\"position\":1,\"name\":\"In\u00edcio\",\"item\":\"https:\\\/\\\/diariodepe.com.br\\\/xinhua\\\/\"},{\"@type\":\"ListItem\",\"position\":2,\"name\":\"China realiza cerim\u00f4nia nacional pelas v\u00edtimas do Massacre de Nanjing\"}]},{\"@type\":\"WebSite\",\"@id\":\"https:\\\/\\\/diariodepe.com.br\\\/xinhua\\\/#website\",\"url\":\"https:\\\/\\\/diariodepe.com.br\\\/xinhua\\\/\",\"name\":\"Xinhua - Diario de Pernambuco\",\"description\":\"A maior ag\u00eancia de not\u00edcias da China e um dos principais canais para conhecer o pa\u00eds\",\"publisher\":{\"@id\":\"https:\\\/\\\/diariodepe.com.br\\\/xinhua\\\/#organization\"},\"potentialAction\":[{\"@type\":\"SearchAction\",\"target\":{\"@type\":\"EntryPoint\",\"urlTemplate\":\"https:\\\/\\\/diariodepe.com.br\\\/xinhua\\\/?s={search_term_string}\"},\"query-input\":{\"@type\":\"PropertyValueSpecification\",\"valueRequired\":true,\"valueName\":\"search_term_string\"}}],\"inLanguage\":\"pt-BR\"},{\"@type\":\"Organization\",\"@id\":\"https:\\\/\\\/diariodepe.com.br\\\/xinhua\\\/#organization\",\"name\":\"Xinhua - Diario de Pernambuco\",\"url\":\"https:\\\/\\\/diariodepe.com.br\\\/xinhua\\\/\",\"logo\":{\"@type\":\"ImageObject\",\"inLanguage\":\"pt-BR\",\"@id\":\"https:\\\/\\\/diariodepe.com.br\\\/xinhua\\\/#\\\/schema\\\/logo\\\/image\\\/\",\"url\":\"https:\\\/\\\/diariodepe.com.br\\\/xinhua\\\/wp-content\\\/uploads\\\/sites\\\/3\\\/2020\\\/10\\\/cropped-logo-transparente-2.png\",\"contentUrl\":\"https:\\\/\\\/diariodepe.com.br\\\/xinhua\\\/wp-content\\\/uploads\\\/sites\\\/3\\\/2020\\\/10\\\/cropped-logo-transparente-2.png\",\"width\":512,\"height\":164,\"caption\":\"Xinhua - Diario de Pernambuco\"},\"image\":{\"@id\":\"https:\\\/\\\/diariodepe.com.br\\\/xinhua\\\/#\\\/schema\\\/logo\\\/image\\\/\"}},{\"@type\":\"Person\",\"@id\":\"https:\\\/\\\/diariodepe.com.br\\\/xinhua\\\/#\\\/schema\\\/person\\\/0943d6fd02bdc7b49c8f495e8787a2cb\",\"name\":\"Marcelo Oliveira de A. Maranhao\",\"image\":{\"@type\":\"ImageObject\",\"inLanguage\":\"pt-BR\",\"@id\":\"https:\\\/\\\/secure.gravatar.com\\\/avatar\\\/f562caee940d39879c20e90eea3e4b21860c7d4c96684c23141c554824f0059c?s=96&d=mm&r=g\",\"url\":\"https:\\\/\\\/secure.gravatar.com\\\/avatar\\\/f562caee940d39879c20e90eea3e4b21860c7d4c96684c23141c554824f0059c?s=96&d=mm&r=g\",\"contentUrl\":\"https:\\\/\\\/secure.gravatar.com\\\/avatar\\\/f562caee940d39879c20e90eea3e4b21860c7d4c96684c23141c554824f0059c?s=96&d=mm&r=g\",\"caption\":\"Marcelo Oliveira de A. Maranhao\"},\"url\":\"https:\\\/\\\/diariodepe.com.br\\\/xinhua\\\/author\\\/marcelo-maranhao\\\/\"}]}<\/script>\n<!-- \/ Yoast SEO plugin. -->","yoast_head_json":{"title":"China realiza cerim\u00f4nia nacional pelas v\u00edtimas do Massacre de Nanjing - Xinhua - Diario de Pernambuco","robots":{"index":"index","follow":"follow","max-snippet":"max-snippet:-1","max-image-preview":"max-image-preview:large","max-video-preview":"max-video-preview:-1"},"canonical":"https:\/\/diariodepe.com.br\/xinhua\/2024\/12\/13\/china-realiza-cerimonia-nacional-pelas-vitimas-do-massacre-de-nanjing\/","og_locale":"pt_BR","og_type":"article","og_title":"China realiza cerim\u00f4nia nacional pelas v\u00edtimas do Massacre de Nanjing - Xinhua - Diario de Pernambuco","og_description":"Nanjing &#8211; Em uma solene demonstra\u00e7\u00e3o de lembran\u00e7a, os moradores de Nanjing observaram um momento de sil\u00eancio enquanto as sirenes ressoavam por toda a cidade na sexta-feira, marcando a cerim\u00f4nia memorial nacional da China em luto pelos 300 mil v\u00edtimas...","og_url":"https:\/\/diariodepe.com.br\/xinhua\/2024\/12\/13\/china-realiza-cerimonia-nacional-pelas-vitimas-do-massacre-de-nanjing\/","og_site_name":"Xinhua - Diario de Pernambuco","article_published_time":"2024-12-13T21:00:00+00:00","og_image":[{"width":1024,"height":683,"url":"https:\/\/diariodepe.com.br\/xinhua\/wp-content\/uploads\/sites\/3\/2024\/12\/3ByEtVJDBFZqUETA.png","type":"image\/png"}],"author":"Marcelo Oliveira de A. Maranhao","twitter_card":"summary_large_image","twitter_misc":{"Escrito por":"Marcelo Oliveira de A. Maranhao","Est. tempo de leitura":"2 minutos"},"schema":{"@context":"https:\/\/schema.org","@graph":[{"@type":"Article","@id":"https:\/\/diariodepe.com.br\/xinhua\/2024\/12\/13\/china-realiza-cerimonia-nacional-pelas-vitimas-do-massacre-de-nanjing\/#article","isPartOf":{"@id":"https:\/\/diariodepe.com.br\/xinhua\/2024\/12\/13\/china-realiza-cerimonia-nacional-pelas-vitimas-do-massacre-de-nanjing\/"},"author":{"name":"Marcelo Oliveira de A. Maranhao","@id":"https:\/\/diariodepe.com.br\/xinhua\/#\/schema\/person\/0943d6fd02bdc7b49c8f495e8787a2cb"},"headline":"China realiza cerim\u00f4nia nacional pelas v\u00edtimas do Massacre de Nanjing","datePublished":"2024-12-13T21:00:00+00:00","mainEntityOfPage":{"@id":"https:\/\/diariodepe.com.br\/xinhua\/2024\/12\/13\/china-realiza-cerimonia-nacional-pelas-vitimas-do-massacre-de-nanjing\/"},"wordCount":344,"commentCount":0,"publisher":{"@id":"https:\/\/diariodepe.com.br\/xinhua\/#organization"},"image":{"@id":"https:\/\/diariodepe.com.br\/xinhua\/2024\/12\/13\/china-realiza-cerimonia-nacional-pelas-vitimas-do-massacre-de-nanjing\/#primaryimage"},"thumbnailUrl":"https:\/\/diariodepe.com.br\/xinhua\/wp-content\/uploads\/sites\/3\/2024\/12\/3ByEtVJDBFZqUETA.png","articleSection":["China"],"inLanguage":"pt-BR","potentialAction":[{"@type":"CommentAction","name":"Comment","target":["https:\/\/diariodepe.com.br\/xinhua\/2024\/12\/13\/china-realiza-cerimonia-nacional-pelas-vitimas-do-massacre-de-nanjing\/#respond"]}]},{"@type":"WebPage","@id":"https:\/\/diariodepe.com.br\/xinhua\/2024\/12\/13\/china-realiza-cerimonia-nacional-pelas-vitimas-do-massacre-de-nanjing\/","url":"https:\/\/diariodepe.com.br\/xinhua\/2024\/12\/13\/china-realiza-cerimonia-nacional-pelas-vitimas-do-massacre-de-nanjing\/","name":"China realiza cerim\u00f4nia nacional pelas v\u00edtimas do Massacre de Nanjing - Xinhua - Diario de Pernambuco","isPartOf":{"@id":"https:\/\/diariodepe.com.br\/xinhua\/#website"},"primaryImageOfPage":{"@id":"https:\/\/diariodepe.com.br\/xinhua\/2024\/12\/13\/china-realiza-cerimonia-nacional-pelas-vitimas-do-massacre-de-nanjing\/#primaryimage"},"image":{"@id":"https:\/\/diariodepe.com.br\/xinhua\/2024\/12\/13\/china-realiza-cerimonia-nacional-pelas-vitimas-do-massacre-de-nanjing\/#primaryimage"},"thumbnailUrl":"https:\/\/diariodepe.com.br\/xinhua\/wp-content\/uploads\/sites\/3\/2024\/12\/3ByEtVJDBFZqUETA.png","datePublished":"2024-12-13T21:00:00+00:00","breadcrumb":{"@id":"https:\/\/diariodepe.com.br\/xinhua\/2024\/12\/13\/china-realiza-cerimonia-nacional-pelas-vitimas-do-massacre-de-nanjing\/#breadcrumb"},"inLanguage":"pt-BR","potentialAction":[{"@type":"ReadAction","target":["https:\/\/diariodepe.com.br\/xinhua\/2024\/12\/13\/china-realiza-cerimonia-nacional-pelas-vitimas-do-massacre-de-nanjing\/"]}]},{"@type":"ImageObject","inLanguage":"pt-BR","@id":"https:\/\/diariodepe.com.br\/xinhua\/2024\/12\/13\/china-realiza-cerimonia-nacional-pelas-vitimas-do-massacre-de-nanjing\/#primaryimage","url":"https:\/\/diariodepe.com.br\/xinhua\/wp-content\/uploads\/sites\/3\/2024\/12\/3ByEtVJDBFZqUETA.png","contentUrl":"https:\/\/diariodepe.com.br\/xinhua\/wp-content\/uploads\/sites\/3\/2024\/12\/3ByEtVJDBFZqUETA.png","width":1024,"height":683},{"@type":"BreadcrumbList","@id":"https:\/\/diariodepe.com.br\/xinhua\/2024\/12\/13\/china-realiza-cerimonia-nacional-pelas-vitimas-do-massacre-de-nanjing\/#breadcrumb","itemListElement":[{"@type":"ListItem","position":1,"name":"In\u00edcio","item":"https:\/\/diariodepe.com.br\/xinhua\/"},{"@type":"ListItem","position":2,"name":"China realiza cerim\u00f4nia nacional pelas v\u00edtimas do Massacre de Nanjing"}]},{"@type":"WebSite","@id":"https:\/\/diariodepe.com.br\/xinhua\/#website","url":"https:\/\/diariodepe.com.br\/xinhua\/","name":"Xinhua - Diario de Pernambuco","description":"A maior ag\u00eancia de not\u00edcias da China e um dos principais canais para conhecer o pa\u00eds","publisher":{"@id":"https:\/\/diariodepe.com.br\/xinhua\/#organization"},"potentialAction":[{"@type":"SearchAction","target":{"@type":"EntryPoint","urlTemplate":"https:\/\/diariodepe.com.br\/xinhua\/?s={search_term_string}"},"query-input":{"@type":"PropertyValueSpecification","valueRequired":true,"valueName":"search_term_string"}}],"inLanguage":"pt-BR"},{"@type":"Organization","@id":"https:\/\/diariodepe.com.br\/xinhua\/#organization","name":"Xinhua - Diario de Pernambuco","url":"https:\/\/diariodepe.com.br\/xinhua\/","logo":{"@type":"ImageObject","inLanguage":"pt-BR","@id":"https:\/\/diariodepe.com.br\/xinhua\/#\/schema\/logo\/image\/","url":"https:\/\/diariodepe.com.br\/xinhua\/wp-content\/uploads\/sites\/3\/2020\/10\/cropped-logo-transparente-2.png","contentUrl":"https:\/\/diariodepe.com.br\/xinhua\/wp-content\/uploads\/sites\/3\/2020\/10\/cropped-logo-transparente-2.png","width":512,"height":164,"caption":"Xinhua - Diario de Pernambuco"},"image":{"@id":"https:\/\/diariodepe.com.br\/xinhua\/#\/schema\/logo\/image\/"}},{"@type":"Person","@id":"https:\/\/diariodepe.com.br\/xinhua\/#\/schema\/person\/0943d6fd02bdc7b49c8f495e8787a2cb","name":"Marcelo Oliveira de A. Maranhao","image":{"@type":"ImageObject","inLanguage":"pt-BR","@id":"https:\/\/secure.gravatar.com\/avatar\/f562caee940d39879c20e90eea3e4b21860c7d4c96684c23141c554824f0059c?s=96&d=mm&r=g","url":"https:\/\/secure.gravatar.com\/avatar\/f562caee940d39879c20e90eea3e4b21860c7d4c96684c23141c554824f0059c?s=96&d=mm&r=g","contentUrl":"https:\/\/secure.gravatar.com\/avatar\/f562caee940d39879c20e90eea3e4b21860c7d4c96684c23141c554824f0059c?s=96&d=mm&r=g","caption":"Marcelo Oliveira de A. Maranhao"},"url":"https:\/\/diariodepe.com.br\/xinhua\/author\/marcelo-maranhao\/"}]}},"cc_featured_image_caption":{"caption_text":"","source_text":"","source_url":""},"amp_enabled":true,"_links":{"self":[{"href":"https:\/\/diariodepe.com.br\/xinhua\/wp-json\/wp\/v2\/posts\/24430","targetHints":{"allow":["GET"]}}],"collection":[{"href":"https:\/\/diariodepe.com.br\/xinhua\/wp-json\/wp\/v2\/posts"}],"about":[{"href":"https:\/\/diariodepe.com.br\/xinhua\/wp-json\/wp\/v2\/types\/post"}],"author":[{"embeddable":true,"href":"https:\/\/diariodepe.com.br\/xinhua\/wp-json\/wp\/v2\/users\/3"}],"replies":[{"embeddable":true,"href":"https:\/\/diariodepe.com.br\/xinhua\/wp-json\/wp\/v2\/comments?post=24430"}],"version-history":[{"count":1,"href":"https:\/\/diariodepe.com.br\/xinhua\/wp-json\/wp\/v2\/posts\/24430\/revisions"}],"predecessor-version":[{"id":24432,"href":"https:\/\/diariodepe.com.br\/xinhua\/wp-json\/wp\/v2\/posts\/24430\/revisions\/24432"}],"wp:featuredmedia":[{"embeddable":true,"href":"https:\/\/diariodepe.com.br\/xinhua\/wp-json\/wp\/v2\/media\/24431"}],"wp:attachment":[{"href":"https:\/\/diariodepe.com.br\/xinhua\/wp-json\/wp\/v2\/media?parent=24430"}],"wp:term":[{"taxonomy":"category","embeddable":true,"href":"https:\/\/diariodepe.com.br\/xinhua\/wp-json\/wp\/v2\/categories?post=24430"},{"taxonomy":"post_tag","embeddable":true,"href":"https:\/\/diariodepe.com.br\/xinhua\/wp-json\/wp\/v2\/tags?post=24430"}],"curies":[{"name":"wp","href":"https:\/\/api.w.org\/{rel}","templated":true}]}}