{"id":24373,"date":"2024-12-11T10:20:54","date_gmt":"2024-12-11T13:20:54","guid":{"rendered":"https:\/\/www.diariodepe.com.br\/xinhua\/?p=24373"},"modified":"2024-12-11T10:20:56","modified_gmt":"2024-12-11T13:20:56","slug":"lula-consciente-apos-craniotomia-devera-ficar-internado-ate-a-proxima-semana","status":"publish","type":"post","link":"https:\/\/diariodepe.com.br\/xinhua\/2024\/12\/11\/lula-consciente-apos-craniotomia-devera-ficar-internado-ate-a-proxima-semana\/","title":{"rendered":"Lula consciente ap\u00f3s craniotomia, dever\u00e1 ficar internado at\u00e9 a pr\u00f3xima semana"},"content":{"rendered":"\n<p>Rio de Janeiro &#8211; O presidente Luiz In\u00e1cio Lula da Silva, que foi submetido nesta madrugada, com sucesso, a uma cirurgia de emerg\u00eancia para drenar uma hemorragia intracraniana, ter\u00e1 que continuar internado sob observa\u00e7\u00e3o no Hospital S\u00edrio-Liban\u00eas em S\u00e3o Paulo at\u00e9 a pr\u00f3xima semana, segundo informaram os m\u00e9dicos em entrevista \u00e0 imprensa.<\/p>\n\n\n\n<p>Segundo a equipe m\u00e9dica que operou o presidente, ele est\u00e1 bem, conversa e se alimenta normalmente, n\u00e3o ter\u00e1 nenhuma sequela e suas fun\u00e7\u00f5es neurol\u00f3gicas est\u00e3o preservadas.<\/p>\n\n\n\n<p>\u201cO presidente evoluiu bem, j\u00e1 chegou da cirurgia praticamente acordada, foi extubado e encontra-se agora est\u00e1vel, conversando normalmente, se alimentando e deve ficar em observa\u00e7\u00e3o nos pr\u00f3ximos dias\u201d, disse o m\u00e9dico Roberto Kalil.<\/p>\n\n\n\n<p>Lula deve ficar mais 48 horas na UTI em observa\u00e7\u00e3o. Esse prazo, segundo Kalil, \u00e9 protocolo nesses tipos de caso. O presidente ficar\u00e1 ainda com um dreno entre 1 e 3 dias.<\/p>\n\n\n\n<p>A previs\u00e3o \u00e9 que o presidente retorne a Bras\u00edlia no come\u00e7o da pr\u00f3xima semana. Por ordem m\u00e9dica, Lula est\u00e1 proibido de receber visitas de trabalho no hospital at\u00e9 ficar totalmente recuperado.<\/p>\n\n\n\n<p>Lula passou uma jornada de trabalho de segunda-feira no Pal\u00e1cio do Planalto com dores de cabe\u00e7a, indo ent\u00e3o \u00e0 unidade do Hospital S\u00edrio-Liban\u00eas em Bras\u00edlia, na noite desta segunda-feira, para realizar exames m\u00e9dicos.<\/p>\n\n\n\n<p>&#8220;A resson\u00e2ncia magn\u00e9tica mostrou hemorragia intracraniana em ocorr\u00eancia do acidente sofrido em sua resid\u00eancia no dia 19 de outubro&#8221;, indica o laudo m\u00e9dico.<\/p>\n\n\n\n<p>Ap\u00f3s o diagn\u00f3stico, Lula foi transferido para a sede do Hospital S\u00edrio-Liban\u00eas, em S\u00e3o Paulo, onde foi submetido a uma craniotomia para remo\u00e7\u00e3o de um hematoma. A opera\u00e7\u00e3o transcorreu sem intercorr\u00eancias.<\/p>\n\n\n\n<p>O presidente de 79 anos caiu em outubro passado no banheiro da resid\u00eancia presidencial, o Pal\u00e1cio da Alvorada, em Bras\u00edlia, e bateu a nuca, necessitando de cinco pontos e que foram realizados exames de imagem.<\/p>\n\n\n\n<p>Na \u00e9poca, os m\u00e9dicos tamb\u00e9m o aconselharam a cancelar viagens de longa dist\u00e2ncia, raz\u00e3o pela qual n\u00e3o participaram da c\u00fapula dos BRICS realizada em Kazan, na R\u00fassia, no dia 23 de outubro.<\/p>\n\n\n\n<p>O neurologista Rog\u00e9rio Tuma, que tamb\u00e9m integra a equipe m\u00e9dica do presidente, explicou que essa complica\u00e7\u00e3o (o hematoma) \u00e9 comum em pessoas que sofreram uma queda, principalmente em pacientes de mais idade.&nbsp;<\/p>\n","protected":false},"excerpt":{"rendered":"<p>Rio de Janeiro &#8211; O presidente Luiz In\u00e1cio Lula da Silva, que foi submetido nesta madrugada, com sucesso, a uma cirurgia de emerg\u00eancia para drenar uma hemorragia intracraniana, ter\u00e1 que continuar internado sob observa\u00e7\u00e3o no Hospital S\u00edrio-Liban\u00eas em S\u00e3o Paulo&#8230;<\/p>\n","protected":false},"author":3,"featured_media":24374,"comment_status":"open","ping_status":"open","sticky":false,"template":"","format":"standard","meta":{"footnotes":""},"categories":[1],"tags":[],"class_list":["post-24373","post","type-post","status-publish","format-standard","has-post-thumbnail","hentry","category-geral"],"yoast_head":"<!-- This site is optimized with the Yoast SEO plugin v27.4 - https:\/\/yoast.com\/product\/yoast-seo-wordpress\/ -->\n<title>Lula consciente ap\u00f3s craniotomia, dever\u00e1 ficar internado at\u00e9 a pr\u00f3xima semana - Xinhua - Diario de Pernambuco<\/title>\n<meta name=\"robots\" content=\"index, follow, max-snippet:-1, max-image-preview:large, max-video-preview:-1\" \/>\n<link rel=\"canonical\" href=\"https:\/\/diariodepe.com.br\/xinhua\/2024\/12\/11\/lula-consciente-apos-craniotomia-devera-ficar-internado-ate-a-proxima-semana\/\" \/>\n<meta property=\"og:locale\" content=\"pt_BR\" \/>\n<meta property=\"og:type\" content=\"article\" \/>\n<meta property=\"og:title\" content=\"Lula consciente ap\u00f3s craniotomia, dever\u00e1 ficar internado at\u00e9 a pr\u00f3xima semana - Xinhua - Diario de Pernambuco\" \/>\n<meta property=\"og:description\" content=\"Rio de Janeiro &#8211; O presidente Luiz In\u00e1cio Lula da Silva, que foi submetido nesta madrugada, com sucesso, a uma cirurgia de emerg\u00eancia para drenar uma hemorragia intracraniana, ter\u00e1 que continuar internado sob observa\u00e7\u00e3o no Hospital S\u00edrio-Liban\u00eas em S\u00e3o Paulo...\" \/>\n<meta property=\"og:url\" content=\"https:\/\/diariodepe.com.br\/xinhua\/2024\/12\/11\/lula-consciente-apos-craniotomia-devera-ficar-internado-ate-a-proxima-semana\/\" \/>\n<meta property=\"og:site_name\" content=\"Xinhua - Diario de Pernambuco\" \/>\n<meta property=\"article:published_time\" content=\"2024-12-11T13:20:54+00:00\" \/>\n<meta property=\"article:modified_time\" content=\"2024-12-11T13:20:56+00:00\" \/>\n<meta property=\"og:image\" content=\"https:\/\/diariodepe.com.br\/xinhua\/wp-content\/uploads\/sites\/3\/2024\/12\/98a6bcc0e2d046879848bd13bf05c64a.jpg\" \/>\n\t<meta property=\"og:image:width\" content=\"1000\" \/>\n\t<meta property=\"og:image:height\" content=\"500\" \/>\n\t<meta property=\"og:image:type\" content=\"image\/jpeg\" \/>\n<meta name=\"author\" content=\"Marcelo Oliveira de A. Maranhao\" \/>\n<meta name=\"twitter:card\" content=\"summary_large_image\" \/>\n<meta name=\"twitter:label1\" content=\"Escrito por\" \/>\n\t<meta name=\"twitter:data1\" content=\"Marcelo Oliveira de A. Maranhao\" \/>\n\t<meta name=\"twitter:label2\" content=\"Est. tempo de leitura\" \/>\n\t<meta name=\"twitter:data2\" content=\"2 minutos\" \/>\n<script type=\"application\/ld+json\" class=\"yoast-schema-graph\">{\"@context\":\"https:\\\/\\\/schema.org\",\"@graph\":[{\"@type\":\"Article\",\"@id\":\"https:\\\/\\\/diariodepe.com.br\\\/xinhua\\\/2024\\\/12\\\/11\\\/lula-consciente-apos-craniotomia-devera-ficar-internado-ate-a-proxima-semana\\\/#article\",\"isPartOf\":{\"@id\":\"https:\\\/\\\/diariodepe.com.br\\\/xinhua\\\/2024\\\/12\\\/11\\\/lula-consciente-apos-craniotomia-devera-ficar-internado-ate-a-proxima-semana\\\/\"},\"author\":{\"name\":\"Marcelo Oliveira de A. Maranhao\",\"@id\":\"https:\\\/\\\/diariodepe.com.br\\\/xinhua\\\/#\\\/schema\\\/person\\\/0943d6fd02bdc7b49c8f495e8787a2cb\"},\"headline\":\"Lula consciente ap\u00f3s craniotomia, dever\u00e1 ficar internado at\u00e9 a pr\u00f3xima semana\",\"datePublished\":\"2024-12-11T13:20:54+00:00\",\"dateModified\":\"2024-12-11T13:20:56+00:00\",\"mainEntityOfPage\":{\"@id\":\"https:\\\/\\\/diariodepe.com.br\\\/xinhua\\\/2024\\\/12\\\/11\\\/lula-consciente-apos-craniotomia-devera-ficar-internado-ate-a-proxima-semana\\\/\"},\"wordCount\":420,\"commentCount\":0,\"publisher\":{\"@id\":\"https:\\\/\\\/diariodepe.com.br\\\/xinhua\\\/#organization\"},\"image\":{\"@id\":\"https:\\\/\\\/diariodepe.com.br\\\/xinhua\\\/2024\\\/12\\\/11\\\/lula-consciente-apos-craniotomia-devera-ficar-internado-ate-a-proxima-semana\\\/#primaryimage\"},\"thumbnailUrl\":\"https:\\\/\\\/diariodepe.com.br\\\/xinhua\\\/wp-content\\\/uploads\\\/sites\\\/3\\\/2024\\\/12\\\/98a6bcc0e2d046879848bd13bf05c64a.jpg\",\"articleSection\":[\"Geral\"],\"inLanguage\":\"pt-BR\",\"potentialAction\":[{\"@type\":\"CommentAction\",\"name\":\"Comment\",\"target\":[\"https:\\\/\\\/diariodepe.com.br\\\/xinhua\\\/2024\\\/12\\\/11\\\/lula-consciente-apos-craniotomia-devera-ficar-internado-ate-a-proxima-semana\\\/#respond\"]}]},{\"@type\":\"WebPage\",\"@id\":\"https:\\\/\\\/diariodepe.com.br\\\/xinhua\\\/2024\\\/12\\\/11\\\/lula-consciente-apos-craniotomia-devera-ficar-internado-ate-a-proxima-semana\\\/\",\"url\":\"https:\\\/\\\/diariodepe.com.br\\\/xinhua\\\/2024\\\/12\\\/11\\\/lula-consciente-apos-craniotomia-devera-ficar-internado-ate-a-proxima-semana\\\/\",\"name\":\"Lula consciente ap\u00f3s craniotomia, dever\u00e1 ficar internado at\u00e9 a pr\u00f3xima semana - Xinhua - Diario de Pernambuco\",\"isPartOf\":{\"@id\":\"https:\\\/\\\/diariodepe.com.br\\\/xinhua\\\/#website\"},\"primaryImageOfPage\":{\"@id\":\"https:\\\/\\\/diariodepe.com.br\\\/xinhua\\\/2024\\\/12\\\/11\\\/lula-consciente-apos-craniotomia-devera-ficar-internado-ate-a-proxima-semana\\\/#primaryimage\"},\"image\":{\"@id\":\"https:\\\/\\\/diariodepe.com.br\\\/xinhua\\\/2024\\\/12\\\/11\\\/lula-consciente-apos-craniotomia-devera-ficar-internado-ate-a-proxima-semana\\\/#primaryimage\"},\"thumbnailUrl\":\"https:\\\/\\\/diariodepe.com.br\\\/xinhua\\\/wp-content\\\/uploads\\\/sites\\\/3\\\/2024\\\/12\\\/98a6bcc0e2d046879848bd13bf05c64a.jpg\",\"datePublished\":\"2024-12-11T13:20:54+00:00\",\"dateModified\":\"2024-12-11T13:20:56+00:00\",\"breadcrumb\":{\"@id\":\"https:\\\/\\\/diariodepe.com.br\\\/xinhua\\\/2024\\\/12\\\/11\\\/lula-consciente-apos-craniotomia-devera-ficar-internado-ate-a-proxima-semana\\\/#breadcrumb\"},\"inLanguage\":\"pt-BR\",\"potentialAction\":[{\"@type\":\"ReadAction\",\"target\":[\"https:\\\/\\\/diariodepe.com.br\\\/xinhua\\\/2024\\\/12\\\/11\\\/lula-consciente-apos-craniotomia-devera-ficar-internado-ate-a-proxima-semana\\\/\"]}]},{\"@type\":\"ImageObject\",\"inLanguage\":\"pt-BR\",\"@id\":\"https:\\\/\\\/diariodepe.com.br\\\/xinhua\\\/2024\\\/12\\\/11\\\/lula-consciente-apos-craniotomia-devera-ficar-internado-ate-a-proxima-semana\\\/#primaryimage\",\"url\":\"https:\\\/\\\/diariodepe.com.br\\\/xinhua\\\/wp-content\\\/uploads\\\/sites\\\/3\\\/2024\\\/12\\\/98a6bcc0e2d046879848bd13bf05c64a.jpg\",\"contentUrl\":\"https:\\\/\\\/diariodepe.com.br\\\/xinhua\\\/wp-content\\\/uploads\\\/sites\\\/3\\\/2024\\\/12\\\/98a6bcc0e2d046879848bd13bf05c64a.jpg\",\"width\":1000,\"height\":500},{\"@type\":\"BreadcrumbList\",\"@id\":\"https:\\\/\\\/diariodepe.com.br\\\/xinhua\\\/2024\\\/12\\\/11\\\/lula-consciente-apos-craniotomia-devera-ficar-internado-ate-a-proxima-semana\\\/#breadcrumb\",\"itemListElement\":[{\"@type\":\"ListItem\",\"position\":1,\"name\":\"In\u00edcio\",\"item\":\"https:\\\/\\\/diariodepe.com.br\\\/xinhua\\\/\"},{\"@type\":\"ListItem\",\"position\":2,\"name\":\"Lula consciente ap\u00f3s craniotomia, dever\u00e1 ficar internado at\u00e9 a pr\u00f3xima semana\"}]},{\"@type\":\"WebSite\",\"@id\":\"https:\\\/\\\/diariodepe.com.br\\\/xinhua\\\/#website\",\"url\":\"https:\\\/\\\/diariodepe.com.br\\\/xinhua\\\/\",\"name\":\"Xinhua - Diario de Pernambuco\",\"description\":\"A maior ag\u00eancia de not\u00edcias da China e um dos principais canais para conhecer o pa\u00eds\",\"publisher\":{\"@id\":\"https:\\\/\\\/diariodepe.com.br\\\/xinhua\\\/#organization\"},\"potentialAction\":[{\"@type\":\"SearchAction\",\"target\":{\"@type\":\"EntryPoint\",\"urlTemplate\":\"https:\\\/\\\/diariodepe.com.br\\\/xinhua\\\/?s={search_term_string}\"},\"query-input\":{\"@type\":\"PropertyValueSpecification\",\"valueRequired\":true,\"valueName\":\"search_term_string\"}}],\"inLanguage\":\"pt-BR\"},{\"@type\":\"Organization\",\"@id\":\"https:\\\/\\\/diariodepe.com.br\\\/xinhua\\\/#organization\",\"name\":\"Xinhua - Diario de Pernambuco\",\"url\":\"https:\\\/\\\/diariodepe.com.br\\\/xinhua\\\/\",\"logo\":{\"@type\":\"ImageObject\",\"inLanguage\":\"pt-BR\",\"@id\":\"https:\\\/\\\/diariodepe.com.br\\\/xinhua\\\/#\\\/schema\\\/logo\\\/image\\\/\",\"url\":\"https:\\\/\\\/diariodepe.com.br\\\/xinhua\\\/wp-content\\\/uploads\\\/sites\\\/3\\\/2020\\\/10\\\/cropped-logo-transparente-2.png\",\"contentUrl\":\"https:\\\/\\\/diariodepe.com.br\\\/xinhua\\\/wp-content\\\/uploads\\\/sites\\\/3\\\/2020\\\/10\\\/cropped-logo-transparente-2.png\",\"width\":512,\"height\":164,\"caption\":\"Xinhua - Diario de Pernambuco\"},\"image\":{\"@id\":\"https:\\\/\\\/diariodepe.com.br\\\/xinhua\\\/#\\\/schema\\\/logo\\\/image\\\/\"}},{\"@type\":\"Person\",\"@id\":\"https:\\\/\\\/diariodepe.com.br\\\/xinhua\\\/#\\\/schema\\\/person\\\/0943d6fd02bdc7b49c8f495e8787a2cb\",\"name\":\"Marcelo Oliveira de A. Maranhao\",\"image\":{\"@type\":\"ImageObject\",\"inLanguage\":\"pt-BR\",\"@id\":\"https:\\\/\\\/secure.gravatar.com\\\/avatar\\\/f562caee940d39879c20e90eea3e4b21860c7d4c96684c23141c554824f0059c?s=96&d=mm&r=g\",\"url\":\"https:\\\/\\\/secure.gravatar.com\\\/avatar\\\/f562caee940d39879c20e90eea3e4b21860c7d4c96684c23141c554824f0059c?s=96&d=mm&r=g\",\"contentUrl\":\"https:\\\/\\\/secure.gravatar.com\\\/avatar\\\/f562caee940d39879c20e90eea3e4b21860c7d4c96684c23141c554824f0059c?s=96&d=mm&r=g\",\"caption\":\"Marcelo Oliveira de A. Maranhao\"},\"url\":\"https:\\\/\\\/diariodepe.com.br\\\/xinhua\\\/author\\\/marcelo-maranhao\\\/\"}]}<\/script>\n<!-- \/ Yoast SEO plugin. -->","yoast_head_json":{"title":"Lula consciente ap\u00f3s craniotomia, dever\u00e1 ficar internado at\u00e9 a pr\u00f3xima semana - Xinhua - Diario de Pernambuco","robots":{"index":"index","follow":"follow","max-snippet":"max-snippet:-1","max-image-preview":"max-image-preview:large","max-video-preview":"max-video-preview:-1"},"canonical":"https:\/\/diariodepe.com.br\/xinhua\/2024\/12\/11\/lula-consciente-apos-craniotomia-devera-ficar-internado-ate-a-proxima-semana\/","og_locale":"pt_BR","og_type":"article","og_title":"Lula consciente ap\u00f3s craniotomia, dever\u00e1 ficar internado at\u00e9 a pr\u00f3xima semana - Xinhua - Diario de Pernambuco","og_description":"Rio de Janeiro &#8211; O presidente Luiz In\u00e1cio Lula da Silva, que foi submetido nesta madrugada, com sucesso, a uma cirurgia de emerg\u00eancia para drenar uma hemorragia intracraniana, ter\u00e1 que continuar internado sob observa\u00e7\u00e3o no Hospital S\u00edrio-Liban\u00eas em S\u00e3o Paulo...","og_url":"https:\/\/diariodepe.com.br\/xinhua\/2024\/12\/11\/lula-consciente-apos-craniotomia-devera-ficar-internado-ate-a-proxima-semana\/","og_site_name":"Xinhua - Diario de Pernambuco","article_published_time":"2024-12-11T13:20:54+00:00","article_modified_time":"2024-12-11T13:20:56+00:00","og_image":[{"width":1000,"height":500,"url":"https:\/\/diariodepe.com.br\/xinhua\/wp-content\/uploads\/sites\/3\/2024\/12\/98a6bcc0e2d046879848bd13bf05c64a.jpg","type":"image\/jpeg"}],"author":"Marcelo Oliveira de A. Maranhao","twitter_card":"summary_large_image","twitter_misc":{"Escrito por":"Marcelo Oliveira de A. Maranhao","Est. tempo de leitura":"2 minutos"},"schema":{"@context":"https:\/\/schema.org","@graph":[{"@type":"Article","@id":"https:\/\/diariodepe.com.br\/xinhua\/2024\/12\/11\/lula-consciente-apos-craniotomia-devera-ficar-internado-ate-a-proxima-semana\/#article","isPartOf":{"@id":"https:\/\/diariodepe.com.br\/xinhua\/2024\/12\/11\/lula-consciente-apos-craniotomia-devera-ficar-internado-ate-a-proxima-semana\/"},"author":{"name":"Marcelo Oliveira de A. Maranhao","@id":"https:\/\/diariodepe.com.br\/xinhua\/#\/schema\/person\/0943d6fd02bdc7b49c8f495e8787a2cb"},"headline":"Lula consciente ap\u00f3s craniotomia, dever\u00e1 ficar internado at\u00e9 a pr\u00f3xima semana","datePublished":"2024-12-11T13:20:54+00:00","dateModified":"2024-12-11T13:20:56+00:00","mainEntityOfPage":{"@id":"https:\/\/diariodepe.com.br\/xinhua\/2024\/12\/11\/lula-consciente-apos-craniotomia-devera-ficar-internado-ate-a-proxima-semana\/"},"wordCount":420,"commentCount":0,"publisher":{"@id":"https:\/\/diariodepe.com.br\/xinhua\/#organization"},"image":{"@id":"https:\/\/diariodepe.com.br\/xinhua\/2024\/12\/11\/lula-consciente-apos-craniotomia-devera-ficar-internado-ate-a-proxima-semana\/#primaryimage"},"thumbnailUrl":"https:\/\/diariodepe.com.br\/xinhua\/wp-content\/uploads\/sites\/3\/2024\/12\/98a6bcc0e2d046879848bd13bf05c64a.jpg","articleSection":["Geral"],"inLanguage":"pt-BR","potentialAction":[{"@type":"CommentAction","name":"Comment","target":["https:\/\/diariodepe.com.br\/xinhua\/2024\/12\/11\/lula-consciente-apos-craniotomia-devera-ficar-internado-ate-a-proxima-semana\/#respond"]}]},{"@type":"WebPage","@id":"https:\/\/diariodepe.com.br\/xinhua\/2024\/12\/11\/lula-consciente-apos-craniotomia-devera-ficar-internado-ate-a-proxima-semana\/","url":"https:\/\/diariodepe.com.br\/xinhua\/2024\/12\/11\/lula-consciente-apos-craniotomia-devera-ficar-internado-ate-a-proxima-semana\/","name":"Lula consciente ap\u00f3s craniotomia, dever\u00e1 ficar internado at\u00e9 a pr\u00f3xima semana - Xinhua - Diario de Pernambuco","isPartOf":{"@id":"https:\/\/diariodepe.com.br\/xinhua\/#website"},"primaryImageOfPage":{"@id":"https:\/\/diariodepe.com.br\/xinhua\/2024\/12\/11\/lula-consciente-apos-craniotomia-devera-ficar-internado-ate-a-proxima-semana\/#primaryimage"},"image":{"@id":"https:\/\/diariodepe.com.br\/xinhua\/2024\/12\/11\/lula-consciente-apos-craniotomia-devera-ficar-internado-ate-a-proxima-semana\/#primaryimage"},"thumbnailUrl":"https:\/\/diariodepe.com.br\/xinhua\/wp-content\/uploads\/sites\/3\/2024\/12\/98a6bcc0e2d046879848bd13bf05c64a.jpg","datePublished":"2024-12-11T13:20:54+00:00","dateModified":"2024-12-11T13:20:56+00:00","breadcrumb":{"@id":"https:\/\/diariodepe.com.br\/xinhua\/2024\/12\/11\/lula-consciente-apos-craniotomia-devera-ficar-internado-ate-a-proxima-semana\/#breadcrumb"},"inLanguage":"pt-BR","potentialAction":[{"@type":"ReadAction","target":["https:\/\/diariodepe.com.br\/xinhua\/2024\/12\/11\/lula-consciente-apos-craniotomia-devera-ficar-internado-ate-a-proxima-semana\/"]}]},{"@type":"ImageObject","inLanguage":"pt-BR","@id":"https:\/\/diariodepe.com.br\/xinhua\/2024\/12\/11\/lula-consciente-apos-craniotomia-devera-ficar-internado-ate-a-proxima-semana\/#primaryimage","url":"https:\/\/diariodepe.com.br\/xinhua\/wp-content\/uploads\/sites\/3\/2024\/12\/98a6bcc0e2d046879848bd13bf05c64a.jpg","contentUrl":"https:\/\/diariodepe.com.br\/xinhua\/wp-content\/uploads\/sites\/3\/2024\/12\/98a6bcc0e2d046879848bd13bf05c64a.jpg","width":1000,"height":500},{"@type":"BreadcrumbList","@id":"https:\/\/diariodepe.com.br\/xinhua\/2024\/12\/11\/lula-consciente-apos-craniotomia-devera-ficar-internado-ate-a-proxima-semana\/#breadcrumb","itemListElement":[{"@type":"ListItem","position":1,"name":"In\u00edcio","item":"https:\/\/diariodepe.com.br\/xinhua\/"},{"@type":"ListItem","position":2,"name":"Lula consciente ap\u00f3s craniotomia, dever\u00e1 ficar internado at\u00e9 a pr\u00f3xima semana"}]},{"@type":"WebSite","@id":"https:\/\/diariodepe.com.br\/xinhua\/#website","url":"https:\/\/diariodepe.com.br\/xinhua\/","name":"Xinhua - Diario de Pernambuco","description":"A maior ag\u00eancia de not\u00edcias da China e um dos principais canais para conhecer o pa\u00eds","publisher":{"@id":"https:\/\/diariodepe.com.br\/xinhua\/#organization"},"potentialAction":[{"@type":"SearchAction","target":{"@type":"EntryPoint","urlTemplate":"https:\/\/diariodepe.com.br\/xinhua\/?s={search_term_string}"},"query-input":{"@type":"PropertyValueSpecification","valueRequired":true,"valueName":"search_term_string"}}],"inLanguage":"pt-BR"},{"@type":"Organization","@id":"https:\/\/diariodepe.com.br\/xinhua\/#organization","name":"Xinhua - Diario de Pernambuco","url":"https:\/\/diariodepe.com.br\/xinhua\/","logo":{"@type":"ImageObject","inLanguage":"pt-BR","@id":"https:\/\/diariodepe.com.br\/xinhua\/#\/schema\/logo\/image\/","url":"https:\/\/diariodepe.com.br\/xinhua\/wp-content\/uploads\/sites\/3\/2020\/10\/cropped-logo-transparente-2.png","contentUrl":"https:\/\/diariodepe.com.br\/xinhua\/wp-content\/uploads\/sites\/3\/2020\/10\/cropped-logo-transparente-2.png","width":512,"height":164,"caption":"Xinhua - Diario de Pernambuco"},"image":{"@id":"https:\/\/diariodepe.com.br\/xinhua\/#\/schema\/logo\/image\/"}},{"@type":"Person","@id":"https:\/\/diariodepe.com.br\/xinhua\/#\/schema\/person\/0943d6fd02bdc7b49c8f495e8787a2cb","name":"Marcelo Oliveira de A. Maranhao","image":{"@type":"ImageObject","inLanguage":"pt-BR","@id":"https:\/\/secure.gravatar.com\/avatar\/f562caee940d39879c20e90eea3e4b21860c7d4c96684c23141c554824f0059c?s=96&d=mm&r=g","url":"https:\/\/secure.gravatar.com\/avatar\/f562caee940d39879c20e90eea3e4b21860c7d4c96684c23141c554824f0059c?s=96&d=mm&r=g","contentUrl":"https:\/\/secure.gravatar.com\/avatar\/f562caee940d39879c20e90eea3e4b21860c7d4c96684c23141c554824f0059c?s=96&d=mm&r=g","caption":"Marcelo Oliveira de A. Maranhao"},"url":"https:\/\/diariodepe.com.br\/xinhua\/author\/marcelo-maranhao\/"}]}},"cc_featured_image_caption":{"caption_text":"","source_text":"","source_url":""},"amp_enabled":true,"_links":{"self":[{"href":"https:\/\/diariodepe.com.br\/xinhua\/wp-json\/wp\/v2\/posts\/24373","targetHints":{"allow":["GET"]}}],"collection":[{"href":"https:\/\/diariodepe.com.br\/xinhua\/wp-json\/wp\/v2\/posts"}],"about":[{"href":"https:\/\/diariodepe.com.br\/xinhua\/wp-json\/wp\/v2\/types\/post"}],"author":[{"embeddable":true,"href":"https:\/\/diariodepe.com.br\/xinhua\/wp-json\/wp\/v2\/users\/3"}],"replies":[{"embeddable":true,"href":"https:\/\/diariodepe.com.br\/xinhua\/wp-json\/wp\/v2\/comments?post=24373"}],"version-history":[{"count":1,"href":"https:\/\/diariodepe.com.br\/xinhua\/wp-json\/wp\/v2\/posts\/24373\/revisions"}],"predecessor-version":[{"id":24375,"href":"https:\/\/diariodepe.com.br\/xinhua\/wp-json\/wp\/v2\/posts\/24373\/revisions\/24375"}],"wp:featuredmedia":[{"embeddable":true,"href":"https:\/\/diariodepe.com.br\/xinhua\/wp-json\/wp\/v2\/media\/24374"}],"wp:attachment":[{"href":"https:\/\/diariodepe.com.br\/xinhua\/wp-json\/wp\/v2\/media?parent=24373"}],"wp:term":[{"taxonomy":"category","embeddable":true,"href":"https:\/\/diariodepe.com.br\/xinhua\/wp-json\/wp\/v2\/categories?post=24373"},{"taxonomy":"post_tag","embeddable":true,"href":"https:\/\/diariodepe.com.br\/xinhua\/wp-json\/wp\/v2\/tags?post=24373"}],"curies":[{"name":"wp","href":"https:\/\/api.w.org\/{rel}","templated":true}]}}