{"id":24319,"date":"2024-12-06T18:35:00","date_gmt":"2024-12-06T21:35:00","guid":{"rendered":"https:\/\/www.diariodepe.com.br\/xinhua\/?p=24319"},"modified":"2024-12-06T08:36:02","modified_gmt":"2024-12-06T11:36:02","slug":"primeiro-chines-realizara-dialogo-110-com-chefes-das-principais-organizacoes-economicas-internacionais","status":"publish","type":"post","link":"https:\/\/diariodepe.com.br\/xinhua\/2024\/12\/06\/primeiro-chines-realizara-dialogo-110-com-chefes-das-principais-organizacoes-economicas-internacionais\/","title":{"rendered":"Primeiro chin\u00eas realizar\u00e1 di\u00e1logo &#8220;1+10&#8221; com chefes das principais organiza\u00e7\u00f5es econ\u00f4micas internacionais"},"content":{"rendered":"\n<p>Pequim &#8211; O primeiro-ministro chin\u00eas, Li Qiang, realizou o Di\u00e1logo &#8220;1+10&#8221; em Pequim na manh\u00e3 de 9 de dezembro com chefes de 10 organiza\u00e7\u00f5es econ\u00f4micas internacionais, anunciou a porta-voz do Minist\u00e9rio das Rela\u00e7\u00f5es Exteriores da China, Lin Jian, na sexta-feira.<\/p>\n\n\n\n<p>Entre os chefes das 10 principais organiza\u00e7\u00f5es econ\u00f4micas internacionais presentes no evento est\u00e3o a presidente do Novo Banco de Desenvolvimento, Dilma Rousseff; o presidente do Banco Mundial, Ajay Banga; a diretora-gerente do Fundo Monet\u00e1rio Internacional, Kristalina Georgieva; a diretora-geral da Organiza\u00e7\u00e3o Mundial do Com\u00e9rcio, Ngozi Okonjo-Iweala; a secret\u00e1ria-geral da Confer\u00eancia das Na\u00e7\u00f5es Unidas sobre Com\u00e9rcio e Desenvolvimento, Rebeca Grynspan; o diretor-geral da Organiza\u00e7\u00e3o Internacional do Trabalho, Gilbert F. Houngbo; o secret\u00e1rio-geral da Organiza\u00e7\u00e3o para Coopera\u00e7\u00e3o e Desenvolvimento Econ\u00f4mico, Mathias Cormann; o gerente-geral do Banco de Compensa\u00e7\u00f5es Internacionais, Agust\u00edn Carstens; o presidente do Conselho de Estabilidade Financeira, Klaas Knot; e o presidente do Banco Asi\u00e1tico de Investimento em Infraestrutura, Jin Liqun, de acordo com Lin.<\/p>\n\n\n\n<p>Sob o tema &#8220;Construindo Consenso sobre o Desenvolvimento para Promover a Prosperidade Comum Global&#8221;, as partes participantes trocar\u00e3o opini\u00f5es sobre tr\u00eas t\u00f3picos: &#8220;Aproveitando Oportunidades na Transforma\u00e7\u00e3o para Promover a Transi\u00e7\u00e3o e o Crescimento da Economia Mundial&#8221;, &#8220;Defendendo o Multilateralismo no Avan\u00e7o da Reforma e do Desenvolvimento do Sistema de Governan\u00e7a Econ\u00f4mica Global&#8221; e &#8220;Esfor\u00e7o da China para Aprofundar Ainda Mais a Reforma de Forma Abrangente e Abrir Novos Caminhos na Moderniza\u00e7\u00e3o Chinesa&#8221;, disse Lin.<\/p>\n","protected":false},"excerpt":{"rendered":"<p>Pequim &#8211; O primeiro-ministro chin\u00eas, Li Qiang, realizou o Di\u00e1logo &#8220;1+10&#8221; em Pequim na manh\u00e3 de 9 de dezembro com chefes de 10 organiza\u00e7\u00f5es econ\u00f4micas internacionais, anunciou a porta-voz do Minist\u00e9rio das Rela\u00e7\u00f5es Exteriores da China, Lin Jian, na sexta-feira&#8230;.<\/p>\n","protected":false},"author":3,"featured_media":0,"comment_status":"open","ping_status":"open","sticky":false,"template":"","format":"standard","meta":{"footnotes":""},"categories":[4],"tags":[],"class_list":["post-24319","post","type-post","status-publish","format-standard","hentry","category-internacional"],"yoast_head":"<!-- This site is optimized with the Yoast SEO plugin v27.4 - https:\/\/yoast.com\/product\/yoast-seo-wordpress\/ -->\n<title>Primeiro chin\u00eas realizar\u00e1 di\u00e1logo &quot;1+10&quot; com chefes das principais organiza\u00e7\u00f5es econ\u00f4micas internacionais - Xinhua - Diario de Pernambuco<\/title>\n<meta name=\"robots\" content=\"index, follow, max-snippet:-1, max-image-preview:large, max-video-preview:-1\" \/>\n<link rel=\"canonical\" href=\"https:\/\/diariodepe.com.br\/xinhua\/2024\/12\/06\/primeiro-chines-realizara-dialogo-110-com-chefes-das-principais-organizacoes-economicas-internacionais\/\" \/>\n<meta property=\"og:locale\" content=\"pt_BR\" \/>\n<meta property=\"og:type\" content=\"article\" \/>\n<meta property=\"og:title\" content=\"Primeiro chin\u00eas realizar\u00e1 di\u00e1logo &quot;1+10&quot; com chefes das principais organiza\u00e7\u00f5es econ\u00f4micas internacionais - Xinhua - Diario de Pernambuco\" \/>\n<meta property=\"og:description\" content=\"Pequim &#8211; O primeiro-ministro chin\u00eas, Li Qiang, realizou o Di\u00e1logo &#8220;1+10&#8221; em Pequim na manh\u00e3 de 9 de dezembro com chefes de 10 organiza\u00e7\u00f5es econ\u00f4micas internacionais, anunciou a porta-voz do Minist\u00e9rio das Rela\u00e7\u00f5es Exteriores da China, Lin Jian, na sexta-feira....\" \/>\n<meta property=\"og:url\" content=\"https:\/\/diariodepe.com.br\/xinhua\/2024\/12\/06\/primeiro-chines-realizara-dialogo-110-com-chefes-das-principais-organizacoes-economicas-internacionais\/\" \/>\n<meta property=\"og:site_name\" content=\"Xinhua - Diario de Pernambuco\" \/>\n<meta property=\"article:published_time\" content=\"2024-12-06T21:35:00+00:00\" \/>\n<meta name=\"author\" content=\"Marcelo Oliveira de A. Maranhao\" \/>\n<meta name=\"twitter:card\" content=\"summary_large_image\" \/>\n<meta name=\"twitter:label1\" content=\"Escrito por\" \/>\n\t<meta name=\"twitter:data1\" content=\"Marcelo Oliveira de A. Maranhao\" \/>\n\t<meta name=\"twitter:label2\" content=\"Est. tempo de leitura\" \/>\n\t<meta name=\"twitter:data2\" content=\"2 minutos\" \/>\n<script type=\"application\/ld+json\" class=\"yoast-schema-graph\">{\"@context\":\"https:\\\/\\\/schema.org\",\"@graph\":[{\"@type\":\"Article\",\"@id\":\"https:\\\/\\\/diariodepe.com.br\\\/xinhua\\\/2024\\\/12\\\/06\\\/primeiro-chines-realizara-dialogo-110-com-chefes-das-principais-organizacoes-economicas-internacionais\\\/#article\",\"isPartOf\":{\"@id\":\"https:\\\/\\\/diariodepe.com.br\\\/xinhua\\\/2024\\\/12\\\/06\\\/primeiro-chines-realizara-dialogo-110-com-chefes-das-principais-organizacoes-economicas-internacionais\\\/\"},\"author\":{\"name\":\"Marcelo Oliveira de A. Maranhao\",\"@id\":\"https:\\\/\\\/diariodepe.com.br\\\/xinhua\\\/#\\\/schema\\\/person\\\/0943d6fd02bdc7b49c8f495e8787a2cb\"},\"headline\":\"Primeiro chin\u00eas realizar\u00e1 di\u00e1logo &#8220;1+10&#8221; com chefes das principais organiza\u00e7\u00f5es econ\u00f4micas internacionais\",\"datePublished\":\"2024-12-06T21:35:00+00:00\",\"mainEntityOfPage\":{\"@id\":\"https:\\\/\\\/diariodepe.com.br\\\/xinhua\\\/2024\\\/12\\\/06\\\/primeiro-chines-realizara-dialogo-110-com-chefes-das-principais-organizacoes-economicas-internacionais\\\/\"},\"wordCount\":274,\"commentCount\":0,\"publisher\":{\"@id\":\"https:\\\/\\\/diariodepe.com.br\\\/xinhua\\\/#organization\"},\"articleSection\":[\"Internacional\"],\"inLanguage\":\"pt-BR\",\"potentialAction\":[{\"@type\":\"CommentAction\",\"name\":\"Comment\",\"target\":[\"https:\\\/\\\/diariodepe.com.br\\\/xinhua\\\/2024\\\/12\\\/06\\\/primeiro-chines-realizara-dialogo-110-com-chefes-das-principais-organizacoes-economicas-internacionais\\\/#respond\"]}]},{\"@type\":\"WebPage\",\"@id\":\"https:\\\/\\\/diariodepe.com.br\\\/xinhua\\\/2024\\\/12\\\/06\\\/primeiro-chines-realizara-dialogo-110-com-chefes-das-principais-organizacoes-economicas-internacionais\\\/\",\"url\":\"https:\\\/\\\/diariodepe.com.br\\\/xinhua\\\/2024\\\/12\\\/06\\\/primeiro-chines-realizara-dialogo-110-com-chefes-das-principais-organizacoes-economicas-internacionais\\\/\",\"name\":\"Primeiro chin\u00eas realizar\u00e1 di\u00e1logo \\\"1+10\\\" com chefes das principais organiza\u00e7\u00f5es econ\u00f4micas internacionais - Xinhua - Diario de Pernambuco\",\"isPartOf\":{\"@id\":\"https:\\\/\\\/diariodepe.com.br\\\/xinhua\\\/#website\"},\"datePublished\":\"2024-12-06T21:35:00+00:00\",\"breadcrumb\":{\"@id\":\"https:\\\/\\\/diariodepe.com.br\\\/xinhua\\\/2024\\\/12\\\/06\\\/primeiro-chines-realizara-dialogo-110-com-chefes-das-principais-organizacoes-economicas-internacionais\\\/#breadcrumb\"},\"inLanguage\":\"pt-BR\",\"potentialAction\":[{\"@type\":\"ReadAction\",\"target\":[\"https:\\\/\\\/diariodepe.com.br\\\/xinhua\\\/2024\\\/12\\\/06\\\/primeiro-chines-realizara-dialogo-110-com-chefes-das-principais-organizacoes-economicas-internacionais\\\/\"]}]},{\"@type\":\"BreadcrumbList\",\"@id\":\"https:\\\/\\\/diariodepe.com.br\\\/xinhua\\\/2024\\\/12\\\/06\\\/primeiro-chines-realizara-dialogo-110-com-chefes-das-principais-organizacoes-economicas-internacionais\\\/#breadcrumb\",\"itemListElement\":[{\"@type\":\"ListItem\",\"position\":1,\"name\":\"In\u00edcio\",\"item\":\"https:\\\/\\\/diariodepe.com.br\\\/xinhua\\\/\"},{\"@type\":\"ListItem\",\"position\":2,\"name\":\"Primeiro chin\u00eas realizar\u00e1 di\u00e1logo &#8220;1+10&#8221; com chefes das principais organiza\u00e7\u00f5es econ\u00f4micas internacionais\"}]},{\"@type\":\"WebSite\",\"@id\":\"https:\\\/\\\/diariodepe.com.br\\\/xinhua\\\/#website\",\"url\":\"https:\\\/\\\/diariodepe.com.br\\\/xinhua\\\/\",\"name\":\"Xinhua - Diario de Pernambuco\",\"description\":\"A maior ag\u00eancia de not\u00edcias da China e um dos principais canais para conhecer o pa\u00eds\",\"publisher\":{\"@id\":\"https:\\\/\\\/diariodepe.com.br\\\/xinhua\\\/#organization\"},\"potentialAction\":[{\"@type\":\"SearchAction\",\"target\":{\"@type\":\"EntryPoint\",\"urlTemplate\":\"https:\\\/\\\/diariodepe.com.br\\\/xinhua\\\/?s={search_term_string}\"},\"query-input\":{\"@type\":\"PropertyValueSpecification\",\"valueRequired\":true,\"valueName\":\"search_term_string\"}}],\"inLanguage\":\"pt-BR\"},{\"@type\":\"Organization\",\"@id\":\"https:\\\/\\\/diariodepe.com.br\\\/xinhua\\\/#organization\",\"name\":\"Xinhua - Diario de Pernambuco\",\"url\":\"https:\\\/\\\/diariodepe.com.br\\\/xinhua\\\/\",\"logo\":{\"@type\":\"ImageObject\",\"inLanguage\":\"pt-BR\",\"@id\":\"https:\\\/\\\/diariodepe.com.br\\\/xinhua\\\/#\\\/schema\\\/logo\\\/image\\\/\",\"url\":\"https:\\\/\\\/diariodepe.com.br\\\/xinhua\\\/wp-content\\\/uploads\\\/sites\\\/3\\\/2020\\\/10\\\/cropped-logo-transparente-2.png\",\"contentUrl\":\"https:\\\/\\\/diariodepe.com.br\\\/xinhua\\\/wp-content\\\/uploads\\\/sites\\\/3\\\/2020\\\/10\\\/cropped-logo-transparente-2.png\",\"width\":512,\"height\":164,\"caption\":\"Xinhua - Diario de Pernambuco\"},\"image\":{\"@id\":\"https:\\\/\\\/diariodepe.com.br\\\/xinhua\\\/#\\\/schema\\\/logo\\\/image\\\/\"}},{\"@type\":\"Person\",\"@id\":\"https:\\\/\\\/diariodepe.com.br\\\/xinhua\\\/#\\\/schema\\\/person\\\/0943d6fd02bdc7b49c8f495e8787a2cb\",\"name\":\"Marcelo Oliveira de A. Maranhao\",\"image\":{\"@type\":\"ImageObject\",\"inLanguage\":\"pt-BR\",\"@id\":\"https:\\\/\\\/secure.gravatar.com\\\/avatar\\\/f562caee940d39879c20e90eea3e4b21860c7d4c96684c23141c554824f0059c?s=96&d=mm&r=g\",\"url\":\"https:\\\/\\\/secure.gravatar.com\\\/avatar\\\/f562caee940d39879c20e90eea3e4b21860c7d4c96684c23141c554824f0059c?s=96&d=mm&r=g\",\"contentUrl\":\"https:\\\/\\\/secure.gravatar.com\\\/avatar\\\/f562caee940d39879c20e90eea3e4b21860c7d4c96684c23141c554824f0059c?s=96&d=mm&r=g\",\"caption\":\"Marcelo Oliveira de A. Maranhao\"},\"url\":\"https:\\\/\\\/diariodepe.com.br\\\/xinhua\\\/author\\\/marcelo-maranhao\\\/\"}]}<\/script>\n<!-- \/ Yoast SEO plugin. -->","yoast_head_json":{"title":"Primeiro chin\u00eas realizar\u00e1 di\u00e1logo \"1+10\" com chefes das principais organiza\u00e7\u00f5es econ\u00f4micas internacionais - Xinhua - Diario de Pernambuco","robots":{"index":"index","follow":"follow","max-snippet":"max-snippet:-1","max-image-preview":"max-image-preview:large","max-video-preview":"max-video-preview:-1"},"canonical":"https:\/\/diariodepe.com.br\/xinhua\/2024\/12\/06\/primeiro-chines-realizara-dialogo-110-com-chefes-das-principais-organizacoes-economicas-internacionais\/","og_locale":"pt_BR","og_type":"article","og_title":"Primeiro chin\u00eas realizar\u00e1 di\u00e1logo \"1+10\" com chefes das principais organiza\u00e7\u00f5es econ\u00f4micas internacionais - Xinhua - Diario de Pernambuco","og_description":"Pequim &#8211; O primeiro-ministro chin\u00eas, Li Qiang, realizou o Di\u00e1logo &#8220;1+10&#8221; em Pequim na manh\u00e3 de 9 de dezembro com chefes de 10 organiza\u00e7\u00f5es econ\u00f4micas internacionais, anunciou a porta-voz do Minist\u00e9rio das Rela\u00e7\u00f5es Exteriores da China, Lin Jian, na sexta-feira....","og_url":"https:\/\/diariodepe.com.br\/xinhua\/2024\/12\/06\/primeiro-chines-realizara-dialogo-110-com-chefes-das-principais-organizacoes-economicas-internacionais\/","og_site_name":"Xinhua - Diario de Pernambuco","article_published_time":"2024-12-06T21:35:00+00:00","author":"Marcelo Oliveira de A. Maranhao","twitter_card":"summary_large_image","twitter_misc":{"Escrito por":"Marcelo Oliveira de A. Maranhao","Est. tempo de leitura":"2 minutos"},"schema":{"@context":"https:\/\/schema.org","@graph":[{"@type":"Article","@id":"https:\/\/diariodepe.com.br\/xinhua\/2024\/12\/06\/primeiro-chines-realizara-dialogo-110-com-chefes-das-principais-organizacoes-economicas-internacionais\/#article","isPartOf":{"@id":"https:\/\/diariodepe.com.br\/xinhua\/2024\/12\/06\/primeiro-chines-realizara-dialogo-110-com-chefes-das-principais-organizacoes-economicas-internacionais\/"},"author":{"name":"Marcelo Oliveira de A. Maranhao","@id":"https:\/\/diariodepe.com.br\/xinhua\/#\/schema\/person\/0943d6fd02bdc7b49c8f495e8787a2cb"},"headline":"Primeiro chin\u00eas realizar\u00e1 di\u00e1logo &#8220;1+10&#8221; com chefes das principais organiza\u00e7\u00f5es econ\u00f4micas internacionais","datePublished":"2024-12-06T21:35:00+00:00","mainEntityOfPage":{"@id":"https:\/\/diariodepe.com.br\/xinhua\/2024\/12\/06\/primeiro-chines-realizara-dialogo-110-com-chefes-das-principais-organizacoes-economicas-internacionais\/"},"wordCount":274,"commentCount":0,"publisher":{"@id":"https:\/\/diariodepe.com.br\/xinhua\/#organization"},"articleSection":["Internacional"],"inLanguage":"pt-BR","potentialAction":[{"@type":"CommentAction","name":"Comment","target":["https:\/\/diariodepe.com.br\/xinhua\/2024\/12\/06\/primeiro-chines-realizara-dialogo-110-com-chefes-das-principais-organizacoes-economicas-internacionais\/#respond"]}]},{"@type":"WebPage","@id":"https:\/\/diariodepe.com.br\/xinhua\/2024\/12\/06\/primeiro-chines-realizara-dialogo-110-com-chefes-das-principais-organizacoes-economicas-internacionais\/","url":"https:\/\/diariodepe.com.br\/xinhua\/2024\/12\/06\/primeiro-chines-realizara-dialogo-110-com-chefes-das-principais-organizacoes-economicas-internacionais\/","name":"Primeiro chin\u00eas realizar\u00e1 di\u00e1logo \"1+10\" com chefes das principais organiza\u00e7\u00f5es econ\u00f4micas internacionais - Xinhua - Diario de Pernambuco","isPartOf":{"@id":"https:\/\/diariodepe.com.br\/xinhua\/#website"},"datePublished":"2024-12-06T21:35:00+00:00","breadcrumb":{"@id":"https:\/\/diariodepe.com.br\/xinhua\/2024\/12\/06\/primeiro-chines-realizara-dialogo-110-com-chefes-das-principais-organizacoes-economicas-internacionais\/#breadcrumb"},"inLanguage":"pt-BR","potentialAction":[{"@type":"ReadAction","target":["https:\/\/diariodepe.com.br\/xinhua\/2024\/12\/06\/primeiro-chines-realizara-dialogo-110-com-chefes-das-principais-organizacoes-economicas-internacionais\/"]}]},{"@type":"BreadcrumbList","@id":"https:\/\/diariodepe.com.br\/xinhua\/2024\/12\/06\/primeiro-chines-realizara-dialogo-110-com-chefes-das-principais-organizacoes-economicas-internacionais\/#breadcrumb","itemListElement":[{"@type":"ListItem","position":1,"name":"In\u00edcio","item":"https:\/\/diariodepe.com.br\/xinhua\/"},{"@type":"ListItem","position":2,"name":"Primeiro chin\u00eas realizar\u00e1 di\u00e1logo &#8220;1+10&#8221; com chefes das principais organiza\u00e7\u00f5es econ\u00f4micas internacionais"}]},{"@type":"WebSite","@id":"https:\/\/diariodepe.com.br\/xinhua\/#website","url":"https:\/\/diariodepe.com.br\/xinhua\/","name":"Xinhua - Diario de Pernambuco","description":"A maior ag\u00eancia de not\u00edcias da China e um dos principais canais para conhecer o pa\u00eds","publisher":{"@id":"https:\/\/diariodepe.com.br\/xinhua\/#organization"},"potentialAction":[{"@type":"SearchAction","target":{"@type":"EntryPoint","urlTemplate":"https:\/\/diariodepe.com.br\/xinhua\/?s={search_term_string}"},"query-input":{"@type":"PropertyValueSpecification","valueRequired":true,"valueName":"search_term_string"}}],"inLanguage":"pt-BR"},{"@type":"Organization","@id":"https:\/\/diariodepe.com.br\/xinhua\/#organization","name":"Xinhua - Diario de Pernambuco","url":"https:\/\/diariodepe.com.br\/xinhua\/","logo":{"@type":"ImageObject","inLanguage":"pt-BR","@id":"https:\/\/diariodepe.com.br\/xinhua\/#\/schema\/logo\/image\/","url":"https:\/\/diariodepe.com.br\/xinhua\/wp-content\/uploads\/sites\/3\/2020\/10\/cropped-logo-transparente-2.png","contentUrl":"https:\/\/diariodepe.com.br\/xinhua\/wp-content\/uploads\/sites\/3\/2020\/10\/cropped-logo-transparente-2.png","width":512,"height":164,"caption":"Xinhua - Diario de Pernambuco"},"image":{"@id":"https:\/\/diariodepe.com.br\/xinhua\/#\/schema\/logo\/image\/"}},{"@type":"Person","@id":"https:\/\/diariodepe.com.br\/xinhua\/#\/schema\/person\/0943d6fd02bdc7b49c8f495e8787a2cb","name":"Marcelo Oliveira de A. Maranhao","image":{"@type":"ImageObject","inLanguage":"pt-BR","@id":"https:\/\/secure.gravatar.com\/avatar\/f562caee940d39879c20e90eea3e4b21860c7d4c96684c23141c554824f0059c?s=96&d=mm&r=g","url":"https:\/\/secure.gravatar.com\/avatar\/f562caee940d39879c20e90eea3e4b21860c7d4c96684c23141c554824f0059c?s=96&d=mm&r=g","contentUrl":"https:\/\/secure.gravatar.com\/avatar\/f562caee940d39879c20e90eea3e4b21860c7d4c96684c23141c554824f0059c?s=96&d=mm&r=g","caption":"Marcelo Oliveira de A. Maranhao"},"url":"https:\/\/diariodepe.com.br\/xinhua\/author\/marcelo-maranhao\/"}]}},"cc_featured_image_caption":{"caption_text":"","source_text":"","source_url":""},"amp_enabled":true,"_links":{"self":[{"href":"https:\/\/diariodepe.com.br\/xinhua\/wp-json\/wp\/v2\/posts\/24319","targetHints":{"allow":["GET"]}}],"collection":[{"href":"https:\/\/diariodepe.com.br\/xinhua\/wp-json\/wp\/v2\/posts"}],"about":[{"href":"https:\/\/diariodepe.com.br\/xinhua\/wp-json\/wp\/v2\/types\/post"}],"author":[{"embeddable":true,"href":"https:\/\/diariodepe.com.br\/xinhua\/wp-json\/wp\/v2\/users\/3"}],"replies":[{"embeddable":true,"href":"https:\/\/diariodepe.com.br\/xinhua\/wp-json\/wp\/v2\/comments?post=24319"}],"version-history":[{"count":1,"href":"https:\/\/diariodepe.com.br\/xinhua\/wp-json\/wp\/v2\/posts\/24319\/revisions"}],"predecessor-version":[{"id":24320,"href":"https:\/\/diariodepe.com.br\/xinhua\/wp-json\/wp\/v2\/posts\/24319\/revisions\/24320"}],"wp:attachment":[{"href":"https:\/\/diariodepe.com.br\/xinhua\/wp-json\/wp\/v2\/media?parent=24319"}],"wp:term":[{"taxonomy":"category","embeddable":true,"href":"https:\/\/diariodepe.com.br\/xinhua\/wp-json\/wp\/v2\/categories?post=24319"},{"taxonomy":"post_tag","embeddable":true,"href":"https:\/\/diariodepe.com.br\/xinhua\/wp-json\/wp\/v2\/tags?post=24319"}],"curies":[{"name":"wp","href":"https:\/\/api.w.org\/{rel}","templated":true}]}}