{"id":24279,"date":"2024-12-05T15:04:00","date_gmt":"2024-12-05T18:04:00","guid":{"rendered":"https:\/\/www.diariodepe.com.br\/xinhua\/?p=24279"},"modified":"2024-12-05T10:06:08","modified_gmt":"2024-12-05T13:06:08","slug":"unesco-inscreve-festa-da-primavera-na-lista-de-patrimonio-cultural-imaterial","status":"publish","type":"post","link":"https:\/\/diariodepe.com.br\/xinhua\/2024\/12\/05\/unesco-inscreve-festa-da-primavera-na-lista-de-patrimonio-cultural-imaterial\/","title":{"rendered":"UNESCO inscreve Festa da Primavera na lista de patrim\u00f4nio cultural imaterial"},"content":{"rendered":"\n<p>Assun\u00e7\u00e3o &#8211; A Organiza\u00e7\u00e3o das Na\u00e7\u00f5es Unidas para a Educa\u00e7\u00e3o, a Ci\u00eancia e a Cultura (UNESCO) inscreveu nesta quarta-feira a Festa da Primavera, pr\u00e1ticas sociais do povo chin\u00eas em celebrar ao ano novo tradicional, na Lista Representativa do Patrim\u00f4nio Cultural Imaterial da Humanidade.<\/p>\n\n\n\n<p>A decis\u00e3o foi tomada durante a 19\u00aa sess\u00e3o do Comit\u00ea Intergovernamental para a Salvaguarda do Patrim\u00f4nio Cultural Imaterial, realizada no Paraguai de 2 a 7 de dezembro. O comit\u00ea participou do festival por sua grande variedade de rituais e elementos culturais exclusivos que envolvem toda a sociedade chinesa.<\/p>\n\n\n\n<p>A UNESCO destacou que a Festa da Primavera, que marca o in\u00edcio do Ano Novo Lunar Chin\u00eas tradicional, envolve v\u00e1rias pr\u00e1ticas sociais, incluindo ora\u00e7\u00f5es por boa sorte e reuni\u00f5es familiares. Tamb\u00e9m apresenta atividades planejadas para os mais velhos e eventos p\u00fablicos, festivos organizados pelas comunidades.<\/p>\n\n\n\n<p>De acordo com a documenta\u00e7\u00e3o da UNESCO, os conhecimentos e costumes tradicionais associados \u00e0 Festa da Primavera s\u00e3o transmitidos informalmente entre as fam\u00edlias e as comunidades, bem como formalmente por meio do sistema educacional. O artesanato e as habilidades art\u00edsticas relacionadas ao festival s\u00e3o transmitidos por meio de aprendizado, promovendo valores familiares, uni\u00e3o social e paz, al\u00e9m de proporcionar um senso de identidade cultural.<\/p>\n\n\n\n<p>O comit\u00ea tamb\u00e9m enfatizou que o festival incorpora a harmonia entre os seres humanos e a natureza e contribui para o desenvolvimento sustent\u00e1vel em \u00e1reas como seguran\u00e7a alimentar e educa\u00e7\u00e3o. Tamb\u00e9m desempenha um papel fundamental no aumento da conscientiza\u00e7\u00e3o ambiental.<\/p>\n\n\n\n<p>Liderando a delega\u00e7\u00e3o chinesa na sess\u00e3o da UNESCO, Rao Quan, vice-ministro da Cultura e Turismo, expressou gratid\u00e3o pelo reconhecimento. Ele destacou que a Festa da Primavera \u00e9 o feriado mais importante tradicional da China, simbolizando as esperan\u00e7as do povo chin\u00eas por uma vida melhor, os fortes la\u00e7os com a fam\u00edlia e o pa\u00eds e os valores de harmonia entre os seres humanos e a natureza.<\/p>\n\n\n\n<p>Rao explicou ainda que o festival, transmitido de gera\u00e7\u00e3o em gera\u00e7\u00e3o, proporcionou uma for\u00e7a espiritual, tens\u00e3o ao povo chin\u00eas e desempenhou um papel significativo na promo\u00e7\u00e3o da harmonia familiar e social, no impulso do desenvolvimento econ\u00f4mico, na prote\u00e7\u00e3o do meio ambiente e na promo\u00e7\u00e3o do meio ambiente cultural global.<\/p>\n\n\n\n<p>Ele acrescentou que a inclus\u00e3o da Festa da Primavera na lista da UNESCO ajudar\u00e1 a promover os valores universais de paz e harmonia e ressaltar\u00e1 o papel importante do patrim\u00f4nio cultural imaterial no desenvolvimento sustent\u00e1vel.<\/p>\n\n\n\n<p>Com essa inclus\u00e3o, a China agora tem 44 elementos ou pr\u00e1ticas culturais reconhecidas pela UNESCO como Patrim\u00f4nio Cultural Imaterial da Humanidade.<\/p>\n\n\n\n<figure class=\"wp-block-image\"><img decoding=\"async\" src=\"https:\/\/portuguese.news.cn\/20241205\/fbd8dc9f9b1f467090568c60bcf20b53\/a64ACKljC8dslCYr.jpeg\" alt=\"\"\/><\/figure>\n\n\n\n<p>(Xinhua\/Zhu Yubo)<\/p>\n\n\n\n<figure class=\"wp-block-image\"><img decoding=\"async\" src=\"https:\/\/portuguese.news.cn\/20241205\/fbd8dc9f9b1f467090568c60bcf20b53\/upoD8K0RNitBO3kZ.jpeg\" alt=\"\"\/><\/figure>\n\n\n\n<p>(Xinhua\/Zhu Yubo)<\/p>\n","protected":false},"excerpt":{"rendered":"<p>Assun\u00e7\u00e3o &#8211; A Organiza\u00e7\u00e3o das Na\u00e7\u00f5es Unidas para a Educa\u00e7\u00e3o, a Ci\u00eancia e a Cultura (UNESCO) inscreveu nesta quarta-feira a Festa da Primavera, pr\u00e1ticas sociais do povo chin\u00eas em celebrar ao ano novo tradicional, na Lista Representativa do Patrim\u00f4nio Cultural&#8230;<\/p>\n","protected":false},"author":3,"featured_media":24280,"comment_status":"open","ping_status":"open","sticky":false,"template":"","format":"standard","meta":{"footnotes":""},"categories":[6,4],"tags":[],"class_list":["post-24279","post","type-post","status-publish","format-standard","has-post-thumbnail","hentry","category-cultura-tecnologia","category-internacional"],"yoast_head":"<!-- This site is optimized with the Yoast SEO plugin v27.4 - https:\/\/yoast.com\/product\/yoast-seo-wordpress\/ -->\n<title>UNESCO inscreve Festa da Primavera na lista de patrim\u00f4nio cultural imaterial - Xinhua - Diario de Pernambuco<\/title>\n<meta name=\"robots\" content=\"index, follow, max-snippet:-1, max-image-preview:large, max-video-preview:-1\" \/>\n<link rel=\"canonical\" href=\"https:\/\/diariodepe.com.br\/xinhua\/2024\/12\/05\/unesco-inscreve-festa-da-primavera-na-lista-de-patrimonio-cultural-imaterial\/\" \/>\n<meta property=\"og:locale\" content=\"pt_BR\" \/>\n<meta property=\"og:type\" content=\"article\" \/>\n<meta property=\"og:title\" content=\"UNESCO inscreve Festa da Primavera na lista de patrim\u00f4nio cultural imaterial - Xinhua - Diario de Pernambuco\" \/>\n<meta property=\"og:description\" content=\"Assun\u00e7\u00e3o &#8211; A Organiza\u00e7\u00e3o das Na\u00e7\u00f5es Unidas para a Educa\u00e7\u00e3o, a Ci\u00eancia e a Cultura (UNESCO) inscreveu nesta quarta-feira a Festa da Primavera, pr\u00e1ticas sociais do povo chin\u00eas em celebrar ao ano novo tradicional, na Lista Representativa do Patrim\u00f4nio Cultural...\" \/>\n<meta property=\"og:url\" content=\"https:\/\/diariodepe.com.br\/xinhua\/2024\/12\/05\/unesco-inscreve-festa-da-primavera-na-lista-de-patrimonio-cultural-imaterial\/\" \/>\n<meta property=\"og:site_name\" content=\"Xinhua - Diario de Pernambuco\" \/>\n<meta property=\"article:published_time\" content=\"2024-12-05T18:04:00+00:00\" \/>\n<meta property=\"og:image\" content=\"https:\/\/diariodepe.com.br\/xinhua\/wp-content\/uploads\/sites\/3\/2024\/12\/ys3aRfkP6lVHX2JC.png\" \/>\n\t<meta property=\"og:image:width\" content=\"1020\" \/>\n\t<meta property=\"og:image:height\" content=\"680\" \/>\n\t<meta property=\"og:image:type\" content=\"image\/png\" \/>\n<meta name=\"author\" content=\"Marcelo Oliveira de A. Maranhao\" \/>\n<meta name=\"twitter:card\" content=\"summary_large_image\" \/>\n<meta name=\"twitter:label1\" content=\"Escrito por\" \/>\n\t<meta name=\"twitter:data1\" content=\"Marcelo Oliveira de A. Maranhao\" \/>\n\t<meta name=\"twitter:label2\" content=\"Est. tempo de leitura\" \/>\n\t<meta name=\"twitter:data2\" content=\"3 minutos\" \/>\n<script type=\"application\/ld+json\" class=\"yoast-schema-graph\">{\"@context\":\"https:\\\/\\\/schema.org\",\"@graph\":[{\"@type\":\"Article\",\"@id\":\"https:\\\/\\\/diariodepe.com.br\\\/xinhua\\\/2024\\\/12\\\/05\\\/unesco-inscreve-festa-da-primavera-na-lista-de-patrimonio-cultural-imaterial\\\/#article\",\"isPartOf\":{\"@id\":\"https:\\\/\\\/diariodepe.com.br\\\/xinhua\\\/2024\\\/12\\\/05\\\/unesco-inscreve-festa-da-primavera-na-lista-de-patrimonio-cultural-imaterial\\\/\"},\"author\":{\"name\":\"Marcelo Oliveira de A. Maranhao\",\"@id\":\"https:\\\/\\\/diariodepe.com.br\\\/xinhua\\\/#\\\/schema\\\/person\\\/0943d6fd02bdc7b49c8f495e8787a2cb\"},\"headline\":\"UNESCO inscreve Festa da Primavera na lista de patrim\u00f4nio cultural imaterial\",\"datePublished\":\"2024-12-05T18:04:00+00:00\",\"mainEntityOfPage\":{\"@id\":\"https:\\\/\\\/diariodepe.com.br\\\/xinhua\\\/2024\\\/12\\\/05\\\/unesco-inscreve-festa-da-primavera-na-lista-de-patrimonio-cultural-imaterial\\\/\"},\"wordCount\":477,\"commentCount\":0,\"publisher\":{\"@id\":\"https:\\\/\\\/diariodepe.com.br\\\/xinhua\\\/#organization\"},\"image\":{\"@id\":\"https:\\\/\\\/diariodepe.com.br\\\/xinhua\\\/2024\\\/12\\\/05\\\/unesco-inscreve-festa-da-primavera-na-lista-de-patrimonio-cultural-imaterial\\\/#primaryimage\"},\"thumbnailUrl\":\"https:\\\/\\\/diariodepe.com.br\\\/xinhua\\\/wp-content\\\/uploads\\\/sites\\\/3\\\/2024\\\/12\\\/ys3aRfkP6lVHX2JC.png\",\"articleSection\":[\"Cultura \\\/ Tecnologia\",\"Internacional\"],\"inLanguage\":\"pt-BR\",\"potentialAction\":[{\"@type\":\"CommentAction\",\"name\":\"Comment\",\"target\":[\"https:\\\/\\\/diariodepe.com.br\\\/xinhua\\\/2024\\\/12\\\/05\\\/unesco-inscreve-festa-da-primavera-na-lista-de-patrimonio-cultural-imaterial\\\/#respond\"]}]},{\"@type\":\"WebPage\",\"@id\":\"https:\\\/\\\/diariodepe.com.br\\\/xinhua\\\/2024\\\/12\\\/05\\\/unesco-inscreve-festa-da-primavera-na-lista-de-patrimonio-cultural-imaterial\\\/\",\"url\":\"https:\\\/\\\/diariodepe.com.br\\\/xinhua\\\/2024\\\/12\\\/05\\\/unesco-inscreve-festa-da-primavera-na-lista-de-patrimonio-cultural-imaterial\\\/\",\"name\":\"UNESCO inscreve Festa da Primavera na lista de patrim\u00f4nio cultural imaterial - Xinhua - Diario de Pernambuco\",\"isPartOf\":{\"@id\":\"https:\\\/\\\/diariodepe.com.br\\\/xinhua\\\/#website\"},\"primaryImageOfPage\":{\"@id\":\"https:\\\/\\\/diariodepe.com.br\\\/xinhua\\\/2024\\\/12\\\/05\\\/unesco-inscreve-festa-da-primavera-na-lista-de-patrimonio-cultural-imaterial\\\/#primaryimage\"},\"image\":{\"@id\":\"https:\\\/\\\/diariodepe.com.br\\\/xinhua\\\/2024\\\/12\\\/05\\\/unesco-inscreve-festa-da-primavera-na-lista-de-patrimonio-cultural-imaterial\\\/#primaryimage\"},\"thumbnailUrl\":\"https:\\\/\\\/diariodepe.com.br\\\/xinhua\\\/wp-content\\\/uploads\\\/sites\\\/3\\\/2024\\\/12\\\/ys3aRfkP6lVHX2JC.png\",\"datePublished\":\"2024-12-05T18:04:00+00:00\",\"breadcrumb\":{\"@id\":\"https:\\\/\\\/diariodepe.com.br\\\/xinhua\\\/2024\\\/12\\\/05\\\/unesco-inscreve-festa-da-primavera-na-lista-de-patrimonio-cultural-imaterial\\\/#breadcrumb\"},\"inLanguage\":\"pt-BR\",\"potentialAction\":[{\"@type\":\"ReadAction\",\"target\":[\"https:\\\/\\\/diariodepe.com.br\\\/xinhua\\\/2024\\\/12\\\/05\\\/unesco-inscreve-festa-da-primavera-na-lista-de-patrimonio-cultural-imaterial\\\/\"]}]},{\"@type\":\"ImageObject\",\"inLanguage\":\"pt-BR\",\"@id\":\"https:\\\/\\\/diariodepe.com.br\\\/xinhua\\\/2024\\\/12\\\/05\\\/unesco-inscreve-festa-da-primavera-na-lista-de-patrimonio-cultural-imaterial\\\/#primaryimage\",\"url\":\"https:\\\/\\\/diariodepe.com.br\\\/xinhua\\\/wp-content\\\/uploads\\\/sites\\\/3\\\/2024\\\/12\\\/ys3aRfkP6lVHX2JC.png\",\"contentUrl\":\"https:\\\/\\\/diariodepe.com.br\\\/xinhua\\\/wp-content\\\/uploads\\\/sites\\\/3\\\/2024\\\/12\\\/ys3aRfkP6lVHX2JC.png\",\"width\":1020,\"height\":680},{\"@type\":\"BreadcrumbList\",\"@id\":\"https:\\\/\\\/diariodepe.com.br\\\/xinhua\\\/2024\\\/12\\\/05\\\/unesco-inscreve-festa-da-primavera-na-lista-de-patrimonio-cultural-imaterial\\\/#breadcrumb\",\"itemListElement\":[{\"@type\":\"ListItem\",\"position\":1,\"name\":\"In\u00edcio\",\"item\":\"https:\\\/\\\/diariodepe.com.br\\\/xinhua\\\/\"},{\"@type\":\"ListItem\",\"position\":2,\"name\":\"UNESCO inscreve Festa da Primavera na lista de patrim\u00f4nio cultural imaterial\"}]},{\"@type\":\"WebSite\",\"@id\":\"https:\\\/\\\/diariodepe.com.br\\\/xinhua\\\/#website\",\"url\":\"https:\\\/\\\/diariodepe.com.br\\\/xinhua\\\/\",\"name\":\"Xinhua - Diario de Pernambuco\",\"description\":\"A maior ag\u00eancia de not\u00edcias da China e um dos principais canais para conhecer o pa\u00eds\",\"publisher\":{\"@id\":\"https:\\\/\\\/diariodepe.com.br\\\/xinhua\\\/#organization\"},\"potentialAction\":[{\"@type\":\"SearchAction\",\"target\":{\"@type\":\"EntryPoint\",\"urlTemplate\":\"https:\\\/\\\/diariodepe.com.br\\\/xinhua\\\/?s={search_term_string}\"},\"query-input\":{\"@type\":\"PropertyValueSpecification\",\"valueRequired\":true,\"valueName\":\"search_term_string\"}}],\"inLanguage\":\"pt-BR\"},{\"@type\":\"Organization\",\"@id\":\"https:\\\/\\\/diariodepe.com.br\\\/xinhua\\\/#organization\",\"name\":\"Xinhua - Diario de Pernambuco\",\"url\":\"https:\\\/\\\/diariodepe.com.br\\\/xinhua\\\/\",\"logo\":{\"@type\":\"ImageObject\",\"inLanguage\":\"pt-BR\",\"@id\":\"https:\\\/\\\/diariodepe.com.br\\\/xinhua\\\/#\\\/schema\\\/logo\\\/image\\\/\",\"url\":\"https:\\\/\\\/diariodepe.com.br\\\/xinhua\\\/wp-content\\\/uploads\\\/sites\\\/3\\\/2020\\\/10\\\/cropped-logo-transparente-2.png\",\"contentUrl\":\"https:\\\/\\\/diariodepe.com.br\\\/xinhua\\\/wp-content\\\/uploads\\\/sites\\\/3\\\/2020\\\/10\\\/cropped-logo-transparente-2.png\",\"width\":512,\"height\":164,\"caption\":\"Xinhua - Diario de Pernambuco\"},\"image\":{\"@id\":\"https:\\\/\\\/diariodepe.com.br\\\/xinhua\\\/#\\\/schema\\\/logo\\\/image\\\/\"}},{\"@type\":\"Person\",\"@id\":\"https:\\\/\\\/diariodepe.com.br\\\/xinhua\\\/#\\\/schema\\\/person\\\/0943d6fd02bdc7b49c8f495e8787a2cb\",\"name\":\"Marcelo Oliveira de A. Maranhao\",\"image\":{\"@type\":\"ImageObject\",\"inLanguage\":\"pt-BR\",\"@id\":\"https:\\\/\\\/secure.gravatar.com\\\/avatar\\\/f562caee940d39879c20e90eea3e4b21860c7d4c96684c23141c554824f0059c?s=96&d=mm&r=g\",\"url\":\"https:\\\/\\\/secure.gravatar.com\\\/avatar\\\/f562caee940d39879c20e90eea3e4b21860c7d4c96684c23141c554824f0059c?s=96&d=mm&r=g\",\"contentUrl\":\"https:\\\/\\\/secure.gravatar.com\\\/avatar\\\/f562caee940d39879c20e90eea3e4b21860c7d4c96684c23141c554824f0059c?s=96&d=mm&r=g\",\"caption\":\"Marcelo Oliveira de A. Maranhao\"},\"url\":\"https:\\\/\\\/diariodepe.com.br\\\/xinhua\\\/author\\\/marcelo-maranhao\\\/\"}]}<\/script>\n<!-- \/ Yoast SEO plugin. -->","yoast_head_json":{"title":"UNESCO inscreve Festa da Primavera na lista de patrim\u00f4nio cultural imaterial - Xinhua - Diario de Pernambuco","robots":{"index":"index","follow":"follow","max-snippet":"max-snippet:-1","max-image-preview":"max-image-preview:large","max-video-preview":"max-video-preview:-1"},"canonical":"https:\/\/diariodepe.com.br\/xinhua\/2024\/12\/05\/unesco-inscreve-festa-da-primavera-na-lista-de-patrimonio-cultural-imaterial\/","og_locale":"pt_BR","og_type":"article","og_title":"UNESCO inscreve Festa da Primavera na lista de patrim\u00f4nio cultural imaterial - Xinhua - Diario de Pernambuco","og_description":"Assun\u00e7\u00e3o &#8211; A Organiza\u00e7\u00e3o das Na\u00e7\u00f5es Unidas para a Educa\u00e7\u00e3o, a Ci\u00eancia e a Cultura (UNESCO) inscreveu nesta quarta-feira a Festa da Primavera, pr\u00e1ticas sociais do povo chin\u00eas em celebrar ao ano novo tradicional, na Lista Representativa do Patrim\u00f4nio Cultural...","og_url":"https:\/\/diariodepe.com.br\/xinhua\/2024\/12\/05\/unesco-inscreve-festa-da-primavera-na-lista-de-patrimonio-cultural-imaterial\/","og_site_name":"Xinhua - Diario de Pernambuco","article_published_time":"2024-12-05T18:04:00+00:00","og_image":[{"width":1020,"height":680,"url":"https:\/\/diariodepe.com.br\/xinhua\/wp-content\/uploads\/sites\/3\/2024\/12\/ys3aRfkP6lVHX2JC.png","type":"image\/png"}],"author":"Marcelo Oliveira de A. Maranhao","twitter_card":"summary_large_image","twitter_misc":{"Escrito por":"Marcelo Oliveira de A. Maranhao","Est. tempo de leitura":"3 minutos"},"schema":{"@context":"https:\/\/schema.org","@graph":[{"@type":"Article","@id":"https:\/\/diariodepe.com.br\/xinhua\/2024\/12\/05\/unesco-inscreve-festa-da-primavera-na-lista-de-patrimonio-cultural-imaterial\/#article","isPartOf":{"@id":"https:\/\/diariodepe.com.br\/xinhua\/2024\/12\/05\/unesco-inscreve-festa-da-primavera-na-lista-de-patrimonio-cultural-imaterial\/"},"author":{"name":"Marcelo Oliveira de A. Maranhao","@id":"https:\/\/diariodepe.com.br\/xinhua\/#\/schema\/person\/0943d6fd02bdc7b49c8f495e8787a2cb"},"headline":"UNESCO inscreve Festa da Primavera na lista de patrim\u00f4nio cultural imaterial","datePublished":"2024-12-05T18:04:00+00:00","mainEntityOfPage":{"@id":"https:\/\/diariodepe.com.br\/xinhua\/2024\/12\/05\/unesco-inscreve-festa-da-primavera-na-lista-de-patrimonio-cultural-imaterial\/"},"wordCount":477,"commentCount":0,"publisher":{"@id":"https:\/\/diariodepe.com.br\/xinhua\/#organization"},"image":{"@id":"https:\/\/diariodepe.com.br\/xinhua\/2024\/12\/05\/unesco-inscreve-festa-da-primavera-na-lista-de-patrimonio-cultural-imaterial\/#primaryimage"},"thumbnailUrl":"https:\/\/diariodepe.com.br\/xinhua\/wp-content\/uploads\/sites\/3\/2024\/12\/ys3aRfkP6lVHX2JC.png","articleSection":["Cultura \/ Tecnologia","Internacional"],"inLanguage":"pt-BR","potentialAction":[{"@type":"CommentAction","name":"Comment","target":["https:\/\/diariodepe.com.br\/xinhua\/2024\/12\/05\/unesco-inscreve-festa-da-primavera-na-lista-de-patrimonio-cultural-imaterial\/#respond"]}]},{"@type":"WebPage","@id":"https:\/\/diariodepe.com.br\/xinhua\/2024\/12\/05\/unesco-inscreve-festa-da-primavera-na-lista-de-patrimonio-cultural-imaterial\/","url":"https:\/\/diariodepe.com.br\/xinhua\/2024\/12\/05\/unesco-inscreve-festa-da-primavera-na-lista-de-patrimonio-cultural-imaterial\/","name":"UNESCO inscreve Festa da Primavera na lista de patrim\u00f4nio cultural imaterial - Xinhua - Diario de Pernambuco","isPartOf":{"@id":"https:\/\/diariodepe.com.br\/xinhua\/#website"},"primaryImageOfPage":{"@id":"https:\/\/diariodepe.com.br\/xinhua\/2024\/12\/05\/unesco-inscreve-festa-da-primavera-na-lista-de-patrimonio-cultural-imaterial\/#primaryimage"},"image":{"@id":"https:\/\/diariodepe.com.br\/xinhua\/2024\/12\/05\/unesco-inscreve-festa-da-primavera-na-lista-de-patrimonio-cultural-imaterial\/#primaryimage"},"thumbnailUrl":"https:\/\/diariodepe.com.br\/xinhua\/wp-content\/uploads\/sites\/3\/2024\/12\/ys3aRfkP6lVHX2JC.png","datePublished":"2024-12-05T18:04:00+00:00","breadcrumb":{"@id":"https:\/\/diariodepe.com.br\/xinhua\/2024\/12\/05\/unesco-inscreve-festa-da-primavera-na-lista-de-patrimonio-cultural-imaterial\/#breadcrumb"},"inLanguage":"pt-BR","potentialAction":[{"@type":"ReadAction","target":["https:\/\/diariodepe.com.br\/xinhua\/2024\/12\/05\/unesco-inscreve-festa-da-primavera-na-lista-de-patrimonio-cultural-imaterial\/"]}]},{"@type":"ImageObject","inLanguage":"pt-BR","@id":"https:\/\/diariodepe.com.br\/xinhua\/2024\/12\/05\/unesco-inscreve-festa-da-primavera-na-lista-de-patrimonio-cultural-imaterial\/#primaryimage","url":"https:\/\/diariodepe.com.br\/xinhua\/wp-content\/uploads\/sites\/3\/2024\/12\/ys3aRfkP6lVHX2JC.png","contentUrl":"https:\/\/diariodepe.com.br\/xinhua\/wp-content\/uploads\/sites\/3\/2024\/12\/ys3aRfkP6lVHX2JC.png","width":1020,"height":680},{"@type":"BreadcrumbList","@id":"https:\/\/diariodepe.com.br\/xinhua\/2024\/12\/05\/unesco-inscreve-festa-da-primavera-na-lista-de-patrimonio-cultural-imaterial\/#breadcrumb","itemListElement":[{"@type":"ListItem","position":1,"name":"In\u00edcio","item":"https:\/\/diariodepe.com.br\/xinhua\/"},{"@type":"ListItem","position":2,"name":"UNESCO inscreve Festa da Primavera na lista de patrim\u00f4nio cultural imaterial"}]},{"@type":"WebSite","@id":"https:\/\/diariodepe.com.br\/xinhua\/#website","url":"https:\/\/diariodepe.com.br\/xinhua\/","name":"Xinhua - Diario de Pernambuco","description":"A maior ag\u00eancia de not\u00edcias da China e um dos principais canais para conhecer o pa\u00eds","publisher":{"@id":"https:\/\/diariodepe.com.br\/xinhua\/#organization"},"potentialAction":[{"@type":"SearchAction","target":{"@type":"EntryPoint","urlTemplate":"https:\/\/diariodepe.com.br\/xinhua\/?s={search_term_string}"},"query-input":{"@type":"PropertyValueSpecification","valueRequired":true,"valueName":"search_term_string"}}],"inLanguage":"pt-BR"},{"@type":"Organization","@id":"https:\/\/diariodepe.com.br\/xinhua\/#organization","name":"Xinhua - Diario de Pernambuco","url":"https:\/\/diariodepe.com.br\/xinhua\/","logo":{"@type":"ImageObject","inLanguage":"pt-BR","@id":"https:\/\/diariodepe.com.br\/xinhua\/#\/schema\/logo\/image\/","url":"https:\/\/diariodepe.com.br\/xinhua\/wp-content\/uploads\/sites\/3\/2020\/10\/cropped-logo-transparente-2.png","contentUrl":"https:\/\/diariodepe.com.br\/xinhua\/wp-content\/uploads\/sites\/3\/2020\/10\/cropped-logo-transparente-2.png","width":512,"height":164,"caption":"Xinhua - Diario de Pernambuco"},"image":{"@id":"https:\/\/diariodepe.com.br\/xinhua\/#\/schema\/logo\/image\/"}},{"@type":"Person","@id":"https:\/\/diariodepe.com.br\/xinhua\/#\/schema\/person\/0943d6fd02bdc7b49c8f495e8787a2cb","name":"Marcelo Oliveira de A. Maranhao","image":{"@type":"ImageObject","inLanguage":"pt-BR","@id":"https:\/\/secure.gravatar.com\/avatar\/f562caee940d39879c20e90eea3e4b21860c7d4c96684c23141c554824f0059c?s=96&d=mm&r=g","url":"https:\/\/secure.gravatar.com\/avatar\/f562caee940d39879c20e90eea3e4b21860c7d4c96684c23141c554824f0059c?s=96&d=mm&r=g","contentUrl":"https:\/\/secure.gravatar.com\/avatar\/f562caee940d39879c20e90eea3e4b21860c7d4c96684c23141c554824f0059c?s=96&d=mm&r=g","caption":"Marcelo Oliveira de A. Maranhao"},"url":"https:\/\/diariodepe.com.br\/xinhua\/author\/marcelo-maranhao\/"}]}},"cc_featured_image_caption":{"caption_text":"","source_text":"","source_url":""},"amp_enabled":true,"_links":{"self":[{"href":"https:\/\/diariodepe.com.br\/xinhua\/wp-json\/wp\/v2\/posts\/24279","targetHints":{"allow":["GET"]}}],"collection":[{"href":"https:\/\/diariodepe.com.br\/xinhua\/wp-json\/wp\/v2\/posts"}],"about":[{"href":"https:\/\/diariodepe.com.br\/xinhua\/wp-json\/wp\/v2\/types\/post"}],"author":[{"embeddable":true,"href":"https:\/\/diariodepe.com.br\/xinhua\/wp-json\/wp\/v2\/users\/3"}],"replies":[{"embeddable":true,"href":"https:\/\/diariodepe.com.br\/xinhua\/wp-json\/wp\/v2\/comments?post=24279"}],"version-history":[{"count":1,"href":"https:\/\/diariodepe.com.br\/xinhua\/wp-json\/wp\/v2\/posts\/24279\/revisions"}],"predecessor-version":[{"id":24281,"href":"https:\/\/diariodepe.com.br\/xinhua\/wp-json\/wp\/v2\/posts\/24279\/revisions\/24281"}],"wp:featuredmedia":[{"embeddable":true,"href":"https:\/\/diariodepe.com.br\/xinhua\/wp-json\/wp\/v2\/media\/24280"}],"wp:attachment":[{"href":"https:\/\/diariodepe.com.br\/xinhua\/wp-json\/wp\/v2\/media?parent=24279"}],"wp:term":[{"taxonomy":"category","embeddable":true,"href":"https:\/\/diariodepe.com.br\/xinhua\/wp-json\/wp\/v2\/categories?post=24279"},{"taxonomy":"post_tag","embeddable":true,"href":"https:\/\/diariodepe.com.br\/xinhua\/wp-json\/wp\/v2\/tags?post=24279"}],"curies":[{"name":"wp","href":"https:\/\/api.w.org\/{rel}","templated":true}]}}