{"id":24230,"date":"2024-12-04T09:19:00","date_gmt":"2024-12-04T12:19:00","guid":{"rendered":"https:\/\/www.diariodepe.com.br\/xinhua\/?p=24230"},"modified":"2024-12-04T10:21:28","modified_gmt":"2024-12-04T13:21:28","slug":"comunidade-internacional-pede-reducao-da-escalada-em-meio-a-grande-ofensiva-rebelde-na-siria","status":"publish","type":"post","link":"https:\/\/diariodepe.com.br\/xinhua\/2024\/12\/04\/comunidade-internacional-pede-reducao-da-escalada-em-meio-a-grande-ofensiva-rebelde-na-siria\/","title":{"rendered":"Comunidade internacional pede redu\u00e7\u00e3o da escalada em meio \u00e0 grande ofensiva rebelde na S\u00edria"},"content":{"rendered":"\n<p>Damasco &#8211; Uma ataque surpresa lan\u00e7ada na semana passada por uma coaliz\u00e3o de grupos rebeldes na zona rural ocidental de Aleppo, no noroeste da S\u00edria, se estende mais profundamente ao pa\u00eds, que ainda est\u00e1 sendo ferido por uma guerra civil de 13 anos.<\/p>\n\n\n\n<p>Enquanto os militantes rebeldes avan\u00e7avam em dire\u00e7\u00e3o ao sul, depois de tomarem o controle da maior parte de Aleppo no fim da semana, as for\u00e7as do governo lan\u00e7aram no domingo uma contraofensiva no centro da S\u00edria, recuperando \u00e1reas importantes dos rebeldes.<\/p>\n\n\n\n<p>O ataque, o primeiro significativo desde 2016, quando os grupos rebeldes foram expulsos de Aleppo, provocou grande preocupa\u00e7\u00e3o com a reabertura de uma nova frente violenta no Oriente M\u00e9dio, que acaba de ver um vislumbre de esperan\u00e7a de paz com a rec\u00e9m-alcan\u00e7ada tr\u00e9gua no L\u00edbano.<\/p>\n\n\n\n<p><strong>R\u00c1PIDO AVAN\u00c7O REBELDE<\/strong><\/p>\n\n\n\n<p>Na quarta-feira, o Hayat Tahrir al-Sham (HTS) &#8211; uma organiza\u00e7\u00e3o extremista ligada \u00e0 Al Qaeda &#8211; e fac\u00e7\u00f5es aliadas da oposi\u00e7\u00e3o sacudiram a zona rural ocidental de Aleppo em uma grande exposi\u00e7\u00e3o rebelde com o objetivo de penetrar nos territ\u00f3rios controlados pelo governo .<\/p>\n\n\n\n<p>Na sexta-feira, eles invadiram partes de Aleppo pela primeira vez desde 2016. Diante de militantes avassaladores e de v\u00e1rios ataques, o ex\u00e9rcito s\u00edrio anunciou uma redistribui\u00e7\u00e3o tempor\u00e1ria de suas for\u00e7as.<\/p>\n\n\n\n<p>No s\u00e1bado, os rebeldes avan\u00e7aram na Prov\u00edncia de Hama, no centro-oeste da S\u00edria, e assumiram o controlo de v\u00e1rias cidades e aldeias na parte norte da prov\u00edncia, depois de capturarem territ\u00f3rios importantes nas prov\u00edncias de Aleppo e Idlib.<\/p>\n\n\n\n<p>Em um desenvolvimento significativo, o HTS tomou o Aeroporto Internacional de Aleppo no s\u00e1bado, o primeiro aeroporto civil a cair sob o controle do HTS, de acordo com o Observat\u00f3rio S\u00edrio para os Direitos Humanos (SOHR, em ingl\u00eas), monitor de guerra com sede no Reino Unido.<\/p>\n\n\n\n<p>No domingo, a m\u00eddia estatal e o SOHR informaram que as for\u00e7as do governo s\u00edrio lan\u00e7aram uma contraofensiva na zona rural de Hama, no norte, recuperando \u00e1reas importantes dos grupos rebeldes.<\/p>\n\n\n\n<p>A televis\u00e3o estatal s\u00edria informou no domingo que cerca de 1.000 militantes do HTS e de grupos afiliados foram mortos nos \u00faltimos tr\u00eas dias durante as opera\u00e7\u00f5es do ex\u00e9rcito s\u00edrio.<\/p>\n\n\n\n<p>Enquanto isso, o SOHR disse que as for\u00e7as de oposi\u00e7\u00e3o s\u00edrias refor\u00e7adas pela Turquia iniciaram no domingo uma opera\u00e7\u00e3o em Tel Rifaat, uma cidade controlada pelos curdos na zona rural do norte da Prov\u00edncia de Aleppo, e que &#8220;h\u00e1 confrontos violentos entre as for\u00e7as curdas e como fac\u00e7\u00f5es (de oposi\u00e7\u00e3o)&#8221;.<\/p>\n\n\n\n<p>De acordo com o SOHR, o avan\u00e7o rebelde de quarta-feira provocou mudan\u00e7as significativas na regi\u00e3o, incluindo a retirada de mil\u00edcias refor\u00e7adas pelo Ir\u00e3 e o reposicionamento de unidades curdas na periferia noroeste de Aleppo.<\/p>\n\n\n\n<p><strong>CIVIS S\u00c3O V\u00cdTIMAS<\/strong><\/p>\n\n\n\n<p>O SOHR disse no domingo que pelo menos 372 pessoas foram mortas na S\u00edria, incluindo pelo menos 20 civis, desde o in\u00edcio da manifesta\u00e7\u00e3o na quarta-feira. O n\u00famero de mortos tamb\u00e9m inclui militares.<\/p>\n\n\n\n<p>A recente escalada da viol\u00eancia na S\u00edria ocorreu &#8220;em um momento em que in\u00fameras pessoas, muitas das quais j\u00e1 sofreram o trauma de deslocamento, agora s\u00e3o for\u00e7adas a fugir mais uma vez, deixando para tr\u00e1s suas casas e meios de subsist\u00eancia&#8221;, disse o coordenador residente da ONU e coordenador humanit\u00e1rio para a S\u00edria, Adam Abdelmoula, em comunicado no domingo.<\/p>\n\n\n\n<p>Antes do recente influxo de mais de meio milh\u00e3o de repatriados e refugiados do L\u00edbano, havia mais de 16,7 milh\u00f5es de pessoas na S\u00edria precisando de assist\u00eancia humanit\u00e1ria, disse Abdelmoula.<\/p>\n\n\n\n<p>Devido \u00e0 viol\u00eancia mais recente, &#8220;ainda mais vidas precisam ser salvas com urg\u00eancia&#8221;, disse ele, observando que os combates pesados \u200b\u200b&#8221;resultaram na tr\u00e1gica perda de vidas civis inocentes, incluindo mulheres e crian\u00e7as, danos \u00e0 infraestrutura civil e a suspens\u00e3o de servi\u00e7os essenciais&#8221; .<\/p>\n\n\n\n<p>Abdelmoula se referiu a uma terr\u00edvel crise humanit\u00e1ria na S\u00edria resultante de uma guerra civil no pa\u00eds que se estende at\u00e9 o seu 14\u00ba ano. Como demonstrou a vis\u00e3o geral da situa\u00e7\u00e3o em 2025 publicada pelo Alto Comissariado das Na\u00e7\u00f5es Unidas para Refugiados (ACNUR, em ingl\u00eas), a guerra prolongada arrastou mais pessoas do que nunca para uma pobreza ainda maior.<\/p>\n\n\n\n<p>Chamando a situa\u00e7\u00e3o da S\u00edria de \u201cuma das maiores crises de deslocamento do mundo\u201d, a vis\u00e3o geral da ag\u00eancia da ONU projetou que, em 2025, teria 7,2 milh\u00f5es de pessoas deslocadas internamente e 6,2 milh\u00f5es de refugiados, hospedados principalmente nos pa\u00edses vizinhos do Egito, Iraque, Jord\u00e2nia, L\u00edbano e Turquia.<\/p>\n\n\n\n<p>Enquanto isso, o Fundo das Na\u00e7\u00f5es Unidas para a Inf\u00e2ncia (UNICEF, em ingl\u00eas) disse em um apelo recente que as crian\u00e7as na S\u00edria est\u00e3o enfrentando uma das emerg\u00eancias mais complexas do mundo<\/p>\n\n\n\n<p>\u201cQuase 7,5 milh\u00f5es de crian\u00e7as na S\u00edria precisar\u00e3o de assist\u00eancia humanit\u00e1ria em 2024 devido ao agravamento da crise econ\u00f4mica, ao deslocamento em massa e \u00e0 infraestrutura p\u00fablica devastada\u201d, disse o UNICEF.<\/p>\n\n\n\n<p>Cerca de 90% das fam\u00edlias na S\u00edria vivem na pobreza, segundo a organiza\u00e7\u00e3o. &#8220;O colapso do sistema de sa\u00fade, a falta de acesso \u00e0 \u00e1gua pot\u00e1vel, a falta de saneamento e o aumento da inseguran\u00e7a alimentar resultaram n\u00e3o apenas no aumento da vulnerabilidade a doen\u00e7as transmitidas pela \u00e1gua e evit\u00e1veis \u200b\u200bpor vacina\u00e7\u00e3o, mas tamb\u00e9m provocaram um aumento dram\u00e1tico da desnutri\u00e7\u00e3o entre as crian\u00e7as&#8221;.<\/p>\n\n\n\n<p><strong>CRESCENTES PEDIDOS DE REDU\u00c7\u00c3O DA ESCALADA<\/strong><\/p>\n\n\n\n<p>Um ataque rel\u00e2mpago dos rebeldes em Aleppo atenuou a luz do amanhecer de uma paz regional mais ampla ap\u00f3s o cessar-fogo entre Israel e L\u00edbano que entrou em vigor na quarta-feira, que permanece fr\u00e1gil em meio a ataques espor\u00e1dicos israelenses subsequentes nas \u00e1reas de fronteira do sul do L\u00edbano.<\/p>\n\n\n\n<p>Enquanto o mundo observa os acontecimentos na S\u00edria, o apoio \u00e0 supervis\u00e3o territorial da S\u00edria veio de pa\u00edses da regi\u00e3o e de outros pa\u00edses, enquanto a comunidade internacional pedia a redu\u00e7\u00e3o da escalada e o di\u00e1logo entre as partes relevantes para lidar com a crise.<\/p>\n\n\n\n<p>No s\u00e1bado, o presidente dos Emirados \u00c1rabes Unidos (EAU), Xeque Mohamed bin Zayed Al Nahyan, disse que os EAU &#8220;est\u00e3o ao lado do Estado s\u00edrio e o apoiam no combate ao terrorismo, ampliando sua soberania, unificando seus territ\u00f3rios e alcan\u00e7ando a estabilidade&#8221; .<\/p>\n\n\n\n<p>O primeiro-ministro iraquiano Mohammed Shia&#8217; al-Sudani disse no s\u00e1bado que &#8220;a seguran\u00e7a e a estabilidade da S\u00edria est\u00e3o intimamente ligadas \u00e0 seguran\u00e7a nacional do Iraque&#8221; e desempenham um papel crucial na seguran\u00e7a regional e nos nossos esfor\u00e7os para estabelecer a estabilidade no Oriente M\u00e9dio.<\/p>\n\n\n\n<p>O ministro das Rela\u00e7\u00f5es Exteriores do Egito, Badr Abdelatty, tamb\u00e9m reiterou o apoio \u00e0s institui\u00e7\u00f5es nacionais s\u00edrias e enfatizou &#8220;o papel vital da S\u00edria na promo\u00e7\u00e3o da estabilidade regional e no combate ao terrorismo&#8221;.<\/p>\n\n\n\n<p>No domingo, o presidente iraniano, Masoud Pezeshkian, pediu que os pa\u00edses mu\u00e7ulmanos ajudassem a resolver o problema na S\u00edria, dizendo que a seguran\u00e7a regional poderia ser alcan\u00e7ada por meio dos esfor\u00e7os dos pa\u00edses da regi\u00e3o e que n\u00e3o h\u00e1 necessidade de interfer\u00eancia estrangeira. No final do dia, o ministro das Rela\u00e7\u00f5es Exteriores do Ir\u00e3, Seyed Abbas Araghchi, teria partido para uma visita a Damasco, capital da S\u00edria.<\/p>\n\n\n\n<p>Entretanto, o rei Abdullah II da Jord\u00e2nia enfatizou a solidariedade da Jord\u00e2nia com a S\u00edria, reafirmando o seu apoio \u00e0 unidade territorial, \u00e0 soberania e \u00e0 estabilidade da S\u00edria.<\/p>\n\n\n\n<p>O ministro das Rela\u00e7\u00f5es Exteriores da Turquia, Hakan Fidan, disse que Ancara \u00e9 &#8220;contra qualquer desenvolvimento que aumente a instabilidade na regi\u00e3o e apoiamos as a\u00e7\u00f5es para reduzir a tens\u00e3o na S\u00edria&#8221;.<\/p>\n\n\n\n<p>O ministro das Rela\u00e7\u00f5es Exteriores da R\u00fassia, Sergei Lavrov, expressou o apoio \u201cdecisivo\u201d da R\u00fassia \u00e0 soberania nacional e \u00e0 integridade territorial da S\u00edria, bem como ao seu governo e ex\u00e9rcito na sua luta contra \u201cgrupos terroristas\u201d.<\/p>\n\n\n\n<p>O Minist\u00e9rio da Defesa da R\u00fassia disse que a sua for\u00e7a a\u00e9rea cometeu ataques contra rebeldes s\u00edrios em apoio ao ex\u00e9rcito da S\u00edria.<\/p>\n\n\n\n<p>Na Venezuela, o governo do presidente Nicol\u00e1s Maduro denunciou no s\u00e1bado os rebeldes como \u201cterroristas\u201d e condenou todos os ataques contra o Estado s\u00edrio, de acordo com relatos da m\u00eddia.<\/p>\n\n\n\n<p>O porta-voz do Conselho de Seguran\u00e7a Nacional dos EUA, Sean Savett, disse no s\u00e1bado que os Estados Unidos &#8220;n\u00e3o t\u00eam nada a ver com essa explos\u00e3o&#8221; e que est\u00e3o monitorando de perto a escalada da situa\u00e7\u00e3o na S\u00edria.<\/p>\n\n\n\n<p>Os Estados Unidos pediram a redu\u00e7\u00e3o imediata da escalada, a prote\u00e7\u00e3o de civis e grupos minorit\u00e1rios e o in\u00edcio de um processo pol\u00edtico confi\u00e1vel para acabar com a guerra civil na S\u00edria, disse Savett.<\/p>\n\n\n\n<p>O Minist\u00e9rio das Rela\u00e7\u00f5es Exteriores da Fran\u00e7a pediu a todas as partes envolvidas nos acontecimentos militares em Aleppo que &#8220;respeitem o direito humanit\u00e1rio internacional e protejam as popula\u00e7\u00f5es civis&#8221;, e pediu esfor\u00e7os diplom\u00e1ticos na ONU para resolver o conflito.<\/p>\n\n\n\n<p>Na declara\u00e7\u00e3o no domingo, o Minist\u00e9rio das Rela\u00e7\u00f5es Exteriores brit\u00e2nico pediu negocia\u00e7\u00f5es e que as partes relevantes \u201cprotejam a vida e a infraestrutura dos civis\u201d.<\/p>\n\n\n\n<figure class=\"wp-block-image\"><img decoding=\"async\" src=\"https:\/\/portuguese.news.cn\/20241204\/c55047156554443faadc3bd03a39e71a\/20241204c55047156554443faadc3bd03a39e71a_202412043c4dcaed43e24ba582aa6c0c94eea5c1.jpeg\" alt=\"\"\/><figcaption>Foto tirada com um telefone celular mostra uma fuma\u00e7a subindo sobre a cidade de Aleppo, na S\u00edria, em 1\u00ba de dezembro de 2024. Uma ataque surpresa lan\u00e7ada na semana passada por uma coaliz\u00e3o de grupos rebeldes na zona rural ocidental de Aleppo, no noroeste da S\u00edria , se estendeu mais profundamente no pa\u00eds, que ainda est\u00e1 sendo ferido por uma guerra civil que j\u00e1 dura 13 anos. Enquanto os militantes rebeldes avan\u00e7avam em dire\u00e7\u00e3o ao sul, depois de tomarem o controle da maior parte de Aleppo no fim da semana, as for\u00e7as do governo lan\u00e7aram no domingo uma contraofensiva no centro da S\u00edria, recuperando \u00e1reas importantes dos rebeldes. O ataque, o primeiro significativo desde 2016, quando os grupos rebeldes foram expulsos de Aleppo, provocou grande preocupa\u00e7\u00e3o com a reabertura de uma nova frente violenta no Oriente M\u00e9dio, que acaba de ver um vislumbre de esperan\u00e7a de paz com a rec\u00e9m-alcan\u00e7ada tr\u00e9gua no L\u00edbano. (Str\/Xinhua)<\/figcaption><\/figure>\n\n\n\n<p><\/p>\n","protected":false},"excerpt":{"rendered":"<p>Damasco &#8211; Uma ataque surpresa lan\u00e7ada na semana passada por uma coaliz\u00e3o de grupos rebeldes na zona rural ocidental de Aleppo, no noroeste da S\u00edria, se estende mais profundamente ao pa\u00eds, que ainda est\u00e1 sendo ferido por uma guerra civil&#8230;<\/p>\n","protected":false},"author":3,"featured_media":24231,"comment_status":"open","ping_status":"open","sticky":false,"template":"","format":"standard","meta":{"footnotes":""},"categories":[4],"tags":[],"class_list":["post-24230","post","type-post","status-publish","format-standard","has-post-thumbnail","hentry","category-internacional"],"yoast_head":"<!-- This site is optimized with the Yoast SEO plugin v27.4 - https:\/\/yoast.com\/product\/yoast-seo-wordpress\/ -->\n<title>Comunidade internacional pede redu\u00e7\u00e3o da escalada em meio \u00e0 grande ofensiva rebelde na S\u00edria - Xinhua - Diario de Pernambuco<\/title>\n<meta name=\"robots\" content=\"index, follow, max-snippet:-1, max-image-preview:large, max-video-preview:-1\" \/>\n<link rel=\"canonical\" href=\"https:\/\/diariodepe.com.br\/xinhua\/2024\/12\/04\/comunidade-internacional-pede-reducao-da-escalada-em-meio-a-grande-ofensiva-rebelde-na-siria\/\" \/>\n<meta property=\"og:locale\" content=\"pt_BR\" \/>\n<meta property=\"og:type\" content=\"article\" \/>\n<meta property=\"og:title\" content=\"Comunidade internacional pede redu\u00e7\u00e3o da escalada em meio \u00e0 grande ofensiva rebelde na S\u00edria - Xinhua - Diario de Pernambuco\" \/>\n<meta property=\"og:description\" content=\"Damasco &#8211; Uma ataque surpresa lan\u00e7ada na semana passada por uma coaliz\u00e3o de grupos rebeldes na zona rural ocidental de Aleppo, no noroeste da S\u00edria, se estende mais profundamente ao pa\u00eds, que ainda est\u00e1 sendo ferido por uma guerra civil...\" \/>\n<meta property=\"og:url\" content=\"https:\/\/diariodepe.com.br\/xinhua\/2024\/12\/04\/comunidade-internacional-pede-reducao-da-escalada-em-meio-a-grande-ofensiva-rebelde-na-siria\/\" \/>\n<meta property=\"og:site_name\" content=\"Xinhua - Diario de Pernambuco\" \/>\n<meta property=\"article:published_time\" content=\"2024-12-04T12:19:00+00:00\" \/>\n<meta property=\"article:modified_time\" content=\"2024-12-04T13:21:28+00:00\" \/>\n<meta property=\"og:image\" content=\"https:\/\/diariodepe.com.br\/xinhua\/wp-content\/uploads\/sites\/3\/2024\/12\/20241204c55047156554443faadc3bd03a39e71a_20241204fb8a9ef2c0f748639f6c169f03343d33.png\" \/>\n\t<meta property=\"og:image:width\" content=\"1024\" \/>\n\t<meta property=\"og:image:height\" content=\"701\" \/>\n\t<meta property=\"og:image:type\" content=\"image\/png\" \/>\n<meta name=\"author\" content=\"Marcelo Oliveira de A. Maranhao\" \/>\n<meta name=\"twitter:card\" content=\"summary_large_image\" \/>\n<meta name=\"twitter:label1\" content=\"Escrito por\" \/>\n\t<meta name=\"twitter:data1\" content=\"Marcelo Oliveira de A. Maranhao\" \/>\n\t<meta name=\"twitter:label2\" content=\"Est. tempo de leitura\" \/>\n\t<meta name=\"twitter:data2\" content=\"9 minutos\" \/>\n<script type=\"application\/ld+json\" class=\"yoast-schema-graph\">{\"@context\":\"https:\\\/\\\/schema.org\",\"@graph\":[{\"@type\":\"Article\",\"@id\":\"https:\\\/\\\/diariodepe.com.br\\\/xinhua\\\/2024\\\/12\\\/04\\\/comunidade-internacional-pede-reducao-da-escalada-em-meio-a-grande-ofensiva-rebelde-na-siria\\\/#article\",\"isPartOf\":{\"@id\":\"https:\\\/\\\/diariodepe.com.br\\\/xinhua\\\/2024\\\/12\\\/04\\\/comunidade-internacional-pede-reducao-da-escalada-em-meio-a-grande-ofensiva-rebelde-na-siria\\\/\"},\"author\":{\"name\":\"Marcelo Oliveira de A. Maranhao\",\"@id\":\"https:\\\/\\\/diariodepe.com.br\\\/xinhua\\\/#\\\/schema\\\/person\\\/0943d6fd02bdc7b49c8f495e8787a2cb\"},\"headline\":\"Comunidade internacional pede redu\u00e7\u00e3o da escalada em meio \u00e0 grande ofensiva rebelde na S\u00edria\",\"datePublished\":\"2024-12-04T12:19:00+00:00\",\"dateModified\":\"2024-12-04T13:21:28+00:00\",\"mainEntityOfPage\":{\"@id\":\"https:\\\/\\\/diariodepe.com.br\\\/xinhua\\\/2024\\\/12\\\/04\\\/comunidade-internacional-pede-reducao-da-escalada-em-meio-a-grande-ofensiva-rebelde-na-siria\\\/\"},\"wordCount\":1802,\"commentCount\":0,\"publisher\":{\"@id\":\"https:\\\/\\\/diariodepe.com.br\\\/xinhua\\\/#organization\"},\"image\":{\"@id\":\"https:\\\/\\\/diariodepe.com.br\\\/xinhua\\\/2024\\\/12\\\/04\\\/comunidade-internacional-pede-reducao-da-escalada-em-meio-a-grande-ofensiva-rebelde-na-siria\\\/#primaryimage\"},\"thumbnailUrl\":\"https:\\\/\\\/diariodepe.com.br\\\/xinhua\\\/wp-content\\\/uploads\\\/sites\\\/3\\\/2024\\\/12\\\/20241204c55047156554443faadc3bd03a39e71a_20241204fb8a9ef2c0f748639f6c169f03343d33.png\",\"articleSection\":[\"Internacional\"],\"inLanguage\":\"pt-BR\",\"potentialAction\":[{\"@type\":\"CommentAction\",\"name\":\"Comment\",\"target\":[\"https:\\\/\\\/diariodepe.com.br\\\/xinhua\\\/2024\\\/12\\\/04\\\/comunidade-internacional-pede-reducao-da-escalada-em-meio-a-grande-ofensiva-rebelde-na-siria\\\/#respond\"]}]},{\"@type\":\"WebPage\",\"@id\":\"https:\\\/\\\/diariodepe.com.br\\\/xinhua\\\/2024\\\/12\\\/04\\\/comunidade-internacional-pede-reducao-da-escalada-em-meio-a-grande-ofensiva-rebelde-na-siria\\\/\",\"url\":\"https:\\\/\\\/diariodepe.com.br\\\/xinhua\\\/2024\\\/12\\\/04\\\/comunidade-internacional-pede-reducao-da-escalada-em-meio-a-grande-ofensiva-rebelde-na-siria\\\/\",\"name\":\"Comunidade internacional pede redu\u00e7\u00e3o da escalada em meio \u00e0 grande ofensiva rebelde na S\u00edria - Xinhua - Diario de Pernambuco\",\"isPartOf\":{\"@id\":\"https:\\\/\\\/diariodepe.com.br\\\/xinhua\\\/#website\"},\"primaryImageOfPage\":{\"@id\":\"https:\\\/\\\/diariodepe.com.br\\\/xinhua\\\/2024\\\/12\\\/04\\\/comunidade-internacional-pede-reducao-da-escalada-em-meio-a-grande-ofensiva-rebelde-na-siria\\\/#primaryimage\"},\"image\":{\"@id\":\"https:\\\/\\\/diariodepe.com.br\\\/xinhua\\\/2024\\\/12\\\/04\\\/comunidade-internacional-pede-reducao-da-escalada-em-meio-a-grande-ofensiva-rebelde-na-siria\\\/#primaryimage\"},\"thumbnailUrl\":\"https:\\\/\\\/diariodepe.com.br\\\/xinhua\\\/wp-content\\\/uploads\\\/sites\\\/3\\\/2024\\\/12\\\/20241204c55047156554443faadc3bd03a39e71a_20241204fb8a9ef2c0f748639f6c169f03343d33.png\",\"datePublished\":\"2024-12-04T12:19:00+00:00\",\"dateModified\":\"2024-12-04T13:21:28+00:00\",\"breadcrumb\":{\"@id\":\"https:\\\/\\\/diariodepe.com.br\\\/xinhua\\\/2024\\\/12\\\/04\\\/comunidade-internacional-pede-reducao-da-escalada-em-meio-a-grande-ofensiva-rebelde-na-siria\\\/#breadcrumb\"},\"inLanguage\":\"pt-BR\",\"potentialAction\":[{\"@type\":\"ReadAction\",\"target\":[\"https:\\\/\\\/diariodepe.com.br\\\/xinhua\\\/2024\\\/12\\\/04\\\/comunidade-internacional-pede-reducao-da-escalada-em-meio-a-grande-ofensiva-rebelde-na-siria\\\/\"]}]},{\"@type\":\"ImageObject\",\"inLanguage\":\"pt-BR\",\"@id\":\"https:\\\/\\\/diariodepe.com.br\\\/xinhua\\\/2024\\\/12\\\/04\\\/comunidade-internacional-pede-reducao-da-escalada-em-meio-a-grande-ofensiva-rebelde-na-siria\\\/#primaryimage\",\"url\":\"https:\\\/\\\/diariodepe.com.br\\\/xinhua\\\/wp-content\\\/uploads\\\/sites\\\/3\\\/2024\\\/12\\\/20241204c55047156554443faadc3bd03a39e71a_20241204fb8a9ef2c0f748639f6c169f03343d33.png\",\"contentUrl\":\"https:\\\/\\\/diariodepe.com.br\\\/xinhua\\\/wp-content\\\/uploads\\\/sites\\\/3\\\/2024\\\/12\\\/20241204c55047156554443faadc3bd03a39e71a_20241204fb8a9ef2c0f748639f6c169f03343d33.png\",\"width\":1024,\"height\":701},{\"@type\":\"BreadcrumbList\",\"@id\":\"https:\\\/\\\/diariodepe.com.br\\\/xinhua\\\/2024\\\/12\\\/04\\\/comunidade-internacional-pede-reducao-da-escalada-em-meio-a-grande-ofensiva-rebelde-na-siria\\\/#breadcrumb\",\"itemListElement\":[{\"@type\":\"ListItem\",\"position\":1,\"name\":\"In\u00edcio\",\"item\":\"https:\\\/\\\/diariodepe.com.br\\\/xinhua\\\/\"},{\"@type\":\"ListItem\",\"position\":2,\"name\":\"Comunidade internacional pede redu\u00e7\u00e3o da escalada em meio \u00e0 grande ofensiva rebelde na S\u00edria\"}]},{\"@type\":\"WebSite\",\"@id\":\"https:\\\/\\\/diariodepe.com.br\\\/xinhua\\\/#website\",\"url\":\"https:\\\/\\\/diariodepe.com.br\\\/xinhua\\\/\",\"name\":\"Xinhua - Diario de Pernambuco\",\"description\":\"A maior ag\u00eancia de not\u00edcias da China e um dos principais canais para conhecer o pa\u00eds\",\"publisher\":{\"@id\":\"https:\\\/\\\/diariodepe.com.br\\\/xinhua\\\/#organization\"},\"potentialAction\":[{\"@type\":\"SearchAction\",\"target\":{\"@type\":\"EntryPoint\",\"urlTemplate\":\"https:\\\/\\\/diariodepe.com.br\\\/xinhua\\\/?s={search_term_string}\"},\"query-input\":{\"@type\":\"PropertyValueSpecification\",\"valueRequired\":true,\"valueName\":\"search_term_string\"}}],\"inLanguage\":\"pt-BR\"},{\"@type\":\"Organization\",\"@id\":\"https:\\\/\\\/diariodepe.com.br\\\/xinhua\\\/#organization\",\"name\":\"Xinhua - Diario de Pernambuco\",\"url\":\"https:\\\/\\\/diariodepe.com.br\\\/xinhua\\\/\",\"logo\":{\"@type\":\"ImageObject\",\"inLanguage\":\"pt-BR\",\"@id\":\"https:\\\/\\\/diariodepe.com.br\\\/xinhua\\\/#\\\/schema\\\/logo\\\/image\\\/\",\"url\":\"https:\\\/\\\/diariodepe.com.br\\\/xinhua\\\/wp-content\\\/uploads\\\/sites\\\/3\\\/2020\\\/10\\\/cropped-logo-transparente-2.png\",\"contentUrl\":\"https:\\\/\\\/diariodepe.com.br\\\/xinhua\\\/wp-content\\\/uploads\\\/sites\\\/3\\\/2020\\\/10\\\/cropped-logo-transparente-2.png\",\"width\":512,\"height\":164,\"caption\":\"Xinhua - Diario de Pernambuco\"},\"image\":{\"@id\":\"https:\\\/\\\/diariodepe.com.br\\\/xinhua\\\/#\\\/schema\\\/logo\\\/image\\\/\"}},{\"@type\":\"Person\",\"@id\":\"https:\\\/\\\/diariodepe.com.br\\\/xinhua\\\/#\\\/schema\\\/person\\\/0943d6fd02bdc7b49c8f495e8787a2cb\",\"name\":\"Marcelo Oliveira de A. Maranhao\",\"image\":{\"@type\":\"ImageObject\",\"inLanguage\":\"pt-BR\",\"@id\":\"https:\\\/\\\/secure.gravatar.com\\\/avatar\\\/f562caee940d39879c20e90eea3e4b21860c7d4c96684c23141c554824f0059c?s=96&d=mm&r=g\",\"url\":\"https:\\\/\\\/secure.gravatar.com\\\/avatar\\\/f562caee940d39879c20e90eea3e4b21860c7d4c96684c23141c554824f0059c?s=96&d=mm&r=g\",\"contentUrl\":\"https:\\\/\\\/secure.gravatar.com\\\/avatar\\\/f562caee940d39879c20e90eea3e4b21860c7d4c96684c23141c554824f0059c?s=96&d=mm&r=g\",\"caption\":\"Marcelo Oliveira de A. Maranhao\"},\"url\":\"https:\\\/\\\/diariodepe.com.br\\\/xinhua\\\/author\\\/marcelo-maranhao\\\/\"}]}<\/script>\n<!-- \/ Yoast SEO plugin. -->","yoast_head_json":{"title":"Comunidade internacional pede redu\u00e7\u00e3o da escalada em meio \u00e0 grande ofensiva rebelde na S\u00edria - Xinhua - Diario de Pernambuco","robots":{"index":"index","follow":"follow","max-snippet":"max-snippet:-1","max-image-preview":"max-image-preview:large","max-video-preview":"max-video-preview:-1"},"canonical":"https:\/\/diariodepe.com.br\/xinhua\/2024\/12\/04\/comunidade-internacional-pede-reducao-da-escalada-em-meio-a-grande-ofensiva-rebelde-na-siria\/","og_locale":"pt_BR","og_type":"article","og_title":"Comunidade internacional pede redu\u00e7\u00e3o da escalada em meio \u00e0 grande ofensiva rebelde na S\u00edria - Xinhua - Diario de Pernambuco","og_description":"Damasco &#8211; Uma ataque surpresa lan\u00e7ada na semana passada por uma coaliz\u00e3o de grupos rebeldes na zona rural ocidental de Aleppo, no noroeste da S\u00edria, se estende mais profundamente ao pa\u00eds, que ainda est\u00e1 sendo ferido por uma guerra civil...","og_url":"https:\/\/diariodepe.com.br\/xinhua\/2024\/12\/04\/comunidade-internacional-pede-reducao-da-escalada-em-meio-a-grande-ofensiva-rebelde-na-siria\/","og_site_name":"Xinhua - Diario de Pernambuco","article_published_time":"2024-12-04T12:19:00+00:00","article_modified_time":"2024-12-04T13:21:28+00:00","og_image":[{"width":1024,"height":701,"url":"https:\/\/diariodepe.com.br\/xinhua\/wp-content\/uploads\/sites\/3\/2024\/12\/20241204c55047156554443faadc3bd03a39e71a_20241204fb8a9ef2c0f748639f6c169f03343d33.png","type":"image\/png"}],"author":"Marcelo Oliveira de A. Maranhao","twitter_card":"summary_large_image","twitter_misc":{"Escrito por":"Marcelo Oliveira de A. Maranhao","Est. tempo de leitura":"9 minutos"},"schema":{"@context":"https:\/\/schema.org","@graph":[{"@type":"Article","@id":"https:\/\/diariodepe.com.br\/xinhua\/2024\/12\/04\/comunidade-internacional-pede-reducao-da-escalada-em-meio-a-grande-ofensiva-rebelde-na-siria\/#article","isPartOf":{"@id":"https:\/\/diariodepe.com.br\/xinhua\/2024\/12\/04\/comunidade-internacional-pede-reducao-da-escalada-em-meio-a-grande-ofensiva-rebelde-na-siria\/"},"author":{"name":"Marcelo Oliveira de A. Maranhao","@id":"https:\/\/diariodepe.com.br\/xinhua\/#\/schema\/person\/0943d6fd02bdc7b49c8f495e8787a2cb"},"headline":"Comunidade internacional pede redu\u00e7\u00e3o da escalada em meio \u00e0 grande ofensiva rebelde na S\u00edria","datePublished":"2024-12-04T12:19:00+00:00","dateModified":"2024-12-04T13:21:28+00:00","mainEntityOfPage":{"@id":"https:\/\/diariodepe.com.br\/xinhua\/2024\/12\/04\/comunidade-internacional-pede-reducao-da-escalada-em-meio-a-grande-ofensiva-rebelde-na-siria\/"},"wordCount":1802,"commentCount":0,"publisher":{"@id":"https:\/\/diariodepe.com.br\/xinhua\/#organization"},"image":{"@id":"https:\/\/diariodepe.com.br\/xinhua\/2024\/12\/04\/comunidade-internacional-pede-reducao-da-escalada-em-meio-a-grande-ofensiva-rebelde-na-siria\/#primaryimage"},"thumbnailUrl":"https:\/\/diariodepe.com.br\/xinhua\/wp-content\/uploads\/sites\/3\/2024\/12\/20241204c55047156554443faadc3bd03a39e71a_20241204fb8a9ef2c0f748639f6c169f03343d33.png","articleSection":["Internacional"],"inLanguage":"pt-BR","potentialAction":[{"@type":"CommentAction","name":"Comment","target":["https:\/\/diariodepe.com.br\/xinhua\/2024\/12\/04\/comunidade-internacional-pede-reducao-da-escalada-em-meio-a-grande-ofensiva-rebelde-na-siria\/#respond"]}]},{"@type":"WebPage","@id":"https:\/\/diariodepe.com.br\/xinhua\/2024\/12\/04\/comunidade-internacional-pede-reducao-da-escalada-em-meio-a-grande-ofensiva-rebelde-na-siria\/","url":"https:\/\/diariodepe.com.br\/xinhua\/2024\/12\/04\/comunidade-internacional-pede-reducao-da-escalada-em-meio-a-grande-ofensiva-rebelde-na-siria\/","name":"Comunidade internacional pede redu\u00e7\u00e3o da escalada em meio \u00e0 grande ofensiva rebelde na S\u00edria - Xinhua - Diario de Pernambuco","isPartOf":{"@id":"https:\/\/diariodepe.com.br\/xinhua\/#website"},"primaryImageOfPage":{"@id":"https:\/\/diariodepe.com.br\/xinhua\/2024\/12\/04\/comunidade-internacional-pede-reducao-da-escalada-em-meio-a-grande-ofensiva-rebelde-na-siria\/#primaryimage"},"image":{"@id":"https:\/\/diariodepe.com.br\/xinhua\/2024\/12\/04\/comunidade-internacional-pede-reducao-da-escalada-em-meio-a-grande-ofensiva-rebelde-na-siria\/#primaryimage"},"thumbnailUrl":"https:\/\/diariodepe.com.br\/xinhua\/wp-content\/uploads\/sites\/3\/2024\/12\/20241204c55047156554443faadc3bd03a39e71a_20241204fb8a9ef2c0f748639f6c169f03343d33.png","datePublished":"2024-12-04T12:19:00+00:00","dateModified":"2024-12-04T13:21:28+00:00","breadcrumb":{"@id":"https:\/\/diariodepe.com.br\/xinhua\/2024\/12\/04\/comunidade-internacional-pede-reducao-da-escalada-em-meio-a-grande-ofensiva-rebelde-na-siria\/#breadcrumb"},"inLanguage":"pt-BR","potentialAction":[{"@type":"ReadAction","target":["https:\/\/diariodepe.com.br\/xinhua\/2024\/12\/04\/comunidade-internacional-pede-reducao-da-escalada-em-meio-a-grande-ofensiva-rebelde-na-siria\/"]}]},{"@type":"ImageObject","inLanguage":"pt-BR","@id":"https:\/\/diariodepe.com.br\/xinhua\/2024\/12\/04\/comunidade-internacional-pede-reducao-da-escalada-em-meio-a-grande-ofensiva-rebelde-na-siria\/#primaryimage","url":"https:\/\/diariodepe.com.br\/xinhua\/wp-content\/uploads\/sites\/3\/2024\/12\/20241204c55047156554443faadc3bd03a39e71a_20241204fb8a9ef2c0f748639f6c169f03343d33.png","contentUrl":"https:\/\/diariodepe.com.br\/xinhua\/wp-content\/uploads\/sites\/3\/2024\/12\/20241204c55047156554443faadc3bd03a39e71a_20241204fb8a9ef2c0f748639f6c169f03343d33.png","width":1024,"height":701},{"@type":"BreadcrumbList","@id":"https:\/\/diariodepe.com.br\/xinhua\/2024\/12\/04\/comunidade-internacional-pede-reducao-da-escalada-em-meio-a-grande-ofensiva-rebelde-na-siria\/#breadcrumb","itemListElement":[{"@type":"ListItem","position":1,"name":"In\u00edcio","item":"https:\/\/diariodepe.com.br\/xinhua\/"},{"@type":"ListItem","position":2,"name":"Comunidade internacional pede redu\u00e7\u00e3o da escalada em meio \u00e0 grande ofensiva rebelde na S\u00edria"}]},{"@type":"WebSite","@id":"https:\/\/diariodepe.com.br\/xinhua\/#website","url":"https:\/\/diariodepe.com.br\/xinhua\/","name":"Xinhua - Diario de Pernambuco","description":"A maior ag\u00eancia de not\u00edcias da China e um dos principais canais para conhecer o pa\u00eds","publisher":{"@id":"https:\/\/diariodepe.com.br\/xinhua\/#organization"},"potentialAction":[{"@type":"SearchAction","target":{"@type":"EntryPoint","urlTemplate":"https:\/\/diariodepe.com.br\/xinhua\/?s={search_term_string}"},"query-input":{"@type":"PropertyValueSpecification","valueRequired":true,"valueName":"search_term_string"}}],"inLanguage":"pt-BR"},{"@type":"Organization","@id":"https:\/\/diariodepe.com.br\/xinhua\/#organization","name":"Xinhua - Diario de Pernambuco","url":"https:\/\/diariodepe.com.br\/xinhua\/","logo":{"@type":"ImageObject","inLanguage":"pt-BR","@id":"https:\/\/diariodepe.com.br\/xinhua\/#\/schema\/logo\/image\/","url":"https:\/\/diariodepe.com.br\/xinhua\/wp-content\/uploads\/sites\/3\/2020\/10\/cropped-logo-transparente-2.png","contentUrl":"https:\/\/diariodepe.com.br\/xinhua\/wp-content\/uploads\/sites\/3\/2020\/10\/cropped-logo-transparente-2.png","width":512,"height":164,"caption":"Xinhua - Diario de Pernambuco"},"image":{"@id":"https:\/\/diariodepe.com.br\/xinhua\/#\/schema\/logo\/image\/"}},{"@type":"Person","@id":"https:\/\/diariodepe.com.br\/xinhua\/#\/schema\/person\/0943d6fd02bdc7b49c8f495e8787a2cb","name":"Marcelo Oliveira de A. Maranhao","image":{"@type":"ImageObject","inLanguage":"pt-BR","@id":"https:\/\/secure.gravatar.com\/avatar\/f562caee940d39879c20e90eea3e4b21860c7d4c96684c23141c554824f0059c?s=96&d=mm&r=g","url":"https:\/\/secure.gravatar.com\/avatar\/f562caee940d39879c20e90eea3e4b21860c7d4c96684c23141c554824f0059c?s=96&d=mm&r=g","contentUrl":"https:\/\/secure.gravatar.com\/avatar\/f562caee940d39879c20e90eea3e4b21860c7d4c96684c23141c554824f0059c?s=96&d=mm&r=g","caption":"Marcelo Oliveira de A. Maranhao"},"url":"https:\/\/diariodepe.com.br\/xinhua\/author\/marcelo-maranhao\/"}]}},"cc_featured_image_caption":{"caption_text":"","source_text":"","source_url":""},"amp_enabled":true,"_links":{"self":[{"href":"https:\/\/diariodepe.com.br\/xinhua\/wp-json\/wp\/v2\/posts\/24230","targetHints":{"allow":["GET"]}}],"collection":[{"href":"https:\/\/diariodepe.com.br\/xinhua\/wp-json\/wp\/v2\/posts"}],"about":[{"href":"https:\/\/diariodepe.com.br\/xinhua\/wp-json\/wp\/v2\/types\/post"}],"author":[{"embeddable":true,"href":"https:\/\/diariodepe.com.br\/xinhua\/wp-json\/wp\/v2\/users\/3"}],"replies":[{"embeddable":true,"href":"https:\/\/diariodepe.com.br\/xinhua\/wp-json\/wp\/v2\/comments?post=24230"}],"version-history":[{"count":1,"href":"https:\/\/diariodepe.com.br\/xinhua\/wp-json\/wp\/v2\/posts\/24230\/revisions"}],"predecessor-version":[{"id":24232,"href":"https:\/\/diariodepe.com.br\/xinhua\/wp-json\/wp\/v2\/posts\/24230\/revisions\/24232"}],"wp:featuredmedia":[{"embeddable":true,"href":"https:\/\/diariodepe.com.br\/xinhua\/wp-json\/wp\/v2\/media\/24231"}],"wp:attachment":[{"href":"https:\/\/diariodepe.com.br\/xinhua\/wp-json\/wp\/v2\/media?parent=24230"}],"wp:term":[{"taxonomy":"category","embeddable":true,"href":"https:\/\/diariodepe.com.br\/xinhua\/wp-json\/wp\/v2\/categories?post=24230"},{"taxonomy":"post_tag","embeddable":true,"href":"https:\/\/diariodepe.com.br\/xinhua\/wp-json\/wp\/v2\/tags?post=24230"}],"curies":[{"name":"wp","href":"https:\/\/api.w.org\/{rel}","templated":true}]}}