{"id":24201,"date":"2024-12-03T08:14:25","date_gmt":"2024-12-03T11:14:25","guid":{"rendered":"https:\/\/www.diariodepe.com.br\/xinhua\/?p=24201"},"modified":"2024-12-03T08:14:27","modified_gmt":"2024-12-03T11:14:27","slug":"ucrania-marca-mudanca-significativa-de-posicao-sobre-possivel-cessar-fogo-com-a-russia","status":"publish","type":"post","link":"https:\/\/diariodepe.com.br\/xinhua\/2024\/12\/03\/ucrania-marca-mudanca-significativa-de-posicao-sobre-possivel-cessar-fogo-com-a-russia\/","title":{"rendered":"Ucr\u00e2nia marca mudan\u00e7a significativa de posi\u00e7\u00e3o sobre poss\u00edvel cessar-fogo com a R\u00fassia"},"content":{"rendered":"\n<p>O presidente ucraniano Volodymyr Zelensky indicou pela primeira vez que Kiev poderia aceitar o controle russo sobre alguns de seus territ\u00f3rios em troca de sua ades\u00e3o \u00e0 Organiza\u00e7\u00e3o do Tratado do Atl\u00e2ntico Norte (OTAN). A nova postura \u00e9 amplamente vista como uma resposta \u00e0 vit\u00f3ria de Donald Trump na \u00faltima elei\u00e7\u00e3o presidencial dos EUA, enquanto sua aspira\u00e7\u00e3o de entrar para a OTAN ainda mais.<\/p>\n\n\n\n<p>Kiev\/Moscou, 1\u00ba dez (Xinhua) &#8212; Em uma mudan\u00e7a significativa de posi\u00e7\u00e3o sobre um poss\u00edvel cessar-fogo ap\u00f3s 33 meses de conflito, o presidente ucraniano Volodymyr Zelensky indicou pela primeira vez que Kiev poderia aceitar o controle russo sobre alguns de seus territ\u00f3rios em troca de sua ades\u00e3o \u00e0 Organiza\u00e7\u00e3o do Tratado do Atl\u00e2ntico Norte (OTAN).<\/p>\n\n\n\n<p>A nova postura da Ucr\u00e2nia \u00e9 amplamente vista como uma resposta \u00e0 vit\u00f3ria de Donald Trump na \u00faltima elei\u00e7\u00e3o presidencial dos EUA, enquanto sua aspira\u00e7\u00e3o de ades\u00e3o na OTAN \u00e9 ainda mais substancial, pois as diferen\u00e7as entre o plano de paz de Zelensky e a pol\u00edtica de Trump continuam substanciais .<\/p>\n\n\n\n<figure class=\"wp-block-image\"><img decoding=\"async\" src=\"https:\/\/portuguese.news.cn\/20241203\/5497036104b94fc69375acfbc44eac69\/202412035497036104b94fc69375acfbc44eac69_202412037690e6e5114c4fe4a5905cb8e4773bf5.jpeg\" alt=\"\"\/><\/figure>\n\n\n\n<p>Foto tirada em 15 de agosto de 2024 mostra um tanque ucraniano destru\u00eddo durante ataques violentos em Toretsk. (Foto de Peter Druk\/Xinhua)<\/p>\n\n\n\n<p><strong>GRANDE CONCESS\u00c3O<\/strong><\/p>\n\n\n\n<p>Em uma entrevista \u00e0 Sky News do Reino Unido, Zelensky respondeu a uma pergunta sobre a sugest\u00e3o do presidente eleito dos EUA, Donald Trump, de que a Ucr\u00e2nia ceda terras ocupadas pela R\u00fassia para se juntar \u00e0 OTAN, dizendo que a Ucr\u00e2nia deve colocar os territ\u00f3rios desocupados sob a prote\u00e7\u00e3o da OTAN primeiro e buscar a devolu\u00e7\u00e3o das terras ocupadas diplomaticamente.<\/p>\n\n\n\n<p>\u201cSe quisermos interromper a fase intensa da guerra, precisamos colocar os territ\u00f3rios desocupados da Ucr\u00e2nia sob a prote\u00e7\u00e3o da OTAN\u201d, disse Zelensky. &#8220;Precisamos agir o mais r\u00e1pido poss\u00edvel e, ent\u00e3o, poderemos recuperar diplomaticamente as terras ocupadas.&#8221;<\/p>\n\n\n\n<p>De acordo com o texto de uma carta vista pela Reuters na sexta-feira, o ministro das Rela\u00e7\u00f5es Exteriores da Ucr\u00e2nia, Andrii Sybiha, tamb\u00e9m pediu a seus colegas da OTAN que enviassem um convite a Kiev para uma reuni\u00e3o em Bruxelas na pr\u00f3xima semana para se juntar-se \u00e0 alian\u00e7a militar ocidental.<\/p>\n\n\n\n<p>&#8220;O convite n\u00e3o deve ser visto como uma escalada&#8221;, escreveu Sybiha na carta. &#8220;Pelo contr\u00e1rio, com um entendimento claro de que a ades\u00e3o da Ucr\u00e2nia \u00e0 OTAN \u00e9 conclu\u00edda, a R\u00fassia perder\u00e1 um dos seus principais argumentos para continuar essa guerra injustificada.&#8221;<\/p>\n\n\n\n<p>A Ucr\u00e2nia diz que aceita que n\u00e3o pode se unir \u00e0 alian\u00e7a at\u00e9 que a guerra termine, mas estender um convite agora mostraria ao presidente russo Vladimir Putin que ele n\u00e3o poderia alcan\u00e7ar um de seus principais objetivos &#8211; impedir Kiev de se tornar um membro da OTAN, disse uma reportagem da Reuters.<\/p>\n\n\n\n<p>Apesar da mudan\u00e7a de posi\u00e7\u00e3o, o lado russo parece ter uma resposta muito discreta em rela\u00e7\u00e3o \u00e0 declara\u00e7\u00e3o de Zelensky, j\u00e1 que o Kremlin at\u00e9 agora n\u00e3o se manifestou sobre as suas observa\u00e7\u00f5es. Leonid Slutsky, presidente do Comit\u00e9 de Assuntos Internacionais da Duma Russa, no entanto, conclamou os pol\u00edticos ucranianos a abandonarem a sua ambi\u00e7\u00e3o de entrar para a OTAN.<\/p>\n\n\n\n<p>Moscou n\u00e3o permitir\u00e1 mais que os pa\u00edses ocidentais &#8220;armem Kiev sob o disfarce de um acordo&#8221;, disse ele em seu canal no Telegram. &#8220;Kiev est\u00e1 tentando entrar para a OTAN, essa \u00e9 a chave para seguir em frente, n\u00e3o o fim da guerra. A ideia de congelar o conflito tamb\u00e9m \u00e9 inaceit\u00e1vel.&#8221;<\/p>\n\n\n\n<figure class=\"wp-block-image\"><img decoding=\"async\" src=\"https:\/\/portuguese.news.cn\/20241203\/5497036104b94fc69375acfbc44eac69\/202412035497036104b94fc69375acfbc44eac69_202412035a91e2ce9e2b400ab5fb18abe849758d.jpeg\" alt=\"\"\/><figcaption>O ex-presidente dos EUA Donald Trump (c) \u00e9 entrevistado ap\u00f3s o primeiro debate presidencial com a vice-presidente dos EUA Kamala Harris na Filad\u00e9lfia, Estados Unidos, em 10 de setembro de 2024. (Xinhua\/Li Rui)<\/figcaption><\/figure>\n\n\n\n<p><strong>FATOR TRUMP<\/strong><\/p>\n\n\n\n<p>&#8220;Ele (Zelensky) sabe que Trump est\u00e1 prestes a cair sobre ele e sobre a R\u00fassia. Ele j\u00e1 est\u00e1 se preparando para ter algo a oferecer&#8221;, disse Tony Brenton, ex-embaixador brit\u00e2nico na R\u00fassia, ao jornal brit\u00e2nico The Independent, elogiando Zelensky por &#8216;jogar um jogo muito sofisticado&#8217;.<\/p>\n\n\n\n<p>Apesar da promessa de que Trump fez de acabar com o conflito russo-ucraniano em \u201c24 horas\u201d, ele quase n\u00e3o elaborou esse plano. Mas ao nomear Keith Kellogg, ex-conselheiro de seguran\u00e7a nacional e tenente-geral aposentado do Ex\u00e9rcito dos EUA, como seu enviado especial para a Ucr\u00e2nia, \u00e9 poss\u00edvel ter uma ideia disso.<\/p>\n\n\n\n<p>Em abril, Kellogg foi coautor de um plano chamado \u201cAm\u00e9rica Primeiro: R\u00fassia e Ucr\u00e2nia\u201d, que congelaria as linhas de frente na Ucr\u00e2nia e iniciaria Kiev e Moscou a se aproximarem da mesa de negocia\u00e7\u00f5es.<\/p>\n\n\n\n<p>No plano, divulgado pelo Instituto de Pol\u00edticas Am\u00e9rica Primeiro, Kellogg observou que &#8220;at\u00e9 hoje, os Estados Unidos n\u00e3o t\u00eam um tratado de defesa com a Ucr\u00e2nia e o pa\u00eds n\u00e3o \u00e9 um aliado da OTAN. Intervir na guerra na Ucr\u00e2nia n\u00e3o \u00e9 um interesse nacional claro e vital dos EUA&#8221;.<\/p>\n\n\n\n<p>Os Estados Unidos continuar\u00e3o a armar a Ucr\u00e2nia e a fortalecer suas defesas para garantir que a R\u00fassia n\u00e3o fa\u00e7a mais avan\u00e7os e n\u00e3o ataque novamente ap\u00f3s um cessar-fogo ou acordo de paz, disse ele, acrescentando que a futura ajuda militar americana exigir\u00e1 que a Ucr\u00e2nia participe de negocia\u00e7\u00f5es de paz com a R\u00fassia.<\/p>\n\n\n\n<p>Para convencer a R\u00fassia a participar das conversas de paz, os l\u00edderes da OTAN deveriam se oferecer para adiar o pedido de ades\u00e3o da Ucr\u00e2nia \u00e0 OTAN. Al\u00e9m disso, poderia ser oferecido \u00e0 R\u00fassia algum aviso nas avalia\u00e7\u00f5es, com a condi\u00e7\u00e3o de que ela assinasse um acordo de paz com a Ucr\u00e2nia, acrescentou.<\/p>\n\n\n\n<p>As diferen\u00e7as entre o plano de paz de Zelensky e a pol\u00edtica de Trump ainda s\u00e3o substanciais, mas ao se envolver com a ideia de um cessar-fogo e sacrif\u00edcios territoriais dolorosos, o l\u00edder ucraniano est\u00e1 fazendo o m\u00e1ximo para parecer construtivo, disse uma reportagem da BBC .<\/p>\n\n\n\n<figure class=\"wp-block-image\"><img decoding=\"async\" src=\"https:\/\/portuguese.news.cn\/20241203\/5497036104b94fc69375acfbc44eac69\/202412035497036104b94fc69375acfbc44eac69_202412032fe69e3f911d49f39c341ce077475e44.jpeg\" alt=\"\"\/><figcaption>O presidente ucraniano Volodymyr Zelensky fala \u00e0 m\u00eddia antes de uma c\u00fapula do Conselho Europeu em Bruxelas, B\u00e9lgica, em 27 de junho de 2024. (Xinhua\/Zhao Dingzhe)<\/figcaption><\/figure>\n\n\n\n<p><strong>PERSPECTIVA INST\u00c1VEL<\/strong><\/p>\n\n\n\n<p>A Ucr\u00e2nia est\u00e1 em um caminho definido em dire\u00e7\u00e3o \u00e0 ades\u00e3o \u00e0 OTAN desde a C\u00fapula de Bucareste de 2008, onde os aliados da OTAN concordaram que a Ucr\u00e2nia acabaria por se unir \u00e0 alian\u00e7a. Mas ainda n\u00e3o emitiu um convite formal nem entregou um cronograma.<\/p>\n\n\n\n<p>&nbsp;Na c\u00fapula de 2024 em Washington, os membros da OTAN reafirmaram que continuariam a apoiar &#8220;seu caminho irrevers\u00edvel para a integra\u00e7\u00e3o euro-atl\u00e2ntica plena, incluindo a ades\u00e3o \u00e0 OTAN&#8221; e que estariam em posi\u00e7\u00e3o de expandir um convite \u00e0 Ucr\u00e2nia para se juntarem \u00e0 Alian\u00e7a quando &#8220;os membros concordam e as condi\u00e7\u00f5es foram atendidas&#8221;.<\/p>\n\n\n\n<p>Olha Stefanishyna, vice-primeira-ministra da Ucr\u00e2nia encarregada dos assuntos da OTAN, disse que Kiev entendeu que o consenso para um convite para ades\u00e3o na OTAN \u201cainda n\u00e3o existe\u201d, mas que a carta tinha o objetivo de enviar um forte sinal pol\u00edtico.<\/p>\n\n\n\n<p>\u201cEnviamos uma mensagem aos aliados de que um convite n\u00e3o est\u00e1 fora de cogita\u00e7\u00e3o, independentemente das diferentes manipula\u00e7\u00f5es e especula\u00e7\u00f5es em torno disso\u201d, disse ela \u00e0 Reuters.<\/p>\n\n\n\n<p>A ades\u00e3o da Ucr\u00e2nia \u00e0 alian\u00e7a depende, em grande parte, da aprova\u00e7\u00e3o dos Estados Unidos, mas como Trump deve assumir a carga em menos de dois meses, essa possibilidade ainda mais.<\/p>\n\n\n\n<p>N\u00e3o fazia sentido nem mesmo fazer alus\u00e3o ao apoio \u00e0 eventual ades\u00e3o da Ucr\u00e2nia \u00e0 OTAN, pois isso exigia um voto un\u00e2nime dos membros da OTAN, o que na \u00e9poca era altamente convocado, disse Kellogg em seu plano.<\/p>\n\n\n\n<p>A Ucr\u00e2nia tamb\u00e9m precisava atender aos requisitos r\u00edgidos de ades\u00e3o, incluindo reformas democr\u00e1ticas e militares que inclu\u00edam o alinhamento das for\u00e7as armadas ucranianas com os equipamentos da OTAN, disse ele. &nbsp;<\/p>\n\n\n\n<p>&#8220;A Ucr\u00e2nia mant\u00e9m a sua soberania independente, a R\u00fassia obt\u00e9m a garantia de neutralidade da Ucr\u00e2nia &#8211; ela n\u00e3o entra na OTAN, n\u00e3o entra em algumas dessas institui\u00e7\u00f5es aliadas. \u00c9 assim que o acordo vai se parecer no final das contas&#8221;, disse o vice- presidente eleito dos EUA, JD Vance.<\/p>\n","protected":false},"excerpt":{"rendered":"<p>O presidente ucraniano Volodymyr Zelensky indicou pela primeira vez que Kiev poderia aceitar o controle russo sobre alguns de seus territ\u00f3rios em troca de sua ades\u00e3o \u00e0 Organiza\u00e7\u00e3o do Tratado do Atl\u00e2ntico Norte (OTAN). A nova postura \u00e9 amplamente vista&#8230;<\/p>\n","protected":false},"author":3,"featured_media":24202,"comment_status":"open","ping_status":"open","sticky":false,"template":"","format":"standard","meta":{"footnotes":""},"categories":[4],"tags":[],"class_list":["post-24201","post","type-post","status-publish","format-standard","has-post-thumbnail","hentry","category-internacional"],"yoast_head":"<!-- This site is optimized with the Yoast SEO plugin v27.4 - https:\/\/yoast.com\/product\/yoast-seo-wordpress\/ -->\n<title>Ucr\u00e2nia marca mudan\u00e7a significativa de posi\u00e7\u00e3o sobre poss\u00edvel cessar-fogo com a R\u00fassia - Xinhua - Diario de Pernambuco<\/title>\n<meta name=\"robots\" content=\"index, follow, max-snippet:-1, max-image-preview:large, max-video-preview:-1\" \/>\n<link rel=\"canonical\" href=\"https:\/\/diariodepe.com.br\/xinhua\/2024\/12\/03\/ucrania-marca-mudanca-significativa-de-posicao-sobre-possivel-cessar-fogo-com-a-russia\/\" \/>\n<meta property=\"og:locale\" content=\"pt_BR\" \/>\n<meta property=\"og:type\" content=\"article\" \/>\n<meta property=\"og:title\" content=\"Ucr\u00e2nia marca mudan\u00e7a significativa de posi\u00e7\u00e3o sobre poss\u00edvel cessar-fogo com a R\u00fassia - Xinhua - Diario de Pernambuco\" \/>\n<meta property=\"og:description\" content=\"O presidente ucraniano Volodymyr Zelensky indicou pela primeira vez que Kiev poderia aceitar o controle russo sobre alguns de seus territ\u00f3rios em troca de sua ades\u00e3o \u00e0 Organiza\u00e7\u00e3o do Tratado do Atl\u00e2ntico Norte (OTAN). A nova postura \u00e9 amplamente vista...\" \/>\n<meta property=\"og:url\" content=\"https:\/\/diariodepe.com.br\/xinhua\/2024\/12\/03\/ucrania-marca-mudanca-significativa-de-posicao-sobre-possivel-cessar-fogo-com-a-russia\/\" \/>\n<meta property=\"og:site_name\" content=\"Xinhua - Diario de Pernambuco\" \/>\n<meta property=\"article:published_time\" content=\"2024-12-03T11:14:25+00:00\" \/>\n<meta property=\"article:modified_time\" content=\"2024-12-03T11:14:27+00:00\" \/>\n<meta property=\"og:image\" content=\"https:\/\/diariodepe.com.br\/xinhua\/wp-content\/uploads\/sites\/3\/2024\/12\/202412035497036104b94fc69375acfbc44eac69_2024120359a4770c55a94d8288738f603d1e34e5.jpeg\" \/>\n\t<meta property=\"og:image:width\" content=\"899\" \/>\n\t<meta property=\"og:image:height\" content=\"622\" \/>\n\t<meta property=\"og:image:type\" content=\"image\/jpeg\" \/>\n<meta name=\"author\" content=\"Marcelo Oliveira de A. Maranhao\" \/>\n<meta name=\"twitter:card\" content=\"summary_large_image\" \/>\n<meta name=\"twitter:label1\" content=\"Escrito por\" \/>\n\t<meta name=\"twitter:data1\" content=\"Marcelo Oliveira de A. Maranhao\" \/>\n\t<meta name=\"twitter:label2\" content=\"Est. tempo de leitura\" \/>\n\t<meta name=\"twitter:data2\" content=\"8 minutos\" \/>\n<script type=\"application\/ld+json\" class=\"yoast-schema-graph\">{\"@context\":\"https:\\\/\\\/schema.org\",\"@graph\":[{\"@type\":\"Article\",\"@id\":\"https:\\\/\\\/diariodepe.com.br\\\/xinhua\\\/2024\\\/12\\\/03\\\/ucrania-marca-mudanca-significativa-de-posicao-sobre-possivel-cessar-fogo-com-a-russia\\\/#article\",\"isPartOf\":{\"@id\":\"https:\\\/\\\/diariodepe.com.br\\\/xinhua\\\/2024\\\/12\\\/03\\\/ucrania-marca-mudanca-significativa-de-posicao-sobre-possivel-cessar-fogo-com-a-russia\\\/\"},\"author\":{\"name\":\"Marcelo Oliveira de A. Maranhao\",\"@id\":\"https:\\\/\\\/diariodepe.com.br\\\/xinhua\\\/#\\\/schema\\\/person\\\/0943d6fd02bdc7b49c8f495e8787a2cb\"},\"headline\":\"Ucr\u00e2nia marca mudan\u00e7a significativa de posi\u00e7\u00e3o sobre poss\u00edvel cessar-fogo com a R\u00fassia\",\"datePublished\":\"2024-12-03T11:14:25+00:00\",\"dateModified\":\"2024-12-03T11:14:27+00:00\",\"mainEntityOfPage\":{\"@id\":\"https:\\\/\\\/diariodepe.com.br\\\/xinhua\\\/2024\\\/12\\\/03\\\/ucrania-marca-mudanca-significativa-de-posicao-sobre-possivel-cessar-fogo-com-a-russia\\\/\"},\"wordCount\":1405,\"commentCount\":0,\"publisher\":{\"@id\":\"https:\\\/\\\/diariodepe.com.br\\\/xinhua\\\/#organization\"},\"image\":{\"@id\":\"https:\\\/\\\/diariodepe.com.br\\\/xinhua\\\/2024\\\/12\\\/03\\\/ucrania-marca-mudanca-significativa-de-posicao-sobre-possivel-cessar-fogo-com-a-russia\\\/#primaryimage\"},\"thumbnailUrl\":\"https:\\\/\\\/diariodepe.com.br\\\/xinhua\\\/wp-content\\\/uploads\\\/sites\\\/3\\\/2024\\\/12\\\/202412035497036104b94fc69375acfbc44eac69_2024120359a4770c55a94d8288738f603d1e34e5.jpeg\",\"articleSection\":[\"Internacional\"],\"inLanguage\":\"pt-BR\",\"potentialAction\":[{\"@type\":\"CommentAction\",\"name\":\"Comment\",\"target\":[\"https:\\\/\\\/diariodepe.com.br\\\/xinhua\\\/2024\\\/12\\\/03\\\/ucrania-marca-mudanca-significativa-de-posicao-sobre-possivel-cessar-fogo-com-a-russia\\\/#respond\"]}]},{\"@type\":\"WebPage\",\"@id\":\"https:\\\/\\\/diariodepe.com.br\\\/xinhua\\\/2024\\\/12\\\/03\\\/ucrania-marca-mudanca-significativa-de-posicao-sobre-possivel-cessar-fogo-com-a-russia\\\/\",\"url\":\"https:\\\/\\\/diariodepe.com.br\\\/xinhua\\\/2024\\\/12\\\/03\\\/ucrania-marca-mudanca-significativa-de-posicao-sobre-possivel-cessar-fogo-com-a-russia\\\/\",\"name\":\"Ucr\u00e2nia marca mudan\u00e7a significativa de posi\u00e7\u00e3o sobre poss\u00edvel cessar-fogo com a R\u00fassia - Xinhua - Diario de Pernambuco\",\"isPartOf\":{\"@id\":\"https:\\\/\\\/diariodepe.com.br\\\/xinhua\\\/#website\"},\"primaryImageOfPage\":{\"@id\":\"https:\\\/\\\/diariodepe.com.br\\\/xinhua\\\/2024\\\/12\\\/03\\\/ucrania-marca-mudanca-significativa-de-posicao-sobre-possivel-cessar-fogo-com-a-russia\\\/#primaryimage\"},\"image\":{\"@id\":\"https:\\\/\\\/diariodepe.com.br\\\/xinhua\\\/2024\\\/12\\\/03\\\/ucrania-marca-mudanca-significativa-de-posicao-sobre-possivel-cessar-fogo-com-a-russia\\\/#primaryimage\"},\"thumbnailUrl\":\"https:\\\/\\\/diariodepe.com.br\\\/xinhua\\\/wp-content\\\/uploads\\\/sites\\\/3\\\/2024\\\/12\\\/202412035497036104b94fc69375acfbc44eac69_2024120359a4770c55a94d8288738f603d1e34e5.jpeg\",\"datePublished\":\"2024-12-03T11:14:25+00:00\",\"dateModified\":\"2024-12-03T11:14:27+00:00\",\"breadcrumb\":{\"@id\":\"https:\\\/\\\/diariodepe.com.br\\\/xinhua\\\/2024\\\/12\\\/03\\\/ucrania-marca-mudanca-significativa-de-posicao-sobre-possivel-cessar-fogo-com-a-russia\\\/#breadcrumb\"},\"inLanguage\":\"pt-BR\",\"potentialAction\":[{\"@type\":\"ReadAction\",\"target\":[\"https:\\\/\\\/diariodepe.com.br\\\/xinhua\\\/2024\\\/12\\\/03\\\/ucrania-marca-mudanca-significativa-de-posicao-sobre-possivel-cessar-fogo-com-a-russia\\\/\"]}]},{\"@type\":\"ImageObject\",\"inLanguage\":\"pt-BR\",\"@id\":\"https:\\\/\\\/diariodepe.com.br\\\/xinhua\\\/2024\\\/12\\\/03\\\/ucrania-marca-mudanca-significativa-de-posicao-sobre-possivel-cessar-fogo-com-a-russia\\\/#primaryimage\",\"url\":\"https:\\\/\\\/diariodepe.com.br\\\/xinhua\\\/wp-content\\\/uploads\\\/sites\\\/3\\\/2024\\\/12\\\/202412035497036104b94fc69375acfbc44eac69_2024120359a4770c55a94d8288738f603d1e34e5.jpeg\",\"contentUrl\":\"https:\\\/\\\/diariodepe.com.br\\\/xinhua\\\/wp-content\\\/uploads\\\/sites\\\/3\\\/2024\\\/12\\\/202412035497036104b94fc69375acfbc44eac69_2024120359a4770c55a94d8288738f603d1e34e5.jpeg\",\"width\":899,\"height\":622,\"caption\":\"(240405) -- BRUSSELS, April 5, 2024 (Xinhua) -- This photo taken on April 4, 2024 shows a wreath-laying ceremony at the North Atlantic Treaty Organization (NATO) headquarters in Brussels, Belgium. NATO marked the 75th anniversary since the signing of the North Atlantic Treaty on Thursday. (Xinhua\\\/Zhao Dingzhe)\"},{\"@type\":\"BreadcrumbList\",\"@id\":\"https:\\\/\\\/diariodepe.com.br\\\/xinhua\\\/2024\\\/12\\\/03\\\/ucrania-marca-mudanca-significativa-de-posicao-sobre-possivel-cessar-fogo-com-a-russia\\\/#breadcrumb\",\"itemListElement\":[{\"@type\":\"ListItem\",\"position\":1,\"name\":\"In\u00edcio\",\"item\":\"https:\\\/\\\/diariodepe.com.br\\\/xinhua\\\/\"},{\"@type\":\"ListItem\",\"position\":2,\"name\":\"Ucr\u00e2nia marca mudan\u00e7a significativa de posi\u00e7\u00e3o sobre poss\u00edvel cessar-fogo com a R\u00fassia\"}]},{\"@type\":\"WebSite\",\"@id\":\"https:\\\/\\\/diariodepe.com.br\\\/xinhua\\\/#website\",\"url\":\"https:\\\/\\\/diariodepe.com.br\\\/xinhua\\\/\",\"name\":\"Xinhua - Diario de Pernambuco\",\"description\":\"A maior ag\u00eancia de not\u00edcias da China e um dos principais canais para conhecer o pa\u00eds\",\"publisher\":{\"@id\":\"https:\\\/\\\/diariodepe.com.br\\\/xinhua\\\/#organization\"},\"potentialAction\":[{\"@type\":\"SearchAction\",\"target\":{\"@type\":\"EntryPoint\",\"urlTemplate\":\"https:\\\/\\\/diariodepe.com.br\\\/xinhua\\\/?s={search_term_string}\"},\"query-input\":{\"@type\":\"PropertyValueSpecification\",\"valueRequired\":true,\"valueName\":\"search_term_string\"}}],\"inLanguage\":\"pt-BR\"},{\"@type\":\"Organization\",\"@id\":\"https:\\\/\\\/diariodepe.com.br\\\/xinhua\\\/#organization\",\"name\":\"Xinhua - Diario de Pernambuco\",\"url\":\"https:\\\/\\\/diariodepe.com.br\\\/xinhua\\\/\",\"logo\":{\"@type\":\"ImageObject\",\"inLanguage\":\"pt-BR\",\"@id\":\"https:\\\/\\\/diariodepe.com.br\\\/xinhua\\\/#\\\/schema\\\/logo\\\/image\\\/\",\"url\":\"https:\\\/\\\/diariodepe.com.br\\\/xinhua\\\/wp-content\\\/uploads\\\/sites\\\/3\\\/2020\\\/10\\\/cropped-logo-transparente-2.png\",\"contentUrl\":\"https:\\\/\\\/diariodepe.com.br\\\/xinhua\\\/wp-content\\\/uploads\\\/sites\\\/3\\\/2020\\\/10\\\/cropped-logo-transparente-2.png\",\"width\":512,\"height\":164,\"caption\":\"Xinhua - Diario de Pernambuco\"},\"image\":{\"@id\":\"https:\\\/\\\/diariodepe.com.br\\\/xinhua\\\/#\\\/schema\\\/logo\\\/image\\\/\"}},{\"@type\":\"Person\",\"@id\":\"https:\\\/\\\/diariodepe.com.br\\\/xinhua\\\/#\\\/schema\\\/person\\\/0943d6fd02bdc7b49c8f495e8787a2cb\",\"name\":\"Marcelo Oliveira de A. Maranhao\",\"image\":{\"@type\":\"ImageObject\",\"inLanguage\":\"pt-BR\",\"@id\":\"https:\\\/\\\/secure.gravatar.com\\\/avatar\\\/f562caee940d39879c20e90eea3e4b21860c7d4c96684c23141c554824f0059c?s=96&d=mm&r=g\",\"url\":\"https:\\\/\\\/secure.gravatar.com\\\/avatar\\\/f562caee940d39879c20e90eea3e4b21860c7d4c96684c23141c554824f0059c?s=96&d=mm&r=g\",\"contentUrl\":\"https:\\\/\\\/secure.gravatar.com\\\/avatar\\\/f562caee940d39879c20e90eea3e4b21860c7d4c96684c23141c554824f0059c?s=96&d=mm&r=g\",\"caption\":\"Marcelo Oliveira de A. Maranhao\"},\"url\":\"https:\\\/\\\/diariodepe.com.br\\\/xinhua\\\/author\\\/marcelo-maranhao\\\/\"}]}<\/script>\n<!-- \/ Yoast SEO plugin. -->","yoast_head_json":{"title":"Ucr\u00e2nia marca mudan\u00e7a significativa de posi\u00e7\u00e3o sobre poss\u00edvel cessar-fogo com a R\u00fassia - Xinhua - Diario de Pernambuco","robots":{"index":"index","follow":"follow","max-snippet":"max-snippet:-1","max-image-preview":"max-image-preview:large","max-video-preview":"max-video-preview:-1"},"canonical":"https:\/\/diariodepe.com.br\/xinhua\/2024\/12\/03\/ucrania-marca-mudanca-significativa-de-posicao-sobre-possivel-cessar-fogo-com-a-russia\/","og_locale":"pt_BR","og_type":"article","og_title":"Ucr\u00e2nia marca mudan\u00e7a significativa de posi\u00e7\u00e3o sobre poss\u00edvel cessar-fogo com a R\u00fassia - Xinhua - Diario de Pernambuco","og_description":"O presidente ucraniano Volodymyr Zelensky indicou pela primeira vez que Kiev poderia aceitar o controle russo sobre alguns de seus territ\u00f3rios em troca de sua ades\u00e3o \u00e0 Organiza\u00e7\u00e3o do Tratado do Atl\u00e2ntico Norte (OTAN). A nova postura \u00e9 amplamente vista...","og_url":"https:\/\/diariodepe.com.br\/xinhua\/2024\/12\/03\/ucrania-marca-mudanca-significativa-de-posicao-sobre-possivel-cessar-fogo-com-a-russia\/","og_site_name":"Xinhua - Diario de Pernambuco","article_published_time":"2024-12-03T11:14:25+00:00","article_modified_time":"2024-12-03T11:14:27+00:00","og_image":[{"width":899,"height":622,"url":"https:\/\/diariodepe.com.br\/xinhua\/wp-content\/uploads\/sites\/3\/2024\/12\/202412035497036104b94fc69375acfbc44eac69_2024120359a4770c55a94d8288738f603d1e34e5.jpeg","type":"image\/jpeg"}],"author":"Marcelo Oliveira de A. Maranhao","twitter_card":"summary_large_image","twitter_misc":{"Escrito por":"Marcelo Oliveira de A. Maranhao","Est. tempo de leitura":"8 minutos"},"schema":{"@context":"https:\/\/schema.org","@graph":[{"@type":"Article","@id":"https:\/\/diariodepe.com.br\/xinhua\/2024\/12\/03\/ucrania-marca-mudanca-significativa-de-posicao-sobre-possivel-cessar-fogo-com-a-russia\/#article","isPartOf":{"@id":"https:\/\/diariodepe.com.br\/xinhua\/2024\/12\/03\/ucrania-marca-mudanca-significativa-de-posicao-sobre-possivel-cessar-fogo-com-a-russia\/"},"author":{"name":"Marcelo Oliveira de A. Maranhao","@id":"https:\/\/diariodepe.com.br\/xinhua\/#\/schema\/person\/0943d6fd02bdc7b49c8f495e8787a2cb"},"headline":"Ucr\u00e2nia marca mudan\u00e7a significativa de posi\u00e7\u00e3o sobre poss\u00edvel cessar-fogo com a R\u00fassia","datePublished":"2024-12-03T11:14:25+00:00","dateModified":"2024-12-03T11:14:27+00:00","mainEntityOfPage":{"@id":"https:\/\/diariodepe.com.br\/xinhua\/2024\/12\/03\/ucrania-marca-mudanca-significativa-de-posicao-sobre-possivel-cessar-fogo-com-a-russia\/"},"wordCount":1405,"commentCount":0,"publisher":{"@id":"https:\/\/diariodepe.com.br\/xinhua\/#organization"},"image":{"@id":"https:\/\/diariodepe.com.br\/xinhua\/2024\/12\/03\/ucrania-marca-mudanca-significativa-de-posicao-sobre-possivel-cessar-fogo-com-a-russia\/#primaryimage"},"thumbnailUrl":"https:\/\/diariodepe.com.br\/xinhua\/wp-content\/uploads\/sites\/3\/2024\/12\/202412035497036104b94fc69375acfbc44eac69_2024120359a4770c55a94d8288738f603d1e34e5.jpeg","articleSection":["Internacional"],"inLanguage":"pt-BR","potentialAction":[{"@type":"CommentAction","name":"Comment","target":["https:\/\/diariodepe.com.br\/xinhua\/2024\/12\/03\/ucrania-marca-mudanca-significativa-de-posicao-sobre-possivel-cessar-fogo-com-a-russia\/#respond"]}]},{"@type":"WebPage","@id":"https:\/\/diariodepe.com.br\/xinhua\/2024\/12\/03\/ucrania-marca-mudanca-significativa-de-posicao-sobre-possivel-cessar-fogo-com-a-russia\/","url":"https:\/\/diariodepe.com.br\/xinhua\/2024\/12\/03\/ucrania-marca-mudanca-significativa-de-posicao-sobre-possivel-cessar-fogo-com-a-russia\/","name":"Ucr\u00e2nia marca mudan\u00e7a significativa de posi\u00e7\u00e3o sobre poss\u00edvel cessar-fogo com a R\u00fassia - Xinhua - Diario de Pernambuco","isPartOf":{"@id":"https:\/\/diariodepe.com.br\/xinhua\/#website"},"primaryImageOfPage":{"@id":"https:\/\/diariodepe.com.br\/xinhua\/2024\/12\/03\/ucrania-marca-mudanca-significativa-de-posicao-sobre-possivel-cessar-fogo-com-a-russia\/#primaryimage"},"image":{"@id":"https:\/\/diariodepe.com.br\/xinhua\/2024\/12\/03\/ucrania-marca-mudanca-significativa-de-posicao-sobre-possivel-cessar-fogo-com-a-russia\/#primaryimage"},"thumbnailUrl":"https:\/\/diariodepe.com.br\/xinhua\/wp-content\/uploads\/sites\/3\/2024\/12\/202412035497036104b94fc69375acfbc44eac69_2024120359a4770c55a94d8288738f603d1e34e5.jpeg","datePublished":"2024-12-03T11:14:25+00:00","dateModified":"2024-12-03T11:14:27+00:00","breadcrumb":{"@id":"https:\/\/diariodepe.com.br\/xinhua\/2024\/12\/03\/ucrania-marca-mudanca-significativa-de-posicao-sobre-possivel-cessar-fogo-com-a-russia\/#breadcrumb"},"inLanguage":"pt-BR","potentialAction":[{"@type":"ReadAction","target":["https:\/\/diariodepe.com.br\/xinhua\/2024\/12\/03\/ucrania-marca-mudanca-significativa-de-posicao-sobre-possivel-cessar-fogo-com-a-russia\/"]}]},{"@type":"ImageObject","inLanguage":"pt-BR","@id":"https:\/\/diariodepe.com.br\/xinhua\/2024\/12\/03\/ucrania-marca-mudanca-significativa-de-posicao-sobre-possivel-cessar-fogo-com-a-russia\/#primaryimage","url":"https:\/\/diariodepe.com.br\/xinhua\/wp-content\/uploads\/sites\/3\/2024\/12\/202412035497036104b94fc69375acfbc44eac69_2024120359a4770c55a94d8288738f603d1e34e5.jpeg","contentUrl":"https:\/\/diariodepe.com.br\/xinhua\/wp-content\/uploads\/sites\/3\/2024\/12\/202412035497036104b94fc69375acfbc44eac69_2024120359a4770c55a94d8288738f603d1e34e5.jpeg","width":899,"height":622,"caption":"(240405) -- BRUSSELS, April 5, 2024 (Xinhua) -- This photo taken on April 4, 2024 shows a wreath-laying ceremony at the North Atlantic Treaty Organization (NATO) headquarters in Brussels, Belgium. NATO marked the 75th anniversary since the signing of the North Atlantic Treaty on Thursday. (Xinhua\/Zhao Dingzhe)"},{"@type":"BreadcrumbList","@id":"https:\/\/diariodepe.com.br\/xinhua\/2024\/12\/03\/ucrania-marca-mudanca-significativa-de-posicao-sobre-possivel-cessar-fogo-com-a-russia\/#breadcrumb","itemListElement":[{"@type":"ListItem","position":1,"name":"In\u00edcio","item":"https:\/\/diariodepe.com.br\/xinhua\/"},{"@type":"ListItem","position":2,"name":"Ucr\u00e2nia marca mudan\u00e7a significativa de posi\u00e7\u00e3o sobre poss\u00edvel cessar-fogo com a R\u00fassia"}]},{"@type":"WebSite","@id":"https:\/\/diariodepe.com.br\/xinhua\/#website","url":"https:\/\/diariodepe.com.br\/xinhua\/","name":"Xinhua - Diario de Pernambuco","description":"A maior ag\u00eancia de not\u00edcias da China e um dos principais canais para conhecer o pa\u00eds","publisher":{"@id":"https:\/\/diariodepe.com.br\/xinhua\/#organization"},"potentialAction":[{"@type":"SearchAction","target":{"@type":"EntryPoint","urlTemplate":"https:\/\/diariodepe.com.br\/xinhua\/?s={search_term_string}"},"query-input":{"@type":"PropertyValueSpecification","valueRequired":true,"valueName":"search_term_string"}}],"inLanguage":"pt-BR"},{"@type":"Organization","@id":"https:\/\/diariodepe.com.br\/xinhua\/#organization","name":"Xinhua - Diario de Pernambuco","url":"https:\/\/diariodepe.com.br\/xinhua\/","logo":{"@type":"ImageObject","inLanguage":"pt-BR","@id":"https:\/\/diariodepe.com.br\/xinhua\/#\/schema\/logo\/image\/","url":"https:\/\/diariodepe.com.br\/xinhua\/wp-content\/uploads\/sites\/3\/2020\/10\/cropped-logo-transparente-2.png","contentUrl":"https:\/\/diariodepe.com.br\/xinhua\/wp-content\/uploads\/sites\/3\/2020\/10\/cropped-logo-transparente-2.png","width":512,"height":164,"caption":"Xinhua - Diario de Pernambuco"},"image":{"@id":"https:\/\/diariodepe.com.br\/xinhua\/#\/schema\/logo\/image\/"}},{"@type":"Person","@id":"https:\/\/diariodepe.com.br\/xinhua\/#\/schema\/person\/0943d6fd02bdc7b49c8f495e8787a2cb","name":"Marcelo Oliveira de A. Maranhao","image":{"@type":"ImageObject","inLanguage":"pt-BR","@id":"https:\/\/secure.gravatar.com\/avatar\/f562caee940d39879c20e90eea3e4b21860c7d4c96684c23141c554824f0059c?s=96&d=mm&r=g","url":"https:\/\/secure.gravatar.com\/avatar\/f562caee940d39879c20e90eea3e4b21860c7d4c96684c23141c554824f0059c?s=96&d=mm&r=g","contentUrl":"https:\/\/secure.gravatar.com\/avatar\/f562caee940d39879c20e90eea3e4b21860c7d4c96684c23141c554824f0059c?s=96&d=mm&r=g","caption":"Marcelo Oliveira de A. Maranhao"},"url":"https:\/\/diariodepe.com.br\/xinhua\/author\/marcelo-maranhao\/"}]}},"cc_featured_image_caption":{"caption_text":"","source_text":"","source_url":""},"amp_enabled":true,"_links":{"self":[{"href":"https:\/\/diariodepe.com.br\/xinhua\/wp-json\/wp\/v2\/posts\/24201","targetHints":{"allow":["GET"]}}],"collection":[{"href":"https:\/\/diariodepe.com.br\/xinhua\/wp-json\/wp\/v2\/posts"}],"about":[{"href":"https:\/\/diariodepe.com.br\/xinhua\/wp-json\/wp\/v2\/types\/post"}],"author":[{"embeddable":true,"href":"https:\/\/diariodepe.com.br\/xinhua\/wp-json\/wp\/v2\/users\/3"}],"replies":[{"embeddable":true,"href":"https:\/\/diariodepe.com.br\/xinhua\/wp-json\/wp\/v2\/comments?post=24201"}],"version-history":[{"count":1,"href":"https:\/\/diariodepe.com.br\/xinhua\/wp-json\/wp\/v2\/posts\/24201\/revisions"}],"predecessor-version":[{"id":24203,"href":"https:\/\/diariodepe.com.br\/xinhua\/wp-json\/wp\/v2\/posts\/24201\/revisions\/24203"}],"wp:featuredmedia":[{"embeddable":true,"href":"https:\/\/diariodepe.com.br\/xinhua\/wp-json\/wp\/v2\/media\/24202"}],"wp:attachment":[{"href":"https:\/\/diariodepe.com.br\/xinhua\/wp-json\/wp\/v2\/media?parent=24201"}],"wp:term":[{"taxonomy":"category","embeddable":true,"href":"https:\/\/diariodepe.com.br\/xinhua\/wp-json\/wp\/v2\/categories?post=24201"},{"taxonomy":"post_tag","embeddable":true,"href":"https:\/\/diariodepe.com.br\/xinhua\/wp-json\/wp\/v2\/tags?post=24201"}],"curies":[{"name":"wp","href":"https:\/\/api.w.org\/{rel}","templated":true}]}}