{"id":24193,"date":"2024-12-02T18:02:00","date_gmt":"2024-12-02T21:02:00","guid":{"rendered":"https:\/\/www.diariodepe.com.br\/xinhua\/?p=24193"},"modified":"2024-12-02T08:03:00","modified_gmt":"2024-12-02T11:03:00","slug":"5a-reuniao-de-ministros-das-relacoes-exteriores-china-asia-central-e-realizada-em-chengdu","status":"publish","type":"post","link":"https:\/\/diariodepe.com.br\/xinhua\/2024\/12\/02\/5a-reuniao-de-ministros-das-relacoes-exteriores-china-asia-central-e-realizada-em-chengdu\/","title":{"rendered":"5\u00aa Reuni\u00e3o de Ministros das Rela\u00e7\u00f5es Exteriores China-\u00c1sia Central \u00e9 realizada em Chengdu"},"content":{"rendered":"\n<p>Chengdu &#8211; A Quinta Reuni\u00e3o de Ministros das Rela\u00e7\u00f5es Exteriores China-\u00c1sia Central, realizada no domingo na cidade de Chengdu, no sudoeste da China, contorno com ampla divulga\u00e7\u00e3o entre os ministros das rela\u00e7\u00f5es exteriores sobre o avan\u00e7o abrangente da coopera\u00e7\u00e3o e os preparativos pol\u00edticos para a segunda C\u00fapula China-\u00c1sia Central, prevista para o pr\u00f3ximo ano.<\/p>\n\n\n\n<p>O ministro das Rela\u00e7\u00f5es Exteriores da China, Wang Yi, tamb\u00e9m membro do Bir\u00f4 Pol\u00edtico do Comit\u00ea Central do Partido Comunista da China, presidiu a reuni\u00e3o. Os participantes inclu\u00edram o vice-primeiro-ministro e ministro das Rela\u00e7\u00f5es Exteriores do Cazaquist\u00e3o, Murat Nurtleu, o ministro das Rela\u00e7\u00f5es Exteriores do Quirguist\u00e3o, Kulubaev Zheenbek Moldokanovich, o ministro das Rela\u00e7\u00f5es Exteriores do Tajiquist\u00e3o, Sirojiddin Muhriddin, o vice-primeiro-ministro e o ministro das Rela\u00e7\u00f5es Exteriores do Turcomenist\u00e3o, Rashid Meredov, e o ministro das Rela\u00e7\u00f5es Exteriores do Uzbequist\u00e3o, Bakhtiyor Saidov.<\/p>\n\n\n\n<p>Wang observou que o Mecanismo China-\u00c1sia Central est\u00e1 em vigor h\u00e1 quatro anos, durante os quais os seis pa\u00edses, movidos por boa ambiente, solidariedade e pragmatismo, trabalharam juntos para promover seu desenvolvimento.<\/p>\n\n\n\n<p>Wang disse que houve um progresso significativo desde a primeira c\u00fapula em Xi&#8217;an, em maio do ano passado, com mais da metade dos projetos relevantes sendo implementados ou tendo um progresso substancial.<\/p>\n\n\n\n<p>Os dois lados estabeleceram plataformas ministeriais em \u00e1reas como com\u00e9rcio, alfandega, agricultura, transporte e investimento industrial, disse Wang, acrescentando que a China est\u00e1 disposta a aumentar a coopera\u00e7\u00e3o com os pa\u00edses da \u00c1sia Central e alinhar as estrat\u00e9gias de desenvolvimento.<\/p>\n\n\n\n<p>Durante a reuni\u00e3o, os ministros das Rela\u00e7\u00f5es Exteriores dos cinco pa\u00edses da \u00c1sia Central observaram que, com base nos princ\u00edpios de igualdade e respeito m\u00fatuo, a China e a \u00c1sia Central desfrutam de um alto n\u00edvel de confian\u00e7a m\u00fatua e ampla coopera\u00e7\u00e3o, estabelecendo um modelo exemplar de rela\u00e7\u00f5es entre os pa\u00edses vizinhos.<\/p>\n\n\n\n<p>De acordo com os ministros, os pa\u00edses da \u00c1sia Central expressam seu apoio \u00e0s propostas de coopera\u00e7\u00e3o da China e sua disposi\u00e7\u00e3o de colaborar na Iniciativa Cintur\u00e3o e Rota, fortalecer a aplica\u00e7\u00e3o da lei e a coopera\u00e7\u00e3o de seguran\u00e7a e construir conjuntamente uma comunidade China-\u00c1sia Central com um futuro compartilhado. Eles tamb\u00e9m expressaram apoio \u00e0 presid\u00eancia rotativa da China na Organiza\u00e7\u00e3o de Coopera\u00e7\u00e3o de Xangai.<\/p>\n\n\n\n<p>Os seis ministros das Rela\u00e7\u00f5es Exteriores concordaram em estabelecer um ano de coopera\u00e7\u00e3o tem\u00e1tico a cada dois anos, a fim de promover o desenvolvimento de alta qualidade nas rela\u00e7\u00f5es entre a China e a \u00c1sia Central.<\/p>\n\n\n\n<p>Ap\u00f3s a reuni\u00e3o, Wang resumiu os resultados e o consenso em uma coletiva de imprensa conjunta com os ministros das Rela\u00e7\u00f5es Exteriores dos cinco pa\u00edses da \u00c1sia Central.<\/p>\n\n\n\n<p>Wang enfatizou a import\u00e2ncia da orienta\u00e7\u00e3o dos chefes de Estado para garantir o sucesso da c\u00fapula no Cazaquist\u00e3o no pr\u00f3ximo ano.<\/p>\n\n\n\n<p>Ele disse que a China e os pa\u00edses da \u00c1sia Central come\u00e7ar\u00e3o a elaborar uma declara\u00e7\u00e3o conjunta da c\u00fapula, um plano de a\u00e7\u00e3o para a coopera\u00e7\u00e3o de alta qualidade do Cintur\u00e3o e Rota, um tratado permanente de boa coopera\u00e7\u00e3o e coopera\u00e7\u00e3o e acordos em outras \u00e1reas importantes.<\/p>\n\n\n\n<p>Para alcan\u00e7ar a moderniza\u00e7\u00e3o e aprofundar a coopera\u00e7\u00e3o em todas as frentes, Wang disse que os seis pa\u00edses devem se concentrar em seis \u00e1reas priorit\u00e1rias, a saber, facilita\u00e7\u00e3o do com\u00e9rcio, investimento industrial, conectividade, minera\u00e7\u00e3o verde, moderniza\u00e7\u00e3o agr\u00edcola e interc\u00e2mbios simplificados entre pessoas.<\/p>\n\n\n\n<p>A China est\u00e1 pronta para expandir a coopera\u00e7\u00e3o com a \u00c1sia Central em aplica\u00e7\u00f5es do Sistema de Navega\u00e7\u00e3o por Sat\u00e9lite BeiDou, redu\u00e7\u00e3o e quebra da pobreza, controle da desertifica\u00e7\u00e3o, educa\u00e7\u00e3o superior e interc\u00e2mbio cultural, disse Wang.<\/p>\n\n\n\n<p>Ele tamb\u00e9m enfatizou a manuten\u00e7\u00e3o da paz e da seguran\u00e7a regional, observando que os seis pa\u00edses concordaram em combater conjuntamente o terrorismo, o separatismo e o extremismo, para se certificarem firmemente \u00e0 interfer\u00eancia externa nos assuntos internos dos pa\u00edses da \u00c1sia Central e \u00e0 cria\u00e7\u00e3o de caos e turbul\u00eancia na \u00c1sia Central, al\u00e9m de apoiar o Afeganist\u00e3o na conquista da paz e da seguran\u00e7a.<\/p>\n\n\n\n<p>A China e os pa\u00edses da \u00c1sia Central devem aprimorar o aprendizado m\u00fatuo entre civiliza\u00e7\u00f5es e o compartilhamento de experi\u00eancias de governan\u00e7a, disse Wang, acrescentando que, nos pr\u00f3ximos tr\u00eas anos, a China oferecer\u00e1 1.500 oportunidades de treinamento e 600 bolsas de estudo para os pa\u00edses da \u00c1sia Central.<\/p>\n\n\n\n<p>Ao promover o multilateralismo, Wang disse que os seis pa\u00edses se comprometeram a defender o multilateralismo e a imparcialidade e justi\u00e7a internacional.<\/p>\n\n\n\n<p>Ele disse que esses pa\u00edses devem continuar a fortalecer a coopera\u00e7\u00e3o em assuntos globais, a solidariedade e a coopera\u00e7\u00e3o entre o Sul Global para promover um mundo multipolar igualit\u00e1rio e ordenado e uma globaliza\u00e7\u00e3o econ\u00f4mica que beneficie a todos.<\/p>\n\n\n\n<p>A China e os pa\u00edses da \u00c1sia Central reafirmaram o seu compromisso de preservar a paz e a seguran\u00e7a e defender os resultados da Segunda Guerra Mundial, disse Wang.<\/p>\n\n\n\n<p>No domingo, os ministros das Rela\u00e7\u00f5es Exteriores tamb\u00e9m participaram da confer\u00eancia de lan\u00e7amento do servi\u00e7o de caminh\u00f5es de carga transfronteiri\u00e7os \u201cTianfu\u201d para a \u00c1sia Central.<\/p>\n\n\n\n<p>O servi\u00e7o de transporte agora conecta 20 cidades em cinco pa\u00edses da \u00c1sia Central. Est\u00e3o em andamento planos para expandir o servi\u00e7o para cobrir as principais cidades da \u00c1sia Central dentro de tr\u00eas anos.<\/p>\n\n\n\n<p>Al\u00e9m disso, os ministros inauguraram um centro China-\u00c1sia Central para a exposi\u00e7\u00e3o e promo\u00e7\u00e3o de commodities, que conta com pavilh\u00f5es nacionais para que os cinco pa\u00edses da \u00c1sia Central apresentem e promovam seus produtos.<\/p>\n\n\n\n<p>O centro servir\u00e1 como uma nova plataforma para colabora\u00e7\u00e3o em com\u00e9rcio, educa\u00e7\u00e3o, cultura e turismo entre a China e a \u00c1sia Central.<\/p>\n","protected":false},"excerpt":{"rendered":"<p>Chengdu &#8211; A Quinta Reuni\u00e3o de Ministros das Rela\u00e7\u00f5es Exteriores China-\u00c1sia Central, realizada no domingo na cidade de Chengdu, no sudoeste da China, contorno com ampla divulga\u00e7\u00e3o entre os ministros das rela\u00e7\u00f5es exteriores sobre o avan\u00e7o abrangente da coopera\u00e7\u00e3o e&#8230;<\/p>\n","protected":false},"author":3,"featured_media":0,"comment_status":"open","ping_status":"open","sticky":false,"template":"","format":"standard","meta":{"footnotes":""},"categories":[4],"tags":[],"class_list":["post-24193","post","type-post","status-publish","format-standard","hentry","category-internacional"],"yoast_head":"<!-- This site is optimized with the Yoast SEO plugin v27.4 - https:\/\/yoast.com\/product\/yoast-seo-wordpress\/ -->\n<title>5\u00aa Reuni\u00e3o de Ministros das Rela\u00e7\u00f5es Exteriores China-\u00c1sia Central \u00e9 realizada em Chengdu - Xinhua - Diario de Pernambuco<\/title>\n<meta name=\"robots\" content=\"index, follow, max-snippet:-1, max-image-preview:large, max-video-preview:-1\" \/>\n<link rel=\"canonical\" href=\"https:\/\/diariodepe.com.br\/xinhua\/2024\/12\/02\/5a-reuniao-de-ministros-das-relacoes-exteriores-china-asia-central-e-realizada-em-chengdu\/\" \/>\n<meta property=\"og:locale\" content=\"pt_BR\" \/>\n<meta property=\"og:type\" content=\"article\" \/>\n<meta property=\"og:title\" content=\"5\u00aa Reuni\u00e3o de Ministros das Rela\u00e7\u00f5es Exteriores China-\u00c1sia Central \u00e9 realizada em Chengdu - Xinhua - Diario de Pernambuco\" \/>\n<meta property=\"og:description\" content=\"Chengdu &#8211; A Quinta Reuni\u00e3o de Ministros das Rela\u00e7\u00f5es Exteriores China-\u00c1sia Central, realizada no domingo na cidade de Chengdu, no sudoeste da China, contorno com ampla divulga\u00e7\u00e3o entre os ministros das rela\u00e7\u00f5es exteriores sobre o avan\u00e7o abrangente da coopera\u00e7\u00e3o e...\" \/>\n<meta property=\"og:url\" content=\"https:\/\/diariodepe.com.br\/xinhua\/2024\/12\/02\/5a-reuniao-de-ministros-das-relacoes-exteriores-china-asia-central-e-realizada-em-chengdu\/\" \/>\n<meta property=\"og:site_name\" content=\"Xinhua - Diario de Pernambuco\" \/>\n<meta property=\"article:published_time\" content=\"2024-12-02T21:02:00+00:00\" \/>\n<meta name=\"author\" content=\"Marcelo Oliveira de A. Maranhao\" \/>\n<meta name=\"twitter:card\" content=\"summary_large_image\" \/>\n<meta name=\"twitter:label1\" content=\"Escrito por\" \/>\n\t<meta name=\"twitter:data1\" content=\"Marcelo Oliveira de A. Maranhao\" \/>\n\t<meta name=\"twitter:label2\" content=\"Est. tempo de leitura\" \/>\n\t<meta name=\"twitter:data2\" content=\"5 minutos\" \/>\n<script type=\"application\/ld+json\" class=\"yoast-schema-graph\">{\"@context\":\"https:\\\/\\\/schema.org\",\"@graph\":[{\"@type\":\"Article\",\"@id\":\"https:\\\/\\\/diariodepe.com.br\\\/xinhua\\\/2024\\\/12\\\/02\\\/5a-reuniao-de-ministros-das-relacoes-exteriores-china-asia-central-e-realizada-em-chengdu\\\/#article\",\"isPartOf\":{\"@id\":\"https:\\\/\\\/diariodepe.com.br\\\/xinhua\\\/2024\\\/12\\\/02\\\/5a-reuniao-de-ministros-das-relacoes-exteriores-china-asia-central-e-realizada-em-chengdu\\\/\"},\"author\":{\"name\":\"Marcelo Oliveira de A. Maranhao\",\"@id\":\"https:\\\/\\\/diariodepe.com.br\\\/xinhua\\\/#\\\/schema\\\/person\\\/0943d6fd02bdc7b49c8f495e8787a2cb\"},\"headline\":\"5\u00aa Reuni\u00e3o de Ministros das Rela\u00e7\u00f5es Exteriores China-\u00c1sia Central \u00e9 realizada em Chengdu\",\"datePublished\":\"2024-12-02T21:02:00+00:00\",\"mainEntityOfPage\":{\"@id\":\"https:\\\/\\\/diariodepe.com.br\\\/xinhua\\\/2024\\\/12\\\/02\\\/5a-reuniao-de-ministros-das-relacoes-exteriores-china-asia-central-e-realizada-em-chengdu\\\/\"},\"wordCount\":1039,\"commentCount\":0,\"publisher\":{\"@id\":\"https:\\\/\\\/diariodepe.com.br\\\/xinhua\\\/#organization\"},\"articleSection\":[\"Internacional\"],\"inLanguage\":\"pt-BR\",\"potentialAction\":[{\"@type\":\"CommentAction\",\"name\":\"Comment\",\"target\":[\"https:\\\/\\\/diariodepe.com.br\\\/xinhua\\\/2024\\\/12\\\/02\\\/5a-reuniao-de-ministros-das-relacoes-exteriores-china-asia-central-e-realizada-em-chengdu\\\/#respond\"]}]},{\"@type\":\"WebPage\",\"@id\":\"https:\\\/\\\/diariodepe.com.br\\\/xinhua\\\/2024\\\/12\\\/02\\\/5a-reuniao-de-ministros-das-relacoes-exteriores-china-asia-central-e-realizada-em-chengdu\\\/\",\"url\":\"https:\\\/\\\/diariodepe.com.br\\\/xinhua\\\/2024\\\/12\\\/02\\\/5a-reuniao-de-ministros-das-relacoes-exteriores-china-asia-central-e-realizada-em-chengdu\\\/\",\"name\":\"5\u00aa Reuni\u00e3o de Ministros das Rela\u00e7\u00f5es Exteriores China-\u00c1sia Central \u00e9 realizada em Chengdu - Xinhua - Diario de Pernambuco\",\"isPartOf\":{\"@id\":\"https:\\\/\\\/diariodepe.com.br\\\/xinhua\\\/#website\"},\"datePublished\":\"2024-12-02T21:02:00+00:00\",\"breadcrumb\":{\"@id\":\"https:\\\/\\\/diariodepe.com.br\\\/xinhua\\\/2024\\\/12\\\/02\\\/5a-reuniao-de-ministros-das-relacoes-exteriores-china-asia-central-e-realizada-em-chengdu\\\/#breadcrumb\"},\"inLanguage\":\"pt-BR\",\"potentialAction\":[{\"@type\":\"ReadAction\",\"target\":[\"https:\\\/\\\/diariodepe.com.br\\\/xinhua\\\/2024\\\/12\\\/02\\\/5a-reuniao-de-ministros-das-relacoes-exteriores-china-asia-central-e-realizada-em-chengdu\\\/\"]}]},{\"@type\":\"BreadcrumbList\",\"@id\":\"https:\\\/\\\/diariodepe.com.br\\\/xinhua\\\/2024\\\/12\\\/02\\\/5a-reuniao-de-ministros-das-relacoes-exteriores-china-asia-central-e-realizada-em-chengdu\\\/#breadcrumb\",\"itemListElement\":[{\"@type\":\"ListItem\",\"position\":1,\"name\":\"In\u00edcio\",\"item\":\"https:\\\/\\\/diariodepe.com.br\\\/xinhua\\\/\"},{\"@type\":\"ListItem\",\"position\":2,\"name\":\"5\u00aa Reuni\u00e3o de Ministros das Rela\u00e7\u00f5es Exteriores China-\u00c1sia Central \u00e9 realizada em Chengdu\"}]},{\"@type\":\"WebSite\",\"@id\":\"https:\\\/\\\/diariodepe.com.br\\\/xinhua\\\/#website\",\"url\":\"https:\\\/\\\/diariodepe.com.br\\\/xinhua\\\/\",\"name\":\"Xinhua - Diario de Pernambuco\",\"description\":\"A maior ag\u00eancia de not\u00edcias da China e um dos principais canais para conhecer o pa\u00eds\",\"publisher\":{\"@id\":\"https:\\\/\\\/diariodepe.com.br\\\/xinhua\\\/#organization\"},\"potentialAction\":[{\"@type\":\"SearchAction\",\"target\":{\"@type\":\"EntryPoint\",\"urlTemplate\":\"https:\\\/\\\/diariodepe.com.br\\\/xinhua\\\/?s={search_term_string}\"},\"query-input\":{\"@type\":\"PropertyValueSpecification\",\"valueRequired\":true,\"valueName\":\"search_term_string\"}}],\"inLanguage\":\"pt-BR\"},{\"@type\":\"Organization\",\"@id\":\"https:\\\/\\\/diariodepe.com.br\\\/xinhua\\\/#organization\",\"name\":\"Xinhua - Diario de Pernambuco\",\"url\":\"https:\\\/\\\/diariodepe.com.br\\\/xinhua\\\/\",\"logo\":{\"@type\":\"ImageObject\",\"inLanguage\":\"pt-BR\",\"@id\":\"https:\\\/\\\/diariodepe.com.br\\\/xinhua\\\/#\\\/schema\\\/logo\\\/image\\\/\",\"url\":\"https:\\\/\\\/diariodepe.com.br\\\/xinhua\\\/wp-content\\\/uploads\\\/sites\\\/3\\\/2020\\\/10\\\/cropped-logo-transparente-2.png\",\"contentUrl\":\"https:\\\/\\\/diariodepe.com.br\\\/xinhua\\\/wp-content\\\/uploads\\\/sites\\\/3\\\/2020\\\/10\\\/cropped-logo-transparente-2.png\",\"width\":512,\"height\":164,\"caption\":\"Xinhua - Diario de Pernambuco\"},\"image\":{\"@id\":\"https:\\\/\\\/diariodepe.com.br\\\/xinhua\\\/#\\\/schema\\\/logo\\\/image\\\/\"}},{\"@type\":\"Person\",\"@id\":\"https:\\\/\\\/diariodepe.com.br\\\/xinhua\\\/#\\\/schema\\\/person\\\/0943d6fd02bdc7b49c8f495e8787a2cb\",\"name\":\"Marcelo Oliveira de A. Maranhao\",\"image\":{\"@type\":\"ImageObject\",\"inLanguage\":\"pt-BR\",\"@id\":\"https:\\\/\\\/secure.gravatar.com\\\/avatar\\\/f562caee940d39879c20e90eea3e4b21860c7d4c96684c23141c554824f0059c?s=96&d=mm&r=g\",\"url\":\"https:\\\/\\\/secure.gravatar.com\\\/avatar\\\/f562caee940d39879c20e90eea3e4b21860c7d4c96684c23141c554824f0059c?s=96&d=mm&r=g\",\"contentUrl\":\"https:\\\/\\\/secure.gravatar.com\\\/avatar\\\/f562caee940d39879c20e90eea3e4b21860c7d4c96684c23141c554824f0059c?s=96&d=mm&r=g\",\"caption\":\"Marcelo Oliveira de A. Maranhao\"},\"url\":\"https:\\\/\\\/diariodepe.com.br\\\/xinhua\\\/author\\\/marcelo-maranhao\\\/\"}]}<\/script>\n<!-- \/ Yoast SEO plugin. -->","yoast_head_json":{"title":"5\u00aa Reuni\u00e3o de Ministros das Rela\u00e7\u00f5es Exteriores China-\u00c1sia Central \u00e9 realizada em Chengdu - Xinhua - Diario de Pernambuco","robots":{"index":"index","follow":"follow","max-snippet":"max-snippet:-1","max-image-preview":"max-image-preview:large","max-video-preview":"max-video-preview:-1"},"canonical":"https:\/\/diariodepe.com.br\/xinhua\/2024\/12\/02\/5a-reuniao-de-ministros-das-relacoes-exteriores-china-asia-central-e-realizada-em-chengdu\/","og_locale":"pt_BR","og_type":"article","og_title":"5\u00aa Reuni\u00e3o de Ministros das Rela\u00e7\u00f5es Exteriores China-\u00c1sia Central \u00e9 realizada em Chengdu - Xinhua - Diario de Pernambuco","og_description":"Chengdu &#8211; A Quinta Reuni\u00e3o de Ministros das Rela\u00e7\u00f5es Exteriores China-\u00c1sia Central, realizada no domingo na cidade de Chengdu, no sudoeste da China, contorno com ampla divulga\u00e7\u00e3o entre os ministros das rela\u00e7\u00f5es exteriores sobre o avan\u00e7o abrangente da coopera\u00e7\u00e3o e...","og_url":"https:\/\/diariodepe.com.br\/xinhua\/2024\/12\/02\/5a-reuniao-de-ministros-das-relacoes-exteriores-china-asia-central-e-realizada-em-chengdu\/","og_site_name":"Xinhua - Diario de Pernambuco","article_published_time":"2024-12-02T21:02:00+00:00","author":"Marcelo Oliveira de A. Maranhao","twitter_card":"summary_large_image","twitter_misc":{"Escrito por":"Marcelo Oliveira de A. Maranhao","Est. tempo de leitura":"5 minutos"},"schema":{"@context":"https:\/\/schema.org","@graph":[{"@type":"Article","@id":"https:\/\/diariodepe.com.br\/xinhua\/2024\/12\/02\/5a-reuniao-de-ministros-das-relacoes-exteriores-china-asia-central-e-realizada-em-chengdu\/#article","isPartOf":{"@id":"https:\/\/diariodepe.com.br\/xinhua\/2024\/12\/02\/5a-reuniao-de-ministros-das-relacoes-exteriores-china-asia-central-e-realizada-em-chengdu\/"},"author":{"name":"Marcelo Oliveira de A. Maranhao","@id":"https:\/\/diariodepe.com.br\/xinhua\/#\/schema\/person\/0943d6fd02bdc7b49c8f495e8787a2cb"},"headline":"5\u00aa Reuni\u00e3o de Ministros das Rela\u00e7\u00f5es Exteriores China-\u00c1sia Central \u00e9 realizada em Chengdu","datePublished":"2024-12-02T21:02:00+00:00","mainEntityOfPage":{"@id":"https:\/\/diariodepe.com.br\/xinhua\/2024\/12\/02\/5a-reuniao-de-ministros-das-relacoes-exteriores-china-asia-central-e-realizada-em-chengdu\/"},"wordCount":1039,"commentCount":0,"publisher":{"@id":"https:\/\/diariodepe.com.br\/xinhua\/#organization"},"articleSection":["Internacional"],"inLanguage":"pt-BR","potentialAction":[{"@type":"CommentAction","name":"Comment","target":["https:\/\/diariodepe.com.br\/xinhua\/2024\/12\/02\/5a-reuniao-de-ministros-das-relacoes-exteriores-china-asia-central-e-realizada-em-chengdu\/#respond"]}]},{"@type":"WebPage","@id":"https:\/\/diariodepe.com.br\/xinhua\/2024\/12\/02\/5a-reuniao-de-ministros-das-relacoes-exteriores-china-asia-central-e-realizada-em-chengdu\/","url":"https:\/\/diariodepe.com.br\/xinhua\/2024\/12\/02\/5a-reuniao-de-ministros-das-relacoes-exteriores-china-asia-central-e-realizada-em-chengdu\/","name":"5\u00aa Reuni\u00e3o de Ministros das Rela\u00e7\u00f5es Exteriores China-\u00c1sia Central \u00e9 realizada em Chengdu - Xinhua - Diario de Pernambuco","isPartOf":{"@id":"https:\/\/diariodepe.com.br\/xinhua\/#website"},"datePublished":"2024-12-02T21:02:00+00:00","breadcrumb":{"@id":"https:\/\/diariodepe.com.br\/xinhua\/2024\/12\/02\/5a-reuniao-de-ministros-das-relacoes-exteriores-china-asia-central-e-realizada-em-chengdu\/#breadcrumb"},"inLanguage":"pt-BR","potentialAction":[{"@type":"ReadAction","target":["https:\/\/diariodepe.com.br\/xinhua\/2024\/12\/02\/5a-reuniao-de-ministros-das-relacoes-exteriores-china-asia-central-e-realizada-em-chengdu\/"]}]},{"@type":"BreadcrumbList","@id":"https:\/\/diariodepe.com.br\/xinhua\/2024\/12\/02\/5a-reuniao-de-ministros-das-relacoes-exteriores-china-asia-central-e-realizada-em-chengdu\/#breadcrumb","itemListElement":[{"@type":"ListItem","position":1,"name":"In\u00edcio","item":"https:\/\/diariodepe.com.br\/xinhua\/"},{"@type":"ListItem","position":2,"name":"5\u00aa Reuni\u00e3o de Ministros das Rela\u00e7\u00f5es Exteriores China-\u00c1sia Central \u00e9 realizada em Chengdu"}]},{"@type":"WebSite","@id":"https:\/\/diariodepe.com.br\/xinhua\/#website","url":"https:\/\/diariodepe.com.br\/xinhua\/","name":"Xinhua - Diario de Pernambuco","description":"A maior ag\u00eancia de not\u00edcias da China e um dos principais canais para conhecer o pa\u00eds","publisher":{"@id":"https:\/\/diariodepe.com.br\/xinhua\/#organization"},"potentialAction":[{"@type":"SearchAction","target":{"@type":"EntryPoint","urlTemplate":"https:\/\/diariodepe.com.br\/xinhua\/?s={search_term_string}"},"query-input":{"@type":"PropertyValueSpecification","valueRequired":true,"valueName":"search_term_string"}}],"inLanguage":"pt-BR"},{"@type":"Organization","@id":"https:\/\/diariodepe.com.br\/xinhua\/#organization","name":"Xinhua - Diario de Pernambuco","url":"https:\/\/diariodepe.com.br\/xinhua\/","logo":{"@type":"ImageObject","inLanguage":"pt-BR","@id":"https:\/\/diariodepe.com.br\/xinhua\/#\/schema\/logo\/image\/","url":"https:\/\/diariodepe.com.br\/xinhua\/wp-content\/uploads\/sites\/3\/2020\/10\/cropped-logo-transparente-2.png","contentUrl":"https:\/\/diariodepe.com.br\/xinhua\/wp-content\/uploads\/sites\/3\/2020\/10\/cropped-logo-transparente-2.png","width":512,"height":164,"caption":"Xinhua - Diario de Pernambuco"},"image":{"@id":"https:\/\/diariodepe.com.br\/xinhua\/#\/schema\/logo\/image\/"}},{"@type":"Person","@id":"https:\/\/diariodepe.com.br\/xinhua\/#\/schema\/person\/0943d6fd02bdc7b49c8f495e8787a2cb","name":"Marcelo Oliveira de A. Maranhao","image":{"@type":"ImageObject","inLanguage":"pt-BR","@id":"https:\/\/secure.gravatar.com\/avatar\/f562caee940d39879c20e90eea3e4b21860c7d4c96684c23141c554824f0059c?s=96&d=mm&r=g","url":"https:\/\/secure.gravatar.com\/avatar\/f562caee940d39879c20e90eea3e4b21860c7d4c96684c23141c554824f0059c?s=96&d=mm&r=g","contentUrl":"https:\/\/secure.gravatar.com\/avatar\/f562caee940d39879c20e90eea3e4b21860c7d4c96684c23141c554824f0059c?s=96&d=mm&r=g","caption":"Marcelo Oliveira de A. Maranhao"},"url":"https:\/\/diariodepe.com.br\/xinhua\/author\/marcelo-maranhao\/"}]}},"cc_featured_image_caption":{"caption_text":"","source_text":"","source_url":""},"amp_enabled":true,"_links":{"self":[{"href":"https:\/\/diariodepe.com.br\/xinhua\/wp-json\/wp\/v2\/posts\/24193","targetHints":{"allow":["GET"]}}],"collection":[{"href":"https:\/\/diariodepe.com.br\/xinhua\/wp-json\/wp\/v2\/posts"}],"about":[{"href":"https:\/\/diariodepe.com.br\/xinhua\/wp-json\/wp\/v2\/types\/post"}],"author":[{"embeddable":true,"href":"https:\/\/diariodepe.com.br\/xinhua\/wp-json\/wp\/v2\/users\/3"}],"replies":[{"embeddable":true,"href":"https:\/\/diariodepe.com.br\/xinhua\/wp-json\/wp\/v2\/comments?post=24193"}],"version-history":[{"count":1,"href":"https:\/\/diariodepe.com.br\/xinhua\/wp-json\/wp\/v2\/posts\/24193\/revisions"}],"predecessor-version":[{"id":24194,"href":"https:\/\/diariodepe.com.br\/xinhua\/wp-json\/wp\/v2\/posts\/24193\/revisions\/24194"}],"wp:attachment":[{"href":"https:\/\/diariodepe.com.br\/xinhua\/wp-json\/wp\/v2\/media?parent=24193"}],"wp:term":[{"taxonomy":"category","embeddable":true,"href":"https:\/\/diariodepe.com.br\/xinhua\/wp-json\/wp\/v2\/categories?post=24193"},{"taxonomy":"post_tag","embeddable":true,"href":"https:\/\/diariodepe.com.br\/xinhua\/wp-json\/wp\/v2\/tags?post=24193"}],"curies":[{"name":"wp","href":"https:\/\/api.w.org\/{rel}","templated":true}]}}