{"id":24184,"date":"2024-12-02T13:55:00","date_gmt":"2024-12-02T16:55:00","guid":{"rendered":"https:\/\/www.diariodepe.com.br\/xinhua\/?p=24184"},"modified":"2024-12-02T07:57:43","modified_gmt":"2024-12-02T10:57:43","slug":"ministro-das-relacoes-exteriores-chines-reuniu-se-com-homologos-do-cazaquistao-tajiquistao-e-uzbequistao","status":"publish","type":"post","link":"https:\/\/diariodepe.com.br\/xinhua\/2024\/12\/02\/ministro-das-relacoes-exteriores-chines-reuniu-se-com-homologos-do-cazaquistao-tajiquistao-e-uzbequistao\/","title":{"rendered":"Ministro das Rela\u00e7\u00f5es Exteriores chin\u00eas reuniu-se com hom\u00f3logos do Cazaquist\u00e3o, Tajiquist\u00e3o e Uzbequist\u00e3o"},"content":{"rendered":"\n<p>Chengdu &#8211; O ministro das Rela\u00e7\u00f5es Exteriores da China, Wang Yi, reuniu-se com o vice-primeiro-ministro e ministro das Rela\u00e7\u00f5es Exteriores do Cazaquist\u00e3o, Murat Nurtleu, o ministro das Rela\u00e7\u00f5es Exteriores do Tajiquist\u00e3o, Sirojiddin Muhriddin, e o ministro das Rela\u00e7\u00f5es Exteriores do Uzbequist\u00e3o, Bakhtiyor Saidov, respectivamente, ap\u00f3s a quinta Reuni\u00e3o de Ministros das Rela\u00e7\u00f5es Exteriores China-\u00c1sia Central em Chengdu, no sudoeste da China, no domingo.<\/p>\n\n\n\n<p>Ao se reunir com Nurtleu, Wang, membro do Bir\u00f4 Pol\u00edtico do Comit\u00ea Central do Partido Comunista da China, disse que a China e o Cazaquist\u00e3o s\u00e3o vizinhos amig\u00e1veis \u200b\u200bpermanentes com proximidade geogr\u00e1fica, ideias compartilhadas e la\u00e7os estreitos entre os povos.<\/p>\n\n\n\n<p>O aprofundamento da coopera\u00e7\u00e3o de forma abrangente \u00e9 de acordo com os interesses comuns dos dois pa\u00edses e as expectativas comuns dos dois povos, disse Wang.<\/p>\n\n\n\n<p>Ele pediu aos dois lados que cumprissem os principais entendimentos comuns entre os l\u00edderes dos dois pa\u00edses, consolidassem a confian\u00e7a pol\u00edtica m\u00fatua, apoiem-se firmemente, promovessem conjuntamente a coopera\u00e7\u00e3o de alta qualidade do Cintur\u00e3o e Rota, progridam na constru\u00e7\u00e3o da comunidade China-Cazaquist\u00e3o com um futuro compartilhado e avancem em seus valiosos esfor\u00e7os de moderniza\u00e7\u00e3o.<\/p>\n\n\n\n<p>Nurtleu disse que o Cazaquist\u00e3o aprecia o apoio da China aos pa\u00edses da \u00c1sia Central na salvaguarda da soberania e independ\u00eancia nacional e considera a China um parceiro estrat\u00e9gico abrangente confi\u00e1vel e permanente e uma prioridade diplom\u00e1tica.<\/p>\n\n\n\n<p>Ele observou que o Cazaquist\u00e3o reafirmou sua ades\u00e3o ao princ\u00edpio de Uma S\u00f3 China e apoio firme \u00e0 China na prote\u00e7\u00e3o de seus interesses centrais em Taiwan e quest\u00f5es relacionadas a Xinjiang e Xizang.<\/p>\n\n\n\n<p>O Cazaquist\u00e3o est\u00e1 disposto a fortalecer a sinergia das estrat\u00e9gias de desenvolvimento com a China e implementar o importante consenso dos dois chefes de Estado com alta qualidade para inaugurar mais &#8220;30 anos dourados&#8221; de rela\u00e7\u00f5es bilaterais, disse ele.<\/p>\n\n\n\n<p>Ao se reunir com Muhriddin, Wang lembrou que, em julho deste ano, os dois chefes de Estado anunciaram conjuntamente a eleva\u00e7\u00e3o dos la\u00e7os bilaterais a uma parceria de coopera\u00e7\u00e3o estrat\u00e9gica abrangente na nova era, abrindo novas perspectivas para as rela\u00e7\u00f5es bilaterais.<\/p>\n\n\n\n<p>A China apoia o Tajiquist\u00e3o a seguir um caminho de desenvolvimento adequado \u00e0s suas condi\u00e7\u00f5es nacionais e se op\u00f5e a qualquer interfer\u00eancia de for\u00e7as externas nas quest\u00f5es internas do Tajiquist\u00e3o, disse Wang.<\/p>\n\n\n\n<p>Ele acrescentou que a China est\u00e1 pronta para trabalhar com o Tajiquist\u00e3o para acelerar os esfor\u00e7os de desenvolvimento e revitaliza\u00e7\u00e3o uns dos outros por meio de coopera\u00e7\u00e3o tang\u00edvel.<\/p>\n\n\n\n<p>Muhriddin disse que o Tajiquist\u00e3o valoriza a confian\u00e7a m\u00fatua de alto n\u00edvel entre os dois chefes de Estado, adere firmemente ao princ\u00edpio de Uma S\u00f3 China e nunca vacilar\u00e1 em seu compromisso. Ele acrescentou que o Tajiquist\u00e3o concorda plenamente e apoia uma s\u00e9rie de iniciativas internacionais pela China e est\u00e1 pronto para aprofundar a coopera\u00e7\u00e3o geral com a China.<\/p>\n\n\n\n<p>Durante sua reuni\u00e3o com Saidov, Wang enfatizou que o Uzbequist\u00e3o \u00e9 o primeiro parceiro estrat\u00e9gico abrangente da China em todos os momentos da nova era, o que destaca a natureza \u00fanica e estrat\u00e9gica das rela\u00e7\u00f5es China-Uzbequist\u00e3o.<\/p>\n\n\n\n<p>Wang disse que os dois lados devem trabalhar para alcan\u00e7ar resultados de alta qualidade em sua coopera\u00e7\u00e3o geral.<\/p>\n\n\n\n<p>Ele pediu que os dois lados expandissem e fortalecessem continuamente a coopera\u00e7\u00e3o em \u00e1reas-chave, promovessem a coopera\u00e7\u00e3o em setores emergentes, aprofundem a coopera\u00e7\u00e3o energ\u00e9tica e fortale\u00e7am a coopera\u00e7\u00e3o policial e de seguran\u00e7a no combate \u00e0s &#8220;tr\u00eas for\u00e7as&#8221; do terrorismo, separatismo e extremismo, bem como ao crime organizado transnacional.<\/p>\n\n\n\n<p>Saidov expressou a vontade de aprender ativamente com a experi\u00eancia bem sucedida da China, aprofundou a coopera\u00e7\u00e3o Cintur\u00e3o e Rota e a coopera\u00e7\u00e3o mutuamente ben\u00e9fica com a China e contribui\u00e7\u00f5es para a constru\u00e7\u00e3o da ferrovia China-Quirguist\u00e3o-Uzbequist\u00e3o.<\/p>\n\n\n\n<p>O Uzbequist\u00e3o recebe mais turistas chineses e est\u00e1 disposto a tomar novas medidas para facilitar o interc\u00e2mbio de pessoal entre os dois pa\u00edses, observou ele.<\/p>\n\n\n\n<p>Ap\u00f3s a reuni\u00e3o, a China e o Uzbequist\u00e3o discutiram um acordo sobre isen\u00e7\u00e3o monet\u00e1ria de vistos.<\/p>\n","protected":false},"excerpt":{"rendered":"<p>Chengdu &#8211; O ministro das Rela\u00e7\u00f5es Exteriores da China, Wang Yi, reuniu-se com o vice-primeiro-ministro e ministro das Rela\u00e7\u00f5es Exteriores do Cazaquist\u00e3o, Murat Nurtleu, o ministro das Rela\u00e7\u00f5es Exteriores do Tajiquist\u00e3o, Sirojiddin Muhriddin, e o ministro das Rela\u00e7\u00f5es Exteriores do&#8230;<\/p>\n","protected":false},"author":3,"featured_media":24185,"comment_status":"open","ping_status":"open","sticky":false,"template":"","format":"standard","meta":{"footnotes":""},"categories":[4],"tags":[],"class_list":["post-24184","post","type-post","status-publish","format-standard","has-post-thumbnail","hentry","category-internacional"],"yoast_head":"<!-- This site is optimized with the Yoast SEO plugin v27.4 - https:\/\/yoast.com\/product\/yoast-seo-wordpress\/ -->\n<title>Ministro das Rela\u00e7\u00f5es Exteriores chin\u00eas reuniu-se com hom\u00f3logos do Cazaquist\u00e3o, Tajiquist\u00e3o e Uzbequist\u00e3o - Xinhua - Diario de Pernambuco<\/title>\n<meta name=\"robots\" content=\"index, follow, max-snippet:-1, max-image-preview:large, max-video-preview:-1\" \/>\n<link rel=\"canonical\" href=\"https:\/\/diariodepe.com.br\/xinhua\/2024\/12\/02\/ministro-das-relacoes-exteriores-chines-reuniu-se-com-homologos-do-cazaquistao-tajiquistao-e-uzbequistao\/\" \/>\n<meta property=\"og:locale\" content=\"pt_BR\" \/>\n<meta property=\"og:type\" content=\"article\" \/>\n<meta property=\"og:title\" content=\"Ministro das Rela\u00e7\u00f5es Exteriores chin\u00eas reuniu-se com hom\u00f3logos do Cazaquist\u00e3o, Tajiquist\u00e3o e Uzbequist\u00e3o - Xinhua - Diario de Pernambuco\" \/>\n<meta property=\"og:description\" content=\"Chengdu &#8211; O ministro das Rela\u00e7\u00f5es Exteriores da China, Wang Yi, reuniu-se com o vice-primeiro-ministro e ministro das Rela\u00e7\u00f5es Exteriores do Cazaquist\u00e3o, Murat Nurtleu, o ministro das Rela\u00e7\u00f5es Exteriores do Tajiquist\u00e3o, Sirojiddin Muhriddin, e o ministro das Rela\u00e7\u00f5es Exteriores do...\" \/>\n<meta property=\"og:url\" content=\"https:\/\/diariodepe.com.br\/xinhua\/2024\/12\/02\/ministro-das-relacoes-exteriores-chines-reuniu-se-com-homologos-do-cazaquistao-tajiquistao-e-uzbequistao\/\" \/>\n<meta property=\"og:site_name\" content=\"Xinhua - Diario de Pernambuco\" \/>\n<meta property=\"article:published_time\" content=\"2024-12-02T16:55:00+00:00\" \/>\n<meta property=\"og:image\" content=\"https:\/\/diariodepe.com.br\/xinhua\/wp-content\/uploads\/sites\/3\/2024\/12\/pBtp359XgmmIeUTY.jpeg\" \/>\n\t<meta property=\"og:image:width\" content=\"1024\" \/>\n\t<meta property=\"og:image:height\" content=\"746\" \/>\n\t<meta property=\"og:image:type\" content=\"image\/jpeg\" \/>\n<meta name=\"author\" content=\"Marcelo Oliveira de A. Maranhao\" \/>\n<meta name=\"twitter:card\" content=\"summary_large_image\" \/>\n<meta name=\"twitter:label1\" content=\"Escrito por\" \/>\n\t<meta name=\"twitter:data1\" content=\"Marcelo Oliveira de A. Maranhao\" \/>\n\t<meta name=\"twitter:label2\" content=\"Est. tempo de leitura\" \/>\n\t<meta name=\"twitter:data2\" content=\"4 minutos\" \/>\n<script type=\"application\/ld+json\" class=\"yoast-schema-graph\">{\"@context\":\"https:\\\/\\\/schema.org\",\"@graph\":[{\"@type\":\"Article\",\"@id\":\"https:\\\/\\\/diariodepe.com.br\\\/xinhua\\\/2024\\\/12\\\/02\\\/ministro-das-relacoes-exteriores-chines-reuniu-se-com-homologos-do-cazaquistao-tajiquistao-e-uzbequistao\\\/#article\",\"isPartOf\":{\"@id\":\"https:\\\/\\\/diariodepe.com.br\\\/xinhua\\\/2024\\\/12\\\/02\\\/ministro-das-relacoes-exteriores-chines-reuniu-se-com-homologos-do-cazaquistao-tajiquistao-e-uzbequistao\\\/\"},\"author\":{\"name\":\"Marcelo Oliveira de A. Maranhao\",\"@id\":\"https:\\\/\\\/diariodepe.com.br\\\/xinhua\\\/#\\\/schema\\\/person\\\/0943d6fd02bdc7b49c8f495e8787a2cb\"},\"headline\":\"Ministro das Rela\u00e7\u00f5es Exteriores chin\u00eas reuniu-se com hom\u00f3logos do Cazaquist\u00e3o, Tajiquist\u00e3o e Uzbequist\u00e3o\",\"datePublished\":\"2024-12-02T16:55:00+00:00\",\"mainEntityOfPage\":{\"@id\":\"https:\\\/\\\/diariodepe.com.br\\\/xinhua\\\/2024\\\/12\\\/02\\\/ministro-das-relacoes-exteriores-chines-reuniu-se-com-homologos-do-cazaquistao-tajiquistao-e-uzbequistao\\\/\"},\"wordCount\":749,\"commentCount\":0,\"publisher\":{\"@id\":\"https:\\\/\\\/diariodepe.com.br\\\/xinhua\\\/#organization\"},\"image\":{\"@id\":\"https:\\\/\\\/diariodepe.com.br\\\/xinhua\\\/2024\\\/12\\\/02\\\/ministro-das-relacoes-exteriores-chines-reuniu-se-com-homologos-do-cazaquistao-tajiquistao-e-uzbequistao\\\/#primaryimage\"},\"thumbnailUrl\":\"https:\\\/\\\/diariodepe.com.br\\\/xinhua\\\/wp-content\\\/uploads\\\/sites\\\/3\\\/2024\\\/12\\\/pBtp359XgmmIeUTY.jpeg\",\"articleSection\":[\"Internacional\"],\"inLanguage\":\"pt-BR\",\"potentialAction\":[{\"@type\":\"CommentAction\",\"name\":\"Comment\",\"target\":[\"https:\\\/\\\/diariodepe.com.br\\\/xinhua\\\/2024\\\/12\\\/02\\\/ministro-das-relacoes-exteriores-chines-reuniu-se-com-homologos-do-cazaquistao-tajiquistao-e-uzbequistao\\\/#respond\"]}]},{\"@type\":\"WebPage\",\"@id\":\"https:\\\/\\\/diariodepe.com.br\\\/xinhua\\\/2024\\\/12\\\/02\\\/ministro-das-relacoes-exteriores-chines-reuniu-se-com-homologos-do-cazaquistao-tajiquistao-e-uzbequistao\\\/\",\"url\":\"https:\\\/\\\/diariodepe.com.br\\\/xinhua\\\/2024\\\/12\\\/02\\\/ministro-das-relacoes-exteriores-chines-reuniu-se-com-homologos-do-cazaquistao-tajiquistao-e-uzbequistao\\\/\",\"name\":\"Ministro das Rela\u00e7\u00f5es Exteriores chin\u00eas reuniu-se com hom\u00f3logos do Cazaquist\u00e3o, Tajiquist\u00e3o e Uzbequist\u00e3o - Xinhua - Diario de Pernambuco\",\"isPartOf\":{\"@id\":\"https:\\\/\\\/diariodepe.com.br\\\/xinhua\\\/#website\"},\"primaryImageOfPage\":{\"@id\":\"https:\\\/\\\/diariodepe.com.br\\\/xinhua\\\/2024\\\/12\\\/02\\\/ministro-das-relacoes-exteriores-chines-reuniu-se-com-homologos-do-cazaquistao-tajiquistao-e-uzbequistao\\\/#primaryimage\"},\"image\":{\"@id\":\"https:\\\/\\\/diariodepe.com.br\\\/xinhua\\\/2024\\\/12\\\/02\\\/ministro-das-relacoes-exteriores-chines-reuniu-se-com-homologos-do-cazaquistao-tajiquistao-e-uzbequistao\\\/#primaryimage\"},\"thumbnailUrl\":\"https:\\\/\\\/diariodepe.com.br\\\/xinhua\\\/wp-content\\\/uploads\\\/sites\\\/3\\\/2024\\\/12\\\/pBtp359XgmmIeUTY.jpeg\",\"datePublished\":\"2024-12-02T16:55:00+00:00\",\"breadcrumb\":{\"@id\":\"https:\\\/\\\/diariodepe.com.br\\\/xinhua\\\/2024\\\/12\\\/02\\\/ministro-das-relacoes-exteriores-chines-reuniu-se-com-homologos-do-cazaquistao-tajiquistao-e-uzbequistao\\\/#breadcrumb\"},\"inLanguage\":\"pt-BR\",\"potentialAction\":[{\"@type\":\"ReadAction\",\"target\":[\"https:\\\/\\\/diariodepe.com.br\\\/xinhua\\\/2024\\\/12\\\/02\\\/ministro-das-relacoes-exteriores-chines-reuniu-se-com-homologos-do-cazaquistao-tajiquistao-e-uzbequistao\\\/\"]}]},{\"@type\":\"ImageObject\",\"inLanguage\":\"pt-BR\",\"@id\":\"https:\\\/\\\/diariodepe.com.br\\\/xinhua\\\/2024\\\/12\\\/02\\\/ministro-das-relacoes-exteriores-chines-reuniu-se-com-homologos-do-cazaquistao-tajiquistao-e-uzbequistao\\\/#primaryimage\",\"url\":\"https:\\\/\\\/diariodepe.com.br\\\/xinhua\\\/wp-content\\\/uploads\\\/sites\\\/3\\\/2024\\\/12\\\/pBtp359XgmmIeUTY.jpeg\",\"contentUrl\":\"https:\\\/\\\/diariodepe.com.br\\\/xinhua\\\/wp-content\\\/uploads\\\/sites\\\/3\\\/2024\\\/12\\\/pBtp359XgmmIeUTY.jpeg\",\"width\":1024,\"height\":746},{\"@type\":\"BreadcrumbList\",\"@id\":\"https:\\\/\\\/diariodepe.com.br\\\/xinhua\\\/2024\\\/12\\\/02\\\/ministro-das-relacoes-exteriores-chines-reuniu-se-com-homologos-do-cazaquistao-tajiquistao-e-uzbequistao\\\/#breadcrumb\",\"itemListElement\":[{\"@type\":\"ListItem\",\"position\":1,\"name\":\"In\u00edcio\",\"item\":\"https:\\\/\\\/diariodepe.com.br\\\/xinhua\\\/\"},{\"@type\":\"ListItem\",\"position\":2,\"name\":\"Ministro das Rela\u00e7\u00f5es Exteriores chin\u00eas reuniu-se com hom\u00f3logos do Cazaquist\u00e3o, Tajiquist\u00e3o e Uzbequist\u00e3o\"}]},{\"@type\":\"WebSite\",\"@id\":\"https:\\\/\\\/diariodepe.com.br\\\/xinhua\\\/#website\",\"url\":\"https:\\\/\\\/diariodepe.com.br\\\/xinhua\\\/\",\"name\":\"Xinhua - Diario de Pernambuco\",\"description\":\"A maior ag\u00eancia de not\u00edcias da China e um dos principais canais para conhecer o pa\u00eds\",\"publisher\":{\"@id\":\"https:\\\/\\\/diariodepe.com.br\\\/xinhua\\\/#organization\"},\"potentialAction\":[{\"@type\":\"SearchAction\",\"target\":{\"@type\":\"EntryPoint\",\"urlTemplate\":\"https:\\\/\\\/diariodepe.com.br\\\/xinhua\\\/?s={search_term_string}\"},\"query-input\":{\"@type\":\"PropertyValueSpecification\",\"valueRequired\":true,\"valueName\":\"search_term_string\"}}],\"inLanguage\":\"pt-BR\"},{\"@type\":\"Organization\",\"@id\":\"https:\\\/\\\/diariodepe.com.br\\\/xinhua\\\/#organization\",\"name\":\"Xinhua - Diario de Pernambuco\",\"url\":\"https:\\\/\\\/diariodepe.com.br\\\/xinhua\\\/\",\"logo\":{\"@type\":\"ImageObject\",\"inLanguage\":\"pt-BR\",\"@id\":\"https:\\\/\\\/diariodepe.com.br\\\/xinhua\\\/#\\\/schema\\\/logo\\\/image\\\/\",\"url\":\"https:\\\/\\\/diariodepe.com.br\\\/xinhua\\\/wp-content\\\/uploads\\\/sites\\\/3\\\/2020\\\/10\\\/cropped-logo-transparente-2.png\",\"contentUrl\":\"https:\\\/\\\/diariodepe.com.br\\\/xinhua\\\/wp-content\\\/uploads\\\/sites\\\/3\\\/2020\\\/10\\\/cropped-logo-transparente-2.png\",\"width\":512,\"height\":164,\"caption\":\"Xinhua - Diario de Pernambuco\"},\"image\":{\"@id\":\"https:\\\/\\\/diariodepe.com.br\\\/xinhua\\\/#\\\/schema\\\/logo\\\/image\\\/\"}},{\"@type\":\"Person\",\"@id\":\"https:\\\/\\\/diariodepe.com.br\\\/xinhua\\\/#\\\/schema\\\/person\\\/0943d6fd02bdc7b49c8f495e8787a2cb\",\"name\":\"Marcelo Oliveira de A. Maranhao\",\"image\":{\"@type\":\"ImageObject\",\"inLanguage\":\"pt-BR\",\"@id\":\"https:\\\/\\\/secure.gravatar.com\\\/avatar\\\/f562caee940d39879c20e90eea3e4b21860c7d4c96684c23141c554824f0059c?s=96&d=mm&r=g\",\"url\":\"https:\\\/\\\/secure.gravatar.com\\\/avatar\\\/f562caee940d39879c20e90eea3e4b21860c7d4c96684c23141c554824f0059c?s=96&d=mm&r=g\",\"contentUrl\":\"https:\\\/\\\/secure.gravatar.com\\\/avatar\\\/f562caee940d39879c20e90eea3e4b21860c7d4c96684c23141c554824f0059c?s=96&d=mm&r=g\",\"caption\":\"Marcelo Oliveira de A. Maranhao\"},\"url\":\"https:\\\/\\\/diariodepe.com.br\\\/xinhua\\\/author\\\/marcelo-maranhao\\\/\"}]}<\/script>\n<!-- \/ Yoast SEO plugin. -->","yoast_head_json":{"title":"Ministro das Rela\u00e7\u00f5es Exteriores chin\u00eas reuniu-se com hom\u00f3logos do Cazaquist\u00e3o, Tajiquist\u00e3o e Uzbequist\u00e3o - Xinhua - Diario de Pernambuco","robots":{"index":"index","follow":"follow","max-snippet":"max-snippet:-1","max-image-preview":"max-image-preview:large","max-video-preview":"max-video-preview:-1"},"canonical":"https:\/\/diariodepe.com.br\/xinhua\/2024\/12\/02\/ministro-das-relacoes-exteriores-chines-reuniu-se-com-homologos-do-cazaquistao-tajiquistao-e-uzbequistao\/","og_locale":"pt_BR","og_type":"article","og_title":"Ministro das Rela\u00e7\u00f5es Exteriores chin\u00eas reuniu-se com hom\u00f3logos do Cazaquist\u00e3o, Tajiquist\u00e3o e Uzbequist\u00e3o - Xinhua - Diario de Pernambuco","og_description":"Chengdu &#8211; O ministro das Rela\u00e7\u00f5es Exteriores da China, Wang Yi, reuniu-se com o vice-primeiro-ministro e ministro das Rela\u00e7\u00f5es Exteriores do Cazaquist\u00e3o, Murat Nurtleu, o ministro das Rela\u00e7\u00f5es Exteriores do Tajiquist\u00e3o, Sirojiddin Muhriddin, e o ministro das Rela\u00e7\u00f5es Exteriores do...","og_url":"https:\/\/diariodepe.com.br\/xinhua\/2024\/12\/02\/ministro-das-relacoes-exteriores-chines-reuniu-se-com-homologos-do-cazaquistao-tajiquistao-e-uzbequistao\/","og_site_name":"Xinhua - Diario de Pernambuco","article_published_time":"2024-12-02T16:55:00+00:00","og_image":[{"width":1024,"height":746,"url":"https:\/\/diariodepe.com.br\/xinhua\/wp-content\/uploads\/sites\/3\/2024\/12\/pBtp359XgmmIeUTY.jpeg","type":"image\/jpeg"}],"author":"Marcelo Oliveira de A. Maranhao","twitter_card":"summary_large_image","twitter_misc":{"Escrito por":"Marcelo Oliveira de A. Maranhao","Est. tempo de leitura":"4 minutos"},"schema":{"@context":"https:\/\/schema.org","@graph":[{"@type":"Article","@id":"https:\/\/diariodepe.com.br\/xinhua\/2024\/12\/02\/ministro-das-relacoes-exteriores-chines-reuniu-se-com-homologos-do-cazaquistao-tajiquistao-e-uzbequistao\/#article","isPartOf":{"@id":"https:\/\/diariodepe.com.br\/xinhua\/2024\/12\/02\/ministro-das-relacoes-exteriores-chines-reuniu-se-com-homologos-do-cazaquistao-tajiquistao-e-uzbequistao\/"},"author":{"name":"Marcelo Oliveira de A. Maranhao","@id":"https:\/\/diariodepe.com.br\/xinhua\/#\/schema\/person\/0943d6fd02bdc7b49c8f495e8787a2cb"},"headline":"Ministro das Rela\u00e7\u00f5es Exteriores chin\u00eas reuniu-se com hom\u00f3logos do Cazaquist\u00e3o, Tajiquist\u00e3o e Uzbequist\u00e3o","datePublished":"2024-12-02T16:55:00+00:00","mainEntityOfPage":{"@id":"https:\/\/diariodepe.com.br\/xinhua\/2024\/12\/02\/ministro-das-relacoes-exteriores-chines-reuniu-se-com-homologos-do-cazaquistao-tajiquistao-e-uzbequistao\/"},"wordCount":749,"commentCount":0,"publisher":{"@id":"https:\/\/diariodepe.com.br\/xinhua\/#organization"},"image":{"@id":"https:\/\/diariodepe.com.br\/xinhua\/2024\/12\/02\/ministro-das-relacoes-exteriores-chines-reuniu-se-com-homologos-do-cazaquistao-tajiquistao-e-uzbequistao\/#primaryimage"},"thumbnailUrl":"https:\/\/diariodepe.com.br\/xinhua\/wp-content\/uploads\/sites\/3\/2024\/12\/pBtp359XgmmIeUTY.jpeg","articleSection":["Internacional"],"inLanguage":"pt-BR","potentialAction":[{"@type":"CommentAction","name":"Comment","target":["https:\/\/diariodepe.com.br\/xinhua\/2024\/12\/02\/ministro-das-relacoes-exteriores-chines-reuniu-se-com-homologos-do-cazaquistao-tajiquistao-e-uzbequistao\/#respond"]}]},{"@type":"WebPage","@id":"https:\/\/diariodepe.com.br\/xinhua\/2024\/12\/02\/ministro-das-relacoes-exteriores-chines-reuniu-se-com-homologos-do-cazaquistao-tajiquistao-e-uzbequistao\/","url":"https:\/\/diariodepe.com.br\/xinhua\/2024\/12\/02\/ministro-das-relacoes-exteriores-chines-reuniu-se-com-homologos-do-cazaquistao-tajiquistao-e-uzbequistao\/","name":"Ministro das Rela\u00e7\u00f5es Exteriores chin\u00eas reuniu-se com hom\u00f3logos do Cazaquist\u00e3o, Tajiquist\u00e3o e Uzbequist\u00e3o - Xinhua - Diario de Pernambuco","isPartOf":{"@id":"https:\/\/diariodepe.com.br\/xinhua\/#website"},"primaryImageOfPage":{"@id":"https:\/\/diariodepe.com.br\/xinhua\/2024\/12\/02\/ministro-das-relacoes-exteriores-chines-reuniu-se-com-homologos-do-cazaquistao-tajiquistao-e-uzbequistao\/#primaryimage"},"image":{"@id":"https:\/\/diariodepe.com.br\/xinhua\/2024\/12\/02\/ministro-das-relacoes-exteriores-chines-reuniu-se-com-homologos-do-cazaquistao-tajiquistao-e-uzbequistao\/#primaryimage"},"thumbnailUrl":"https:\/\/diariodepe.com.br\/xinhua\/wp-content\/uploads\/sites\/3\/2024\/12\/pBtp359XgmmIeUTY.jpeg","datePublished":"2024-12-02T16:55:00+00:00","breadcrumb":{"@id":"https:\/\/diariodepe.com.br\/xinhua\/2024\/12\/02\/ministro-das-relacoes-exteriores-chines-reuniu-se-com-homologos-do-cazaquistao-tajiquistao-e-uzbequistao\/#breadcrumb"},"inLanguage":"pt-BR","potentialAction":[{"@type":"ReadAction","target":["https:\/\/diariodepe.com.br\/xinhua\/2024\/12\/02\/ministro-das-relacoes-exteriores-chines-reuniu-se-com-homologos-do-cazaquistao-tajiquistao-e-uzbequistao\/"]}]},{"@type":"ImageObject","inLanguage":"pt-BR","@id":"https:\/\/diariodepe.com.br\/xinhua\/2024\/12\/02\/ministro-das-relacoes-exteriores-chines-reuniu-se-com-homologos-do-cazaquistao-tajiquistao-e-uzbequistao\/#primaryimage","url":"https:\/\/diariodepe.com.br\/xinhua\/wp-content\/uploads\/sites\/3\/2024\/12\/pBtp359XgmmIeUTY.jpeg","contentUrl":"https:\/\/diariodepe.com.br\/xinhua\/wp-content\/uploads\/sites\/3\/2024\/12\/pBtp359XgmmIeUTY.jpeg","width":1024,"height":746},{"@type":"BreadcrumbList","@id":"https:\/\/diariodepe.com.br\/xinhua\/2024\/12\/02\/ministro-das-relacoes-exteriores-chines-reuniu-se-com-homologos-do-cazaquistao-tajiquistao-e-uzbequistao\/#breadcrumb","itemListElement":[{"@type":"ListItem","position":1,"name":"In\u00edcio","item":"https:\/\/diariodepe.com.br\/xinhua\/"},{"@type":"ListItem","position":2,"name":"Ministro das Rela\u00e7\u00f5es Exteriores chin\u00eas reuniu-se com hom\u00f3logos do Cazaquist\u00e3o, Tajiquist\u00e3o e Uzbequist\u00e3o"}]},{"@type":"WebSite","@id":"https:\/\/diariodepe.com.br\/xinhua\/#website","url":"https:\/\/diariodepe.com.br\/xinhua\/","name":"Xinhua - Diario de Pernambuco","description":"A maior ag\u00eancia de not\u00edcias da China e um dos principais canais para conhecer o pa\u00eds","publisher":{"@id":"https:\/\/diariodepe.com.br\/xinhua\/#organization"},"potentialAction":[{"@type":"SearchAction","target":{"@type":"EntryPoint","urlTemplate":"https:\/\/diariodepe.com.br\/xinhua\/?s={search_term_string}"},"query-input":{"@type":"PropertyValueSpecification","valueRequired":true,"valueName":"search_term_string"}}],"inLanguage":"pt-BR"},{"@type":"Organization","@id":"https:\/\/diariodepe.com.br\/xinhua\/#organization","name":"Xinhua - Diario de Pernambuco","url":"https:\/\/diariodepe.com.br\/xinhua\/","logo":{"@type":"ImageObject","inLanguage":"pt-BR","@id":"https:\/\/diariodepe.com.br\/xinhua\/#\/schema\/logo\/image\/","url":"https:\/\/diariodepe.com.br\/xinhua\/wp-content\/uploads\/sites\/3\/2020\/10\/cropped-logo-transparente-2.png","contentUrl":"https:\/\/diariodepe.com.br\/xinhua\/wp-content\/uploads\/sites\/3\/2020\/10\/cropped-logo-transparente-2.png","width":512,"height":164,"caption":"Xinhua - Diario de Pernambuco"},"image":{"@id":"https:\/\/diariodepe.com.br\/xinhua\/#\/schema\/logo\/image\/"}},{"@type":"Person","@id":"https:\/\/diariodepe.com.br\/xinhua\/#\/schema\/person\/0943d6fd02bdc7b49c8f495e8787a2cb","name":"Marcelo Oliveira de A. Maranhao","image":{"@type":"ImageObject","inLanguage":"pt-BR","@id":"https:\/\/secure.gravatar.com\/avatar\/f562caee940d39879c20e90eea3e4b21860c7d4c96684c23141c554824f0059c?s=96&d=mm&r=g","url":"https:\/\/secure.gravatar.com\/avatar\/f562caee940d39879c20e90eea3e4b21860c7d4c96684c23141c554824f0059c?s=96&d=mm&r=g","contentUrl":"https:\/\/secure.gravatar.com\/avatar\/f562caee940d39879c20e90eea3e4b21860c7d4c96684c23141c554824f0059c?s=96&d=mm&r=g","caption":"Marcelo Oliveira de A. Maranhao"},"url":"https:\/\/diariodepe.com.br\/xinhua\/author\/marcelo-maranhao\/"}]}},"cc_featured_image_caption":{"caption_text":"","source_text":"","source_url":""},"amp_enabled":true,"_links":{"self":[{"href":"https:\/\/diariodepe.com.br\/xinhua\/wp-json\/wp\/v2\/posts\/24184","targetHints":{"allow":["GET"]}}],"collection":[{"href":"https:\/\/diariodepe.com.br\/xinhua\/wp-json\/wp\/v2\/posts"}],"about":[{"href":"https:\/\/diariodepe.com.br\/xinhua\/wp-json\/wp\/v2\/types\/post"}],"author":[{"embeddable":true,"href":"https:\/\/diariodepe.com.br\/xinhua\/wp-json\/wp\/v2\/users\/3"}],"replies":[{"embeddable":true,"href":"https:\/\/diariodepe.com.br\/xinhua\/wp-json\/wp\/v2\/comments?post=24184"}],"version-history":[{"count":1,"href":"https:\/\/diariodepe.com.br\/xinhua\/wp-json\/wp\/v2\/posts\/24184\/revisions"}],"predecessor-version":[{"id":24186,"href":"https:\/\/diariodepe.com.br\/xinhua\/wp-json\/wp\/v2\/posts\/24184\/revisions\/24186"}],"wp:featuredmedia":[{"embeddable":true,"href":"https:\/\/diariodepe.com.br\/xinhua\/wp-json\/wp\/v2\/media\/24185"}],"wp:attachment":[{"href":"https:\/\/diariodepe.com.br\/xinhua\/wp-json\/wp\/v2\/media?parent=24184"}],"wp:term":[{"taxonomy":"category","embeddable":true,"href":"https:\/\/diariodepe.com.br\/xinhua\/wp-json\/wp\/v2\/categories?post=24184"},{"taxonomy":"post_tag","embeddable":true,"href":"https:\/\/diariodepe.com.br\/xinhua\/wp-json\/wp\/v2\/tags?post=24184"}],"curies":[{"name":"wp","href":"https:\/\/api.w.org\/{rel}","templated":true}]}}