{"id":24156,"date":"2024-11-29T17:17:00","date_gmt":"2024-11-29T20:17:00","guid":{"rendered":"https:\/\/www.diariodepe.com.br\/xinhua\/?p=24156"},"modified":"2024-11-29T12:38:49","modified_gmt":"2024-11-29T15:38:49","slug":"ministro-das-relacoes-exteriores-chines-se-encontra-com-vice-primeiro-ministro-cambojano","status":"publish","type":"post","link":"https:\/\/diariodepe.com.br\/xinhua\/2024\/11\/29\/ministro-das-relacoes-exteriores-chines-se-encontra-com-vice-primeiro-ministro-cambojano\/","title":{"rendered":"Ministro das Rela\u00e7\u00f5es Exteriores Chin\u00eas se encontra com vice-primeiro-ministro cambojano"},"content":{"rendered":"\n<p>Beijing &#8211; O ministro das Rela\u00e7\u00f5es Exteriores da China, Wang Yi, reuniu-se na quinta-feira com Prak Sokhonn, vice-primeiro-ministro e ministro das Rela\u00e7\u00f5es Exteriores do Camboja e presidente da Comiss\u00e3o de Rela\u00e7\u00f5es Exteriores do Comit\u00ea Central do Partido Popular do Camboja.<\/p>\n\n\n\n<p>Wang, tamb\u00e9m membro do Bir\u00f4 Pol\u00edtico do Comit\u00ea Central do Partido Comunista da China, disse que a amizade entre a China e o Camboja resistiu ao teste das mudan\u00e7as internacionais e, sob a orienta\u00e7\u00e3o estrat\u00e9gica dos l\u00edderes de ambos os pa\u00edses, a amizade inabal\u00e1vel entre os dois pa\u00edses entraram em um novo est\u00e1gio.<\/p>\n\n\n\n<p>Wang disse que a China est\u00e1 disposta a manter interc\u00e2mbios estreitos de alto n\u00edvel com o Camboja, promover a constru\u00e7\u00e3o de uma comunidade China-Camboja com um futuro compartilhado na nova era, melhorar a estrat\u00e9gia estrat\u00e9gica de alto n\u00edvel para enfrentar riscos e desafios, salvaguardar os direitos e interesses leg\u00edtimos de ambos os pa\u00edses e promover a paz e a estabilidade regional.<\/p>\n\n\n\n<p>Prak Sokhonn disse que o Camboja est\u00e1 firmemente comprometido com uma pol\u00edtica amig\u00e1vel em rela\u00e7\u00e3o \u00e0 China e est\u00e1 disposto a intensificar a confian\u00e7a pol\u00edtica m\u00fatua, promover a coopera\u00e7\u00e3o pr\u00e1tica, fortalecer a coopera\u00e7\u00e3o diplom\u00e1tica e elevar continuamente a amizade Camboja-China a novos patamares.&nbsp;<\/p>\n","protected":false},"excerpt":{"rendered":"<p>Beijing &#8211; O ministro das Rela\u00e7\u00f5es Exteriores da China, Wang Yi, reuniu-se na quinta-feira com Prak Sokhonn, vice-primeiro-ministro e ministro das Rela\u00e7\u00f5es Exteriores do Camboja e presidente da Comiss\u00e3o de Rela\u00e7\u00f5es Exteriores do Comit\u00ea Central do Partido Popular do Camboja&#8230;.<\/p>\n","protected":false},"author":3,"featured_media":24157,"comment_status":"open","ping_status":"open","sticky":false,"template":"","format":"standard","meta":{"footnotes":""},"categories":[4],"tags":[],"class_list":["post-24156","post","type-post","status-publish","format-standard","has-post-thumbnail","hentry","category-internacional"],"yoast_head":"<!-- This site is optimized with the Yoast SEO plugin v27.4 - https:\/\/yoast.com\/product\/yoast-seo-wordpress\/ -->\n<title>Ministro das Rela\u00e7\u00f5es Exteriores Chin\u00eas se encontra com vice-primeiro-ministro cambojano - Xinhua - Diario de Pernambuco<\/title>\n<meta name=\"robots\" content=\"index, follow, max-snippet:-1, max-image-preview:large, max-video-preview:-1\" \/>\n<link rel=\"canonical\" href=\"https:\/\/diariodepe.com.br\/xinhua\/2024\/11\/29\/ministro-das-relacoes-exteriores-chines-se-encontra-com-vice-primeiro-ministro-cambojano\/\" \/>\n<meta property=\"og:locale\" content=\"pt_BR\" \/>\n<meta property=\"og:type\" content=\"article\" \/>\n<meta property=\"og:title\" content=\"Ministro das Rela\u00e7\u00f5es Exteriores Chin\u00eas se encontra com vice-primeiro-ministro cambojano - Xinhua - Diario de Pernambuco\" \/>\n<meta property=\"og:description\" content=\"Beijing &#8211; O ministro das Rela\u00e7\u00f5es Exteriores da China, Wang Yi, reuniu-se na quinta-feira com Prak Sokhonn, vice-primeiro-ministro e ministro das Rela\u00e7\u00f5es Exteriores do Camboja e presidente da Comiss\u00e3o de Rela\u00e7\u00f5es Exteriores do Comit\u00ea Central do Partido Popular do Camboja....\" \/>\n<meta property=\"og:url\" content=\"https:\/\/diariodepe.com.br\/xinhua\/2024\/11\/29\/ministro-das-relacoes-exteriores-chines-se-encontra-com-vice-primeiro-ministro-cambojano\/\" \/>\n<meta property=\"og:site_name\" content=\"Xinhua - Diario de Pernambuco\" \/>\n<meta property=\"article:published_time\" content=\"2024-11-29T20:17:00+00:00\" \/>\n<meta property=\"og:image\" content=\"https:\/\/diariodepe.com.br\/xinhua\/wp-content\/uploads\/sites\/3\/2024\/11\/ExjCuPNUw4EzwVCG.jpeg\" \/>\n\t<meta property=\"og:image:width\" content=\"1024\" \/>\n\t<meta property=\"og:image:height\" content=\"782\" \/>\n\t<meta property=\"og:image:type\" content=\"image\/jpeg\" \/>\n<meta name=\"author\" content=\"Marcelo Oliveira de A. Maranhao\" \/>\n<meta name=\"twitter:card\" content=\"summary_large_image\" \/>\n<meta name=\"twitter:label1\" content=\"Escrito por\" \/>\n\t<meta name=\"twitter:data1\" content=\"Marcelo Oliveira de A. Maranhao\" \/>\n\t<meta name=\"twitter:label2\" content=\"Est. tempo de leitura\" \/>\n\t<meta name=\"twitter:data2\" content=\"2 minutos\" \/>\n<script type=\"application\/ld+json\" class=\"yoast-schema-graph\">{\"@context\":\"https:\\\/\\\/schema.org\",\"@graph\":[{\"@type\":\"Article\",\"@id\":\"https:\\\/\\\/diariodepe.com.br\\\/xinhua\\\/2024\\\/11\\\/29\\\/ministro-das-relacoes-exteriores-chines-se-encontra-com-vice-primeiro-ministro-cambojano\\\/#article\",\"isPartOf\":{\"@id\":\"https:\\\/\\\/diariodepe.com.br\\\/xinhua\\\/2024\\\/11\\\/29\\\/ministro-das-relacoes-exteriores-chines-se-encontra-com-vice-primeiro-ministro-cambojano\\\/\"},\"author\":{\"name\":\"Marcelo Oliveira de A. Maranhao\",\"@id\":\"https:\\\/\\\/diariodepe.com.br\\\/xinhua\\\/#\\\/schema\\\/person\\\/0943d6fd02bdc7b49c8f495e8787a2cb\"},\"headline\":\"Ministro das Rela\u00e7\u00f5es Exteriores Chin\u00eas se encontra com vice-primeiro-ministro cambojano\",\"datePublished\":\"2024-11-29T20:17:00+00:00\",\"mainEntityOfPage\":{\"@id\":\"https:\\\/\\\/diariodepe.com.br\\\/xinhua\\\/2024\\\/11\\\/29\\\/ministro-das-relacoes-exteriores-chines-se-encontra-com-vice-primeiro-ministro-cambojano\\\/\"},\"wordCount\":241,\"commentCount\":0,\"publisher\":{\"@id\":\"https:\\\/\\\/diariodepe.com.br\\\/xinhua\\\/#organization\"},\"image\":{\"@id\":\"https:\\\/\\\/diariodepe.com.br\\\/xinhua\\\/2024\\\/11\\\/29\\\/ministro-das-relacoes-exteriores-chines-se-encontra-com-vice-primeiro-ministro-cambojano\\\/#primaryimage\"},\"thumbnailUrl\":\"https:\\\/\\\/diariodepe.com.br\\\/xinhua\\\/wp-content\\\/uploads\\\/sites\\\/3\\\/2024\\\/11\\\/ExjCuPNUw4EzwVCG.jpeg\",\"articleSection\":[\"Internacional\"],\"inLanguage\":\"pt-BR\",\"potentialAction\":[{\"@type\":\"CommentAction\",\"name\":\"Comment\",\"target\":[\"https:\\\/\\\/diariodepe.com.br\\\/xinhua\\\/2024\\\/11\\\/29\\\/ministro-das-relacoes-exteriores-chines-se-encontra-com-vice-primeiro-ministro-cambojano\\\/#respond\"]}]},{\"@type\":\"WebPage\",\"@id\":\"https:\\\/\\\/diariodepe.com.br\\\/xinhua\\\/2024\\\/11\\\/29\\\/ministro-das-relacoes-exteriores-chines-se-encontra-com-vice-primeiro-ministro-cambojano\\\/\",\"url\":\"https:\\\/\\\/diariodepe.com.br\\\/xinhua\\\/2024\\\/11\\\/29\\\/ministro-das-relacoes-exteriores-chines-se-encontra-com-vice-primeiro-ministro-cambojano\\\/\",\"name\":\"Ministro das Rela\u00e7\u00f5es Exteriores Chin\u00eas se encontra com vice-primeiro-ministro cambojano - Xinhua - Diario de Pernambuco\",\"isPartOf\":{\"@id\":\"https:\\\/\\\/diariodepe.com.br\\\/xinhua\\\/#website\"},\"primaryImageOfPage\":{\"@id\":\"https:\\\/\\\/diariodepe.com.br\\\/xinhua\\\/2024\\\/11\\\/29\\\/ministro-das-relacoes-exteriores-chines-se-encontra-com-vice-primeiro-ministro-cambojano\\\/#primaryimage\"},\"image\":{\"@id\":\"https:\\\/\\\/diariodepe.com.br\\\/xinhua\\\/2024\\\/11\\\/29\\\/ministro-das-relacoes-exteriores-chines-se-encontra-com-vice-primeiro-ministro-cambojano\\\/#primaryimage\"},\"thumbnailUrl\":\"https:\\\/\\\/diariodepe.com.br\\\/xinhua\\\/wp-content\\\/uploads\\\/sites\\\/3\\\/2024\\\/11\\\/ExjCuPNUw4EzwVCG.jpeg\",\"datePublished\":\"2024-11-29T20:17:00+00:00\",\"breadcrumb\":{\"@id\":\"https:\\\/\\\/diariodepe.com.br\\\/xinhua\\\/2024\\\/11\\\/29\\\/ministro-das-relacoes-exteriores-chines-se-encontra-com-vice-primeiro-ministro-cambojano\\\/#breadcrumb\"},\"inLanguage\":\"pt-BR\",\"potentialAction\":[{\"@type\":\"ReadAction\",\"target\":[\"https:\\\/\\\/diariodepe.com.br\\\/xinhua\\\/2024\\\/11\\\/29\\\/ministro-das-relacoes-exteriores-chines-se-encontra-com-vice-primeiro-ministro-cambojano\\\/\"]}]},{\"@type\":\"ImageObject\",\"inLanguage\":\"pt-BR\",\"@id\":\"https:\\\/\\\/diariodepe.com.br\\\/xinhua\\\/2024\\\/11\\\/29\\\/ministro-das-relacoes-exteriores-chines-se-encontra-com-vice-primeiro-ministro-cambojano\\\/#primaryimage\",\"url\":\"https:\\\/\\\/diariodepe.com.br\\\/xinhua\\\/wp-content\\\/uploads\\\/sites\\\/3\\\/2024\\\/11\\\/ExjCuPNUw4EzwVCG.jpeg\",\"contentUrl\":\"https:\\\/\\\/diariodepe.com.br\\\/xinhua\\\/wp-content\\\/uploads\\\/sites\\\/3\\\/2024\\\/11\\\/ExjCuPNUw4EzwVCG.jpeg\",\"width\":1024,\"height\":782},{\"@type\":\"BreadcrumbList\",\"@id\":\"https:\\\/\\\/diariodepe.com.br\\\/xinhua\\\/2024\\\/11\\\/29\\\/ministro-das-relacoes-exteriores-chines-se-encontra-com-vice-primeiro-ministro-cambojano\\\/#breadcrumb\",\"itemListElement\":[{\"@type\":\"ListItem\",\"position\":1,\"name\":\"In\u00edcio\",\"item\":\"https:\\\/\\\/diariodepe.com.br\\\/xinhua\\\/\"},{\"@type\":\"ListItem\",\"position\":2,\"name\":\"Ministro das Rela\u00e7\u00f5es Exteriores Chin\u00eas se encontra com vice-primeiro-ministro cambojano\"}]},{\"@type\":\"WebSite\",\"@id\":\"https:\\\/\\\/diariodepe.com.br\\\/xinhua\\\/#website\",\"url\":\"https:\\\/\\\/diariodepe.com.br\\\/xinhua\\\/\",\"name\":\"Xinhua - Diario de Pernambuco\",\"description\":\"A maior ag\u00eancia de not\u00edcias da China e um dos principais canais para conhecer o pa\u00eds\",\"publisher\":{\"@id\":\"https:\\\/\\\/diariodepe.com.br\\\/xinhua\\\/#organization\"},\"potentialAction\":[{\"@type\":\"SearchAction\",\"target\":{\"@type\":\"EntryPoint\",\"urlTemplate\":\"https:\\\/\\\/diariodepe.com.br\\\/xinhua\\\/?s={search_term_string}\"},\"query-input\":{\"@type\":\"PropertyValueSpecification\",\"valueRequired\":true,\"valueName\":\"search_term_string\"}}],\"inLanguage\":\"pt-BR\"},{\"@type\":\"Organization\",\"@id\":\"https:\\\/\\\/diariodepe.com.br\\\/xinhua\\\/#organization\",\"name\":\"Xinhua - Diario de Pernambuco\",\"url\":\"https:\\\/\\\/diariodepe.com.br\\\/xinhua\\\/\",\"logo\":{\"@type\":\"ImageObject\",\"inLanguage\":\"pt-BR\",\"@id\":\"https:\\\/\\\/diariodepe.com.br\\\/xinhua\\\/#\\\/schema\\\/logo\\\/image\\\/\",\"url\":\"https:\\\/\\\/diariodepe.com.br\\\/xinhua\\\/wp-content\\\/uploads\\\/sites\\\/3\\\/2020\\\/10\\\/cropped-logo-transparente-2.png\",\"contentUrl\":\"https:\\\/\\\/diariodepe.com.br\\\/xinhua\\\/wp-content\\\/uploads\\\/sites\\\/3\\\/2020\\\/10\\\/cropped-logo-transparente-2.png\",\"width\":512,\"height\":164,\"caption\":\"Xinhua - Diario de Pernambuco\"},\"image\":{\"@id\":\"https:\\\/\\\/diariodepe.com.br\\\/xinhua\\\/#\\\/schema\\\/logo\\\/image\\\/\"}},{\"@type\":\"Person\",\"@id\":\"https:\\\/\\\/diariodepe.com.br\\\/xinhua\\\/#\\\/schema\\\/person\\\/0943d6fd02bdc7b49c8f495e8787a2cb\",\"name\":\"Marcelo Oliveira de A. Maranhao\",\"image\":{\"@type\":\"ImageObject\",\"inLanguage\":\"pt-BR\",\"@id\":\"https:\\\/\\\/secure.gravatar.com\\\/avatar\\\/f562caee940d39879c20e90eea3e4b21860c7d4c96684c23141c554824f0059c?s=96&d=mm&r=g\",\"url\":\"https:\\\/\\\/secure.gravatar.com\\\/avatar\\\/f562caee940d39879c20e90eea3e4b21860c7d4c96684c23141c554824f0059c?s=96&d=mm&r=g\",\"contentUrl\":\"https:\\\/\\\/secure.gravatar.com\\\/avatar\\\/f562caee940d39879c20e90eea3e4b21860c7d4c96684c23141c554824f0059c?s=96&d=mm&r=g\",\"caption\":\"Marcelo Oliveira de A. Maranhao\"},\"url\":\"https:\\\/\\\/diariodepe.com.br\\\/xinhua\\\/author\\\/marcelo-maranhao\\\/\"}]}<\/script>\n<!-- \/ Yoast SEO plugin. -->","yoast_head_json":{"title":"Ministro das Rela\u00e7\u00f5es Exteriores Chin\u00eas se encontra com vice-primeiro-ministro cambojano - Xinhua - Diario de Pernambuco","robots":{"index":"index","follow":"follow","max-snippet":"max-snippet:-1","max-image-preview":"max-image-preview:large","max-video-preview":"max-video-preview:-1"},"canonical":"https:\/\/diariodepe.com.br\/xinhua\/2024\/11\/29\/ministro-das-relacoes-exteriores-chines-se-encontra-com-vice-primeiro-ministro-cambojano\/","og_locale":"pt_BR","og_type":"article","og_title":"Ministro das Rela\u00e7\u00f5es Exteriores Chin\u00eas se encontra com vice-primeiro-ministro cambojano - Xinhua - Diario de Pernambuco","og_description":"Beijing &#8211; O ministro das Rela\u00e7\u00f5es Exteriores da China, Wang Yi, reuniu-se na quinta-feira com Prak Sokhonn, vice-primeiro-ministro e ministro das Rela\u00e7\u00f5es Exteriores do Camboja e presidente da Comiss\u00e3o de Rela\u00e7\u00f5es Exteriores do Comit\u00ea Central do Partido Popular do Camboja....","og_url":"https:\/\/diariodepe.com.br\/xinhua\/2024\/11\/29\/ministro-das-relacoes-exteriores-chines-se-encontra-com-vice-primeiro-ministro-cambojano\/","og_site_name":"Xinhua - Diario de Pernambuco","article_published_time":"2024-11-29T20:17:00+00:00","og_image":[{"width":1024,"height":782,"url":"https:\/\/diariodepe.com.br\/xinhua\/wp-content\/uploads\/sites\/3\/2024\/11\/ExjCuPNUw4EzwVCG.jpeg","type":"image\/jpeg"}],"author":"Marcelo Oliveira de A. Maranhao","twitter_card":"summary_large_image","twitter_misc":{"Escrito por":"Marcelo Oliveira de A. Maranhao","Est. tempo de leitura":"2 minutos"},"schema":{"@context":"https:\/\/schema.org","@graph":[{"@type":"Article","@id":"https:\/\/diariodepe.com.br\/xinhua\/2024\/11\/29\/ministro-das-relacoes-exteriores-chines-se-encontra-com-vice-primeiro-ministro-cambojano\/#article","isPartOf":{"@id":"https:\/\/diariodepe.com.br\/xinhua\/2024\/11\/29\/ministro-das-relacoes-exteriores-chines-se-encontra-com-vice-primeiro-ministro-cambojano\/"},"author":{"name":"Marcelo Oliveira de A. Maranhao","@id":"https:\/\/diariodepe.com.br\/xinhua\/#\/schema\/person\/0943d6fd02bdc7b49c8f495e8787a2cb"},"headline":"Ministro das Rela\u00e7\u00f5es Exteriores Chin\u00eas se encontra com vice-primeiro-ministro cambojano","datePublished":"2024-11-29T20:17:00+00:00","mainEntityOfPage":{"@id":"https:\/\/diariodepe.com.br\/xinhua\/2024\/11\/29\/ministro-das-relacoes-exteriores-chines-se-encontra-com-vice-primeiro-ministro-cambojano\/"},"wordCount":241,"commentCount":0,"publisher":{"@id":"https:\/\/diariodepe.com.br\/xinhua\/#organization"},"image":{"@id":"https:\/\/diariodepe.com.br\/xinhua\/2024\/11\/29\/ministro-das-relacoes-exteriores-chines-se-encontra-com-vice-primeiro-ministro-cambojano\/#primaryimage"},"thumbnailUrl":"https:\/\/diariodepe.com.br\/xinhua\/wp-content\/uploads\/sites\/3\/2024\/11\/ExjCuPNUw4EzwVCG.jpeg","articleSection":["Internacional"],"inLanguage":"pt-BR","potentialAction":[{"@type":"CommentAction","name":"Comment","target":["https:\/\/diariodepe.com.br\/xinhua\/2024\/11\/29\/ministro-das-relacoes-exteriores-chines-se-encontra-com-vice-primeiro-ministro-cambojano\/#respond"]}]},{"@type":"WebPage","@id":"https:\/\/diariodepe.com.br\/xinhua\/2024\/11\/29\/ministro-das-relacoes-exteriores-chines-se-encontra-com-vice-primeiro-ministro-cambojano\/","url":"https:\/\/diariodepe.com.br\/xinhua\/2024\/11\/29\/ministro-das-relacoes-exteriores-chines-se-encontra-com-vice-primeiro-ministro-cambojano\/","name":"Ministro das Rela\u00e7\u00f5es Exteriores Chin\u00eas se encontra com vice-primeiro-ministro cambojano - Xinhua - Diario de Pernambuco","isPartOf":{"@id":"https:\/\/diariodepe.com.br\/xinhua\/#website"},"primaryImageOfPage":{"@id":"https:\/\/diariodepe.com.br\/xinhua\/2024\/11\/29\/ministro-das-relacoes-exteriores-chines-se-encontra-com-vice-primeiro-ministro-cambojano\/#primaryimage"},"image":{"@id":"https:\/\/diariodepe.com.br\/xinhua\/2024\/11\/29\/ministro-das-relacoes-exteriores-chines-se-encontra-com-vice-primeiro-ministro-cambojano\/#primaryimage"},"thumbnailUrl":"https:\/\/diariodepe.com.br\/xinhua\/wp-content\/uploads\/sites\/3\/2024\/11\/ExjCuPNUw4EzwVCG.jpeg","datePublished":"2024-11-29T20:17:00+00:00","breadcrumb":{"@id":"https:\/\/diariodepe.com.br\/xinhua\/2024\/11\/29\/ministro-das-relacoes-exteriores-chines-se-encontra-com-vice-primeiro-ministro-cambojano\/#breadcrumb"},"inLanguage":"pt-BR","potentialAction":[{"@type":"ReadAction","target":["https:\/\/diariodepe.com.br\/xinhua\/2024\/11\/29\/ministro-das-relacoes-exteriores-chines-se-encontra-com-vice-primeiro-ministro-cambojano\/"]}]},{"@type":"ImageObject","inLanguage":"pt-BR","@id":"https:\/\/diariodepe.com.br\/xinhua\/2024\/11\/29\/ministro-das-relacoes-exteriores-chines-se-encontra-com-vice-primeiro-ministro-cambojano\/#primaryimage","url":"https:\/\/diariodepe.com.br\/xinhua\/wp-content\/uploads\/sites\/3\/2024\/11\/ExjCuPNUw4EzwVCG.jpeg","contentUrl":"https:\/\/diariodepe.com.br\/xinhua\/wp-content\/uploads\/sites\/3\/2024\/11\/ExjCuPNUw4EzwVCG.jpeg","width":1024,"height":782},{"@type":"BreadcrumbList","@id":"https:\/\/diariodepe.com.br\/xinhua\/2024\/11\/29\/ministro-das-relacoes-exteriores-chines-se-encontra-com-vice-primeiro-ministro-cambojano\/#breadcrumb","itemListElement":[{"@type":"ListItem","position":1,"name":"In\u00edcio","item":"https:\/\/diariodepe.com.br\/xinhua\/"},{"@type":"ListItem","position":2,"name":"Ministro das Rela\u00e7\u00f5es Exteriores Chin\u00eas se encontra com vice-primeiro-ministro cambojano"}]},{"@type":"WebSite","@id":"https:\/\/diariodepe.com.br\/xinhua\/#website","url":"https:\/\/diariodepe.com.br\/xinhua\/","name":"Xinhua - Diario de Pernambuco","description":"A maior ag\u00eancia de not\u00edcias da China e um dos principais canais para conhecer o pa\u00eds","publisher":{"@id":"https:\/\/diariodepe.com.br\/xinhua\/#organization"},"potentialAction":[{"@type":"SearchAction","target":{"@type":"EntryPoint","urlTemplate":"https:\/\/diariodepe.com.br\/xinhua\/?s={search_term_string}"},"query-input":{"@type":"PropertyValueSpecification","valueRequired":true,"valueName":"search_term_string"}}],"inLanguage":"pt-BR"},{"@type":"Organization","@id":"https:\/\/diariodepe.com.br\/xinhua\/#organization","name":"Xinhua - Diario de Pernambuco","url":"https:\/\/diariodepe.com.br\/xinhua\/","logo":{"@type":"ImageObject","inLanguage":"pt-BR","@id":"https:\/\/diariodepe.com.br\/xinhua\/#\/schema\/logo\/image\/","url":"https:\/\/diariodepe.com.br\/xinhua\/wp-content\/uploads\/sites\/3\/2020\/10\/cropped-logo-transparente-2.png","contentUrl":"https:\/\/diariodepe.com.br\/xinhua\/wp-content\/uploads\/sites\/3\/2020\/10\/cropped-logo-transparente-2.png","width":512,"height":164,"caption":"Xinhua - Diario de Pernambuco"},"image":{"@id":"https:\/\/diariodepe.com.br\/xinhua\/#\/schema\/logo\/image\/"}},{"@type":"Person","@id":"https:\/\/diariodepe.com.br\/xinhua\/#\/schema\/person\/0943d6fd02bdc7b49c8f495e8787a2cb","name":"Marcelo Oliveira de A. Maranhao","image":{"@type":"ImageObject","inLanguage":"pt-BR","@id":"https:\/\/secure.gravatar.com\/avatar\/f562caee940d39879c20e90eea3e4b21860c7d4c96684c23141c554824f0059c?s=96&d=mm&r=g","url":"https:\/\/secure.gravatar.com\/avatar\/f562caee940d39879c20e90eea3e4b21860c7d4c96684c23141c554824f0059c?s=96&d=mm&r=g","contentUrl":"https:\/\/secure.gravatar.com\/avatar\/f562caee940d39879c20e90eea3e4b21860c7d4c96684c23141c554824f0059c?s=96&d=mm&r=g","caption":"Marcelo Oliveira de A. Maranhao"},"url":"https:\/\/diariodepe.com.br\/xinhua\/author\/marcelo-maranhao\/"}]}},"cc_featured_image_caption":{"caption_text":"","source_text":"","source_url":""},"amp_enabled":true,"_links":{"self":[{"href":"https:\/\/diariodepe.com.br\/xinhua\/wp-json\/wp\/v2\/posts\/24156","targetHints":{"allow":["GET"]}}],"collection":[{"href":"https:\/\/diariodepe.com.br\/xinhua\/wp-json\/wp\/v2\/posts"}],"about":[{"href":"https:\/\/diariodepe.com.br\/xinhua\/wp-json\/wp\/v2\/types\/post"}],"author":[{"embeddable":true,"href":"https:\/\/diariodepe.com.br\/xinhua\/wp-json\/wp\/v2\/users\/3"}],"replies":[{"embeddable":true,"href":"https:\/\/diariodepe.com.br\/xinhua\/wp-json\/wp\/v2\/comments?post=24156"}],"version-history":[{"count":1,"href":"https:\/\/diariodepe.com.br\/xinhua\/wp-json\/wp\/v2\/posts\/24156\/revisions"}],"predecessor-version":[{"id":24158,"href":"https:\/\/diariodepe.com.br\/xinhua\/wp-json\/wp\/v2\/posts\/24156\/revisions\/24158"}],"wp:featuredmedia":[{"embeddable":true,"href":"https:\/\/diariodepe.com.br\/xinhua\/wp-json\/wp\/v2\/media\/24157"}],"wp:attachment":[{"href":"https:\/\/diariodepe.com.br\/xinhua\/wp-json\/wp\/v2\/media?parent=24156"}],"wp:term":[{"taxonomy":"category","embeddable":true,"href":"https:\/\/diariodepe.com.br\/xinhua\/wp-json\/wp\/v2\/categories?post=24156"},{"taxonomy":"post_tag","embeddable":true,"href":"https:\/\/diariodepe.com.br\/xinhua\/wp-json\/wp\/v2\/tags?post=24156"}],"curies":[{"name":"wp","href":"https:\/\/api.w.org\/{rel}","templated":true}]}}