{"id":2378,"date":"2021-07-20T10:40:14","date_gmt":"2021-07-20T13:40:14","guid":{"rendered":"http:\/\/www.diariodepe.com.br\/xinhua\/?p=2378"},"modified":"2021-07-20T10:40:15","modified_gmt":"2021-07-20T13:40:15","slug":"premie-chines-pede-ao-paquistao-que-reforce-seguranca-e-protecao-do-pessoal-e-instituicoes-chinesas","status":"publish","type":"post","link":"https:\/\/diariodepe.com.br\/xinhua\/2021\/07\/20\/premie-chines-pede-ao-paquistao-que-reforce-seguranca-e-protecao-do-pessoal-e-instituicoes-chinesas\/","title":{"rendered":"Premi\u00ea chin\u00eas pede ao Paquist\u00e3o que reforce seguran\u00e7a e prote\u00e7\u00e3o do pessoal e institui\u00e7\u00f5es chinesas"},"content":{"rendered":"\n<p>Beijing, 16 jul &#8211; O lado paquistan\u00eas deve tomar medidas s\u00f3lidas e eficazes para fortalecer a seguran\u00e7a e a prote\u00e7\u00e3o do pessoal e das institui\u00e7\u00f5es chinesas no Paquist\u00e3o, disse o primeiro-ministro chin\u00eas, Li Keqiang, nesta sexta-feira em uma conversa telef\u00f4nica com o primeiro-ministro paquistan\u00eas, Imran Khan.<\/p>\n\n\n\n<p>Em nome do governo e do povo paquistan\u00eas, Khan primeiro expressou sincera solidariedade ao governo chin\u00eas sobre as graves fatalidades com cidad\u00e3os chineses em um recente ataque terrorista no Paquist\u00e3o, e estendeu profundas condol\u00eancias \u00e0s fam\u00edlias enlutadas.<\/p>\n\n\n\n<p>Ele tamb\u00e9m informou Li sobre o progresso da investiga\u00e7\u00e3o paquistanesa sobre o incidente nesta fase, bem como o trabalho de acompanhamento.<\/p>\n\n\n\n<p>Na conversa telef\u00f4nica, Li expressou gratid\u00e3o ao Paquist\u00e3o por realizar um r\u00e1pido socorro aos feridos e uma investiga\u00e7\u00e3o imediata sobre o incidente.<\/p>\n\n\n\n<p>Um caso envolvendo vidas humanas deve ser tratado com o maior cuidado, enfatizou Li, acrescentando que o governo chin\u00eas atribui grande import\u00e2ncia \u00e0 seguran\u00e7a do pessoal e das institui\u00e7\u00f5es chinesas no exterior.<\/p>\n\n\n\n<p>A prioridade m\u00e1xima no momento \u00e9 n\u00e3o poupar esfor\u00e7os para resgatar e tratar os feridos, minimizar as baixas e lidar adequadamente com as consequ\u00eancias do incidente, disse Li.<\/p>\n","protected":false},"excerpt":{"rendered":"<p>Beijing, 16 jul &#8211; O lado paquistan\u00eas deve tomar medidas s\u00f3lidas e eficazes para fortalecer a seguran\u00e7a e a prote\u00e7\u00e3o do pessoal e das institui\u00e7\u00f5es chinesas no Paquist\u00e3o, disse o primeiro-ministro chin\u00eas, Li Keqiang, nesta sexta-feira em uma conversa telef\u00f4nica&#8230;<\/p>\n","protected":false},"author":3,"featured_media":2379,"comment_status":"open","ping_status":"open","sticky":false,"template":"","format":"standard","meta":{"footnotes":""},"categories":[4],"tags":[],"class_list":["post-2378","post","type-post","status-publish","format-standard","has-post-thumbnail","hentry","category-internacional"],"yoast_head":"<!-- This site is optimized with the Yoast SEO plugin v27.4 - https:\/\/yoast.com\/product\/yoast-seo-wordpress\/ -->\n<title>Premi\u00ea chin\u00eas pede ao Paquist\u00e3o que reforce seguran\u00e7a e prote\u00e7\u00e3o do pessoal e institui\u00e7\u00f5es chinesas - Xinhua - Diario de Pernambuco<\/title>\n<meta name=\"robots\" content=\"index, follow, max-snippet:-1, max-image-preview:large, max-video-preview:-1\" \/>\n<link rel=\"canonical\" href=\"https:\/\/diariodepe.com.br\/xinhua\/2021\/07\/20\/premie-chines-pede-ao-paquistao-que-reforce-seguranca-e-protecao-do-pessoal-e-instituicoes-chinesas\/\" \/>\n<meta property=\"og:locale\" content=\"pt_BR\" \/>\n<meta property=\"og:type\" content=\"article\" \/>\n<meta property=\"og:title\" content=\"Premi\u00ea chin\u00eas pede ao Paquist\u00e3o que reforce seguran\u00e7a e prote\u00e7\u00e3o do pessoal e institui\u00e7\u00f5es chinesas - Xinhua - Diario de Pernambuco\" \/>\n<meta property=\"og:description\" content=\"Beijing, 16 jul &#8211; O lado paquistan\u00eas deve tomar medidas s\u00f3lidas e eficazes para fortalecer a seguran\u00e7a e a prote\u00e7\u00e3o do pessoal e das institui\u00e7\u00f5es chinesas no Paquist\u00e3o, disse o primeiro-ministro chin\u00eas, Li Keqiang, nesta sexta-feira em uma conversa telef\u00f4nica...\" \/>\n<meta property=\"og:url\" content=\"https:\/\/diariodepe.com.br\/xinhua\/2021\/07\/20\/premie-chines-pede-ao-paquistao-que-reforce-seguranca-e-protecao-do-pessoal-e-instituicoes-chinesas\/\" \/>\n<meta property=\"og:site_name\" content=\"Xinhua - Diario de Pernambuco\" \/>\n<meta property=\"article:published_time\" content=\"2021-07-20T13:40:14+00:00\" \/>\n<meta property=\"article:modified_time\" content=\"2021-07-20T13:40:15+00:00\" \/>\n<meta property=\"og:image\" content=\"https:\/\/diariodepe.com.br\/xinhua\/wp-content\/uploads\/sites\/3\/2021\/07\/1310067235_16265169250021n.jpg\" \/>\n\t<meta property=\"og:image:width\" content=\"900\" \/>\n\t<meta property=\"og:image:height\" content=\"540\" \/>\n\t<meta property=\"og:image:type\" content=\"image\/jpeg\" \/>\n<meta name=\"author\" content=\"Marcelo Oliveira de A. Maranhao\" \/>\n<meta name=\"twitter:card\" content=\"summary_large_image\" \/>\n<meta name=\"twitter:label1\" content=\"Escrito por\" \/>\n\t<meta name=\"twitter:data1\" content=\"Marcelo Oliveira de A. Maranhao\" \/>\n\t<meta name=\"twitter:label2\" content=\"Est. tempo de leitura\" \/>\n\t<meta name=\"twitter:data2\" content=\"1 minuto\" \/>\n<script type=\"application\/ld+json\" class=\"yoast-schema-graph\">{\"@context\":\"https:\\\/\\\/schema.org\",\"@graph\":[{\"@type\":\"Article\",\"@id\":\"https:\\\/\\\/diariodepe.com.br\\\/xinhua\\\/2021\\\/07\\\/20\\\/premie-chines-pede-ao-paquistao-que-reforce-seguranca-e-protecao-do-pessoal-e-instituicoes-chinesas\\\/#article\",\"isPartOf\":{\"@id\":\"https:\\\/\\\/diariodepe.com.br\\\/xinhua\\\/2021\\\/07\\\/20\\\/premie-chines-pede-ao-paquistao-que-reforce-seguranca-e-protecao-do-pessoal-e-instituicoes-chinesas\\\/\"},\"author\":{\"name\":\"Marcelo Oliveira de A. Maranhao\",\"@id\":\"https:\\\/\\\/diariodepe.com.br\\\/xinhua\\\/#\\\/schema\\\/person\\\/0943d6fd02bdc7b49c8f495e8787a2cb\"},\"headline\":\"Premi\u00ea chin\u00eas pede ao Paquist\u00e3o que reforce seguran\u00e7a e prote\u00e7\u00e3o do pessoal e institui\u00e7\u00f5es chinesas\",\"datePublished\":\"2021-07-20T13:40:14+00:00\",\"dateModified\":\"2021-07-20T13:40:15+00:00\",\"mainEntityOfPage\":{\"@id\":\"https:\\\/\\\/diariodepe.com.br\\\/xinhua\\\/2021\\\/07\\\/20\\\/premie-chines-pede-ao-paquistao-que-reforce-seguranca-e-protecao-do-pessoal-e-instituicoes-chinesas\\\/\"},\"wordCount\":233,\"commentCount\":0,\"publisher\":{\"@id\":\"https:\\\/\\\/diariodepe.com.br\\\/xinhua\\\/#organization\"},\"image\":{\"@id\":\"https:\\\/\\\/diariodepe.com.br\\\/xinhua\\\/2021\\\/07\\\/20\\\/premie-chines-pede-ao-paquistao-que-reforce-seguranca-e-protecao-do-pessoal-e-instituicoes-chinesas\\\/#primaryimage\"},\"thumbnailUrl\":\"https:\\\/\\\/diariodepe.com.br\\\/xinhua\\\/wp-content\\\/uploads\\\/sites\\\/3\\\/2021\\\/07\\\/1310067235_16265169250021n.jpg\",\"articleSection\":[\"Internacional\"],\"inLanguage\":\"pt-BR\",\"potentialAction\":[{\"@type\":\"CommentAction\",\"name\":\"Comment\",\"target\":[\"https:\\\/\\\/diariodepe.com.br\\\/xinhua\\\/2021\\\/07\\\/20\\\/premie-chines-pede-ao-paquistao-que-reforce-seguranca-e-protecao-do-pessoal-e-instituicoes-chinesas\\\/#respond\"]}]},{\"@type\":\"WebPage\",\"@id\":\"https:\\\/\\\/diariodepe.com.br\\\/xinhua\\\/2021\\\/07\\\/20\\\/premie-chines-pede-ao-paquistao-que-reforce-seguranca-e-protecao-do-pessoal-e-instituicoes-chinesas\\\/\",\"url\":\"https:\\\/\\\/diariodepe.com.br\\\/xinhua\\\/2021\\\/07\\\/20\\\/premie-chines-pede-ao-paquistao-que-reforce-seguranca-e-protecao-do-pessoal-e-instituicoes-chinesas\\\/\",\"name\":\"Premi\u00ea chin\u00eas pede ao Paquist\u00e3o que reforce seguran\u00e7a e prote\u00e7\u00e3o do pessoal e institui\u00e7\u00f5es chinesas - Xinhua - Diario de Pernambuco\",\"isPartOf\":{\"@id\":\"https:\\\/\\\/diariodepe.com.br\\\/xinhua\\\/#website\"},\"primaryImageOfPage\":{\"@id\":\"https:\\\/\\\/diariodepe.com.br\\\/xinhua\\\/2021\\\/07\\\/20\\\/premie-chines-pede-ao-paquistao-que-reforce-seguranca-e-protecao-do-pessoal-e-instituicoes-chinesas\\\/#primaryimage\"},\"image\":{\"@id\":\"https:\\\/\\\/diariodepe.com.br\\\/xinhua\\\/2021\\\/07\\\/20\\\/premie-chines-pede-ao-paquistao-que-reforce-seguranca-e-protecao-do-pessoal-e-instituicoes-chinesas\\\/#primaryimage\"},\"thumbnailUrl\":\"https:\\\/\\\/diariodepe.com.br\\\/xinhua\\\/wp-content\\\/uploads\\\/sites\\\/3\\\/2021\\\/07\\\/1310067235_16265169250021n.jpg\",\"datePublished\":\"2021-07-20T13:40:14+00:00\",\"dateModified\":\"2021-07-20T13:40:15+00:00\",\"breadcrumb\":{\"@id\":\"https:\\\/\\\/diariodepe.com.br\\\/xinhua\\\/2021\\\/07\\\/20\\\/premie-chines-pede-ao-paquistao-que-reforce-seguranca-e-protecao-do-pessoal-e-instituicoes-chinesas\\\/#breadcrumb\"},\"inLanguage\":\"pt-BR\",\"potentialAction\":[{\"@type\":\"ReadAction\",\"target\":[\"https:\\\/\\\/diariodepe.com.br\\\/xinhua\\\/2021\\\/07\\\/20\\\/premie-chines-pede-ao-paquistao-que-reforce-seguranca-e-protecao-do-pessoal-e-instituicoes-chinesas\\\/\"]}]},{\"@type\":\"ImageObject\",\"inLanguage\":\"pt-BR\",\"@id\":\"https:\\\/\\\/diariodepe.com.br\\\/xinhua\\\/2021\\\/07\\\/20\\\/premie-chines-pede-ao-paquistao-que-reforce-seguranca-e-protecao-do-pessoal-e-instituicoes-chinesas\\\/#primaryimage\",\"url\":\"https:\\\/\\\/diariodepe.com.br\\\/xinhua\\\/wp-content\\\/uploads\\\/sites\\\/3\\\/2021\\\/07\\\/1310067235_16265169250021n.jpg\",\"contentUrl\":\"https:\\\/\\\/diariodepe.com.br\\\/xinhua\\\/wp-content\\\/uploads\\\/sites\\\/3\\\/2021\\\/07\\\/1310067235_16265169250021n.jpg\",\"width\":900,\"height\":540},{\"@type\":\"BreadcrumbList\",\"@id\":\"https:\\\/\\\/diariodepe.com.br\\\/xinhua\\\/2021\\\/07\\\/20\\\/premie-chines-pede-ao-paquistao-que-reforce-seguranca-e-protecao-do-pessoal-e-instituicoes-chinesas\\\/#breadcrumb\",\"itemListElement\":[{\"@type\":\"ListItem\",\"position\":1,\"name\":\"In\u00edcio\",\"item\":\"https:\\\/\\\/diariodepe.com.br\\\/xinhua\\\/\"},{\"@type\":\"ListItem\",\"position\":2,\"name\":\"Premi\u00ea chin\u00eas pede ao Paquist\u00e3o que reforce seguran\u00e7a e prote\u00e7\u00e3o do pessoal e institui\u00e7\u00f5es chinesas\"}]},{\"@type\":\"WebSite\",\"@id\":\"https:\\\/\\\/diariodepe.com.br\\\/xinhua\\\/#website\",\"url\":\"https:\\\/\\\/diariodepe.com.br\\\/xinhua\\\/\",\"name\":\"Xinhua - Diario de Pernambuco\",\"description\":\"A maior ag\u00eancia de not\u00edcias da China e um dos principais canais para conhecer o pa\u00eds\",\"publisher\":{\"@id\":\"https:\\\/\\\/diariodepe.com.br\\\/xinhua\\\/#organization\"},\"potentialAction\":[{\"@type\":\"SearchAction\",\"target\":{\"@type\":\"EntryPoint\",\"urlTemplate\":\"https:\\\/\\\/diariodepe.com.br\\\/xinhua\\\/?s={search_term_string}\"},\"query-input\":{\"@type\":\"PropertyValueSpecification\",\"valueRequired\":true,\"valueName\":\"search_term_string\"}}],\"inLanguage\":\"pt-BR\"},{\"@type\":\"Organization\",\"@id\":\"https:\\\/\\\/diariodepe.com.br\\\/xinhua\\\/#organization\",\"name\":\"Xinhua - Diario de Pernambuco\",\"url\":\"https:\\\/\\\/diariodepe.com.br\\\/xinhua\\\/\",\"logo\":{\"@type\":\"ImageObject\",\"inLanguage\":\"pt-BR\",\"@id\":\"https:\\\/\\\/diariodepe.com.br\\\/xinhua\\\/#\\\/schema\\\/logo\\\/image\\\/\",\"url\":\"https:\\\/\\\/diariodepe.com.br\\\/xinhua\\\/wp-content\\\/uploads\\\/sites\\\/3\\\/2020\\\/10\\\/cropped-logo-transparente-2.png\",\"contentUrl\":\"https:\\\/\\\/diariodepe.com.br\\\/xinhua\\\/wp-content\\\/uploads\\\/sites\\\/3\\\/2020\\\/10\\\/cropped-logo-transparente-2.png\",\"width\":512,\"height\":164,\"caption\":\"Xinhua - Diario de Pernambuco\"},\"image\":{\"@id\":\"https:\\\/\\\/diariodepe.com.br\\\/xinhua\\\/#\\\/schema\\\/logo\\\/image\\\/\"}},{\"@type\":\"Person\",\"@id\":\"https:\\\/\\\/diariodepe.com.br\\\/xinhua\\\/#\\\/schema\\\/person\\\/0943d6fd02bdc7b49c8f495e8787a2cb\",\"name\":\"Marcelo Oliveira de A. Maranhao\",\"image\":{\"@type\":\"ImageObject\",\"inLanguage\":\"pt-BR\",\"@id\":\"https:\\\/\\\/secure.gravatar.com\\\/avatar\\\/f562caee940d39879c20e90eea3e4b21860c7d4c96684c23141c554824f0059c?s=96&d=mm&r=g\",\"url\":\"https:\\\/\\\/secure.gravatar.com\\\/avatar\\\/f562caee940d39879c20e90eea3e4b21860c7d4c96684c23141c554824f0059c?s=96&d=mm&r=g\",\"contentUrl\":\"https:\\\/\\\/secure.gravatar.com\\\/avatar\\\/f562caee940d39879c20e90eea3e4b21860c7d4c96684c23141c554824f0059c?s=96&d=mm&r=g\",\"caption\":\"Marcelo Oliveira de A. Maranhao\"},\"url\":\"https:\\\/\\\/diariodepe.com.br\\\/xinhua\\\/author\\\/marcelo-maranhao\\\/\"}]}<\/script>\n<!-- \/ Yoast SEO plugin. -->","yoast_head_json":{"title":"Premi\u00ea chin\u00eas pede ao Paquist\u00e3o que reforce seguran\u00e7a e prote\u00e7\u00e3o do pessoal e institui\u00e7\u00f5es chinesas - Xinhua - Diario de Pernambuco","robots":{"index":"index","follow":"follow","max-snippet":"max-snippet:-1","max-image-preview":"max-image-preview:large","max-video-preview":"max-video-preview:-1"},"canonical":"https:\/\/diariodepe.com.br\/xinhua\/2021\/07\/20\/premie-chines-pede-ao-paquistao-que-reforce-seguranca-e-protecao-do-pessoal-e-instituicoes-chinesas\/","og_locale":"pt_BR","og_type":"article","og_title":"Premi\u00ea chin\u00eas pede ao Paquist\u00e3o que reforce seguran\u00e7a e prote\u00e7\u00e3o do pessoal e institui\u00e7\u00f5es chinesas - Xinhua - Diario de Pernambuco","og_description":"Beijing, 16 jul &#8211; O lado paquistan\u00eas deve tomar medidas s\u00f3lidas e eficazes para fortalecer a seguran\u00e7a e a prote\u00e7\u00e3o do pessoal e das institui\u00e7\u00f5es chinesas no Paquist\u00e3o, disse o primeiro-ministro chin\u00eas, Li Keqiang, nesta sexta-feira em uma conversa telef\u00f4nica...","og_url":"https:\/\/diariodepe.com.br\/xinhua\/2021\/07\/20\/premie-chines-pede-ao-paquistao-que-reforce-seguranca-e-protecao-do-pessoal-e-instituicoes-chinesas\/","og_site_name":"Xinhua - Diario de Pernambuco","article_published_time":"2021-07-20T13:40:14+00:00","article_modified_time":"2021-07-20T13:40:15+00:00","og_image":[{"width":900,"height":540,"url":"https:\/\/diariodepe.com.br\/xinhua\/wp-content\/uploads\/sites\/3\/2021\/07\/1310067235_16265169250021n.jpg","type":"image\/jpeg"}],"author":"Marcelo Oliveira de A. Maranhao","twitter_card":"summary_large_image","twitter_misc":{"Escrito por":"Marcelo Oliveira de A. Maranhao","Est. tempo de leitura":"1 minuto"},"schema":{"@context":"https:\/\/schema.org","@graph":[{"@type":"Article","@id":"https:\/\/diariodepe.com.br\/xinhua\/2021\/07\/20\/premie-chines-pede-ao-paquistao-que-reforce-seguranca-e-protecao-do-pessoal-e-instituicoes-chinesas\/#article","isPartOf":{"@id":"https:\/\/diariodepe.com.br\/xinhua\/2021\/07\/20\/premie-chines-pede-ao-paquistao-que-reforce-seguranca-e-protecao-do-pessoal-e-instituicoes-chinesas\/"},"author":{"name":"Marcelo Oliveira de A. Maranhao","@id":"https:\/\/diariodepe.com.br\/xinhua\/#\/schema\/person\/0943d6fd02bdc7b49c8f495e8787a2cb"},"headline":"Premi\u00ea chin\u00eas pede ao Paquist\u00e3o que reforce seguran\u00e7a e prote\u00e7\u00e3o do pessoal e institui\u00e7\u00f5es chinesas","datePublished":"2021-07-20T13:40:14+00:00","dateModified":"2021-07-20T13:40:15+00:00","mainEntityOfPage":{"@id":"https:\/\/diariodepe.com.br\/xinhua\/2021\/07\/20\/premie-chines-pede-ao-paquistao-que-reforce-seguranca-e-protecao-do-pessoal-e-instituicoes-chinesas\/"},"wordCount":233,"commentCount":0,"publisher":{"@id":"https:\/\/diariodepe.com.br\/xinhua\/#organization"},"image":{"@id":"https:\/\/diariodepe.com.br\/xinhua\/2021\/07\/20\/premie-chines-pede-ao-paquistao-que-reforce-seguranca-e-protecao-do-pessoal-e-instituicoes-chinesas\/#primaryimage"},"thumbnailUrl":"https:\/\/diariodepe.com.br\/xinhua\/wp-content\/uploads\/sites\/3\/2021\/07\/1310067235_16265169250021n.jpg","articleSection":["Internacional"],"inLanguage":"pt-BR","potentialAction":[{"@type":"CommentAction","name":"Comment","target":["https:\/\/diariodepe.com.br\/xinhua\/2021\/07\/20\/premie-chines-pede-ao-paquistao-que-reforce-seguranca-e-protecao-do-pessoal-e-instituicoes-chinesas\/#respond"]}]},{"@type":"WebPage","@id":"https:\/\/diariodepe.com.br\/xinhua\/2021\/07\/20\/premie-chines-pede-ao-paquistao-que-reforce-seguranca-e-protecao-do-pessoal-e-instituicoes-chinesas\/","url":"https:\/\/diariodepe.com.br\/xinhua\/2021\/07\/20\/premie-chines-pede-ao-paquistao-que-reforce-seguranca-e-protecao-do-pessoal-e-instituicoes-chinesas\/","name":"Premi\u00ea chin\u00eas pede ao Paquist\u00e3o que reforce seguran\u00e7a e prote\u00e7\u00e3o do pessoal e institui\u00e7\u00f5es chinesas - Xinhua - Diario de Pernambuco","isPartOf":{"@id":"https:\/\/diariodepe.com.br\/xinhua\/#website"},"primaryImageOfPage":{"@id":"https:\/\/diariodepe.com.br\/xinhua\/2021\/07\/20\/premie-chines-pede-ao-paquistao-que-reforce-seguranca-e-protecao-do-pessoal-e-instituicoes-chinesas\/#primaryimage"},"image":{"@id":"https:\/\/diariodepe.com.br\/xinhua\/2021\/07\/20\/premie-chines-pede-ao-paquistao-que-reforce-seguranca-e-protecao-do-pessoal-e-instituicoes-chinesas\/#primaryimage"},"thumbnailUrl":"https:\/\/diariodepe.com.br\/xinhua\/wp-content\/uploads\/sites\/3\/2021\/07\/1310067235_16265169250021n.jpg","datePublished":"2021-07-20T13:40:14+00:00","dateModified":"2021-07-20T13:40:15+00:00","breadcrumb":{"@id":"https:\/\/diariodepe.com.br\/xinhua\/2021\/07\/20\/premie-chines-pede-ao-paquistao-que-reforce-seguranca-e-protecao-do-pessoal-e-instituicoes-chinesas\/#breadcrumb"},"inLanguage":"pt-BR","potentialAction":[{"@type":"ReadAction","target":["https:\/\/diariodepe.com.br\/xinhua\/2021\/07\/20\/premie-chines-pede-ao-paquistao-que-reforce-seguranca-e-protecao-do-pessoal-e-instituicoes-chinesas\/"]}]},{"@type":"ImageObject","inLanguage":"pt-BR","@id":"https:\/\/diariodepe.com.br\/xinhua\/2021\/07\/20\/premie-chines-pede-ao-paquistao-que-reforce-seguranca-e-protecao-do-pessoal-e-instituicoes-chinesas\/#primaryimage","url":"https:\/\/diariodepe.com.br\/xinhua\/wp-content\/uploads\/sites\/3\/2021\/07\/1310067235_16265169250021n.jpg","contentUrl":"https:\/\/diariodepe.com.br\/xinhua\/wp-content\/uploads\/sites\/3\/2021\/07\/1310067235_16265169250021n.jpg","width":900,"height":540},{"@type":"BreadcrumbList","@id":"https:\/\/diariodepe.com.br\/xinhua\/2021\/07\/20\/premie-chines-pede-ao-paquistao-que-reforce-seguranca-e-protecao-do-pessoal-e-instituicoes-chinesas\/#breadcrumb","itemListElement":[{"@type":"ListItem","position":1,"name":"In\u00edcio","item":"https:\/\/diariodepe.com.br\/xinhua\/"},{"@type":"ListItem","position":2,"name":"Premi\u00ea chin\u00eas pede ao Paquist\u00e3o que reforce seguran\u00e7a e prote\u00e7\u00e3o do pessoal e institui\u00e7\u00f5es chinesas"}]},{"@type":"WebSite","@id":"https:\/\/diariodepe.com.br\/xinhua\/#website","url":"https:\/\/diariodepe.com.br\/xinhua\/","name":"Xinhua - Diario de Pernambuco","description":"A maior ag\u00eancia de not\u00edcias da China e um dos principais canais para conhecer o pa\u00eds","publisher":{"@id":"https:\/\/diariodepe.com.br\/xinhua\/#organization"},"potentialAction":[{"@type":"SearchAction","target":{"@type":"EntryPoint","urlTemplate":"https:\/\/diariodepe.com.br\/xinhua\/?s={search_term_string}"},"query-input":{"@type":"PropertyValueSpecification","valueRequired":true,"valueName":"search_term_string"}}],"inLanguage":"pt-BR"},{"@type":"Organization","@id":"https:\/\/diariodepe.com.br\/xinhua\/#organization","name":"Xinhua - Diario de Pernambuco","url":"https:\/\/diariodepe.com.br\/xinhua\/","logo":{"@type":"ImageObject","inLanguage":"pt-BR","@id":"https:\/\/diariodepe.com.br\/xinhua\/#\/schema\/logo\/image\/","url":"https:\/\/diariodepe.com.br\/xinhua\/wp-content\/uploads\/sites\/3\/2020\/10\/cropped-logo-transparente-2.png","contentUrl":"https:\/\/diariodepe.com.br\/xinhua\/wp-content\/uploads\/sites\/3\/2020\/10\/cropped-logo-transparente-2.png","width":512,"height":164,"caption":"Xinhua - Diario de Pernambuco"},"image":{"@id":"https:\/\/diariodepe.com.br\/xinhua\/#\/schema\/logo\/image\/"}},{"@type":"Person","@id":"https:\/\/diariodepe.com.br\/xinhua\/#\/schema\/person\/0943d6fd02bdc7b49c8f495e8787a2cb","name":"Marcelo Oliveira de A. Maranhao","image":{"@type":"ImageObject","inLanguage":"pt-BR","@id":"https:\/\/secure.gravatar.com\/avatar\/f562caee940d39879c20e90eea3e4b21860c7d4c96684c23141c554824f0059c?s=96&d=mm&r=g","url":"https:\/\/secure.gravatar.com\/avatar\/f562caee940d39879c20e90eea3e4b21860c7d4c96684c23141c554824f0059c?s=96&d=mm&r=g","contentUrl":"https:\/\/secure.gravatar.com\/avatar\/f562caee940d39879c20e90eea3e4b21860c7d4c96684c23141c554824f0059c?s=96&d=mm&r=g","caption":"Marcelo Oliveira de A. Maranhao"},"url":"https:\/\/diariodepe.com.br\/xinhua\/author\/marcelo-maranhao\/"}]}},"cc_featured_image_caption":{"caption_text":"","source_text":"","source_url":""},"amp_enabled":true,"_links":{"self":[{"href":"https:\/\/diariodepe.com.br\/xinhua\/wp-json\/wp\/v2\/posts\/2378","targetHints":{"allow":["GET"]}}],"collection":[{"href":"https:\/\/diariodepe.com.br\/xinhua\/wp-json\/wp\/v2\/posts"}],"about":[{"href":"https:\/\/diariodepe.com.br\/xinhua\/wp-json\/wp\/v2\/types\/post"}],"author":[{"embeddable":true,"href":"https:\/\/diariodepe.com.br\/xinhua\/wp-json\/wp\/v2\/users\/3"}],"replies":[{"embeddable":true,"href":"https:\/\/diariodepe.com.br\/xinhua\/wp-json\/wp\/v2\/comments?post=2378"}],"version-history":[{"count":1,"href":"https:\/\/diariodepe.com.br\/xinhua\/wp-json\/wp\/v2\/posts\/2378\/revisions"}],"predecessor-version":[{"id":2380,"href":"https:\/\/diariodepe.com.br\/xinhua\/wp-json\/wp\/v2\/posts\/2378\/revisions\/2380"}],"wp:featuredmedia":[{"embeddable":true,"href":"https:\/\/diariodepe.com.br\/xinhua\/wp-json\/wp\/v2\/media\/2379"}],"wp:attachment":[{"href":"https:\/\/diariodepe.com.br\/xinhua\/wp-json\/wp\/v2\/media?parent=2378"}],"wp:term":[{"taxonomy":"category","embeddable":true,"href":"https:\/\/diariodepe.com.br\/xinhua\/wp-json\/wp\/v2\/categories?post=2378"},{"taxonomy":"post_tag","embeddable":true,"href":"https:\/\/diariodepe.com.br\/xinhua\/wp-json\/wp\/v2\/tags?post=2378"}],"curies":[{"name":"wp","href":"https:\/\/api.w.org\/{rel}","templated":true}]}}