{"id":23469,"date":"2024-10-23T10:01:07","date_gmt":"2024-10-23T13:01:07","guid":{"rendered":"https:\/\/www.diariodepe.com.br\/xinhua\/?p=23469"},"modified":"2024-10-23T10:01:09","modified_gmt":"2024-10-23T13:01:09","slug":"byd-anuncia-expansao-de-sua-fabrica-em-manaus-para-produzir-baterias-da-geracao-blade","status":"publish","type":"post","link":"https:\/\/diariodepe.com.br\/xinhua\/2024\/10\/23\/byd-anuncia-expansao-de-sua-fabrica-em-manaus-para-produzir-baterias-da-geracao-blade\/","title":{"rendered":"BYD anuncia expans\u00e3o de sua f\u00e1brica em Manaus para produzir baterias da gera\u00e7\u00e3o Blade"},"content":{"rendered":"\n<p>Rio de Janeiro &#8211; A fabricante chinesa de ve\u00edculos el\u00e9tricos BYD anunciou nesta ter\u00e7a-feira a expans\u00e3o de sua f\u00e1brica no Centro Industrial de Manaus (capital regional do Amazonas, norte do Brasil) para poder produzir baterias da gera\u00e7\u00e3o Blade , projetados para fabrica\u00e7\u00e3o de \u00f4nibus el\u00e9tricos.<\/p>\n\n\n\n<p>A empresa chinesa tamb\u00e9m anunciou uma nova linha de produ\u00e7\u00e3o de barramentos que atender\u00e1 tanto as f\u00e1bricas localizadas na Zona Franca de Manaus (ZFM) quanto a de S\u00e3o Paulo e uma nova f\u00e1brica na Bahia, que produz ve\u00edculos el\u00e9tricos leves.<\/p>\n\n\n\n<p>Fabricante de ve\u00edculos el\u00e9tricos no Brasil e especializada em tecnologia de energia solar, a BYD instalou-se na Zona Franca de Manaus em 2019 e iniciou a produ\u00e7\u00e3o em 2020. Atualmente fabrica m\u00f3dulos el\u00e9tricos para \u00f4nibus el\u00e9tricos.<\/p>\n\n\n\n<p>Segundo Liza Ribeiro, gerente financeira da f\u00e1brica da BYD, a expans\u00e3o tamb\u00e9m representa aumento de empregos. &#8220;Teremos cerca de 75 a 90 novos empregos. Nossa f\u00e1brica \u00e9 totalmente automatizada, mas criaremos novos empregos&#8221;, disse ela.<\/p>\n\n\n\n<p>Em mar\u00e7o deste ano, os representantes da empresa j\u00e1 atualizaram o estado na Superintend\u00eancia da Zona Franca de Manaus (Suframa) e agradeceram \u00e0 Autarquia pelo apoio no processo de tramita\u00e7\u00e3o e estabelecimento do Processo Produtivo B\u00e1sico (PPB) para o M\u00f3dulo de Bateria para \u00d4nibus El\u00e9trico, homologada pelo Governo Brasileiro.<\/p>\n\n\n\n<p>&#8220;O PPB que t\u00ednhamos muito nos limites, porque precis\u00e1vamos de mais seguran\u00e7a. Solicitamos e hoje nosso novo PPB tem como concep\u00e7\u00e3o a fabrica\u00e7\u00e3o de m\u00f3dulos el\u00e9tricos asf\u00e1lticos ferrosos para \u00f4nibus totalmente destinados \u00e0 produ\u00e7\u00e3o de \u00f4nibus&#8221;, disse Liza Ribeiro.<\/p>\n\n\n\n<p>Por sua vez, o superintendente da Suframa, Bosco Saraiva, destacou os novos investimentos e destacou mais uma vez o compromisso da empresa com a sustentabilidade ambiental.<\/p>\n\n\n\n<p>\u201cA BYD traz para Manaus o que h\u00e1 de mais moderno no segmento de eletrifica\u00e7\u00e3o no Brasil, o que beneficiar\u00e1 diretamente \u00e0 popula\u00e7\u00e3o, principalmente porque tamb\u00e9m contribui para a descarboniza\u00e7\u00e3o da mobilidade no pa\u00eds\u201d, ressaltou.&nbsp;<\/p>\n","protected":false},"excerpt":{"rendered":"<p>Rio de Janeiro &#8211; A fabricante chinesa de ve\u00edculos el\u00e9tricos BYD anunciou nesta ter\u00e7a-feira a expans\u00e3o de sua f\u00e1brica no Centro Industrial de Manaus (capital regional do Amazonas, norte do Brasil) para poder produzir baterias da gera\u00e7\u00e3o Blade , projetados&#8230;<\/p>\n","protected":false},"author":3,"featured_media":23470,"comment_status":"open","ping_status":"open","sticky":false,"template":"","format":"standard","meta":{"footnotes":""},"categories":[1],"tags":[],"class_list":["post-23469","post","type-post","status-publish","format-standard","has-post-thumbnail","hentry","category-geral"],"yoast_head":"<!-- This site is optimized with the Yoast SEO plugin v27.4 - https:\/\/yoast.com\/product\/yoast-seo-wordpress\/ -->\n<title>BYD anuncia expans\u00e3o de sua f\u00e1brica em Manaus para produzir baterias da gera\u00e7\u00e3o Blade - Xinhua - Diario de Pernambuco<\/title>\n<meta name=\"robots\" content=\"index, follow, max-snippet:-1, max-image-preview:large, max-video-preview:-1\" \/>\n<link rel=\"canonical\" href=\"https:\/\/diariodepe.com.br\/xinhua\/2024\/10\/23\/byd-anuncia-expansao-de-sua-fabrica-em-manaus-para-produzir-baterias-da-geracao-blade\/\" \/>\n<meta property=\"og:locale\" content=\"pt_BR\" \/>\n<meta property=\"og:type\" content=\"article\" \/>\n<meta property=\"og:title\" content=\"BYD anuncia expans\u00e3o de sua f\u00e1brica em Manaus para produzir baterias da gera\u00e7\u00e3o Blade - Xinhua - Diario de Pernambuco\" \/>\n<meta property=\"og:description\" content=\"Rio de Janeiro &#8211; A fabricante chinesa de ve\u00edculos el\u00e9tricos BYD anunciou nesta ter\u00e7a-feira a expans\u00e3o de sua f\u00e1brica no Centro Industrial de Manaus (capital regional do Amazonas, norte do Brasil) para poder produzir baterias da gera\u00e7\u00e3o Blade , projetados...\" \/>\n<meta property=\"og:url\" content=\"https:\/\/diariodepe.com.br\/xinhua\/2024\/10\/23\/byd-anuncia-expansao-de-sua-fabrica-em-manaus-para-produzir-baterias-da-geracao-blade\/\" \/>\n<meta property=\"og:site_name\" content=\"Xinhua - Diario de Pernambuco\" \/>\n<meta property=\"article:published_time\" content=\"2024-10-23T13:01:07+00:00\" \/>\n<meta property=\"article:modified_time\" content=\"2024-10-23T13:01:09+00:00\" \/>\n<meta property=\"og:image\" content=\"https:\/\/diariodepe.com.br\/xinhua\/wp-content\/uploads\/sites\/3\/2024\/10\/90c1113a30b648b88ba7a564bf6e5102.jpg\" \/>\n\t<meta property=\"og:image:width\" content=\"1000\" \/>\n\t<meta property=\"og:image:height\" content=\"500\" \/>\n\t<meta property=\"og:image:type\" content=\"image\/jpeg\" \/>\n<meta name=\"author\" content=\"Marcelo Oliveira de A. Maranhao\" \/>\n<meta name=\"twitter:card\" content=\"summary_large_image\" \/>\n<meta name=\"twitter:label1\" content=\"Escrito por\" \/>\n\t<meta name=\"twitter:data1\" content=\"Marcelo Oliveira de A. Maranhao\" \/>\n\t<meta name=\"twitter:label2\" content=\"Est. tempo de leitura\" \/>\n\t<meta name=\"twitter:data2\" content=\"2 minutos\" \/>\n<script type=\"application\/ld+json\" class=\"yoast-schema-graph\">{\"@context\":\"https:\\\/\\\/schema.org\",\"@graph\":[{\"@type\":\"Article\",\"@id\":\"https:\\\/\\\/diariodepe.com.br\\\/xinhua\\\/2024\\\/10\\\/23\\\/byd-anuncia-expansao-de-sua-fabrica-em-manaus-para-produzir-baterias-da-geracao-blade\\\/#article\",\"isPartOf\":{\"@id\":\"https:\\\/\\\/diariodepe.com.br\\\/xinhua\\\/2024\\\/10\\\/23\\\/byd-anuncia-expansao-de-sua-fabrica-em-manaus-para-produzir-baterias-da-geracao-blade\\\/\"},\"author\":{\"name\":\"Marcelo Oliveira de A. Maranhao\",\"@id\":\"https:\\\/\\\/diariodepe.com.br\\\/xinhua\\\/#\\\/schema\\\/person\\\/0943d6fd02bdc7b49c8f495e8787a2cb\"},\"headline\":\"BYD anuncia expans\u00e3o de sua f\u00e1brica em Manaus para produzir baterias da gera\u00e7\u00e3o Blade\",\"datePublished\":\"2024-10-23T13:01:07+00:00\",\"dateModified\":\"2024-10-23T13:01:09+00:00\",\"mainEntityOfPage\":{\"@id\":\"https:\\\/\\\/diariodepe.com.br\\\/xinhua\\\/2024\\\/10\\\/23\\\/byd-anuncia-expansao-de-sua-fabrica-em-manaus-para-produzir-baterias-da-geracao-blade\\\/\"},\"wordCount\":359,\"commentCount\":0,\"publisher\":{\"@id\":\"https:\\\/\\\/diariodepe.com.br\\\/xinhua\\\/#organization\"},\"image\":{\"@id\":\"https:\\\/\\\/diariodepe.com.br\\\/xinhua\\\/2024\\\/10\\\/23\\\/byd-anuncia-expansao-de-sua-fabrica-em-manaus-para-produzir-baterias-da-geracao-blade\\\/#primaryimage\"},\"thumbnailUrl\":\"https:\\\/\\\/diariodepe.com.br\\\/xinhua\\\/wp-content\\\/uploads\\\/sites\\\/3\\\/2024\\\/10\\\/90c1113a30b648b88ba7a564bf6e5102.jpg\",\"articleSection\":[\"Geral\"],\"inLanguage\":\"pt-BR\",\"potentialAction\":[{\"@type\":\"CommentAction\",\"name\":\"Comment\",\"target\":[\"https:\\\/\\\/diariodepe.com.br\\\/xinhua\\\/2024\\\/10\\\/23\\\/byd-anuncia-expansao-de-sua-fabrica-em-manaus-para-produzir-baterias-da-geracao-blade\\\/#respond\"]}]},{\"@type\":\"WebPage\",\"@id\":\"https:\\\/\\\/diariodepe.com.br\\\/xinhua\\\/2024\\\/10\\\/23\\\/byd-anuncia-expansao-de-sua-fabrica-em-manaus-para-produzir-baterias-da-geracao-blade\\\/\",\"url\":\"https:\\\/\\\/diariodepe.com.br\\\/xinhua\\\/2024\\\/10\\\/23\\\/byd-anuncia-expansao-de-sua-fabrica-em-manaus-para-produzir-baterias-da-geracao-blade\\\/\",\"name\":\"BYD anuncia expans\u00e3o de sua f\u00e1brica em Manaus para produzir baterias da gera\u00e7\u00e3o Blade - Xinhua - Diario de Pernambuco\",\"isPartOf\":{\"@id\":\"https:\\\/\\\/diariodepe.com.br\\\/xinhua\\\/#website\"},\"primaryImageOfPage\":{\"@id\":\"https:\\\/\\\/diariodepe.com.br\\\/xinhua\\\/2024\\\/10\\\/23\\\/byd-anuncia-expansao-de-sua-fabrica-em-manaus-para-produzir-baterias-da-geracao-blade\\\/#primaryimage\"},\"image\":{\"@id\":\"https:\\\/\\\/diariodepe.com.br\\\/xinhua\\\/2024\\\/10\\\/23\\\/byd-anuncia-expansao-de-sua-fabrica-em-manaus-para-produzir-baterias-da-geracao-blade\\\/#primaryimage\"},\"thumbnailUrl\":\"https:\\\/\\\/diariodepe.com.br\\\/xinhua\\\/wp-content\\\/uploads\\\/sites\\\/3\\\/2024\\\/10\\\/90c1113a30b648b88ba7a564bf6e5102.jpg\",\"datePublished\":\"2024-10-23T13:01:07+00:00\",\"dateModified\":\"2024-10-23T13:01:09+00:00\",\"breadcrumb\":{\"@id\":\"https:\\\/\\\/diariodepe.com.br\\\/xinhua\\\/2024\\\/10\\\/23\\\/byd-anuncia-expansao-de-sua-fabrica-em-manaus-para-produzir-baterias-da-geracao-blade\\\/#breadcrumb\"},\"inLanguage\":\"pt-BR\",\"potentialAction\":[{\"@type\":\"ReadAction\",\"target\":[\"https:\\\/\\\/diariodepe.com.br\\\/xinhua\\\/2024\\\/10\\\/23\\\/byd-anuncia-expansao-de-sua-fabrica-em-manaus-para-produzir-baterias-da-geracao-blade\\\/\"]}]},{\"@type\":\"ImageObject\",\"inLanguage\":\"pt-BR\",\"@id\":\"https:\\\/\\\/diariodepe.com.br\\\/xinhua\\\/2024\\\/10\\\/23\\\/byd-anuncia-expansao-de-sua-fabrica-em-manaus-para-produzir-baterias-da-geracao-blade\\\/#primaryimage\",\"url\":\"https:\\\/\\\/diariodepe.com.br\\\/xinhua\\\/wp-content\\\/uploads\\\/sites\\\/3\\\/2024\\\/10\\\/90c1113a30b648b88ba7a564bf6e5102.jpg\",\"contentUrl\":\"https:\\\/\\\/diariodepe.com.br\\\/xinhua\\\/wp-content\\\/uploads\\\/sites\\\/3\\\/2024\\\/10\\\/90c1113a30b648b88ba7a564bf6e5102.jpg\",\"width\":1000,\"height\":500,\"caption\":\"(240313) -- MANAOS, 13 marzo, 2024 (Xinhua) -- Vista \u00e1rea tomada con un dron el 12 de marzo de 2024 de la f\u00e1brica de bater\u00edas de BYD, en Manaos, capital del estado de Amazonas, Brasil. BYD Brasil se fund\u00f3 en 2014. Adem\u00e1s de comercializar carretillas elevadoras, camiones, furgonetas y veh\u00edculos de pasajeros el\u00e9ctricos cero emisiones en el mercado brasile\u00f1o, la empresa ha instalado la f\u00e1brica de chasis de autobuses el\u00e9ctricos y la f\u00e1brica de paneles solares ubicadas en Campinas, as\u00ed como la f\u00e1brica de bater\u00edas ubicada en Manaos para satisfacer las demandas del mercado local. La f\u00e1brica de bater\u00edas de Manaos se centra en el ensamblaje de paquetes de bater\u00edas de fosfato de hierro y litio (LiFePO4), proporcionando nueva energ\u00eda confiable para autobuses el\u00e9ctricos a nivel nacional en Brasil. (Xinhua\\\/Wang Tiancong) (ah) (ra) (ce)\"},{\"@type\":\"BreadcrumbList\",\"@id\":\"https:\\\/\\\/diariodepe.com.br\\\/xinhua\\\/2024\\\/10\\\/23\\\/byd-anuncia-expansao-de-sua-fabrica-em-manaus-para-produzir-baterias-da-geracao-blade\\\/#breadcrumb\",\"itemListElement\":[{\"@type\":\"ListItem\",\"position\":1,\"name\":\"In\u00edcio\",\"item\":\"https:\\\/\\\/diariodepe.com.br\\\/xinhua\\\/\"},{\"@type\":\"ListItem\",\"position\":2,\"name\":\"BYD anuncia expans\u00e3o de sua f\u00e1brica em Manaus para produzir baterias da gera\u00e7\u00e3o Blade\"}]},{\"@type\":\"WebSite\",\"@id\":\"https:\\\/\\\/diariodepe.com.br\\\/xinhua\\\/#website\",\"url\":\"https:\\\/\\\/diariodepe.com.br\\\/xinhua\\\/\",\"name\":\"Xinhua - Diario de Pernambuco\",\"description\":\"A maior ag\u00eancia de not\u00edcias da China e um dos principais canais para conhecer o pa\u00eds\",\"publisher\":{\"@id\":\"https:\\\/\\\/diariodepe.com.br\\\/xinhua\\\/#organization\"},\"potentialAction\":[{\"@type\":\"SearchAction\",\"target\":{\"@type\":\"EntryPoint\",\"urlTemplate\":\"https:\\\/\\\/diariodepe.com.br\\\/xinhua\\\/?s={search_term_string}\"},\"query-input\":{\"@type\":\"PropertyValueSpecification\",\"valueRequired\":true,\"valueName\":\"search_term_string\"}}],\"inLanguage\":\"pt-BR\"},{\"@type\":\"Organization\",\"@id\":\"https:\\\/\\\/diariodepe.com.br\\\/xinhua\\\/#organization\",\"name\":\"Xinhua - Diario de Pernambuco\",\"url\":\"https:\\\/\\\/diariodepe.com.br\\\/xinhua\\\/\",\"logo\":{\"@type\":\"ImageObject\",\"inLanguage\":\"pt-BR\",\"@id\":\"https:\\\/\\\/diariodepe.com.br\\\/xinhua\\\/#\\\/schema\\\/logo\\\/image\\\/\",\"url\":\"https:\\\/\\\/diariodepe.com.br\\\/xinhua\\\/wp-content\\\/uploads\\\/sites\\\/3\\\/2020\\\/10\\\/cropped-logo-transparente-2.png\",\"contentUrl\":\"https:\\\/\\\/diariodepe.com.br\\\/xinhua\\\/wp-content\\\/uploads\\\/sites\\\/3\\\/2020\\\/10\\\/cropped-logo-transparente-2.png\",\"width\":512,\"height\":164,\"caption\":\"Xinhua - Diario de Pernambuco\"},\"image\":{\"@id\":\"https:\\\/\\\/diariodepe.com.br\\\/xinhua\\\/#\\\/schema\\\/logo\\\/image\\\/\"}},{\"@type\":\"Person\",\"@id\":\"https:\\\/\\\/diariodepe.com.br\\\/xinhua\\\/#\\\/schema\\\/person\\\/0943d6fd02bdc7b49c8f495e8787a2cb\",\"name\":\"Marcelo Oliveira de A. Maranhao\",\"image\":{\"@type\":\"ImageObject\",\"inLanguage\":\"pt-BR\",\"@id\":\"https:\\\/\\\/secure.gravatar.com\\\/avatar\\\/f562caee940d39879c20e90eea3e4b21860c7d4c96684c23141c554824f0059c?s=96&d=mm&r=g\",\"url\":\"https:\\\/\\\/secure.gravatar.com\\\/avatar\\\/f562caee940d39879c20e90eea3e4b21860c7d4c96684c23141c554824f0059c?s=96&d=mm&r=g\",\"contentUrl\":\"https:\\\/\\\/secure.gravatar.com\\\/avatar\\\/f562caee940d39879c20e90eea3e4b21860c7d4c96684c23141c554824f0059c?s=96&d=mm&r=g\",\"caption\":\"Marcelo Oliveira de A. Maranhao\"},\"url\":\"https:\\\/\\\/diariodepe.com.br\\\/xinhua\\\/author\\\/marcelo-maranhao\\\/\"}]}<\/script>\n<!-- \/ Yoast SEO plugin. -->","yoast_head_json":{"title":"BYD anuncia expans\u00e3o de sua f\u00e1brica em Manaus para produzir baterias da gera\u00e7\u00e3o Blade - Xinhua - Diario de Pernambuco","robots":{"index":"index","follow":"follow","max-snippet":"max-snippet:-1","max-image-preview":"max-image-preview:large","max-video-preview":"max-video-preview:-1"},"canonical":"https:\/\/diariodepe.com.br\/xinhua\/2024\/10\/23\/byd-anuncia-expansao-de-sua-fabrica-em-manaus-para-produzir-baterias-da-geracao-blade\/","og_locale":"pt_BR","og_type":"article","og_title":"BYD anuncia expans\u00e3o de sua f\u00e1brica em Manaus para produzir baterias da gera\u00e7\u00e3o Blade - Xinhua - Diario de Pernambuco","og_description":"Rio de Janeiro &#8211; A fabricante chinesa de ve\u00edculos el\u00e9tricos BYD anunciou nesta ter\u00e7a-feira a expans\u00e3o de sua f\u00e1brica no Centro Industrial de Manaus (capital regional do Amazonas, norte do Brasil) para poder produzir baterias da gera\u00e7\u00e3o Blade , projetados...","og_url":"https:\/\/diariodepe.com.br\/xinhua\/2024\/10\/23\/byd-anuncia-expansao-de-sua-fabrica-em-manaus-para-produzir-baterias-da-geracao-blade\/","og_site_name":"Xinhua - Diario de Pernambuco","article_published_time":"2024-10-23T13:01:07+00:00","article_modified_time":"2024-10-23T13:01:09+00:00","og_image":[{"width":1000,"height":500,"url":"https:\/\/diariodepe.com.br\/xinhua\/wp-content\/uploads\/sites\/3\/2024\/10\/90c1113a30b648b88ba7a564bf6e5102.jpg","type":"image\/jpeg"}],"author":"Marcelo Oliveira de A. Maranhao","twitter_card":"summary_large_image","twitter_misc":{"Escrito por":"Marcelo Oliveira de A. Maranhao","Est. tempo de leitura":"2 minutos"},"schema":{"@context":"https:\/\/schema.org","@graph":[{"@type":"Article","@id":"https:\/\/diariodepe.com.br\/xinhua\/2024\/10\/23\/byd-anuncia-expansao-de-sua-fabrica-em-manaus-para-produzir-baterias-da-geracao-blade\/#article","isPartOf":{"@id":"https:\/\/diariodepe.com.br\/xinhua\/2024\/10\/23\/byd-anuncia-expansao-de-sua-fabrica-em-manaus-para-produzir-baterias-da-geracao-blade\/"},"author":{"name":"Marcelo Oliveira de A. Maranhao","@id":"https:\/\/diariodepe.com.br\/xinhua\/#\/schema\/person\/0943d6fd02bdc7b49c8f495e8787a2cb"},"headline":"BYD anuncia expans\u00e3o de sua f\u00e1brica em Manaus para produzir baterias da gera\u00e7\u00e3o Blade","datePublished":"2024-10-23T13:01:07+00:00","dateModified":"2024-10-23T13:01:09+00:00","mainEntityOfPage":{"@id":"https:\/\/diariodepe.com.br\/xinhua\/2024\/10\/23\/byd-anuncia-expansao-de-sua-fabrica-em-manaus-para-produzir-baterias-da-geracao-blade\/"},"wordCount":359,"commentCount":0,"publisher":{"@id":"https:\/\/diariodepe.com.br\/xinhua\/#organization"},"image":{"@id":"https:\/\/diariodepe.com.br\/xinhua\/2024\/10\/23\/byd-anuncia-expansao-de-sua-fabrica-em-manaus-para-produzir-baterias-da-geracao-blade\/#primaryimage"},"thumbnailUrl":"https:\/\/diariodepe.com.br\/xinhua\/wp-content\/uploads\/sites\/3\/2024\/10\/90c1113a30b648b88ba7a564bf6e5102.jpg","articleSection":["Geral"],"inLanguage":"pt-BR","potentialAction":[{"@type":"CommentAction","name":"Comment","target":["https:\/\/diariodepe.com.br\/xinhua\/2024\/10\/23\/byd-anuncia-expansao-de-sua-fabrica-em-manaus-para-produzir-baterias-da-geracao-blade\/#respond"]}]},{"@type":"WebPage","@id":"https:\/\/diariodepe.com.br\/xinhua\/2024\/10\/23\/byd-anuncia-expansao-de-sua-fabrica-em-manaus-para-produzir-baterias-da-geracao-blade\/","url":"https:\/\/diariodepe.com.br\/xinhua\/2024\/10\/23\/byd-anuncia-expansao-de-sua-fabrica-em-manaus-para-produzir-baterias-da-geracao-blade\/","name":"BYD anuncia expans\u00e3o de sua f\u00e1brica em Manaus para produzir baterias da gera\u00e7\u00e3o Blade - Xinhua - Diario de Pernambuco","isPartOf":{"@id":"https:\/\/diariodepe.com.br\/xinhua\/#website"},"primaryImageOfPage":{"@id":"https:\/\/diariodepe.com.br\/xinhua\/2024\/10\/23\/byd-anuncia-expansao-de-sua-fabrica-em-manaus-para-produzir-baterias-da-geracao-blade\/#primaryimage"},"image":{"@id":"https:\/\/diariodepe.com.br\/xinhua\/2024\/10\/23\/byd-anuncia-expansao-de-sua-fabrica-em-manaus-para-produzir-baterias-da-geracao-blade\/#primaryimage"},"thumbnailUrl":"https:\/\/diariodepe.com.br\/xinhua\/wp-content\/uploads\/sites\/3\/2024\/10\/90c1113a30b648b88ba7a564bf6e5102.jpg","datePublished":"2024-10-23T13:01:07+00:00","dateModified":"2024-10-23T13:01:09+00:00","breadcrumb":{"@id":"https:\/\/diariodepe.com.br\/xinhua\/2024\/10\/23\/byd-anuncia-expansao-de-sua-fabrica-em-manaus-para-produzir-baterias-da-geracao-blade\/#breadcrumb"},"inLanguage":"pt-BR","potentialAction":[{"@type":"ReadAction","target":["https:\/\/diariodepe.com.br\/xinhua\/2024\/10\/23\/byd-anuncia-expansao-de-sua-fabrica-em-manaus-para-produzir-baterias-da-geracao-blade\/"]}]},{"@type":"ImageObject","inLanguage":"pt-BR","@id":"https:\/\/diariodepe.com.br\/xinhua\/2024\/10\/23\/byd-anuncia-expansao-de-sua-fabrica-em-manaus-para-produzir-baterias-da-geracao-blade\/#primaryimage","url":"https:\/\/diariodepe.com.br\/xinhua\/wp-content\/uploads\/sites\/3\/2024\/10\/90c1113a30b648b88ba7a564bf6e5102.jpg","contentUrl":"https:\/\/diariodepe.com.br\/xinhua\/wp-content\/uploads\/sites\/3\/2024\/10\/90c1113a30b648b88ba7a564bf6e5102.jpg","width":1000,"height":500,"caption":"(240313) -- MANAOS, 13 marzo, 2024 (Xinhua) -- Vista \u00e1rea tomada con un dron el 12 de marzo de 2024 de la f\u00e1brica de bater\u00edas de BYD, en Manaos, capital del estado de Amazonas, Brasil. BYD Brasil se fund\u00f3 en 2014. Adem\u00e1s de comercializar carretillas elevadoras, camiones, furgonetas y veh\u00edculos de pasajeros el\u00e9ctricos cero emisiones en el mercado brasile\u00f1o, la empresa ha instalado la f\u00e1brica de chasis de autobuses el\u00e9ctricos y la f\u00e1brica de paneles solares ubicadas en Campinas, as\u00ed como la f\u00e1brica de bater\u00edas ubicada en Manaos para satisfacer las demandas del mercado local. La f\u00e1brica de bater\u00edas de Manaos se centra en el ensamblaje de paquetes de bater\u00edas de fosfato de hierro y litio (LiFePO4), proporcionando nueva energ\u00eda confiable para autobuses el\u00e9ctricos a nivel nacional en Brasil. (Xinhua\/Wang Tiancong) (ah) (ra) (ce)"},{"@type":"BreadcrumbList","@id":"https:\/\/diariodepe.com.br\/xinhua\/2024\/10\/23\/byd-anuncia-expansao-de-sua-fabrica-em-manaus-para-produzir-baterias-da-geracao-blade\/#breadcrumb","itemListElement":[{"@type":"ListItem","position":1,"name":"In\u00edcio","item":"https:\/\/diariodepe.com.br\/xinhua\/"},{"@type":"ListItem","position":2,"name":"BYD anuncia expans\u00e3o de sua f\u00e1brica em Manaus para produzir baterias da gera\u00e7\u00e3o Blade"}]},{"@type":"WebSite","@id":"https:\/\/diariodepe.com.br\/xinhua\/#website","url":"https:\/\/diariodepe.com.br\/xinhua\/","name":"Xinhua - Diario de Pernambuco","description":"A maior ag\u00eancia de not\u00edcias da China e um dos principais canais para conhecer o pa\u00eds","publisher":{"@id":"https:\/\/diariodepe.com.br\/xinhua\/#organization"},"potentialAction":[{"@type":"SearchAction","target":{"@type":"EntryPoint","urlTemplate":"https:\/\/diariodepe.com.br\/xinhua\/?s={search_term_string}"},"query-input":{"@type":"PropertyValueSpecification","valueRequired":true,"valueName":"search_term_string"}}],"inLanguage":"pt-BR"},{"@type":"Organization","@id":"https:\/\/diariodepe.com.br\/xinhua\/#organization","name":"Xinhua - Diario de Pernambuco","url":"https:\/\/diariodepe.com.br\/xinhua\/","logo":{"@type":"ImageObject","inLanguage":"pt-BR","@id":"https:\/\/diariodepe.com.br\/xinhua\/#\/schema\/logo\/image\/","url":"https:\/\/diariodepe.com.br\/xinhua\/wp-content\/uploads\/sites\/3\/2020\/10\/cropped-logo-transparente-2.png","contentUrl":"https:\/\/diariodepe.com.br\/xinhua\/wp-content\/uploads\/sites\/3\/2020\/10\/cropped-logo-transparente-2.png","width":512,"height":164,"caption":"Xinhua - Diario de Pernambuco"},"image":{"@id":"https:\/\/diariodepe.com.br\/xinhua\/#\/schema\/logo\/image\/"}},{"@type":"Person","@id":"https:\/\/diariodepe.com.br\/xinhua\/#\/schema\/person\/0943d6fd02bdc7b49c8f495e8787a2cb","name":"Marcelo Oliveira de A. Maranhao","image":{"@type":"ImageObject","inLanguage":"pt-BR","@id":"https:\/\/secure.gravatar.com\/avatar\/f562caee940d39879c20e90eea3e4b21860c7d4c96684c23141c554824f0059c?s=96&d=mm&r=g","url":"https:\/\/secure.gravatar.com\/avatar\/f562caee940d39879c20e90eea3e4b21860c7d4c96684c23141c554824f0059c?s=96&d=mm&r=g","contentUrl":"https:\/\/secure.gravatar.com\/avatar\/f562caee940d39879c20e90eea3e4b21860c7d4c96684c23141c554824f0059c?s=96&d=mm&r=g","caption":"Marcelo Oliveira de A. Maranhao"},"url":"https:\/\/diariodepe.com.br\/xinhua\/author\/marcelo-maranhao\/"}]}},"cc_featured_image_caption":{"caption_text":"","source_text":"","source_url":""},"amp_enabled":true,"_links":{"self":[{"href":"https:\/\/diariodepe.com.br\/xinhua\/wp-json\/wp\/v2\/posts\/23469","targetHints":{"allow":["GET"]}}],"collection":[{"href":"https:\/\/diariodepe.com.br\/xinhua\/wp-json\/wp\/v2\/posts"}],"about":[{"href":"https:\/\/diariodepe.com.br\/xinhua\/wp-json\/wp\/v2\/types\/post"}],"author":[{"embeddable":true,"href":"https:\/\/diariodepe.com.br\/xinhua\/wp-json\/wp\/v2\/users\/3"}],"replies":[{"embeddable":true,"href":"https:\/\/diariodepe.com.br\/xinhua\/wp-json\/wp\/v2\/comments?post=23469"}],"version-history":[{"count":1,"href":"https:\/\/diariodepe.com.br\/xinhua\/wp-json\/wp\/v2\/posts\/23469\/revisions"}],"predecessor-version":[{"id":23471,"href":"https:\/\/diariodepe.com.br\/xinhua\/wp-json\/wp\/v2\/posts\/23469\/revisions\/23471"}],"wp:featuredmedia":[{"embeddable":true,"href":"https:\/\/diariodepe.com.br\/xinhua\/wp-json\/wp\/v2\/media\/23470"}],"wp:attachment":[{"href":"https:\/\/diariodepe.com.br\/xinhua\/wp-json\/wp\/v2\/media?parent=23469"}],"wp:term":[{"taxonomy":"category","embeddable":true,"href":"https:\/\/diariodepe.com.br\/xinhua\/wp-json\/wp\/v2\/categories?post=23469"},{"taxonomy":"post_tag","embeddable":true,"href":"https:\/\/diariodepe.com.br\/xinhua\/wp-json\/wp\/v2\/tags?post=23469"}],"curies":[{"name":"wp","href":"https:\/\/api.w.org\/{rel}","templated":true}]}}