{"id":23439,"date":"2024-10-22T09:57:38","date_gmt":"2024-10-22T12:57:38","guid":{"rendered":"https:\/\/www.diariodepe.com.br\/xinhua\/?p=23439"},"modified":"2024-10-22T09:57:39","modified_gmt":"2024-10-22T12:57:39","slug":"brasil-afirma-que-cupula-do-brics-tera-foco-na-cooperacao-e-na-adesao-de-novos-membros","status":"publish","type":"post","link":"https:\/\/diariodepe.com.br\/xinhua\/2024\/10\/22\/brasil-afirma-que-cupula-do-brics-tera-foco-na-cooperacao-e-na-adesao-de-novos-membros\/","title":{"rendered":"Brasil afirma que c\u00fapula do BRICS ter\u00e1 foco na coopera\u00e7\u00e3o e na ades\u00e3o de novos membros"},"content":{"rendered":"\n<p>Rio de Janeiro &#8211; O ministro das Rela\u00e7\u00f5es Exteriores do Brasil, Mauro Vieira, que representa o pa\u00eds na 16\u00aa C\u00fapula do BRICS, realizada esta semana em Kazan, na R\u00fassia, disse nesta segunda-feira que a reuni\u00e3o deve concentra-se na coopera\u00e7\u00e3o entre os pa\u00edses membros e na ades\u00e3o de novos pa\u00edses.<\/p>\n\n\n\n<p>Vieira, que liderou a delega\u00e7\u00e3o brasileira na c\u00fapula devido \u00e0 aus\u00eancia do presidente Luiz In\u00e1cio Lula da Silva, que sofreu um acidente dom\u00e9stico, disse \u00e0 imprensa que &#8220;aqui no BRICS a quest\u00e3o \u00e9 a coopera\u00e7\u00e3o entre os pa\u00edses membros&#8221;.<\/p>\n\n\n\n<p>Segundo Vieira, a agenda visa fortalecer a parceria entre os pa\u00edses membros, e tamb\u00e9m dever\u00e1 concentrar-se na discuss\u00e3o da modalidade de ades\u00e3o associada ao bloco. At\u00e9 agora, quase 30 pa\u00edses manifestaram interesse em aderir ao grupo.<\/p>\n\n\n\n<p>\u201cO BRICS, com a sua expans\u00e3o, \u00e9 um processo em forma\u00e7\u00e3o, e os chefes de Estado v\u00e3o discutir todos os assuntos que est\u00e3o na agenda, que s\u00e3o os novos parceiros e as modalidades de participa\u00e7\u00e3o no bloco\u201d, explicou o chefe da delega\u00e7\u00e3o brasileira .<\/p>\n\n\n\n<p>Segundo diplomatas brasileiros, um dos destaques da c\u00fapula deste ano \u00e9 a defini\u00e7\u00e3o dos crit\u00e9rios para novos membros inclu\u00eddos no bloco, n\u00e3o como membros permanentes, mas como membros associados. Uma vez definidos os crit\u00e9rios, espera-se que os novos membros associados sejam anunciados.<\/p>\n\n\n\n<p>A 16\u00aa C\u00fapula do BRICS, que ser\u00e1 realizada de 22 a 24 de outubro em Kazan, ser\u00e1 o primeiro encontro do grupo com os novos membros que se juntaram ao bloco neste ano.<\/p>\n\n\n\n<p>O governo russo informou que 32 pa\u00edses confirmaram a presen\u00e7a no evento, 23 deles representados por chefes de Estado.<\/p>\n","protected":false},"excerpt":{"rendered":"<p>Rio de Janeiro &#8211; O ministro das Rela\u00e7\u00f5es Exteriores do Brasil, Mauro Vieira, que representa o pa\u00eds na 16\u00aa C\u00fapula do BRICS, realizada esta semana em Kazan, na R\u00fassia, disse nesta segunda-feira que a reuni\u00e3o deve concentra-se na coopera\u00e7\u00e3o entre&#8230;<\/p>\n","protected":false},"author":3,"featured_media":23440,"comment_status":"open","ping_status":"open","sticky":false,"template":"","format":"standard","meta":{"footnotes":""},"categories":[4],"tags":[],"class_list":["post-23439","post","type-post","status-publish","format-standard","has-post-thumbnail","hentry","category-internacional"],"yoast_head":"<!-- This site is optimized with the Yoast SEO plugin v27.4 - https:\/\/yoast.com\/product\/yoast-seo-wordpress\/ -->\n<title>Brasil afirma que c\u00fapula do BRICS ter\u00e1 foco na coopera\u00e7\u00e3o e na ades\u00e3o de novos membros - Xinhua - Diario de Pernambuco<\/title>\n<meta name=\"robots\" content=\"index, follow, max-snippet:-1, max-image-preview:large, max-video-preview:-1\" \/>\n<link rel=\"canonical\" href=\"https:\/\/diariodepe.com.br\/xinhua\/2024\/10\/22\/brasil-afirma-que-cupula-do-brics-tera-foco-na-cooperacao-e-na-adesao-de-novos-membros\/\" \/>\n<meta property=\"og:locale\" content=\"pt_BR\" \/>\n<meta property=\"og:type\" content=\"article\" \/>\n<meta property=\"og:title\" content=\"Brasil afirma que c\u00fapula do BRICS ter\u00e1 foco na coopera\u00e7\u00e3o e na ades\u00e3o de novos membros - Xinhua - Diario de Pernambuco\" \/>\n<meta property=\"og:description\" content=\"Rio de Janeiro &#8211; O ministro das Rela\u00e7\u00f5es Exteriores do Brasil, Mauro Vieira, que representa o pa\u00eds na 16\u00aa C\u00fapula do BRICS, realizada esta semana em Kazan, na R\u00fassia, disse nesta segunda-feira que a reuni\u00e3o deve concentra-se na coopera\u00e7\u00e3o entre...\" \/>\n<meta property=\"og:url\" content=\"https:\/\/diariodepe.com.br\/xinhua\/2024\/10\/22\/brasil-afirma-que-cupula-do-brics-tera-foco-na-cooperacao-e-na-adesao-de-novos-membros\/\" \/>\n<meta property=\"og:site_name\" content=\"Xinhua - Diario de Pernambuco\" \/>\n<meta property=\"article:published_time\" content=\"2024-10-22T12:57:38+00:00\" \/>\n<meta property=\"article:modified_time\" content=\"2024-10-22T12:57:39+00:00\" \/>\n<meta property=\"og:image\" content=\"https:\/\/diariodepe.com.br\/xinhua\/wp-content\/uploads\/sites\/3\/2024\/10\/66e645bf8c184f388b903c9a77e439bf.jpg\" \/>\n\t<meta property=\"og:image:width\" content=\"1000\" \/>\n\t<meta property=\"og:image:height\" content=\"500\" \/>\n\t<meta property=\"og:image:type\" content=\"image\/jpeg\" \/>\n<meta name=\"author\" content=\"Marcelo Oliveira de A. Maranhao\" \/>\n<meta name=\"twitter:card\" content=\"summary_large_image\" \/>\n<meta name=\"twitter:label1\" content=\"Escrito por\" \/>\n\t<meta name=\"twitter:data1\" content=\"Marcelo Oliveira de A. Maranhao\" \/>\n\t<meta name=\"twitter:label2\" content=\"Est. tempo de leitura\" \/>\n\t<meta name=\"twitter:data2\" content=\"2 minutos\" \/>\n<script type=\"application\/ld+json\" class=\"yoast-schema-graph\">{\"@context\":\"https:\\\/\\\/schema.org\",\"@graph\":[{\"@type\":\"Article\",\"@id\":\"https:\\\/\\\/diariodepe.com.br\\\/xinhua\\\/2024\\\/10\\\/22\\\/brasil-afirma-que-cupula-do-brics-tera-foco-na-cooperacao-e-na-adesao-de-novos-membros\\\/#article\",\"isPartOf\":{\"@id\":\"https:\\\/\\\/diariodepe.com.br\\\/xinhua\\\/2024\\\/10\\\/22\\\/brasil-afirma-que-cupula-do-brics-tera-foco-na-cooperacao-e-na-adesao-de-novos-membros\\\/\"},\"author\":{\"name\":\"Marcelo Oliveira de A. Maranhao\",\"@id\":\"https:\\\/\\\/diariodepe.com.br\\\/xinhua\\\/#\\\/schema\\\/person\\\/0943d6fd02bdc7b49c8f495e8787a2cb\"},\"headline\":\"Brasil afirma que c\u00fapula do BRICS ter\u00e1 foco na coopera\u00e7\u00e3o e na ades\u00e3o de novos membros\",\"datePublished\":\"2024-10-22T12:57:38+00:00\",\"dateModified\":\"2024-10-22T12:57:39+00:00\",\"mainEntityOfPage\":{\"@id\":\"https:\\\/\\\/diariodepe.com.br\\\/xinhua\\\/2024\\\/10\\\/22\\\/brasil-afirma-que-cupula-do-brics-tera-foco-na-cooperacao-e-na-adesao-de-novos-membros\\\/\"},\"wordCount\":306,\"commentCount\":0,\"publisher\":{\"@id\":\"https:\\\/\\\/diariodepe.com.br\\\/xinhua\\\/#organization\"},\"image\":{\"@id\":\"https:\\\/\\\/diariodepe.com.br\\\/xinhua\\\/2024\\\/10\\\/22\\\/brasil-afirma-que-cupula-do-brics-tera-foco-na-cooperacao-e-na-adesao-de-novos-membros\\\/#primaryimage\"},\"thumbnailUrl\":\"https:\\\/\\\/diariodepe.com.br\\\/xinhua\\\/wp-content\\\/uploads\\\/sites\\\/3\\\/2024\\\/10\\\/66e645bf8c184f388b903c9a77e439bf.jpg\",\"articleSection\":[\"Internacional\"],\"inLanguage\":\"pt-BR\",\"potentialAction\":[{\"@type\":\"CommentAction\",\"name\":\"Comment\",\"target\":[\"https:\\\/\\\/diariodepe.com.br\\\/xinhua\\\/2024\\\/10\\\/22\\\/brasil-afirma-que-cupula-do-brics-tera-foco-na-cooperacao-e-na-adesao-de-novos-membros\\\/#respond\"]}]},{\"@type\":\"WebPage\",\"@id\":\"https:\\\/\\\/diariodepe.com.br\\\/xinhua\\\/2024\\\/10\\\/22\\\/brasil-afirma-que-cupula-do-brics-tera-foco-na-cooperacao-e-na-adesao-de-novos-membros\\\/\",\"url\":\"https:\\\/\\\/diariodepe.com.br\\\/xinhua\\\/2024\\\/10\\\/22\\\/brasil-afirma-que-cupula-do-brics-tera-foco-na-cooperacao-e-na-adesao-de-novos-membros\\\/\",\"name\":\"Brasil afirma que c\u00fapula do BRICS ter\u00e1 foco na coopera\u00e7\u00e3o e na ades\u00e3o de novos membros - Xinhua - Diario de Pernambuco\",\"isPartOf\":{\"@id\":\"https:\\\/\\\/diariodepe.com.br\\\/xinhua\\\/#website\"},\"primaryImageOfPage\":{\"@id\":\"https:\\\/\\\/diariodepe.com.br\\\/xinhua\\\/2024\\\/10\\\/22\\\/brasil-afirma-que-cupula-do-brics-tera-foco-na-cooperacao-e-na-adesao-de-novos-membros\\\/#primaryimage\"},\"image\":{\"@id\":\"https:\\\/\\\/diariodepe.com.br\\\/xinhua\\\/2024\\\/10\\\/22\\\/brasil-afirma-que-cupula-do-brics-tera-foco-na-cooperacao-e-na-adesao-de-novos-membros\\\/#primaryimage\"},\"thumbnailUrl\":\"https:\\\/\\\/diariodepe.com.br\\\/xinhua\\\/wp-content\\\/uploads\\\/sites\\\/3\\\/2024\\\/10\\\/66e645bf8c184f388b903c9a77e439bf.jpg\",\"datePublished\":\"2024-10-22T12:57:38+00:00\",\"dateModified\":\"2024-10-22T12:57:39+00:00\",\"breadcrumb\":{\"@id\":\"https:\\\/\\\/diariodepe.com.br\\\/xinhua\\\/2024\\\/10\\\/22\\\/brasil-afirma-que-cupula-do-brics-tera-foco-na-cooperacao-e-na-adesao-de-novos-membros\\\/#breadcrumb\"},\"inLanguage\":\"pt-BR\",\"potentialAction\":[{\"@type\":\"ReadAction\",\"target\":[\"https:\\\/\\\/diariodepe.com.br\\\/xinhua\\\/2024\\\/10\\\/22\\\/brasil-afirma-que-cupula-do-brics-tera-foco-na-cooperacao-e-na-adesao-de-novos-membros\\\/\"]}]},{\"@type\":\"ImageObject\",\"inLanguage\":\"pt-BR\",\"@id\":\"https:\\\/\\\/diariodepe.com.br\\\/xinhua\\\/2024\\\/10\\\/22\\\/brasil-afirma-que-cupula-do-brics-tera-foco-na-cooperacao-e-na-adesao-de-novos-membros\\\/#primaryimage\",\"url\":\"https:\\\/\\\/diariodepe.com.br\\\/xinhua\\\/wp-content\\\/uploads\\\/sites\\\/3\\\/2024\\\/10\\\/66e645bf8c184f388b903c9a77e439bf.jpg\",\"contentUrl\":\"https:\\\/\\\/diariodepe.com.br\\\/xinhua\\\/wp-content\\\/uploads\\\/sites\\\/3\\\/2024\\\/10\\\/66e645bf8c184f388b903c9a77e439bf.jpg\",\"width\":1000,\"height\":500},{\"@type\":\"BreadcrumbList\",\"@id\":\"https:\\\/\\\/diariodepe.com.br\\\/xinhua\\\/2024\\\/10\\\/22\\\/brasil-afirma-que-cupula-do-brics-tera-foco-na-cooperacao-e-na-adesao-de-novos-membros\\\/#breadcrumb\",\"itemListElement\":[{\"@type\":\"ListItem\",\"position\":1,\"name\":\"In\u00edcio\",\"item\":\"https:\\\/\\\/diariodepe.com.br\\\/xinhua\\\/\"},{\"@type\":\"ListItem\",\"position\":2,\"name\":\"Brasil afirma que c\u00fapula do BRICS ter\u00e1 foco na coopera\u00e7\u00e3o e na ades\u00e3o de novos membros\"}]},{\"@type\":\"WebSite\",\"@id\":\"https:\\\/\\\/diariodepe.com.br\\\/xinhua\\\/#website\",\"url\":\"https:\\\/\\\/diariodepe.com.br\\\/xinhua\\\/\",\"name\":\"Xinhua - Diario de Pernambuco\",\"description\":\"A maior ag\u00eancia de not\u00edcias da China e um dos principais canais para conhecer o pa\u00eds\",\"publisher\":{\"@id\":\"https:\\\/\\\/diariodepe.com.br\\\/xinhua\\\/#organization\"},\"potentialAction\":[{\"@type\":\"SearchAction\",\"target\":{\"@type\":\"EntryPoint\",\"urlTemplate\":\"https:\\\/\\\/diariodepe.com.br\\\/xinhua\\\/?s={search_term_string}\"},\"query-input\":{\"@type\":\"PropertyValueSpecification\",\"valueRequired\":true,\"valueName\":\"search_term_string\"}}],\"inLanguage\":\"pt-BR\"},{\"@type\":\"Organization\",\"@id\":\"https:\\\/\\\/diariodepe.com.br\\\/xinhua\\\/#organization\",\"name\":\"Xinhua - Diario de Pernambuco\",\"url\":\"https:\\\/\\\/diariodepe.com.br\\\/xinhua\\\/\",\"logo\":{\"@type\":\"ImageObject\",\"inLanguage\":\"pt-BR\",\"@id\":\"https:\\\/\\\/diariodepe.com.br\\\/xinhua\\\/#\\\/schema\\\/logo\\\/image\\\/\",\"url\":\"https:\\\/\\\/diariodepe.com.br\\\/xinhua\\\/wp-content\\\/uploads\\\/sites\\\/3\\\/2020\\\/10\\\/cropped-logo-transparente-2.png\",\"contentUrl\":\"https:\\\/\\\/diariodepe.com.br\\\/xinhua\\\/wp-content\\\/uploads\\\/sites\\\/3\\\/2020\\\/10\\\/cropped-logo-transparente-2.png\",\"width\":512,\"height\":164,\"caption\":\"Xinhua - Diario de Pernambuco\"},\"image\":{\"@id\":\"https:\\\/\\\/diariodepe.com.br\\\/xinhua\\\/#\\\/schema\\\/logo\\\/image\\\/\"}},{\"@type\":\"Person\",\"@id\":\"https:\\\/\\\/diariodepe.com.br\\\/xinhua\\\/#\\\/schema\\\/person\\\/0943d6fd02bdc7b49c8f495e8787a2cb\",\"name\":\"Marcelo Oliveira de A. Maranhao\",\"image\":{\"@type\":\"ImageObject\",\"inLanguage\":\"pt-BR\",\"@id\":\"https:\\\/\\\/secure.gravatar.com\\\/avatar\\\/f562caee940d39879c20e90eea3e4b21860c7d4c96684c23141c554824f0059c?s=96&d=mm&r=g\",\"url\":\"https:\\\/\\\/secure.gravatar.com\\\/avatar\\\/f562caee940d39879c20e90eea3e4b21860c7d4c96684c23141c554824f0059c?s=96&d=mm&r=g\",\"contentUrl\":\"https:\\\/\\\/secure.gravatar.com\\\/avatar\\\/f562caee940d39879c20e90eea3e4b21860c7d4c96684c23141c554824f0059c?s=96&d=mm&r=g\",\"caption\":\"Marcelo Oliveira de A. Maranhao\"},\"url\":\"https:\\\/\\\/diariodepe.com.br\\\/xinhua\\\/author\\\/marcelo-maranhao\\\/\"}]}<\/script>\n<!-- \/ Yoast SEO plugin. -->","yoast_head_json":{"title":"Brasil afirma que c\u00fapula do BRICS ter\u00e1 foco na coopera\u00e7\u00e3o e na ades\u00e3o de novos membros - Xinhua - Diario de Pernambuco","robots":{"index":"index","follow":"follow","max-snippet":"max-snippet:-1","max-image-preview":"max-image-preview:large","max-video-preview":"max-video-preview:-1"},"canonical":"https:\/\/diariodepe.com.br\/xinhua\/2024\/10\/22\/brasil-afirma-que-cupula-do-brics-tera-foco-na-cooperacao-e-na-adesao-de-novos-membros\/","og_locale":"pt_BR","og_type":"article","og_title":"Brasil afirma que c\u00fapula do BRICS ter\u00e1 foco na coopera\u00e7\u00e3o e na ades\u00e3o de novos membros - Xinhua - Diario de Pernambuco","og_description":"Rio de Janeiro &#8211; O ministro das Rela\u00e7\u00f5es Exteriores do Brasil, Mauro Vieira, que representa o pa\u00eds na 16\u00aa C\u00fapula do BRICS, realizada esta semana em Kazan, na R\u00fassia, disse nesta segunda-feira que a reuni\u00e3o deve concentra-se na coopera\u00e7\u00e3o entre...","og_url":"https:\/\/diariodepe.com.br\/xinhua\/2024\/10\/22\/brasil-afirma-que-cupula-do-brics-tera-foco-na-cooperacao-e-na-adesao-de-novos-membros\/","og_site_name":"Xinhua - Diario de Pernambuco","article_published_time":"2024-10-22T12:57:38+00:00","article_modified_time":"2024-10-22T12:57:39+00:00","og_image":[{"width":1000,"height":500,"url":"https:\/\/diariodepe.com.br\/xinhua\/wp-content\/uploads\/sites\/3\/2024\/10\/66e645bf8c184f388b903c9a77e439bf.jpg","type":"image\/jpeg"}],"author":"Marcelo Oliveira de A. Maranhao","twitter_card":"summary_large_image","twitter_misc":{"Escrito por":"Marcelo Oliveira de A. Maranhao","Est. tempo de leitura":"2 minutos"},"schema":{"@context":"https:\/\/schema.org","@graph":[{"@type":"Article","@id":"https:\/\/diariodepe.com.br\/xinhua\/2024\/10\/22\/brasil-afirma-que-cupula-do-brics-tera-foco-na-cooperacao-e-na-adesao-de-novos-membros\/#article","isPartOf":{"@id":"https:\/\/diariodepe.com.br\/xinhua\/2024\/10\/22\/brasil-afirma-que-cupula-do-brics-tera-foco-na-cooperacao-e-na-adesao-de-novos-membros\/"},"author":{"name":"Marcelo Oliveira de A. Maranhao","@id":"https:\/\/diariodepe.com.br\/xinhua\/#\/schema\/person\/0943d6fd02bdc7b49c8f495e8787a2cb"},"headline":"Brasil afirma que c\u00fapula do BRICS ter\u00e1 foco na coopera\u00e7\u00e3o e na ades\u00e3o de novos membros","datePublished":"2024-10-22T12:57:38+00:00","dateModified":"2024-10-22T12:57:39+00:00","mainEntityOfPage":{"@id":"https:\/\/diariodepe.com.br\/xinhua\/2024\/10\/22\/brasil-afirma-que-cupula-do-brics-tera-foco-na-cooperacao-e-na-adesao-de-novos-membros\/"},"wordCount":306,"commentCount":0,"publisher":{"@id":"https:\/\/diariodepe.com.br\/xinhua\/#organization"},"image":{"@id":"https:\/\/diariodepe.com.br\/xinhua\/2024\/10\/22\/brasil-afirma-que-cupula-do-brics-tera-foco-na-cooperacao-e-na-adesao-de-novos-membros\/#primaryimage"},"thumbnailUrl":"https:\/\/diariodepe.com.br\/xinhua\/wp-content\/uploads\/sites\/3\/2024\/10\/66e645bf8c184f388b903c9a77e439bf.jpg","articleSection":["Internacional"],"inLanguage":"pt-BR","potentialAction":[{"@type":"CommentAction","name":"Comment","target":["https:\/\/diariodepe.com.br\/xinhua\/2024\/10\/22\/brasil-afirma-que-cupula-do-brics-tera-foco-na-cooperacao-e-na-adesao-de-novos-membros\/#respond"]}]},{"@type":"WebPage","@id":"https:\/\/diariodepe.com.br\/xinhua\/2024\/10\/22\/brasil-afirma-que-cupula-do-brics-tera-foco-na-cooperacao-e-na-adesao-de-novos-membros\/","url":"https:\/\/diariodepe.com.br\/xinhua\/2024\/10\/22\/brasil-afirma-que-cupula-do-brics-tera-foco-na-cooperacao-e-na-adesao-de-novos-membros\/","name":"Brasil afirma que c\u00fapula do BRICS ter\u00e1 foco na coopera\u00e7\u00e3o e na ades\u00e3o de novos membros - Xinhua - Diario de Pernambuco","isPartOf":{"@id":"https:\/\/diariodepe.com.br\/xinhua\/#website"},"primaryImageOfPage":{"@id":"https:\/\/diariodepe.com.br\/xinhua\/2024\/10\/22\/brasil-afirma-que-cupula-do-brics-tera-foco-na-cooperacao-e-na-adesao-de-novos-membros\/#primaryimage"},"image":{"@id":"https:\/\/diariodepe.com.br\/xinhua\/2024\/10\/22\/brasil-afirma-que-cupula-do-brics-tera-foco-na-cooperacao-e-na-adesao-de-novos-membros\/#primaryimage"},"thumbnailUrl":"https:\/\/diariodepe.com.br\/xinhua\/wp-content\/uploads\/sites\/3\/2024\/10\/66e645bf8c184f388b903c9a77e439bf.jpg","datePublished":"2024-10-22T12:57:38+00:00","dateModified":"2024-10-22T12:57:39+00:00","breadcrumb":{"@id":"https:\/\/diariodepe.com.br\/xinhua\/2024\/10\/22\/brasil-afirma-que-cupula-do-brics-tera-foco-na-cooperacao-e-na-adesao-de-novos-membros\/#breadcrumb"},"inLanguage":"pt-BR","potentialAction":[{"@type":"ReadAction","target":["https:\/\/diariodepe.com.br\/xinhua\/2024\/10\/22\/brasil-afirma-que-cupula-do-brics-tera-foco-na-cooperacao-e-na-adesao-de-novos-membros\/"]}]},{"@type":"ImageObject","inLanguage":"pt-BR","@id":"https:\/\/diariodepe.com.br\/xinhua\/2024\/10\/22\/brasil-afirma-que-cupula-do-brics-tera-foco-na-cooperacao-e-na-adesao-de-novos-membros\/#primaryimage","url":"https:\/\/diariodepe.com.br\/xinhua\/wp-content\/uploads\/sites\/3\/2024\/10\/66e645bf8c184f388b903c9a77e439bf.jpg","contentUrl":"https:\/\/diariodepe.com.br\/xinhua\/wp-content\/uploads\/sites\/3\/2024\/10\/66e645bf8c184f388b903c9a77e439bf.jpg","width":1000,"height":500},{"@type":"BreadcrumbList","@id":"https:\/\/diariodepe.com.br\/xinhua\/2024\/10\/22\/brasil-afirma-que-cupula-do-brics-tera-foco-na-cooperacao-e-na-adesao-de-novos-membros\/#breadcrumb","itemListElement":[{"@type":"ListItem","position":1,"name":"In\u00edcio","item":"https:\/\/diariodepe.com.br\/xinhua\/"},{"@type":"ListItem","position":2,"name":"Brasil afirma que c\u00fapula do BRICS ter\u00e1 foco na coopera\u00e7\u00e3o e na ades\u00e3o de novos membros"}]},{"@type":"WebSite","@id":"https:\/\/diariodepe.com.br\/xinhua\/#website","url":"https:\/\/diariodepe.com.br\/xinhua\/","name":"Xinhua - Diario de Pernambuco","description":"A maior ag\u00eancia de not\u00edcias da China e um dos principais canais para conhecer o pa\u00eds","publisher":{"@id":"https:\/\/diariodepe.com.br\/xinhua\/#organization"},"potentialAction":[{"@type":"SearchAction","target":{"@type":"EntryPoint","urlTemplate":"https:\/\/diariodepe.com.br\/xinhua\/?s={search_term_string}"},"query-input":{"@type":"PropertyValueSpecification","valueRequired":true,"valueName":"search_term_string"}}],"inLanguage":"pt-BR"},{"@type":"Organization","@id":"https:\/\/diariodepe.com.br\/xinhua\/#organization","name":"Xinhua - Diario de Pernambuco","url":"https:\/\/diariodepe.com.br\/xinhua\/","logo":{"@type":"ImageObject","inLanguage":"pt-BR","@id":"https:\/\/diariodepe.com.br\/xinhua\/#\/schema\/logo\/image\/","url":"https:\/\/diariodepe.com.br\/xinhua\/wp-content\/uploads\/sites\/3\/2020\/10\/cropped-logo-transparente-2.png","contentUrl":"https:\/\/diariodepe.com.br\/xinhua\/wp-content\/uploads\/sites\/3\/2020\/10\/cropped-logo-transparente-2.png","width":512,"height":164,"caption":"Xinhua - Diario de Pernambuco"},"image":{"@id":"https:\/\/diariodepe.com.br\/xinhua\/#\/schema\/logo\/image\/"}},{"@type":"Person","@id":"https:\/\/diariodepe.com.br\/xinhua\/#\/schema\/person\/0943d6fd02bdc7b49c8f495e8787a2cb","name":"Marcelo Oliveira de A. Maranhao","image":{"@type":"ImageObject","inLanguage":"pt-BR","@id":"https:\/\/secure.gravatar.com\/avatar\/f562caee940d39879c20e90eea3e4b21860c7d4c96684c23141c554824f0059c?s=96&d=mm&r=g","url":"https:\/\/secure.gravatar.com\/avatar\/f562caee940d39879c20e90eea3e4b21860c7d4c96684c23141c554824f0059c?s=96&d=mm&r=g","contentUrl":"https:\/\/secure.gravatar.com\/avatar\/f562caee940d39879c20e90eea3e4b21860c7d4c96684c23141c554824f0059c?s=96&d=mm&r=g","caption":"Marcelo Oliveira de A. Maranhao"},"url":"https:\/\/diariodepe.com.br\/xinhua\/author\/marcelo-maranhao\/"}]}},"cc_featured_image_caption":{"caption_text":"","source_text":"","source_url":""},"amp_enabled":true,"_links":{"self":[{"href":"https:\/\/diariodepe.com.br\/xinhua\/wp-json\/wp\/v2\/posts\/23439","targetHints":{"allow":["GET"]}}],"collection":[{"href":"https:\/\/diariodepe.com.br\/xinhua\/wp-json\/wp\/v2\/posts"}],"about":[{"href":"https:\/\/diariodepe.com.br\/xinhua\/wp-json\/wp\/v2\/types\/post"}],"author":[{"embeddable":true,"href":"https:\/\/diariodepe.com.br\/xinhua\/wp-json\/wp\/v2\/users\/3"}],"replies":[{"embeddable":true,"href":"https:\/\/diariodepe.com.br\/xinhua\/wp-json\/wp\/v2\/comments?post=23439"}],"version-history":[{"count":1,"href":"https:\/\/diariodepe.com.br\/xinhua\/wp-json\/wp\/v2\/posts\/23439\/revisions"}],"predecessor-version":[{"id":23441,"href":"https:\/\/diariodepe.com.br\/xinhua\/wp-json\/wp\/v2\/posts\/23439\/revisions\/23441"}],"wp:featuredmedia":[{"embeddable":true,"href":"https:\/\/diariodepe.com.br\/xinhua\/wp-json\/wp\/v2\/media\/23440"}],"wp:attachment":[{"href":"https:\/\/diariodepe.com.br\/xinhua\/wp-json\/wp\/v2\/media?parent=23439"}],"wp:term":[{"taxonomy":"category","embeddable":true,"href":"https:\/\/diariodepe.com.br\/xinhua\/wp-json\/wp\/v2\/categories?post=23439"},{"taxonomy":"post_tag","embeddable":true,"href":"https:\/\/diariodepe.com.br\/xinhua\/wp-json\/wp\/v2\/tags?post=23439"}],"curies":[{"name":"wp","href":"https:\/\/api.w.org\/{rel}","templated":true}]}}