{"id":2332,"date":"2021-07-14T08:47:30","date_gmt":"2021-07-14T11:47:30","guid":{"rendered":"http:\/\/www.diariodepe.com.br\/xinhua\/?p=2332"},"modified":"2021-07-14T08:47:32","modified_gmt":"2021-07-14T11:47:32","slug":"primeiro-ministro-chines-enfatiza-regulacao-e-emprego-macroeconomicos-com-base-em-alcance","status":"publish","type":"post","link":"https:\/\/diariodepe.com.br\/xinhua\/2021\/07\/14\/primeiro-ministro-chines-enfatiza-regulacao-e-emprego-macroeconomicos-com-base-em-alcance\/","title":{"rendered":"Primeiro-ministro chin\u00eas enfatiza regula\u00e7\u00e3o e emprego macroecon\u00f4micos com base em alcance"},"content":{"rendered":"\n<p>Beijing, 13 jul &#8211; O premi\u00ea chin\u00eas, Li Keqiang, pediu esfor\u00e7os para melhorar a regulamenta\u00e7\u00e3o das pol\u00edticas macroecon\u00f4micas do pa\u00eds, priorizar o emprego e estimular a vitalidade das entidades de mercado para sustentar o \u00edmpeto ascendente de longo prazo da economia.<\/p>\n\n\n\n<p>Li, tamb\u00e9m membro do Comit\u00ea Permanente do Bir\u00f4 Pol\u00edtico do Comit\u00ea Central do Partido Comunista da China (PCC), fez os coment\u00e1rios na segunda-feira enquanto presidia um simp\u00f3sio com a presen\u00e7a de especialistas e empres\u00e1rios.<\/p>\n\n\n\n<p>O vice-premi\u00ea Han Zheng, tamb\u00e9m membro do Comit\u00ea Permanente do Bir\u00f4 Pol\u00edtico do Comit\u00ea Central do PCC, participou da reuni\u00e3o.<\/p>\n\n\n\n<p>Desde o in\u00edcio deste ano, o desempenho econ\u00f4mico da China tem estado dentro das expectativas e a for\u00e7a motriz do crescimento econ\u00f4mico foi ainda mais consolidada, disse Li.<\/p>\n\n\n\n<p>No entanto, os ambientes interno e externo continuam complexos com fatores incertos. Em particular, as m\u00e9dias e pequenas empresas est\u00e3o enfrentando dificuldades devido aos custos mais elevados causados pelo aumento dos pre\u00e7os das mercadorias a granel, disse Li.<\/p>\n\n\n\n<p>Devem ser feitos esfor\u00e7os para manter as opera\u00e7\u00f5es econ\u00f4micas dentro de uma faixa razo\u00e1vel no segundo semestre deste ano e tamb\u00e9m no pr\u00f3ximo ano, acrescentou.<\/p>\n\n\n\n<p>Li sublinhou a manuten\u00e7\u00e3o e estabilidade das macro pol\u00edticas e a ades\u00e3o \u00e0 pol\u00edtica de empregos em primeiro lugar.<\/p>\n\n\n\n<p>A recente medida de redu\u00e7\u00e3o da taxa de reservas m\u00ednimas deve ser alavancada para refor\u00e7ar o apoio \u00e0s pequenas, m\u00e9dias e micro empresas, bem como aos setores intensivos em m\u00e3o de obra, de acordo com o premi\u00ea.<\/p>\n\n\n\n<p>Esfor\u00e7os tamb\u00e9m devem ser feitos para aumentar as oportunidades de emprego para graduados universit\u00e1rios e trabalhadores migrantes, disse Li.<\/p>\n\n\n\n<p>Ele tamb\u00e9m enfatizou o est\u00edmulo \u00e0 vitalidade das entidades de mercado, ampliando a abertura de alto n\u00edvel e impulsionando o desenvolvimento do setor de com\u00e9rcio exterior.<\/p>\n","protected":false},"excerpt":{"rendered":"<p>Beijing, 13 jul &#8211; O premi\u00ea chin\u00eas, Li Keqiang, pediu esfor\u00e7os para melhorar a regulamenta\u00e7\u00e3o das pol\u00edticas macroecon\u00f4micas do pa\u00eds, priorizar o emprego e estimular a vitalidade das entidades de mercado para sustentar o \u00edmpeto ascendente de longo prazo da&#8230;<\/p>\n","protected":false},"author":3,"featured_media":2333,"comment_status":"open","ping_status":"open","sticky":false,"template":"","format":"standard","meta":{"footnotes":""},"categories":[1],"tags":[],"class_list":["post-2332","post","type-post","status-publish","format-standard","has-post-thumbnail","hentry","category-geral"],"yoast_head":"<!-- This site is optimized with the Yoast SEO plugin v27.4 - https:\/\/yoast.com\/product\/yoast-seo-wordpress\/ -->\n<title>Primeiro-ministro chin\u00eas enfatiza regula\u00e7\u00e3o e emprego macroecon\u00f4micos com base em alcance - Xinhua - Diario de Pernambuco<\/title>\n<meta name=\"robots\" content=\"index, follow, max-snippet:-1, max-image-preview:large, max-video-preview:-1\" \/>\n<link rel=\"canonical\" href=\"https:\/\/diariodepe.com.br\/xinhua\/2021\/07\/14\/primeiro-ministro-chines-enfatiza-regulacao-e-emprego-macroeconomicos-com-base-em-alcance\/\" \/>\n<meta property=\"og:locale\" content=\"pt_BR\" \/>\n<meta property=\"og:type\" content=\"article\" \/>\n<meta property=\"og:title\" content=\"Primeiro-ministro chin\u00eas enfatiza regula\u00e7\u00e3o e emprego macroecon\u00f4micos com base em alcance - Xinhua - Diario de Pernambuco\" \/>\n<meta property=\"og:description\" content=\"Beijing, 13 jul &#8211; O premi\u00ea chin\u00eas, Li Keqiang, pediu esfor\u00e7os para melhorar a regulamenta\u00e7\u00e3o das pol\u00edticas macroecon\u00f4micas do pa\u00eds, priorizar o emprego e estimular a vitalidade das entidades de mercado para sustentar o \u00edmpeto ascendente de longo prazo da...\" \/>\n<meta property=\"og:url\" content=\"https:\/\/diariodepe.com.br\/xinhua\/2021\/07\/14\/primeiro-ministro-chines-enfatiza-regulacao-e-emprego-macroeconomicos-com-base-em-alcance\/\" \/>\n<meta property=\"og:site_name\" content=\"Xinhua - Diario de Pernambuco\" \/>\n<meta property=\"article:published_time\" content=\"2021-07-14T11:47:30+00:00\" \/>\n<meta property=\"article:modified_time\" content=\"2021-07-14T11:47:32+00:00\" \/>\n<meta property=\"og:image\" content=\"https:\/\/diariodepe.com.br\/xinhua\/wp-content\/uploads\/sites\/3\/2021\/07\/1310060388_16262366604611n.jpg\" \/>\n\t<meta property=\"og:image:width\" content=\"900\" \/>\n\t<meta property=\"og:image:height\" content=\"597\" \/>\n\t<meta property=\"og:image:type\" content=\"image\/jpeg\" \/>\n<meta name=\"author\" content=\"Marcelo Oliveira de A. Maranhao\" \/>\n<meta name=\"twitter:card\" content=\"summary_large_image\" \/>\n<meta name=\"twitter:label1\" content=\"Escrito por\" \/>\n\t<meta name=\"twitter:data1\" content=\"Marcelo Oliveira de A. Maranhao\" \/>\n\t<meta name=\"twitter:label2\" content=\"Est. tempo de leitura\" \/>\n\t<meta name=\"twitter:data2\" content=\"2 minutos\" \/>\n<script type=\"application\/ld+json\" class=\"yoast-schema-graph\">{\"@context\":\"https:\\\/\\\/schema.org\",\"@graph\":[{\"@type\":\"Article\",\"@id\":\"https:\\\/\\\/diariodepe.com.br\\\/xinhua\\\/2021\\\/07\\\/14\\\/primeiro-ministro-chines-enfatiza-regulacao-e-emprego-macroeconomicos-com-base-em-alcance\\\/#article\",\"isPartOf\":{\"@id\":\"https:\\\/\\\/diariodepe.com.br\\\/xinhua\\\/2021\\\/07\\\/14\\\/primeiro-ministro-chines-enfatiza-regulacao-e-emprego-macroeconomicos-com-base-em-alcance\\\/\"},\"author\":{\"name\":\"Marcelo Oliveira de A. Maranhao\",\"@id\":\"https:\\\/\\\/diariodepe.com.br\\\/xinhua\\\/#\\\/schema\\\/person\\\/0943d6fd02bdc7b49c8f495e8787a2cb\"},\"headline\":\"Primeiro-ministro chin\u00eas enfatiza regula\u00e7\u00e3o e emprego macroecon\u00f4micos com base em alcance\",\"datePublished\":\"2021-07-14T11:47:30+00:00\",\"dateModified\":\"2021-07-14T11:47:32+00:00\",\"mainEntityOfPage\":{\"@id\":\"https:\\\/\\\/diariodepe.com.br\\\/xinhua\\\/2021\\\/07\\\/14\\\/primeiro-ministro-chines-enfatiza-regulacao-e-emprego-macroeconomicos-com-base-em-alcance\\\/\"},\"wordCount\":342,\"commentCount\":0,\"publisher\":{\"@id\":\"https:\\\/\\\/diariodepe.com.br\\\/xinhua\\\/#organization\"},\"image\":{\"@id\":\"https:\\\/\\\/diariodepe.com.br\\\/xinhua\\\/2021\\\/07\\\/14\\\/primeiro-ministro-chines-enfatiza-regulacao-e-emprego-macroeconomicos-com-base-em-alcance\\\/#primaryimage\"},\"thumbnailUrl\":\"https:\\\/\\\/diariodepe.com.br\\\/xinhua\\\/wp-content\\\/uploads\\\/sites\\\/3\\\/2021\\\/07\\\/1310060388_16262366604611n.jpg\",\"articleSection\":[\"Geral\"],\"inLanguage\":\"pt-BR\",\"potentialAction\":[{\"@type\":\"CommentAction\",\"name\":\"Comment\",\"target\":[\"https:\\\/\\\/diariodepe.com.br\\\/xinhua\\\/2021\\\/07\\\/14\\\/primeiro-ministro-chines-enfatiza-regulacao-e-emprego-macroeconomicos-com-base-em-alcance\\\/#respond\"]}]},{\"@type\":\"WebPage\",\"@id\":\"https:\\\/\\\/diariodepe.com.br\\\/xinhua\\\/2021\\\/07\\\/14\\\/primeiro-ministro-chines-enfatiza-regulacao-e-emprego-macroeconomicos-com-base-em-alcance\\\/\",\"url\":\"https:\\\/\\\/diariodepe.com.br\\\/xinhua\\\/2021\\\/07\\\/14\\\/primeiro-ministro-chines-enfatiza-regulacao-e-emprego-macroeconomicos-com-base-em-alcance\\\/\",\"name\":\"Primeiro-ministro chin\u00eas enfatiza regula\u00e7\u00e3o e emprego macroecon\u00f4micos com base em alcance - Xinhua - Diario de Pernambuco\",\"isPartOf\":{\"@id\":\"https:\\\/\\\/diariodepe.com.br\\\/xinhua\\\/#website\"},\"primaryImageOfPage\":{\"@id\":\"https:\\\/\\\/diariodepe.com.br\\\/xinhua\\\/2021\\\/07\\\/14\\\/primeiro-ministro-chines-enfatiza-regulacao-e-emprego-macroeconomicos-com-base-em-alcance\\\/#primaryimage\"},\"image\":{\"@id\":\"https:\\\/\\\/diariodepe.com.br\\\/xinhua\\\/2021\\\/07\\\/14\\\/primeiro-ministro-chines-enfatiza-regulacao-e-emprego-macroeconomicos-com-base-em-alcance\\\/#primaryimage\"},\"thumbnailUrl\":\"https:\\\/\\\/diariodepe.com.br\\\/xinhua\\\/wp-content\\\/uploads\\\/sites\\\/3\\\/2021\\\/07\\\/1310060388_16262366604611n.jpg\",\"datePublished\":\"2021-07-14T11:47:30+00:00\",\"dateModified\":\"2021-07-14T11:47:32+00:00\",\"breadcrumb\":{\"@id\":\"https:\\\/\\\/diariodepe.com.br\\\/xinhua\\\/2021\\\/07\\\/14\\\/primeiro-ministro-chines-enfatiza-regulacao-e-emprego-macroeconomicos-com-base-em-alcance\\\/#breadcrumb\"},\"inLanguage\":\"pt-BR\",\"potentialAction\":[{\"@type\":\"ReadAction\",\"target\":[\"https:\\\/\\\/diariodepe.com.br\\\/xinhua\\\/2021\\\/07\\\/14\\\/primeiro-ministro-chines-enfatiza-regulacao-e-emprego-macroeconomicos-com-base-em-alcance\\\/\"]}]},{\"@type\":\"ImageObject\",\"inLanguage\":\"pt-BR\",\"@id\":\"https:\\\/\\\/diariodepe.com.br\\\/xinhua\\\/2021\\\/07\\\/14\\\/primeiro-ministro-chines-enfatiza-regulacao-e-emprego-macroeconomicos-com-base-em-alcance\\\/#primaryimage\",\"url\":\"https:\\\/\\\/diariodepe.com.br\\\/xinhua\\\/wp-content\\\/uploads\\\/sites\\\/3\\\/2021\\\/07\\\/1310060388_16262366604611n.jpg\",\"contentUrl\":\"https:\\\/\\\/diariodepe.com.br\\\/xinhua\\\/wp-content\\\/uploads\\\/sites\\\/3\\\/2021\\\/07\\\/1310060388_16262366604611n.jpg\",\"width\":900,\"height\":597,\"caption\":\"O primeiro-ministro chin\u00eas Li Keqiang, tamb\u00e9m membro do Comit\u00ea Permanente do Bir\u00f4 Pol\u00edtico do Comit\u00ea Central do Partido Comunista da China, preside um simp\u00f3sio com a presen\u00e7a de especialistas e empres\u00e1rios em Beijing, capital da China, em 12 de julho de 2021. (Xinhua\\\/Rao Aimin)\"},{\"@type\":\"BreadcrumbList\",\"@id\":\"https:\\\/\\\/diariodepe.com.br\\\/xinhua\\\/2021\\\/07\\\/14\\\/primeiro-ministro-chines-enfatiza-regulacao-e-emprego-macroeconomicos-com-base-em-alcance\\\/#breadcrumb\",\"itemListElement\":[{\"@type\":\"ListItem\",\"position\":1,\"name\":\"In\u00edcio\",\"item\":\"https:\\\/\\\/diariodepe.com.br\\\/xinhua\\\/\"},{\"@type\":\"ListItem\",\"position\":2,\"name\":\"Primeiro-ministro chin\u00eas enfatiza regula\u00e7\u00e3o e emprego macroecon\u00f4micos com base em alcance\"}]},{\"@type\":\"WebSite\",\"@id\":\"https:\\\/\\\/diariodepe.com.br\\\/xinhua\\\/#website\",\"url\":\"https:\\\/\\\/diariodepe.com.br\\\/xinhua\\\/\",\"name\":\"Xinhua - Diario de Pernambuco\",\"description\":\"A maior ag\u00eancia de not\u00edcias da China e um dos principais canais para conhecer o pa\u00eds\",\"publisher\":{\"@id\":\"https:\\\/\\\/diariodepe.com.br\\\/xinhua\\\/#organization\"},\"potentialAction\":[{\"@type\":\"SearchAction\",\"target\":{\"@type\":\"EntryPoint\",\"urlTemplate\":\"https:\\\/\\\/diariodepe.com.br\\\/xinhua\\\/?s={search_term_string}\"},\"query-input\":{\"@type\":\"PropertyValueSpecification\",\"valueRequired\":true,\"valueName\":\"search_term_string\"}}],\"inLanguage\":\"pt-BR\"},{\"@type\":\"Organization\",\"@id\":\"https:\\\/\\\/diariodepe.com.br\\\/xinhua\\\/#organization\",\"name\":\"Xinhua - Diario de Pernambuco\",\"url\":\"https:\\\/\\\/diariodepe.com.br\\\/xinhua\\\/\",\"logo\":{\"@type\":\"ImageObject\",\"inLanguage\":\"pt-BR\",\"@id\":\"https:\\\/\\\/diariodepe.com.br\\\/xinhua\\\/#\\\/schema\\\/logo\\\/image\\\/\",\"url\":\"https:\\\/\\\/diariodepe.com.br\\\/xinhua\\\/wp-content\\\/uploads\\\/sites\\\/3\\\/2020\\\/10\\\/cropped-logo-transparente-2.png\",\"contentUrl\":\"https:\\\/\\\/diariodepe.com.br\\\/xinhua\\\/wp-content\\\/uploads\\\/sites\\\/3\\\/2020\\\/10\\\/cropped-logo-transparente-2.png\",\"width\":512,\"height\":164,\"caption\":\"Xinhua - Diario de Pernambuco\"},\"image\":{\"@id\":\"https:\\\/\\\/diariodepe.com.br\\\/xinhua\\\/#\\\/schema\\\/logo\\\/image\\\/\"}},{\"@type\":\"Person\",\"@id\":\"https:\\\/\\\/diariodepe.com.br\\\/xinhua\\\/#\\\/schema\\\/person\\\/0943d6fd02bdc7b49c8f495e8787a2cb\",\"name\":\"Marcelo Oliveira de A. Maranhao\",\"image\":{\"@type\":\"ImageObject\",\"inLanguage\":\"pt-BR\",\"@id\":\"https:\\\/\\\/secure.gravatar.com\\\/avatar\\\/f562caee940d39879c20e90eea3e4b21860c7d4c96684c23141c554824f0059c?s=96&d=mm&r=g\",\"url\":\"https:\\\/\\\/secure.gravatar.com\\\/avatar\\\/f562caee940d39879c20e90eea3e4b21860c7d4c96684c23141c554824f0059c?s=96&d=mm&r=g\",\"contentUrl\":\"https:\\\/\\\/secure.gravatar.com\\\/avatar\\\/f562caee940d39879c20e90eea3e4b21860c7d4c96684c23141c554824f0059c?s=96&d=mm&r=g\",\"caption\":\"Marcelo Oliveira de A. Maranhao\"},\"url\":\"https:\\\/\\\/diariodepe.com.br\\\/xinhua\\\/author\\\/marcelo-maranhao\\\/\"}]}<\/script>\n<!-- \/ Yoast SEO plugin. -->","yoast_head_json":{"title":"Primeiro-ministro chin\u00eas enfatiza regula\u00e7\u00e3o e emprego macroecon\u00f4micos com base em alcance - Xinhua - Diario de Pernambuco","robots":{"index":"index","follow":"follow","max-snippet":"max-snippet:-1","max-image-preview":"max-image-preview:large","max-video-preview":"max-video-preview:-1"},"canonical":"https:\/\/diariodepe.com.br\/xinhua\/2021\/07\/14\/primeiro-ministro-chines-enfatiza-regulacao-e-emprego-macroeconomicos-com-base-em-alcance\/","og_locale":"pt_BR","og_type":"article","og_title":"Primeiro-ministro chin\u00eas enfatiza regula\u00e7\u00e3o e emprego macroecon\u00f4micos com base em alcance - Xinhua - Diario de Pernambuco","og_description":"Beijing, 13 jul &#8211; O premi\u00ea chin\u00eas, Li Keqiang, pediu esfor\u00e7os para melhorar a regulamenta\u00e7\u00e3o das pol\u00edticas macroecon\u00f4micas do pa\u00eds, priorizar o emprego e estimular a vitalidade das entidades de mercado para sustentar o \u00edmpeto ascendente de longo prazo da...","og_url":"https:\/\/diariodepe.com.br\/xinhua\/2021\/07\/14\/primeiro-ministro-chines-enfatiza-regulacao-e-emprego-macroeconomicos-com-base-em-alcance\/","og_site_name":"Xinhua - Diario de Pernambuco","article_published_time":"2021-07-14T11:47:30+00:00","article_modified_time":"2021-07-14T11:47:32+00:00","og_image":[{"width":900,"height":597,"url":"https:\/\/diariodepe.com.br\/xinhua\/wp-content\/uploads\/sites\/3\/2021\/07\/1310060388_16262366604611n.jpg","type":"image\/jpeg"}],"author":"Marcelo Oliveira de A. Maranhao","twitter_card":"summary_large_image","twitter_misc":{"Escrito por":"Marcelo Oliveira de A. Maranhao","Est. tempo de leitura":"2 minutos"},"schema":{"@context":"https:\/\/schema.org","@graph":[{"@type":"Article","@id":"https:\/\/diariodepe.com.br\/xinhua\/2021\/07\/14\/primeiro-ministro-chines-enfatiza-regulacao-e-emprego-macroeconomicos-com-base-em-alcance\/#article","isPartOf":{"@id":"https:\/\/diariodepe.com.br\/xinhua\/2021\/07\/14\/primeiro-ministro-chines-enfatiza-regulacao-e-emprego-macroeconomicos-com-base-em-alcance\/"},"author":{"name":"Marcelo Oliveira de A. Maranhao","@id":"https:\/\/diariodepe.com.br\/xinhua\/#\/schema\/person\/0943d6fd02bdc7b49c8f495e8787a2cb"},"headline":"Primeiro-ministro chin\u00eas enfatiza regula\u00e7\u00e3o e emprego macroecon\u00f4micos com base em alcance","datePublished":"2021-07-14T11:47:30+00:00","dateModified":"2021-07-14T11:47:32+00:00","mainEntityOfPage":{"@id":"https:\/\/diariodepe.com.br\/xinhua\/2021\/07\/14\/primeiro-ministro-chines-enfatiza-regulacao-e-emprego-macroeconomicos-com-base-em-alcance\/"},"wordCount":342,"commentCount":0,"publisher":{"@id":"https:\/\/diariodepe.com.br\/xinhua\/#organization"},"image":{"@id":"https:\/\/diariodepe.com.br\/xinhua\/2021\/07\/14\/primeiro-ministro-chines-enfatiza-regulacao-e-emprego-macroeconomicos-com-base-em-alcance\/#primaryimage"},"thumbnailUrl":"https:\/\/diariodepe.com.br\/xinhua\/wp-content\/uploads\/sites\/3\/2021\/07\/1310060388_16262366604611n.jpg","articleSection":["Geral"],"inLanguage":"pt-BR","potentialAction":[{"@type":"CommentAction","name":"Comment","target":["https:\/\/diariodepe.com.br\/xinhua\/2021\/07\/14\/primeiro-ministro-chines-enfatiza-regulacao-e-emprego-macroeconomicos-com-base-em-alcance\/#respond"]}]},{"@type":"WebPage","@id":"https:\/\/diariodepe.com.br\/xinhua\/2021\/07\/14\/primeiro-ministro-chines-enfatiza-regulacao-e-emprego-macroeconomicos-com-base-em-alcance\/","url":"https:\/\/diariodepe.com.br\/xinhua\/2021\/07\/14\/primeiro-ministro-chines-enfatiza-regulacao-e-emprego-macroeconomicos-com-base-em-alcance\/","name":"Primeiro-ministro chin\u00eas enfatiza regula\u00e7\u00e3o e emprego macroecon\u00f4micos com base em alcance - Xinhua - Diario de Pernambuco","isPartOf":{"@id":"https:\/\/diariodepe.com.br\/xinhua\/#website"},"primaryImageOfPage":{"@id":"https:\/\/diariodepe.com.br\/xinhua\/2021\/07\/14\/primeiro-ministro-chines-enfatiza-regulacao-e-emprego-macroeconomicos-com-base-em-alcance\/#primaryimage"},"image":{"@id":"https:\/\/diariodepe.com.br\/xinhua\/2021\/07\/14\/primeiro-ministro-chines-enfatiza-regulacao-e-emprego-macroeconomicos-com-base-em-alcance\/#primaryimage"},"thumbnailUrl":"https:\/\/diariodepe.com.br\/xinhua\/wp-content\/uploads\/sites\/3\/2021\/07\/1310060388_16262366604611n.jpg","datePublished":"2021-07-14T11:47:30+00:00","dateModified":"2021-07-14T11:47:32+00:00","breadcrumb":{"@id":"https:\/\/diariodepe.com.br\/xinhua\/2021\/07\/14\/primeiro-ministro-chines-enfatiza-regulacao-e-emprego-macroeconomicos-com-base-em-alcance\/#breadcrumb"},"inLanguage":"pt-BR","potentialAction":[{"@type":"ReadAction","target":["https:\/\/diariodepe.com.br\/xinhua\/2021\/07\/14\/primeiro-ministro-chines-enfatiza-regulacao-e-emprego-macroeconomicos-com-base-em-alcance\/"]}]},{"@type":"ImageObject","inLanguage":"pt-BR","@id":"https:\/\/diariodepe.com.br\/xinhua\/2021\/07\/14\/primeiro-ministro-chines-enfatiza-regulacao-e-emprego-macroeconomicos-com-base-em-alcance\/#primaryimage","url":"https:\/\/diariodepe.com.br\/xinhua\/wp-content\/uploads\/sites\/3\/2021\/07\/1310060388_16262366604611n.jpg","contentUrl":"https:\/\/diariodepe.com.br\/xinhua\/wp-content\/uploads\/sites\/3\/2021\/07\/1310060388_16262366604611n.jpg","width":900,"height":597,"caption":"O primeiro-ministro chin\u00eas Li Keqiang, tamb\u00e9m membro do Comit\u00ea Permanente do Bir\u00f4 Pol\u00edtico do Comit\u00ea Central do Partido Comunista da China, preside um simp\u00f3sio com a presen\u00e7a de especialistas e empres\u00e1rios em Beijing, capital da China, em 12 de julho de 2021. (Xinhua\/Rao Aimin)"},{"@type":"BreadcrumbList","@id":"https:\/\/diariodepe.com.br\/xinhua\/2021\/07\/14\/primeiro-ministro-chines-enfatiza-regulacao-e-emprego-macroeconomicos-com-base-em-alcance\/#breadcrumb","itemListElement":[{"@type":"ListItem","position":1,"name":"In\u00edcio","item":"https:\/\/diariodepe.com.br\/xinhua\/"},{"@type":"ListItem","position":2,"name":"Primeiro-ministro chin\u00eas enfatiza regula\u00e7\u00e3o e emprego macroecon\u00f4micos com base em alcance"}]},{"@type":"WebSite","@id":"https:\/\/diariodepe.com.br\/xinhua\/#website","url":"https:\/\/diariodepe.com.br\/xinhua\/","name":"Xinhua - Diario de Pernambuco","description":"A maior ag\u00eancia de not\u00edcias da China e um dos principais canais para conhecer o pa\u00eds","publisher":{"@id":"https:\/\/diariodepe.com.br\/xinhua\/#organization"},"potentialAction":[{"@type":"SearchAction","target":{"@type":"EntryPoint","urlTemplate":"https:\/\/diariodepe.com.br\/xinhua\/?s={search_term_string}"},"query-input":{"@type":"PropertyValueSpecification","valueRequired":true,"valueName":"search_term_string"}}],"inLanguage":"pt-BR"},{"@type":"Organization","@id":"https:\/\/diariodepe.com.br\/xinhua\/#organization","name":"Xinhua - Diario de Pernambuco","url":"https:\/\/diariodepe.com.br\/xinhua\/","logo":{"@type":"ImageObject","inLanguage":"pt-BR","@id":"https:\/\/diariodepe.com.br\/xinhua\/#\/schema\/logo\/image\/","url":"https:\/\/diariodepe.com.br\/xinhua\/wp-content\/uploads\/sites\/3\/2020\/10\/cropped-logo-transparente-2.png","contentUrl":"https:\/\/diariodepe.com.br\/xinhua\/wp-content\/uploads\/sites\/3\/2020\/10\/cropped-logo-transparente-2.png","width":512,"height":164,"caption":"Xinhua - Diario de Pernambuco"},"image":{"@id":"https:\/\/diariodepe.com.br\/xinhua\/#\/schema\/logo\/image\/"}},{"@type":"Person","@id":"https:\/\/diariodepe.com.br\/xinhua\/#\/schema\/person\/0943d6fd02bdc7b49c8f495e8787a2cb","name":"Marcelo Oliveira de A. Maranhao","image":{"@type":"ImageObject","inLanguage":"pt-BR","@id":"https:\/\/secure.gravatar.com\/avatar\/f562caee940d39879c20e90eea3e4b21860c7d4c96684c23141c554824f0059c?s=96&d=mm&r=g","url":"https:\/\/secure.gravatar.com\/avatar\/f562caee940d39879c20e90eea3e4b21860c7d4c96684c23141c554824f0059c?s=96&d=mm&r=g","contentUrl":"https:\/\/secure.gravatar.com\/avatar\/f562caee940d39879c20e90eea3e4b21860c7d4c96684c23141c554824f0059c?s=96&d=mm&r=g","caption":"Marcelo Oliveira de A. Maranhao"},"url":"https:\/\/diariodepe.com.br\/xinhua\/author\/marcelo-maranhao\/"}]}},"cc_featured_image_caption":{"caption_text":"","source_text":"","source_url":""},"amp_enabled":true,"_links":{"self":[{"href":"https:\/\/diariodepe.com.br\/xinhua\/wp-json\/wp\/v2\/posts\/2332","targetHints":{"allow":["GET"]}}],"collection":[{"href":"https:\/\/diariodepe.com.br\/xinhua\/wp-json\/wp\/v2\/posts"}],"about":[{"href":"https:\/\/diariodepe.com.br\/xinhua\/wp-json\/wp\/v2\/types\/post"}],"author":[{"embeddable":true,"href":"https:\/\/diariodepe.com.br\/xinhua\/wp-json\/wp\/v2\/users\/3"}],"replies":[{"embeddable":true,"href":"https:\/\/diariodepe.com.br\/xinhua\/wp-json\/wp\/v2\/comments?post=2332"}],"version-history":[{"count":1,"href":"https:\/\/diariodepe.com.br\/xinhua\/wp-json\/wp\/v2\/posts\/2332\/revisions"}],"predecessor-version":[{"id":2334,"href":"https:\/\/diariodepe.com.br\/xinhua\/wp-json\/wp\/v2\/posts\/2332\/revisions\/2334"}],"wp:featuredmedia":[{"embeddable":true,"href":"https:\/\/diariodepe.com.br\/xinhua\/wp-json\/wp\/v2\/media\/2333"}],"wp:attachment":[{"href":"https:\/\/diariodepe.com.br\/xinhua\/wp-json\/wp\/v2\/media?parent=2332"}],"wp:term":[{"taxonomy":"category","embeddable":true,"href":"https:\/\/diariodepe.com.br\/xinhua\/wp-json\/wp\/v2\/categories?post=2332"},{"taxonomy":"post_tag","embeddable":true,"href":"https:\/\/diariodepe.com.br\/xinhua\/wp-json\/wp\/v2\/tags?post=2332"}],"curies":[{"name":"wp","href":"https:\/\/api.w.org\/{rel}","templated":true}]}}