{"id":23165,"date":"2024-10-09T10:29:44","date_gmt":"2024-10-09T13:29:44","guid":{"rendered":"https:\/\/www.diariodepe.com.br\/xinhua\/?p=23165"},"modified":"2024-10-09T10:29:46","modified_gmt":"2024-10-09T13:29:46","slug":"senado-brasileiro-aprova-nome-indicado-por-lula-para-presidir-o-banco-central","status":"publish","type":"post","link":"https:\/\/diariodepe.com.br\/xinhua\/2024\/10\/09\/senado-brasileiro-aprova-nome-indicado-por-lula-para-presidir-o-banco-central\/","title":{"rendered":"Senado brasileiro aprova nome indicado por Lula para presidir o Banco Central"},"content":{"rendered":"\n<p>Bras\u00edlia &#8211; O Senado brasileiro aprovou nesta ter\u00e7a-feira o nome do economista Gabriel Gal\u00edpolo, 42 anos, atual diretor de Pol\u00edtica Monet\u00e1ria do Banco Central, para presidir a autoridade monet\u00e1ria no per\u00edodo 2025-2029.<\/p>\n\n\n\n<p>O indicado pelo presidente Luiz In\u00e1cio Lula da Silva para substituir o atual presidente do BC, Roberto Campos Neto, cujo mandato termina em dezembro, recebeu 66 votos a favor, 5 contra e n\u00e3o houve absten\u00e7\u00f5es.<\/p>\n\n\n\n<p>Antes da vota\u00e7\u00e3o no plen\u00e1rio, o nome de Gal\u00edpolo foi aprovado por unanimidade na Comiss\u00e3o de Assuntos Econ\u00f4micos do Senado ap\u00f3s ser sabatinado.<\/p>\n\n\n\n<p>Durante a audi\u00eancia da Comiss\u00e3o esta manh\u00e3, Gal\u00edpolo garantiu que o presidente Lula da Silva lhe deu garantias de que ter\u00e1 plena liberdade para ditar os rumores da pol\u00edtica monet\u00e1ria, principal responsabilidade do Banco Central, durante a sua gest\u00e3o.<\/p>\n\n\n\n<p>A legisla\u00e7\u00e3o ao Banco Central garante autonomia em rela\u00e7\u00e3o ao governo, estabelecendo mandatos para os diretores e para o presidente da institui\u00e7\u00e3o, que n\u00e3o coincidem com o mandato do Presidente da Rep\u00fablica, embora seja ele o respons\u00e1vel pelas nomea\u00e7\u00f5es.<\/p>\n\n\n\n<p>Em depoimento aos senadores, Gal\u00edpolo disse que Lula foi &#8220;enf\u00e1tico&#8221; sobre sua autonomia \u00e0 frente da institui\u00e7\u00e3o em todos os benef\u00edcios em que se reuniu com o presidente.<\/p>\n\n\n\n<p>&#8220;Todas as vezes que tive a oportunidade de me reunir com o presidente Lula, ouvi de forma enf\u00e1tica e clara a garantia da liberdade na tomada de decis\u00f5es e que o desempenho da fun\u00e7\u00e3o deve ser pautado exclusivamente pelo compromisso com o povo brasileiro, e deveria ser apenas no interesse do bem-estar de cada brasileiro&#8221;, afirmou.<\/p>\n\n\n\n<p>Gabriel Gal\u00edpolo atuou na campanha de Lula \u00e0 Presid\u00eancia da Rep\u00fablica e na equipe de transi\u00e7\u00e3o de governo. No ano passado, foi secret\u00e1rio-executivo do Minist\u00e9rio da Fazenda, a fun\u00e7\u00e3o mais importante da pasta depois do ministro antes de ser indicado e aprovado para o cargo de diretor de Pol\u00edtica Monet\u00e1ria do Banco Central.<\/p>\n\n\n\n<p>Foi presidente do Banco Fator entre 2017 e 2021, e foi transferido pelo governista Partido dos Trabalhadores (PT) em 2021.&nbsp;<\/p>\n","protected":false},"excerpt":{"rendered":"<p>Bras\u00edlia &#8211; O Senado brasileiro aprovou nesta ter\u00e7a-feira o nome do economista Gabriel Gal\u00edpolo, 42 anos, atual diretor de Pol\u00edtica Monet\u00e1ria do Banco Central, para presidir a autoridade monet\u00e1ria no per\u00edodo 2025-2029. O indicado pelo presidente Luiz In\u00e1cio Lula da&#8230;<\/p>\n","protected":false},"author":3,"featured_media":23166,"comment_status":"open","ping_status":"open","sticky":false,"template":"","format":"standard","meta":{"footnotes":""},"categories":[1],"tags":[],"class_list":["post-23165","post","type-post","status-publish","format-standard","has-post-thumbnail","hentry","category-geral"],"yoast_head":"<!-- This site is optimized with the Yoast SEO plugin v27.4 - https:\/\/yoast.com\/product\/yoast-seo-wordpress\/ -->\n<title>Senado brasileiro aprova nome indicado por Lula para presidir o Banco Central - Xinhua - Diario de Pernambuco<\/title>\n<meta name=\"robots\" content=\"index, follow, max-snippet:-1, max-image-preview:large, max-video-preview:-1\" \/>\n<link rel=\"canonical\" href=\"https:\/\/diariodepe.com.br\/xinhua\/2024\/10\/09\/senado-brasileiro-aprova-nome-indicado-por-lula-para-presidir-o-banco-central\/\" \/>\n<meta property=\"og:locale\" content=\"pt_BR\" \/>\n<meta property=\"og:type\" content=\"article\" \/>\n<meta property=\"og:title\" content=\"Senado brasileiro aprova nome indicado por Lula para presidir o Banco Central - Xinhua - Diario de Pernambuco\" \/>\n<meta property=\"og:description\" content=\"Bras\u00edlia &#8211; O Senado brasileiro aprovou nesta ter\u00e7a-feira o nome do economista Gabriel Gal\u00edpolo, 42 anos, atual diretor de Pol\u00edtica Monet\u00e1ria do Banco Central, para presidir a autoridade monet\u00e1ria no per\u00edodo 2025-2029. O indicado pelo presidente Luiz In\u00e1cio Lula da...\" \/>\n<meta property=\"og:url\" content=\"https:\/\/diariodepe.com.br\/xinhua\/2024\/10\/09\/senado-brasileiro-aprova-nome-indicado-por-lula-para-presidir-o-banco-central\/\" \/>\n<meta property=\"og:site_name\" content=\"Xinhua - Diario de Pernambuco\" \/>\n<meta property=\"article:published_time\" content=\"2024-10-09T13:29:44+00:00\" \/>\n<meta property=\"article:modified_time\" content=\"2024-10-09T13:29:46+00:00\" \/>\n<meta property=\"og:image\" content=\"https:\/\/diariodepe.com.br\/xinhua\/wp-content\/uploads\/sites\/3\/2024\/10\/8ea8140ae9bf487ca66759d954ed3d67.jpg\" \/>\n\t<meta property=\"og:image:width\" content=\"1000\" \/>\n\t<meta property=\"og:image:height\" content=\"500\" \/>\n\t<meta property=\"og:image:type\" content=\"image\/jpeg\" \/>\n<meta name=\"author\" content=\"Marcelo Oliveira de A. Maranhao\" \/>\n<meta name=\"twitter:card\" content=\"summary_large_image\" \/>\n<meta name=\"twitter:label1\" content=\"Escrito por\" \/>\n\t<meta name=\"twitter:data1\" content=\"Marcelo Oliveira de A. Maranhao\" \/>\n\t<meta name=\"twitter:label2\" content=\"Est. tempo de leitura\" \/>\n\t<meta name=\"twitter:data2\" content=\"2 minutos\" \/>\n<script type=\"application\/ld+json\" class=\"yoast-schema-graph\">{\"@context\":\"https:\\\/\\\/schema.org\",\"@graph\":[{\"@type\":\"Article\",\"@id\":\"https:\\\/\\\/diariodepe.com.br\\\/xinhua\\\/2024\\\/10\\\/09\\\/senado-brasileiro-aprova-nome-indicado-por-lula-para-presidir-o-banco-central\\\/#article\",\"isPartOf\":{\"@id\":\"https:\\\/\\\/diariodepe.com.br\\\/xinhua\\\/2024\\\/10\\\/09\\\/senado-brasileiro-aprova-nome-indicado-por-lula-para-presidir-o-banco-central\\\/\"},\"author\":{\"name\":\"Marcelo Oliveira de A. Maranhao\",\"@id\":\"https:\\\/\\\/diariodepe.com.br\\\/xinhua\\\/#\\\/schema\\\/person\\\/0943d6fd02bdc7b49c8f495e8787a2cb\"},\"headline\":\"Senado brasileiro aprova nome indicado por Lula para presidir o Banco Central\",\"datePublished\":\"2024-10-09T13:29:44+00:00\",\"dateModified\":\"2024-10-09T13:29:46+00:00\",\"mainEntityOfPage\":{\"@id\":\"https:\\\/\\\/diariodepe.com.br\\\/xinhua\\\/2024\\\/10\\\/09\\\/senado-brasileiro-aprova-nome-indicado-por-lula-para-presidir-o-banco-central\\\/\"},\"wordCount\":375,\"commentCount\":0,\"publisher\":{\"@id\":\"https:\\\/\\\/diariodepe.com.br\\\/xinhua\\\/#organization\"},\"image\":{\"@id\":\"https:\\\/\\\/diariodepe.com.br\\\/xinhua\\\/2024\\\/10\\\/09\\\/senado-brasileiro-aprova-nome-indicado-por-lula-para-presidir-o-banco-central\\\/#primaryimage\"},\"thumbnailUrl\":\"https:\\\/\\\/diariodepe.com.br\\\/xinhua\\\/wp-content\\\/uploads\\\/sites\\\/3\\\/2024\\\/10\\\/8ea8140ae9bf487ca66759d954ed3d67.jpg\",\"articleSection\":[\"Geral\"],\"inLanguage\":\"pt-BR\",\"potentialAction\":[{\"@type\":\"CommentAction\",\"name\":\"Comment\",\"target\":[\"https:\\\/\\\/diariodepe.com.br\\\/xinhua\\\/2024\\\/10\\\/09\\\/senado-brasileiro-aprova-nome-indicado-por-lula-para-presidir-o-banco-central\\\/#respond\"]}]},{\"@type\":\"WebPage\",\"@id\":\"https:\\\/\\\/diariodepe.com.br\\\/xinhua\\\/2024\\\/10\\\/09\\\/senado-brasileiro-aprova-nome-indicado-por-lula-para-presidir-o-banco-central\\\/\",\"url\":\"https:\\\/\\\/diariodepe.com.br\\\/xinhua\\\/2024\\\/10\\\/09\\\/senado-brasileiro-aprova-nome-indicado-por-lula-para-presidir-o-banco-central\\\/\",\"name\":\"Senado brasileiro aprova nome indicado por Lula para presidir o Banco Central - Xinhua - Diario de Pernambuco\",\"isPartOf\":{\"@id\":\"https:\\\/\\\/diariodepe.com.br\\\/xinhua\\\/#website\"},\"primaryImageOfPage\":{\"@id\":\"https:\\\/\\\/diariodepe.com.br\\\/xinhua\\\/2024\\\/10\\\/09\\\/senado-brasileiro-aprova-nome-indicado-por-lula-para-presidir-o-banco-central\\\/#primaryimage\"},\"image\":{\"@id\":\"https:\\\/\\\/diariodepe.com.br\\\/xinhua\\\/2024\\\/10\\\/09\\\/senado-brasileiro-aprova-nome-indicado-por-lula-para-presidir-o-banco-central\\\/#primaryimage\"},\"thumbnailUrl\":\"https:\\\/\\\/diariodepe.com.br\\\/xinhua\\\/wp-content\\\/uploads\\\/sites\\\/3\\\/2024\\\/10\\\/8ea8140ae9bf487ca66759d954ed3d67.jpg\",\"datePublished\":\"2024-10-09T13:29:44+00:00\",\"dateModified\":\"2024-10-09T13:29:46+00:00\",\"breadcrumb\":{\"@id\":\"https:\\\/\\\/diariodepe.com.br\\\/xinhua\\\/2024\\\/10\\\/09\\\/senado-brasileiro-aprova-nome-indicado-por-lula-para-presidir-o-banco-central\\\/#breadcrumb\"},\"inLanguage\":\"pt-BR\",\"potentialAction\":[{\"@type\":\"ReadAction\",\"target\":[\"https:\\\/\\\/diariodepe.com.br\\\/xinhua\\\/2024\\\/10\\\/09\\\/senado-brasileiro-aprova-nome-indicado-por-lula-para-presidir-o-banco-central\\\/\"]}]},{\"@type\":\"ImageObject\",\"inLanguage\":\"pt-BR\",\"@id\":\"https:\\\/\\\/diariodepe.com.br\\\/xinhua\\\/2024\\\/10\\\/09\\\/senado-brasileiro-aprova-nome-indicado-por-lula-para-presidir-o-banco-central\\\/#primaryimage\",\"url\":\"https:\\\/\\\/diariodepe.com.br\\\/xinhua\\\/wp-content\\\/uploads\\\/sites\\\/3\\\/2024\\\/10\\\/8ea8140ae9bf487ca66759d954ed3d67.jpg\",\"contentUrl\":\"https:\\\/\\\/diariodepe.com.br\\\/xinhua\\\/wp-content\\\/uploads\\\/sites\\\/3\\\/2024\\\/10\\\/8ea8140ae9bf487ca66759d954ed3d67.jpg\",\"width\":1000,\"height\":500,\"caption\":\"(241008) -- BRASILIA, 8 octubre, 2024 (Xinhua) -- El economista brasile\u00f1o, Gabriel Gal\u00edpolo, propuesto por el presidente de Brasil, Luiz In\u00e1cio Lula da Silva, para asumir la presidencia del Banco Central de Brasil, reacciona durante la audiencia ante la Comisi\u00f3n de Asuntos Econ\u00f3micos del Senado, en Brasilia, Brasil, el 8 de octubre de 2024. El Senado de Brasil aprob\u00f3 el martes el nombramiento de Gal\u00edpolo, de 42 a\u00f1os, como pr\u00f3ximo presidente del Banco Central para el per\u00edodo 2025-2029. (Xinhua\\\/Lucio Tavora) (lt) (jg) (ce)\"},{\"@type\":\"BreadcrumbList\",\"@id\":\"https:\\\/\\\/diariodepe.com.br\\\/xinhua\\\/2024\\\/10\\\/09\\\/senado-brasileiro-aprova-nome-indicado-por-lula-para-presidir-o-banco-central\\\/#breadcrumb\",\"itemListElement\":[{\"@type\":\"ListItem\",\"position\":1,\"name\":\"In\u00edcio\",\"item\":\"https:\\\/\\\/diariodepe.com.br\\\/xinhua\\\/\"},{\"@type\":\"ListItem\",\"position\":2,\"name\":\"Senado brasileiro aprova nome indicado por Lula para presidir o Banco Central\"}]},{\"@type\":\"WebSite\",\"@id\":\"https:\\\/\\\/diariodepe.com.br\\\/xinhua\\\/#website\",\"url\":\"https:\\\/\\\/diariodepe.com.br\\\/xinhua\\\/\",\"name\":\"Xinhua - Diario de Pernambuco\",\"description\":\"A maior ag\u00eancia de not\u00edcias da China e um dos principais canais para conhecer o pa\u00eds\",\"publisher\":{\"@id\":\"https:\\\/\\\/diariodepe.com.br\\\/xinhua\\\/#organization\"},\"potentialAction\":[{\"@type\":\"SearchAction\",\"target\":{\"@type\":\"EntryPoint\",\"urlTemplate\":\"https:\\\/\\\/diariodepe.com.br\\\/xinhua\\\/?s={search_term_string}\"},\"query-input\":{\"@type\":\"PropertyValueSpecification\",\"valueRequired\":true,\"valueName\":\"search_term_string\"}}],\"inLanguage\":\"pt-BR\"},{\"@type\":\"Organization\",\"@id\":\"https:\\\/\\\/diariodepe.com.br\\\/xinhua\\\/#organization\",\"name\":\"Xinhua - Diario de Pernambuco\",\"url\":\"https:\\\/\\\/diariodepe.com.br\\\/xinhua\\\/\",\"logo\":{\"@type\":\"ImageObject\",\"inLanguage\":\"pt-BR\",\"@id\":\"https:\\\/\\\/diariodepe.com.br\\\/xinhua\\\/#\\\/schema\\\/logo\\\/image\\\/\",\"url\":\"https:\\\/\\\/diariodepe.com.br\\\/xinhua\\\/wp-content\\\/uploads\\\/sites\\\/3\\\/2020\\\/10\\\/cropped-logo-transparente-2.png\",\"contentUrl\":\"https:\\\/\\\/diariodepe.com.br\\\/xinhua\\\/wp-content\\\/uploads\\\/sites\\\/3\\\/2020\\\/10\\\/cropped-logo-transparente-2.png\",\"width\":512,\"height\":164,\"caption\":\"Xinhua - Diario de Pernambuco\"},\"image\":{\"@id\":\"https:\\\/\\\/diariodepe.com.br\\\/xinhua\\\/#\\\/schema\\\/logo\\\/image\\\/\"}},{\"@type\":\"Person\",\"@id\":\"https:\\\/\\\/diariodepe.com.br\\\/xinhua\\\/#\\\/schema\\\/person\\\/0943d6fd02bdc7b49c8f495e8787a2cb\",\"name\":\"Marcelo Oliveira de A. Maranhao\",\"image\":{\"@type\":\"ImageObject\",\"inLanguage\":\"pt-BR\",\"@id\":\"https:\\\/\\\/secure.gravatar.com\\\/avatar\\\/f562caee940d39879c20e90eea3e4b21860c7d4c96684c23141c554824f0059c?s=96&d=mm&r=g\",\"url\":\"https:\\\/\\\/secure.gravatar.com\\\/avatar\\\/f562caee940d39879c20e90eea3e4b21860c7d4c96684c23141c554824f0059c?s=96&d=mm&r=g\",\"contentUrl\":\"https:\\\/\\\/secure.gravatar.com\\\/avatar\\\/f562caee940d39879c20e90eea3e4b21860c7d4c96684c23141c554824f0059c?s=96&d=mm&r=g\",\"caption\":\"Marcelo Oliveira de A. Maranhao\"},\"url\":\"https:\\\/\\\/diariodepe.com.br\\\/xinhua\\\/author\\\/marcelo-maranhao\\\/\"}]}<\/script>\n<!-- \/ Yoast SEO plugin. -->","yoast_head_json":{"title":"Senado brasileiro aprova nome indicado por Lula para presidir o Banco Central - Xinhua - Diario de Pernambuco","robots":{"index":"index","follow":"follow","max-snippet":"max-snippet:-1","max-image-preview":"max-image-preview:large","max-video-preview":"max-video-preview:-1"},"canonical":"https:\/\/diariodepe.com.br\/xinhua\/2024\/10\/09\/senado-brasileiro-aprova-nome-indicado-por-lula-para-presidir-o-banco-central\/","og_locale":"pt_BR","og_type":"article","og_title":"Senado brasileiro aprova nome indicado por Lula para presidir o Banco Central - Xinhua - Diario de Pernambuco","og_description":"Bras\u00edlia &#8211; O Senado brasileiro aprovou nesta ter\u00e7a-feira o nome do economista Gabriel Gal\u00edpolo, 42 anos, atual diretor de Pol\u00edtica Monet\u00e1ria do Banco Central, para presidir a autoridade monet\u00e1ria no per\u00edodo 2025-2029. O indicado pelo presidente Luiz In\u00e1cio Lula da...","og_url":"https:\/\/diariodepe.com.br\/xinhua\/2024\/10\/09\/senado-brasileiro-aprova-nome-indicado-por-lula-para-presidir-o-banco-central\/","og_site_name":"Xinhua - Diario de Pernambuco","article_published_time":"2024-10-09T13:29:44+00:00","article_modified_time":"2024-10-09T13:29:46+00:00","og_image":[{"width":1000,"height":500,"url":"https:\/\/diariodepe.com.br\/xinhua\/wp-content\/uploads\/sites\/3\/2024\/10\/8ea8140ae9bf487ca66759d954ed3d67.jpg","type":"image\/jpeg"}],"author":"Marcelo Oliveira de A. Maranhao","twitter_card":"summary_large_image","twitter_misc":{"Escrito por":"Marcelo Oliveira de A. Maranhao","Est. tempo de leitura":"2 minutos"},"schema":{"@context":"https:\/\/schema.org","@graph":[{"@type":"Article","@id":"https:\/\/diariodepe.com.br\/xinhua\/2024\/10\/09\/senado-brasileiro-aprova-nome-indicado-por-lula-para-presidir-o-banco-central\/#article","isPartOf":{"@id":"https:\/\/diariodepe.com.br\/xinhua\/2024\/10\/09\/senado-brasileiro-aprova-nome-indicado-por-lula-para-presidir-o-banco-central\/"},"author":{"name":"Marcelo Oliveira de A. Maranhao","@id":"https:\/\/diariodepe.com.br\/xinhua\/#\/schema\/person\/0943d6fd02bdc7b49c8f495e8787a2cb"},"headline":"Senado brasileiro aprova nome indicado por Lula para presidir o Banco Central","datePublished":"2024-10-09T13:29:44+00:00","dateModified":"2024-10-09T13:29:46+00:00","mainEntityOfPage":{"@id":"https:\/\/diariodepe.com.br\/xinhua\/2024\/10\/09\/senado-brasileiro-aprova-nome-indicado-por-lula-para-presidir-o-banco-central\/"},"wordCount":375,"commentCount":0,"publisher":{"@id":"https:\/\/diariodepe.com.br\/xinhua\/#organization"},"image":{"@id":"https:\/\/diariodepe.com.br\/xinhua\/2024\/10\/09\/senado-brasileiro-aprova-nome-indicado-por-lula-para-presidir-o-banco-central\/#primaryimage"},"thumbnailUrl":"https:\/\/diariodepe.com.br\/xinhua\/wp-content\/uploads\/sites\/3\/2024\/10\/8ea8140ae9bf487ca66759d954ed3d67.jpg","articleSection":["Geral"],"inLanguage":"pt-BR","potentialAction":[{"@type":"CommentAction","name":"Comment","target":["https:\/\/diariodepe.com.br\/xinhua\/2024\/10\/09\/senado-brasileiro-aprova-nome-indicado-por-lula-para-presidir-o-banco-central\/#respond"]}]},{"@type":"WebPage","@id":"https:\/\/diariodepe.com.br\/xinhua\/2024\/10\/09\/senado-brasileiro-aprova-nome-indicado-por-lula-para-presidir-o-banco-central\/","url":"https:\/\/diariodepe.com.br\/xinhua\/2024\/10\/09\/senado-brasileiro-aprova-nome-indicado-por-lula-para-presidir-o-banco-central\/","name":"Senado brasileiro aprova nome indicado por Lula para presidir o Banco Central - Xinhua - Diario de Pernambuco","isPartOf":{"@id":"https:\/\/diariodepe.com.br\/xinhua\/#website"},"primaryImageOfPage":{"@id":"https:\/\/diariodepe.com.br\/xinhua\/2024\/10\/09\/senado-brasileiro-aprova-nome-indicado-por-lula-para-presidir-o-banco-central\/#primaryimage"},"image":{"@id":"https:\/\/diariodepe.com.br\/xinhua\/2024\/10\/09\/senado-brasileiro-aprova-nome-indicado-por-lula-para-presidir-o-banco-central\/#primaryimage"},"thumbnailUrl":"https:\/\/diariodepe.com.br\/xinhua\/wp-content\/uploads\/sites\/3\/2024\/10\/8ea8140ae9bf487ca66759d954ed3d67.jpg","datePublished":"2024-10-09T13:29:44+00:00","dateModified":"2024-10-09T13:29:46+00:00","breadcrumb":{"@id":"https:\/\/diariodepe.com.br\/xinhua\/2024\/10\/09\/senado-brasileiro-aprova-nome-indicado-por-lula-para-presidir-o-banco-central\/#breadcrumb"},"inLanguage":"pt-BR","potentialAction":[{"@type":"ReadAction","target":["https:\/\/diariodepe.com.br\/xinhua\/2024\/10\/09\/senado-brasileiro-aprova-nome-indicado-por-lula-para-presidir-o-banco-central\/"]}]},{"@type":"ImageObject","inLanguage":"pt-BR","@id":"https:\/\/diariodepe.com.br\/xinhua\/2024\/10\/09\/senado-brasileiro-aprova-nome-indicado-por-lula-para-presidir-o-banco-central\/#primaryimage","url":"https:\/\/diariodepe.com.br\/xinhua\/wp-content\/uploads\/sites\/3\/2024\/10\/8ea8140ae9bf487ca66759d954ed3d67.jpg","contentUrl":"https:\/\/diariodepe.com.br\/xinhua\/wp-content\/uploads\/sites\/3\/2024\/10\/8ea8140ae9bf487ca66759d954ed3d67.jpg","width":1000,"height":500,"caption":"(241008) -- BRASILIA, 8 octubre, 2024 (Xinhua) -- El economista brasile\u00f1o, Gabriel Gal\u00edpolo, propuesto por el presidente de Brasil, Luiz In\u00e1cio Lula da Silva, para asumir la presidencia del Banco Central de Brasil, reacciona durante la audiencia ante la Comisi\u00f3n de Asuntos Econ\u00f3micos del Senado, en Brasilia, Brasil, el 8 de octubre de 2024. El Senado de Brasil aprob\u00f3 el martes el nombramiento de Gal\u00edpolo, de 42 a\u00f1os, como pr\u00f3ximo presidente del Banco Central para el per\u00edodo 2025-2029. (Xinhua\/Lucio Tavora) (lt) (jg) (ce)"},{"@type":"BreadcrumbList","@id":"https:\/\/diariodepe.com.br\/xinhua\/2024\/10\/09\/senado-brasileiro-aprova-nome-indicado-por-lula-para-presidir-o-banco-central\/#breadcrumb","itemListElement":[{"@type":"ListItem","position":1,"name":"In\u00edcio","item":"https:\/\/diariodepe.com.br\/xinhua\/"},{"@type":"ListItem","position":2,"name":"Senado brasileiro aprova nome indicado por Lula para presidir o Banco Central"}]},{"@type":"WebSite","@id":"https:\/\/diariodepe.com.br\/xinhua\/#website","url":"https:\/\/diariodepe.com.br\/xinhua\/","name":"Xinhua - Diario de Pernambuco","description":"A maior ag\u00eancia de not\u00edcias da China e um dos principais canais para conhecer o pa\u00eds","publisher":{"@id":"https:\/\/diariodepe.com.br\/xinhua\/#organization"},"potentialAction":[{"@type":"SearchAction","target":{"@type":"EntryPoint","urlTemplate":"https:\/\/diariodepe.com.br\/xinhua\/?s={search_term_string}"},"query-input":{"@type":"PropertyValueSpecification","valueRequired":true,"valueName":"search_term_string"}}],"inLanguage":"pt-BR"},{"@type":"Organization","@id":"https:\/\/diariodepe.com.br\/xinhua\/#organization","name":"Xinhua - Diario de Pernambuco","url":"https:\/\/diariodepe.com.br\/xinhua\/","logo":{"@type":"ImageObject","inLanguage":"pt-BR","@id":"https:\/\/diariodepe.com.br\/xinhua\/#\/schema\/logo\/image\/","url":"https:\/\/diariodepe.com.br\/xinhua\/wp-content\/uploads\/sites\/3\/2020\/10\/cropped-logo-transparente-2.png","contentUrl":"https:\/\/diariodepe.com.br\/xinhua\/wp-content\/uploads\/sites\/3\/2020\/10\/cropped-logo-transparente-2.png","width":512,"height":164,"caption":"Xinhua - Diario de Pernambuco"},"image":{"@id":"https:\/\/diariodepe.com.br\/xinhua\/#\/schema\/logo\/image\/"}},{"@type":"Person","@id":"https:\/\/diariodepe.com.br\/xinhua\/#\/schema\/person\/0943d6fd02bdc7b49c8f495e8787a2cb","name":"Marcelo Oliveira de A. Maranhao","image":{"@type":"ImageObject","inLanguage":"pt-BR","@id":"https:\/\/secure.gravatar.com\/avatar\/f562caee940d39879c20e90eea3e4b21860c7d4c96684c23141c554824f0059c?s=96&d=mm&r=g","url":"https:\/\/secure.gravatar.com\/avatar\/f562caee940d39879c20e90eea3e4b21860c7d4c96684c23141c554824f0059c?s=96&d=mm&r=g","contentUrl":"https:\/\/secure.gravatar.com\/avatar\/f562caee940d39879c20e90eea3e4b21860c7d4c96684c23141c554824f0059c?s=96&d=mm&r=g","caption":"Marcelo Oliveira de A. Maranhao"},"url":"https:\/\/diariodepe.com.br\/xinhua\/author\/marcelo-maranhao\/"}]}},"cc_featured_image_caption":{"caption_text":"","source_text":"","source_url":""},"amp_enabled":true,"_links":{"self":[{"href":"https:\/\/diariodepe.com.br\/xinhua\/wp-json\/wp\/v2\/posts\/23165","targetHints":{"allow":["GET"]}}],"collection":[{"href":"https:\/\/diariodepe.com.br\/xinhua\/wp-json\/wp\/v2\/posts"}],"about":[{"href":"https:\/\/diariodepe.com.br\/xinhua\/wp-json\/wp\/v2\/types\/post"}],"author":[{"embeddable":true,"href":"https:\/\/diariodepe.com.br\/xinhua\/wp-json\/wp\/v2\/users\/3"}],"replies":[{"embeddable":true,"href":"https:\/\/diariodepe.com.br\/xinhua\/wp-json\/wp\/v2\/comments?post=23165"}],"version-history":[{"count":1,"href":"https:\/\/diariodepe.com.br\/xinhua\/wp-json\/wp\/v2\/posts\/23165\/revisions"}],"predecessor-version":[{"id":23167,"href":"https:\/\/diariodepe.com.br\/xinhua\/wp-json\/wp\/v2\/posts\/23165\/revisions\/23167"}],"wp:featuredmedia":[{"embeddable":true,"href":"https:\/\/diariodepe.com.br\/xinhua\/wp-json\/wp\/v2\/media\/23166"}],"wp:attachment":[{"href":"https:\/\/diariodepe.com.br\/xinhua\/wp-json\/wp\/v2\/media?parent=23165"}],"wp:term":[{"taxonomy":"category","embeddable":true,"href":"https:\/\/diariodepe.com.br\/xinhua\/wp-json\/wp\/v2\/categories?post=23165"},{"taxonomy":"post_tag","embeddable":true,"href":"https:\/\/diariodepe.com.br\/xinhua\/wp-json\/wp\/v2\/tags?post=23165"}],"curies":[{"name":"wp","href":"https:\/\/api.w.org\/{rel}","templated":true}]}}