{"id":23153,"date":"2024-10-08T14:18:00","date_gmt":"2024-10-08T17:18:00","guid":{"rendered":"https:\/\/www.diariodepe.com.br\/xinhua\/?p=23153"},"modified":"2024-10-08T10:22:55","modified_gmt":"2024-10-08T13:22:55","slug":"vice-primeiro-ministro-chines-pede-reforco-ao-desenvolvimento-de-xinjiang","status":"publish","type":"post","link":"https:\/\/diariodepe.com.br\/xinhua\/2024\/10\/08\/vice-primeiro-ministro-chines-pede-reforco-ao-desenvolvimento-de-xinjiang\/","title":{"rendered":"Vice-primeiro-ministro chin\u00eas pede refor\u00e7o ao desenvolvimento de Xinjiang"},"content":{"rendered":"\n<p>Urumqi &#8211; O vice-primeiro-ministro chin\u00eas, He Lifeng, pediu na segunda-feira esfor\u00e7os para fortalecer o Corpo de Produ\u00e7\u00e3o e Constru\u00e7\u00e3o de Xinjiang (XPCC, na sigla em ingl\u00eas) para contribuir para o desenvolvimento de Xinjiang .<\/p>\n\n\n\n<p>Ele, tamb\u00e9m membro do Bir\u00f4 Pol\u00edtico do Comit\u00ea Central do Partido Comunista da China (PCCh), fez as observa\u00e7\u00f5es em uma reuni\u00e3o comemorativa do 70\u00ba anivers\u00e1rio de funda\u00e7\u00e3o do XPCC em Urumqi, capital da Regi\u00e3o Aut\u00f4noma Uigur de Xinjiang.<\/p>\n\n\n\n<p>O vice-primeiro-ministro liderou uma delega\u00e7\u00e3o central em Xinjiang para a ocasi\u00e3o.<\/p>\n\n\n\n<p>Confiado por Xi Jinping, secret\u00e1rio-geral do Comit\u00ea Central do PCCh, ele estendeu felicita\u00e7\u00f5es e sauda\u00e7\u00f5es a pessoas de v\u00e1rios grupos \u00e9tnicos do XPCC em nome das autoridades centrais.<\/p>\n\n\n\n<p>Uma carta de parab\u00e9ns enviada pelo Comit\u00ea Central do PCCh, pelo Conselho de Estado e pela Comiss\u00e3o Militar Central foi lida na reuni\u00e3o.<\/p>\n\n\n\n<p>O XPCC foi fundado em 1954 por militares desmobilizados em Xinjiang e, nas \u00faltimas sete d\u00e9cadas, fez contribui\u00e7\u00f5es fundamentais para reflex\u00f5es sobre o desenvolvimento de Xinjiang, fortalecendo a unidade \u00e9tnica e a estabilidade social, bem como proteger as fronteiras, de acordo com a carta.<\/p>\n\n\n\n<p>Ele disse que o XPCC abriu um novo caminho de recupera\u00e7\u00e3o e desenvolvimento de terras sob o sistema de socialismo com caracter\u00edsticas chinesas nos \u00faltimos 70 anos. As gera\u00e7\u00f5es de pessoas do XPCC fizeram enormes sacrif\u00edcios e contribui\u00e7\u00f5es e acumularam muitas experi\u00eancias valiosas, disse o vice-primeiro-ministro.<\/p>\n\n\n\n<p>Ele pediu ao XPCC que aproveitasse totalmente seus pontos fortes na manuten\u00e7\u00e3o da estabilidade e na defesa das \u00e1reas fronteiri\u00e7as para servir \u00e0 estabilidade social de Xinjiang, promover novos impulsionadores industriais e de ci\u00eancia e tecnologia para promover o desenvolvimento de alta qualidade e alavancar a reforma e a abertura para transformar uma regi\u00e3o em um &#8220;canal de ouro&#8221; entre a \u00c1sia e a Europa e uma cabe\u00e7a de ponte para a abertura da China para o oeste.<\/p>\n\n\n\n<figure class=\"wp-block-image\"><img decoding=\"async\" src=\"https:\/\/portuguese.news.cn\/20241008\/4595d25f9f8841bda61f689255bd0a04\/xYfLl1MRuOeCeyRj.jpeg\" alt=\"\"\/><\/figure>\n\n\n\n<p>(Xinhua\/Li Xiang)<\/p>\n","protected":false},"excerpt":{"rendered":"<p>Urumqi &#8211; O vice-primeiro-ministro chin\u00eas, He Lifeng, pediu na segunda-feira esfor\u00e7os para fortalecer o Corpo de Produ\u00e7\u00e3o e Constru\u00e7\u00e3o de Xinjiang (XPCC, na sigla em ingl\u00eas) para contribuir para o desenvolvimento de Xinjiang . Ele, tamb\u00e9m membro do Bir\u00f4 Pol\u00edtico&#8230;<\/p>\n","protected":false},"author":3,"featured_media":23154,"comment_status":"open","ping_status":"open","sticky":false,"template":"","format":"standard","meta":{"footnotes":""},"categories":[3],"tags":[],"class_list":["post-23153","post","type-post","status-publish","format-standard","has-post-thumbnail","hentry","category-china"],"yoast_head":"<!-- This site is optimized with the Yoast SEO plugin v27.4 - https:\/\/yoast.com\/product\/yoast-seo-wordpress\/ -->\n<title>Vice-primeiro-ministro chin\u00eas pede refor\u00e7o ao desenvolvimento de Xinjiang - Xinhua - Diario de Pernambuco<\/title>\n<meta name=\"robots\" content=\"index, follow, max-snippet:-1, max-image-preview:large, max-video-preview:-1\" \/>\n<link rel=\"canonical\" href=\"https:\/\/diariodepe.com.br\/xinhua\/2024\/10\/08\/vice-primeiro-ministro-chines-pede-reforco-ao-desenvolvimento-de-xinjiang\/\" \/>\n<meta property=\"og:locale\" content=\"pt_BR\" \/>\n<meta property=\"og:type\" content=\"article\" \/>\n<meta property=\"og:title\" content=\"Vice-primeiro-ministro chin\u00eas pede refor\u00e7o ao desenvolvimento de Xinjiang - Xinhua - Diario de Pernambuco\" \/>\n<meta property=\"og:description\" content=\"Urumqi &#8211; O vice-primeiro-ministro chin\u00eas, He Lifeng, pediu na segunda-feira esfor\u00e7os para fortalecer o Corpo de Produ\u00e7\u00e3o e Constru\u00e7\u00e3o de Xinjiang (XPCC, na sigla em ingl\u00eas) para contribuir para o desenvolvimento de Xinjiang . Ele, tamb\u00e9m membro do Bir\u00f4 Pol\u00edtico...\" \/>\n<meta property=\"og:url\" content=\"https:\/\/diariodepe.com.br\/xinhua\/2024\/10\/08\/vice-primeiro-ministro-chines-pede-reforco-ao-desenvolvimento-de-xinjiang\/\" \/>\n<meta property=\"og:site_name\" content=\"Xinhua - Diario de Pernambuco\" \/>\n<meta property=\"article:published_time\" content=\"2024-10-08T17:18:00+00:00\" \/>\n<meta property=\"og:image\" content=\"https:\/\/diariodepe.com.br\/xinhua\/wp-content\/uploads\/sites\/3\/2024\/10\/jPYVqFciUVG4q2IJ.jpeg\" \/>\n\t<meta property=\"og:image:width\" content=\"1015\" \/>\n\t<meta property=\"og:image:height\" content=\"766\" \/>\n\t<meta property=\"og:image:type\" content=\"image\/jpeg\" \/>\n<meta name=\"author\" content=\"Marcelo Oliveira de A. Maranhao\" \/>\n<meta name=\"twitter:card\" content=\"summary_large_image\" \/>\n<meta name=\"twitter:label1\" content=\"Escrito por\" \/>\n\t<meta name=\"twitter:data1\" content=\"Marcelo Oliveira de A. Maranhao\" \/>\n\t<meta name=\"twitter:label2\" content=\"Est. tempo de leitura\" \/>\n\t<meta name=\"twitter:data2\" content=\"2 minutos\" \/>\n<script type=\"application\/ld+json\" class=\"yoast-schema-graph\">{\"@context\":\"https:\\\/\\\/schema.org\",\"@graph\":[{\"@type\":\"Article\",\"@id\":\"https:\\\/\\\/diariodepe.com.br\\\/xinhua\\\/2024\\\/10\\\/08\\\/vice-primeiro-ministro-chines-pede-reforco-ao-desenvolvimento-de-xinjiang\\\/#article\",\"isPartOf\":{\"@id\":\"https:\\\/\\\/diariodepe.com.br\\\/xinhua\\\/2024\\\/10\\\/08\\\/vice-primeiro-ministro-chines-pede-reforco-ao-desenvolvimento-de-xinjiang\\\/\"},\"author\":{\"name\":\"Marcelo Oliveira de A. Maranhao\",\"@id\":\"https:\\\/\\\/diariodepe.com.br\\\/xinhua\\\/#\\\/schema\\\/person\\\/0943d6fd02bdc7b49c8f495e8787a2cb\"},\"headline\":\"Vice-primeiro-ministro chin\u00eas pede refor\u00e7o ao desenvolvimento de Xinjiang\",\"datePublished\":\"2024-10-08T17:18:00+00:00\",\"mainEntityOfPage\":{\"@id\":\"https:\\\/\\\/diariodepe.com.br\\\/xinhua\\\/2024\\\/10\\\/08\\\/vice-primeiro-ministro-chines-pede-reforco-ao-desenvolvimento-de-xinjiang\\\/\"},\"wordCount\":346,\"commentCount\":0,\"publisher\":{\"@id\":\"https:\\\/\\\/diariodepe.com.br\\\/xinhua\\\/#organization\"},\"image\":{\"@id\":\"https:\\\/\\\/diariodepe.com.br\\\/xinhua\\\/2024\\\/10\\\/08\\\/vice-primeiro-ministro-chines-pede-reforco-ao-desenvolvimento-de-xinjiang\\\/#primaryimage\"},\"thumbnailUrl\":\"https:\\\/\\\/diariodepe.com.br\\\/xinhua\\\/wp-content\\\/uploads\\\/sites\\\/3\\\/2024\\\/10\\\/jPYVqFciUVG4q2IJ.jpeg\",\"articleSection\":[\"China\"],\"inLanguage\":\"pt-BR\",\"potentialAction\":[{\"@type\":\"CommentAction\",\"name\":\"Comment\",\"target\":[\"https:\\\/\\\/diariodepe.com.br\\\/xinhua\\\/2024\\\/10\\\/08\\\/vice-primeiro-ministro-chines-pede-reforco-ao-desenvolvimento-de-xinjiang\\\/#respond\"]}]},{\"@type\":\"WebPage\",\"@id\":\"https:\\\/\\\/diariodepe.com.br\\\/xinhua\\\/2024\\\/10\\\/08\\\/vice-primeiro-ministro-chines-pede-reforco-ao-desenvolvimento-de-xinjiang\\\/\",\"url\":\"https:\\\/\\\/diariodepe.com.br\\\/xinhua\\\/2024\\\/10\\\/08\\\/vice-primeiro-ministro-chines-pede-reforco-ao-desenvolvimento-de-xinjiang\\\/\",\"name\":\"Vice-primeiro-ministro chin\u00eas pede refor\u00e7o ao desenvolvimento de Xinjiang - Xinhua - Diario de Pernambuco\",\"isPartOf\":{\"@id\":\"https:\\\/\\\/diariodepe.com.br\\\/xinhua\\\/#website\"},\"primaryImageOfPage\":{\"@id\":\"https:\\\/\\\/diariodepe.com.br\\\/xinhua\\\/2024\\\/10\\\/08\\\/vice-primeiro-ministro-chines-pede-reforco-ao-desenvolvimento-de-xinjiang\\\/#primaryimage\"},\"image\":{\"@id\":\"https:\\\/\\\/diariodepe.com.br\\\/xinhua\\\/2024\\\/10\\\/08\\\/vice-primeiro-ministro-chines-pede-reforco-ao-desenvolvimento-de-xinjiang\\\/#primaryimage\"},\"thumbnailUrl\":\"https:\\\/\\\/diariodepe.com.br\\\/xinhua\\\/wp-content\\\/uploads\\\/sites\\\/3\\\/2024\\\/10\\\/jPYVqFciUVG4q2IJ.jpeg\",\"datePublished\":\"2024-10-08T17:18:00+00:00\",\"breadcrumb\":{\"@id\":\"https:\\\/\\\/diariodepe.com.br\\\/xinhua\\\/2024\\\/10\\\/08\\\/vice-primeiro-ministro-chines-pede-reforco-ao-desenvolvimento-de-xinjiang\\\/#breadcrumb\"},\"inLanguage\":\"pt-BR\",\"potentialAction\":[{\"@type\":\"ReadAction\",\"target\":[\"https:\\\/\\\/diariodepe.com.br\\\/xinhua\\\/2024\\\/10\\\/08\\\/vice-primeiro-ministro-chines-pede-reforco-ao-desenvolvimento-de-xinjiang\\\/\"]}]},{\"@type\":\"ImageObject\",\"inLanguage\":\"pt-BR\",\"@id\":\"https:\\\/\\\/diariodepe.com.br\\\/xinhua\\\/2024\\\/10\\\/08\\\/vice-primeiro-ministro-chines-pede-reforco-ao-desenvolvimento-de-xinjiang\\\/#primaryimage\",\"url\":\"https:\\\/\\\/diariodepe.com.br\\\/xinhua\\\/wp-content\\\/uploads\\\/sites\\\/3\\\/2024\\\/10\\\/jPYVqFciUVG4q2IJ.jpeg\",\"contentUrl\":\"https:\\\/\\\/diariodepe.com.br\\\/xinhua\\\/wp-content\\\/uploads\\\/sites\\\/3\\\/2024\\\/10\\\/jPYVqFciUVG4q2IJ.jpeg\",\"width\":1015,\"height\":766},{\"@type\":\"BreadcrumbList\",\"@id\":\"https:\\\/\\\/diariodepe.com.br\\\/xinhua\\\/2024\\\/10\\\/08\\\/vice-primeiro-ministro-chines-pede-reforco-ao-desenvolvimento-de-xinjiang\\\/#breadcrumb\",\"itemListElement\":[{\"@type\":\"ListItem\",\"position\":1,\"name\":\"In\u00edcio\",\"item\":\"https:\\\/\\\/diariodepe.com.br\\\/xinhua\\\/\"},{\"@type\":\"ListItem\",\"position\":2,\"name\":\"Vice-primeiro-ministro chin\u00eas pede refor\u00e7o ao desenvolvimento de Xinjiang\"}]},{\"@type\":\"WebSite\",\"@id\":\"https:\\\/\\\/diariodepe.com.br\\\/xinhua\\\/#website\",\"url\":\"https:\\\/\\\/diariodepe.com.br\\\/xinhua\\\/\",\"name\":\"Xinhua - Diario de Pernambuco\",\"description\":\"A maior ag\u00eancia de not\u00edcias da China e um dos principais canais para conhecer o pa\u00eds\",\"publisher\":{\"@id\":\"https:\\\/\\\/diariodepe.com.br\\\/xinhua\\\/#organization\"},\"potentialAction\":[{\"@type\":\"SearchAction\",\"target\":{\"@type\":\"EntryPoint\",\"urlTemplate\":\"https:\\\/\\\/diariodepe.com.br\\\/xinhua\\\/?s={search_term_string}\"},\"query-input\":{\"@type\":\"PropertyValueSpecification\",\"valueRequired\":true,\"valueName\":\"search_term_string\"}}],\"inLanguage\":\"pt-BR\"},{\"@type\":\"Organization\",\"@id\":\"https:\\\/\\\/diariodepe.com.br\\\/xinhua\\\/#organization\",\"name\":\"Xinhua - Diario de Pernambuco\",\"url\":\"https:\\\/\\\/diariodepe.com.br\\\/xinhua\\\/\",\"logo\":{\"@type\":\"ImageObject\",\"inLanguage\":\"pt-BR\",\"@id\":\"https:\\\/\\\/diariodepe.com.br\\\/xinhua\\\/#\\\/schema\\\/logo\\\/image\\\/\",\"url\":\"https:\\\/\\\/diariodepe.com.br\\\/xinhua\\\/wp-content\\\/uploads\\\/sites\\\/3\\\/2020\\\/10\\\/cropped-logo-transparente-2.png\",\"contentUrl\":\"https:\\\/\\\/diariodepe.com.br\\\/xinhua\\\/wp-content\\\/uploads\\\/sites\\\/3\\\/2020\\\/10\\\/cropped-logo-transparente-2.png\",\"width\":512,\"height\":164,\"caption\":\"Xinhua - Diario de Pernambuco\"},\"image\":{\"@id\":\"https:\\\/\\\/diariodepe.com.br\\\/xinhua\\\/#\\\/schema\\\/logo\\\/image\\\/\"}},{\"@type\":\"Person\",\"@id\":\"https:\\\/\\\/diariodepe.com.br\\\/xinhua\\\/#\\\/schema\\\/person\\\/0943d6fd02bdc7b49c8f495e8787a2cb\",\"name\":\"Marcelo Oliveira de A. Maranhao\",\"image\":{\"@type\":\"ImageObject\",\"inLanguage\":\"pt-BR\",\"@id\":\"https:\\\/\\\/secure.gravatar.com\\\/avatar\\\/f562caee940d39879c20e90eea3e4b21860c7d4c96684c23141c554824f0059c?s=96&d=mm&r=g\",\"url\":\"https:\\\/\\\/secure.gravatar.com\\\/avatar\\\/f562caee940d39879c20e90eea3e4b21860c7d4c96684c23141c554824f0059c?s=96&d=mm&r=g\",\"contentUrl\":\"https:\\\/\\\/secure.gravatar.com\\\/avatar\\\/f562caee940d39879c20e90eea3e4b21860c7d4c96684c23141c554824f0059c?s=96&d=mm&r=g\",\"caption\":\"Marcelo Oliveira de A. Maranhao\"},\"url\":\"https:\\\/\\\/diariodepe.com.br\\\/xinhua\\\/author\\\/marcelo-maranhao\\\/\"}]}<\/script>\n<!-- \/ Yoast SEO plugin. -->","yoast_head_json":{"title":"Vice-primeiro-ministro chin\u00eas pede refor\u00e7o ao desenvolvimento de Xinjiang - Xinhua - Diario de Pernambuco","robots":{"index":"index","follow":"follow","max-snippet":"max-snippet:-1","max-image-preview":"max-image-preview:large","max-video-preview":"max-video-preview:-1"},"canonical":"https:\/\/diariodepe.com.br\/xinhua\/2024\/10\/08\/vice-primeiro-ministro-chines-pede-reforco-ao-desenvolvimento-de-xinjiang\/","og_locale":"pt_BR","og_type":"article","og_title":"Vice-primeiro-ministro chin\u00eas pede refor\u00e7o ao desenvolvimento de Xinjiang - Xinhua - Diario de Pernambuco","og_description":"Urumqi &#8211; O vice-primeiro-ministro chin\u00eas, He Lifeng, pediu na segunda-feira esfor\u00e7os para fortalecer o Corpo de Produ\u00e7\u00e3o e Constru\u00e7\u00e3o de Xinjiang (XPCC, na sigla em ingl\u00eas) para contribuir para o desenvolvimento de Xinjiang . Ele, tamb\u00e9m membro do Bir\u00f4 Pol\u00edtico...","og_url":"https:\/\/diariodepe.com.br\/xinhua\/2024\/10\/08\/vice-primeiro-ministro-chines-pede-reforco-ao-desenvolvimento-de-xinjiang\/","og_site_name":"Xinhua - Diario de Pernambuco","article_published_time":"2024-10-08T17:18:00+00:00","og_image":[{"width":1015,"height":766,"url":"https:\/\/diariodepe.com.br\/xinhua\/wp-content\/uploads\/sites\/3\/2024\/10\/jPYVqFciUVG4q2IJ.jpeg","type":"image\/jpeg"}],"author":"Marcelo Oliveira de A. Maranhao","twitter_card":"summary_large_image","twitter_misc":{"Escrito por":"Marcelo Oliveira de A. Maranhao","Est. tempo de leitura":"2 minutos"},"schema":{"@context":"https:\/\/schema.org","@graph":[{"@type":"Article","@id":"https:\/\/diariodepe.com.br\/xinhua\/2024\/10\/08\/vice-primeiro-ministro-chines-pede-reforco-ao-desenvolvimento-de-xinjiang\/#article","isPartOf":{"@id":"https:\/\/diariodepe.com.br\/xinhua\/2024\/10\/08\/vice-primeiro-ministro-chines-pede-reforco-ao-desenvolvimento-de-xinjiang\/"},"author":{"name":"Marcelo Oliveira de A. Maranhao","@id":"https:\/\/diariodepe.com.br\/xinhua\/#\/schema\/person\/0943d6fd02bdc7b49c8f495e8787a2cb"},"headline":"Vice-primeiro-ministro chin\u00eas pede refor\u00e7o ao desenvolvimento de Xinjiang","datePublished":"2024-10-08T17:18:00+00:00","mainEntityOfPage":{"@id":"https:\/\/diariodepe.com.br\/xinhua\/2024\/10\/08\/vice-primeiro-ministro-chines-pede-reforco-ao-desenvolvimento-de-xinjiang\/"},"wordCount":346,"commentCount":0,"publisher":{"@id":"https:\/\/diariodepe.com.br\/xinhua\/#organization"},"image":{"@id":"https:\/\/diariodepe.com.br\/xinhua\/2024\/10\/08\/vice-primeiro-ministro-chines-pede-reforco-ao-desenvolvimento-de-xinjiang\/#primaryimage"},"thumbnailUrl":"https:\/\/diariodepe.com.br\/xinhua\/wp-content\/uploads\/sites\/3\/2024\/10\/jPYVqFciUVG4q2IJ.jpeg","articleSection":["China"],"inLanguage":"pt-BR","potentialAction":[{"@type":"CommentAction","name":"Comment","target":["https:\/\/diariodepe.com.br\/xinhua\/2024\/10\/08\/vice-primeiro-ministro-chines-pede-reforco-ao-desenvolvimento-de-xinjiang\/#respond"]}]},{"@type":"WebPage","@id":"https:\/\/diariodepe.com.br\/xinhua\/2024\/10\/08\/vice-primeiro-ministro-chines-pede-reforco-ao-desenvolvimento-de-xinjiang\/","url":"https:\/\/diariodepe.com.br\/xinhua\/2024\/10\/08\/vice-primeiro-ministro-chines-pede-reforco-ao-desenvolvimento-de-xinjiang\/","name":"Vice-primeiro-ministro chin\u00eas pede refor\u00e7o ao desenvolvimento de Xinjiang - Xinhua - Diario de Pernambuco","isPartOf":{"@id":"https:\/\/diariodepe.com.br\/xinhua\/#website"},"primaryImageOfPage":{"@id":"https:\/\/diariodepe.com.br\/xinhua\/2024\/10\/08\/vice-primeiro-ministro-chines-pede-reforco-ao-desenvolvimento-de-xinjiang\/#primaryimage"},"image":{"@id":"https:\/\/diariodepe.com.br\/xinhua\/2024\/10\/08\/vice-primeiro-ministro-chines-pede-reforco-ao-desenvolvimento-de-xinjiang\/#primaryimage"},"thumbnailUrl":"https:\/\/diariodepe.com.br\/xinhua\/wp-content\/uploads\/sites\/3\/2024\/10\/jPYVqFciUVG4q2IJ.jpeg","datePublished":"2024-10-08T17:18:00+00:00","breadcrumb":{"@id":"https:\/\/diariodepe.com.br\/xinhua\/2024\/10\/08\/vice-primeiro-ministro-chines-pede-reforco-ao-desenvolvimento-de-xinjiang\/#breadcrumb"},"inLanguage":"pt-BR","potentialAction":[{"@type":"ReadAction","target":["https:\/\/diariodepe.com.br\/xinhua\/2024\/10\/08\/vice-primeiro-ministro-chines-pede-reforco-ao-desenvolvimento-de-xinjiang\/"]}]},{"@type":"ImageObject","inLanguage":"pt-BR","@id":"https:\/\/diariodepe.com.br\/xinhua\/2024\/10\/08\/vice-primeiro-ministro-chines-pede-reforco-ao-desenvolvimento-de-xinjiang\/#primaryimage","url":"https:\/\/diariodepe.com.br\/xinhua\/wp-content\/uploads\/sites\/3\/2024\/10\/jPYVqFciUVG4q2IJ.jpeg","contentUrl":"https:\/\/diariodepe.com.br\/xinhua\/wp-content\/uploads\/sites\/3\/2024\/10\/jPYVqFciUVG4q2IJ.jpeg","width":1015,"height":766},{"@type":"BreadcrumbList","@id":"https:\/\/diariodepe.com.br\/xinhua\/2024\/10\/08\/vice-primeiro-ministro-chines-pede-reforco-ao-desenvolvimento-de-xinjiang\/#breadcrumb","itemListElement":[{"@type":"ListItem","position":1,"name":"In\u00edcio","item":"https:\/\/diariodepe.com.br\/xinhua\/"},{"@type":"ListItem","position":2,"name":"Vice-primeiro-ministro chin\u00eas pede refor\u00e7o ao desenvolvimento de Xinjiang"}]},{"@type":"WebSite","@id":"https:\/\/diariodepe.com.br\/xinhua\/#website","url":"https:\/\/diariodepe.com.br\/xinhua\/","name":"Xinhua - Diario de Pernambuco","description":"A maior ag\u00eancia de not\u00edcias da China e um dos principais canais para conhecer o pa\u00eds","publisher":{"@id":"https:\/\/diariodepe.com.br\/xinhua\/#organization"},"potentialAction":[{"@type":"SearchAction","target":{"@type":"EntryPoint","urlTemplate":"https:\/\/diariodepe.com.br\/xinhua\/?s={search_term_string}"},"query-input":{"@type":"PropertyValueSpecification","valueRequired":true,"valueName":"search_term_string"}}],"inLanguage":"pt-BR"},{"@type":"Organization","@id":"https:\/\/diariodepe.com.br\/xinhua\/#organization","name":"Xinhua - Diario de Pernambuco","url":"https:\/\/diariodepe.com.br\/xinhua\/","logo":{"@type":"ImageObject","inLanguage":"pt-BR","@id":"https:\/\/diariodepe.com.br\/xinhua\/#\/schema\/logo\/image\/","url":"https:\/\/diariodepe.com.br\/xinhua\/wp-content\/uploads\/sites\/3\/2020\/10\/cropped-logo-transparente-2.png","contentUrl":"https:\/\/diariodepe.com.br\/xinhua\/wp-content\/uploads\/sites\/3\/2020\/10\/cropped-logo-transparente-2.png","width":512,"height":164,"caption":"Xinhua - Diario de Pernambuco"},"image":{"@id":"https:\/\/diariodepe.com.br\/xinhua\/#\/schema\/logo\/image\/"}},{"@type":"Person","@id":"https:\/\/diariodepe.com.br\/xinhua\/#\/schema\/person\/0943d6fd02bdc7b49c8f495e8787a2cb","name":"Marcelo Oliveira de A. Maranhao","image":{"@type":"ImageObject","inLanguage":"pt-BR","@id":"https:\/\/secure.gravatar.com\/avatar\/f562caee940d39879c20e90eea3e4b21860c7d4c96684c23141c554824f0059c?s=96&d=mm&r=g","url":"https:\/\/secure.gravatar.com\/avatar\/f562caee940d39879c20e90eea3e4b21860c7d4c96684c23141c554824f0059c?s=96&d=mm&r=g","contentUrl":"https:\/\/secure.gravatar.com\/avatar\/f562caee940d39879c20e90eea3e4b21860c7d4c96684c23141c554824f0059c?s=96&d=mm&r=g","caption":"Marcelo Oliveira de A. Maranhao"},"url":"https:\/\/diariodepe.com.br\/xinhua\/author\/marcelo-maranhao\/"}]}},"cc_featured_image_caption":{"caption_text":"","source_text":"","source_url":""},"amp_enabled":true,"_links":{"self":[{"href":"https:\/\/diariodepe.com.br\/xinhua\/wp-json\/wp\/v2\/posts\/23153","targetHints":{"allow":["GET"]}}],"collection":[{"href":"https:\/\/diariodepe.com.br\/xinhua\/wp-json\/wp\/v2\/posts"}],"about":[{"href":"https:\/\/diariodepe.com.br\/xinhua\/wp-json\/wp\/v2\/types\/post"}],"author":[{"embeddable":true,"href":"https:\/\/diariodepe.com.br\/xinhua\/wp-json\/wp\/v2\/users\/3"}],"replies":[{"embeddable":true,"href":"https:\/\/diariodepe.com.br\/xinhua\/wp-json\/wp\/v2\/comments?post=23153"}],"version-history":[{"count":1,"href":"https:\/\/diariodepe.com.br\/xinhua\/wp-json\/wp\/v2\/posts\/23153\/revisions"}],"predecessor-version":[{"id":23155,"href":"https:\/\/diariodepe.com.br\/xinhua\/wp-json\/wp\/v2\/posts\/23153\/revisions\/23155"}],"wp:featuredmedia":[{"embeddable":true,"href":"https:\/\/diariodepe.com.br\/xinhua\/wp-json\/wp\/v2\/media\/23154"}],"wp:attachment":[{"href":"https:\/\/diariodepe.com.br\/xinhua\/wp-json\/wp\/v2\/media?parent=23153"}],"wp:term":[{"taxonomy":"category","embeddable":true,"href":"https:\/\/diariodepe.com.br\/xinhua\/wp-json\/wp\/v2\/categories?post=23153"},{"taxonomy":"post_tag","embeddable":true,"href":"https:\/\/diariodepe.com.br\/xinhua\/wp-json\/wp\/v2\/tags?post=23153"}],"curies":[{"name":"wp","href":"https:\/\/api.w.org\/{rel}","templated":true}]}}