{"id":23116,"date":"2024-10-07T11:14:00","date_gmt":"2024-10-07T14:14:00","guid":{"rendered":"https:\/\/www.diariodepe.com.br\/xinhua\/?p=23116"},"modified":"2024-10-07T10:19:05","modified_gmt":"2024-10-07T13:19:05","slug":"a-crise-climatica-crescente-na-europa-exige-cooperacao-internacional-mais-estreita","status":"publish","type":"post","link":"https:\/\/diariodepe.com.br\/xinhua\/2024\/10\/07\/a-crise-climatica-crescente-na-europa-exige-cooperacao-internacional-mais-estreita\/","title":{"rendered":"A crise clim\u00e1tica crescente na Europa exige coopera\u00e7\u00e3o internacional mais estreita"},"content":{"rendered":"\n<p>Por Cui Li e Zhang Zhang<\/p>\n\n\n\n<p>Vars\u00f3via &#8211; Inunda\u00e7\u00f5es provocadas por tempestades atingiram o centro da B\u00f3snia e Herzegovina na sexta-feira, matando 19 pessoas e deixando muitas outras desaparecidas ao longo do Rio Neretva, uma das principais hidrovias do pa\u00eds.<\/p>\n\n\n\n<p>Ao mesmo tempo, v\u00e1rios pa\u00edses da Europa Central est\u00e3o se recuperando de suas piores inunda\u00e7\u00f5es em mais de duas d\u00e9cadas.<\/p>\n\n\n\n<p>Ondas de calor extremo e inunda\u00e7\u00f5es repentinas est\u00e3o ficando mais comuns no continente, que costumavam ter condi\u00e7\u00f5es clim\u00e1ticas amenas.<\/p>\n\n\n\n<p>\u201cH\u00e1 evid\u00eancias de que elas est\u00e3o ficando mais graves\u201d, disse \u00e0 Xinhua o professor Manoj Joshi, especialista em din\u00e2mica clim\u00e1tica da Escola de Ci\u00eancias Ambientais da Universidade de East Anglia, no Reino Unido.<\/p>\n\n\n\n<p>Especialistas pediram esfor\u00e7os internacionais mais pr\u00f3ximos para construir infraestrutura resiliente e reduzir as emiss\u00f5es de gases de efeito estufa.<\/p>\n\n\n\n<figure class=\"wp-block-image\"><img decoding=\"async\" src=\"https:\/\/portuguese.news.cn\/20241007\/adb1f2289efb4e3388469ffcf0ac681d\/20241007adb1f2289efb4e3388469ffcf0ac681d_20241007cb09d53e3dda41c0a42cb4b9f6e88ca8.jpeg\" alt=\"\"\/><figcaption>Membros da comiss\u00e3o de inunda\u00e7\u00f5es monitoram o estado do Rio Vltava em Praga, Rep\u00fablica Tcheca, no dia 16 de setembro de 2024. (Foto de Dana Kesnerova\/Xinhua)<\/figcaption><\/figure>\n\n\n\n<p><strong>CLIMA EXTREMO NA EUROPA<\/strong><\/p>\n\n\n\n<p>Nos \u00faltimos meses, pa\u00edses como Pol\u00f4nia, \u00c1ustria, Rep\u00fablica Tcheca e Rom\u00eania tamb\u00e9m sofreram inunda\u00e7\u00f5es catastr\u00f3ficas, resultando em quantidades de v\u00edtimas, danos econ\u00f4micos e excessivos.<\/p>\n\n\n\n<p>A Pol\u00f4nia, um dos pa\u00edses mais atingidos, sofreu danos no valor de aproximadamente 9 bilh\u00f5es de d\u00f3lares americanos, o equivalente a cerca de 1% do seu PIB.<\/p>\n\n\n\n<p>Na Baixa \u00c1ustria, aldeias foram evacuadas e uma barragem rompeu quando as enchentes inundaram \u00e1reas. Os danos consequentes aos sistemas de esgoto deixaram 1.500 pessoas sem servi\u00e7os de esgoto adequados.<\/p>\n\n\n\n<p>Na Rep\u00fablica Tcheca, as enchentes come\u00e7aram em 13 de setembro, levando milhares a evacuar. A Rom\u00eania relatou sete mortes quando as \u00e1guas das enchentes submergiram aldeias inteiras, transformando ruas em rios e danificando gravemente a infraestrutura local.<\/p>\n\n\n\n<p>Na It\u00e1lia, cidades como Roma, N\u00e1poles e Floren\u00e7a atingiram temperaturas recordes. Isso marca o terceiro ano consecutivo de calor t\u00e3o extremo, com a primeira onda de calor de 2024 chegando antes mesmo do in\u00edcio rotineiro do ver\u00e3o. Na Sic\u00edlia, a falta extrema de \u00e1gua, acompanhada de ondas de calor, levou as cidades tur\u00edsticas a aconselhar os visitantes a irem embora, sinalizando a gravidade da crise da seca.<\/p>\n\n\n\n<figure class=\"wp-block-image\"><img decoding=\"async\" src=\"https:\/\/portuguese.news.cn\/20241007\/adb1f2289efb4e3388469ffcf0ac681d\/20241007adb1f2289efb4e3388469ffcf0ac681d_20241007a18c1f61bdcd46febeecfd10776adefa.jpeg\" alt=\"\"\/><figcaption>Turistas abrigados sob guarda-s\u00f3is visitam Coliseu em meio a uma onda de calor em Roma, It\u00e1lia, no dia 12 de julho de 2024. (Foto de Alberto Lingria\/Xinhua)<\/figcaption><\/figure>\n\n\n\n<p>De acordo com Katja Klancar, meteorologista da Ag\u00eancia Estatal para o Meio Ambiente na Eslov\u00eania, a Europa est\u00e1 se aquecendo na taxa mais r\u00e1pida de todos os continentes e, portanto, enfrentando ondas de calor, secas e chuvas mais intensas e frequentes.<\/p>\n\n\n\n<p>&#8220;Embora as ondas de calor e as temperaturas extremas tenham causas naturais, as mudan\u00e7as clim\u00e1ticas amplificam a frequ\u00eancia, a intensidade e a dura\u00e7\u00e3o. O atual aumento da temperatura global de 1,2 graus Celsius est\u00e1 alterando os padr\u00f5es regionais de temperatura, como visto na Rom\u00eania &#8220;, disse \u00e0 Xinhua Bogdan Antonescu, especialista em f\u00edsica atmosf\u00e9rica do Instituto Nacional de Pesquisa e Desenvolvimento para F\u00edsica da Terra da Rom\u00eania.<\/p>\n\n\n\n<p>Uma Dra. Aleksandra Kardas, da Universidade de Vars\u00f3via, enfatiza que o aquecimento global est\u00e1 acelerando o ciclo da \u00e1gua, causando chuvas mais intensas em \u00e1reas j\u00e1 \u00famidas e agravando as secas em algumas regi\u00f5es. &#8220;Temperaturas mais altas aumentam a evapora\u00e7\u00e3o e a probabilidade de chuvas torrenciais, mas n\u00e3o aliviam os problemas de seca, pioram&#8221;.<\/p>\n\n\n\n<figure class=\"wp-block-image\"><img decoding=\"async\" src=\"https:\/\/portuguese.news.cn\/20241007\/adb1f2289efb4e3388469ffcf0ac681d\/20241007adb1f2289efb4e3388469ffcf0ac681d_2024100788e79bf09e8c4e3ba404d7b6f7c3a979.jpeg\" alt=\"\"\/><figcaption>Mulher bebe \u00e1gua na Fonte dos Le\u00f5es em Roma, It\u00e1lia, no dia 14 de julho de 2024. (Xinhua\/Li Jing)<\/figcaption><\/figure>\n\n\n\n<p>H\u00e1 cinquenta anos, o n\u00edvel de zero grau ficou em cerca de 600 metros acima do n\u00edvel do mar. Hoje, com invernos mais quentes, o n\u00edvel subiu para cerca de 850 metros. Os Cen\u00e1rios Su\u00ed\u00e7os de Mudan\u00e7as Clim\u00e1ticas CH2018 preveem que o n\u00edvel de grau zero subir\u00e1 mais 400-650 metros at\u00e9 2060 sem mitiga\u00e7\u00e3o das mudan\u00e7as clim\u00e1ticas, o que elevar\u00e1 o n\u00edvel a uma altitude chocante de cerca de 1.300-1.500 metros.<\/p>\n\n\n\n<p><strong>IMPACTO CRESCENTE DAS MUDAN\u00c7AS CLIM\u00c1TICAS<\/strong><\/p>\n\n\n\n<p>A tempestade clim\u00e1tica extremo crescente na Europa, de granizo a inunda\u00e7\u00f5es e ondas de calor, \u00e9 um sinal de alerta dos impactos crescentes das mudan\u00e7as clim\u00e1ticas.<\/p>\n\n\n\n<p>&#8220;Melhorar a previs\u00e3o \u00e9 essencial, mas fazer a\u00e7\u00f5es efetivas continuam sendo o mais importante. Reduzir as emiss\u00f5es e aumentar a prepara\u00e7\u00e3o s\u00e3o essenciais para mitigar os impactos futuros de inunda\u00e7\u00f5es&#8221;, disse \u00e0 Xinhua, Jeff Da Costa, cientista clim\u00e1tico da Universidade de Reading, na Inglaterra.<\/p>\n\n\n\n<p>\u00d3 prof. Artur Magnuszewski, hidr\u00f3logo da Universidade de Vars\u00f3via, destacou a rela\u00e7\u00e3o entre o estilo de vida humano e uma natureza cada vez mais severa. &#8220;O efeito de &#8216;ilha de calor urbano&#8217;, causado pelo r\u00e1pido desenvolvimento da cidade e das superf\u00edcies seladas, piorou a situa\u00e7\u00e3o. As cidades absorveram calor e intensificaram as correntes convectivas, causando tempestades e aguaceiros mais severos que sobrecarregam os sistemas de esgoto desatualizados&#8221; , disse ele.<\/p>\n\n\n\n<figure class=\"wp-block-image\"><img decoding=\"async\" src=\"https:\/\/portuguese.news.cn\/20241007\/adb1f2289efb4e3388469ffcf0ac681d\/20241007adb1f2289efb4e3388469ffcf0ac681d_202410070974e448c7794d78957c1a2dce8ab419.jpeg\" alt=\"\"\/><figcaption>Homem limpa resid\u00eancia ap\u00f3s enchente no Condado de Galati, Rom\u00eania, no dia 16 de setembro de 2024. (Foto de Cristian Cristel\/Xinhua)<\/figcaption><\/figure>\n\n\n\n<p>De acordo com a 8\u00aa edi\u00e7\u00e3o do Relat\u00f3rio do Estado Oce\u00e2nico da UE Copernicus, lan\u00e7ado recentemente, devido \u00e0 influ\u00eancia das emiss\u00f5es de gases de efeito estufa causado pelas atividades humanas, o oceano global est\u00e1 se aquecendo a uma taxa acelerada, com a taxa de aquecimento quase dobrando desde 2005.<\/p>\n\n\n\n<p>O enfatiza que as mudan\u00e7as oce\u00e2nicas n\u00e3o afetam apenas os relat\u00f3rios dos ecossistemas marinhos, mas tamb\u00e9m t\u00eam impactos significativos no sistema clim\u00e1tico da Terra.<\/p>\n\n\n\n<p>Pesquisas da Universidade de Newcastle indicam que, at\u00e9 o final do s\u00e9culo, a Europa pode experimentar at\u00e9 14 vezes mais tempestades lentas, trazendo chuvas pesadas e causando inunda\u00e7\u00f5es.<\/p>\n\n\n\n<p>&#8220;Eventos extremos como esses est\u00e3o ficando mais comuns&#8221;, disse o prof. Szymon Malinowski da Universidade de Vars\u00f3via. \u201cAbordar as mudan\u00e7as clim\u00e1ticas n\u00e3o requer apenas esfor\u00e7os em larga escala, mas tamb\u00e9m compensar o planejamento urbano e desenvolver estruturas urbanas seguras para lidar melhor com os desafios de um mundo em aquecimento\u201d.<\/p>\n\n\n\n<p><strong>A\u00c7\u00d5ES R\u00c1PIDAS EM NECESSIDADE URGENTE<\/strong><\/p>\n\n\n\n<p>Muitos especialistas em clima citaram as recentes inunda\u00e7\u00f5es severas na Europa Central e Oriental como uma prova da necessidade urgente de adapta\u00e7\u00e3o a uma mudan\u00e7a clim\u00e1tica em r\u00e1pida mudan\u00e7a.<\/p>\n\n\n\n<p>\u00d3 prof. Joshi pediu a\u00e7\u00f5es r\u00e1pidas e de comprometimento do governo para atingir as metas de emiss\u00f5es l\u00edquidas zero que eles definiram. &#8220;Muitos pa\u00edses t\u00eam trajet\u00f3rias l\u00edquidas zero. Se estamos fazendo o suficiente ou n\u00e3o, \u00e9 uma quest\u00e3o pol\u00edtica ou at\u00e9 moral&#8221;, disse ele.<\/p>\n\n\n\n<p>Ele destacou a import\u00e2ncia de traduzir a conscientiza\u00e7\u00e3o p\u00fablica em a\u00e7\u00e3o pol\u00edtica, na medida em que a sociedade libere cada vez mais a necessidade urgente de abordar as mudan\u00e7as clim\u00e1ticas.<\/p>\n\n\n\n<p>\u00c0 luz dos recentes eventos clim\u00e1ticos e extremos, os governos europeus tomaram medidas ativas. Por exemplo, a Pol\u00f4nia lan\u00e7ou a &#8220;Opera\u00e7\u00e3o Phoenix&#8221;, mobilizando mais de 26.000 soldados para ajudar nos esfor\u00e7os de socorro \u00e0s enchentes. A Comiss\u00e3o Europeia tamb\u00e9m anunciou um fundo de 10 bilh\u00f5es de euros para apoiar os estados-membros da UE afetados pelas enchentes.<\/p>\n\n\n\n<figure class=\"wp-block-image\"><img decoding=\"async\" src=\"https:\/\/portuguese.news.cn\/20241007\/adb1f2289efb4e3388469ffcf0ac681d\/20241007adb1f2289efb4e3388469ffcf0ac681d_20241007c92d25fb61444d2bb63d7f1089107b72.jpeg\" alt=\"\"\/><figcaption>Foto tirada em 24 de mar\u00e7o de 2024 mostra vista da Geleira Fox na costa oeste da Ilha Sul, Nova Zel\u00e2ndia. (Foto por Yang Liu\/Xinhua)<\/figcaption><\/figure>\n\n\n\n<p>Globalmente, mais tamb\u00e9m precisa ser feito. O Painel Intergovernamental sobre Mudan\u00e7as Clim\u00e1ticas enfatizou a necessidade de pol\u00edticas internacionais que se concentram n\u00e3o apenas na mitiga\u00e7\u00e3o das mudan\u00e7as clim\u00e1ticas por meio de redu\u00e7\u00f5es de emiss\u00f5es, mas tamb\u00e9m em medidas de adapta\u00e7\u00e3o para fortalecer a resili\u00eancia contra condi\u00e7\u00f5es clim\u00e1ticas extremas.<\/p>\n\n\n\n<p>O cientista clim\u00e1tico Jeff Da Costa tem uma vis\u00e3o semelhante. Ele disse que as na\u00e7\u00f5es devem colaborar em estrat\u00e9gias de gerenciamento de enchentes transfronteiri\u00e7as e trabalhar em dire\u00e7\u00e3o aos compromissos globais de redu\u00e7\u00e3o de emiss\u00f5es.<\/p>\n\n\n\n<p>&#8220;Melhorar os sistemas de alerta precoce e os canais de comunica\u00e7\u00e3o durante emerg\u00eancias \u00e9 essencial para proteger vidas e propriedades. A coopera\u00e7\u00e3o internacional tamb\u00e9m \u00e9 essencial, pois as mudan\u00e7as clim\u00e1ticas n\u00e3o conhecem fronteiras&#8221;, disse ele.<\/p>\n\n\n\n<p>&#8220;Construir infraestrutura resiliente, reduzir emiss\u00f5es de gases de efeito estufa e desenvolver estrat\u00e9gias abrangentes de gerenciamento de risco de desastres s\u00e3o essenciais. \u00c0 medida que eventos clim\u00e1ticos extremos se tornam mais necess\u00e1rios, medidas proativas s\u00e3o f\u00e1ceis para lidar com os desafios que eles representam&#8221;, disse Da Costa. (Rep\u00f3rteres de v\u00eddeo: Zhao Xiaona, Guo Shuang e Larry Neild. Edi\u00e7\u00e3o de v\u00eddeo: Jia Xiaotong, Li Qin, Zhou Sa&#8217;ang, Zhu Cong e Zhang Yichi.)<\/p>\n","protected":false},"excerpt":{"rendered":"<p>Por Cui Li e Zhang Zhang Vars\u00f3via &#8211; Inunda\u00e7\u00f5es provocadas por tempestades atingiram o centro da B\u00f3snia e Herzegovina na sexta-feira, matando 19 pessoas e deixando muitas outras desaparecidas ao longo do Rio Neretva, uma das principais hidrovias do pa\u00eds&#8230;.<\/p>\n","protected":false},"author":3,"featured_media":23117,"comment_status":"open","ping_status":"open","sticky":false,"template":"","format":"standard","meta":{"footnotes":""},"categories":[4],"tags":[],"class_list":["post-23116","post","type-post","status-publish","format-standard","has-post-thumbnail","hentry","category-internacional"],"yoast_head":"<!-- This site is optimized with the Yoast SEO plugin v27.4 - https:\/\/yoast.com\/product\/yoast-seo-wordpress\/ -->\n<title>A crise clim\u00e1tica crescente na Europa exige coopera\u00e7\u00e3o internacional mais estreita - Xinhua - Diario de Pernambuco<\/title>\n<meta name=\"robots\" content=\"index, follow, max-snippet:-1, max-image-preview:large, max-video-preview:-1\" \/>\n<link rel=\"canonical\" href=\"https:\/\/diariodepe.com.br\/xinhua\/2024\/10\/07\/a-crise-climatica-crescente-na-europa-exige-cooperacao-internacional-mais-estreita\/\" \/>\n<meta property=\"og:locale\" content=\"pt_BR\" \/>\n<meta property=\"og:type\" content=\"article\" \/>\n<meta property=\"og:title\" content=\"A crise clim\u00e1tica crescente na Europa exige coopera\u00e7\u00e3o internacional mais estreita - Xinhua - Diario de Pernambuco\" \/>\n<meta property=\"og:description\" content=\"Por Cui Li e Zhang Zhang Vars\u00f3via &#8211; Inunda\u00e7\u00f5es provocadas por tempestades atingiram o centro da B\u00f3snia e Herzegovina na sexta-feira, matando 19 pessoas e deixando muitas outras desaparecidas ao longo do Rio Neretva, uma das principais hidrovias do pa\u00eds....\" \/>\n<meta property=\"og:url\" content=\"https:\/\/diariodepe.com.br\/xinhua\/2024\/10\/07\/a-crise-climatica-crescente-na-europa-exige-cooperacao-internacional-mais-estreita\/\" \/>\n<meta property=\"og:site_name\" content=\"Xinhua - Diario de Pernambuco\" \/>\n<meta property=\"article:published_time\" content=\"2024-10-07T14:14:00+00:00\" \/>\n<meta property=\"og:image\" content=\"https:\/\/diariodepe.com.br\/xinhua\/wp-content\/uploads\/sites\/3\/2024\/10\/20241007adb1f2289efb4e3388469ffcf0ac681d_20241007eff225e85f1b4f0cb7f0dc34aa7c1fe5.jpeg\" \/>\n\t<meta property=\"og:image:width\" content=\"900\" \/>\n\t<meta property=\"og:image:height\" content=\"621\" \/>\n\t<meta property=\"og:image:type\" content=\"image\/jpeg\" \/>\n<meta name=\"author\" content=\"Marcelo Oliveira de A. Maranhao\" \/>\n<meta name=\"twitter:card\" content=\"summary_large_image\" \/>\n<meta name=\"twitter:label1\" content=\"Escrito por\" \/>\n\t<meta name=\"twitter:data1\" content=\"Marcelo Oliveira de A. Maranhao\" \/>\n\t<meta name=\"twitter:label2\" content=\"Est. tempo de leitura\" \/>\n\t<meta name=\"twitter:data2\" content=\"9 minutos\" \/>\n<script type=\"application\/ld+json\" class=\"yoast-schema-graph\">{\"@context\":\"https:\\\/\\\/schema.org\",\"@graph\":[{\"@type\":\"Article\",\"@id\":\"https:\\\/\\\/diariodepe.com.br\\\/xinhua\\\/2024\\\/10\\\/07\\\/a-crise-climatica-crescente-na-europa-exige-cooperacao-internacional-mais-estreita\\\/#article\",\"isPartOf\":{\"@id\":\"https:\\\/\\\/diariodepe.com.br\\\/xinhua\\\/2024\\\/10\\\/07\\\/a-crise-climatica-crescente-na-europa-exige-cooperacao-internacional-mais-estreita\\\/\"},\"author\":{\"name\":\"Marcelo Oliveira de A. Maranhao\",\"@id\":\"https:\\\/\\\/diariodepe.com.br\\\/xinhua\\\/#\\\/schema\\\/person\\\/0943d6fd02bdc7b49c8f495e8787a2cb\"},\"headline\":\"A crise clim\u00e1tica crescente na Europa exige coopera\u00e7\u00e3o internacional mais estreita\",\"datePublished\":\"2024-10-07T14:14:00+00:00\",\"mainEntityOfPage\":{\"@id\":\"https:\\\/\\\/diariodepe.com.br\\\/xinhua\\\/2024\\\/10\\\/07\\\/a-crise-climatica-crescente-na-europa-exige-cooperacao-internacional-mais-estreita\\\/\"},\"wordCount\":1502,\"commentCount\":0,\"publisher\":{\"@id\":\"https:\\\/\\\/diariodepe.com.br\\\/xinhua\\\/#organization\"},\"image\":{\"@id\":\"https:\\\/\\\/diariodepe.com.br\\\/xinhua\\\/2024\\\/10\\\/07\\\/a-crise-climatica-crescente-na-europa-exige-cooperacao-internacional-mais-estreita\\\/#primaryimage\"},\"thumbnailUrl\":\"https:\\\/\\\/diariodepe.com.br\\\/xinhua\\\/wp-content\\\/uploads\\\/sites\\\/3\\\/2024\\\/10\\\/20241007adb1f2289efb4e3388469ffcf0ac681d_20241007eff225e85f1b4f0cb7f0dc34aa7c1fe5.jpeg\",\"articleSection\":[\"Internacional\"],\"inLanguage\":\"pt-BR\",\"potentialAction\":[{\"@type\":\"CommentAction\",\"name\":\"Comment\",\"target\":[\"https:\\\/\\\/diariodepe.com.br\\\/xinhua\\\/2024\\\/10\\\/07\\\/a-crise-climatica-crescente-na-europa-exige-cooperacao-internacional-mais-estreita\\\/#respond\"]}]},{\"@type\":\"WebPage\",\"@id\":\"https:\\\/\\\/diariodepe.com.br\\\/xinhua\\\/2024\\\/10\\\/07\\\/a-crise-climatica-crescente-na-europa-exige-cooperacao-internacional-mais-estreita\\\/\",\"url\":\"https:\\\/\\\/diariodepe.com.br\\\/xinhua\\\/2024\\\/10\\\/07\\\/a-crise-climatica-crescente-na-europa-exige-cooperacao-internacional-mais-estreita\\\/\",\"name\":\"A crise clim\u00e1tica crescente na Europa exige coopera\u00e7\u00e3o internacional mais estreita - Xinhua - Diario de Pernambuco\",\"isPartOf\":{\"@id\":\"https:\\\/\\\/diariodepe.com.br\\\/xinhua\\\/#website\"},\"primaryImageOfPage\":{\"@id\":\"https:\\\/\\\/diariodepe.com.br\\\/xinhua\\\/2024\\\/10\\\/07\\\/a-crise-climatica-crescente-na-europa-exige-cooperacao-internacional-mais-estreita\\\/#primaryimage\"},\"image\":{\"@id\":\"https:\\\/\\\/diariodepe.com.br\\\/xinhua\\\/2024\\\/10\\\/07\\\/a-crise-climatica-crescente-na-europa-exige-cooperacao-internacional-mais-estreita\\\/#primaryimage\"},\"thumbnailUrl\":\"https:\\\/\\\/diariodepe.com.br\\\/xinhua\\\/wp-content\\\/uploads\\\/sites\\\/3\\\/2024\\\/10\\\/20241007adb1f2289efb4e3388469ffcf0ac681d_20241007eff225e85f1b4f0cb7f0dc34aa7c1fe5.jpeg\",\"datePublished\":\"2024-10-07T14:14:00+00:00\",\"breadcrumb\":{\"@id\":\"https:\\\/\\\/diariodepe.com.br\\\/xinhua\\\/2024\\\/10\\\/07\\\/a-crise-climatica-crescente-na-europa-exige-cooperacao-internacional-mais-estreita\\\/#breadcrumb\"},\"inLanguage\":\"pt-BR\",\"potentialAction\":[{\"@type\":\"ReadAction\",\"target\":[\"https:\\\/\\\/diariodepe.com.br\\\/xinhua\\\/2024\\\/10\\\/07\\\/a-crise-climatica-crescente-na-europa-exige-cooperacao-internacional-mais-estreita\\\/\"]}]},{\"@type\":\"ImageObject\",\"inLanguage\":\"pt-BR\",\"@id\":\"https:\\\/\\\/diariodepe.com.br\\\/xinhua\\\/2024\\\/10\\\/07\\\/a-crise-climatica-crescente-na-europa-exige-cooperacao-internacional-mais-estreita\\\/#primaryimage\",\"url\":\"https:\\\/\\\/diariodepe.com.br\\\/xinhua\\\/wp-content\\\/uploads\\\/sites\\\/3\\\/2024\\\/10\\\/20241007adb1f2289efb4e3388469ffcf0ac681d_20241007eff225e85f1b4f0cb7f0dc34aa7c1fe5.jpeg\",\"contentUrl\":\"https:\\\/\\\/diariodepe.com.br\\\/xinhua\\\/wp-content\\\/uploads\\\/sites\\\/3\\\/2024\\\/10\\\/20241007adb1f2289efb4e3388469ffcf0ac681d_20241007eff225e85f1b4f0cb7f0dc34aa7c1fe5.jpeg\",\"width\":900,\"height\":621,\"caption\":\"(241005) -- WARSAW, Oct. 5, 2024 (Xinhua) -- People walk by a spray installation amid a heatwave in Vienna, Austria, July 16, 2024. (Xinhua\\\/He Canling)\"},{\"@type\":\"BreadcrumbList\",\"@id\":\"https:\\\/\\\/diariodepe.com.br\\\/xinhua\\\/2024\\\/10\\\/07\\\/a-crise-climatica-crescente-na-europa-exige-cooperacao-internacional-mais-estreita\\\/#breadcrumb\",\"itemListElement\":[{\"@type\":\"ListItem\",\"position\":1,\"name\":\"In\u00edcio\",\"item\":\"https:\\\/\\\/diariodepe.com.br\\\/xinhua\\\/\"},{\"@type\":\"ListItem\",\"position\":2,\"name\":\"A crise clim\u00e1tica crescente na Europa exige coopera\u00e7\u00e3o internacional mais estreita\"}]},{\"@type\":\"WebSite\",\"@id\":\"https:\\\/\\\/diariodepe.com.br\\\/xinhua\\\/#website\",\"url\":\"https:\\\/\\\/diariodepe.com.br\\\/xinhua\\\/\",\"name\":\"Xinhua - Diario de Pernambuco\",\"description\":\"A maior ag\u00eancia de not\u00edcias da China e um dos principais canais para conhecer o pa\u00eds\",\"publisher\":{\"@id\":\"https:\\\/\\\/diariodepe.com.br\\\/xinhua\\\/#organization\"},\"potentialAction\":[{\"@type\":\"SearchAction\",\"target\":{\"@type\":\"EntryPoint\",\"urlTemplate\":\"https:\\\/\\\/diariodepe.com.br\\\/xinhua\\\/?s={search_term_string}\"},\"query-input\":{\"@type\":\"PropertyValueSpecification\",\"valueRequired\":true,\"valueName\":\"search_term_string\"}}],\"inLanguage\":\"pt-BR\"},{\"@type\":\"Organization\",\"@id\":\"https:\\\/\\\/diariodepe.com.br\\\/xinhua\\\/#organization\",\"name\":\"Xinhua - Diario de Pernambuco\",\"url\":\"https:\\\/\\\/diariodepe.com.br\\\/xinhua\\\/\",\"logo\":{\"@type\":\"ImageObject\",\"inLanguage\":\"pt-BR\",\"@id\":\"https:\\\/\\\/diariodepe.com.br\\\/xinhua\\\/#\\\/schema\\\/logo\\\/image\\\/\",\"url\":\"https:\\\/\\\/diariodepe.com.br\\\/xinhua\\\/wp-content\\\/uploads\\\/sites\\\/3\\\/2020\\\/10\\\/cropped-logo-transparente-2.png\",\"contentUrl\":\"https:\\\/\\\/diariodepe.com.br\\\/xinhua\\\/wp-content\\\/uploads\\\/sites\\\/3\\\/2020\\\/10\\\/cropped-logo-transparente-2.png\",\"width\":512,\"height\":164,\"caption\":\"Xinhua - Diario de Pernambuco\"},\"image\":{\"@id\":\"https:\\\/\\\/diariodepe.com.br\\\/xinhua\\\/#\\\/schema\\\/logo\\\/image\\\/\"}},{\"@type\":\"Person\",\"@id\":\"https:\\\/\\\/diariodepe.com.br\\\/xinhua\\\/#\\\/schema\\\/person\\\/0943d6fd02bdc7b49c8f495e8787a2cb\",\"name\":\"Marcelo Oliveira de A. Maranhao\",\"image\":{\"@type\":\"ImageObject\",\"inLanguage\":\"pt-BR\",\"@id\":\"https:\\\/\\\/secure.gravatar.com\\\/avatar\\\/f562caee940d39879c20e90eea3e4b21860c7d4c96684c23141c554824f0059c?s=96&d=mm&r=g\",\"url\":\"https:\\\/\\\/secure.gravatar.com\\\/avatar\\\/f562caee940d39879c20e90eea3e4b21860c7d4c96684c23141c554824f0059c?s=96&d=mm&r=g\",\"contentUrl\":\"https:\\\/\\\/secure.gravatar.com\\\/avatar\\\/f562caee940d39879c20e90eea3e4b21860c7d4c96684c23141c554824f0059c?s=96&d=mm&r=g\",\"caption\":\"Marcelo Oliveira de A. Maranhao\"},\"url\":\"https:\\\/\\\/diariodepe.com.br\\\/xinhua\\\/author\\\/marcelo-maranhao\\\/\"}]}<\/script>\n<!-- \/ Yoast SEO plugin. -->","yoast_head_json":{"title":"A crise clim\u00e1tica crescente na Europa exige coopera\u00e7\u00e3o internacional mais estreita - Xinhua - Diario de Pernambuco","robots":{"index":"index","follow":"follow","max-snippet":"max-snippet:-1","max-image-preview":"max-image-preview:large","max-video-preview":"max-video-preview:-1"},"canonical":"https:\/\/diariodepe.com.br\/xinhua\/2024\/10\/07\/a-crise-climatica-crescente-na-europa-exige-cooperacao-internacional-mais-estreita\/","og_locale":"pt_BR","og_type":"article","og_title":"A crise clim\u00e1tica crescente na Europa exige coopera\u00e7\u00e3o internacional mais estreita - Xinhua - Diario de Pernambuco","og_description":"Por Cui Li e Zhang Zhang Vars\u00f3via &#8211; Inunda\u00e7\u00f5es provocadas por tempestades atingiram o centro da B\u00f3snia e Herzegovina na sexta-feira, matando 19 pessoas e deixando muitas outras desaparecidas ao longo do Rio Neretva, uma das principais hidrovias do pa\u00eds....","og_url":"https:\/\/diariodepe.com.br\/xinhua\/2024\/10\/07\/a-crise-climatica-crescente-na-europa-exige-cooperacao-internacional-mais-estreita\/","og_site_name":"Xinhua - Diario de Pernambuco","article_published_time":"2024-10-07T14:14:00+00:00","og_image":[{"width":900,"height":621,"url":"https:\/\/diariodepe.com.br\/xinhua\/wp-content\/uploads\/sites\/3\/2024\/10\/20241007adb1f2289efb4e3388469ffcf0ac681d_20241007eff225e85f1b4f0cb7f0dc34aa7c1fe5.jpeg","type":"image\/jpeg"}],"author":"Marcelo Oliveira de A. Maranhao","twitter_card":"summary_large_image","twitter_misc":{"Escrito por":"Marcelo Oliveira de A. Maranhao","Est. tempo de leitura":"9 minutos"},"schema":{"@context":"https:\/\/schema.org","@graph":[{"@type":"Article","@id":"https:\/\/diariodepe.com.br\/xinhua\/2024\/10\/07\/a-crise-climatica-crescente-na-europa-exige-cooperacao-internacional-mais-estreita\/#article","isPartOf":{"@id":"https:\/\/diariodepe.com.br\/xinhua\/2024\/10\/07\/a-crise-climatica-crescente-na-europa-exige-cooperacao-internacional-mais-estreita\/"},"author":{"name":"Marcelo Oliveira de A. Maranhao","@id":"https:\/\/diariodepe.com.br\/xinhua\/#\/schema\/person\/0943d6fd02bdc7b49c8f495e8787a2cb"},"headline":"A crise clim\u00e1tica crescente na Europa exige coopera\u00e7\u00e3o internacional mais estreita","datePublished":"2024-10-07T14:14:00+00:00","mainEntityOfPage":{"@id":"https:\/\/diariodepe.com.br\/xinhua\/2024\/10\/07\/a-crise-climatica-crescente-na-europa-exige-cooperacao-internacional-mais-estreita\/"},"wordCount":1502,"commentCount":0,"publisher":{"@id":"https:\/\/diariodepe.com.br\/xinhua\/#organization"},"image":{"@id":"https:\/\/diariodepe.com.br\/xinhua\/2024\/10\/07\/a-crise-climatica-crescente-na-europa-exige-cooperacao-internacional-mais-estreita\/#primaryimage"},"thumbnailUrl":"https:\/\/diariodepe.com.br\/xinhua\/wp-content\/uploads\/sites\/3\/2024\/10\/20241007adb1f2289efb4e3388469ffcf0ac681d_20241007eff225e85f1b4f0cb7f0dc34aa7c1fe5.jpeg","articleSection":["Internacional"],"inLanguage":"pt-BR","potentialAction":[{"@type":"CommentAction","name":"Comment","target":["https:\/\/diariodepe.com.br\/xinhua\/2024\/10\/07\/a-crise-climatica-crescente-na-europa-exige-cooperacao-internacional-mais-estreita\/#respond"]}]},{"@type":"WebPage","@id":"https:\/\/diariodepe.com.br\/xinhua\/2024\/10\/07\/a-crise-climatica-crescente-na-europa-exige-cooperacao-internacional-mais-estreita\/","url":"https:\/\/diariodepe.com.br\/xinhua\/2024\/10\/07\/a-crise-climatica-crescente-na-europa-exige-cooperacao-internacional-mais-estreita\/","name":"A crise clim\u00e1tica crescente na Europa exige coopera\u00e7\u00e3o internacional mais estreita - Xinhua - Diario de Pernambuco","isPartOf":{"@id":"https:\/\/diariodepe.com.br\/xinhua\/#website"},"primaryImageOfPage":{"@id":"https:\/\/diariodepe.com.br\/xinhua\/2024\/10\/07\/a-crise-climatica-crescente-na-europa-exige-cooperacao-internacional-mais-estreita\/#primaryimage"},"image":{"@id":"https:\/\/diariodepe.com.br\/xinhua\/2024\/10\/07\/a-crise-climatica-crescente-na-europa-exige-cooperacao-internacional-mais-estreita\/#primaryimage"},"thumbnailUrl":"https:\/\/diariodepe.com.br\/xinhua\/wp-content\/uploads\/sites\/3\/2024\/10\/20241007adb1f2289efb4e3388469ffcf0ac681d_20241007eff225e85f1b4f0cb7f0dc34aa7c1fe5.jpeg","datePublished":"2024-10-07T14:14:00+00:00","breadcrumb":{"@id":"https:\/\/diariodepe.com.br\/xinhua\/2024\/10\/07\/a-crise-climatica-crescente-na-europa-exige-cooperacao-internacional-mais-estreita\/#breadcrumb"},"inLanguage":"pt-BR","potentialAction":[{"@type":"ReadAction","target":["https:\/\/diariodepe.com.br\/xinhua\/2024\/10\/07\/a-crise-climatica-crescente-na-europa-exige-cooperacao-internacional-mais-estreita\/"]}]},{"@type":"ImageObject","inLanguage":"pt-BR","@id":"https:\/\/diariodepe.com.br\/xinhua\/2024\/10\/07\/a-crise-climatica-crescente-na-europa-exige-cooperacao-internacional-mais-estreita\/#primaryimage","url":"https:\/\/diariodepe.com.br\/xinhua\/wp-content\/uploads\/sites\/3\/2024\/10\/20241007adb1f2289efb4e3388469ffcf0ac681d_20241007eff225e85f1b4f0cb7f0dc34aa7c1fe5.jpeg","contentUrl":"https:\/\/diariodepe.com.br\/xinhua\/wp-content\/uploads\/sites\/3\/2024\/10\/20241007adb1f2289efb4e3388469ffcf0ac681d_20241007eff225e85f1b4f0cb7f0dc34aa7c1fe5.jpeg","width":900,"height":621,"caption":"(241005) -- WARSAW, Oct. 5, 2024 (Xinhua) -- People walk by a spray installation amid a heatwave in Vienna, Austria, July 16, 2024. (Xinhua\/He Canling)"},{"@type":"BreadcrumbList","@id":"https:\/\/diariodepe.com.br\/xinhua\/2024\/10\/07\/a-crise-climatica-crescente-na-europa-exige-cooperacao-internacional-mais-estreita\/#breadcrumb","itemListElement":[{"@type":"ListItem","position":1,"name":"In\u00edcio","item":"https:\/\/diariodepe.com.br\/xinhua\/"},{"@type":"ListItem","position":2,"name":"A crise clim\u00e1tica crescente na Europa exige coopera\u00e7\u00e3o internacional mais estreita"}]},{"@type":"WebSite","@id":"https:\/\/diariodepe.com.br\/xinhua\/#website","url":"https:\/\/diariodepe.com.br\/xinhua\/","name":"Xinhua - Diario de Pernambuco","description":"A maior ag\u00eancia de not\u00edcias da China e um dos principais canais para conhecer o pa\u00eds","publisher":{"@id":"https:\/\/diariodepe.com.br\/xinhua\/#organization"},"potentialAction":[{"@type":"SearchAction","target":{"@type":"EntryPoint","urlTemplate":"https:\/\/diariodepe.com.br\/xinhua\/?s={search_term_string}"},"query-input":{"@type":"PropertyValueSpecification","valueRequired":true,"valueName":"search_term_string"}}],"inLanguage":"pt-BR"},{"@type":"Organization","@id":"https:\/\/diariodepe.com.br\/xinhua\/#organization","name":"Xinhua - Diario de Pernambuco","url":"https:\/\/diariodepe.com.br\/xinhua\/","logo":{"@type":"ImageObject","inLanguage":"pt-BR","@id":"https:\/\/diariodepe.com.br\/xinhua\/#\/schema\/logo\/image\/","url":"https:\/\/diariodepe.com.br\/xinhua\/wp-content\/uploads\/sites\/3\/2020\/10\/cropped-logo-transparente-2.png","contentUrl":"https:\/\/diariodepe.com.br\/xinhua\/wp-content\/uploads\/sites\/3\/2020\/10\/cropped-logo-transparente-2.png","width":512,"height":164,"caption":"Xinhua - Diario de Pernambuco"},"image":{"@id":"https:\/\/diariodepe.com.br\/xinhua\/#\/schema\/logo\/image\/"}},{"@type":"Person","@id":"https:\/\/diariodepe.com.br\/xinhua\/#\/schema\/person\/0943d6fd02bdc7b49c8f495e8787a2cb","name":"Marcelo Oliveira de A. Maranhao","image":{"@type":"ImageObject","inLanguage":"pt-BR","@id":"https:\/\/secure.gravatar.com\/avatar\/f562caee940d39879c20e90eea3e4b21860c7d4c96684c23141c554824f0059c?s=96&d=mm&r=g","url":"https:\/\/secure.gravatar.com\/avatar\/f562caee940d39879c20e90eea3e4b21860c7d4c96684c23141c554824f0059c?s=96&d=mm&r=g","contentUrl":"https:\/\/secure.gravatar.com\/avatar\/f562caee940d39879c20e90eea3e4b21860c7d4c96684c23141c554824f0059c?s=96&d=mm&r=g","caption":"Marcelo Oliveira de A. Maranhao"},"url":"https:\/\/diariodepe.com.br\/xinhua\/author\/marcelo-maranhao\/"}]}},"cc_featured_image_caption":{"caption_text":"","source_text":"","source_url":""},"amp_enabled":true,"_links":{"self":[{"href":"https:\/\/diariodepe.com.br\/xinhua\/wp-json\/wp\/v2\/posts\/23116","targetHints":{"allow":["GET"]}}],"collection":[{"href":"https:\/\/diariodepe.com.br\/xinhua\/wp-json\/wp\/v2\/posts"}],"about":[{"href":"https:\/\/diariodepe.com.br\/xinhua\/wp-json\/wp\/v2\/types\/post"}],"author":[{"embeddable":true,"href":"https:\/\/diariodepe.com.br\/xinhua\/wp-json\/wp\/v2\/users\/3"}],"replies":[{"embeddable":true,"href":"https:\/\/diariodepe.com.br\/xinhua\/wp-json\/wp\/v2\/comments?post=23116"}],"version-history":[{"count":1,"href":"https:\/\/diariodepe.com.br\/xinhua\/wp-json\/wp\/v2\/posts\/23116\/revisions"}],"predecessor-version":[{"id":23118,"href":"https:\/\/diariodepe.com.br\/xinhua\/wp-json\/wp\/v2\/posts\/23116\/revisions\/23118"}],"wp:featuredmedia":[{"embeddable":true,"href":"https:\/\/diariodepe.com.br\/xinhua\/wp-json\/wp\/v2\/media\/23117"}],"wp:attachment":[{"href":"https:\/\/diariodepe.com.br\/xinhua\/wp-json\/wp\/v2\/media?parent=23116"}],"wp:term":[{"taxonomy":"category","embeddable":true,"href":"https:\/\/diariodepe.com.br\/xinhua\/wp-json\/wp\/v2\/categories?post=23116"},{"taxonomy":"post_tag","embeddable":true,"href":"https:\/\/diariodepe.com.br\/xinhua\/wp-json\/wp\/v2\/tags?post=23116"}],"curies":[{"name":"wp","href":"https:\/\/api.w.org\/{rel}","templated":true}]}}