{"id":23089,"date":"2024-10-04T11:30:00","date_gmt":"2024-10-04T14:30:00","guid":{"rendered":"https:\/\/www.diariodepe.com.br\/xinhua\/?p=23089"},"modified":"2024-10-04T09:34:38","modified_gmt":"2024-10-04T12:34:38","slug":"exposicao-sobre-cultura-confuciana-brilha-no-museu-do-palacio-de-pequim","status":"publish","type":"post","link":"https:\/\/diariodepe.com.br\/xinhua\/2024\/10\/04\/exposicao-sobre-cultura-confuciana-brilha-no-museu-do-palacio-de-pequim\/","title":{"rendered":"Exposi\u00e7\u00e3o sobre cultura confuciana brilha no Museu do Pal\u00e1cio de Pequim"},"content":{"rendered":"\n<p>\u00a0Pequim &#8211; Uma exposi\u00e7\u00e3o especial com foco na cultura confuciana est\u00e1 em andamento no Museu do Pal\u00e1cio, em Pequim.<\/p>\n\n\n\n<p>&nbsp; &nbsp;A exposi\u00e7\u00e3o apresenta 380 itens (conjuntos) de cerca de 30 institui\u00e7\u00f5es arqueol\u00f3gicas e culturais, nacionais e internacionais, incluindo artistas do Museu do Pal\u00e1cio.<\/p>\n\n\n\n<p>&nbsp; &nbsp;Por meio de evid\u00eancias arqueol\u00f3gicas, textos preservados e rel\u00edquias culturais, a exposi\u00e7\u00e3o explora o desenvolvimento da cultura confuciana, elucida os princ\u00edpios fundamentais do pensamento do Conf\u00facio e destaca sua profunda influ\u00eancia global.<\/p>\n\n\n\n<p>&nbsp; &nbsp;Organizada em conjunto pelo Museu do Pal\u00e1cio e pela Associa\u00e7\u00e3o Internacional do Conf\u00facio, a exposi\u00e7\u00e3o continuar\u00e1 at\u00e9 5 de janeiro de 2025.<\/p>\n\n\n\n<p>&nbsp; &nbsp;Este ano marca o 2575\u00ba anivers\u00e1rio de nascimento do Conf\u00facio. Uma vers\u00e3o online da exposi\u00e7\u00e3o tamb\u00e9m est\u00e1 dispon\u00edvel no site oficial do Museu do Pal\u00e1cio.<\/p>\n","protected":false},"excerpt":{"rendered":"<p>\u00a0Pequim &#8211; Uma exposi\u00e7\u00e3o especial com foco na cultura confuciana est\u00e1 em andamento no Museu do Pal\u00e1cio, em Pequim. &nbsp; &nbsp;A exposi\u00e7\u00e3o apresenta 380 itens (conjuntos) de cerca de 30 institui\u00e7\u00f5es arqueol\u00f3gicas e culturais, nacionais e internacionais, incluindo artistas do&#8230;<\/p>\n","protected":false},"author":3,"featured_media":23090,"comment_status":"open","ping_status":"open","sticky":false,"template":"","format":"standard","meta":{"footnotes":""},"categories":[6],"tags":[],"class_list":["post-23089","post","type-post","status-publish","format-standard","has-post-thumbnail","hentry","category-cultura-tecnologia"],"yoast_head":"<!-- This site is optimized with the Yoast SEO plugin v27.4 - https:\/\/yoast.com\/product\/yoast-seo-wordpress\/ -->\n<title>Exposi\u00e7\u00e3o sobre cultura confuciana brilha no Museu do Pal\u00e1cio de Pequim - Xinhua - Diario de Pernambuco<\/title>\n<meta name=\"robots\" content=\"index, follow, max-snippet:-1, max-image-preview:large, max-video-preview:-1\" \/>\n<link rel=\"canonical\" href=\"https:\/\/diariodepe.com.br\/xinhua\/2024\/10\/04\/exposicao-sobre-cultura-confuciana-brilha-no-museu-do-palacio-de-pequim\/\" \/>\n<meta property=\"og:locale\" content=\"pt_BR\" \/>\n<meta property=\"og:type\" content=\"article\" \/>\n<meta property=\"og:title\" content=\"Exposi\u00e7\u00e3o sobre cultura confuciana brilha no Museu do Pal\u00e1cio de Pequim - Xinhua - Diario de Pernambuco\" \/>\n<meta property=\"og:description\" content=\"\u00a0Pequim &#8211; Uma exposi\u00e7\u00e3o especial com foco na cultura confuciana est\u00e1 em andamento no Museu do Pal\u00e1cio, em Pequim. &nbsp; &nbsp;A exposi\u00e7\u00e3o apresenta 380 itens (conjuntos) de cerca de 30 institui\u00e7\u00f5es arqueol\u00f3gicas e culturais, nacionais e internacionais, incluindo artistas do...\" \/>\n<meta property=\"og:url\" content=\"https:\/\/diariodepe.com.br\/xinhua\/2024\/10\/04\/exposicao-sobre-cultura-confuciana-brilha-no-museu-do-palacio-de-pequim\/\" \/>\n<meta property=\"og:site_name\" content=\"Xinhua - Diario de Pernambuco\" \/>\n<meta property=\"article:published_time\" content=\"2024-10-04T14:30:00+00:00\" \/>\n<meta property=\"og:image\" content=\"https:\/\/diariodepe.com.br\/xinhua\/wp-content\/uploads\/sites\/3\/2024\/10\/202410030062317d03544b46b0a07e1f9a8553ff_XxjwspP007015_20241003_CBMFN0A001.jpg\" \/>\n\t<meta property=\"og:image:width\" content=\"765\" \/>\n\t<meta property=\"og:image:height\" content=\"500\" \/>\n\t<meta property=\"og:image:type\" content=\"image\/jpeg\" \/>\n<meta name=\"author\" content=\"Marcelo Oliveira de A. Maranhao\" \/>\n<meta name=\"twitter:card\" content=\"summary_large_image\" \/>\n<meta name=\"twitter:label1\" content=\"Escrito por\" \/>\n\t<meta name=\"twitter:data1\" content=\"Marcelo Oliveira de A. Maranhao\" \/>\n\t<meta name=\"twitter:label2\" content=\"Est. tempo de leitura\" \/>\n\t<meta name=\"twitter:data2\" content=\"1 minuto\" \/>\n<script type=\"application\/ld+json\" class=\"yoast-schema-graph\">{\"@context\":\"https:\\\/\\\/schema.org\",\"@graph\":[{\"@type\":\"Article\",\"@id\":\"https:\\\/\\\/diariodepe.com.br\\\/xinhua\\\/2024\\\/10\\\/04\\\/exposicao-sobre-cultura-confuciana-brilha-no-museu-do-palacio-de-pequim\\\/#article\",\"isPartOf\":{\"@id\":\"https:\\\/\\\/diariodepe.com.br\\\/xinhua\\\/2024\\\/10\\\/04\\\/exposicao-sobre-cultura-confuciana-brilha-no-museu-do-palacio-de-pequim\\\/\"},\"author\":{\"name\":\"Marcelo Oliveira de A. Maranhao\",\"@id\":\"https:\\\/\\\/diariodepe.com.br\\\/xinhua\\\/#\\\/schema\\\/person\\\/0943d6fd02bdc7b49c8f495e8787a2cb\"},\"headline\":\"Exposi\u00e7\u00e3o sobre cultura confuciana brilha no Museu do Pal\u00e1cio de Pequim\",\"datePublished\":\"2024-10-04T14:30:00+00:00\",\"mainEntityOfPage\":{\"@id\":\"https:\\\/\\\/diariodepe.com.br\\\/xinhua\\\/2024\\\/10\\\/04\\\/exposicao-sobre-cultura-confuciana-brilha-no-museu-do-palacio-de-pequim\\\/\"},\"wordCount\":161,\"commentCount\":0,\"publisher\":{\"@id\":\"https:\\\/\\\/diariodepe.com.br\\\/xinhua\\\/#organization\"},\"image\":{\"@id\":\"https:\\\/\\\/diariodepe.com.br\\\/xinhua\\\/2024\\\/10\\\/04\\\/exposicao-sobre-cultura-confuciana-brilha-no-museu-do-palacio-de-pequim\\\/#primaryimage\"},\"thumbnailUrl\":\"https:\\\/\\\/diariodepe.com.br\\\/xinhua\\\/wp-content\\\/uploads\\\/sites\\\/3\\\/2024\\\/10\\\/202410030062317d03544b46b0a07e1f9a8553ff_XxjwspP007015_20241003_CBMFN0A001.jpg\",\"articleSection\":[\"Cultura \\\/ Tecnologia\"],\"inLanguage\":\"pt-BR\",\"potentialAction\":[{\"@type\":\"CommentAction\",\"name\":\"Comment\",\"target\":[\"https:\\\/\\\/diariodepe.com.br\\\/xinhua\\\/2024\\\/10\\\/04\\\/exposicao-sobre-cultura-confuciana-brilha-no-museu-do-palacio-de-pequim\\\/#respond\"]}]},{\"@type\":\"WebPage\",\"@id\":\"https:\\\/\\\/diariodepe.com.br\\\/xinhua\\\/2024\\\/10\\\/04\\\/exposicao-sobre-cultura-confuciana-brilha-no-museu-do-palacio-de-pequim\\\/\",\"url\":\"https:\\\/\\\/diariodepe.com.br\\\/xinhua\\\/2024\\\/10\\\/04\\\/exposicao-sobre-cultura-confuciana-brilha-no-museu-do-palacio-de-pequim\\\/\",\"name\":\"Exposi\u00e7\u00e3o sobre cultura confuciana brilha no Museu do Pal\u00e1cio de Pequim - Xinhua - Diario de Pernambuco\",\"isPartOf\":{\"@id\":\"https:\\\/\\\/diariodepe.com.br\\\/xinhua\\\/#website\"},\"primaryImageOfPage\":{\"@id\":\"https:\\\/\\\/diariodepe.com.br\\\/xinhua\\\/2024\\\/10\\\/04\\\/exposicao-sobre-cultura-confuciana-brilha-no-museu-do-palacio-de-pequim\\\/#primaryimage\"},\"image\":{\"@id\":\"https:\\\/\\\/diariodepe.com.br\\\/xinhua\\\/2024\\\/10\\\/04\\\/exposicao-sobre-cultura-confuciana-brilha-no-museu-do-palacio-de-pequim\\\/#primaryimage\"},\"thumbnailUrl\":\"https:\\\/\\\/diariodepe.com.br\\\/xinhua\\\/wp-content\\\/uploads\\\/sites\\\/3\\\/2024\\\/10\\\/202410030062317d03544b46b0a07e1f9a8553ff_XxjwspP007015_20241003_CBMFN0A001.jpg\",\"datePublished\":\"2024-10-04T14:30:00+00:00\",\"breadcrumb\":{\"@id\":\"https:\\\/\\\/diariodepe.com.br\\\/xinhua\\\/2024\\\/10\\\/04\\\/exposicao-sobre-cultura-confuciana-brilha-no-museu-do-palacio-de-pequim\\\/#breadcrumb\"},\"inLanguage\":\"pt-BR\",\"potentialAction\":[{\"@type\":\"ReadAction\",\"target\":[\"https:\\\/\\\/diariodepe.com.br\\\/xinhua\\\/2024\\\/10\\\/04\\\/exposicao-sobre-cultura-confuciana-brilha-no-museu-do-palacio-de-pequim\\\/\"]}]},{\"@type\":\"ImageObject\",\"inLanguage\":\"pt-BR\",\"@id\":\"https:\\\/\\\/diariodepe.com.br\\\/xinhua\\\/2024\\\/10\\\/04\\\/exposicao-sobre-cultura-confuciana-brilha-no-museu-do-palacio-de-pequim\\\/#primaryimage\",\"url\":\"https:\\\/\\\/diariodepe.com.br\\\/xinhua\\\/wp-content\\\/uploads\\\/sites\\\/3\\\/2024\\\/10\\\/202410030062317d03544b46b0a07e1f9a8553ff_XxjwspP007015_20241003_CBMFN0A001.jpg\",\"contentUrl\":\"https:\\\/\\\/diariodepe.com.br\\\/xinhua\\\/wp-content\\\/uploads\\\/sites\\\/3\\\/2024\\\/10\\\/202410030062317d03544b46b0a07e1f9a8553ff_XxjwspP007015_20241003_CBMFN0A001.jpg\",\"width\":765,\"height\":500,\"caption\":\"(230708) -- BEIJING, July 8, 2023 (Xinhua) -- Tourists visit the Palace Museum, also known as the Forbidden City, in Beijing, capital of China, July 8, 2023. Beijng is seeing an increasing number of tourists as summer vacation starts across China. (Xinhua\\\/Chen Yehua)\"},{\"@type\":\"BreadcrumbList\",\"@id\":\"https:\\\/\\\/diariodepe.com.br\\\/xinhua\\\/2024\\\/10\\\/04\\\/exposicao-sobre-cultura-confuciana-brilha-no-museu-do-palacio-de-pequim\\\/#breadcrumb\",\"itemListElement\":[{\"@type\":\"ListItem\",\"position\":1,\"name\":\"In\u00edcio\",\"item\":\"https:\\\/\\\/diariodepe.com.br\\\/xinhua\\\/\"},{\"@type\":\"ListItem\",\"position\":2,\"name\":\"Exposi\u00e7\u00e3o sobre cultura confuciana brilha no Museu do Pal\u00e1cio de Pequim\"}]},{\"@type\":\"WebSite\",\"@id\":\"https:\\\/\\\/diariodepe.com.br\\\/xinhua\\\/#website\",\"url\":\"https:\\\/\\\/diariodepe.com.br\\\/xinhua\\\/\",\"name\":\"Xinhua - Diario de Pernambuco\",\"description\":\"A maior ag\u00eancia de not\u00edcias da China e um dos principais canais para conhecer o pa\u00eds\",\"publisher\":{\"@id\":\"https:\\\/\\\/diariodepe.com.br\\\/xinhua\\\/#organization\"},\"potentialAction\":[{\"@type\":\"SearchAction\",\"target\":{\"@type\":\"EntryPoint\",\"urlTemplate\":\"https:\\\/\\\/diariodepe.com.br\\\/xinhua\\\/?s={search_term_string}\"},\"query-input\":{\"@type\":\"PropertyValueSpecification\",\"valueRequired\":true,\"valueName\":\"search_term_string\"}}],\"inLanguage\":\"pt-BR\"},{\"@type\":\"Organization\",\"@id\":\"https:\\\/\\\/diariodepe.com.br\\\/xinhua\\\/#organization\",\"name\":\"Xinhua - Diario de Pernambuco\",\"url\":\"https:\\\/\\\/diariodepe.com.br\\\/xinhua\\\/\",\"logo\":{\"@type\":\"ImageObject\",\"inLanguage\":\"pt-BR\",\"@id\":\"https:\\\/\\\/diariodepe.com.br\\\/xinhua\\\/#\\\/schema\\\/logo\\\/image\\\/\",\"url\":\"https:\\\/\\\/diariodepe.com.br\\\/xinhua\\\/wp-content\\\/uploads\\\/sites\\\/3\\\/2020\\\/10\\\/cropped-logo-transparente-2.png\",\"contentUrl\":\"https:\\\/\\\/diariodepe.com.br\\\/xinhua\\\/wp-content\\\/uploads\\\/sites\\\/3\\\/2020\\\/10\\\/cropped-logo-transparente-2.png\",\"width\":512,\"height\":164,\"caption\":\"Xinhua - Diario de Pernambuco\"},\"image\":{\"@id\":\"https:\\\/\\\/diariodepe.com.br\\\/xinhua\\\/#\\\/schema\\\/logo\\\/image\\\/\"}},{\"@type\":\"Person\",\"@id\":\"https:\\\/\\\/diariodepe.com.br\\\/xinhua\\\/#\\\/schema\\\/person\\\/0943d6fd02bdc7b49c8f495e8787a2cb\",\"name\":\"Marcelo Oliveira de A. Maranhao\",\"image\":{\"@type\":\"ImageObject\",\"inLanguage\":\"pt-BR\",\"@id\":\"https:\\\/\\\/secure.gravatar.com\\\/avatar\\\/f562caee940d39879c20e90eea3e4b21860c7d4c96684c23141c554824f0059c?s=96&d=mm&r=g\",\"url\":\"https:\\\/\\\/secure.gravatar.com\\\/avatar\\\/f562caee940d39879c20e90eea3e4b21860c7d4c96684c23141c554824f0059c?s=96&d=mm&r=g\",\"contentUrl\":\"https:\\\/\\\/secure.gravatar.com\\\/avatar\\\/f562caee940d39879c20e90eea3e4b21860c7d4c96684c23141c554824f0059c?s=96&d=mm&r=g\",\"caption\":\"Marcelo Oliveira de A. Maranhao\"},\"url\":\"https:\\\/\\\/diariodepe.com.br\\\/xinhua\\\/author\\\/marcelo-maranhao\\\/\"}]}<\/script>\n<!-- \/ Yoast SEO plugin. -->","yoast_head_json":{"title":"Exposi\u00e7\u00e3o sobre cultura confuciana brilha no Museu do Pal\u00e1cio de Pequim - Xinhua - Diario de Pernambuco","robots":{"index":"index","follow":"follow","max-snippet":"max-snippet:-1","max-image-preview":"max-image-preview:large","max-video-preview":"max-video-preview:-1"},"canonical":"https:\/\/diariodepe.com.br\/xinhua\/2024\/10\/04\/exposicao-sobre-cultura-confuciana-brilha-no-museu-do-palacio-de-pequim\/","og_locale":"pt_BR","og_type":"article","og_title":"Exposi\u00e7\u00e3o sobre cultura confuciana brilha no Museu do Pal\u00e1cio de Pequim - Xinhua - Diario de Pernambuco","og_description":"\u00a0Pequim &#8211; Uma exposi\u00e7\u00e3o especial com foco na cultura confuciana est\u00e1 em andamento no Museu do Pal\u00e1cio, em Pequim. &nbsp; &nbsp;A exposi\u00e7\u00e3o apresenta 380 itens (conjuntos) de cerca de 30 institui\u00e7\u00f5es arqueol\u00f3gicas e culturais, nacionais e internacionais, incluindo artistas do...","og_url":"https:\/\/diariodepe.com.br\/xinhua\/2024\/10\/04\/exposicao-sobre-cultura-confuciana-brilha-no-museu-do-palacio-de-pequim\/","og_site_name":"Xinhua - Diario de Pernambuco","article_published_time":"2024-10-04T14:30:00+00:00","og_image":[{"width":765,"height":500,"url":"https:\/\/diariodepe.com.br\/xinhua\/wp-content\/uploads\/sites\/3\/2024\/10\/202410030062317d03544b46b0a07e1f9a8553ff_XxjwspP007015_20241003_CBMFN0A001.jpg","type":"image\/jpeg"}],"author":"Marcelo Oliveira de A. Maranhao","twitter_card":"summary_large_image","twitter_misc":{"Escrito por":"Marcelo Oliveira de A. Maranhao","Est. tempo de leitura":"1 minuto"},"schema":{"@context":"https:\/\/schema.org","@graph":[{"@type":"Article","@id":"https:\/\/diariodepe.com.br\/xinhua\/2024\/10\/04\/exposicao-sobre-cultura-confuciana-brilha-no-museu-do-palacio-de-pequim\/#article","isPartOf":{"@id":"https:\/\/diariodepe.com.br\/xinhua\/2024\/10\/04\/exposicao-sobre-cultura-confuciana-brilha-no-museu-do-palacio-de-pequim\/"},"author":{"name":"Marcelo Oliveira de A. Maranhao","@id":"https:\/\/diariodepe.com.br\/xinhua\/#\/schema\/person\/0943d6fd02bdc7b49c8f495e8787a2cb"},"headline":"Exposi\u00e7\u00e3o sobre cultura confuciana brilha no Museu do Pal\u00e1cio de Pequim","datePublished":"2024-10-04T14:30:00+00:00","mainEntityOfPage":{"@id":"https:\/\/diariodepe.com.br\/xinhua\/2024\/10\/04\/exposicao-sobre-cultura-confuciana-brilha-no-museu-do-palacio-de-pequim\/"},"wordCount":161,"commentCount":0,"publisher":{"@id":"https:\/\/diariodepe.com.br\/xinhua\/#organization"},"image":{"@id":"https:\/\/diariodepe.com.br\/xinhua\/2024\/10\/04\/exposicao-sobre-cultura-confuciana-brilha-no-museu-do-palacio-de-pequim\/#primaryimage"},"thumbnailUrl":"https:\/\/diariodepe.com.br\/xinhua\/wp-content\/uploads\/sites\/3\/2024\/10\/202410030062317d03544b46b0a07e1f9a8553ff_XxjwspP007015_20241003_CBMFN0A001.jpg","articleSection":["Cultura \/ Tecnologia"],"inLanguage":"pt-BR","potentialAction":[{"@type":"CommentAction","name":"Comment","target":["https:\/\/diariodepe.com.br\/xinhua\/2024\/10\/04\/exposicao-sobre-cultura-confuciana-brilha-no-museu-do-palacio-de-pequim\/#respond"]}]},{"@type":"WebPage","@id":"https:\/\/diariodepe.com.br\/xinhua\/2024\/10\/04\/exposicao-sobre-cultura-confuciana-brilha-no-museu-do-palacio-de-pequim\/","url":"https:\/\/diariodepe.com.br\/xinhua\/2024\/10\/04\/exposicao-sobre-cultura-confuciana-brilha-no-museu-do-palacio-de-pequim\/","name":"Exposi\u00e7\u00e3o sobre cultura confuciana brilha no Museu do Pal\u00e1cio de Pequim - Xinhua - Diario de Pernambuco","isPartOf":{"@id":"https:\/\/diariodepe.com.br\/xinhua\/#website"},"primaryImageOfPage":{"@id":"https:\/\/diariodepe.com.br\/xinhua\/2024\/10\/04\/exposicao-sobre-cultura-confuciana-brilha-no-museu-do-palacio-de-pequim\/#primaryimage"},"image":{"@id":"https:\/\/diariodepe.com.br\/xinhua\/2024\/10\/04\/exposicao-sobre-cultura-confuciana-brilha-no-museu-do-palacio-de-pequim\/#primaryimage"},"thumbnailUrl":"https:\/\/diariodepe.com.br\/xinhua\/wp-content\/uploads\/sites\/3\/2024\/10\/202410030062317d03544b46b0a07e1f9a8553ff_XxjwspP007015_20241003_CBMFN0A001.jpg","datePublished":"2024-10-04T14:30:00+00:00","breadcrumb":{"@id":"https:\/\/diariodepe.com.br\/xinhua\/2024\/10\/04\/exposicao-sobre-cultura-confuciana-brilha-no-museu-do-palacio-de-pequim\/#breadcrumb"},"inLanguage":"pt-BR","potentialAction":[{"@type":"ReadAction","target":["https:\/\/diariodepe.com.br\/xinhua\/2024\/10\/04\/exposicao-sobre-cultura-confuciana-brilha-no-museu-do-palacio-de-pequim\/"]}]},{"@type":"ImageObject","inLanguage":"pt-BR","@id":"https:\/\/diariodepe.com.br\/xinhua\/2024\/10\/04\/exposicao-sobre-cultura-confuciana-brilha-no-museu-do-palacio-de-pequim\/#primaryimage","url":"https:\/\/diariodepe.com.br\/xinhua\/wp-content\/uploads\/sites\/3\/2024\/10\/202410030062317d03544b46b0a07e1f9a8553ff_XxjwspP007015_20241003_CBMFN0A001.jpg","contentUrl":"https:\/\/diariodepe.com.br\/xinhua\/wp-content\/uploads\/sites\/3\/2024\/10\/202410030062317d03544b46b0a07e1f9a8553ff_XxjwspP007015_20241003_CBMFN0A001.jpg","width":765,"height":500,"caption":"(230708) -- BEIJING, July 8, 2023 (Xinhua) -- Tourists visit the Palace Museum, also known as the Forbidden City, in Beijing, capital of China, July 8, 2023. Beijng is seeing an increasing number of tourists as summer vacation starts across China. (Xinhua\/Chen Yehua)"},{"@type":"BreadcrumbList","@id":"https:\/\/diariodepe.com.br\/xinhua\/2024\/10\/04\/exposicao-sobre-cultura-confuciana-brilha-no-museu-do-palacio-de-pequim\/#breadcrumb","itemListElement":[{"@type":"ListItem","position":1,"name":"In\u00edcio","item":"https:\/\/diariodepe.com.br\/xinhua\/"},{"@type":"ListItem","position":2,"name":"Exposi\u00e7\u00e3o sobre cultura confuciana brilha no Museu do Pal\u00e1cio de Pequim"}]},{"@type":"WebSite","@id":"https:\/\/diariodepe.com.br\/xinhua\/#website","url":"https:\/\/diariodepe.com.br\/xinhua\/","name":"Xinhua - Diario de Pernambuco","description":"A maior ag\u00eancia de not\u00edcias da China e um dos principais canais para conhecer o pa\u00eds","publisher":{"@id":"https:\/\/diariodepe.com.br\/xinhua\/#organization"},"potentialAction":[{"@type":"SearchAction","target":{"@type":"EntryPoint","urlTemplate":"https:\/\/diariodepe.com.br\/xinhua\/?s={search_term_string}"},"query-input":{"@type":"PropertyValueSpecification","valueRequired":true,"valueName":"search_term_string"}}],"inLanguage":"pt-BR"},{"@type":"Organization","@id":"https:\/\/diariodepe.com.br\/xinhua\/#organization","name":"Xinhua - Diario de Pernambuco","url":"https:\/\/diariodepe.com.br\/xinhua\/","logo":{"@type":"ImageObject","inLanguage":"pt-BR","@id":"https:\/\/diariodepe.com.br\/xinhua\/#\/schema\/logo\/image\/","url":"https:\/\/diariodepe.com.br\/xinhua\/wp-content\/uploads\/sites\/3\/2020\/10\/cropped-logo-transparente-2.png","contentUrl":"https:\/\/diariodepe.com.br\/xinhua\/wp-content\/uploads\/sites\/3\/2020\/10\/cropped-logo-transparente-2.png","width":512,"height":164,"caption":"Xinhua - Diario de Pernambuco"},"image":{"@id":"https:\/\/diariodepe.com.br\/xinhua\/#\/schema\/logo\/image\/"}},{"@type":"Person","@id":"https:\/\/diariodepe.com.br\/xinhua\/#\/schema\/person\/0943d6fd02bdc7b49c8f495e8787a2cb","name":"Marcelo Oliveira de A. Maranhao","image":{"@type":"ImageObject","inLanguage":"pt-BR","@id":"https:\/\/secure.gravatar.com\/avatar\/f562caee940d39879c20e90eea3e4b21860c7d4c96684c23141c554824f0059c?s=96&d=mm&r=g","url":"https:\/\/secure.gravatar.com\/avatar\/f562caee940d39879c20e90eea3e4b21860c7d4c96684c23141c554824f0059c?s=96&d=mm&r=g","contentUrl":"https:\/\/secure.gravatar.com\/avatar\/f562caee940d39879c20e90eea3e4b21860c7d4c96684c23141c554824f0059c?s=96&d=mm&r=g","caption":"Marcelo Oliveira de A. Maranhao"},"url":"https:\/\/diariodepe.com.br\/xinhua\/author\/marcelo-maranhao\/"}]}},"cc_featured_image_caption":{"caption_text":"","source_text":"","source_url":""},"amp_enabled":true,"_links":{"self":[{"href":"https:\/\/diariodepe.com.br\/xinhua\/wp-json\/wp\/v2\/posts\/23089","targetHints":{"allow":["GET"]}}],"collection":[{"href":"https:\/\/diariodepe.com.br\/xinhua\/wp-json\/wp\/v2\/posts"}],"about":[{"href":"https:\/\/diariodepe.com.br\/xinhua\/wp-json\/wp\/v2\/types\/post"}],"author":[{"embeddable":true,"href":"https:\/\/diariodepe.com.br\/xinhua\/wp-json\/wp\/v2\/users\/3"}],"replies":[{"embeddable":true,"href":"https:\/\/diariodepe.com.br\/xinhua\/wp-json\/wp\/v2\/comments?post=23089"}],"version-history":[{"count":1,"href":"https:\/\/diariodepe.com.br\/xinhua\/wp-json\/wp\/v2\/posts\/23089\/revisions"}],"predecessor-version":[{"id":23091,"href":"https:\/\/diariodepe.com.br\/xinhua\/wp-json\/wp\/v2\/posts\/23089\/revisions\/23091"}],"wp:featuredmedia":[{"embeddable":true,"href":"https:\/\/diariodepe.com.br\/xinhua\/wp-json\/wp\/v2\/media\/23090"}],"wp:attachment":[{"href":"https:\/\/diariodepe.com.br\/xinhua\/wp-json\/wp\/v2\/media?parent=23089"}],"wp:term":[{"taxonomy":"category","embeddable":true,"href":"https:\/\/diariodepe.com.br\/xinhua\/wp-json\/wp\/v2\/categories?post=23089"},{"taxonomy":"post_tag","embeddable":true,"href":"https:\/\/diariodepe.com.br\/xinhua\/wp-json\/wp\/v2\/tags?post=23089"}],"curies":[{"name":"wp","href":"https:\/\/api.w.org\/{rel}","templated":true}]}}