{"id":23070,"date":"2024-10-03T13:11:00","date_gmt":"2024-10-03T16:11:00","guid":{"rendered":"https:\/\/www.diariodepe.com.br\/xinhua\/?p=23070"},"modified":"2024-10-03T07:57:46","modified_gmt":"2024-10-03T10:57:46","slug":"deriva-para-a-direita-na-europa-alimenta-a-fragmentacao-politica","status":"publish","type":"post","link":"https:\/\/diariodepe.com.br\/xinhua\/2024\/10\/03\/deriva-para-a-direita-na-europa-alimenta-a-fragmentacao-politica\/","title":{"rendered":"Deriva para a direita na Europa alimenta a fragmenta\u00e7\u00e3o pol\u00edtica"},"content":{"rendered":"\n<p>Bruxelas &#8211; Os partidos de extrema direita, antes confinados \u00e0 periferia pol\u00edtica, est\u00e3o ganhando terreno em toda a Europa, seja no n\u00edvel da UE ou na pol\u00edtica nacional.<\/p>\n\n\n\n<p>O caso mais recente foi na \u00c1ustria. De acordo com os resultados oficiais preliminares, o Partido da Liberdade de extrema direita da \u00c1ustria venceu a elei\u00e7\u00e3o parlamentar nacional desde o fim da Segunda Guerra Mundial no domingo.<\/p>\n\n\n\n<p>Observadores dizem que o triunfo da extrema direita n\u00e3o foi tanto uma recep\u00e7\u00e3o ao populismo pelos deputados, mas sim um eco do desencanto com a incompet\u00eancia de seus governos atuais em lidar com os problemas econ\u00f4micos e sociais.<\/p>\n\n\n\n<p>Eles querem mudan\u00e7as. No entanto, a ascens\u00e3o das for\u00e7as de direita levou consequentemente \u00e0 fragmenta\u00e7\u00e3o pol\u00edtica e representou um desafio \u00e0 governa\u00e7\u00e3o nos pa\u00edses europeus.<\/p>\n\n\n\n<figure class=\"wp-block-image\"><img decoding=\"async\" src=\"https:\/\/portuguese.news.cn\/20241003\/7e172c15cbb14668af2c07d7961ac0ec\/202410037e172c15cbb14668af2c07d7961ac0ec_20241003b8cde2b6a1eb4325b124aeafa7fbca9e.jpeg\" alt=\"\"\/><figcaption>Presidente do partido de extrema direita francesa, o Rally Nacional (RN), Jordan Bardella participa de evento ap\u00f3s segundo turno das elei\u00e7\u00f5es legislativas da Fran\u00e7a em Paris, Fran\u00e7a, no dia 7 de julho de 2024. (Foto de Henri Szwarc\/Xinhua)<\/figcaption><\/figure>\n\n\n\n<p><strong>MUDAN\u00c7A PARA A DIREITA<\/strong><\/p>\n\n\n\n<p>As for\u00e7as pol\u00edticas europeias tradicionais sofreram uma reviravolta nas elei\u00e7\u00f5es do Parlamento Europeu deste ano em junho. Embora o Partido Popular Europeu de centro-direita e a Alian\u00e7a Progressista dos Socialistas e Democratas de centro-esquerda tenham sido derrotados como o maior e o segundo maior grupo no Parlamento, as for\u00e7as de direita e extrema-direita venceram vit\u00f3rias sem precedentes.<\/p>\n\n\n\n<p>Nas elei\u00e7\u00f5es parlamentares francesas antecipadas realizadas em julho, apesar dos esfor\u00e7os dos blocos de esquerda e centro para impedir uma vit\u00f3ria total do Rally Nacional de extrema-direita por meio de alian\u00e7as estrat\u00e9gicas antes do segundo turno de vota\u00e7\u00e3o, a Assembleia Nacional Francesa acabou com uma configura\u00e7\u00e3o de \u201cdivis\u00e3o tripla\u201d. Esse resultado levou \u00e0 ren\u00fancia do primeiro-ministro franc\u00eas Gabriel Attal.<\/p>\n\n\n\n<p>Em setembro, o partido alem\u00e3o Alternativa para a Alemanha (AfD, na sigla em ingl\u00eas) obteve muitas vit\u00f3rias na elei\u00e7\u00e3o estadual da Tur\u00edngia, a primeira vit\u00f3ria de um partido de extrema-direita na Alemanha desde a Segunda Guerra Mundial. Essas vit\u00f3rias tamb\u00e9m aconteceram na Holanda, na Su\u00e9cia e na B\u00e9lgica.<\/p>\n\n\n\n<p>\u00c0 medida que as for\u00e7as de extrema-direita em ascens\u00e3o procuram cada vez maior influ\u00eancia sobre a formula\u00e7\u00e3o de pol\u00edticas nacionais e da UE, os partidos e coliga\u00e7\u00f5es tradicionais de centro-esquerda e centro-direita tradicionalmente dominantes re\u00fanem as suas estrat\u00e9gias para conter a sua ascens\u00e3o.<\/p>\n\n\n\n<p>A Europa est\u00e1 mostrando uma tend\u00eancia de polariza\u00e7\u00e3o entre esquerda e direita, com partidos centristas sendo espremidos, uma situa\u00e7\u00e3o que fortaleceu ainda mais a fragmenta\u00e7\u00e3o pol\u00edtica e exacerbou os desafios de governan\u00e7a em muitos pa\u00edses.<\/p>\n\n\n\n<figure class=\"wp-block-image\"><img decoding=\"async\" src=\"https:\/\/portuguese.news.cn\/20241003\/7e172c15cbb14668af2c07d7961ac0ec\/202410037e172c15cbb14668af2c07d7961ac0ec_20241003d41e10b00606451397ff39c650832c10.jpeg\" alt=\"\"\/><figcaption>Primeira ministra italiana e l\u00edder do partido populista de extrema direita Irm\u00e3os da It\u00e1lia (FdI), Giorgia Meloni, vota na se\u00e7\u00e3o eleitoral em Roma, It\u00e1lia, no dia 8 de junho de 2024. (Xinhua\/Li Jing)<\/figcaption><\/figure>\n\n\n\n<p>Ding Chun, diretor do Centro de Estudos Europeus da Universidade Fudan, sedeado em Xangai, disse \u00e0 Xinhua que as crescentes for\u00e7as pol\u00edticas de extrema direita eram insuficientes para transformar fundamentalmente o cen\u00e1rio pol\u00edtico geral da UE. Ainda assim, seu surgimento foi pr\u00e9vio e imp\u00f4s restri\u00e7\u00f5es aos partidos tradicionais.<\/p>\n\n\n\n<p>Jin Ling, vice-diretor do Departamento de Estudos Europeus do Instituto Chin\u00eas de Estudos Internacionais, tamb\u00e9m disse \u00e0 Xinhua que, por muito tempo, os principais partidos pol\u00edticos em pa\u00edses europeus adotaram uma estrat\u00e9gia de \u201cfirewall\u201d para afastar as for\u00e7as de extrema direita.<\/p>\n\n\n\n<p>No entanto, \u00e0 medida que a fragmenta\u00e7\u00e3o pol\u00edtica na Europa aumentava, o \u201cfirewall\u201d gradualmente ruiu, acrescentou Jin.<\/p>\n\n\n\n<p><strong>ELEITORES QUEREM MUDAN\u00c7AS<\/strong><\/p>\n\n\n\n<p>Nos \u00faltimos anos, os partidos europeus estabelecidos t\u00eam sido ineficazes em lidar com desafios cr\u00edticos como a economia lenta e a imigra\u00e7\u00e3o crescente, o que levou \u00e0 crescente insatisfa\u00e7\u00e3o p\u00fablica e desconfian\u00e7a nos governos.<\/p>\n\n\n\n<p>Na Holanda, o descontentamento do p\u00fablico tamb\u00e9m tem crescido com a forma como o governo lida com quest\u00f5es como falta de moradia, decl\u00ednio da qualidade do servi\u00e7o p\u00fablico e aumento do custo de vida.<\/p>\n\n\n\n<p>Os candidatos deram uma vit\u00f3ria esmagadora ao Partido da Liberdade de direita nas elei\u00e7\u00f5es gerais de 2023, incorporando seu ressentimento e forte demanda por mudan\u00e7a.<\/p>\n\n\n\n<figure class=\"wp-block-image\"><img decoding=\"async\" src=\"https:\/\/portuguese.news.cn\/20241003\/7e172c15cbb14668af2c07d7961ac0ec\/202410037e172c15cbb14668af2c07d7961ac0ec_20241003e4b3d112fe474b61be70cd9ebc70b40b.jpeg\" alt=\"\"\/><figcaption>Pai e filho em se\u00e7\u00e3o eleitoral em Clichy-La-Garenne, perto de Paris, Fran\u00e7a, no dia 7 de julho de 2024. (Xinhua\/Gao Jing)<\/figcaption><\/figure>\n\n\n\n<p>Wu Huiping, vice-diretor do Centro Alem\u00e3o de Estudos da Universidade de Tongji, disse que a sociedade alem\u00e3 passou por mudan\u00e7as significativas nos \u00faltimos anos, com os cidad\u00e3os expressando insatisfa\u00e7\u00e3o com a infraestrutura dom\u00e9stica, burocracia e competitividade internacional, e desaprovando as a\u00e7\u00f5es do governo. Como resultado, mais eleitores votaram no AfD.<\/p>\n\n\n\n<p>Al\u00e9m disso, a imigra\u00e7\u00e3o teve um efeito consistente nos votos para a extrema direita. Ding disse que, em meio \u00e0 piora da situa\u00e7\u00e3o dos refugiados e da imigra\u00e7\u00e3o, os cidad\u00e3os em muitos pa\u00edses europeus ficaram geralmente decepcionados com as pol\u00edticas de seus governos.<\/p>\n\n\n\n<p>Ent\u00e3o, quando as agendas de campanha dos partidos de extrema direita acomodam as preocupa\u00e7\u00f5es dos deputados, elas se tornam altamente atraentes.<\/p>\n\n\n\n<p><strong>DESAFIO PARA GOVERNAN\u00c7A<\/strong><\/p>\n\n\n\n<p>A crescente presen\u00e7a de partidos de extrema direita desencadeou a fragmenta\u00e7\u00e3o pol\u00edtica em muitos pa\u00edses europeus. \u00c0 medida que o poder pol\u00edtico se torna cada vez mais dividido entre v\u00e1rios partidos, fac\u00e7\u00f5es e grupos de interesse, a aus\u00eancia de uma forte maioria governante se torna consequente.<\/p>\n\n\n\n<figure class=\"wp-block-image\"><img decoding=\"async\" src=\"https:\/\/portuguese.news.cn\/20241003\/7e172c15cbb14668af2c07d7961ac0ec\/202410037e172c15cbb14668af2c07d7961ac0ec_202410032fa91822c7f447f7ba676ce3eb4c06f5.jpeg\" alt=\"\"\/><figcaption>Presidente austr\u00edaco Alexander Van der Bellen (esquerda, frente) caminha at\u00e9 a se\u00e7\u00e3o eleitoral em Viena, \u00c1ustria, no dia 29 de setembro de 2024. (Xinhua\/He Canling)<\/figcaption><\/figure>\n\n\n\n<p>Ap\u00f3s os ganhos da AfD na elei\u00e7\u00e3o regional, Uwe Jun, professor de ci\u00eancia pol\u00edtica na Universidade de Trier, disse ao meio de comunica\u00e7\u00e3o franc\u00eas Les Echos que a crescente fragmenta\u00e7\u00e3o do cen\u00e1rio pol\u00edtico alem\u00e3o complica a forma\u00e7\u00e3o de coaliz\u00f5es, al\u00e9m do seu trabalho.<\/p>\n\n\n\n<p>Ent\u00e3o, fica dif\u00edcil para um governo manter uma linha pol\u00edtica clara, o que cria descontentamento entre os participantes, acrescentou Jun.<\/p>\n\n\n\n<p>O atraso prolongado na nomea\u00e7\u00e3o do novo primeiro-ministro da Fran\u00e7a \u00e9 uma consequ\u00eancia direta de lutas partid\u00e1rias. Ap\u00f3s dois meses veteranos de pechinchas, o pol\u00edtico Michel Barnier foi finalmente nomeado como o novo primeiro-ministro.<\/p>\n\n\n\n<p>No entanto, o observador pol\u00edtico franc\u00eas Clement Guillou alertou que o caminho de Barnier para a governan\u00e7a ser\u00e1 repleto de desafios, pois o seu novo governo enfrentar\u00e1 press\u00e3o dupla da esquerda e da direita na Assembleia Nacional.<\/p>\n\n\n\n<p>De acordo com Zhao Chen, diretor do Escrit\u00f3rio de Pesquisa Europeu de Rela\u00e7\u00f5es Internacionais da Academia Chinesa de Ci\u00eancias Sociais, a fragmenta\u00e7\u00e3o pol\u00edtica da Europa impedir\u00e1 que os governos implementem agendas pol\u00edticas efetivas devido a restri\u00e7\u00f5es de atrito entre v\u00e1rias for\u00e7as pol\u00edticas.<\/p>\n\n\n\n<figure class=\"wp-block-image\"><img decoding=\"async\" src=\"https:\/\/portuguese.news.cn\/20241003\/7e172c15cbb14668af2c07d7961ac0ec\/202410037e172c15cbb14668af2c07d7961ac0ec_2024100395f90ec8e26c4c9f9a311e78ccefa11b.jpeg\" alt=\"\"\/><figcaption>Ursula von der Leyen faz declara\u00e7\u00e3o na sede do Parlamento Europeu em Estrasburgo, Fran\u00e7a, no dia 18 de julho de 2024. O Parlamento Europeu aprovou na quinta-feira a candidatura de von der Leyen para um segundo mandato de cinco anos como presidente da Comiss\u00e3o Europeia . (Xinhua\/Zhao Dingzhe)<\/figcaption><\/figure>\n\n\n\n<p>Al\u00e9m disso, o sucesso de partidos de extrema direita nas elei\u00e7\u00f5es em pa\u00edses europeus importantes est\u00e1 liderando at\u00e9 governos de centro e de esquerda a fortalecer as pol\u00edticas de migra\u00e7\u00e3o, na esperan\u00e7a de reter elei\u00e7\u00f5es.<\/p>\n\n\n\n<p>Florian Trauner, especialista em migra\u00e7\u00e3o da Vrije Universiteit Brussel, disse \u00e0 m\u00eddia local que a posi\u00e7\u00e3o anti-imigra\u00e7\u00e3o que antes era dom\u00ednio exclusivo da extrema direita agora est\u00e1 contaminando partidos de centro-direita e at\u00e9 mesmo partidos de centro-esquerda como os sociais-democratas na Alemanha.<\/p>\n\n\n\n<p>A Alemanha restabeleceu os controles em todas as suas fronteiras terrestres no in\u00edcio deste m\u00eas para conter a imigra\u00e7\u00e3o ilegal e abordar quest\u00f5es de seguran\u00e7a, embora a medida contradiga um dos princ\u00edpios fundamentais da UE.<\/p>\n\n\n\n<p>No entanto, Oliver Lembcke, cientista pol\u00edtico da Universidade de Bochum na Alemanha, alertou que \u201cse n\u00e3o h\u00e1 implementa\u00e7\u00e3o pol\u00edtica, nenhuma mudan\u00e7a \u00e9 real\u201d, os eleitores continuar\u00e3o punindo os partidos tradicionais com os seus votos, apoiando partidos \u201cantissistema\u201d nas elei\u00e7\u00f5es subsequentes, criando assim um \u201cciclo vicioso\u201d.<\/p>\n","protected":false},"excerpt":{"rendered":"<p>Bruxelas &#8211; Os partidos de extrema direita, antes confinados \u00e0 periferia pol\u00edtica, est\u00e3o ganhando terreno em toda a Europa, seja no n\u00edvel da UE ou na pol\u00edtica nacional. O caso mais recente foi na \u00c1ustria. De acordo com os resultados&#8230;<\/p>\n","protected":false},"author":3,"featured_media":23071,"comment_status":"open","ping_status":"open","sticky":false,"template":"","format":"standard","meta":{"footnotes":""},"categories":[4],"tags":[],"class_list":["post-23070","post","type-post","status-publish","format-standard","has-post-thumbnail","hentry","category-internacional"],"yoast_head":"<!-- This site is optimized with the Yoast SEO plugin v27.4 - https:\/\/yoast.com\/product\/yoast-seo-wordpress\/ -->\n<title>Deriva para a direita na Europa alimenta a fragmenta\u00e7\u00e3o pol\u00edtica - Xinhua - Diario de Pernambuco<\/title>\n<meta name=\"robots\" content=\"index, follow, max-snippet:-1, max-image-preview:large, max-video-preview:-1\" \/>\n<link rel=\"canonical\" href=\"https:\/\/diariodepe.com.br\/xinhua\/2024\/10\/03\/deriva-para-a-direita-na-europa-alimenta-a-fragmentacao-politica\/\" \/>\n<meta property=\"og:locale\" content=\"pt_BR\" \/>\n<meta property=\"og:type\" content=\"article\" \/>\n<meta property=\"og:title\" content=\"Deriva para a direita na Europa alimenta a fragmenta\u00e7\u00e3o pol\u00edtica - Xinhua - Diario de Pernambuco\" \/>\n<meta property=\"og:description\" content=\"Bruxelas &#8211; Os partidos de extrema direita, antes confinados \u00e0 periferia pol\u00edtica, est\u00e3o ganhando terreno em toda a Europa, seja no n\u00edvel da UE ou na pol\u00edtica nacional. O caso mais recente foi na \u00c1ustria. De acordo com os resultados...\" \/>\n<meta property=\"og:url\" content=\"https:\/\/diariodepe.com.br\/xinhua\/2024\/10\/03\/deriva-para-a-direita-na-europa-alimenta-a-fragmentacao-politica\/\" \/>\n<meta property=\"og:site_name\" content=\"Xinhua - Diario de Pernambuco\" \/>\n<meta property=\"article:published_time\" content=\"2024-10-03T16:11:00+00:00\" \/>\n<meta property=\"og:image\" content=\"https:\/\/diariodepe.com.br\/xinhua\/wp-content\/uploads\/sites\/3\/2024\/10\/202410037e172c15cbb14668af2c07d7961ac0ec_20241003d437ece22c1b466c9694f7bc1f49f431.jpeg\" \/>\n\t<meta property=\"og:image:width\" content=\"900\" \/>\n\t<meta property=\"og:image:height\" content=\"627\" \/>\n\t<meta property=\"og:image:type\" content=\"image\/jpeg\" \/>\n<meta name=\"author\" content=\"Marcelo Oliveira de A. Maranhao\" \/>\n<meta name=\"twitter:card\" content=\"summary_large_image\" \/>\n<meta name=\"twitter:label1\" content=\"Escrito por\" \/>\n\t<meta name=\"twitter:data1\" content=\"Marcelo Oliveira de A. Maranhao\" \/>\n\t<meta name=\"twitter:label2\" content=\"Est. tempo de leitura\" \/>\n\t<meta name=\"twitter:data2\" content=\"8 minutos\" \/>\n<script type=\"application\/ld+json\" class=\"yoast-schema-graph\">{\"@context\":\"https:\\\/\\\/schema.org\",\"@graph\":[{\"@type\":\"Article\",\"@id\":\"https:\\\/\\\/diariodepe.com.br\\\/xinhua\\\/2024\\\/10\\\/03\\\/deriva-para-a-direita-na-europa-alimenta-a-fragmentacao-politica\\\/#article\",\"isPartOf\":{\"@id\":\"https:\\\/\\\/diariodepe.com.br\\\/xinhua\\\/2024\\\/10\\\/03\\\/deriva-para-a-direita-na-europa-alimenta-a-fragmentacao-politica\\\/\"},\"author\":{\"name\":\"Marcelo Oliveira de A. Maranhao\",\"@id\":\"https:\\\/\\\/diariodepe.com.br\\\/xinhua\\\/#\\\/schema\\\/person\\\/0943d6fd02bdc7b49c8f495e8787a2cb\"},\"headline\":\"Deriva para a direita na Europa alimenta a fragmenta\u00e7\u00e3o pol\u00edtica\",\"datePublished\":\"2024-10-03T16:11:00+00:00\",\"mainEntityOfPage\":{\"@id\":\"https:\\\/\\\/diariodepe.com.br\\\/xinhua\\\/2024\\\/10\\\/03\\\/deriva-para-a-direita-na-europa-alimenta-a-fragmentacao-politica\\\/\"},\"wordCount\":1419,\"commentCount\":0,\"publisher\":{\"@id\":\"https:\\\/\\\/diariodepe.com.br\\\/xinhua\\\/#organization\"},\"image\":{\"@id\":\"https:\\\/\\\/diariodepe.com.br\\\/xinhua\\\/2024\\\/10\\\/03\\\/deriva-para-a-direita-na-europa-alimenta-a-fragmentacao-politica\\\/#primaryimage\"},\"thumbnailUrl\":\"https:\\\/\\\/diariodepe.com.br\\\/xinhua\\\/wp-content\\\/uploads\\\/sites\\\/3\\\/2024\\\/10\\\/202410037e172c15cbb14668af2c07d7961ac0ec_20241003d437ece22c1b466c9694f7bc1f49f431.jpeg\",\"articleSection\":[\"Internacional\"],\"inLanguage\":\"pt-BR\",\"potentialAction\":[{\"@type\":\"CommentAction\",\"name\":\"Comment\",\"target\":[\"https:\\\/\\\/diariodepe.com.br\\\/xinhua\\\/2024\\\/10\\\/03\\\/deriva-para-a-direita-na-europa-alimenta-a-fragmentacao-politica\\\/#respond\"]}]},{\"@type\":\"WebPage\",\"@id\":\"https:\\\/\\\/diariodepe.com.br\\\/xinhua\\\/2024\\\/10\\\/03\\\/deriva-para-a-direita-na-europa-alimenta-a-fragmentacao-politica\\\/\",\"url\":\"https:\\\/\\\/diariodepe.com.br\\\/xinhua\\\/2024\\\/10\\\/03\\\/deriva-para-a-direita-na-europa-alimenta-a-fragmentacao-politica\\\/\",\"name\":\"Deriva para a direita na Europa alimenta a fragmenta\u00e7\u00e3o pol\u00edtica - Xinhua - Diario de Pernambuco\",\"isPartOf\":{\"@id\":\"https:\\\/\\\/diariodepe.com.br\\\/xinhua\\\/#website\"},\"primaryImageOfPage\":{\"@id\":\"https:\\\/\\\/diariodepe.com.br\\\/xinhua\\\/2024\\\/10\\\/03\\\/deriva-para-a-direita-na-europa-alimenta-a-fragmentacao-politica\\\/#primaryimage\"},\"image\":{\"@id\":\"https:\\\/\\\/diariodepe.com.br\\\/xinhua\\\/2024\\\/10\\\/03\\\/deriva-para-a-direita-na-europa-alimenta-a-fragmentacao-politica\\\/#primaryimage\"},\"thumbnailUrl\":\"https:\\\/\\\/diariodepe.com.br\\\/xinhua\\\/wp-content\\\/uploads\\\/sites\\\/3\\\/2024\\\/10\\\/202410037e172c15cbb14668af2c07d7961ac0ec_20241003d437ece22c1b466c9694f7bc1f49f431.jpeg\",\"datePublished\":\"2024-10-03T16:11:00+00:00\",\"breadcrumb\":{\"@id\":\"https:\\\/\\\/diariodepe.com.br\\\/xinhua\\\/2024\\\/10\\\/03\\\/deriva-para-a-direita-na-europa-alimenta-a-fragmentacao-politica\\\/#breadcrumb\"},\"inLanguage\":\"pt-BR\",\"potentialAction\":[{\"@type\":\"ReadAction\",\"target\":[\"https:\\\/\\\/diariodepe.com.br\\\/xinhua\\\/2024\\\/10\\\/03\\\/deriva-para-a-direita-na-europa-alimenta-a-fragmentacao-politica\\\/\"]}]},{\"@type\":\"ImageObject\",\"inLanguage\":\"pt-BR\",\"@id\":\"https:\\\/\\\/diariodepe.com.br\\\/xinhua\\\/2024\\\/10\\\/03\\\/deriva-para-a-direita-na-europa-alimenta-a-fragmentacao-politica\\\/#primaryimage\",\"url\":\"https:\\\/\\\/diariodepe.com.br\\\/xinhua\\\/wp-content\\\/uploads\\\/sites\\\/3\\\/2024\\\/10\\\/202410037e172c15cbb14668af2c07d7961ac0ec_20241003d437ece22c1b466c9694f7bc1f49f431.jpeg\",\"contentUrl\":\"https:\\\/\\\/diariodepe.com.br\\\/xinhua\\\/wp-content\\\/uploads\\\/sites\\\/3\\\/2024\\\/10\\\/202410037e172c15cbb14668af2c07d7961ac0ec_20241003d437ece22c1b466c9694f7bc1f49f431.jpeg\",\"width\":900,\"height\":627,\"caption\":\"(241001) -- BEIJING, Oct. 1, 2024 (Xinhua) -- Leader of Austria's Freedom Party Herbert Kickl (C) celebrates with supporters in Vienna, Austria, Sept. 29, 2024. The first results from Austria's parliamentary election held here on Sept. 29 showed that the far-right Freedom Party is leading the national vote and set to secure its first-ever general election win, according to media reports. (Xinhua\\\/He Canling)\"},{\"@type\":\"BreadcrumbList\",\"@id\":\"https:\\\/\\\/diariodepe.com.br\\\/xinhua\\\/2024\\\/10\\\/03\\\/deriva-para-a-direita-na-europa-alimenta-a-fragmentacao-politica\\\/#breadcrumb\",\"itemListElement\":[{\"@type\":\"ListItem\",\"position\":1,\"name\":\"In\u00edcio\",\"item\":\"https:\\\/\\\/diariodepe.com.br\\\/xinhua\\\/\"},{\"@type\":\"ListItem\",\"position\":2,\"name\":\"Deriva para a direita na Europa alimenta a fragmenta\u00e7\u00e3o pol\u00edtica\"}]},{\"@type\":\"WebSite\",\"@id\":\"https:\\\/\\\/diariodepe.com.br\\\/xinhua\\\/#website\",\"url\":\"https:\\\/\\\/diariodepe.com.br\\\/xinhua\\\/\",\"name\":\"Xinhua - Diario de Pernambuco\",\"description\":\"A maior ag\u00eancia de not\u00edcias da China e um dos principais canais para conhecer o pa\u00eds\",\"publisher\":{\"@id\":\"https:\\\/\\\/diariodepe.com.br\\\/xinhua\\\/#organization\"},\"potentialAction\":[{\"@type\":\"SearchAction\",\"target\":{\"@type\":\"EntryPoint\",\"urlTemplate\":\"https:\\\/\\\/diariodepe.com.br\\\/xinhua\\\/?s={search_term_string}\"},\"query-input\":{\"@type\":\"PropertyValueSpecification\",\"valueRequired\":true,\"valueName\":\"search_term_string\"}}],\"inLanguage\":\"pt-BR\"},{\"@type\":\"Organization\",\"@id\":\"https:\\\/\\\/diariodepe.com.br\\\/xinhua\\\/#organization\",\"name\":\"Xinhua - Diario de Pernambuco\",\"url\":\"https:\\\/\\\/diariodepe.com.br\\\/xinhua\\\/\",\"logo\":{\"@type\":\"ImageObject\",\"inLanguage\":\"pt-BR\",\"@id\":\"https:\\\/\\\/diariodepe.com.br\\\/xinhua\\\/#\\\/schema\\\/logo\\\/image\\\/\",\"url\":\"https:\\\/\\\/diariodepe.com.br\\\/xinhua\\\/wp-content\\\/uploads\\\/sites\\\/3\\\/2020\\\/10\\\/cropped-logo-transparente-2.png\",\"contentUrl\":\"https:\\\/\\\/diariodepe.com.br\\\/xinhua\\\/wp-content\\\/uploads\\\/sites\\\/3\\\/2020\\\/10\\\/cropped-logo-transparente-2.png\",\"width\":512,\"height\":164,\"caption\":\"Xinhua - Diario de Pernambuco\"},\"image\":{\"@id\":\"https:\\\/\\\/diariodepe.com.br\\\/xinhua\\\/#\\\/schema\\\/logo\\\/image\\\/\"}},{\"@type\":\"Person\",\"@id\":\"https:\\\/\\\/diariodepe.com.br\\\/xinhua\\\/#\\\/schema\\\/person\\\/0943d6fd02bdc7b49c8f495e8787a2cb\",\"name\":\"Marcelo Oliveira de A. Maranhao\",\"image\":{\"@type\":\"ImageObject\",\"inLanguage\":\"pt-BR\",\"@id\":\"https:\\\/\\\/secure.gravatar.com\\\/avatar\\\/f562caee940d39879c20e90eea3e4b21860c7d4c96684c23141c554824f0059c?s=96&d=mm&r=g\",\"url\":\"https:\\\/\\\/secure.gravatar.com\\\/avatar\\\/f562caee940d39879c20e90eea3e4b21860c7d4c96684c23141c554824f0059c?s=96&d=mm&r=g\",\"contentUrl\":\"https:\\\/\\\/secure.gravatar.com\\\/avatar\\\/f562caee940d39879c20e90eea3e4b21860c7d4c96684c23141c554824f0059c?s=96&d=mm&r=g\",\"caption\":\"Marcelo Oliveira de A. Maranhao\"},\"url\":\"https:\\\/\\\/diariodepe.com.br\\\/xinhua\\\/author\\\/marcelo-maranhao\\\/\"}]}<\/script>\n<!-- \/ Yoast SEO plugin. -->","yoast_head_json":{"title":"Deriva para a direita na Europa alimenta a fragmenta\u00e7\u00e3o pol\u00edtica - Xinhua - Diario de Pernambuco","robots":{"index":"index","follow":"follow","max-snippet":"max-snippet:-1","max-image-preview":"max-image-preview:large","max-video-preview":"max-video-preview:-1"},"canonical":"https:\/\/diariodepe.com.br\/xinhua\/2024\/10\/03\/deriva-para-a-direita-na-europa-alimenta-a-fragmentacao-politica\/","og_locale":"pt_BR","og_type":"article","og_title":"Deriva para a direita na Europa alimenta a fragmenta\u00e7\u00e3o pol\u00edtica - Xinhua - Diario de Pernambuco","og_description":"Bruxelas &#8211; Os partidos de extrema direita, antes confinados \u00e0 periferia pol\u00edtica, est\u00e3o ganhando terreno em toda a Europa, seja no n\u00edvel da UE ou na pol\u00edtica nacional. O caso mais recente foi na \u00c1ustria. De acordo com os resultados...","og_url":"https:\/\/diariodepe.com.br\/xinhua\/2024\/10\/03\/deriva-para-a-direita-na-europa-alimenta-a-fragmentacao-politica\/","og_site_name":"Xinhua - Diario de Pernambuco","article_published_time":"2024-10-03T16:11:00+00:00","og_image":[{"width":900,"height":627,"url":"https:\/\/diariodepe.com.br\/xinhua\/wp-content\/uploads\/sites\/3\/2024\/10\/202410037e172c15cbb14668af2c07d7961ac0ec_20241003d437ece22c1b466c9694f7bc1f49f431.jpeg","type":"image\/jpeg"}],"author":"Marcelo Oliveira de A. Maranhao","twitter_card":"summary_large_image","twitter_misc":{"Escrito por":"Marcelo Oliveira de A. Maranhao","Est. tempo de leitura":"8 minutos"},"schema":{"@context":"https:\/\/schema.org","@graph":[{"@type":"Article","@id":"https:\/\/diariodepe.com.br\/xinhua\/2024\/10\/03\/deriva-para-a-direita-na-europa-alimenta-a-fragmentacao-politica\/#article","isPartOf":{"@id":"https:\/\/diariodepe.com.br\/xinhua\/2024\/10\/03\/deriva-para-a-direita-na-europa-alimenta-a-fragmentacao-politica\/"},"author":{"name":"Marcelo Oliveira de A. Maranhao","@id":"https:\/\/diariodepe.com.br\/xinhua\/#\/schema\/person\/0943d6fd02bdc7b49c8f495e8787a2cb"},"headline":"Deriva para a direita na Europa alimenta a fragmenta\u00e7\u00e3o pol\u00edtica","datePublished":"2024-10-03T16:11:00+00:00","mainEntityOfPage":{"@id":"https:\/\/diariodepe.com.br\/xinhua\/2024\/10\/03\/deriva-para-a-direita-na-europa-alimenta-a-fragmentacao-politica\/"},"wordCount":1419,"commentCount":0,"publisher":{"@id":"https:\/\/diariodepe.com.br\/xinhua\/#organization"},"image":{"@id":"https:\/\/diariodepe.com.br\/xinhua\/2024\/10\/03\/deriva-para-a-direita-na-europa-alimenta-a-fragmentacao-politica\/#primaryimage"},"thumbnailUrl":"https:\/\/diariodepe.com.br\/xinhua\/wp-content\/uploads\/sites\/3\/2024\/10\/202410037e172c15cbb14668af2c07d7961ac0ec_20241003d437ece22c1b466c9694f7bc1f49f431.jpeg","articleSection":["Internacional"],"inLanguage":"pt-BR","potentialAction":[{"@type":"CommentAction","name":"Comment","target":["https:\/\/diariodepe.com.br\/xinhua\/2024\/10\/03\/deriva-para-a-direita-na-europa-alimenta-a-fragmentacao-politica\/#respond"]}]},{"@type":"WebPage","@id":"https:\/\/diariodepe.com.br\/xinhua\/2024\/10\/03\/deriva-para-a-direita-na-europa-alimenta-a-fragmentacao-politica\/","url":"https:\/\/diariodepe.com.br\/xinhua\/2024\/10\/03\/deriva-para-a-direita-na-europa-alimenta-a-fragmentacao-politica\/","name":"Deriva para a direita na Europa alimenta a fragmenta\u00e7\u00e3o pol\u00edtica - Xinhua - Diario de Pernambuco","isPartOf":{"@id":"https:\/\/diariodepe.com.br\/xinhua\/#website"},"primaryImageOfPage":{"@id":"https:\/\/diariodepe.com.br\/xinhua\/2024\/10\/03\/deriva-para-a-direita-na-europa-alimenta-a-fragmentacao-politica\/#primaryimage"},"image":{"@id":"https:\/\/diariodepe.com.br\/xinhua\/2024\/10\/03\/deriva-para-a-direita-na-europa-alimenta-a-fragmentacao-politica\/#primaryimage"},"thumbnailUrl":"https:\/\/diariodepe.com.br\/xinhua\/wp-content\/uploads\/sites\/3\/2024\/10\/202410037e172c15cbb14668af2c07d7961ac0ec_20241003d437ece22c1b466c9694f7bc1f49f431.jpeg","datePublished":"2024-10-03T16:11:00+00:00","breadcrumb":{"@id":"https:\/\/diariodepe.com.br\/xinhua\/2024\/10\/03\/deriva-para-a-direita-na-europa-alimenta-a-fragmentacao-politica\/#breadcrumb"},"inLanguage":"pt-BR","potentialAction":[{"@type":"ReadAction","target":["https:\/\/diariodepe.com.br\/xinhua\/2024\/10\/03\/deriva-para-a-direita-na-europa-alimenta-a-fragmentacao-politica\/"]}]},{"@type":"ImageObject","inLanguage":"pt-BR","@id":"https:\/\/diariodepe.com.br\/xinhua\/2024\/10\/03\/deriva-para-a-direita-na-europa-alimenta-a-fragmentacao-politica\/#primaryimage","url":"https:\/\/diariodepe.com.br\/xinhua\/wp-content\/uploads\/sites\/3\/2024\/10\/202410037e172c15cbb14668af2c07d7961ac0ec_20241003d437ece22c1b466c9694f7bc1f49f431.jpeg","contentUrl":"https:\/\/diariodepe.com.br\/xinhua\/wp-content\/uploads\/sites\/3\/2024\/10\/202410037e172c15cbb14668af2c07d7961ac0ec_20241003d437ece22c1b466c9694f7bc1f49f431.jpeg","width":900,"height":627,"caption":"(241001) -- BEIJING, Oct. 1, 2024 (Xinhua) -- Leader of Austria's Freedom Party Herbert Kickl (C) celebrates with supporters in Vienna, Austria, Sept. 29, 2024. The first results from Austria's parliamentary election held here on Sept. 29 showed that the far-right Freedom Party is leading the national vote and set to secure its first-ever general election win, according to media reports. (Xinhua\/He Canling)"},{"@type":"BreadcrumbList","@id":"https:\/\/diariodepe.com.br\/xinhua\/2024\/10\/03\/deriva-para-a-direita-na-europa-alimenta-a-fragmentacao-politica\/#breadcrumb","itemListElement":[{"@type":"ListItem","position":1,"name":"In\u00edcio","item":"https:\/\/diariodepe.com.br\/xinhua\/"},{"@type":"ListItem","position":2,"name":"Deriva para a direita na Europa alimenta a fragmenta\u00e7\u00e3o pol\u00edtica"}]},{"@type":"WebSite","@id":"https:\/\/diariodepe.com.br\/xinhua\/#website","url":"https:\/\/diariodepe.com.br\/xinhua\/","name":"Xinhua - Diario de Pernambuco","description":"A maior ag\u00eancia de not\u00edcias da China e um dos principais canais para conhecer o pa\u00eds","publisher":{"@id":"https:\/\/diariodepe.com.br\/xinhua\/#organization"},"potentialAction":[{"@type":"SearchAction","target":{"@type":"EntryPoint","urlTemplate":"https:\/\/diariodepe.com.br\/xinhua\/?s={search_term_string}"},"query-input":{"@type":"PropertyValueSpecification","valueRequired":true,"valueName":"search_term_string"}}],"inLanguage":"pt-BR"},{"@type":"Organization","@id":"https:\/\/diariodepe.com.br\/xinhua\/#organization","name":"Xinhua - Diario de Pernambuco","url":"https:\/\/diariodepe.com.br\/xinhua\/","logo":{"@type":"ImageObject","inLanguage":"pt-BR","@id":"https:\/\/diariodepe.com.br\/xinhua\/#\/schema\/logo\/image\/","url":"https:\/\/diariodepe.com.br\/xinhua\/wp-content\/uploads\/sites\/3\/2020\/10\/cropped-logo-transparente-2.png","contentUrl":"https:\/\/diariodepe.com.br\/xinhua\/wp-content\/uploads\/sites\/3\/2020\/10\/cropped-logo-transparente-2.png","width":512,"height":164,"caption":"Xinhua - Diario de Pernambuco"},"image":{"@id":"https:\/\/diariodepe.com.br\/xinhua\/#\/schema\/logo\/image\/"}},{"@type":"Person","@id":"https:\/\/diariodepe.com.br\/xinhua\/#\/schema\/person\/0943d6fd02bdc7b49c8f495e8787a2cb","name":"Marcelo Oliveira de A. Maranhao","image":{"@type":"ImageObject","inLanguage":"pt-BR","@id":"https:\/\/secure.gravatar.com\/avatar\/f562caee940d39879c20e90eea3e4b21860c7d4c96684c23141c554824f0059c?s=96&d=mm&r=g","url":"https:\/\/secure.gravatar.com\/avatar\/f562caee940d39879c20e90eea3e4b21860c7d4c96684c23141c554824f0059c?s=96&d=mm&r=g","contentUrl":"https:\/\/secure.gravatar.com\/avatar\/f562caee940d39879c20e90eea3e4b21860c7d4c96684c23141c554824f0059c?s=96&d=mm&r=g","caption":"Marcelo Oliveira de A. Maranhao"},"url":"https:\/\/diariodepe.com.br\/xinhua\/author\/marcelo-maranhao\/"}]}},"cc_featured_image_caption":{"caption_text":"","source_text":"","source_url":""},"amp_enabled":true,"_links":{"self":[{"href":"https:\/\/diariodepe.com.br\/xinhua\/wp-json\/wp\/v2\/posts\/23070","targetHints":{"allow":["GET"]}}],"collection":[{"href":"https:\/\/diariodepe.com.br\/xinhua\/wp-json\/wp\/v2\/posts"}],"about":[{"href":"https:\/\/diariodepe.com.br\/xinhua\/wp-json\/wp\/v2\/types\/post"}],"author":[{"embeddable":true,"href":"https:\/\/diariodepe.com.br\/xinhua\/wp-json\/wp\/v2\/users\/3"}],"replies":[{"embeddable":true,"href":"https:\/\/diariodepe.com.br\/xinhua\/wp-json\/wp\/v2\/comments?post=23070"}],"version-history":[{"count":1,"href":"https:\/\/diariodepe.com.br\/xinhua\/wp-json\/wp\/v2\/posts\/23070\/revisions"}],"predecessor-version":[{"id":23072,"href":"https:\/\/diariodepe.com.br\/xinhua\/wp-json\/wp\/v2\/posts\/23070\/revisions\/23072"}],"wp:featuredmedia":[{"embeddable":true,"href":"https:\/\/diariodepe.com.br\/xinhua\/wp-json\/wp\/v2\/media\/23071"}],"wp:attachment":[{"href":"https:\/\/diariodepe.com.br\/xinhua\/wp-json\/wp\/v2\/media?parent=23070"}],"wp:term":[{"taxonomy":"category","embeddable":true,"href":"https:\/\/diariodepe.com.br\/xinhua\/wp-json\/wp\/v2\/categories?post=23070"},{"taxonomy":"post_tag","embeddable":true,"href":"https:\/\/diariodepe.com.br\/xinhua\/wp-json\/wp\/v2\/tags?post=23070"}],"curies":[{"name":"wp","href":"https:\/\/api.w.org\/{rel}","templated":true}]}}